{"id":1498128,"date":"2025-07-30T13:35:11","date_gmt":"2025-07-30T11:35:11","guid":{"rendered":"https:\/\/theplayoffs.news\/fr\/uncategorized\/\/"},"modified":"2025-07-30T13:35:16","modified_gmt":"2025-07-30T11:35:16","slug":"audi-annonce-son-sponsor-titre-avant-son-arrivee-en-f1","status":"publish","type":"post","link":"https:\/\/theplayoffs.news\/fr\/formule-1\/audi-annonce-son-sponsor-titre-avant-son-arrivee-en-f1\/","title":{"rendered":"Audi annonce son sponsor titre avant son arriv\u00e9e en F1"},"content":{"rendered":"<p>A quelques mois de la saison 2026 de Formule 1, d&eacute;butant officiellement au nouvel an, la nouvelle &eacute;curie Audi annonce un sponsor titre majeur. L&rsquo;&eacute;curie allemande annonce que Revolut, soci&eacute;t&eacute; de technologie financi&egrave;re, serait le sponsor titre pour l&rsquo;ann&eacute;e 2026. <\/p><p>Alors que l&rsquo;&eacute;curie Kick Sauber conna&icirc;t sa meilleure p&eacute;riode depuis plusieurs d&eacute;cennies, avec notamment un podium d&eacute;croch&eacute; par Nico H&uuml;lkenberg &agrave; Silverstone, l&rsquo;&eacute;curie bas&eacute;e &agrave; Hinwil en Suisse ne peut s&rsquo;emp&ecirc;cher de penser &agrave; l&rsquo;avenir avec Audi. Pour cela, la soci&eacute;t&eacute; Revolut sera le partenaire principal de l&rsquo;&eacute;curie allemande, et ce sur le long terme, selon Antoine Le Nel, directeur de la croissance de la soci&eacute;t&eacute;.<\/p><blockquote class=\"wp-block-quote is-layout-flow wp-block-quote-is-layout-flow\">\n<p>&laquo; Avec Revolut, nous avons trouv&eacute; un partenaire qui partage notre philosophie fondamentale d&rsquo;innovation et d&rsquo;ambition sans faille &raquo;, a <a href=\"https:\/\/www.audi-mediacenter.com\/en\/press-releases\/revolut-becomes-title-partner-of-the-future-audi-f1-team-16752\" class=\"trk-cta-link\" data-cta-trk='{\"ctaType\":\"Link\",\"ctaSubType\":\"main\"}'>d&eacute;clar&eacute; Jonathan Wheatley<\/a>, patron d&rsquo;Audi F1. &laquo; Il s&rsquo;agit plus que d&rsquo;une simple ad&eacute;quation entre deux marques, c&rsquo;est une alliance strat&eacute;gique, con&ccedil;ue pour remettre en question les conventions dans le domaine du sport automobile. &Agrave; partir de 2026, les solutions num&eacute;riques de Revolut seront au c&oelig;ur de nos activit&eacute;s cl&eacute;s, tout en red&eacute;finissant la mani&egrave;re dont les fans et les communaut&eacute;s interagissent avec notre &eacute;quipe, offrant ainsi une exp&eacute;rience fluide et captivante sur et en dehors des circuits. &raquo;<\/p>\n<\/blockquote><p>Apr&egrave;s la r&eacute;cente forme de Sauber, les sourires commencent &agrave; appara&icirc;tre du c&ocirc;t&eacute; de la future &eacute;curie allemande. Pour rappel, Kick Sauber n&rsquo;avait marqu&eacute; que quatre points lors de la saison 2024, contre 43 cette ann&eacute;e &agrave; l&rsquo;approche de la tr&ecirc;ve estivale.<\/p><blockquote class=\"wp-block-quote is-layout-flow wp-block-quote-is-layout-flow\">\n<p>&laquo; Un beau momentum se construit &raquo;, a ajout&eacute; Wheatley. &laquo; Les gens commencent &agrave; croire en ce projet en interne. Ils r&eacute;alisent que les choses dont Mattia et moi leur parlons sont en train de devenir r&eacute;alit&eacute;. Maintenant, il s&rsquo;agit de conserver cette dynamique, de respecter les d&eacute;lais et de comprendre o&ugrave; nous en sommes. &raquo;<\/p>\n<\/blockquote><div class=\"related-slider related-slider--loading\">\n    <div class=\"related-slider__header\">\n        <div class=\"related-slider__header__title\">Vous aimerez aussi<\/div>\n        <div class=\"related-slider__header__buttons\">\n            <div class=\"swiper-button-prev\"><\/div>\n            <div class=\"swiper-button-next\"><\/div>\n        <\/div>\n    <\/div>\n    <div class=\"swiper-container\">\n        <div class=\"swiper-wrapper\">\n                            <div class=\"swiper-slide\">\n                    <a class=\"related-slider-card  trk-cta-img\" href=\"https:\/\/theplayoffs.news\/fr\/formule-1\/podcast-f1-preview-grand-prix-des-pays-bas\/\" title=\"Podcast F1 &ndash; Preview Grand Prix des Pays-Bas\" data-cta-trk='{\"ctaType\":\"Image\",\"ctaSubType\":\"main\"}'>\n    <div class=\"related-slider-card__image\">\n        <img loading=\"lazy\" decoding=\"async\" width=\"600\" height=\"600\" src=\"https:\/\/theplayoffs.news\/fr\/wp-content\/uploads\/2025\/08\/98b9da7db15e013167afa91fae41d8514341f23c0ad8b8d8a8ea53eec27d0955-600x600-2.jpg\" class=\"attachment-medium size-medium wp-post-image\" alt=\"Warm Up F1\" srcset=\"https:\/\/theplayoffs.news\/fr\/wp-content\/uploads\/2025\/08\/98b9da7db15e013167afa91fae41d8514341f23c0ad8b8d8a8ea53eec27d0955-600x600-2.jpg 600w, https:\/\/theplayoffs.news\/fr\/wp-content\/uploads\/2025\/08\/98b9da7db15e013167afa91fae41d8514341f23c0ad8b8d8a8ea53eec27d0955-600x600-2-150x150.jpg 150w\" sizes=\"auto, (max-width: 600px) 100vw, 600px\">\n                            <\/div>\n    <div class=\"related-slider-card__content\">\n        <div class=\"related-slider-card__content__tags\">\n                            <div class=\"related-slider-card__content__tags__category\">\n                    Formule 1\n                <\/div>\n                        <div class=\"related-slider-card__content__tags__date\" data-dynamic-date=\"2025-08-28T17:31:16+02:00\">\n                28 ao&ucirc;t 2025\n            <\/div>\n        <\/div>\n        <div class=\"related-slider-card__content__title\">\n            Podcast F1 &ndash; Preview Grand Prix des Pays-Bas\n        <\/div>\n                    <div class=\"related-slider-card__content__read-more\">\n                Voir plus\n                <i>\n                    <svg width=\"17\" height=\"15\" viewbox=\"0 0 17 15\" fill=\"none\" xmlns=\"http:\/\/www.w3.org\/2000\/svg\">\n<path d=\"M1 6.5C0.447715 6.5 0 6.94772 0 7.5C0 8.05228 0.447715 8.5 1 8.5V6.5ZM16.7071 8.20711C17.0976 7.81658 17.0976 7.18342 16.7071 6.79289L10.3431 0.428932C9.95262 0.0384078 9.31946 0.0384078 8.92893 0.428932C8.53841 0.819457 8.53841 1.45262 8.92893 1.84315L14.5858 7.5L8.92893 13.1569C8.53841 13.5474 8.53841 14.1805 8.92893 14.5711C9.31946 14.9616 9.95262 14.9616 10.3431 14.5711L16.7071 8.20711ZM1 7.5V8.5H8.5V7.5V6.5H1V7.5ZM8.5 7.5V8.5H16V7.5V6.5H8.5V7.5Z\" fill=\"white\"><\/path>\n<\/svg>\n\n                <\/i>\n            <\/div>\n            <\/div>\n<\/a>\n\n                <\/div>\n                            <div class=\"swiper-slide\">\n                    <a class=\"related-slider-card  trk-cta-img\" href=\"https:\/\/theplayoffs.news\/fr\/formule-1\/cadillac-annonce-ses-deux-pilotes-pour-la-saison-2026\/\" title=\"Cadillac annonce ses deux pilotes pour la saison 2026\" data-cta-trk='{\"ctaType\":\"Image\",\"ctaSubType\":\"main\"}'>\n    <div class=\"related-slider-card__image\">\n        <img loading=\"lazy\" decoding=\"async\" width=\"600\" height=\"750\" src=\"https:\/\/theplayoffs.news\/fr\/wp-content\/uploads\/2025\/08\/Cad-F1-600x750.jpg\" class=\"attachment-medium size-medium wp-post-image\" alt=\"Cadillac\" srcset=\"https:\/\/theplayoffs.news\/fr\/wp-content\/uploads\/2025\/08\/Cad-F1-600x750.jpg 600w, https:\/\/theplayoffs.news\/fr\/wp-content\/uploads\/2025\/08\/Cad-F1-1200x1500.jpg 1200w, https:\/\/theplayoffs.news\/fr\/wp-content\/uploads\/2025\/08\/Cad-F1-768x960.jpg 768w, https:\/\/theplayoffs.news\/fr\/wp-content\/uploads\/2025\/08\/Cad-F1-1229x1536.jpg 1229w, https:\/\/theplayoffs.news\/fr\/wp-content\/uploads\/2025\/08\/Cad-F1-1320x1650.jpg 1320w, https:\/\/theplayoffs.news\/fr\/wp-content\/uploads\/2025\/08\/Cad-F1.jpg 1536w\" sizes=\"auto, (max-width: 600px) 100vw, 600px\">\n                            <\/div>\n    <div class=\"related-slider-card__content\">\n        <div class=\"related-slider-card__content__tags\">\n                            <div class=\"related-slider-card__content__tags__category\">\n                    Formule 1\n                <\/div>\n                        <div class=\"related-slider-card__content__tags__date\" data-dynamic-date=\"2025-08-26T17:25:13+02:00\">\n                26 ao&ucirc;t 2025\n            <\/div>\n        <\/div>\n        <div class=\"related-slider-card__content__title\">\n            Cadillac annonce ses deux pilotes pour la saison 2026\n        <\/div>\n                    <div class=\"related-slider-card__content__read-more\">\n                Voir plus\n                <i>\n                    <svg width=\"17\" height=\"15\" viewbox=\"0 0 17 15\" fill=\"none\" xmlns=\"http:\/\/www.w3.org\/2000\/svg\">\n<path d=\"M1 6.5C0.447715 6.5 0 6.94772 0 7.5C0 8.05228 0.447715 8.5 1 8.5V6.5ZM16.7071 8.20711C17.0976 7.81658 17.0976 7.18342 16.7071 6.79289L10.3431 0.428932C9.95262 0.0384078 9.31946 0.0384078 8.92893 0.428932C8.53841 0.819457 8.53841 1.45262 8.92893 1.84315L14.5858 7.5L8.92893 13.1569C8.53841 13.5474 8.53841 14.1805 8.92893 14.5711C9.31946 14.9616 9.95262 14.9616 10.3431 14.5711L16.7071 8.20711ZM1 7.5V8.5H8.5V7.5V6.5H1V7.5ZM8.5 7.5V8.5H16V7.5V6.5H8.5V7.5Z\" fill=\"white\"><\/path>\n<\/svg>\n\n                <\/i>\n            <\/div>\n            <\/div>\n<\/a>\n\n                <\/div>\n                            <div class=\"swiper-slide\">\n                    <a class=\"related-slider-card  trk-cta-img\" href=\"https:\/\/theplayoffs.news\/fr\/formule-1\/max-verstappen-confirme-piloter-pour-red-bull-en-2026\/\" title=\"Max Verstappen confirme piloter pour Red Bull en 2026\" data-cta-trk='{\"ctaType\":\"Image\",\"ctaSubType\":\"main\"}'>\n    <div class=\"related-slider-card__image\">\n        <img loading=\"lazy\" decoding=\"async\" width=\"600\" height=\"417\" src=\"https:\/\/theplayoffs.news\/fr\/wp-content\/uploads\/2025\/07\/USATSI_24533992-600x417.jpg\" class=\"attachment-medium size-medium wp-post-image\" alt=\"Max Verstappen\" srcset=\"https:\/\/theplayoffs.news\/fr\/wp-content\/uploads\/2025\/07\/USATSI_24533992-600x417.jpg 600w, https:\/\/theplayoffs.news\/fr\/wp-content\/uploads\/2025\/07\/USATSI_24533992-1200x833.jpg 1200w, https:\/\/theplayoffs.news\/fr\/wp-content\/uploads\/2025\/07\/USATSI_24533992-768x533.jpg 768w, https:\/\/theplayoffs.news\/fr\/wp-content\/uploads\/2025\/07\/USATSI_24533992-1536x1066.jpg 1536w, https:\/\/theplayoffs.news\/fr\/wp-content\/uploads\/2025\/07\/USATSI_24533992-1320x916.jpg 1320w, https:\/\/theplayoffs.news\/fr\/wp-content\/uploads\/2025\/07\/USATSI_24533992.jpg 1920w\" sizes=\"auto, (max-width: 600px) 100vw, 600px\">\n                            <\/div>\n    <div class=\"related-slider-card__content\">\n        <div class=\"related-slider-card__content__tags\">\n                            <div class=\"related-slider-card__content__tags__category\">\n                    Formule 1\n                <\/div>\n                        <div class=\"related-slider-card__content__tags__date\" data-dynamic-date=\"2025-07-31T19:00:43+02:00\">\n                31 juillet 2025\n            <\/div>\n        <\/div>\n        <div class=\"related-slider-card__content__title\">\n            Max Verstappen confirme piloter pour Red Bull en 2026\n        <\/div>\n                    <div class=\"related-slider-card__content__read-more\">\n                Voir plus\n                <i>\n                    <svg width=\"17\" height=\"15\" viewbox=\"0 0 17 15\" fill=\"none\" xmlns=\"http:\/\/www.w3.org\/2000\/svg\">\n<path d=\"M1 6.5C0.447715 6.5 0 6.94772 0 7.5C0 8.05228 0.447715 8.5 1 8.5V6.5ZM16.7071 8.20711C17.0976 7.81658 17.0976 7.18342 16.7071 6.79289L10.3431 0.428932C9.95262 0.0384078 9.31946 0.0384078 8.92893 0.428932C8.53841 0.819457 8.53841 1.45262 8.92893 1.84315L14.5858 7.5L8.92893 13.1569C8.53841 13.5474 8.53841 14.1805 8.92893 14.5711C9.31946 14.9616 9.95262 14.9616 10.3431 14.5711L16.7071 8.20711ZM1 7.5V8.5H8.5V7.5V6.5H1V7.5ZM8.5 7.5V8.5H16V7.5V6.5H8.5V7.5Z\" fill=\"white\"><\/path>\n<\/svg>\n\n                <\/i>\n            <\/div>\n            <\/div>\n<\/a>\n\n                <\/div>\n                            <div class=\"swiper-slide\">\n                    <a class=\"related-slider-card  trk-cta-img\" href=\"https:\/\/theplayoffs.news\/fr\/formule-1\/podcast-f1-le-grand-prix-de-hongrie\/\" title=\"Podcast F1 &ndash; Le Grand Prix de Hongrie\" data-cta-trk='{\"ctaType\":\"Image\",\"ctaSubType\":\"main\"}'>\n    <div class=\"related-slider-card__image\">\n        <img loading=\"lazy\" decoding=\"async\" width=\"600\" height=\"600\" src=\"https:\/\/theplayoffs.news\/fr\/wp-content\/uploads\/2025\/07\/98b9da7db15e013167afa91fae41d8514341f23c0ad8b8d8a8ea53eec27d0955-600x600-1.jpg\" class=\"attachment-medium size-medium wp-post-image\" alt=\"PODCAST F1\" srcset=\"https:\/\/theplayoffs.news\/fr\/wp-content\/uploads\/2025\/07\/98b9da7db15e013167afa91fae41d8514341f23c0ad8b8d8a8ea53eec27d0955-600x600-1.jpg 600w, https:\/\/theplayoffs.news\/fr\/wp-content\/uploads\/2025\/07\/98b9da7db15e013167afa91fae41d8514341f23c0ad8b8d8a8ea53eec27d0955-600x600-1-150x150.jpg 150w\" sizes=\"auto, (max-width: 600px) 100vw, 600px\">\n                            <\/div>\n    <div class=\"related-slider-card__content\">\n        <div class=\"related-slider-card__content__tags\">\n                            <div class=\"related-slider-card__content__tags__category\">\n                    Formule 1\n                <\/div>\n                        <div class=\"related-slider-card__content__tags__date\" data-dynamic-date=\"2025-07-31T16:15:19+02:00\">\n                31 juillet 2025\n            <\/div>\n        <\/div>\n        <div class=\"related-slider-card__content__title\">\n            Podcast F1 &ndash; Le Grand Prix de Hongrie\n        <\/div>\n                    <div class=\"related-slider-card__content__read-more\">\n                Voir plus\n                <i>\n                    <svg width=\"17\" height=\"15\" viewbox=\"0 0 17 15\" fill=\"none\" xmlns=\"http:\/\/www.w3.org\/2000\/svg\">\n<path d=\"M1 6.5C0.447715 6.5 0 6.94772 0 7.5C0 8.05228 0.447715 8.5 1 8.5V6.5ZM16.7071 8.20711C17.0976 7.81658 17.0976 7.18342 16.7071 6.79289L10.3431 0.428932C9.95262 0.0384078 9.31946 0.0384078 8.92893 0.428932C8.53841 0.819457 8.53841 1.45262 8.92893 1.84315L14.5858 7.5L8.92893 13.1569C8.53841 13.5474 8.53841 14.1805 8.92893 14.5711C9.31946 14.9616 9.95262 14.9616 10.3431 14.5711L16.7071 8.20711ZM1 7.5V8.5H8.5V7.5V6.5H1V7.5ZM8.5 7.5V8.5H16V7.5V6.5H8.5V7.5Z\" fill=\"white\"><\/path>\n<\/svg>\n\n                <\/i>\n            <\/div>\n            <\/div>\n<\/a>\n\n                <\/div>\n                    <\/div>\n    <\/div>\n<\/div><p>L&rsquo;<a href=\"https:\/\/theplayoffs.news\/fr\/formule-1\/jonathan-wheatley-devient-le-team-principal-de-kick-sauber\/\" class=\"trk-cta-link\" data-cta-trk='{\"ctaType\":\"Link\",\"ctaSubType\":\"main\"}'>ancien de Red Bull<\/a> ne cache pas son optimisme concernant la suite de la saison ainsi que les implications que cela va avoir sur le projet Audi de 2026.<\/p><blockquote class=\"wp-block-quote is-layout-flow wp-block-quote-is-layout-flow\">\n<p>&laquo; Il n&rsquo;y a pas grand-chose qu&rsquo;on puisse mesurer de l&rsquo;ext&eacute;rieur &raquo;, ajoute Wheatley. &laquo; On n&rsquo;a pas l&acirc;ch&eacute; pour 2025. La voiture s&rsquo;est constamment am&eacute;lior&eacute;e et nous sommes bien dans l&rsquo;ex&eacute;cution de nos courses, donc que devons-nous faire ? Continuer &agrave; construire l&agrave;-dessus. &raquo;<\/p>\n<\/blockquote><p>Cependant, l&rsquo;ann&eacute;e 2026 marquera une nouvelle &egrave;re dans l&rsquo;histoire de la Formule 1 avec l&rsquo;arriv&eacute;e d&rsquo;une toute nouvelle r&eacute;glementation. Les monoplaces changeront radicalement au niveau du moteur et du ch&acirc;ssis, chose qui peut totalement bouleverser la hi&eacute;rarchie actuelle. <\/p><blockquote class=\"wp-block-quote is-layout-flow wp-block-quote-is-layout-flow\">\n<p>&laquo; Ce sera l&rsquo;hiver le plus compliqu&eacute; de l&rsquo;histoire de la F1 &raquo;, conclut Wheatley. &laquo; Avec une nouvelle voiture, une nouvelle &eacute;quipe et des essais qui commenceront tr&egrave;s t&ocirc;t, d&egrave;s janvier, alors qu&rsquo;on aura termin&eacute; les derniers essais de 2025 en d&eacute;cembre &agrave; Abou Dhabi. Tout le monde sera mis &agrave; rude &eacute;preuve. Nous devons &ecirc;tre pr&ecirc;ts et anticiper tout cela, tout en conservant la dynamique actuelle et en veillant &agrave; bien communiquer en interne. &raquo;<\/p>\n<\/blockquote><p>Avec une premi&egrave;re vague de tests d&egrave;s la fin du mois de janvier, l&rsquo;hiver sera court, non seulement pour Audi mais pour les 10 autres &eacute;curies prenant part au championnat du monde de Formule 1.<\/p>\n","protected":false},"excerpt":{"rendered":"<p>A quelques mois de son entr\u00e9e en Formule 1, l&rsquo;\u00e9curie Audi d\u00e9voile son sponsor titre pour la saison 2026<\/p>\n","protected":false},"author":180310178,"featured_media":1498129,"comment_status":"closed","ping_status":"closed","sticky":false,"template":"","format":"standard","meta":{"inline_featured_image":false,"kia_subtitle":"A quelques mois de son entr\u00e9e en Formule 1, l'\u00e9curie Audi d\u00e9voile son sponsor titre pour la saison 2026","_mux_skip_reasons":[],"proofreadBy":0,"footnotes":""},"categories":[8091,8408],"tags":[8169,8093,6556],"sport":[],"saison":[],"class_list":["post-1498128","post","type-post","status-publish","format-standard","has-post-thumbnail","hentry","category-formule-1","category-sports","tag-audi","tag-f1","tag-formule-1"],"acf":[],"yoast_head":"<!-- This site is optimized with the Yoast SEO plugin v24.2 - https:\/\/yoast.com\/wordpress\/plugins\/seo\/ -->\n<title>Audi annonce son sponsor titre avant son arriv&eacute;e en F1 - The Playoffs FR<\/title>\n<meta name=\"description\" content=\"A quelques mois de son entr&eacute;e en Formule 1, l&#039;&eacute;curie Audi d&eacute;voile son sponsor titre pour la saison 2026\" \/>\n<meta name=\"robots\" content=\"index, follow, max-snippet:-1, max-image-preview:large, max-video-preview:-1\" \/>\n<link rel=\"canonical\" href=\"https:\/\/theplayoffs.news\/fr\/formule-1\/audi-annonce-son-sponsor-titre-avant-son-arrivee-en-f1\/\" \/>\n<meta property=\"og:locale\" content=\"fr_FR\" \/>\n<meta property=\"og:type\" content=\"article\" \/>\n<meta property=\"og:title\" content=\"Audi annonce son sponsor titre avant son arriv&eacute;e en F1 - The Playoffs FR\" \/>\n<meta property=\"og:description\" content=\"A quelques mois de son entr&eacute;e en Formule 1, l&#039;&eacute;curie Audi d&eacute;voile son sponsor titre pour la saison 2026\" \/>\n<meta property=\"og:url\" content=\"https:\/\/theplayoffs.news\/fr\/formule-1\/audi-annonce-son-sponsor-titre-avant-son-arrivee-en-f1\/\" \/>\n<meta property=\"og:site_name\" content=\"The Playoffs FR\" \/>\n<meta property=\"article:publisher\" content=\"https:\/\/www.facebook.com\/TheFreeAgentFR\/\" \/>\n<meta property=\"article:modified_time\" content=\"2025-07-30T13:35:16+02:00\" \/>\n<meta property=\"og:image\" content=\"https:\/\/theplayoffs.news\/fr\/wp-content\/uploads\/2025\/07\/Audi-F126.jpg\" \/>\n\t<meta property=\"og:image:width\" content=\"1920\" \/>\n\t<meta property=\"og:image:height\" content=\"1080\" \/>\n\t<meta property=\"og:image:type\" content=\"image\/jpeg\" \/>\n<meta name=\"author\" content=\"Arthur Berlemont\" \/>\n<meta name=\"twitter:card\" content=\"summary_large_image\" \/>\n<meta name=\"twitter:creator\" content=\"@TheFreeAgentFR\" \/>\n<meta name=\"twitter:site\" content=\"@TheFreeAgentFR\" \/>\n<meta name=\"twitter:label1\" content=\"\u00c9crit par\" \/>\n\t<meta name=\"twitter:data1\" content=\"Arthur Berlemont\" \/>\n\t<meta name=\"twitter:label2\" content=\"Dur\u00e9e de lecture estim\u00e9e\" \/>\n\t<meta name=\"twitter:data2\" content=\"2 minutes\" \/>\n<script type=\"application\/ld+json\" class=\"yoast-schema-graph\">{\"@context\":\"https:\/\/schema.org\",\"@graph\":[{\"@type\":\"WebPage\",\"@id\":\"https:\/\/theplayoffs.news\/fr\/formule-1\/audi-annonce-son-sponsor-titre-avant-son-arrivee-en-f1\/\",\"url\":\"https:\/\/theplayoffs.news\/fr\/formule-1\/audi-annonce-son-sponsor-titre-avant-son-arrivee-en-f1\/\",\"name\":\"Audi annonce son sponsor titre avant son arriv\u00e9e en F1 - The Playoffs FR\",\"isPartOf\":{\"@id\":\"https:\/\/theplayoffs.news\/fr\/#website\"},\"primaryImageOfPage\":{\"@id\":\"https:\/\/theplayoffs.news\/fr\/formule-1\/audi-annonce-son-sponsor-titre-avant-son-arrivee-en-f1\/#primaryimage\"},\"image\":{\"@id\":\"https:\/\/theplayoffs.news\/fr\/formule-1\/audi-annonce-son-sponsor-titre-avant-son-arrivee-en-f1\/#primaryimage\"},\"thumbnailUrl\":\"https:\/\/theplayoffs.news\/fr\/wp-content\/uploads\/2025\/07\/Audi-F126.jpg\",\"datePublished\":\"2025-07-30T11:35:11+00:00\",\"dateModified\":\"2025-07-30T11:35:16+00:00\",\"author\":{\"@id\":\"https:\/\/theplayoffs.news\/fr\/#\/schema\/person\/b6b04a451dab03a5ab75cec8912e8942\"},\"description\":\"A quelques mois de son entr\u00e9e en Formule 1, l\\\\'\u00e9curie Audi d\u00e9voile son sponsor titre pour la saison 2026\",\"breadcrumb\":{\"@id\":\"https:\/\/theplayoffs.news\/fr\/formule-1\/audi-annonce-son-sponsor-titre-avant-son-arrivee-en-f1\/#breadcrumb\"},\"inLanguage\":\"fr-FR\",\"potentialAction\":[{\"@type\":\"ReadAction\",\"target\":[\"https:\/\/theplayoffs.news\/fr\/formule-1\/audi-annonce-son-sponsor-titre-avant-son-arrivee-en-f1\/\"]}]},{\"@type\":\"ImageObject\",\"inLanguage\":\"fr-FR\",\"@id\":\"https:\/\/theplayoffs.news\/fr\/formule-1\/audi-annonce-son-sponsor-titre-avant-son-arrivee-en-f1\/#primaryimage\",\"url\":\"https:\/\/theplayoffs.news\/fr\/wp-content\/uploads\/2025\/07\/Audi-F126.jpg\",\"contentUrl\":\"https:\/\/theplayoffs.news\/fr\/wp-content\/uploads\/2025\/07\/Audi-F126.jpg\",\"width\":1920,\"height\":1080,\"caption\":\"Cr\u00e9dit : Audi Sport \/ X\"},{\"@type\":\"BreadcrumbList\",\"@id\":\"https:\/\/theplayoffs.news\/fr\/formule-1\/audi-annonce-son-sponsor-titre-avant-son-arrivee-en-f1\/#breadcrumb\",\"itemListElement\":[{\"@type\":\"ListItem\",\"position\":1,\"name\":\"Accueil\",\"item\":\"https:\/\/theplayoffs.news\/fr\/\"},{\"@type\":\"ListItem\",\"position\":2,\"name\":\"Audi annonce son sponsor titre avant son arriv\u00e9e en F1\"}]},{\"@type\":\"WebSite\",\"@id\":\"https:\/\/theplayoffs.news\/fr\/#website\",\"url\":\"https:\/\/theplayoffs.news\/fr\/\",\"name\":\"The Playoffs FR\",\"description\":\"NBA-NFL-NHL-MLB\",\"potentialAction\":[{\"@type\":\"SearchAction\",\"target\":{\"@type\":\"EntryPoint\",\"urlTemplate\":\"https:\/\/theplayoffs.news\/fr\/?s={search_term_string}\"},\"query-input\":{\"@type\":\"PropertyValueSpecification\",\"valueRequired\":true,\"valueName\":\"search_term_string\"}}],\"inLanguage\":\"fr-FR\"},{\"@type\":\"Person\",\"@id\":\"https:\/\/theplayoffs.news\/fr\/#\/schema\/person\/b6b04a451dab03a5ab75cec8912e8942\",\"name\":\"Arthur Berlemont\",\"image\":{\"@type\":\"ImageObject\",\"inLanguage\":\"fr-FR\",\"@id\":\"https:\/\/theplayoffs.news\/fr\/#\/schema\/person\/image\/\",\"url\":\"https:\/\/secure.gravatar.com\/avatar\/19ddab1d62ab0a19b186b86cee130432b120dd6f085625a6a6757dd1aa90a5f3?s=96&d=mm&r=g\",\"contentUrl\":\"https:\/\/secure.gravatar.com\/avatar\/19ddab1d62ab0a19b186b86cee130432b120dd6f085625a6a6757dd1aa90a5f3?s=96&d=mm&r=g\",\"caption\":\"Arthur Berlemont\"},\"description\":\"Etudiant passionn\u00e9 de sport, avant tout m\u00e9caniques, j\\\\'ai d\u00e9couvert les sports US il y a quelques ann\u00e9es. J\\\\'ai tout de suite accroch\u00e9 pour la ville de Cincinnati et ses franchises de NFL et MLB. Aujourd\\\\'hui, je suis l\u00e0 par passion dans la r\u00e9daction d\\\\'articles sur divers sports que j\\\\'affectionne.\",\"url\":\"https:\/\/theplayoffs.news\/fr\/author\/arthur-berlemontgmail-com\/\"}]}<\/script>\n<!-- \/ Yoast SEO plugin. -->","yoast_head_json":{"title":"Audi annonce son sponsor titre avant son arriv&eacute;e en F1 - The Playoffs FR","description":"A quelques mois de son entr&eacute;e en Formule 1, l&#039;&eacute;curie Audi d&eacute;voile son sponsor titre pour la saison 2026","robots":{"index":"index","follow":"follow","max-snippet":"max-snippet:-1","max-image-preview":"max-image-preview:large","max-video-preview":"max-video-preview:-1"},"canonical":"https:\/\/theplayoffs.news\/fr\/formule-1\/audi-annonce-son-sponsor-titre-avant-son-arrivee-en-f1\/","og_locale":"fr_FR","og_type":"article","og_title":"Audi annonce son sponsor titre avant son arriv&eacute;e en F1 - The Playoffs FR","og_description":"A quelques mois de son entr&eacute;e en Formule 1, l&#039;&eacute;curie Audi d&eacute;voile son sponsor titre pour la saison 2026","og_url":"https:\/\/theplayoffs.news\/fr\/formule-1\/audi-annonce-son-sponsor-titre-avant-son-arrivee-en-f1\/","og_site_name":"The Playoffs FR","article_publisher":"https:\/\/www.facebook.com\/TheFreeAgentFR\/","article_modified_time":"2025-07-30T11:35:16+00:00","og_image":[{"width":1920,"height":1080,"url":"https:\/\/theplayoffs.news\/fr\/wp-content\/uploads\/2025\/07\/Audi-F126.jpg","type":"image\/jpeg"}],"author":"Arthur Berlemont","twitter_card":"summary_large_image","twitter_creator":"@TheFreeAgentFR","twitter_site":"@TheFreeAgentFR","twitter_misc":{"\u00c9crit par":"Arthur Berlemont","Dur\u00e9e de lecture estim\u00e9e":"2 minutes"},"schema":{"@context":"https:\/\/schema.org","@graph":[{"@type":"WebPage","@id":"https:\/\/theplayoffs.news\/fr\/formule-1\/audi-annonce-son-sponsor-titre-avant-son-arrivee-en-f1\/","url":"https:\/\/theplayoffs.news\/fr\/formule-1\/audi-annonce-son-sponsor-titre-avant-son-arrivee-en-f1\/","name":"Audi annonce son sponsor titre avant son arriv\u00e9e en F1 - The Playoffs FR","isPartOf":{"@id":"https:\/\/theplayoffs.news\/fr\/#website"},"primaryImageOfPage":{"@id":"https:\/\/theplayoffs.news\/fr\/formule-1\/audi-annonce-son-sponsor-titre-avant-son-arrivee-en-f1\/#primaryimage"},"image":{"@id":"https:\/\/theplayoffs.news\/fr\/formule-1\/audi-annonce-son-sponsor-titre-avant-son-arrivee-en-f1\/#primaryimage"},"thumbnailUrl":"https:\/\/theplayoffs.news\/fr\/wp-content\/uploads\/2025\/07\/Audi-F126.jpg","datePublished":"2025-07-30T11:35:11+00:00","dateModified":"2025-07-30T11:35:16+00:00","author":{"@id":"https:\/\/theplayoffs.news\/fr\/#\/schema\/person\/b6b04a451dab03a5ab75cec8912e8942"},"description":"A quelques mois de son entr\u00e9e en Formule 1, l\\'\u00e9curie Audi d\u00e9voile son sponsor titre pour la saison 2026","breadcrumb":{"@id":"https:\/\/theplayoffs.news\/fr\/formule-1\/audi-annonce-son-sponsor-titre-avant-son-arrivee-en-f1\/#breadcrumb"},"inLanguage":"fr-FR","potentialAction":[{"@type":"ReadAction","target":["https:\/\/theplayoffs.news\/fr\/formule-1\/audi-annonce-son-sponsor-titre-avant-son-arrivee-en-f1\/"]}]},{"@type":"ImageObject","inLanguage":"fr-FR","@id":"https:\/\/theplayoffs.news\/fr\/formule-1\/audi-annonce-son-sponsor-titre-avant-son-arrivee-en-f1\/#primaryimage","url":"https:\/\/theplayoffs.news\/fr\/wp-content\/uploads\/2025\/07\/Audi-F126.jpg","contentUrl":"https:\/\/theplayoffs.news\/fr\/wp-content\/uploads\/2025\/07\/Audi-F126.jpg","width":1920,"height":1080,"caption":"Cr\u00e9dit : Audi Sport \/ X"},{"@type":"BreadcrumbList","@id":"https:\/\/theplayoffs.news\/fr\/formule-1\/audi-annonce-son-sponsor-titre-avant-son-arrivee-en-f1\/#breadcrumb","itemListElement":[{"@type":"ListItem","position":1,"name":"Accueil","item":"https:\/\/theplayoffs.news\/fr\/"},{"@type":"ListItem","position":2,"name":"Audi annonce son sponsor titre avant son arriv\u00e9e en F1"}]},{"@type":"WebSite","@id":"https:\/\/theplayoffs.news\/fr\/#website","url":"https:\/\/theplayoffs.news\/fr\/","name":"The Playoffs FR","description":"NBA-NFL-NHL-MLB","potentialAction":[{"@type":"SearchAction","target":{"@type":"EntryPoint","urlTemplate":"https:\/\/theplayoffs.news\/fr\/?s={search_term_string}"},"query-input":{"@type":"PropertyValueSpecification","valueRequired":true,"valueName":"search_term_string"}}],"inLanguage":"fr-FR"},{"@type":"Person","@id":"https:\/\/theplayoffs.news\/fr\/#\/schema\/person\/b6b04a451dab03a5ab75cec8912e8942","name":"Arthur Berlemont","image":{"@type":"ImageObject","inLanguage":"fr-FR","@id":"https:\/\/theplayoffs.news\/fr\/#\/schema\/person\/image\/","url":"https:\/\/secure.gravatar.com\/avatar\/19ddab1d62ab0a19b186b86cee130432b120dd6f085625a6a6757dd1aa90a5f3?s=96&d=mm&r=g","contentUrl":"https:\/\/secure.gravatar.com\/avatar\/19ddab1d62ab0a19b186b86cee130432b120dd6f085625a6a6757dd1aa90a5f3?s=96&d=mm&r=g","caption":"Arthur Berlemont"},"description":"Etudiant passionn\u00e9 de sport, avant tout m\u00e9caniques, j\\'ai d\u00e9couvert les sports US il y a quelques ann\u00e9es. J\\'ai tout de suite accroch\u00e9 pour la ville de Cincinnati et ses franchises de NFL et MLB. Aujourd\\'hui, je suis l\u00e0 par passion dans la r\u00e9daction d\\'articles sur divers sports que j\\'affectionne.","url":"https:\/\/theplayoffs.news\/fr\/author\/arthur-berlemontgmail-com\/"}]}},"_links":{"self":[{"href":"https:\/\/theplayoffs.news\/fr\/wp-json\/wp\/v2\/posts\/1498128","targetHints":{"allow":["GET"]}}],"collection":[{"href":"https:\/\/theplayoffs.news\/fr\/wp-json\/wp\/v2\/posts"}],"about":[{"href":"https:\/\/theplayoffs.news\/fr\/wp-json\/wp\/v2\/types\/post"}],"author":[{"embeddable":true,"href":"https:\/\/theplayoffs.news\/fr\/wp-json\/wp\/v2\/users\/180310178"}],"replies":[{"embeddable":true,"href":"https:\/\/theplayoffs.news\/fr\/wp-json\/wp\/v2\/comments?post=1498128"}],"version-history":[{"count":1,"href":"https:\/\/theplayoffs.news\/fr\/wp-json\/wp\/v2\/posts\/1498128\/revisions"}],"predecessor-version":[{"id":1498130,"href":"https:\/\/theplayoffs.news\/fr\/wp-json\/wp\/v2\/posts\/1498128\/revisions\/1498130"}],"wp:featuredmedia":[{"embeddable":true,"href":"https:\/\/theplayoffs.news\/fr\/wp-json\/wp\/v2\/media\/1498129"}],"wp:attachment":[{"href":"https:\/\/theplayoffs.news\/fr\/wp-json\/wp\/v2\/media?parent=1498128"}],"wp:term":[{"taxonomy":"category","embeddable":true,"href":"https:\/\/theplayoffs.news\/fr\/wp-json\/wp\/v2\/categories?post=1498128"},{"taxonomy":"post_tag","embeddable":true,"href":"https:\/\/theplayoffs.news\/fr\/wp-json\/wp\/v2\/tags?post=1498128"},{"taxonomy":"sport","embeddable":true,"href":"https:\/\/theplayoffs.news\/fr\/wp-json\/wp\/v2\/sport?post=1498128"},{"taxonomy":"saison","embeddable":true,"href":"https:\/\/theplayoffs.news\/fr\/wp-json\/wp\/v2\/saison?post=1498128"}],"curies":[{"name":"wp","href":"https:\/\/api.w.org\/{rel}","templated":true}]}}