{"id":1498005,"date":"2025-07-28T21:28:40","date_gmt":"2025-07-28T19:28:40","guid":{"rendered":"https:\/\/theplayoffs.news\/fr\/uncategorized\/\/"},"modified":"2025-07-28T21:28:46","modified_gmt":"2025-07-28T19:28:46","slug":"courtland-sutton-prolonge-4-ans-chez-les-broncos","status":"publish","type":"post","link":"https:\/\/theplayoffs.news\/fr\/actualite-nfl\/courtland-sutton-prolonge-4-ans-chez-les-broncos\/","title":{"rendered":"Courtland Sutton prolonge 4 ans chez les Broncos"},"content":{"rendered":"<p>Le receveur des <a href=\"https:\/\/theplayoffs.news\/fr\/actualite-nfl\/preview-nfl-2025-denver-broncos\/\" class=\"trk-cta-link\" data-cta-trk='{\"ctaType\":\"Link\",\"ctaSubType\":\"main\"}'>Denver Broncos<\/a>, Courtland Sutton, <a href=\"https:\/\/www.nbcsports.com\/nfl\/profootballtalk\/rumor-mill\/news\/courtland-sutton-agrees-to-four-year-extension-with-broncos\" class=\"trk-cta-link\" data-cta-trk='{\"ctaType\":\"Link\",\"ctaSubType\":\"main\"}'>prolonge <\/a>pour quatre saisons dans le Colorado. Le contrat du receveur a une valeur totale de 92 millions de dollars, soit un salaire annuel de 14.1 millions pour Sutton.<\/p><p>En d&eacute;but de journ&eacute;e, le head coach des Broncos, Sean Payton, avait d&eacute;clar&eacute; que l&rsquo;&eacute;quipe &eacute;tait plus proche que jamais de prolonger son joueur. Le joueur de 29 ans faisait l&rsquo;impasse sur les camps d&rsquo;entra&icirc;nement en signe de protestation, dans l&rsquo;attente de signer un nouveau contrat avec l&rsquo;&eacute;quipe. Celui-ci devrait donc vraisemblablement rejoindre les camps maintenant qu&rsquo;un accord a &eacute;t&eacute; trouv&eacute; entre les deux partis.<\/p><p>Courtland Sutton a &eacute;t&eacute; draft&eacute; lors du deuxi&egrave;me tour de la draft 2018 par Denver et a attrap&eacute; un total de 379 passes pour 5340 yards et 32 touchdowns. Le receveur de 29 ans va continuer d&rsquo;&eacute;voluer avec son jeune quarterback Bo Nix dans les ann&eacute;es &agrave; suivre, laissant envisager beaucoup de positif pour ce duo apr&egrave;s cette prolongation.<\/p><p>Credit: Isaiah J. Downing-Imagn Images<\/p>\n","protected":false},"excerpt":{"rendered":"<p>Courtland Sutton et les Denver Broncos ont trouv\u00e9 un terrain d&rsquo;entente pour une prolongation de contrat allant sur quatre saisons<\/p>\n","protected":false},"author":180310178,"featured_media":1498006,"comment_status":"closed","ping_status":"closed","sticky":false,"template":"","format":"standard","meta":{"inline_featured_image":false,"kia_subtitle":"Courtland Sutton et les Denver Broncos ont trouv\u00e9 un terrain d'entente pour une prolongation de contrat allant sur quatre saisons","_mux_skip_reasons":[],"proofreadBy":0,"footnotes":""},"categories":[118,8410,40,8408],"tags":[3052,926,79],"sport":[],"saison":[],"class_list":["post-1498005","post","type-post","status-publish","format-standard","has-post-thumbnail","hentry","category-actualite-nfl","category-football-americain","category-nfl","category-sports","tag-courtland-sutton","tag-denver-broncos","tag-nfl"],"acf":[],"yoast_head":"<!-- This site is optimized with the Yoast SEO plugin v24.2 - https:\/\/yoast.com\/wordpress\/plugins\/seo\/ -->\n<title>Courtland Sutton prolonge 4 ans chez les Broncos - The Playoffs FR<\/title>\n<meta name=\"description\" content=\"Courtland Sutton et les Denver Broncos ont trouv&eacute; un terrain d&#039;entente pour une prolongation de contrat allant sur quatre saisons\" \/>\n<meta name=\"robots\" content=\"index, follow, max-snippet:-1, max-image-preview:large, max-video-preview:-1\" \/>\n<link rel=\"canonical\" href=\"https:\/\/theplayoffs.news\/fr\/actualite-nfl\/courtland-sutton-prolonge-4-ans-chez-les-broncos\/\" \/>\n<meta property=\"og:locale\" content=\"fr_FR\" \/>\n<meta property=\"og:type\" content=\"article\" \/>\n<meta property=\"og:title\" content=\"Courtland Sutton prolonge 4 ans chez les Broncos - The Playoffs FR\" \/>\n<meta property=\"og:description\" content=\"Courtland Sutton et les Denver Broncos ont trouv&eacute; un terrain d&#039;entente pour une prolongation de contrat allant sur quatre saisons\" \/>\n<meta property=\"og:url\" content=\"https:\/\/theplayoffs.news\/fr\/actualite-nfl\/courtland-sutton-prolonge-4-ans-chez-les-broncos\/\" \/>\n<meta property=\"og:site_name\" content=\"The Playoffs FR\" \/>\n<meta property=\"article:publisher\" content=\"https:\/\/www.facebook.com\/TheFreeAgentFR\/\" \/>\n<meta property=\"article:modified_time\" content=\"2025-07-28T21:28:46+02:00\" \/>\n<meta property=\"og:image\" content=\"https:\/\/theplayoffs.news\/fr\/wp-content\/uploads\/2025\/07\/USATSI_26697209.jpg\" \/>\n\t<meta property=\"og:image:width\" content=\"1920\" \/>\n\t<meta property=\"og:image:height\" content=\"1280\" \/>\n\t<meta property=\"og:image:type\" content=\"image\/jpeg\" \/>\n<meta name=\"author\" content=\"Arthur Berlemont\" \/>\n<meta name=\"twitter:card\" content=\"summary_large_image\" \/>\n<meta name=\"twitter:creator\" content=\"@TheFreeAgentFR\" \/>\n<meta name=\"twitter:site\" content=\"@TheFreeAgentFR\" \/>\n<meta name=\"twitter:label1\" content=\"\u00c9crit par\" \/>\n\t<meta name=\"twitter:data1\" content=\"Arthur Berlemont\" \/>\n\t<meta name=\"twitter:label2\" content=\"Dur\u00e9e de lecture estim\u00e9e\" \/>\n\t<meta name=\"twitter:data2\" content=\"2 minutes\" \/>\n<script type=\"application\/ld+json\" class=\"yoast-schema-graph\">{\"@context\":\"https:\/\/schema.org\",\"@graph\":[{\"@type\":\"WebPage\",\"@id\":\"https:\/\/theplayoffs.news\/fr\/actualite-nfl\/courtland-sutton-prolonge-4-ans-chez-les-broncos\/\",\"url\":\"https:\/\/theplayoffs.news\/fr\/actualite-nfl\/courtland-sutton-prolonge-4-ans-chez-les-broncos\/\",\"name\":\"Courtland Sutton prolonge 4 ans chez les Broncos - The Playoffs FR\",\"isPartOf\":{\"@id\":\"https:\/\/theplayoffs.news\/fr\/#website\"},\"primaryImageOfPage\":{\"@id\":\"https:\/\/theplayoffs.news\/fr\/actualite-nfl\/courtland-sutton-prolonge-4-ans-chez-les-broncos\/#primaryimage\"},\"image\":{\"@id\":\"https:\/\/theplayoffs.news\/fr\/actualite-nfl\/courtland-sutton-prolonge-4-ans-chez-les-broncos\/#primaryimage\"},\"thumbnailUrl\":\"https:\/\/theplayoffs.news\/fr\/wp-content\/uploads\/2025\/07\/USATSI_26697209.jpg\",\"datePublished\":\"2025-07-28T19:28:40+00:00\",\"dateModified\":\"2025-07-28T19:28:46+00:00\",\"author\":{\"@id\":\"https:\/\/theplayoffs.news\/fr\/#\/schema\/person\/b6b04a451dab03a5ab75cec8912e8942\"},\"description\":\"Courtland Sutton et les Denver Broncos ont trouv\u00e9 un terrain d\\\\'entente pour une prolongation de contrat allant sur quatre saisons\",\"breadcrumb\":{\"@id\":\"https:\/\/theplayoffs.news\/fr\/actualite-nfl\/courtland-sutton-prolonge-4-ans-chez-les-broncos\/#breadcrumb\"},\"inLanguage\":\"fr-FR\",\"potentialAction\":[{\"@type\":\"ReadAction\",\"target\":[\"https:\/\/theplayoffs.news\/fr\/actualite-nfl\/courtland-sutton-prolonge-4-ans-chez-les-broncos\/\"]}]},{\"@type\":\"ImageObject\",\"inLanguage\":\"fr-FR\",\"@id\":\"https:\/\/theplayoffs.news\/fr\/actualite-nfl\/courtland-sutton-prolonge-4-ans-chez-les-broncos\/#primaryimage\",\"url\":\"https:\/\/theplayoffs.news\/fr\/wp-content\/uploads\/2025\/07\/USATSI_26697209.jpg\",\"contentUrl\":\"https:\/\/theplayoffs.news\/fr\/wp-content\/uploads\/2025\/07\/USATSI_26697209.jpg\",\"width\":1920,\"height\":1280,\"caption\":\"Jul 23, 2025; Englewood, CO, USA; Denver Broncos wide receiver Courtland Sutton (14) during Denver Broncos Training Camp. Mandatory Credit: Isaiah J. Downing-Imagn Images\"},{\"@type\":\"BreadcrumbList\",\"@id\":\"https:\/\/theplayoffs.news\/fr\/actualite-nfl\/courtland-sutton-prolonge-4-ans-chez-les-broncos\/#breadcrumb\",\"itemListElement\":[{\"@type\":\"ListItem\",\"position\":1,\"name\":\"Accueil\",\"item\":\"https:\/\/theplayoffs.news\/fr\/\"},{\"@type\":\"ListItem\",\"position\":2,\"name\":\"Courtland Sutton prolonge 4 ans chez les Broncos\"}]},{\"@type\":\"WebSite\",\"@id\":\"https:\/\/theplayoffs.news\/fr\/#website\",\"url\":\"https:\/\/theplayoffs.news\/fr\/\",\"name\":\"The Playoffs FR\",\"description\":\"NBA-NFL-NHL-MLB\",\"potentialAction\":[{\"@type\":\"SearchAction\",\"target\":{\"@type\":\"EntryPoint\",\"urlTemplate\":\"https:\/\/theplayoffs.news\/fr\/?s={search_term_string}\"},\"query-input\":{\"@type\":\"PropertyValueSpecification\",\"valueRequired\":true,\"valueName\":\"search_term_string\"}}],\"inLanguage\":\"fr-FR\"},{\"@type\":\"Person\",\"@id\":\"https:\/\/theplayoffs.news\/fr\/#\/schema\/person\/b6b04a451dab03a5ab75cec8912e8942\",\"name\":\"Arthur Berlemont\",\"image\":{\"@type\":\"ImageObject\",\"inLanguage\":\"fr-FR\",\"@id\":\"https:\/\/theplayoffs.news\/fr\/#\/schema\/person\/image\/\",\"url\":\"https:\/\/secure.gravatar.com\/avatar\/19ddab1d62ab0a19b186b86cee130432b120dd6f085625a6a6757dd1aa90a5f3?s=96&d=mm&r=g\",\"contentUrl\":\"https:\/\/secure.gravatar.com\/avatar\/19ddab1d62ab0a19b186b86cee130432b120dd6f085625a6a6757dd1aa90a5f3?s=96&d=mm&r=g\",\"caption\":\"Arthur Berlemont\"},\"description\":\"Etudiant passionn\u00e9 de sport, avant tout m\u00e9caniques, j\\\\'ai d\u00e9couvert les sports US il y a quelques ann\u00e9es. J\\\\'ai tout de suite accroch\u00e9 pour la ville de Cincinnati et ses franchises de NFL et MLB. Aujourd\\\\'hui, je suis l\u00e0 par passion dans la r\u00e9daction d\\\\'articles sur divers sports que j\\\\'affectionne.\",\"url\":\"https:\/\/theplayoffs.news\/fr\/author\/arthur-berlemontgmail-com\/\"}]}<\/script>\n<!-- \/ Yoast SEO plugin. -->","yoast_head_json":{"title":"Courtland Sutton prolonge 4 ans chez les Broncos - The Playoffs FR","description":"Courtland Sutton et les Denver Broncos ont trouv&eacute; un terrain d&#039;entente pour une prolongation de contrat allant sur quatre saisons","robots":{"index":"index","follow":"follow","max-snippet":"max-snippet:-1","max-image-preview":"max-image-preview:large","max-video-preview":"max-video-preview:-1"},"canonical":"https:\/\/theplayoffs.news\/fr\/actualite-nfl\/courtland-sutton-prolonge-4-ans-chez-les-broncos\/","og_locale":"fr_FR","og_type":"article","og_title":"Courtland Sutton prolonge 4 ans chez les Broncos - The Playoffs FR","og_description":"Courtland Sutton et les Denver Broncos ont trouv&eacute; un terrain d&#039;entente pour une prolongation de contrat allant sur quatre saisons","og_url":"https:\/\/theplayoffs.news\/fr\/actualite-nfl\/courtland-sutton-prolonge-4-ans-chez-les-broncos\/","og_site_name":"The Playoffs FR","article_publisher":"https:\/\/www.facebook.com\/TheFreeAgentFR\/","article_modified_time":"2025-07-28T19:28:46+00:00","og_image":[{"width":1920,"height":1280,"url":"https:\/\/theplayoffs.news\/fr\/wp-content\/uploads\/2025\/07\/USATSI_26697209.jpg","type":"image\/jpeg"}],"author":"Arthur Berlemont","twitter_card":"summary_large_image","twitter_creator":"@TheFreeAgentFR","twitter_site":"@TheFreeAgentFR","twitter_misc":{"\u00c9crit par":"Arthur Berlemont","Dur\u00e9e de lecture estim\u00e9e":"2 minutes"},"schema":{"@context":"https:\/\/schema.org","@graph":[{"@type":"WebPage","@id":"https:\/\/theplayoffs.news\/fr\/actualite-nfl\/courtland-sutton-prolonge-4-ans-chez-les-broncos\/","url":"https:\/\/theplayoffs.news\/fr\/actualite-nfl\/courtland-sutton-prolonge-4-ans-chez-les-broncos\/","name":"Courtland Sutton prolonge 4 ans chez les Broncos - The Playoffs FR","isPartOf":{"@id":"https:\/\/theplayoffs.news\/fr\/#website"},"primaryImageOfPage":{"@id":"https:\/\/theplayoffs.news\/fr\/actualite-nfl\/courtland-sutton-prolonge-4-ans-chez-les-broncos\/#primaryimage"},"image":{"@id":"https:\/\/theplayoffs.news\/fr\/actualite-nfl\/courtland-sutton-prolonge-4-ans-chez-les-broncos\/#primaryimage"},"thumbnailUrl":"https:\/\/theplayoffs.news\/fr\/wp-content\/uploads\/2025\/07\/USATSI_26697209.jpg","datePublished":"2025-07-28T19:28:40+00:00","dateModified":"2025-07-28T19:28:46+00:00","author":{"@id":"https:\/\/theplayoffs.news\/fr\/#\/schema\/person\/b6b04a451dab03a5ab75cec8912e8942"},"description":"Courtland Sutton et les Denver Broncos ont trouv\u00e9 un terrain d\\'entente pour une prolongation de contrat allant sur quatre saisons","breadcrumb":{"@id":"https:\/\/theplayoffs.news\/fr\/actualite-nfl\/courtland-sutton-prolonge-4-ans-chez-les-broncos\/#breadcrumb"},"inLanguage":"fr-FR","potentialAction":[{"@type":"ReadAction","target":["https:\/\/theplayoffs.news\/fr\/actualite-nfl\/courtland-sutton-prolonge-4-ans-chez-les-broncos\/"]}]},{"@type":"ImageObject","inLanguage":"fr-FR","@id":"https:\/\/theplayoffs.news\/fr\/actualite-nfl\/courtland-sutton-prolonge-4-ans-chez-les-broncos\/#primaryimage","url":"https:\/\/theplayoffs.news\/fr\/wp-content\/uploads\/2025\/07\/USATSI_26697209.jpg","contentUrl":"https:\/\/theplayoffs.news\/fr\/wp-content\/uploads\/2025\/07\/USATSI_26697209.jpg","width":1920,"height":1280,"caption":"Jul 23, 2025; Englewood, CO, USA; Denver Broncos wide receiver Courtland Sutton (14) during Denver Broncos Training Camp. Mandatory Credit: Isaiah J. Downing-Imagn Images"},{"@type":"BreadcrumbList","@id":"https:\/\/theplayoffs.news\/fr\/actualite-nfl\/courtland-sutton-prolonge-4-ans-chez-les-broncos\/#breadcrumb","itemListElement":[{"@type":"ListItem","position":1,"name":"Accueil","item":"https:\/\/theplayoffs.news\/fr\/"},{"@type":"ListItem","position":2,"name":"Courtland Sutton prolonge 4 ans chez les Broncos"}]},{"@type":"WebSite","@id":"https:\/\/theplayoffs.news\/fr\/#website","url":"https:\/\/theplayoffs.news\/fr\/","name":"The Playoffs FR","description":"NBA-NFL-NHL-MLB","potentialAction":[{"@type":"SearchAction","target":{"@type":"EntryPoint","urlTemplate":"https:\/\/theplayoffs.news\/fr\/?s={search_term_string}"},"query-input":{"@type":"PropertyValueSpecification","valueRequired":true,"valueName":"search_term_string"}}],"inLanguage":"fr-FR"},{"@type":"Person","@id":"https:\/\/theplayoffs.news\/fr\/#\/schema\/person\/b6b04a451dab03a5ab75cec8912e8942","name":"Arthur Berlemont","image":{"@type":"ImageObject","inLanguage":"fr-FR","@id":"https:\/\/theplayoffs.news\/fr\/#\/schema\/person\/image\/","url":"https:\/\/secure.gravatar.com\/avatar\/19ddab1d62ab0a19b186b86cee130432b120dd6f085625a6a6757dd1aa90a5f3?s=96&d=mm&r=g","contentUrl":"https:\/\/secure.gravatar.com\/avatar\/19ddab1d62ab0a19b186b86cee130432b120dd6f085625a6a6757dd1aa90a5f3?s=96&d=mm&r=g","caption":"Arthur Berlemont"},"description":"Etudiant passionn\u00e9 de sport, avant tout m\u00e9caniques, j\\'ai d\u00e9couvert les sports US il y a quelques ann\u00e9es. J\\'ai tout de suite accroch\u00e9 pour la ville de Cincinnati et ses franchises de NFL et MLB. Aujourd\\'hui, je suis l\u00e0 par passion dans la r\u00e9daction d\\'articles sur divers sports que j\\'affectionne.","url":"https:\/\/theplayoffs.news\/fr\/author\/arthur-berlemontgmail-com\/"}]}},"_links":{"self":[{"href":"https:\/\/theplayoffs.news\/fr\/wp-json\/wp\/v2\/posts\/1498005","targetHints":{"allow":["GET"]}}],"collection":[{"href":"https:\/\/theplayoffs.news\/fr\/wp-json\/wp\/v2\/posts"}],"about":[{"href":"https:\/\/theplayoffs.news\/fr\/wp-json\/wp\/v2\/types\/post"}],"author":[{"embeddable":true,"href":"https:\/\/theplayoffs.news\/fr\/wp-json\/wp\/v2\/users\/180310178"}],"replies":[{"embeddable":true,"href":"https:\/\/theplayoffs.news\/fr\/wp-json\/wp\/v2\/comments?post=1498005"}],"version-history":[{"count":1,"href":"https:\/\/theplayoffs.news\/fr\/wp-json\/wp\/v2\/posts\/1498005\/revisions"}],"predecessor-version":[{"id":1498007,"href":"https:\/\/theplayoffs.news\/fr\/wp-json\/wp\/v2\/posts\/1498005\/revisions\/1498007"}],"wp:featuredmedia":[{"embeddable":true,"href":"https:\/\/theplayoffs.news\/fr\/wp-json\/wp\/v2\/media\/1498006"}],"wp:attachment":[{"href":"https:\/\/theplayoffs.news\/fr\/wp-json\/wp\/v2\/media?parent=1498005"}],"wp:term":[{"taxonomy":"category","embeddable":true,"href":"https:\/\/theplayoffs.news\/fr\/wp-json\/wp\/v2\/categories?post=1498005"},{"taxonomy":"post_tag","embeddable":true,"href":"https:\/\/theplayoffs.news\/fr\/wp-json\/wp\/v2\/tags?post=1498005"},{"taxonomy":"sport","embeddable":true,"href":"https:\/\/theplayoffs.news\/fr\/wp-json\/wp\/v2\/sport?post=1498005"},{"taxonomy":"saison","embeddable":true,"href":"https:\/\/theplayoffs.news\/fr\/wp-json\/wp\/v2\/saison?post=1498005"}],"curies":[{"name":"wp","href":"https:\/\/api.w.org\/{rel}","templated":true}]}}