{"id":1498002,"date":"2025-07-28T20:30:16","date_gmt":"2025-07-28T18:30:16","guid":{"rendered":"https:\/\/theplayoffs.news\/fr\/uncategorized\/\/"},"modified":"2025-07-28T20:30:24","modified_gmt":"2025-07-28T18:30:24","slug":"max-verstappen-ne-peut-plus-declencher-sa-clause-de-sortie-pour-2026","status":"publish","type":"post","link":"https:\/\/theplayoffs.news\/fr\/formule-1\/max-verstappen-ne-peut-plus-declencher-sa-clause-de-sortie-pour-2026\/","title":{"rendered":"Max Verstappen ne peut plus d\u00e9clencher sa clause de sortie pour 2026"},"content":{"rendered":"<p>Apr&egrave;s le Grand Prix de Belgique, Max Verstappen semble avoir scell&eacute; son avenir au sein de l&rsquo;&eacute;curie Red Bull pour la saison 2026. Le quadruple champion du monde b&eacute;n&eacute;ficiait d&rsquo;une clause de performances sur son contrat. Celle-ci stipule que si Verstappen n&rsquo;&eacute;tait pas dans le top 3 au championnat pilotes &agrave; la tr&ecirc;ve estivale, celui-ci avait la possibilit&eacute; de quitter l&rsquo;&eacute;curie.<\/p><p>Avec d&eacute;sormais 185 points, le N&eacute;erlandais est d&eacute;sormais assur&eacute; de finir troisi&egrave;me lors de la tr&ecirc;ve, vu que Russell, pilote le plus proche, n&rsquo;a que 157 points. Avec seulement 25 points maximums distribu&eacute;s en Hongrie, Verstappen est assur&eacute; d&rsquo;&ecirc;tre troisi&egrave;me en fin de semaine.<\/p><p>Cette clause, d&eacute;couverte la saison derni&egrave;re par <em><a href=\"https:\/\/www.motorsport.com\/\" class=\"trk-cta-link\" data-cta-trk='{\"ctaType\":\"Link\",\"ctaSubType\":\"main\"}'>Motorsport.com<\/a><\/em>, ne sera pas activ&eacute;e. L&rsquo;avenir de Verstappen est au c&oelig;ur des rumeurs depuis plusieurs semaines, ce qui a en partie conduit au <a href=\"https:\/\/theplayoffs.news\/fr\/formule-1\/christian-horner-vire-par-red-bull\/\" class=\"trk-cta-link\" data-cta-trk='{\"ctaType\":\"Link\",\"ctaSubType\":\"main\"}'>licenciement de Christian Horner<\/a>. <\/p><h2 class=\"wp-block-heading\">Max Verstappen dispose tout de m&ecirc;me d&rsquo;autres possibilit&eacute;s<\/h2><p>M&ecirc;me si Verstappen ne quittera pas Red Bull par le biais de cette clause la saison prochaine, celui-ci peut toujours trouver d&rsquo;autres moyens. Avec un contrat se terminant officiellement en 2028, une &eacute;quipe, en l&rsquo;occurrence Mercedes, peut toujours d&eacute;cider de payer une certaine somme pour lib&eacute;rer le pilote de ce contrat. <\/p><p>Le gros probl&egrave;me pour Mercedes ici est l&rsquo;argent, car le contrat de Verstappen est tr&egrave;s &eacute;lev&eacute;. M&ecirc;me si, techniquement, une &eacute;curie comme Mercedes aurait les moyens de payer une telle somme, il faut tout de m&ecirc;me l&rsquo;accord du conseil qui semble sceptique sur cette id&eacute;e.<\/p><h2 class=\"wp-block-heading\">Parti pour rester<\/h2><p>Cependant, les r&eacute;centes d&eacute;clarations de tous les partis laissent &agrave; envisager que Verstappen resterait bel et bien un pilote Red Bull pour la saison 2026. Le champion du monde sortant garde toujours le m&ecirc;me discours en affirmant se sentir &agrave; la maison dans l&rsquo;&eacute;curie autrichienne, malgr&eacute; les performances peu convaincantes de la RB21.<\/p><p>Max Verstappen va donc d&eacute;couvrir la nouvelle r&eacute;glementation chez Red Bull, avec un moteur fabriqu&eacute; en partenariat avec Ford. Il va donc pouvoir observer depuis son baquet chez Red Bull, l&rsquo;&eacute;volution de la hi&eacute;rarchie pour d&eacute;terminer ses options pour 2027. En cas d&rsquo;une nouvelle insaisfaction chez les autrichiens, il pourrait alors d&eacute;cider de partir chez Mercedes, Aston Martin, ou encore Ferrari.<\/p><div class=\"related-slider related-slider--loading\">\n    <div class=\"related-slider__header\">\n        <div class=\"related-slider__header__title\">Vous aimerez aussi<\/div>\n        <div class=\"related-slider__header__buttons\">\n            <div class=\"swiper-button-prev\"><\/div>\n            <div class=\"swiper-button-next\"><\/div>\n        <\/div>\n    <\/div>\n    <div class=\"swiper-container\">\n        <div class=\"swiper-wrapper\">\n                            <div class=\"swiper-slide\">\n                    <a class=\"related-slider-card  trk-cta-img\" href=\"https:\/\/theplayoffs.news\/fr\/formule-1\/podcast-f1-preview-grand-prix-des-pays-bas\/\" title=\"Podcast F1 &ndash; Preview Grand Prix des Pays-Bas\" data-cta-trk='{\"ctaType\":\"Image\",\"ctaSubType\":\"main\"}'>\n    <div class=\"related-slider-card__image\">\n        <img loading=\"lazy\" decoding=\"async\" width=\"600\" height=\"600\" src=\"https:\/\/theplayoffs.news\/fr\/wp-content\/uploads\/2025\/08\/98b9da7db15e013167afa91fae41d8514341f23c0ad8b8d8a8ea53eec27d0955-600x600-2.jpg\" class=\"attachment-medium size-medium wp-post-image\" alt=\"Warm Up F1\" srcset=\"https:\/\/theplayoffs.news\/fr\/wp-content\/uploads\/2025\/08\/98b9da7db15e013167afa91fae41d8514341f23c0ad8b8d8a8ea53eec27d0955-600x600-2.jpg 600w, https:\/\/theplayoffs.news\/fr\/wp-content\/uploads\/2025\/08\/98b9da7db15e013167afa91fae41d8514341f23c0ad8b8d8a8ea53eec27d0955-600x600-2-150x150.jpg 150w\" sizes=\"auto, (max-width: 600px) 100vw, 600px\">\n                            <\/div>\n    <div class=\"related-slider-card__content\">\n        <div class=\"related-slider-card__content__tags\">\n                            <div class=\"related-slider-card__content__tags__category\">\n                    Formule 1\n                <\/div>\n                        <div class=\"related-slider-card__content__tags__date\" data-dynamic-date=\"2025-08-28T17:31:16+02:00\">\n                28 ao&ucirc;t 2025\n            <\/div>\n        <\/div>\n        <div class=\"related-slider-card__content__title\">\n            Podcast F1 &ndash; Preview Grand Prix des Pays-Bas\n        <\/div>\n                    <div class=\"related-slider-card__content__read-more\">\n                Voir plus\n                <i>\n                    <svg width=\"17\" height=\"15\" viewbox=\"0 0 17 15\" fill=\"none\" xmlns=\"http:\/\/www.w3.org\/2000\/svg\">\n<path d=\"M1 6.5C0.447715 6.5 0 6.94772 0 7.5C0 8.05228 0.447715 8.5 1 8.5V6.5ZM16.7071 8.20711C17.0976 7.81658 17.0976 7.18342 16.7071 6.79289L10.3431 0.428932C9.95262 0.0384078 9.31946 0.0384078 8.92893 0.428932C8.53841 0.819457 8.53841 1.45262 8.92893 1.84315L14.5858 7.5L8.92893 13.1569C8.53841 13.5474 8.53841 14.1805 8.92893 14.5711C9.31946 14.9616 9.95262 14.9616 10.3431 14.5711L16.7071 8.20711ZM1 7.5V8.5H8.5V7.5V6.5H1V7.5ZM8.5 7.5V8.5H16V7.5V6.5H8.5V7.5Z\" fill=\"white\"><\/path>\n<\/svg>\n\n                <\/i>\n            <\/div>\n            <\/div>\n<\/a>\n\n                <\/div>\n                            <div class=\"swiper-slide\">\n                    <a class=\"related-slider-card  trk-cta-img\" href=\"https:\/\/theplayoffs.news\/fr\/formule-1\/cadillac-annonce-ses-deux-pilotes-pour-la-saison-2026\/\" title=\"Cadillac annonce ses deux pilotes pour la saison 2026\" data-cta-trk='{\"ctaType\":\"Image\",\"ctaSubType\":\"main\"}'>\n    <div class=\"related-slider-card__image\">\n        <img loading=\"lazy\" decoding=\"async\" width=\"600\" height=\"750\" src=\"https:\/\/theplayoffs.news\/fr\/wp-content\/uploads\/2025\/08\/Cad-F1-600x750.jpg\" class=\"attachment-medium size-medium wp-post-image\" alt=\"Cadillac\" srcset=\"https:\/\/theplayoffs.news\/fr\/wp-content\/uploads\/2025\/08\/Cad-F1-600x750.jpg 600w, https:\/\/theplayoffs.news\/fr\/wp-content\/uploads\/2025\/08\/Cad-F1-1200x1500.jpg 1200w, https:\/\/theplayoffs.news\/fr\/wp-content\/uploads\/2025\/08\/Cad-F1-768x960.jpg 768w, https:\/\/theplayoffs.news\/fr\/wp-content\/uploads\/2025\/08\/Cad-F1-1229x1536.jpg 1229w, https:\/\/theplayoffs.news\/fr\/wp-content\/uploads\/2025\/08\/Cad-F1-1320x1650.jpg 1320w, https:\/\/theplayoffs.news\/fr\/wp-content\/uploads\/2025\/08\/Cad-F1.jpg 1536w\" sizes=\"auto, (max-width: 600px) 100vw, 600px\">\n                            <\/div>\n    <div class=\"related-slider-card__content\">\n        <div class=\"related-slider-card__content__tags\">\n                            <div class=\"related-slider-card__content__tags__category\">\n                    Formule 1\n                <\/div>\n                        <div class=\"related-slider-card__content__tags__date\" data-dynamic-date=\"2025-08-26T17:25:13+02:00\">\n                26 ao&ucirc;t 2025\n            <\/div>\n        <\/div>\n        <div class=\"related-slider-card__content__title\">\n            Cadillac annonce ses deux pilotes pour la saison 2026\n        <\/div>\n                    <div class=\"related-slider-card__content__read-more\">\n                Voir plus\n                <i>\n                    <svg width=\"17\" height=\"15\" viewbox=\"0 0 17 15\" fill=\"none\" xmlns=\"http:\/\/www.w3.org\/2000\/svg\">\n<path d=\"M1 6.5C0.447715 6.5 0 6.94772 0 7.5C0 8.05228 0.447715 8.5 1 8.5V6.5ZM16.7071 8.20711C17.0976 7.81658 17.0976 7.18342 16.7071 6.79289L10.3431 0.428932C9.95262 0.0384078 9.31946 0.0384078 8.92893 0.428932C8.53841 0.819457 8.53841 1.45262 8.92893 1.84315L14.5858 7.5L8.92893 13.1569C8.53841 13.5474 8.53841 14.1805 8.92893 14.5711C9.31946 14.9616 9.95262 14.9616 10.3431 14.5711L16.7071 8.20711ZM1 7.5V8.5H8.5V7.5V6.5H1V7.5ZM8.5 7.5V8.5H16V7.5V6.5H8.5V7.5Z\" fill=\"white\"><\/path>\n<\/svg>\n\n                <\/i>\n            <\/div>\n            <\/div>\n<\/a>\n\n                <\/div>\n                            <div class=\"swiper-slide\">\n                    <a class=\"related-slider-card  trk-cta-img\" href=\"https:\/\/theplayoffs.news\/fr\/formule-1\/max-verstappen-confirme-piloter-pour-red-bull-en-2026\/\" title=\"Max Verstappen confirme piloter pour Red Bull en 2026\" data-cta-trk='{\"ctaType\":\"Image\",\"ctaSubType\":\"main\"}'>\n    <div class=\"related-slider-card__image\">\n        <img loading=\"lazy\" decoding=\"async\" width=\"600\" height=\"417\" src=\"https:\/\/theplayoffs.news\/fr\/wp-content\/uploads\/2025\/07\/USATSI_24533992-600x417.jpg\" class=\"attachment-medium size-medium wp-post-image\" alt=\"Max Verstappen\" srcset=\"https:\/\/theplayoffs.news\/fr\/wp-content\/uploads\/2025\/07\/USATSI_24533992-600x417.jpg 600w, https:\/\/theplayoffs.news\/fr\/wp-content\/uploads\/2025\/07\/USATSI_24533992-1200x833.jpg 1200w, https:\/\/theplayoffs.news\/fr\/wp-content\/uploads\/2025\/07\/USATSI_24533992-768x533.jpg 768w, https:\/\/theplayoffs.news\/fr\/wp-content\/uploads\/2025\/07\/USATSI_24533992-1536x1066.jpg 1536w, https:\/\/theplayoffs.news\/fr\/wp-content\/uploads\/2025\/07\/USATSI_24533992-1320x916.jpg 1320w, https:\/\/theplayoffs.news\/fr\/wp-content\/uploads\/2025\/07\/USATSI_24533992.jpg 1920w\" sizes=\"auto, (max-width: 600px) 100vw, 600px\">\n                            <\/div>\n    <div class=\"related-slider-card__content\">\n        <div class=\"related-slider-card__content__tags\">\n                            <div class=\"related-slider-card__content__tags__category\">\n                    Formule 1\n                <\/div>\n                        <div class=\"related-slider-card__content__tags__date\" data-dynamic-date=\"2025-07-31T19:00:43+02:00\">\n                31 juillet 2025\n            <\/div>\n        <\/div>\n        <div class=\"related-slider-card__content__title\">\n            Max Verstappen confirme piloter pour Red Bull en 2026\n        <\/div>\n                    <div class=\"related-slider-card__content__read-more\">\n                Voir plus\n                <i>\n                    <svg width=\"17\" height=\"15\" viewbox=\"0 0 17 15\" fill=\"none\" xmlns=\"http:\/\/www.w3.org\/2000\/svg\">\n<path d=\"M1 6.5C0.447715 6.5 0 6.94772 0 7.5C0 8.05228 0.447715 8.5 1 8.5V6.5ZM16.7071 8.20711C17.0976 7.81658 17.0976 7.18342 16.7071 6.79289L10.3431 0.428932C9.95262 0.0384078 9.31946 0.0384078 8.92893 0.428932C8.53841 0.819457 8.53841 1.45262 8.92893 1.84315L14.5858 7.5L8.92893 13.1569C8.53841 13.5474 8.53841 14.1805 8.92893 14.5711C9.31946 14.9616 9.95262 14.9616 10.3431 14.5711L16.7071 8.20711ZM1 7.5V8.5H8.5V7.5V6.5H1V7.5ZM8.5 7.5V8.5H16V7.5V6.5H8.5V7.5Z\" fill=\"white\"><\/path>\n<\/svg>\n\n                <\/i>\n            <\/div>\n            <\/div>\n<\/a>\n\n                <\/div>\n                            <div class=\"swiper-slide\">\n                    <a class=\"related-slider-card  trk-cta-img\" href=\"https:\/\/theplayoffs.news\/fr\/formule-1\/podcast-f1-le-grand-prix-de-hongrie\/\" title=\"Podcast F1 &ndash; Le Grand Prix de Hongrie\" data-cta-trk='{\"ctaType\":\"Image\",\"ctaSubType\":\"main\"}'>\n    <div class=\"related-slider-card__image\">\n        <img loading=\"lazy\" decoding=\"async\" width=\"600\" height=\"600\" src=\"https:\/\/theplayoffs.news\/fr\/wp-content\/uploads\/2025\/07\/98b9da7db15e013167afa91fae41d8514341f23c0ad8b8d8a8ea53eec27d0955-600x600-1.jpg\" class=\"attachment-medium size-medium wp-post-image\" alt=\"PODCAST F1\" srcset=\"https:\/\/theplayoffs.news\/fr\/wp-content\/uploads\/2025\/07\/98b9da7db15e013167afa91fae41d8514341f23c0ad8b8d8a8ea53eec27d0955-600x600-1.jpg 600w, https:\/\/theplayoffs.news\/fr\/wp-content\/uploads\/2025\/07\/98b9da7db15e013167afa91fae41d8514341f23c0ad8b8d8a8ea53eec27d0955-600x600-1-150x150.jpg 150w\" sizes=\"auto, (max-width: 600px) 100vw, 600px\">\n                            <\/div>\n    <div class=\"related-slider-card__content\">\n        <div class=\"related-slider-card__content__tags\">\n                            <div class=\"related-slider-card__content__tags__category\">\n                    Formule 1\n                <\/div>\n                        <div class=\"related-slider-card__content__tags__date\" data-dynamic-date=\"2025-07-31T16:15:19+02:00\">\n                31 juillet 2025\n            <\/div>\n        <\/div>\n        <div class=\"related-slider-card__content__title\">\n            Podcast F1 &ndash; Le Grand Prix de Hongrie\n        <\/div>\n                    <div class=\"related-slider-card__content__read-more\">\n                Voir plus\n                <i>\n                    <svg width=\"17\" height=\"15\" viewbox=\"0 0 17 15\" fill=\"none\" xmlns=\"http:\/\/www.w3.org\/2000\/svg\">\n<path d=\"M1 6.5C0.447715 6.5 0 6.94772 0 7.5C0 8.05228 0.447715 8.5 1 8.5V6.5ZM16.7071 8.20711C17.0976 7.81658 17.0976 7.18342 16.7071 6.79289L10.3431 0.428932C9.95262 0.0384078 9.31946 0.0384078 8.92893 0.428932C8.53841 0.819457 8.53841 1.45262 8.92893 1.84315L14.5858 7.5L8.92893 13.1569C8.53841 13.5474 8.53841 14.1805 8.92893 14.5711C9.31946 14.9616 9.95262 14.9616 10.3431 14.5711L16.7071 8.20711ZM1 7.5V8.5H8.5V7.5V6.5H1V7.5ZM8.5 7.5V8.5H16V7.5V6.5H8.5V7.5Z\" fill=\"white\"><\/path>\n<\/svg>\n\n                <\/i>\n            <\/div>\n            <\/div>\n<\/a>\n\n                <\/div>\n                    <\/div>\n    <\/div>\n<\/div><p>En attendant, le natif d&rsquo;Hasselt dans le Limbourg va se concentrer sur le pr&eacute;sent, &agrave; savoir &eacute;tablir une relation avec son tout nouveau patron, Laurent Mekies. <\/p><blockquote class=\"wp-block-quote is-layout-flow wp-block-quote-is-layout-flow\">\n<p>&laquo; Je m&rsquo;entends tr&egrave;s bien avec lui, ce qui est d&eacute;j&agrave; un plus &raquo;, a-t-il d&eacute;clar&eacute; aux m&eacute;dias n&eacute;erlandais. &laquo; J&rsquo;esp&egrave;re que nous pourrons continuer &agrave; renforcer notre relation dans les semaines et les mois &agrave; venir. &raquo;<\/p>\n<\/blockquote><p>Cette relation avec Mekies sera importante afin de pouvoir repartir sur de bonnes bases afin de redresser la situation d&eacute;licate pr&eacute;sente chez Red Bull depuis maintenant plus d&rsquo;un an.<\/p><p>Credit: Eric Bolte-Imagn Images<\/p>\n","protected":false},"excerpt":{"rendered":"<p>Max Verstappen est d\u00e9sormais li\u00e9 \u00e0 l&rsquo;\u00e9curie Red Bull pendant la saison 2026 apr\u00e8s une clause devenue d\u00e9finitivement non activable<\/p>\n","protected":false},"author":180310178,"featured_media":1498003,"comment_status":"closed","ping_status":"closed","sticky":false,"template":"","format":"standard","meta":{"inline_featured_image":false,"kia_subtitle":"Max Verstappen est d\u00e9sormais li\u00e9 \u00e0 l'\u00e9curie Red Bull pendant la saison 2026 apr\u00e8s une clause devenue d\u00e9finitivement non activable","_mux_skip_reasons":[],"proofreadBy":0,"footnotes":""},"categories":[8091,8408],"tags":[8093,6556,8094,8113],"sport":[],"saison":[],"class_list":["post-1498002","post","type-post","status-publish","format-standard","has-post-thumbnail","hentry","category-formule-1","category-sports","tag-f1","tag-formule-1","tag-max-verstappen","tag-red-bull"],"acf":[],"yoast_head":"<!-- This site is optimized with the Yoast SEO plugin v24.2 - https:\/\/yoast.com\/wordpress\/plugins\/seo\/ -->\n<title>Max Verstappen ne peut plus d&eacute;clencher sa clause de sortie pour 2026 - The Playoffs FR<\/title>\n<meta name=\"description\" content=\"Max Verstappen est d&eacute;sormais li&eacute; &agrave; l&#039;&eacute;curie Red Bull pendant la saison 2026 apr&egrave;s une clause devenue d&eacute;finitivement non activable\" \/>\n<meta name=\"robots\" content=\"index, follow, max-snippet:-1, max-image-preview:large, max-video-preview:-1\" \/>\n<link rel=\"canonical\" href=\"https:\/\/theplayoffs.news\/fr\/formule-1\/max-verstappen-ne-peut-plus-declencher-sa-clause-de-sortie-pour-2026\/\" \/>\n<meta property=\"og:locale\" content=\"fr_FR\" \/>\n<meta property=\"og:type\" content=\"article\" \/>\n<meta property=\"og:title\" content=\"Max Verstappen ne peut plus d&eacute;clencher sa clause de sortie pour 2026 - The Playoffs FR\" \/>\n<meta property=\"og:description\" content=\"Max Verstappen est d&eacute;sormais li&eacute; &agrave; l&#039;&eacute;curie Red Bull pendant la saison 2026 apr&egrave;s une clause devenue d&eacute;finitivement non activable\" \/>\n<meta property=\"og:url\" content=\"https:\/\/theplayoffs.news\/fr\/formule-1\/max-verstappen-ne-peut-plus-declencher-sa-clause-de-sortie-pour-2026\/\" \/>\n<meta property=\"og:site_name\" content=\"The Playoffs FR\" \/>\n<meta property=\"article:publisher\" content=\"https:\/\/www.facebook.com\/TheFreeAgentFR\/\" \/>\n<meta property=\"article:modified_time\" content=\"2025-07-28T20:30:24+02:00\" \/>\n<meta property=\"og:image\" content=\"https:\/\/theplayoffs.news\/fr\/wp-content\/uploads\/2025\/07\/USATSI_26440025.jpg\" \/>\n\t<meta property=\"og:image:width\" content=\"1920\" \/>\n\t<meta property=\"og:image:height\" content=\"1389\" \/>\n\t<meta property=\"og:image:type\" content=\"image\/jpeg\" \/>\n<meta name=\"author\" content=\"Arthur Berlemont\" \/>\n<meta name=\"twitter:card\" content=\"summary_large_image\" \/>\n<meta name=\"twitter:creator\" content=\"@TheFreeAgentFR\" \/>\n<meta name=\"twitter:site\" content=\"@TheFreeAgentFR\" \/>\n<meta name=\"twitter:label1\" content=\"\u00c9crit par\" \/>\n\t<meta name=\"twitter:data1\" content=\"Arthur Berlemont\" \/>\n\t<meta name=\"twitter:label2\" content=\"Dur\u00e9e de lecture estim\u00e9e\" \/>\n\t<meta name=\"twitter:data2\" content=\"3 minutes\" \/>\n<script type=\"application\/ld+json\" class=\"yoast-schema-graph\">{\"@context\":\"https:\/\/schema.org\",\"@graph\":[{\"@type\":\"WebPage\",\"@id\":\"https:\/\/theplayoffs.news\/fr\/formule-1\/max-verstappen-ne-peut-plus-declencher-sa-clause-de-sortie-pour-2026\/\",\"url\":\"https:\/\/theplayoffs.news\/fr\/formule-1\/max-verstappen-ne-peut-plus-declencher-sa-clause-de-sortie-pour-2026\/\",\"name\":\"Max Verstappen ne peut plus d\u00e9clencher sa clause de sortie pour 2026 - The Playoffs FR\",\"isPartOf\":{\"@id\":\"https:\/\/theplayoffs.news\/fr\/#website\"},\"primaryImageOfPage\":{\"@id\":\"https:\/\/theplayoffs.news\/fr\/formule-1\/max-verstappen-ne-peut-plus-declencher-sa-clause-de-sortie-pour-2026\/#primaryimage\"},\"image\":{\"@id\":\"https:\/\/theplayoffs.news\/fr\/formule-1\/max-verstappen-ne-peut-plus-declencher-sa-clause-de-sortie-pour-2026\/#primaryimage\"},\"thumbnailUrl\":\"https:\/\/theplayoffs.news\/fr\/wp-content\/uploads\/2025\/07\/USATSI_26440025.jpg\",\"datePublished\":\"2025-07-28T18:30:16+00:00\",\"dateModified\":\"2025-07-28T18:30:24+00:00\",\"author\":{\"@id\":\"https:\/\/theplayoffs.news\/fr\/#\/schema\/person\/b6b04a451dab03a5ab75cec8912e8942\"},\"description\":\"Max Verstappen est d\u00e9sormais li\u00e9 \u00e0 l\\\\'\u00e9curie Red Bull pendant la saison 2026 apr\u00e8s une clause devenue d\u00e9finitivement non activable\",\"breadcrumb\":{\"@id\":\"https:\/\/theplayoffs.news\/fr\/formule-1\/max-verstappen-ne-peut-plus-declencher-sa-clause-de-sortie-pour-2026\/#breadcrumb\"},\"inLanguage\":\"fr-FR\",\"potentialAction\":[{\"@type\":\"ReadAction\",\"target\":[\"https:\/\/theplayoffs.news\/fr\/formule-1\/max-verstappen-ne-peut-plus-declencher-sa-clause-de-sortie-pour-2026\/\"]}]},{\"@type\":\"ImageObject\",\"inLanguage\":\"fr-FR\",\"@id\":\"https:\/\/theplayoffs.news\/fr\/formule-1\/max-verstappen-ne-peut-plus-declencher-sa-clause-de-sortie-pour-2026\/#primaryimage\",\"url\":\"https:\/\/theplayoffs.news\/fr\/wp-content\/uploads\/2025\/07\/USATSI_26440025.jpg\",\"contentUrl\":\"https:\/\/theplayoffs.news\/fr\/wp-content\/uploads\/2025\/07\/USATSI_26440025.jpg\",\"width\":1920,\"height\":1389,\"caption\":\"Jun 13, 2025; Montreal, Quebec, Canada; Red Bull Racing driver Max Verstappen (1) during FP1 practice at Circuit Gilles-Villeneuve. Mandatory Credit: Eric Bolte-Imagn Images\"},{\"@type\":\"BreadcrumbList\",\"@id\":\"https:\/\/theplayoffs.news\/fr\/formule-1\/max-verstappen-ne-peut-plus-declencher-sa-clause-de-sortie-pour-2026\/#breadcrumb\",\"itemListElement\":[{\"@type\":\"ListItem\",\"position\":1,\"name\":\"Accueil\",\"item\":\"https:\/\/theplayoffs.news\/fr\/\"},{\"@type\":\"ListItem\",\"position\":2,\"name\":\"Max Verstappen ne peut plus d\u00e9clencher sa clause de sortie pour 2026\"}]},{\"@type\":\"WebSite\",\"@id\":\"https:\/\/theplayoffs.news\/fr\/#website\",\"url\":\"https:\/\/theplayoffs.news\/fr\/\",\"name\":\"The Playoffs FR\",\"description\":\"NBA-NFL-NHL-MLB\",\"potentialAction\":[{\"@type\":\"SearchAction\",\"target\":{\"@type\":\"EntryPoint\",\"urlTemplate\":\"https:\/\/theplayoffs.news\/fr\/?s={search_term_string}\"},\"query-input\":{\"@type\":\"PropertyValueSpecification\",\"valueRequired\":true,\"valueName\":\"search_term_string\"}}],\"inLanguage\":\"fr-FR\"},{\"@type\":\"Person\",\"@id\":\"https:\/\/theplayoffs.news\/fr\/#\/schema\/person\/b6b04a451dab03a5ab75cec8912e8942\",\"name\":\"Arthur Berlemont\",\"image\":{\"@type\":\"ImageObject\",\"inLanguage\":\"fr-FR\",\"@id\":\"https:\/\/theplayoffs.news\/fr\/#\/schema\/person\/image\/\",\"url\":\"https:\/\/secure.gravatar.com\/avatar\/19ddab1d62ab0a19b186b86cee130432b120dd6f085625a6a6757dd1aa90a5f3?s=96&d=mm&r=g\",\"contentUrl\":\"https:\/\/secure.gravatar.com\/avatar\/19ddab1d62ab0a19b186b86cee130432b120dd6f085625a6a6757dd1aa90a5f3?s=96&d=mm&r=g\",\"caption\":\"Arthur Berlemont\"},\"description\":\"Etudiant passionn\u00e9 de sport, avant tout m\u00e9caniques, j\\\\'ai d\u00e9couvert les sports US il y a quelques ann\u00e9es. J\\\\'ai tout de suite accroch\u00e9 pour la ville de Cincinnati et ses franchises de NFL et MLB. Aujourd\\\\'hui, je suis l\u00e0 par passion dans la r\u00e9daction d\\\\'articles sur divers sports que j\\\\'affectionne.\",\"url\":\"https:\/\/theplayoffs.news\/fr\/author\/arthur-berlemontgmail-com\/\"}]}<\/script>\n<!-- \/ Yoast SEO plugin. -->","yoast_head_json":{"title":"Max Verstappen ne peut plus d&eacute;clencher sa clause de sortie pour 2026 - The Playoffs FR","description":"Max Verstappen est d&eacute;sormais li&eacute; &agrave; l&#039;&eacute;curie Red Bull pendant la saison 2026 apr&egrave;s une clause devenue d&eacute;finitivement non activable","robots":{"index":"index","follow":"follow","max-snippet":"max-snippet:-1","max-image-preview":"max-image-preview:large","max-video-preview":"max-video-preview:-1"},"canonical":"https:\/\/theplayoffs.news\/fr\/formule-1\/max-verstappen-ne-peut-plus-declencher-sa-clause-de-sortie-pour-2026\/","og_locale":"fr_FR","og_type":"article","og_title":"Max Verstappen ne peut plus d&eacute;clencher sa clause de sortie pour 2026 - The Playoffs FR","og_description":"Max Verstappen est d&eacute;sormais li&eacute; &agrave; l&#039;&eacute;curie Red Bull pendant la saison 2026 apr&egrave;s une clause devenue d&eacute;finitivement non activable","og_url":"https:\/\/theplayoffs.news\/fr\/formule-1\/max-verstappen-ne-peut-plus-declencher-sa-clause-de-sortie-pour-2026\/","og_site_name":"The Playoffs FR","article_publisher":"https:\/\/www.facebook.com\/TheFreeAgentFR\/","article_modified_time":"2025-07-28T18:30:24+00:00","og_image":[{"width":1920,"height":1389,"url":"https:\/\/theplayoffs.news\/fr\/wp-content\/uploads\/2025\/07\/USATSI_26440025.jpg","type":"image\/jpeg"}],"author":"Arthur Berlemont","twitter_card":"summary_large_image","twitter_creator":"@TheFreeAgentFR","twitter_site":"@TheFreeAgentFR","twitter_misc":{"\u00c9crit par":"Arthur Berlemont","Dur\u00e9e de lecture estim\u00e9e":"3 minutes"},"schema":{"@context":"https:\/\/schema.org","@graph":[{"@type":"WebPage","@id":"https:\/\/theplayoffs.news\/fr\/formule-1\/max-verstappen-ne-peut-plus-declencher-sa-clause-de-sortie-pour-2026\/","url":"https:\/\/theplayoffs.news\/fr\/formule-1\/max-verstappen-ne-peut-plus-declencher-sa-clause-de-sortie-pour-2026\/","name":"Max Verstappen ne peut plus d\u00e9clencher sa clause de sortie pour 2026 - The Playoffs FR","isPartOf":{"@id":"https:\/\/theplayoffs.news\/fr\/#website"},"primaryImageOfPage":{"@id":"https:\/\/theplayoffs.news\/fr\/formule-1\/max-verstappen-ne-peut-plus-declencher-sa-clause-de-sortie-pour-2026\/#primaryimage"},"image":{"@id":"https:\/\/theplayoffs.news\/fr\/formule-1\/max-verstappen-ne-peut-plus-declencher-sa-clause-de-sortie-pour-2026\/#primaryimage"},"thumbnailUrl":"https:\/\/theplayoffs.news\/fr\/wp-content\/uploads\/2025\/07\/USATSI_26440025.jpg","datePublished":"2025-07-28T18:30:16+00:00","dateModified":"2025-07-28T18:30:24+00:00","author":{"@id":"https:\/\/theplayoffs.news\/fr\/#\/schema\/person\/b6b04a451dab03a5ab75cec8912e8942"},"description":"Max Verstappen est d\u00e9sormais li\u00e9 \u00e0 l\\'\u00e9curie Red Bull pendant la saison 2026 apr\u00e8s une clause devenue d\u00e9finitivement non activable","breadcrumb":{"@id":"https:\/\/theplayoffs.news\/fr\/formule-1\/max-verstappen-ne-peut-plus-declencher-sa-clause-de-sortie-pour-2026\/#breadcrumb"},"inLanguage":"fr-FR","potentialAction":[{"@type":"ReadAction","target":["https:\/\/theplayoffs.news\/fr\/formule-1\/max-verstappen-ne-peut-plus-declencher-sa-clause-de-sortie-pour-2026\/"]}]},{"@type":"ImageObject","inLanguage":"fr-FR","@id":"https:\/\/theplayoffs.news\/fr\/formule-1\/max-verstappen-ne-peut-plus-declencher-sa-clause-de-sortie-pour-2026\/#primaryimage","url":"https:\/\/theplayoffs.news\/fr\/wp-content\/uploads\/2025\/07\/USATSI_26440025.jpg","contentUrl":"https:\/\/theplayoffs.news\/fr\/wp-content\/uploads\/2025\/07\/USATSI_26440025.jpg","width":1920,"height":1389,"caption":"Jun 13, 2025; Montreal, Quebec, Canada; Red Bull Racing driver Max Verstappen (1) during FP1 practice at Circuit Gilles-Villeneuve. Mandatory Credit: Eric Bolte-Imagn Images"},{"@type":"BreadcrumbList","@id":"https:\/\/theplayoffs.news\/fr\/formule-1\/max-verstappen-ne-peut-plus-declencher-sa-clause-de-sortie-pour-2026\/#breadcrumb","itemListElement":[{"@type":"ListItem","position":1,"name":"Accueil","item":"https:\/\/theplayoffs.news\/fr\/"},{"@type":"ListItem","position":2,"name":"Max Verstappen ne peut plus d\u00e9clencher sa clause de sortie pour 2026"}]},{"@type":"WebSite","@id":"https:\/\/theplayoffs.news\/fr\/#website","url":"https:\/\/theplayoffs.news\/fr\/","name":"The Playoffs FR","description":"NBA-NFL-NHL-MLB","potentialAction":[{"@type":"SearchAction","target":{"@type":"EntryPoint","urlTemplate":"https:\/\/theplayoffs.news\/fr\/?s={search_term_string}"},"query-input":{"@type":"PropertyValueSpecification","valueRequired":true,"valueName":"search_term_string"}}],"inLanguage":"fr-FR"},{"@type":"Person","@id":"https:\/\/theplayoffs.news\/fr\/#\/schema\/person\/b6b04a451dab03a5ab75cec8912e8942","name":"Arthur Berlemont","image":{"@type":"ImageObject","inLanguage":"fr-FR","@id":"https:\/\/theplayoffs.news\/fr\/#\/schema\/person\/image\/","url":"https:\/\/secure.gravatar.com\/avatar\/19ddab1d62ab0a19b186b86cee130432b120dd6f085625a6a6757dd1aa90a5f3?s=96&d=mm&r=g","contentUrl":"https:\/\/secure.gravatar.com\/avatar\/19ddab1d62ab0a19b186b86cee130432b120dd6f085625a6a6757dd1aa90a5f3?s=96&d=mm&r=g","caption":"Arthur Berlemont"},"description":"Etudiant passionn\u00e9 de sport, avant tout m\u00e9caniques, j\\'ai d\u00e9couvert les sports US il y a quelques ann\u00e9es. J\\'ai tout de suite accroch\u00e9 pour la ville de Cincinnati et ses franchises de NFL et MLB. Aujourd\\'hui, je suis l\u00e0 par passion dans la r\u00e9daction d\\'articles sur divers sports que j\\'affectionne.","url":"https:\/\/theplayoffs.news\/fr\/author\/arthur-berlemontgmail-com\/"}]}},"_links":{"self":[{"href":"https:\/\/theplayoffs.news\/fr\/wp-json\/wp\/v2\/posts\/1498002","targetHints":{"allow":["GET"]}}],"collection":[{"href":"https:\/\/theplayoffs.news\/fr\/wp-json\/wp\/v2\/posts"}],"about":[{"href":"https:\/\/theplayoffs.news\/fr\/wp-json\/wp\/v2\/types\/post"}],"author":[{"embeddable":true,"href":"https:\/\/theplayoffs.news\/fr\/wp-json\/wp\/v2\/users\/180310178"}],"replies":[{"embeddable":true,"href":"https:\/\/theplayoffs.news\/fr\/wp-json\/wp\/v2\/comments?post=1498002"}],"version-history":[{"count":1,"href":"https:\/\/theplayoffs.news\/fr\/wp-json\/wp\/v2\/posts\/1498002\/revisions"}],"predecessor-version":[{"id":1498004,"href":"https:\/\/theplayoffs.news\/fr\/wp-json\/wp\/v2\/posts\/1498002\/revisions\/1498004"}],"wp:featuredmedia":[{"embeddable":true,"href":"https:\/\/theplayoffs.news\/fr\/wp-json\/wp\/v2\/media\/1498003"}],"wp:attachment":[{"href":"https:\/\/theplayoffs.news\/fr\/wp-json\/wp\/v2\/media?parent=1498002"}],"wp:term":[{"taxonomy":"category","embeddable":true,"href":"https:\/\/theplayoffs.news\/fr\/wp-json\/wp\/v2\/categories?post=1498002"},{"taxonomy":"post_tag","embeddable":true,"href":"https:\/\/theplayoffs.news\/fr\/wp-json\/wp\/v2\/tags?post=1498002"},{"taxonomy":"sport","embeddable":true,"href":"https:\/\/theplayoffs.news\/fr\/wp-json\/wp\/v2\/sport?post=1498002"},{"taxonomy":"saison","embeddable":true,"href":"https:\/\/theplayoffs.news\/fr\/wp-json\/wp\/v2\/saison?post=1498002"}],"curies":[{"name":"wp","href":"https:\/\/api.w.org\/{rel}","templated":true}]}}