{"id":1497961,"date":"2025-07-27T08:04:00","date_gmt":"2025-07-27T06:04:00","guid":{"rendered":"https:\/\/theplayoffs.news\/fr\/uncategorized\/\/"},"modified":"2025-07-27T08:04:11","modified_gmt":"2025-07-27T06:04:11","slug":"vikings-josh-metellus-prolonge-avec-minnesota","status":"publish","type":"post","link":"https:\/\/theplayoffs.news\/fr\/actualite-nfl\/vikings-josh-metellus-prolonge-avec-minnesota\/","title":{"rendered":"Vikings: Josh Metellus prolonge avec Minnesota!"},"content":{"rendered":"<p>Les <a href=\"https:\/\/theplayoffs.news\/fr\/actualite-nfl\/preview-nfl-2025-minnesota-vikings\/\" class=\"trk-cta-link\" data-cta-trk='{\"ctaType\":\"Link\",\"ctaSubType\":\"main\"}'>Minnesota Vikings<\/a> ont officialis&eacute; la prolongation de contrat du safety Josh Metellus, figure montante de leur d&eacute;fense. Le joueur de 27 ans s&rsquo;est engag&eacute; pour trois saisons suppl&eacute;mentaires, pour un montant de 36 millions de dollars garantis, pouvant atteindre 42 millions avec les bonus, selon les informations d&rsquo;ESPN et de son agent, Drew Rosenhaus.<\/p><blockquote class=\"twitter-tweet\"><p lang=\"en\" dir=\"ltr\">Safety Josh Metellus and the Vikings reached agreement today on a three-year, $36 million contract extension with a max value of $42 million that includes $25 million guaranteed, per agent Drew Rosenhaus. <a href=\"https:\/\/t.co\/AWExTq3axq\" class=\"trk-cta-link\" data-cta-trk='{\"ctaType\":\"Link\",\"ctaSubType\":\"main\"}'>pic.twitter.com\/AWExTq3axq<\/a><\/p>&mdash; Adam Schefter (@AdamSchefter) <a href=\"https:\/\/twitter.com\/AdamSchefter\/status\/1949168163737780729?ref_src=twsrc%5Etfw\" class=\"trk-cta-link\" data-cta-trk='{\"ctaType\":\"Link\",\"ctaSubType\":\"main\"}'>July 26, 2025<\/a><\/blockquote><script async src=\"https:\/\/platform.twitter.com\/widgets.js\" charset=\"utf-8\"><\/script><p>Cette prolongation r&eacute;compense deux ann&eacute;es de haute vol&eacute;e pour Metellus, dont l&rsquo;impact ne cesse de cro&icirc;tre au sein de l&rsquo;arri&egrave;re-garde des Vikings. Malgr&eacute; les n&eacute;gociations contractuelles en cours ces derni&egrave;res semaines, le safety a tenu &agrave; rester professionnel jusqu&rsquo;au bout, participant pleinement au camp d&rsquo;entra&icirc;nement estival sans interruption.<\/p><p>Arriv&eacute; en NFL en 2020, Metellus s&rsquo;est impos&eacute; au fil des saisons comme un joueur essentiel gr&acirc;ce &agrave; sa polyvalence rare. Capable d&rsquo;&eacute;voluer comme safety traditionnel, nickel corner ou linebacker hybride dans certains sch&eacute;mas d&eacute;fensifs, il est devenu une v&eacute;ritable pi&egrave;ce ma&icirc;tresse du syst&egrave;me d&eacute;fensif mis en place par le coordinateur Brian Flores.<\/p><p>Ses statistiques sur les deux derni&egrave;res saisons parlent d&rsquo;elles-m&ecirc;mes: 219 plaquages, 3 interceptions, 9 plaquages pour perte, 5 fumbles forc&eacute;s et 2,5 sacks. Autant de chiffres qui traduisent son sens du jeu, sa capacit&eacute; &agrave; lire les actions adverses et son &eacute;nergie constante sur le terrain.<\/p><p>En s&rsquo;inscrivant dans la dur&eacute;e avec Minnesota, Josh Metellus s&rsquo;impose non seulement comme un leader d&eacute;fensif, mais aussi comme un symbole de l&rsquo;identit&eacute; nouvelle que les Vikings souhaitent forger pour les ann&eacute;es &agrave; venir.<\/p><p>Cr&eacute;dit photo: &copy; Joe Nicholson-Imagn Images<\/p>\n","protected":false},"excerpt":{"rendered":"<p>NFL &#8211; Le d\u00e9fenseur des Minnesota Vikings, Josh Metellus, a prolong\u00e9 son contrat avec la franchise de NFC Nord<\/p>\n","protected":false},"author":180309964,"featured_media":1497962,"comment_status":"closed","ping_status":"closed","sticky":false,"template":"","format":"standard","meta":{"inline_featured_image":false,"kia_subtitle":"NFL - Le d\u00e9fenseur des Minnesota Vikings, Josh Metellus, a prolong\u00e9 son contrat avec la franchise de NFC Nord","_mux_skip_reasons":[],"proofreadBy":0,"footnotes":""},"categories":[118,8410,40,8408],"tags":[8803,744],"sport":[2785],"saison":[7475],"class_list":["post-1497961","post","type-post","status-publish","format-standard","has-post-thumbnail","hentry","category-actualite-nfl","category-football-americain","category-nfl","category-sports","tag-josh-metellus","tag-minnesota-vikings","sport-nfl","saison-7475"],"acf":[],"yoast_head":"<!-- This site is optimized with the Yoast SEO plugin v24.2 - https:\/\/yoast.com\/wordpress\/plugins\/seo\/ -->\n<title>Vikings: Josh Metellus prolonge avec Minnesota! - The Playoffs FR<\/title>\n<meta name=\"robots\" content=\"index, follow, max-snippet:-1, max-image-preview:large, max-video-preview:-1\" \/>\n<link rel=\"canonical\" href=\"https:\/\/theplayoffs.news\/fr\/actualite-nfl\/vikings-josh-metellus-prolonge-avec-minnesota\/\" \/>\n<meta property=\"og:locale\" content=\"fr_FR\" \/>\n<meta property=\"og:type\" content=\"article\" \/>\n<meta property=\"og:title\" content=\"Vikings: Josh Metellus prolonge avec Minnesota! - The Playoffs FR\" \/>\n<meta property=\"og:description\" content=\"NFL - Le d&eacute;fenseur des Minnesota Vikings, Josh Metellus, a prolong&eacute; son contrat avec la franchise de NFC Nord\" \/>\n<meta property=\"og:url\" content=\"https:\/\/theplayoffs.news\/fr\/actualite-nfl\/vikings-josh-metellus-prolonge-avec-minnesota\/\" \/>\n<meta property=\"og:site_name\" content=\"The Playoffs FR\" \/>\n<meta property=\"article:publisher\" content=\"https:\/\/www.facebook.com\/TheFreeAgentFR\/\" \/>\n<meta property=\"article:modified_time\" content=\"2025-07-27T08:04:11+02:00\" \/>\n<meta property=\"og:image\" content=\"https:\/\/theplayoffs.news\/fr\/wp-content\/uploads\/2025\/07\/USATSI_25049703.jpg\" \/>\n\t<meta property=\"og:image:width\" content=\"1920\" \/>\n\t<meta property=\"og:image:height\" content=\"1280\" \/>\n\t<meta property=\"og:image:type\" content=\"image\/jpeg\" \/>\n<meta name=\"author\" content=\"Flavien Jumeau\" \/>\n<meta name=\"twitter:card\" content=\"summary_large_image\" \/>\n<meta name=\"twitter:creator\" content=\"@TheFreeAgentFR\" \/>\n<meta name=\"twitter:site\" content=\"@TheFreeAgentFR\" \/>\n<meta name=\"twitter:label1\" content=\"\u00c9crit par\" \/>\n\t<meta name=\"twitter:data1\" content=\"Flavien Jumeau\" \/>\n\t<meta name=\"twitter:label2\" content=\"Dur\u00e9e de lecture estim\u00e9e\" \/>\n\t<meta name=\"twitter:data2\" content=\"2 minutes\" \/>\n<script type=\"application\/ld+json\" class=\"yoast-schema-graph\">{\"@context\":\"https:\/\/schema.org\",\"@graph\":[{\"@type\":\"WebPage\",\"@id\":\"https:\/\/theplayoffs.news\/fr\/actualite-nfl\/vikings-josh-metellus-prolonge-avec-minnesota\/\",\"url\":\"https:\/\/theplayoffs.news\/fr\/actualite-nfl\/vikings-josh-metellus-prolonge-avec-minnesota\/\",\"name\":\"Vikings: Josh Metellus prolonge avec Minnesota! - The Playoffs FR\",\"isPartOf\":{\"@id\":\"https:\/\/theplayoffs.news\/fr\/#website\"},\"primaryImageOfPage\":{\"@id\":\"https:\/\/theplayoffs.news\/fr\/actualite-nfl\/vikings-josh-metellus-prolonge-avec-minnesota\/#primaryimage\"},\"image\":{\"@id\":\"https:\/\/theplayoffs.news\/fr\/actualite-nfl\/vikings-josh-metellus-prolonge-avec-minnesota\/#primaryimage\"},\"thumbnailUrl\":\"https:\/\/theplayoffs.news\/fr\/wp-content\/uploads\/2025\/07\/USATSI_25049703.jpg\",\"datePublished\":\"2025-07-27T06:04:00+00:00\",\"dateModified\":\"2025-07-27T06:04:11+00:00\",\"author\":{\"@id\":\"https:\/\/theplayoffs.news\/fr\/#\/schema\/person\/def63bc6746dc5957469b75feb99e66d\"},\"breadcrumb\":{\"@id\":\"https:\/\/theplayoffs.news\/fr\/actualite-nfl\/vikings-josh-metellus-prolonge-avec-minnesota\/#breadcrumb\"},\"inLanguage\":\"fr-FR\",\"potentialAction\":[{\"@type\":\"ReadAction\",\"target\":[\"https:\/\/theplayoffs.news\/fr\/actualite-nfl\/vikings-josh-metellus-prolonge-avec-minnesota\/\"]}]},{\"@type\":\"ImageObject\",\"inLanguage\":\"fr-FR\",\"@id\":\"https:\/\/theplayoffs.news\/fr\/actualite-nfl\/vikings-josh-metellus-prolonge-avec-minnesota\/#primaryimage\",\"url\":\"https:\/\/theplayoffs.news\/fr\/wp-content\/uploads\/2025\/07\/USATSI_25049703.jpg\",\"contentUrl\":\"https:\/\/theplayoffs.news\/fr\/wp-content\/uploads\/2025\/07\/USATSI_25049703.jpg\",\"width\":1920,\"height\":1280,\"caption\":\"Dec 22, 2024; Seattle, Washington, USA; Minnesota Vikings safety Josh Metellus (44) poses for a photo following a Seattle Seahawks turnover during the fourth quarter at Lumen Field. Mandatory Credit: Joe Nicholson-Imagn Images\"},{\"@type\":\"BreadcrumbList\",\"@id\":\"https:\/\/theplayoffs.news\/fr\/actualite-nfl\/vikings-josh-metellus-prolonge-avec-minnesota\/#breadcrumb\",\"itemListElement\":[{\"@type\":\"ListItem\",\"position\":1,\"name\":\"Accueil\",\"item\":\"https:\/\/theplayoffs.news\/fr\/\"},{\"@type\":\"ListItem\",\"position\":2,\"name\":\"Vikings: Josh Metellus prolonge avec Minnesota!\"}]},{\"@type\":\"WebSite\",\"@id\":\"https:\/\/theplayoffs.news\/fr\/#website\",\"url\":\"https:\/\/theplayoffs.news\/fr\/\",\"name\":\"The Playoffs FR\",\"description\":\"NBA-NFL-NHL-MLB\",\"potentialAction\":[{\"@type\":\"SearchAction\",\"target\":{\"@type\":\"EntryPoint\",\"urlTemplate\":\"https:\/\/theplayoffs.news\/fr\/?s={search_term_string}\"},\"query-input\":{\"@type\":\"PropertyValueSpecification\",\"valueRequired\":true,\"valueName\":\"search_term_string\"}}],\"inLanguage\":\"fr-FR\"},{\"@type\":\"Person\",\"@id\":\"https:\/\/theplayoffs.news\/fr\/#\/schema\/person\/def63bc6746dc5957469b75feb99e66d\",\"name\":\"Flavien Jumeau\",\"image\":{\"@type\":\"ImageObject\",\"inLanguage\":\"fr-FR\",\"@id\":\"https:\/\/theplayoffs.news\/fr\/#\/schema\/person\/image\/\",\"url\":\"https:\/\/secure.gravatar.com\/avatar\/e7fa8ba5a4b7e4ce35fe152f083f352db28ad0acce692004ed88a7a7d78893f7?s=96&d=mm&r=g\",\"contentUrl\":\"https:\/\/secure.gravatar.com\/avatar\/e7fa8ba5a4b7e4ce35fe152f083f352db28ad0acce692004ed88a7a7d78893f7?s=96&d=mm&r=g\",\"caption\":\"Flavien Jumeau\"},\"description\":\"Amoureux du sport (et de vraiment tous les sports) depuis mon plus jeune \u00e2ge, j\u2019ai longtemps h\u00e9site entre le snooker et le curling. Finalement c\u2019est le foot US que j\u2019ai d\u00e9cid\u00e9 de choisir! Responsable foot US sur TPO et animateur du podcast Tailgate j\u2019ai pour mission de vous faire d\u00e9couvrir ce sport passionnant si ce n\u2019est pas encore fait et de vous donner les derni\u00e8res actus. Le tout dans la bonne humeur et avec toujours un jeu de mots ou deux savamment distill\u00e9s! Fan des Saints, pour moi Drew Brees est le vrai GOAT!\",\"url\":\"https:\/\/theplayoffs.news\/fr\/author\/flavien-jumeaugmail-com\/\"}]}<\/script>\n<!-- \/ Yoast SEO plugin. -->","yoast_head_json":{"title":"Vikings: Josh Metellus prolonge avec Minnesota! - The Playoffs FR","robots":{"index":"index","follow":"follow","max-snippet":"max-snippet:-1","max-image-preview":"max-image-preview:large","max-video-preview":"max-video-preview:-1"},"canonical":"https:\/\/theplayoffs.news\/fr\/actualite-nfl\/vikings-josh-metellus-prolonge-avec-minnesota\/","og_locale":"fr_FR","og_type":"article","og_title":"Vikings: Josh Metellus prolonge avec Minnesota! - The Playoffs FR","og_description":"NFL - Le d&eacute;fenseur des Minnesota Vikings, Josh Metellus, a prolong&eacute; son contrat avec la franchise de NFC Nord","og_url":"https:\/\/theplayoffs.news\/fr\/actualite-nfl\/vikings-josh-metellus-prolonge-avec-minnesota\/","og_site_name":"The Playoffs FR","article_publisher":"https:\/\/www.facebook.com\/TheFreeAgentFR\/","article_modified_time":"2025-07-27T06:04:11+00:00","og_image":[{"width":1920,"height":1280,"url":"https:\/\/theplayoffs.news\/fr\/wp-content\/uploads\/2025\/07\/USATSI_25049703.jpg","type":"image\/jpeg"}],"author":"Flavien Jumeau","twitter_card":"summary_large_image","twitter_creator":"@TheFreeAgentFR","twitter_site":"@TheFreeAgentFR","twitter_misc":{"\u00c9crit par":"Flavien Jumeau","Dur\u00e9e de lecture estim\u00e9e":"2 minutes"},"schema":{"@context":"https:\/\/schema.org","@graph":[{"@type":"WebPage","@id":"https:\/\/theplayoffs.news\/fr\/actualite-nfl\/vikings-josh-metellus-prolonge-avec-minnesota\/","url":"https:\/\/theplayoffs.news\/fr\/actualite-nfl\/vikings-josh-metellus-prolonge-avec-minnesota\/","name":"Vikings: Josh Metellus prolonge avec Minnesota! - The Playoffs FR","isPartOf":{"@id":"https:\/\/theplayoffs.news\/fr\/#website"},"primaryImageOfPage":{"@id":"https:\/\/theplayoffs.news\/fr\/actualite-nfl\/vikings-josh-metellus-prolonge-avec-minnesota\/#primaryimage"},"image":{"@id":"https:\/\/theplayoffs.news\/fr\/actualite-nfl\/vikings-josh-metellus-prolonge-avec-minnesota\/#primaryimage"},"thumbnailUrl":"https:\/\/theplayoffs.news\/fr\/wp-content\/uploads\/2025\/07\/USATSI_25049703.jpg","datePublished":"2025-07-27T06:04:00+00:00","dateModified":"2025-07-27T06:04:11+00:00","author":{"@id":"https:\/\/theplayoffs.news\/fr\/#\/schema\/person\/def63bc6746dc5957469b75feb99e66d"},"breadcrumb":{"@id":"https:\/\/theplayoffs.news\/fr\/actualite-nfl\/vikings-josh-metellus-prolonge-avec-minnesota\/#breadcrumb"},"inLanguage":"fr-FR","potentialAction":[{"@type":"ReadAction","target":["https:\/\/theplayoffs.news\/fr\/actualite-nfl\/vikings-josh-metellus-prolonge-avec-minnesota\/"]}]},{"@type":"ImageObject","inLanguage":"fr-FR","@id":"https:\/\/theplayoffs.news\/fr\/actualite-nfl\/vikings-josh-metellus-prolonge-avec-minnesota\/#primaryimage","url":"https:\/\/theplayoffs.news\/fr\/wp-content\/uploads\/2025\/07\/USATSI_25049703.jpg","contentUrl":"https:\/\/theplayoffs.news\/fr\/wp-content\/uploads\/2025\/07\/USATSI_25049703.jpg","width":1920,"height":1280,"caption":"Dec 22, 2024; Seattle, Washington, USA; Minnesota Vikings safety Josh Metellus (44) poses for a photo following a Seattle Seahawks turnover during the fourth quarter at Lumen Field. Mandatory Credit: Joe Nicholson-Imagn Images"},{"@type":"BreadcrumbList","@id":"https:\/\/theplayoffs.news\/fr\/actualite-nfl\/vikings-josh-metellus-prolonge-avec-minnesota\/#breadcrumb","itemListElement":[{"@type":"ListItem","position":1,"name":"Accueil","item":"https:\/\/theplayoffs.news\/fr\/"},{"@type":"ListItem","position":2,"name":"Vikings: Josh Metellus prolonge avec Minnesota!"}]},{"@type":"WebSite","@id":"https:\/\/theplayoffs.news\/fr\/#website","url":"https:\/\/theplayoffs.news\/fr\/","name":"The Playoffs FR","description":"NBA-NFL-NHL-MLB","potentialAction":[{"@type":"SearchAction","target":{"@type":"EntryPoint","urlTemplate":"https:\/\/theplayoffs.news\/fr\/?s={search_term_string}"},"query-input":{"@type":"PropertyValueSpecification","valueRequired":true,"valueName":"search_term_string"}}],"inLanguage":"fr-FR"},{"@type":"Person","@id":"https:\/\/theplayoffs.news\/fr\/#\/schema\/person\/def63bc6746dc5957469b75feb99e66d","name":"Flavien Jumeau","image":{"@type":"ImageObject","inLanguage":"fr-FR","@id":"https:\/\/theplayoffs.news\/fr\/#\/schema\/person\/image\/","url":"https:\/\/secure.gravatar.com\/avatar\/e7fa8ba5a4b7e4ce35fe152f083f352db28ad0acce692004ed88a7a7d78893f7?s=96&d=mm&r=g","contentUrl":"https:\/\/secure.gravatar.com\/avatar\/e7fa8ba5a4b7e4ce35fe152f083f352db28ad0acce692004ed88a7a7d78893f7?s=96&d=mm&r=g","caption":"Flavien Jumeau"},"description":"Amoureux du sport (et de vraiment tous les sports) depuis mon plus jeune \u00e2ge, j\u2019ai longtemps h\u00e9site entre le snooker et le curling. Finalement c\u2019est le foot US que j\u2019ai d\u00e9cid\u00e9 de choisir! Responsable foot US sur TPO et animateur du podcast Tailgate j\u2019ai pour mission de vous faire d\u00e9couvrir ce sport passionnant si ce n\u2019est pas encore fait et de vous donner les derni\u00e8res actus. Le tout dans la bonne humeur et avec toujours un jeu de mots ou deux savamment distill\u00e9s! Fan des Saints, pour moi Drew Brees est le vrai GOAT!","url":"https:\/\/theplayoffs.news\/fr\/author\/flavien-jumeaugmail-com\/"}]}},"_links":{"self":[{"href":"https:\/\/theplayoffs.news\/fr\/wp-json\/wp\/v2\/posts\/1497961","targetHints":{"allow":["GET"]}}],"collection":[{"href":"https:\/\/theplayoffs.news\/fr\/wp-json\/wp\/v2\/posts"}],"about":[{"href":"https:\/\/theplayoffs.news\/fr\/wp-json\/wp\/v2\/types\/post"}],"author":[{"embeddable":true,"href":"https:\/\/theplayoffs.news\/fr\/wp-json\/wp\/v2\/users\/180309964"}],"replies":[{"embeddable":true,"href":"https:\/\/theplayoffs.news\/fr\/wp-json\/wp\/v2\/comments?post=1497961"}],"version-history":[{"count":1,"href":"https:\/\/theplayoffs.news\/fr\/wp-json\/wp\/v2\/posts\/1497961\/revisions"}],"predecessor-version":[{"id":1497963,"href":"https:\/\/theplayoffs.news\/fr\/wp-json\/wp\/v2\/posts\/1497961\/revisions\/1497963"}],"wp:featuredmedia":[{"embeddable":true,"href":"https:\/\/theplayoffs.news\/fr\/wp-json\/wp\/v2\/media\/1497962"}],"wp:attachment":[{"href":"https:\/\/theplayoffs.news\/fr\/wp-json\/wp\/v2\/media?parent=1497961"}],"wp:term":[{"taxonomy":"category","embeddable":true,"href":"https:\/\/theplayoffs.news\/fr\/wp-json\/wp\/v2\/categories?post=1497961"},{"taxonomy":"post_tag","embeddable":true,"href":"https:\/\/theplayoffs.news\/fr\/wp-json\/wp\/v2\/tags?post=1497961"},{"taxonomy":"sport","embeddable":true,"href":"https:\/\/theplayoffs.news\/fr\/wp-json\/wp\/v2\/sport?post=1497961"},{"taxonomy":"saison","embeddable":true,"href":"https:\/\/theplayoffs.news\/fr\/wp-json\/wp\/v2\/saison?post=1497961"}],"curies":[{"name":"wp","href":"https:\/\/api.w.org\/{rel}","templated":true}]}}