{"id":1497938,"date":"2025-07-25T21:03:12","date_gmt":"2025-07-25T19:03:12","guid":{"rendered":"https:\/\/theplayoffs.news\/fr\/uncategorized\/\/"},"modified":"2025-07-25T21:03:22","modified_gmt":"2025-07-25T19:03:22","slug":"trade-mlb-ryan-mcmahon-debarque-chez-les-yankees","status":"publish","type":"post","link":"https:\/\/theplayoffs.news\/fr\/actualite-mlb\/trade-mlb-ryan-mcmahon-debarque-chez-les-yankees\/","title":{"rendered":"Trade MLB: Ryan McMahon d\u00e9barque chez les Yankees!"},"content":{"rendered":"<p>C&rsquo;est un nouveau trade qui vient d&rsquo;&ecirc;tre officialis&eacute; ce vendredi soir en MLB. <strong>Ryan McMahon<\/strong>, troisi&egrave;me base des Colorado Rockies, rejoint les <strong>New York Yankees<\/strong>. L&rsquo;information, rapport&eacute;e par Mark Feinsand, marque un renfort majeur pour la franchise new-yorkaise qui semblait suivre de proche le dossier McMahon depuis d&eacute;j&agrave; plusieurs semaines.<\/p><blockquote class=\"twitter-tweet\"><p lang=\"en\" dir=\"ltr\">Breaking: The Yankees are acquiring 3B Ryan McMahon from the Rockies, per source. Colorado will receive two prospects in return.<\/p>&mdash; Mark Feinsand (@Feinsand) <a href=\"https:\/\/twitter.com\/Feinsand\/status\/1948800728090472467?ref_src=twsrc%5Etfw\" class=\"trk-cta-link\" data-cta-trk='{\"ctaType\":\"Link\",\"ctaSubType\":\"main\"}'>July 25, 2025<\/a><\/blockquote><script async src=\"https:\/\/platform.twitter.com\/widgets.js\" charset=\"utf-8\"><\/script><p>En &eacute;change, les Colorado Rockies, en grande difficult&eacute; dans cette saison 2025, r&eacute;cup&egrave;rent deux lanceurs: Griffin Herring, gaucher, et Josh Grosz, droitier. Un &eacute;change strat&eacute;gique pour Colorado, en pleine reconstruction, qui mise sur le potentiel de ces jeunes bras pour renforcer sa rotation &agrave; moyen terme.<\/p><p>&Acirc;g&eacute; de 30 ans, McMahon est un joueur d&rsquo;exp&eacute;rience, reconnu pour sa solidit&eacute; d&eacute;fensive et sa puissance au b&acirc;ton. S&rsquo;il affiche cette saison une ligne offensive en demi-teinte (.217\/.314\/.403, 16 home runs, 35 points produits), il n&rsquo;en reste pas moins un frappeur dangereux, capable de changer l&rsquo;issue d&rsquo;un match &agrave; tout moment. En 2024, il avait &eacute;t&eacute; s&eacute;lectionn&eacute; au All-Star Game, terminant la saison avec 20 home runs. Un chiffre qu&rsquo;il a d&rsquo;ailleurs atteint dans cinq de ses six derni&egrave;res saisons au sein de la MLB.<\/p><p>Son arriv&eacute;e r&eacute;pond &agrave; une urgence criante dans le Bronx. Les Yankees peinent depuis plusieurs semaines &agrave; trouver un titulaire cr&eacute;dible en troisi&egrave;me base. Oswald Peraza (.147 AVG, .446 OPS) et Jorbit Vivas (.164 AVG) n&rsquo;ont pas su s&rsquo;imposer, laissant un vide que McMahon pourrait combler imm&eacute;diatement, malgr&eacute; ses 127 retraits sur prises, plus haut total pour un joueur au sein de la Ligue Nationale.<\/p><p><a href=\"https:\/\/theplayoffs.news\/fr\/actualite-mlb\/yankees-victoire-mariners-deficit-cinq-points\/\" class=\"trk-cta-link\" data-cta-trk='{\"ctaType\":\"Link\",\"ctaSubType\":\"main\"}'>New York<\/a> avait aussi manifest&eacute; un int&eacute;r&ecirc;t pour Eugenio Su&aacute;rez (Arizona), mais les discussions n&rsquo;ont pas abouti. Finalement, c&rsquo;est McMahon qui fait ses valises pour le Yankee Stadium, avec l&rsquo;ambition de relancer une saison new-yorkaise jusque-l&agrave; assez irr&eacute;guli&egrave;re (56 victoires &ndash; 46 d&eacute;faites).<\/p><p>Cr&eacute;dit photo: &copy; Ron Chenoy-Imagn Images<\/p>\n","protected":false},"excerpt":{"rendered":"<p>MLB &#8211; Les New York Yankees ont acquis Ryan McMahon ce vendredi<\/p>\n","protected":false},"author":180309799,"featured_media":1497939,"comment_status":"closed","ping_status":"closed","sticky":false,"template":"","format":"standard","meta":{"inline_featured_image":false,"kia_subtitle":"MLB - Les New York Yankees ont acquis Ryan McMahon ce vendredi","_mux_skip_reasons":[],"proofreadBy":0,"footnotes":""},"categories":[188,8413,9,8408],"tags":[29,717,8802],"sport":[2786],"saison":[7475],"class_list":["post-1497938","post","type-post","status-publish","format-standard","has-post-thumbnail","hentry","category-actualite-mlb","category-baseball-sports","category-mlb","category-sports","tag-mlb","tag-new-york-yankees","tag-ryan-mcmahon","sport-mlb","saison-7475"],"acf":[],"yoast_head":"<!-- This site is optimized with the Yoast SEO plugin v24.2 - https:\/\/yoast.com\/wordpress\/plugins\/seo\/ -->\n<title>Trade MLB: Ryan McMahon d&eacute;barque chez les Yankees! - The Playoffs FR<\/title>\n<meta name=\"robots\" content=\"index, follow, max-snippet:-1, max-image-preview:large, max-video-preview:-1\" \/>\n<link rel=\"canonical\" href=\"https:\/\/theplayoffs.news\/fr\/actualite-mlb\/trade-mlb-ryan-mcmahon-debarque-chez-les-yankees\/\" \/>\n<meta property=\"og:locale\" content=\"fr_FR\" \/>\n<meta property=\"og:type\" content=\"article\" \/>\n<meta property=\"og:title\" content=\"Trade MLB: Ryan McMahon d&eacute;barque chez les Yankees! - The Playoffs FR\" \/>\n<meta property=\"og:description\" content=\"MLB - Les New York Yankees ont acquis Ryan McMahon ce vendredi\" \/>\n<meta property=\"og:url\" content=\"https:\/\/theplayoffs.news\/fr\/actualite-mlb\/trade-mlb-ryan-mcmahon-debarque-chez-les-yankees\/\" \/>\n<meta property=\"og:site_name\" content=\"The Playoffs FR\" \/>\n<meta property=\"article:publisher\" content=\"https:\/\/www.facebook.com\/TheFreeAgentFR\/\" \/>\n<meta property=\"article:modified_time\" content=\"2025-07-25T21:03:22+02:00\" \/>\n<meta property=\"og:image\" content=\"https:\/\/theplayoffs.news\/fr\/wp-content\/uploads\/2025\/07\/USATSI_26687815.jpg\" \/>\n\t<meta property=\"og:image:width\" content=\"1920\" \/>\n\t<meta property=\"og:image:height\" content=\"1284\" \/>\n\t<meta property=\"og:image:type\" content=\"image\/jpeg\" \/>\n<meta name=\"author\" content=\"La r\u00e9daction\" \/>\n<meta name=\"twitter:card\" content=\"summary_large_image\" \/>\n<meta name=\"twitter:creator\" content=\"@TheFreeAgentFR\" \/>\n<meta name=\"twitter:site\" content=\"@TheFreeAgentFR\" \/>\n<meta name=\"twitter:label1\" content=\"\u00c9crit par\" \/>\n\t<meta name=\"twitter:data1\" content=\"La r\u00e9daction\" \/>\n\t<meta name=\"twitter:label2\" content=\"Dur\u00e9e de lecture estim\u00e9e\" \/>\n\t<meta name=\"twitter:data2\" content=\"2 minutes\" \/>\n<script type=\"application\/ld+json\" class=\"yoast-schema-graph\">{\"@context\":\"https:\/\/schema.org\",\"@graph\":[{\"@type\":\"WebPage\",\"@id\":\"https:\/\/theplayoffs.news\/fr\/actualite-mlb\/trade-mlb-ryan-mcmahon-debarque-chez-les-yankees\/\",\"url\":\"https:\/\/theplayoffs.news\/fr\/actualite-mlb\/trade-mlb-ryan-mcmahon-debarque-chez-les-yankees\/\",\"name\":\"Trade MLB: Ryan McMahon d\u00e9barque chez les Yankees! - The Playoffs FR\",\"isPartOf\":{\"@id\":\"https:\/\/theplayoffs.news\/fr\/#website\"},\"primaryImageOfPage\":{\"@id\":\"https:\/\/theplayoffs.news\/fr\/actualite-mlb\/trade-mlb-ryan-mcmahon-debarque-chez-les-yankees\/#primaryimage\"},\"image\":{\"@id\":\"https:\/\/theplayoffs.news\/fr\/actualite-mlb\/trade-mlb-ryan-mcmahon-debarque-chez-les-yankees\/#primaryimage\"},\"thumbnailUrl\":\"https:\/\/theplayoffs.news\/fr\/wp-content\/uploads\/2025\/07\/USATSI_26687815.jpg\",\"datePublished\":\"2025-07-25T19:03:12+00:00\",\"dateModified\":\"2025-07-25T19:03:22+00:00\",\"author\":{\"@id\":\"https:\/\/theplayoffs.news\/fr\/#\/schema\/person\/bb40426f4e478f9bd8cdbfeb4f2f9784\"},\"breadcrumb\":{\"@id\":\"https:\/\/theplayoffs.news\/fr\/actualite-mlb\/trade-mlb-ryan-mcmahon-debarque-chez-les-yankees\/#breadcrumb\"},\"inLanguage\":\"fr-FR\",\"potentialAction\":[{\"@type\":\"ReadAction\",\"target\":[\"https:\/\/theplayoffs.news\/fr\/actualite-mlb\/trade-mlb-ryan-mcmahon-debarque-chez-les-yankees\/\"]}]},{\"@type\":\"ImageObject\",\"inLanguage\":\"fr-FR\",\"@id\":\"https:\/\/theplayoffs.news\/fr\/actualite-mlb\/trade-mlb-ryan-mcmahon-debarque-chez-les-yankees\/#primaryimage\",\"url\":\"https:\/\/theplayoffs.news\/fr\/wp-content\/uploads\/2025\/07\/USATSI_26687815.jpg\",\"contentUrl\":\"https:\/\/theplayoffs.news\/fr\/wp-content\/uploads\/2025\/07\/USATSI_26687815.jpg\",\"width\":1920,\"height\":1284,\"caption\":\"Jul 22, 2025; Denver, Colorado, USA;Colorado Rockies third baseman Ryan McMahon (24) runs off a three run home run in the fourth inning against the St. Louis Cardinals at Coors Field. Mandatory Credit: Ron Chenoy-Imagn Images\"},{\"@type\":\"BreadcrumbList\",\"@id\":\"https:\/\/theplayoffs.news\/fr\/actualite-mlb\/trade-mlb-ryan-mcmahon-debarque-chez-les-yankees\/#breadcrumb\",\"itemListElement\":[{\"@type\":\"ListItem\",\"position\":1,\"name\":\"Accueil\",\"item\":\"https:\/\/theplayoffs.news\/fr\/\"},{\"@type\":\"ListItem\",\"position\":2,\"name\":\"Trade MLB: Ryan McMahon d\u00e9barque chez les Yankees!\"}]},{\"@type\":\"WebSite\",\"@id\":\"https:\/\/theplayoffs.news\/fr\/#website\",\"url\":\"https:\/\/theplayoffs.news\/fr\/\",\"name\":\"The Playoffs FR\",\"description\":\"NBA-NFL-NHL-MLB\",\"potentialAction\":[{\"@type\":\"SearchAction\",\"target\":{\"@type\":\"EntryPoint\",\"urlTemplate\":\"https:\/\/theplayoffs.news\/fr\/?s={search_term_string}\"},\"query-input\":{\"@type\":\"PropertyValueSpecification\",\"valueRequired\":true,\"valueName\":\"search_term_string\"}}],\"inLanguage\":\"fr-FR\"},{\"@type\":\"Person\",\"@id\":\"https:\/\/theplayoffs.news\/fr\/#\/schema\/person\/bb40426f4e478f9bd8cdbfeb4f2f9784\",\"name\":\"La r\u00e9daction\",\"image\":{\"@type\":\"ImageObject\",\"inLanguage\":\"fr-FR\",\"@id\":\"https:\/\/theplayoffs.news\/fr\/#\/schema\/person\/image\/\",\"url\":\"https:\/\/secure.gravatar.com\/avatar\/7e69b41460ab2c17d61c8c364b6a0ee006f957a70191383ef42be1f4733d6515?s=96&d=mm&r=g\",\"contentUrl\":\"https:\/\/secure.gravatar.com\/avatar\/7e69b41460ab2c17d61c8c364b6a0ee006f957a70191383ef42be1f4733d6515?s=96&d=mm&r=g\",\"caption\":\"La r\u00e9daction\"},\"description\":\"On dit qu\\\\'il faut un village pour s\\\\'occuper d\\\\'un enfant. Et bien c\\\\'est exactement ce dont il s\\\\'agit ici pour The Playoffs. La r\u00e9daction, ce sont vos r\u00e9dacteurs pr\u00e9f\u00e9r\u00e9s qui collaborent sur ces articles que vous lisez au quotidien.\u00a0\",\"url\":\"https:\/\/theplayoffs.news\/fr\/author\/freeagentfr\/\"}]}<\/script>\n<!-- \/ Yoast SEO plugin. -->","yoast_head_json":{"title":"Trade MLB: Ryan McMahon d&eacute;barque chez les Yankees! - The Playoffs FR","robots":{"index":"index","follow":"follow","max-snippet":"max-snippet:-1","max-image-preview":"max-image-preview:large","max-video-preview":"max-video-preview:-1"},"canonical":"https:\/\/theplayoffs.news\/fr\/actualite-mlb\/trade-mlb-ryan-mcmahon-debarque-chez-les-yankees\/","og_locale":"fr_FR","og_type":"article","og_title":"Trade MLB: Ryan McMahon d&eacute;barque chez les Yankees! - The Playoffs FR","og_description":"MLB - Les New York Yankees ont acquis Ryan McMahon ce vendredi","og_url":"https:\/\/theplayoffs.news\/fr\/actualite-mlb\/trade-mlb-ryan-mcmahon-debarque-chez-les-yankees\/","og_site_name":"The Playoffs FR","article_publisher":"https:\/\/www.facebook.com\/TheFreeAgentFR\/","article_modified_time":"2025-07-25T19:03:22+00:00","og_image":[{"width":1920,"height":1284,"url":"https:\/\/theplayoffs.news\/fr\/wp-content\/uploads\/2025\/07\/USATSI_26687815.jpg","type":"image\/jpeg"}],"author":"La r\u00e9daction","twitter_card":"summary_large_image","twitter_creator":"@TheFreeAgentFR","twitter_site":"@TheFreeAgentFR","twitter_misc":{"\u00c9crit par":"La r\u00e9daction","Dur\u00e9e de lecture estim\u00e9e":"2 minutes"},"schema":{"@context":"https:\/\/schema.org","@graph":[{"@type":"WebPage","@id":"https:\/\/theplayoffs.news\/fr\/actualite-mlb\/trade-mlb-ryan-mcmahon-debarque-chez-les-yankees\/","url":"https:\/\/theplayoffs.news\/fr\/actualite-mlb\/trade-mlb-ryan-mcmahon-debarque-chez-les-yankees\/","name":"Trade MLB: Ryan McMahon d\u00e9barque chez les Yankees! - The Playoffs FR","isPartOf":{"@id":"https:\/\/theplayoffs.news\/fr\/#website"},"primaryImageOfPage":{"@id":"https:\/\/theplayoffs.news\/fr\/actualite-mlb\/trade-mlb-ryan-mcmahon-debarque-chez-les-yankees\/#primaryimage"},"image":{"@id":"https:\/\/theplayoffs.news\/fr\/actualite-mlb\/trade-mlb-ryan-mcmahon-debarque-chez-les-yankees\/#primaryimage"},"thumbnailUrl":"https:\/\/theplayoffs.news\/fr\/wp-content\/uploads\/2025\/07\/USATSI_26687815.jpg","datePublished":"2025-07-25T19:03:12+00:00","dateModified":"2025-07-25T19:03:22+00:00","author":{"@id":"https:\/\/theplayoffs.news\/fr\/#\/schema\/person\/bb40426f4e478f9bd8cdbfeb4f2f9784"},"breadcrumb":{"@id":"https:\/\/theplayoffs.news\/fr\/actualite-mlb\/trade-mlb-ryan-mcmahon-debarque-chez-les-yankees\/#breadcrumb"},"inLanguage":"fr-FR","potentialAction":[{"@type":"ReadAction","target":["https:\/\/theplayoffs.news\/fr\/actualite-mlb\/trade-mlb-ryan-mcmahon-debarque-chez-les-yankees\/"]}]},{"@type":"ImageObject","inLanguage":"fr-FR","@id":"https:\/\/theplayoffs.news\/fr\/actualite-mlb\/trade-mlb-ryan-mcmahon-debarque-chez-les-yankees\/#primaryimage","url":"https:\/\/theplayoffs.news\/fr\/wp-content\/uploads\/2025\/07\/USATSI_26687815.jpg","contentUrl":"https:\/\/theplayoffs.news\/fr\/wp-content\/uploads\/2025\/07\/USATSI_26687815.jpg","width":1920,"height":1284,"caption":"Jul 22, 2025; Denver, Colorado, USA;Colorado Rockies third baseman Ryan McMahon (24) runs off a three run home run in the fourth inning against the St. Louis Cardinals at Coors Field. Mandatory Credit: Ron Chenoy-Imagn Images"},{"@type":"BreadcrumbList","@id":"https:\/\/theplayoffs.news\/fr\/actualite-mlb\/trade-mlb-ryan-mcmahon-debarque-chez-les-yankees\/#breadcrumb","itemListElement":[{"@type":"ListItem","position":1,"name":"Accueil","item":"https:\/\/theplayoffs.news\/fr\/"},{"@type":"ListItem","position":2,"name":"Trade MLB: Ryan McMahon d\u00e9barque chez les Yankees!"}]},{"@type":"WebSite","@id":"https:\/\/theplayoffs.news\/fr\/#website","url":"https:\/\/theplayoffs.news\/fr\/","name":"The Playoffs FR","description":"NBA-NFL-NHL-MLB","potentialAction":[{"@type":"SearchAction","target":{"@type":"EntryPoint","urlTemplate":"https:\/\/theplayoffs.news\/fr\/?s={search_term_string}"},"query-input":{"@type":"PropertyValueSpecification","valueRequired":true,"valueName":"search_term_string"}}],"inLanguage":"fr-FR"},{"@type":"Person","@id":"https:\/\/theplayoffs.news\/fr\/#\/schema\/person\/bb40426f4e478f9bd8cdbfeb4f2f9784","name":"La r\u00e9daction","image":{"@type":"ImageObject","inLanguage":"fr-FR","@id":"https:\/\/theplayoffs.news\/fr\/#\/schema\/person\/image\/","url":"https:\/\/secure.gravatar.com\/avatar\/7e69b41460ab2c17d61c8c364b6a0ee006f957a70191383ef42be1f4733d6515?s=96&d=mm&r=g","contentUrl":"https:\/\/secure.gravatar.com\/avatar\/7e69b41460ab2c17d61c8c364b6a0ee006f957a70191383ef42be1f4733d6515?s=96&d=mm&r=g","caption":"La r\u00e9daction"},"description":"On dit qu\\'il faut un village pour s\\'occuper d\\'un enfant. Et bien c\\'est exactement ce dont il s\\'agit ici pour The Playoffs. La r\u00e9daction, ce sont vos r\u00e9dacteurs pr\u00e9f\u00e9r\u00e9s qui collaborent sur ces articles que vous lisez au quotidien.\u00a0","url":"https:\/\/theplayoffs.news\/fr\/author\/freeagentfr\/"}]}},"_links":{"self":[{"href":"https:\/\/theplayoffs.news\/fr\/wp-json\/wp\/v2\/posts\/1497938","targetHints":{"allow":["GET"]}}],"collection":[{"href":"https:\/\/theplayoffs.news\/fr\/wp-json\/wp\/v2\/posts"}],"about":[{"href":"https:\/\/theplayoffs.news\/fr\/wp-json\/wp\/v2\/types\/post"}],"author":[{"embeddable":true,"href":"https:\/\/theplayoffs.news\/fr\/wp-json\/wp\/v2\/users\/180309799"}],"replies":[{"embeddable":true,"href":"https:\/\/theplayoffs.news\/fr\/wp-json\/wp\/v2\/comments?post=1497938"}],"version-history":[{"count":1,"href":"https:\/\/theplayoffs.news\/fr\/wp-json\/wp\/v2\/posts\/1497938\/revisions"}],"predecessor-version":[{"id":1497940,"href":"https:\/\/theplayoffs.news\/fr\/wp-json\/wp\/v2\/posts\/1497938\/revisions\/1497940"}],"wp:featuredmedia":[{"embeddable":true,"href":"https:\/\/theplayoffs.news\/fr\/wp-json\/wp\/v2\/media\/1497939"}],"wp:attachment":[{"href":"https:\/\/theplayoffs.news\/fr\/wp-json\/wp\/v2\/media?parent=1497938"}],"wp:term":[{"taxonomy":"category","embeddable":true,"href":"https:\/\/theplayoffs.news\/fr\/wp-json\/wp\/v2\/categories?post=1497938"},{"taxonomy":"post_tag","embeddable":true,"href":"https:\/\/theplayoffs.news\/fr\/wp-json\/wp\/v2\/tags?post=1497938"},{"taxonomy":"sport","embeddable":true,"href":"https:\/\/theplayoffs.news\/fr\/wp-json\/wp\/v2\/sport?post=1497938"},{"taxonomy":"saison","embeddable":true,"href":"https:\/\/theplayoffs.news\/fr\/wp-json\/wp\/v2\/saison?post=1497938"}],"curies":[{"name":"wp","href":"https:\/\/api.w.org\/{rel}","templated":true}]}}