{"id":1497832,"date":"2025-07-24T10:20:13","date_gmt":"2025-07-24T08:20:13","guid":{"rendered":"https:\/\/theplayoffs.news\/fr\/uncategorized\/\/"},"modified":"2025-07-24T11:12:06","modified_gmt":"2025-07-24T09:12:06","slug":"suns-devin-booker-jouera-meneur-de-jeu-la-saison-prochaine","status":"publish","type":"post","link":"https:\/\/theplayoffs.news\/fr\/actualite-nba\/suns-devin-booker-jouera-meneur-de-jeu-la-saison-prochaine\/","title":{"rendered":"Suns\u00a0: Devin Booker jouera meneur de jeu la saison prochaine"},"content":{"rendered":"<p>Phoenix continue son grand chamboule-tout en vue de l&rsquo;exercice 2025-2026 de NBA. Apr&egrave;s s&rsquo;&ecirc;tre s&eacute;par&eacute;s de Kevin Durant puis de Bradley Beal, les Suns devraient d&eacute;cider de donner les cl&eacute;s du camion &agrave; leur star de toujours, Devin Booker, qui devrait &ecirc;tre l&rsquo;objet d&rsquo;un r&eacute;ajustement tactique.<\/p><blockquote class=\"twitter-tweet\"><p lang=\"en\" dir=\"ltr\">&#9728;&#65039; DEVIN BOOKER CLUTCH BUCKETS &#9728;&#65039;<br><br>The Suns star has racked up quite a collection of crunch-time moments over the years! <a href=\"https:\/\/t.co\/fCrItHyjTc\" class=\"trk-cta-link\" data-cta-trk='{\"ctaType\":\"Link\",\"ctaSubType\":\"main\"}'>pic.twitter.com\/fCrItHyjTc<\/a><\/p>&mdash; NBA (@NBA) <a href=\"https:\/\/twitter.com\/NBA\/status\/1904399669528256568?ref_src=twsrc%5Etfw\" class=\"trk-cta-link\" data-cta-trk='{\"ctaType\":\"Link\",\"ctaSubType\":\"main\"}'>March 25, 2025<\/a><\/blockquote><script async src=\"https:\/\/platform.twitter.com\/widgets.js\" charset=\"utf-8\"><\/script><h2 class=\"wp-block-heading\">Un poste qu&rsquo;il ne d&eacute;couvrira pas<\/h2><p>En effet, selon les informations de John Gambadoro dans le podcast &laquo;&nbsp;<em><a href=\"https:\/\/podcasts.apple.com\/us\/podcast\/hour-1-the-arizona-diamondbacks-get-swept-but-the\/id730683847?i=1000718749594\" target=\"_blank\" rel=\"noreferrer noopener\" class=\"trk-cta-link\" data-cta-trk='{\"ctaType\":\"Link\",\"ctaSubType\":\"main\"}'>Burns &amp; Gambo Show<\/a>&nbsp;&raquo;<\/em>, le 13e choix de la Draft 2015 occupera le poste de meneur de jeu &agrave; temps plein. Si l&rsquo;ancien des Wildcats avait d&eacute;j&agrave; eu quelques responsabilit&eacute;s au poste dans sa carri&egrave;re, particuli&egrave;rement au cours des presque 2 saisons et demie pass&eacute;es avec Durant, il faudra maintenant endosser ce r&ocirc;le de cerveau de l&rsquo;attaque.<\/p><p>En carri&egrave;re, le meilleur scoreur de l&rsquo;histoire de la franchise de l&rsquo;Arizona tourne &agrave; 5.2 passes d&eacute;cisives de moyenne. Ce chiffre a toutefois largement augment&eacute; depuis 2 ans, o&ugrave; Booker a enregistr&eacute; 6.9 et 7.1 offrandes par match en 2024-2025. Avec une moyenne constamment en hausse depuis la saison 2021-2021, le quadruple All-Star semble donc pr&ecirc;t &agrave; cette mue.<\/p><div class=\"related-slider related-slider--loading\">\n    <div class=\"related-slider__header\">\n        <div class=\"related-slider__header__title\">Vous aimerez aussi<\/div>\n        <div class=\"related-slider__header__buttons\">\n            <div class=\"swiper-button-prev\"><\/div>\n            <div class=\"swiper-button-next\"><\/div>\n        <\/div>\n    <\/div>\n    <div class=\"swiper-container\">\n        <div class=\"swiper-wrapper\">\n                            <div class=\"swiper-slide\">\n                    <a class=\"related-slider-card  trk-cta-img\" href=\"https:\/\/theplayoffs.news\/fr\/actualite-nba\/resultats-nba-18-12-les-mavs-douchent-les-pistons-maxime-raynaud-superstar\/\" title=\"R&eacute;sultats NBA (18\/12): les Mavs douchent les Pistons, Maxime Raynaud superstar !\" data-cta-trk='{\"ctaType\":\"Image\",\"ctaSubType\":\"main\"}'>\n    <div class=\"related-slider-card__image\">\n        <img loading=\"lazy\" decoding=\"async\" width=\"600\" height=\"400\" src=\"https:\/\/theplayoffs.news\/fr\/wp-content\/uploads\/2025\/12\/USATSI_27848729_168402440_lowres-600x400.jpg\" class=\"attachment-medium size-medium wp-post-image\" alt=\"NBA Cooper Flagg Nikola Jokic Maxime Raynaud Cade Cunningham\" srcset=\"https:\/\/theplayoffs.news\/fr\/wp-content\/uploads\/2025\/12\/USATSI_27848729_168402440_lowres-600x400.jpg 600w, https:\/\/theplayoffs.news\/fr\/wp-content\/uploads\/2025\/12\/USATSI_27848729_168402440_lowres-1200x800.jpg 1200w, https:\/\/theplayoffs.news\/fr\/wp-content\/uploads\/2025\/12\/USATSI_27848729_168402440_lowres-768x512.jpg 768w, https:\/\/theplayoffs.news\/fr\/wp-content\/uploads\/2025\/12\/USATSI_27848729_168402440_lowres-1536x1024.jpg 1536w, https:\/\/theplayoffs.news\/fr\/wp-content\/uploads\/2025\/12\/USATSI_27848729_168402440_lowres-1320x880.jpg 1320w, https:\/\/theplayoffs.news\/fr\/wp-content\/uploads\/2025\/12\/USATSI_27848729_168402440_lowres.jpg 1920w\" sizes=\"auto, (max-width: 600px) 100vw, 600px\">\n                            <\/div>\n    <div class=\"related-slider-card__content\">\n        <div class=\"related-slider-card__content__tags\">\n                            <div class=\"related-slider-card__content__tags__category\">\n                    Actualit&eacute; NBA\n                <\/div>\n                        <div class=\"related-slider-card__content__tags__date\" data-dynamic-date=\"2025-12-19T09:45:57+01:00\">\n                19 d&eacute;cembre 2025\n            <\/div>\n        <\/div>\n        <div class=\"related-slider-card__content__title\">\n            R&eacute;sultats NBA (18\/12): les Mavs douchent les Pistons, Maxime Raynaud superstar !\n        <\/div>\n                    <div class=\"related-slider-card__content__read-more\">\n                Voir plus\n                <i>\n                    <svg width=\"17\" height=\"15\" viewbox=\"0 0 17 15\" fill=\"none\" xmlns=\"http:\/\/www.w3.org\/2000\/svg\">\n<path d=\"M1 6.5C0.447715 6.5 0 6.94772 0 7.5C0 8.05228 0.447715 8.5 1 8.5V6.5ZM16.7071 8.20711C17.0976 7.81658 17.0976 7.18342 16.7071 6.79289L10.3431 0.428932C9.95262 0.0384078 9.31946 0.0384078 8.92893 0.428932C8.53841 0.819457 8.53841 1.45262 8.92893 1.84315L14.5858 7.5L8.92893 13.1569C8.53841 13.5474 8.53841 14.1805 8.92893 14.5711C9.31946 14.9616 9.95262 14.9616 10.3431 14.5711L16.7071 8.20711ZM1 7.5V8.5H8.5V7.5V6.5H1V7.5ZM8.5 7.5V8.5H16V7.5V6.5H8.5V7.5Z\" fill=\"white\"><\/path>\n<\/svg>\n\n                <\/i>\n            <\/div>\n            <\/div>\n<\/a>\n\n                <\/div>\n                            <div class=\"swiper-slide\">\n                    <a class=\"related-slider-card  trk-cta-img\" href=\"https:\/\/theplayoffs.news\/fr\/actualite-nba\/resultats-nba-17-12-chicago-enfonce-les-cavs-memphis-en-patron-dans-le-minnesota\/\" title=\"R&eacute;sultats NBA (17\/12): Chicago enfonce les Cavs, Memphis en patron dans le Minnesota !\" data-cta-trk='{\"ctaType\":\"Image\",\"ctaSubType\":\"main\"}'>\n    <div class=\"related-slider-card__image\">\n        <img loading=\"lazy\" decoding=\"async\" width=\"600\" height=\"400\" src=\"https:\/\/theplayoffs.news\/fr\/wp-content\/uploads\/2025\/12\/USATSI_27840419_168402440_lowres-600x400.jpg\" class=\"attachment-medium size-medium wp-post-image\" alt=\"NBA Minnesota Timberwolves Ja Morant Anthony Edwards Rudy Gobert Julius Randle Josh Giddey\" srcset=\"https:\/\/theplayoffs.news\/fr\/wp-content\/uploads\/2025\/12\/USATSI_27840419_168402440_lowres-600x400.jpg 600w, https:\/\/theplayoffs.news\/fr\/wp-content\/uploads\/2025\/12\/USATSI_27840419_168402440_lowres-1200x799.jpg 1200w, https:\/\/theplayoffs.news\/fr\/wp-content\/uploads\/2025\/12\/USATSI_27840419_168402440_lowres-768x512.jpg 768w, https:\/\/theplayoffs.news\/fr\/wp-content\/uploads\/2025\/12\/USATSI_27840419_168402440_lowres-1536x1023.jpg 1536w, https:\/\/theplayoffs.news\/fr\/wp-content\/uploads\/2025\/12\/USATSI_27840419_168402440_lowres-1320x879.jpg 1320w, https:\/\/theplayoffs.news\/fr\/wp-content\/uploads\/2025\/12\/USATSI_27840419_168402440_lowres.jpg 1920w\" sizes=\"auto, (max-width: 600px) 100vw, 600px\">\n                            <\/div>\n    <div class=\"related-slider-card__content\">\n        <div class=\"related-slider-card__content__tags\">\n                            <div class=\"related-slider-card__content__tags__category\">\n                    Actualit&eacute; NBA\n                <\/div>\n                        <div class=\"related-slider-card__content__tags__date\" data-dynamic-date=\"2025-12-18T14:27:38+01:00\">\n                18 d&eacute;cembre 2025\n            <\/div>\n        <\/div>\n        <div class=\"related-slider-card__content__title\">\n            R&eacute;sultats NBA (17\/12): Chicago enfonce les Cavs, Memphis en patron dans le Minnesota !\n        <\/div>\n                    <div class=\"related-slider-card__content__read-more\">\n                Voir plus\n                <i>\n                    <svg width=\"17\" height=\"15\" viewbox=\"0 0 17 15\" fill=\"none\" xmlns=\"http:\/\/www.w3.org\/2000\/svg\">\n<path d=\"M1 6.5C0.447715 6.5 0 6.94772 0 7.5C0 8.05228 0.447715 8.5 1 8.5V6.5ZM16.7071 8.20711C17.0976 7.81658 17.0976 7.18342 16.7071 6.79289L10.3431 0.428932C9.95262 0.0384078 9.31946 0.0384078 8.92893 0.428932C8.53841 0.819457 8.53841 1.45262 8.92893 1.84315L14.5858 7.5L8.92893 13.1569C8.53841 13.5474 8.53841 14.1805 8.92893 14.5711C9.31946 14.9616 9.95262 14.9616 10.3431 14.5711L16.7071 8.20711ZM1 7.5V8.5H8.5V7.5V6.5H1V7.5ZM8.5 7.5V8.5H16V7.5V6.5H8.5V7.5Z\" fill=\"white\"><\/path>\n<\/svg>\n\n                <\/i>\n            <\/div>\n            <\/div>\n<\/a>\n\n                <\/div>\n                            <div class=\"swiper-slide\">\n                    <a class=\"related-slider-card  trk-cta-img\" href=\"https:\/\/theplayoffs.news\/fr\/actualite-nba\/resultats-nba-cup-16-12-jalen-brunson-mvp-les-knicks-soffrent-un-premier-trophee-depuis-1973\/\" title=\"R&eacute;sultats NBA Cup (16\/12): Jalen Brunson MVP, les Knicks s&rsquo;offrent un premier troph&eacute;e depuis 1973 !\" data-cta-trk='{\"ctaType\":\"Image\",\"ctaSubType\":\"main\"}'>\n    <div class=\"related-slider-card__image\">\n        <img loading=\"lazy\" decoding=\"async\" width=\"600\" height=\"450\" src=\"https:\/\/theplayoffs.news\/fr\/wp-content\/uploads\/2025\/12\/USATSI_27835319_168402440_lowres-600x450.jpg\" class=\"attachment-medium size-medium wp-post-image\" alt=\"Jalen Brunson Victor Wembanyama Knicks Spurs NBA Cup\" srcset=\"https:\/\/theplayoffs.news\/fr\/wp-content\/uploads\/2025\/12\/USATSI_27835319_168402440_lowres-600x450.jpg 600w, https:\/\/theplayoffs.news\/fr\/wp-content\/uploads\/2025\/12\/USATSI_27835319_168402440_lowres-1200x900.jpg 1200w, https:\/\/theplayoffs.news\/fr\/wp-content\/uploads\/2025\/12\/USATSI_27835319_168402440_lowres-768x576.jpg 768w, https:\/\/theplayoffs.news\/fr\/wp-content\/uploads\/2025\/12\/USATSI_27835319_168402440_lowres-1536x1152.jpg 1536w, https:\/\/theplayoffs.news\/fr\/wp-content\/uploads\/2025\/12\/USATSI_27835319_168402440_lowres-1320x990.jpg 1320w, https:\/\/theplayoffs.news\/fr\/wp-content\/uploads\/2025\/12\/USATSI_27835319_168402440_lowres.jpg 1920w\" sizes=\"auto, (max-width: 600px) 100vw, 600px\">\n                            <\/div>\n    <div class=\"related-slider-card__content\">\n        <div class=\"related-slider-card__content__tags\">\n                            <div class=\"related-slider-card__content__tags__category\">\n                    Actualit&eacute; NBA\n                <\/div>\n                        <div class=\"related-slider-card__content__tags__date\" data-dynamic-date=\"2025-12-17T09:44:05+01:00\">\n                17 d&eacute;cembre 2025\n            <\/div>\n        <\/div>\n        <div class=\"related-slider-card__content__title\">\n            R&eacute;sultats NBA Cup (16\/12): Jalen Brunson MVP, les Knicks s&rsquo;offrent un premier troph&eacute;e depuis 1973 !\n        <\/div>\n                    <div class=\"related-slider-card__content__read-more\">\n                Voir plus\n                <i>\n                    <svg width=\"17\" height=\"15\" viewbox=\"0 0 17 15\" fill=\"none\" xmlns=\"http:\/\/www.w3.org\/2000\/svg\">\n<path d=\"M1 6.5C0.447715 6.5 0 6.94772 0 7.5C0 8.05228 0.447715 8.5 1 8.5V6.5ZM16.7071 8.20711C17.0976 7.81658 17.0976 7.18342 16.7071 6.79289L10.3431 0.428932C9.95262 0.0384078 9.31946 0.0384078 8.92893 0.428932C8.53841 0.819457 8.53841 1.45262 8.92893 1.84315L14.5858 7.5L8.92893 13.1569C8.53841 13.5474 8.53841 14.1805 8.92893 14.5711C9.31946 14.9616 9.95262 14.9616 10.3431 14.5711L16.7071 8.20711ZM1 7.5V8.5H8.5V7.5V6.5H1V7.5ZM8.5 7.5V8.5H16V7.5V6.5H8.5V7.5Z\" fill=\"white\"><\/path>\n<\/svg>\n\n                <\/i>\n            <\/div>\n            <\/div>\n<\/a>\n\n                <\/div>\n                            <div class=\"swiper-slide\">\n                    <a class=\"related-slider-card  trk-cta-img\" href=\"https:\/\/theplayoffs.news\/fr\/actualite-nba\/pour-deaaron-fox-lherbe-est-plus-verte-a-san-antonio\/\" title=\"Pour De&rsquo;Aaron Fox, &laquo;&nbsp;l&rsquo;herbe est plus verte&nbsp;&raquo; &agrave; San Antonio\" data-cta-trk='{\"ctaType\":\"Image\",\"ctaSubType\":\"main\"}'>\n    <div class=\"related-slider-card__image\">\n        <img loading=\"lazy\" decoding=\"async\" width=\"600\" height=\"400\" src=\"https:\/\/theplayoffs.news\/fr\/wp-content\/uploads\/2025\/12\/USATSI_27813133_168402440_lowres-600x400.jpg\" class=\"attachment-medium size-medium wp-post-image\" alt=\"NBA De'Aaron Fox Victor Wembanyama Spurs Knicks\" srcset=\"https:\/\/theplayoffs.news\/fr\/wp-content\/uploads\/2025\/12\/USATSI_27813133_168402440_lowres-600x400.jpg 600w, https:\/\/theplayoffs.news\/fr\/wp-content\/uploads\/2025\/12\/USATSI_27813133_168402440_lowres-1200x800.jpg 1200w, https:\/\/theplayoffs.news\/fr\/wp-content\/uploads\/2025\/12\/USATSI_27813133_168402440_lowres-768x512.jpg 768w, https:\/\/theplayoffs.news\/fr\/wp-content\/uploads\/2025\/12\/USATSI_27813133_168402440_lowres-1536x1024.jpg 1536w, https:\/\/theplayoffs.news\/fr\/wp-content\/uploads\/2025\/12\/USATSI_27813133_168402440_lowres-1320x880.jpg 1320w, https:\/\/theplayoffs.news\/fr\/wp-content\/uploads\/2025\/12\/USATSI_27813133_168402440_lowres.jpg 1920w\" sizes=\"auto, (max-width: 600px) 100vw, 600px\">\n                            <\/div>\n    <div class=\"related-slider-card__content\">\n        <div class=\"related-slider-card__content__tags\">\n                            <div class=\"related-slider-card__content__tags__category\">\n                    Actualit&eacute; NBA\n                <\/div>\n                        <div class=\"related-slider-card__content__tags__date\" data-dynamic-date=\"2025-12-16T12:47:20+01:00\">\n                16 d&eacute;cembre 2025\n            <\/div>\n        <\/div>\n        <div class=\"related-slider-card__content__title\">\n            Pour De&rsquo;Aaron Fox, &laquo;&nbsp;l&rsquo;herbe est plus verte&nbsp;&raquo; &agrave; San Antonio\n        <\/div>\n                    <div class=\"related-slider-card__content__read-more\">\n                Voir plus\n                <i>\n                    <svg width=\"17\" height=\"15\" viewbox=\"0 0 17 15\" fill=\"none\" xmlns=\"http:\/\/www.w3.org\/2000\/svg\">\n<path d=\"M1 6.5C0.447715 6.5 0 6.94772 0 7.5C0 8.05228 0.447715 8.5 1 8.5V6.5ZM16.7071 8.20711C17.0976 7.81658 17.0976 7.18342 16.7071 6.79289L10.3431 0.428932C9.95262 0.0384078 9.31946 0.0384078 8.92893 0.428932C8.53841 0.819457 8.53841 1.45262 8.92893 1.84315L14.5858 7.5L8.92893 13.1569C8.53841 13.5474 8.53841 14.1805 8.92893 14.5711C9.31946 14.9616 9.95262 14.9616 10.3431 14.5711L16.7071 8.20711ZM1 7.5V8.5H8.5V7.5V6.5H1V7.5ZM8.5 7.5V8.5H16V7.5V6.5H8.5V7.5Z\" fill=\"white\"><\/path>\n<\/svg>\n\n                <\/i>\n            <\/div>\n            <\/div>\n<\/a>\n\n                <\/div>\n                    <\/div>\n    <\/div>\n<\/div><p><\/p><h2 class=\"wp-block-heading\">Quelle compl&eacute;mentarit&eacute; avec Jalen Green&nbsp;?<\/h2><p>Enfin, ce repositionnement pose d&eacute;sormais la question du cas <a href=\"https:\/\/theplayoffs.news\/fr\/actualite-nba\/jalen-green-adieux-rockets-transfert-suns\/\" target=\"_blank\" rel=\"noreferrer noopener\" class=\"trk-cta-link\" data-cta-trk='{\"ctaType\":\"Link\",\"ctaSubType\":\"main\"}'>Jalen Green<\/a>, qui a d&eacute;barqu&eacute; &agrave; Phoenix dans le cadre du transfert de &lsquo;KD&rsquo;. Joueur qui aime avoir le ballon entre les mains, l&rsquo;ancien de Houston devra peut-&ecirc;tre sortir du banc pour &ecirc;tre la premi&egrave;re option balle en main. <\/p><p>Ou alors les Suns ont justement pr&eacute;vu de d&eacute;caler &lsquo;D-Book&rsquo; sur le poste 1 afin de lib&eacute;rer le poste 2 au Californien de naissance qui a pris l&rsquo;habitude d&rsquo;&eacute;voluer &agrave; cette position durant ses 4 saisons de NBA en carri&egrave;re. Avec 17.5 tirs pris en moyenne par match l&rsquo;an pass&eacute;, il faudra quoi qu&rsquo;il arrive s&rsquo;attendre &agrave; ce que Green occupe une place importante dans l&rsquo;attaque des Arizoniens.<\/p><blockquote class=\"twitter-tweet\"><p lang=\"en\" dir=\"ltr\">Devin Booker all-time ranks for the Suns:<br><br>&mdash; 1st in points<br>&mdash; 4th in assists<br>&mdash; 1st in threes<br>&mdash; 3rd in playoff points<br>&mdash; 2nd in playoff threes <br><br>PAID. <a href=\"https:\/\/t.co\/IfuL4PPP46\" class=\"trk-cta-link\" data-cta-trk='{\"ctaType\":\"Link\",\"ctaSubType\":\"main\"}'>pic.twitter.com\/IfuL4PPP46<\/a><\/p>&mdash; StatMuse (@statmuse) <a href=\"https:\/\/twitter.com\/statmuse\/status\/1943118113425219996?ref_src=twsrc%5Etfw\" class=\"trk-cta-link\" data-cta-trk='{\"ctaType\":\"Link\",\"ctaSubType\":\"main\"}'>July 10, 2025<\/a><\/blockquote><script async src=\"https:\/\/platform.twitter.com\/widgets.js\" charset=\"utf-8\"><\/script><p>Engag&eacute;s dans un projet d&eacute;sormais tourn&eacute; plut&ocirc;t vers la jeunesse, les Suns n&rsquo;ont pas encore renonc&eacute; &agrave; leurs ambitions. Que Devin Booker aura la t&acirc;che d&rsquo;assumer.<\/p><p><\/p><p>&copy; Joe Camporeale-Imagn Images<\/p>\n","protected":false},"excerpt":{"rendered":"","protected":false},"author":180310210,"featured_media":1497833,"comment_status":"closed","ping_status":"closed","sticky":false,"template":"","format":"standard","meta":{"inline_featured_image":false,"kia_subtitle":"","_mux_skip_reasons":[],"proofreadBy":0,"footnotes":""},"categories":[110,8414,10,8408],"tags":[757,2506,804],"sport":[2783],"saison":[7475],"class_list":["post-1497832","post","type-post","status-publish","format-standard","has-post-thumbnail","hentry","category-actualite-nba","category-basketball-sports","category-nba","category-sports","tag-devin-booker","tag-jalen-green","tag-phoenix-suns","sport-nba","saison-7475"],"acf":[],"yoast_head":"<!-- This site is optimized with the Yoast SEO plugin v24.2 - https:\/\/yoast.com\/wordpress\/plugins\/seo\/ -->\n<title>Suns : Devin Booker jouera meneur de jeu la saison prochaine<\/title>\n<meta name=\"description\" content=\"La star des Phoenix Suns, Devin Booker, devrait &eacute;voluer &agrave; plein temps au poste de meneur de jeu en 2025-2026.\" \/>\n<meta name=\"robots\" content=\"index, follow, max-snippet:-1, max-image-preview:large, max-video-preview:-1\" \/>\n<link rel=\"canonical\" href=\"https:\/\/theplayoffs.news\/fr\/actualite-nba\/suns-devin-booker-jouera-meneur-de-jeu-la-saison-prochaine\/\" \/>\n<meta property=\"og:locale\" content=\"fr_FR\" \/>\n<meta property=\"og:type\" content=\"article\" \/>\n<meta property=\"og:title\" content=\"Suns : Devin Booker jouera meneur de jeu la saison prochaine\" \/>\n<meta property=\"og:description\" content=\"La star des Phoenix Suns, Devin Booker, devrait &eacute;voluer &agrave; plein temps au poste de meneur de jeu en 2025-2026.\" \/>\n<meta property=\"og:url\" content=\"https:\/\/theplayoffs.news\/fr\/actualite-nba\/suns-devin-booker-jouera-meneur-de-jeu-la-saison-prochaine\/\" \/>\n<meta property=\"og:site_name\" content=\"The Playoffs FR\" \/>\n<meta property=\"article:publisher\" content=\"https:\/\/www.facebook.com\/TheFreeAgentFR\/\" \/>\n<meta property=\"article:modified_time\" content=\"2025-07-24T11:12:06+02:00\" \/>\n<meta property=\"og:image\" content=\"https:\/\/theplayoffs.news\/fr\/wp-content\/uploads\/2025\/07\/USATSI_25736712.jpg\" \/>\n\t<meta property=\"og:image:width\" content=\"1920\" \/>\n\t<meta property=\"og:image:height\" content=\"1280\" \/>\n\t<meta property=\"og:image:type\" content=\"image\/jpeg\" \/>\n<meta name=\"author\" content=\"Romain Balle\" \/>\n<meta name=\"twitter:card\" content=\"summary_large_image\" \/>\n<meta name=\"twitter:creator\" content=\"@TheFreeAgentFR\" \/>\n<meta name=\"twitter:site\" content=\"@TheFreeAgentFR\" \/>\n<meta name=\"twitter:label1\" content=\"\u00c9crit par\" \/>\n\t<meta name=\"twitter:data1\" content=\"Romain Balle\" \/>\n\t<meta name=\"twitter:label2\" content=\"Dur\u00e9e de lecture estim\u00e9e\" \/>\n\t<meta name=\"twitter:data2\" content=\"2 minutes\" \/>\n<script type=\"application\/ld+json\" class=\"yoast-schema-graph\">{\"@context\":\"https:\/\/schema.org\",\"@graph\":[{\"@type\":\"WebPage\",\"@id\":\"https:\/\/theplayoffs.news\/fr\/actualite-nba\/suns-devin-booker-jouera-meneur-de-jeu-la-saison-prochaine\/\",\"url\":\"https:\/\/theplayoffs.news\/fr\/actualite-nba\/suns-devin-booker-jouera-meneur-de-jeu-la-saison-prochaine\/\",\"name\":\"Suns : Devin Booker jouera meneur de jeu la saison prochaine\",\"isPartOf\":{\"@id\":\"https:\/\/theplayoffs.news\/fr\/#website\"},\"primaryImageOfPage\":{\"@id\":\"https:\/\/theplayoffs.news\/fr\/actualite-nba\/suns-devin-booker-jouera-meneur-de-jeu-la-saison-prochaine\/#primaryimage\"},\"image\":{\"@id\":\"https:\/\/theplayoffs.news\/fr\/actualite-nba\/suns-devin-booker-jouera-meneur-de-jeu-la-saison-prochaine\/#primaryimage\"},\"thumbnailUrl\":\"https:\/\/theplayoffs.news\/fr\/wp-content\/uploads\/2025\/07\/USATSI_25736712.jpg\",\"datePublished\":\"2025-07-24T08:20:13+00:00\",\"dateModified\":\"2025-07-24T09:12:06+00:00\",\"author\":{\"@id\":\"https:\/\/theplayoffs.news\/fr\/#\/schema\/person\/6d5286c8c5dec1bbd3e6341f17a41111\"},\"description\":\"La star des Phoenix Suns, Devin Booker, devrait \u00e9voluer \u00e0 plein temps au poste de meneur de jeu en 2025-2026.\",\"breadcrumb\":{\"@id\":\"https:\/\/theplayoffs.news\/fr\/actualite-nba\/suns-devin-booker-jouera-meneur-de-jeu-la-saison-prochaine\/#breadcrumb\"},\"inLanguage\":\"fr-FR\",\"potentialAction\":[{\"@type\":\"ReadAction\",\"target\":[\"https:\/\/theplayoffs.news\/fr\/actualite-nba\/suns-devin-booker-jouera-meneur-de-jeu-la-saison-prochaine\/\"]}]},{\"@type\":\"ImageObject\",\"inLanguage\":\"fr-FR\",\"@id\":\"https:\/\/theplayoffs.news\/fr\/actualite-nba\/suns-devin-booker-jouera-meneur-de-jeu-la-saison-prochaine\/#primaryimage\",\"url\":\"https:\/\/theplayoffs.news\/fr\/wp-content\/uploads\/2025\/07\/USATSI_25736712.jpg\",\"contentUrl\":\"https:\/\/theplayoffs.news\/fr\/wp-content\/uploads\/2025\/07\/USATSI_25736712.jpg\",\"width\":1920,\"height\":1280,\"caption\":\"Mar 21, 2025; Phoenix, Arizona, USA; Phoenix Suns guard Devin Booker (1) controls the ball against the Cleveland Cavaliers during the second half at Footprint Center. Mandatory Credit: Joe Camporeale-Imagn Images\"},{\"@type\":\"BreadcrumbList\",\"@id\":\"https:\/\/theplayoffs.news\/fr\/actualite-nba\/suns-devin-booker-jouera-meneur-de-jeu-la-saison-prochaine\/#breadcrumb\",\"itemListElement\":[{\"@type\":\"ListItem\",\"position\":1,\"name\":\"Accueil\",\"item\":\"https:\/\/theplayoffs.news\/fr\/\"},{\"@type\":\"ListItem\",\"position\":2,\"name\":\"Suns\u00a0: Devin Booker jouera meneur de jeu la saison prochaine\"}]},{\"@type\":\"WebSite\",\"@id\":\"https:\/\/theplayoffs.news\/fr\/#website\",\"url\":\"https:\/\/theplayoffs.news\/fr\/\",\"name\":\"The Playoffs FR\",\"description\":\"NBA-NFL-NHL-MLB\",\"potentialAction\":[{\"@type\":\"SearchAction\",\"target\":{\"@type\":\"EntryPoint\",\"urlTemplate\":\"https:\/\/theplayoffs.news\/fr\/?s={search_term_string}\"},\"query-input\":{\"@type\":\"PropertyValueSpecification\",\"valueRequired\":true,\"valueName\":\"search_term_string\"}}],\"inLanguage\":\"fr-FR\"},{\"@type\":\"Person\",\"@id\":\"https:\/\/theplayoffs.news\/fr\/#\/schema\/person\/6d5286c8c5dec1bbd3e6341f17a41111\",\"name\":\"Romain Balle\",\"image\":{\"@type\":\"ImageObject\",\"inLanguage\":\"fr-FR\",\"@id\":\"https:\/\/theplayoffs.news\/fr\/#\/schema\/person\/image\/\",\"url\":\"https:\/\/secure.gravatar.com\/avatar\/05ddb849264c48c5ab2084b8927e8da5ec4ccb05c2bd91acb1c3d4c2785ce057?s=96&d=mm&r=g\",\"contentUrl\":\"https:\/\/secure.gravatar.com\/avatar\/05ddb849264c48c5ab2084b8927e8da5ec4ccb05c2bd91acb1c3d4c2785ce057?s=96&d=mm&r=g\",\"caption\":\"Romain Balle\"},\"url\":\"https:\/\/theplayoffs.news\/fr\/author\/romainballe02gmail-com\/\"}]}<\/script>\n<!-- \/ Yoast SEO plugin. -->","yoast_head_json":{"title":"Suns : Devin Booker jouera meneur de jeu la saison prochaine","description":"La star des Phoenix Suns, Devin Booker, devrait &eacute;voluer &agrave; plein temps au poste de meneur de jeu en 2025-2026.","robots":{"index":"index","follow":"follow","max-snippet":"max-snippet:-1","max-image-preview":"max-image-preview:large","max-video-preview":"max-video-preview:-1"},"canonical":"https:\/\/theplayoffs.news\/fr\/actualite-nba\/suns-devin-booker-jouera-meneur-de-jeu-la-saison-prochaine\/","og_locale":"fr_FR","og_type":"article","og_title":"Suns : Devin Booker jouera meneur de jeu la saison prochaine","og_description":"La star des Phoenix Suns, Devin Booker, devrait &eacute;voluer &agrave; plein temps au poste de meneur de jeu en 2025-2026.","og_url":"https:\/\/theplayoffs.news\/fr\/actualite-nba\/suns-devin-booker-jouera-meneur-de-jeu-la-saison-prochaine\/","og_site_name":"The Playoffs FR","article_publisher":"https:\/\/www.facebook.com\/TheFreeAgentFR\/","article_modified_time":"2025-07-24T09:12:06+00:00","og_image":[{"width":1920,"height":1280,"url":"https:\/\/theplayoffs.news\/fr\/wp-content\/uploads\/2025\/07\/USATSI_25736712.jpg","type":"image\/jpeg"}],"author":"Romain Balle","twitter_card":"summary_large_image","twitter_creator":"@TheFreeAgentFR","twitter_site":"@TheFreeAgentFR","twitter_misc":{"\u00c9crit par":"Romain Balle","Dur\u00e9e de lecture estim\u00e9e":"2 minutes"},"schema":{"@context":"https:\/\/schema.org","@graph":[{"@type":"WebPage","@id":"https:\/\/theplayoffs.news\/fr\/actualite-nba\/suns-devin-booker-jouera-meneur-de-jeu-la-saison-prochaine\/","url":"https:\/\/theplayoffs.news\/fr\/actualite-nba\/suns-devin-booker-jouera-meneur-de-jeu-la-saison-prochaine\/","name":"Suns : Devin Booker jouera meneur de jeu la saison prochaine","isPartOf":{"@id":"https:\/\/theplayoffs.news\/fr\/#website"},"primaryImageOfPage":{"@id":"https:\/\/theplayoffs.news\/fr\/actualite-nba\/suns-devin-booker-jouera-meneur-de-jeu-la-saison-prochaine\/#primaryimage"},"image":{"@id":"https:\/\/theplayoffs.news\/fr\/actualite-nba\/suns-devin-booker-jouera-meneur-de-jeu-la-saison-prochaine\/#primaryimage"},"thumbnailUrl":"https:\/\/theplayoffs.news\/fr\/wp-content\/uploads\/2025\/07\/USATSI_25736712.jpg","datePublished":"2025-07-24T08:20:13+00:00","dateModified":"2025-07-24T09:12:06+00:00","author":{"@id":"https:\/\/theplayoffs.news\/fr\/#\/schema\/person\/6d5286c8c5dec1bbd3e6341f17a41111"},"description":"La star des Phoenix Suns, Devin Booker, devrait \u00e9voluer \u00e0 plein temps au poste de meneur de jeu en 2025-2026.","breadcrumb":{"@id":"https:\/\/theplayoffs.news\/fr\/actualite-nba\/suns-devin-booker-jouera-meneur-de-jeu-la-saison-prochaine\/#breadcrumb"},"inLanguage":"fr-FR","potentialAction":[{"@type":"ReadAction","target":["https:\/\/theplayoffs.news\/fr\/actualite-nba\/suns-devin-booker-jouera-meneur-de-jeu-la-saison-prochaine\/"]}]},{"@type":"ImageObject","inLanguage":"fr-FR","@id":"https:\/\/theplayoffs.news\/fr\/actualite-nba\/suns-devin-booker-jouera-meneur-de-jeu-la-saison-prochaine\/#primaryimage","url":"https:\/\/theplayoffs.news\/fr\/wp-content\/uploads\/2025\/07\/USATSI_25736712.jpg","contentUrl":"https:\/\/theplayoffs.news\/fr\/wp-content\/uploads\/2025\/07\/USATSI_25736712.jpg","width":1920,"height":1280,"caption":"Mar 21, 2025; Phoenix, Arizona, USA; Phoenix Suns guard Devin Booker (1) controls the ball against the Cleveland Cavaliers during the second half at Footprint Center. Mandatory Credit: Joe Camporeale-Imagn Images"},{"@type":"BreadcrumbList","@id":"https:\/\/theplayoffs.news\/fr\/actualite-nba\/suns-devin-booker-jouera-meneur-de-jeu-la-saison-prochaine\/#breadcrumb","itemListElement":[{"@type":"ListItem","position":1,"name":"Accueil","item":"https:\/\/theplayoffs.news\/fr\/"},{"@type":"ListItem","position":2,"name":"Suns\u00a0: Devin Booker jouera meneur de jeu la saison prochaine"}]},{"@type":"WebSite","@id":"https:\/\/theplayoffs.news\/fr\/#website","url":"https:\/\/theplayoffs.news\/fr\/","name":"The Playoffs FR","description":"NBA-NFL-NHL-MLB","potentialAction":[{"@type":"SearchAction","target":{"@type":"EntryPoint","urlTemplate":"https:\/\/theplayoffs.news\/fr\/?s={search_term_string}"},"query-input":{"@type":"PropertyValueSpecification","valueRequired":true,"valueName":"search_term_string"}}],"inLanguage":"fr-FR"},{"@type":"Person","@id":"https:\/\/theplayoffs.news\/fr\/#\/schema\/person\/6d5286c8c5dec1bbd3e6341f17a41111","name":"Romain Balle","image":{"@type":"ImageObject","inLanguage":"fr-FR","@id":"https:\/\/theplayoffs.news\/fr\/#\/schema\/person\/image\/","url":"https:\/\/secure.gravatar.com\/avatar\/05ddb849264c48c5ab2084b8927e8da5ec4ccb05c2bd91acb1c3d4c2785ce057?s=96&d=mm&r=g","contentUrl":"https:\/\/secure.gravatar.com\/avatar\/05ddb849264c48c5ab2084b8927e8da5ec4ccb05c2bd91acb1c3d4c2785ce057?s=96&d=mm&r=g","caption":"Romain Balle"},"url":"https:\/\/theplayoffs.news\/fr\/author\/romainballe02gmail-com\/"}]}},"_links":{"self":[{"href":"https:\/\/theplayoffs.news\/fr\/wp-json\/wp\/v2\/posts\/1497832","targetHints":{"allow":["GET"]}}],"collection":[{"href":"https:\/\/theplayoffs.news\/fr\/wp-json\/wp\/v2\/posts"}],"about":[{"href":"https:\/\/theplayoffs.news\/fr\/wp-json\/wp\/v2\/types\/post"}],"author":[{"embeddable":true,"href":"https:\/\/theplayoffs.news\/fr\/wp-json\/wp\/v2\/users\/180310210"}],"replies":[{"embeddable":true,"href":"https:\/\/theplayoffs.news\/fr\/wp-json\/wp\/v2\/comments?post=1497832"}],"version-history":[{"count":2,"href":"https:\/\/theplayoffs.news\/fr\/wp-json\/wp\/v2\/posts\/1497832\/revisions"}],"predecessor-version":[{"id":1497847,"href":"https:\/\/theplayoffs.news\/fr\/wp-json\/wp\/v2\/posts\/1497832\/revisions\/1497847"}],"wp:featuredmedia":[{"embeddable":true,"href":"https:\/\/theplayoffs.news\/fr\/wp-json\/wp\/v2\/media\/1497833"}],"wp:attachment":[{"href":"https:\/\/theplayoffs.news\/fr\/wp-json\/wp\/v2\/media?parent=1497832"}],"wp:term":[{"taxonomy":"category","embeddable":true,"href":"https:\/\/theplayoffs.news\/fr\/wp-json\/wp\/v2\/categories?post=1497832"},{"taxonomy":"post_tag","embeddable":true,"href":"https:\/\/theplayoffs.news\/fr\/wp-json\/wp\/v2\/tags?post=1497832"},{"taxonomy":"sport","embeddable":true,"href":"https:\/\/theplayoffs.news\/fr\/wp-json\/wp\/v2\/sport?post=1497832"},{"taxonomy":"saison","embeddable":true,"href":"https:\/\/theplayoffs.news\/fr\/wp-json\/wp\/v2\/saison?post=1497832"}],"curies":[{"name":"wp","href":"https:\/\/api.w.org\/{rel}","templated":true}]}}