{"id":1497830,"date":"2025-07-24T09:49:54","date_gmt":"2025-07-24T07:49:54","guid":{"rendered":"https:\/\/theplayoffs.news\/fr\/uncategorized\/\/"},"modified":"2025-07-24T09:49:59","modified_gmt":"2025-07-24T07:49:59","slug":"podcast-f1-preview-gp-belgique","status":"publish","type":"post","link":"https:\/\/theplayoffs.news\/fr\/formule-1\/podcast-f1-preview-gp-belgique\/","title":{"rendered":"Podcast F1 : Spa &amp; Bombe chez Red Bull"},"content":{"rendered":"<p>Plongez dans l&rsquo;actualit&eacute; bouillante de la <strong>Formule&#8239;1<\/strong>&#8239;: on d&eacute;marre avec une <strong>preview compl&egrave;te du Grand&#8239;Prix de&#8239;Belgique<\/strong> &agrave; Spa-Francorchamps&#8239;!<\/p><p>Au programme&#8239;: pourquoi Spa reste l&rsquo;un des circuits les plus mythiques &mdash; Raidillon de l&rsquo;Eau&#8239;Rouge, m&eacute;t&eacute;o capricieuse et sprint format in&eacute;dit ce week-end (25&ndash;27&#8239;juillet) pour la 13&#7497; manche du championnat 2025. On d&eacute;crypte les enjeux : McLaren en position de force avec Oscar&#8239;Piastri et Lando&#8239;Norris, la menace Verstappen &amp; Red&#8239;Bull en pleine tourmente.<\/p><p>Ensuite, gros dossier Red Bull. L&rsquo;&eacute;curie prend un tournant historique avec le <strong>licenciement de Christian Horner<\/strong>, apr&egrave;s 20&#8239;ans &agrave; la t&ecirc;te du team principal et 8+6 titres mondiaux Analyse de l&rsquo;impact de cette d&eacute;cision forte &mdash; r&eacute;v&eacute;lations sur l&rsquo;entretien chocs &agrave; Londres, implications dans le paddock et r&eacute;actions (Zak&#8239;Brown imperturbable, Toto&#8239;Wolff ferme la porte &agrave; Verstappen chez Mercedes&hellip;)<\/p><p>On revient avec vous sur les causes probables&#8239;: baisse de performance (Red Bull 4&#7497; du championnat), d&eacute;parts cl&eacute;s, rumeur de d&eacute;part de Verstappen, man&oelig;uvres de pouvoir en coulisse.<\/p><iframe name=\"Ausha Podcast Player\" frameborder=\"0\" loading=\"lazy\" id=\"ausha-d8JR\" height=\"220\" style=\"border: none; width:100%; height:220px\" src=\"https:\/\/player.ausha.co\/?showId=bj3GEhxNnxzY&amp;color=%23751CBF&amp;podcastId=3mmwOIMe6MNl&amp;v=3&amp;playerId=ausha-d8JR\"><\/iframe><script src=\"https:\/\/player.ausha.co\/ausha-player.js\"><\/script><h2 class=\"wp-block-heading\">O&ugrave; &eacute;couter Warm Up &ndash; Le podcast Formule 1 de TPO ?<\/h2><p>Comme pour vos autres podcasts de The Playoffs, Warm Up est disponible sur toutes les plateformes de streaming :<\/p><ul class=\"wp-block-list\">\n<li><a href=\"https:\/\/podcasts.apple.com\/fr\/podcast\/warm-up-le-podcast-f1-de-the-playoffs\/id1802208404\" target=\"_blank\" rel=\"noreferrer noopener\" class=\"trk-cta-link\" data-cta-trk='{\"ctaType\":\"Link\",\"ctaSubType\":\"main\"}'>Apple Podcast<\/a><\/li>\n\n\n\n<li><a href=\"https:\/\/open.spotify.com\/show\/7CTVsyTp1FEDpmv5OhY3QO\" target=\"_blank\" rel=\"noreferrer noopener\" class=\"trk-cta-link\" data-cta-trk='{\"ctaType\":\"Link\",\"ctaSubType\":\"main\"}'>Spotify<\/a><\/li>\n\n\n\n<li><a href=\"https:\/\/www.deezer.com\/show\/1001719111\" target=\"_blank\" rel=\"noreferrer noopener\" class=\"trk-cta-link\" data-cta-trk='{\"ctaType\":\"Link\",\"ctaSubType\":\"main\"}'>Deezer<\/a><\/li>\n\n\n\n<li><a href=\"https:\/\/www.youtube.com\/channel\/UC3OPT95AXRaCcnAv36IlbCg\" target=\"_blank\" rel=\"noreferrer noopener\" class=\"trk-cta-link\" data-cta-trk='{\"ctaType\":\"Link\",\"ctaSubType\":\"main\"}'>Youtube<\/a><\/li>\n\n\n\n<li><a href=\"https:\/\/music.amazon.com\/podcasts\/ee358407-d182-443c-8a7b-e2e732ae36eb\" class=\"trk-cta-link\" data-cta-trk='{\"ctaType\":\"Link\",\"ctaSubType\":\"main\"}'>Amazon music<\/a><\/li>\n\n\n\n<li><a href=\"https:\/\/podcastaddict.com\/podcast\/warm-up-le-podcast-f1-de-the-playoffs\/5752000\" target=\"_blank\" rel=\"noreferrer noopener\" class=\"trk-cta-link\" data-cta-trk='{\"ctaType\":\"Link\",\"ctaSubType\":\"main\"}'>Podcast Addict<\/a><\/li>\n<\/ul>\n","protected":false},"excerpt":{"rendered":"","protected":false},"author":180310001,"featured_media":1484875,"comment_status":"closed","ping_status":"closed","sticky":false,"template":"","format":"standard","meta":{"inline_featured_image":false,"kia_subtitle":"","_mux_skip_reasons":[],"proofreadBy":0,"footnotes":""},"categories":[8091],"tags":[8255],"sport":[],"saison":[],"class_list":["post-1497830","post","type-post","status-publish","format-standard","has-post-thumbnail","hentry","category-formule-1","tag-podcast-f1"],"acf":[],"yoast_head":"<!-- This site is optimized with the Yoast SEO plugin v24.2 - https:\/\/yoast.com\/wordpress\/plugins\/seo\/ -->\n<title>Podcast F1 : Spa &amp; Bombe chez Red Bull - The Playoffs FR<\/title>\n<meta name=\"description\" content=\"Plongez dans l&#039;actualit&eacute; bouillante de la Formule\u202f1\u202f: on d&eacute;marre avec une preview compl&egrave;te du Grand\u202fPrix\u202fde\u202fBelgique &agrave; Spa-Francorchamps\u202f!\" \/>\n<meta name=\"robots\" content=\"index, follow, max-snippet:-1, max-image-preview:large, max-video-preview:-1\" \/>\n<link rel=\"canonical\" href=\"https:\/\/theplayoffs.news\/fr\/formule-1\/podcast-f1-preview-gp-belgique\/\" \/>\n<meta property=\"og:locale\" content=\"fr_FR\" \/>\n<meta property=\"og:type\" content=\"article\" \/>\n<meta property=\"og:title\" content=\"Podcast F1 : Spa &amp; Bombe chez Red Bull - The Playoffs FR\" \/>\n<meta property=\"og:description\" content=\"Plongez dans l&#039;actualit&eacute; bouillante de la Formule\u202f1\u202f: on d&eacute;marre avec une preview compl&egrave;te du Grand\u202fPrix\u202fde\u202fBelgique &agrave; Spa-Francorchamps\u202f!\" \/>\n<meta property=\"og:url\" content=\"https:\/\/theplayoffs.news\/fr\/formule-1\/podcast-f1-preview-gp-belgique\/\" \/>\n<meta property=\"og:site_name\" content=\"The Playoffs FR\" \/>\n<meta property=\"article:publisher\" content=\"https:\/\/www.facebook.com\/TheFreeAgentFR\/\" \/>\n<meta property=\"article:modified_time\" content=\"2025-07-24T09:49:59+02:00\" \/>\n<meta property=\"og:image\" content=\"https:\/\/theplayoffs.news\/fr\/wp-content\/uploads\/2025\/03\/98b9da7db15e013167afa91fae41d8514341f23c0ad8b8d8a8ea53eec27d0955.jpg\" \/>\n\t<meta property=\"og:image:width\" content=\"1024\" \/>\n\t<meta property=\"og:image:height\" content=\"1024\" \/>\n\t<meta property=\"og:image:type\" content=\"image\/jpeg\" \/>\n<meta name=\"author\" content=\"Christopher Marrec-Top\" \/>\n<meta name=\"twitter:card\" content=\"summary_large_image\" \/>\n<meta name=\"twitter:creator\" content=\"@TheFreeAgentFR\" \/>\n<meta name=\"twitter:site\" content=\"@TheFreeAgentFR\" \/>\n<meta name=\"twitter:label1\" content=\"\u00c9crit par\" \/>\n\t<meta name=\"twitter:data1\" content=\"Christopher Marrec-Top\" \/>\n\t<meta name=\"twitter:label2\" content=\"Dur\u00e9e de lecture estim\u00e9e\" \/>\n\t<meta name=\"twitter:data2\" content=\"2 minutes\" \/>\n<script type=\"application\/ld+json\" class=\"yoast-schema-graph\">{\"@context\":\"https:\/\/schema.org\",\"@graph\":[{\"@type\":\"WebPage\",\"@id\":\"https:\/\/theplayoffs.news\/fr\/formule-1\/podcast-f1-preview-gp-belgique\/\",\"url\":\"https:\/\/theplayoffs.news\/fr\/formule-1\/podcast-f1-preview-gp-belgique\/\",\"name\":\"Podcast F1 : Spa &amp; Bombe chez Red Bull - The Playoffs FR\",\"isPartOf\":{\"@id\":\"https:\/\/theplayoffs.news\/fr\/#website\"},\"primaryImageOfPage\":{\"@id\":\"https:\/\/theplayoffs.news\/fr\/formule-1\/podcast-f1-preview-gp-belgique\/#primaryimage\"},\"image\":{\"@id\":\"https:\/\/theplayoffs.news\/fr\/formule-1\/podcast-f1-preview-gp-belgique\/#primaryimage\"},\"thumbnailUrl\":\"https:\/\/theplayoffs.news\/fr\/wp-content\/uploads\/2025\/03\/98b9da7db15e013167afa91fae41d8514341f23c0ad8b8d8a8ea53eec27d0955.jpg\",\"datePublished\":\"2025-07-24T07:49:54+00:00\",\"dateModified\":\"2025-07-24T07:49:59+00:00\",\"author\":{\"@id\":\"https:\/\/theplayoffs.news\/fr\/#\/schema\/person\/863ce84969b07bfc09ef81750720e42a\"},\"description\":\"Plongez dans l\\\\'actualit\u00e9 bouillante de la Formule\u202f1\u202f: on d\u00e9marre avec une preview compl\u00e8te du Grand\u202fPrix\u202fde\u202fBelgique \u00e0 Spa-Francorchamps\u202f!\",\"breadcrumb\":{\"@id\":\"https:\/\/theplayoffs.news\/fr\/formule-1\/podcast-f1-preview-gp-belgique\/#breadcrumb\"},\"inLanguage\":\"fr-FR\",\"potentialAction\":[{\"@type\":\"ReadAction\",\"target\":[\"https:\/\/theplayoffs.news\/fr\/formule-1\/podcast-f1-preview-gp-belgique\/\"]}]},{\"@type\":\"ImageObject\",\"inLanguage\":\"fr-FR\",\"@id\":\"https:\/\/theplayoffs.news\/fr\/formule-1\/podcast-f1-preview-gp-belgique\/#primaryimage\",\"url\":\"https:\/\/theplayoffs.news\/fr\/wp-content\/uploads\/2025\/03\/98b9da7db15e013167afa91fae41d8514341f23c0ad8b8d8a8ea53eec27d0955.jpg\",\"contentUrl\":\"https:\/\/theplayoffs.news\/fr\/wp-content\/uploads\/2025\/03\/98b9da7db15e013167afa91fae41d8514341f23c0ad8b8d8a8ea53eec27d0955.jpg\",\"width\":1024,\"height\":1024,\"caption\":\"warm up podcast F1\"},{\"@type\":\"BreadcrumbList\",\"@id\":\"https:\/\/theplayoffs.news\/fr\/formule-1\/podcast-f1-preview-gp-belgique\/#breadcrumb\",\"itemListElement\":[{\"@type\":\"ListItem\",\"position\":1,\"name\":\"Accueil\",\"item\":\"https:\/\/theplayoffs.news\/fr\/\"},{\"@type\":\"ListItem\",\"position\":2,\"name\":\"Podcast F1 : Spa &amp; Bombe chez Red Bull\"}]},{\"@type\":\"WebSite\",\"@id\":\"https:\/\/theplayoffs.news\/fr\/#website\",\"url\":\"https:\/\/theplayoffs.news\/fr\/\",\"name\":\"The Playoffs FR\",\"description\":\"NBA-NFL-NHL-MLB\",\"potentialAction\":[{\"@type\":\"SearchAction\",\"target\":{\"@type\":\"EntryPoint\",\"urlTemplate\":\"https:\/\/theplayoffs.news\/fr\/?s={search_term_string}\"},\"query-input\":{\"@type\":\"PropertyValueSpecification\",\"valueRequired\":true,\"valueName\":\"search_term_string\"}}],\"inLanguage\":\"fr-FR\"},{\"@type\":\"Person\",\"@id\":\"https:\/\/theplayoffs.news\/fr\/#\/schema\/person\/863ce84969b07bfc09ef81750720e42a\",\"name\":\"Christopher Marrec-Top\",\"image\":{\"@type\":\"ImageObject\",\"inLanguage\":\"fr-FR\",\"@id\":\"https:\/\/theplayoffs.news\/fr\/#\/schema\/person\/image\/\",\"url\":\"https:\/\/secure.gravatar.com\/avatar\/3102192a417211661aecac9ec415c973058438e49145f224d4e3273853f80021?s=96&d=mm&r=g\",\"contentUrl\":\"https:\/\/secure.gravatar.com\/avatar\/3102192a417211661aecac9ec415c973058438e49145f224d4e3273853f80021?s=96&d=mm&r=g\",\"caption\":\"Christopher Marrec-Top\"},\"description\":\"Christopher, 37 ans et biberonn\u00e9 au cidre et aux cr\u00eapes (rien de plus normal pour un breton). Animateur du podcast \\\\\\\"And One\\\\\\\", d\u00e9di\u00e9 \u00e0 l\u2019univers du basket (NBA, WNBA, Draft), et r\u00e9dacteur pour le site ThePlayoffs. Je suis entr\u00e9 dans le monde des m\u00e9dias il y a quelques ann\u00e9es en tant que novice, mais ma passion pour le sport m\u2019anime au quotidien. Admirateur inconditionnel d\\\\'un certain \\\\\\\"Chosen One\\\\\\\", je l\\\\'ai particuli\u00e8rement suivi avec un maillot noir orn\u00e9 d\\\\'un grand C (avec le maillot \\\\\\\"purple and gold\\\\\\\" il se d\u00e9brouille toujours pas trop mal). Amoureux du sport am\u00e9ricain dans son ensemble, je reste fid\u00e8le \u00e0 la discipline fond\u00e9e par James Naismith. ENJOY !! Et longue vie \u00e0 ThePlayoffs !\",\"url\":\"https:\/\/theplayoffs.news\/fr\/author\/christophertop\/\"}]}<\/script>\n<!-- \/ Yoast SEO plugin. -->","yoast_head_json":{"title":"Podcast F1 : Spa &amp; Bombe chez Red Bull - The Playoffs FR","description":"Plongez dans l&#039;actualit&eacute; bouillante de la Formule\u202f1\u202f: on d&eacute;marre avec une preview compl&egrave;te du Grand\u202fPrix\u202fde\u202fBelgique &agrave; Spa-Francorchamps\u202f!","robots":{"index":"index","follow":"follow","max-snippet":"max-snippet:-1","max-image-preview":"max-image-preview:large","max-video-preview":"max-video-preview:-1"},"canonical":"https:\/\/theplayoffs.news\/fr\/formule-1\/podcast-f1-preview-gp-belgique\/","og_locale":"fr_FR","og_type":"article","og_title":"Podcast F1 : Spa &amp; Bombe chez Red Bull - The Playoffs FR","og_description":"Plongez dans l&#039;actualit&eacute; bouillante de la Formule\u202f1\u202f: on d&eacute;marre avec une preview compl&egrave;te du Grand\u202fPrix\u202fde\u202fBelgique &agrave; Spa-Francorchamps\u202f!","og_url":"https:\/\/theplayoffs.news\/fr\/formule-1\/podcast-f1-preview-gp-belgique\/","og_site_name":"The Playoffs FR","article_publisher":"https:\/\/www.facebook.com\/TheFreeAgentFR\/","article_modified_time":"2025-07-24T07:49:59+00:00","og_image":[{"width":1024,"height":1024,"url":"https:\/\/theplayoffs.news\/fr\/wp-content\/uploads\/2025\/03\/98b9da7db15e013167afa91fae41d8514341f23c0ad8b8d8a8ea53eec27d0955.jpg","type":"image\/jpeg"}],"author":"Christopher Marrec-Top","twitter_card":"summary_large_image","twitter_creator":"@TheFreeAgentFR","twitter_site":"@TheFreeAgentFR","twitter_misc":{"\u00c9crit par":"Christopher Marrec-Top","Dur\u00e9e de lecture estim\u00e9e":"2 minutes"},"schema":{"@context":"https:\/\/schema.org","@graph":[{"@type":"WebPage","@id":"https:\/\/theplayoffs.news\/fr\/formule-1\/podcast-f1-preview-gp-belgique\/","url":"https:\/\/theplayoffs.news\/fr\/formule-1\/podcast-f1-preview-gp-belgique\/","name":"Podcast F1 : Spa &amp; Bombe chez Red Bull - The Playoffs FR","isPartOf":{"@id":"https:\/\/theplayoffs.news\/fr\/#website"},"primaryImageOfPage":{"@id":"https:\/\/theplayoffs.news\/fr\/formule-1\/podcast-f1-preview-gp-belgique\/#primaryimage"},"image":{"@id":"https:\/\/theplayoffs.news\/fr\/formule-1\/podcast-f1-preview-gp-belgique\/#primaryimage"},"thumbnailUrl":"https:\/\/theplayoffs.news\/fr\/wp-content\/uploads\/2025\/03\/98b9da7db15e013167afa91fae41d8514341f23c0ad8b8d8a8ea53eec27d0955.jpg","datePublished":"2025-07-24T07:49:54+00:00","dateModified":"2025-07-24T07:49:59+00:00","author":{"@id":"https:\/\/theplayoffs.news\/fr\/#\/schema\/person\/863ce84969b07bfc09ef81750720e42a"},"description":"Plongez dans l\\'actualit\u00e9 bouillante de la Formule\u202f1\u202f: on d\u00e9marre avec une preview compl\u00e8te du Grand\u202fPrix\u202fde\u202fBelgique \u00e0 Spa-Francorchamps\u202f!","breadcrumb":{"@id":"https:\/\/theplayoffs.news\/fr\/formule-1\/podcast-f1-preview-gp-belgique\/#breadcrumb"},"inLanguage":"fr-FR","potentialAction":[{"@type":"ReadAction","target":["https:\/\/theplayoffs.news\/fr\/formule-1\/podcast-f1-preview-gp-belgique\/"]}]},{"@type":"ImageObject","inLanguage":"fr-FR","@id":"https:\/\/theplayoffs.news\/fr\/formule-1\/podcast-f1-preview-gp-belgique\/#primaryimage","url":"https:\/\/theplayoffs.news\/fr\/wp-content\/uploads\/2025\/03\/98b9da7db15e013167afa91fae41d8514341f23c0ad8b8d8a8ea53eec27d0955.jpg","contentUrl":"https:\/\/theplayoffs.news\/fr\/wp-content\/uploads\/2025\/03\/98b9da7db15e013167afa91fae41d8514341f23c0ad8b8d8a8ea53eec27d0955.jpg","width":1024,"height":1024,"caption":"warm up podcast F1"},{"@type":"BreadcrumbList","@id":"https:\/\/theplayoffs.news\/fr\/formule-1\/podcast-f1-preview-gp-belgique\/#breadcrumb","itemListElement":[{"@type":"ListItem","position":1,"name":"Accueil","item":"https:\/\/theplayoffs.news\/fr\/"},{"@type":"ListItem","position":2,"name":"Podcast F1 : Spa &amp; Bombe chez Red Bull"}]},{"@type":"WebSite","@id":"https:\/\/theplayoffs.news\/fr\/#website","url":"https:\/\/theplayoffs.news\/fr\/","name":"The Playoffs FR","description":"NBA-NFL-NHL-MLB","potentialAction":[{"@type":"SearchAction","target":{"@type":"EntryPoint","urlTemplate":"https:\/\/theplayoffs.news\/fr\/?s={search_term_string}"},"query-input":{"@type":"PropertyValueSpecification","valueRequired":true,"valueName":"search_term_string"}}],"inLanguage":"fr-FR"},{"@type":"Person","@id":"https:\/\/theplayoffs.news\/fr\/#\/schema\/person\/863ce84969b07bfc09ef81750720e42a","name":"Christopher Marrec-Top","image":{"@type":"ImageObject","inLanguage":"fr-FR","@id":"https:\/\/theplayoffs.news\/fr\/#\/schema\/person\/image\/","url":"https:\/\/secure.gravatar.com\/avatar\/3102192a417211661aecac9ec415c973058438e49145f224d4e3273853f80021?s=96&d=mm&r=g","contentUrl":"https:\/\/secure.gravatar.com\/avatar\/3102192a417211661aecac9ec415c973058438e49145f224d4e3273853f80021?s=96&d=mm&r=g","caption":"Christopher Marrec-Top"},"description":"Christopher, 37 ans et biberonn\u00e9 au cidre et aux cr\u00eapes (rien de plus normal pour un breton). Animateur du podcast \\\"And One\\\", d\u00e9di\u00e9 \u00e0 l\u2019univers du basket (NBA, WNBA, Draft), et r\u00e9dacteur pour le site ThePlayoffs. Je suis entr\u00e9 dans le monde des m\u00e9dias il y a quelques ann\u00e9es en tant que novice, mais ma passion pour le sport m\u2019anime au quotidien. Admirateur inconditionnel d\\'un certain \\\"Chosen One\\\", je l\\'ai particuli\u00e8rement suivi avec un maillot noir orn\u00e9 d\\'un grand C (avec le maillot \\\"purple and gold\\\" il se d\u00e9brouille toujours pas trop mal). Amoureux du sport am\u00e9ricain dans son ensemble, je reste fid\u00e8le \u00e0 la discipline fond\u00e9e par James Naismith. ENJOY !! Et longue vie \u00e0 ThePlayoffs !","url":"https:\/\/theplayoffs.news\/fr\/author\/christophertop\/"}]}},"_links":{"self":[{"href":"https:\/\/theplayoffs.news\/fr\/wp-json\/wp\/v2\/posts\/1497830","targetHints":{"allow":["GET"]}}],"collection":[{"href":"https:\/\/theplayoffs.news\/fr\/wp-json\/wp\/v2\/posts"}],"about":[{"href":"https:\/\/theplayoffs.news\/fr\/wp-json\/wp\/v2\/types\/post"}],"author":[{"embeddable":true,"href":"https:\/\/theplayoffs.news\/fr\/wp-json\/wp\/v2\/users\/180310001"}],"replies":[{"embeddable":true,"href":"https:\/\/theplayoffs.news\/fr\/wp-json\/wp\/v2\/comments?post=1497830"}],"version-history":[{"count":1,"href":"https:\/\/theplayoffs.news\/fr\/wp-json\/wp\/v2\/posts\/1497830\/revisions"}],"predecessor-version":[{"id":1497831,"href":"https:\/\/theplayoffs.news\/fr\/wp-json\/wp\/v2\/posts\/1497830\/revisions\/1497831"}],"wp:featuredmedia":[{"embeddable":true,"href":"https:\/\/theplayoffs.news\/fr\/wp-json\/wp\/v2\/media\/1484875"}],"wp:attachment":[{"href":"https:\/\/theplayoffs.news\/fr\/wp-json\/wp\/v2\/media?parent=1497830"}],"wp:term":[{"taxonomy":"category","embeddable":true,"href":"https:\/\/theplayoffs.news\/fr\/wp-json\/wp\/v2\/categories?post=1497830"},{"taxonomy":"post_tag","embeddable":true,"href":"https:\/\/theplayoffs.news\/fr\/wp-json\/wp\/v2\/tags?post=1497830"},{"taxonomy":"sport","embeddable":true,"href":"https:\/\/theplayoffs.news\/fr\/wp-json\/wp\/v2\/sport?post=1497830"},{"taxonomy":"saison","embeddable":true,"href":"https:\/\/theplayoffs.news\/fr\/wp-json\/wp\/v2\/saison?post=1497830"}],"curies":[{"name":"wp","href":"https:\/\/api.w.org\/{rel}","templated":true}]}}