{"id":1497818,"date":"2025-07-24T09:16:29","date_gmt":"2025-07-24T07:16:29","guid":{"rendered":"https:\/\/theplayoffs.news\/fr\/uncategorized\/\/"},"modified":"2025-07-24T09:16:35","modified_gmt":"2025-07-24T07:16:35","slug":"raiders-christian-wilkins-blessure-retour-incertain-2025","status":"publish","type":"post","link":"https:\/\/theplayoffs.news\/fr\/actualite-nfl\/raiders-christian-wilkins-blessure-retour-incertain-2025\/","title":{"rendered":"Raiders : Retour incertain pour Christian Wilkins selon Pete Carroll"},"content":{"rendered":"<p>Le defensive tackle Christian Wilkins demeure l&rsquo;une des principales sources d&rsquo;inqui&eacute;tude pour les Las Vegas Raiders en cette intersaison NFL. Mardi, l&rsquo;entra&icirc;neur principal Pete Carroll a indiqu&eacute; qu&rsquo;aucune date de retour pr&eacute;cise n&rsquo;&eacute;tait encore fix&eacute;e pour le joueur, qui a subi une op&eacute;ration du pied en 2024.<\/p><blockquote class=\"wp-block-quote is-layout-flow wp-block-quote-is-layout-flow\">\n<p>&laquo; C&rsquo;est encore incertain. Il faut qu&rsquo;on attende un peu &raquo;, <a href=\"https:\/\/x.com\/theleviedwards\/status\/1947728352527487241\" target=\"_blank\" rel=\"noreferrer noopener nofollow\" class=\"trk-cta-link\" data-cta-trk='{\"ctaType\":\"Link\",\"ctaSubType\":\"main\"}'>a d&eacute;clar&eacute; Carroll en conf&eacute;rence de presse<\/a>.<\/p>\n<\/blockquote><p>La situation s&rsquo;est encore complexifi&eacute;e avec l&rsquo;ajout r&eacute;cent de Wilkins sur la <strong>liste PUP<\/strong> (physically unable to perform), en amont du d&eacute;but du training camp. Le joueur a d&rsquo;ailleurs &eacute;t&eacute; aper&ccedil;u portant une botte orthop&eacute;dique, preuve que sa r&eacute;&eacute;ducation est encore loin d&rsquo;&ecirc;tre termin&eacute;e.<\/p><blockquote class=\"wp-block-quote is-layout-flow wp-block-quote-is-layout-flow\">\n<p>&laquo; Chaque jour, il arrive t&ocirc;t, travaille dur, mais on est toujours en plein processus &raquo;, avait confi&eacute; Carroll d&egrave;s le mois de mai. &laquo; Il n&rsquo;est pas encore pr&ecirc;t &agrave; revenir. C&rsquo;est un processus long et difficile. On essaie de faire preuve de prudence dans notre approche, et il est toujours avec nous. Mais c&rsquo;est un vrai d&eacute;fi. &raquo;<\/p>\n<\/blockquote><h2 class=\"wp-block-heading\">Une absence qui p&egrave;se lourd sur la d&eacute;fense des Raiders<\/h2><p>Christian Wilkins a rejoint les Raiders en mars 2024 avec un contrat de 4 ans et 110 millions de dollars. Il devait solidifier la ligne d&eacute;fensive, mais n&rsquo;a pu disputer que cinq matchs &agrave; cause de sa blessure, totalisant 17 plaquages et deux sacks.<\/p><p>Avant son arriv&eacute;e &agrave; Las Vegas, Wilkins s&rsquo;&eacute;tait impos&eacute; comme un pilier chez les Miami Dolphins, qui l&rsquo;avaient s&eacute;lectionn&eacute; au premier tour de la Draft 2019. Entre 2019 et 2023, il a pris part &agrave; 81 des 83 matchs possibles, cumulant 355 plaquages, 22,5 sacks, 43 plaquages pour perte, 19 passes d&eacute;vi&eacute;es et six fumbles recouverts.<\/p><p>Malgr&eacute; sa blessure, Wilkins reste per&ccedil;u comme un &eacute;l&eacute;ment cl&eacute;, cens&eacute; former un duo redoutable avec <strong><a href=\"https:\/\/theplayoffs.news\/fr\/actualite-nfl\/maxx-crosby-montre-les-crocs-pour-2025-jai-une-enorme-envie-de-gagner\/\" class=\"trk-cta-link\" data-cta-trk='{\"ctaType\":\"Link\",\"ctaSubType\":\"main\"}'>Maxx Crosby<\/a><\/strong> sur la ligne d&eacute;fensive. Sans lui, les Raiders n&rsquo;ont enregistr&eacute; que <strong>38 sacks<\/strong> et <strong>133 pressions sur quarterback<\/strong> en 2024 &mdash; respectivement les 12e et 15e pires totaux de la ligue.<\/p><p><\/p><p><\/p><p><em>Credit Photo: Tommy Gilligan-Imagn Images<\/em><\/p>\n","protected":false},"excerpt":{"rendered":"","protected":false},"author":13,"featured_media":1497819,"comment_status":"closed","ping_status":"closed","sticky":false,"template":"","format":"standard","meta":{"inline_featured_image":false,"kia_subtitle":"","_mux_skip_reasons":[],"proofreadBy":0,"footnotes":""},"categories":[118,8410,40],"tags":[7022,374],"sport":[],"saison":[],"class_list":["post-1497818","post","type-post","status-publish","format-standard","has-post-thumbnail","hentry","category-actualite-nfl","category-football-americain","category-nfl","tag-christian-wilkins","tag-raiders"],"acf":[],"yoast_head":"<!-- This site is optimized with the Yoast SEO plugin v24.2 - https:\/\/yoast.com\/wordpress\/plugins\/seo\/ -->\n<title>Christian Wilkins toujours bless&eacute; : inqui&eacute;tude chez les Raiders pour la saison 2025 - The Playoffs FR<\/title>\n<meta name=\"description\" content=\"Christian Wilkins, bless&eacute; au pied, reste sans date de retour selon Pete Carroll. Une absence qui p&egrave;se lourd sur la d&eacute;fense des Raiders.\" \/>\n<meta name=\"robots\" content=\"index, follow, max-snippet:-1, max-image-preview:large, max-video-preview:-1\" \/>\n<link rel=\"canonical\" href=\"https:\/\/theplayoffs.news\/fr\/actualite-nfl\/raiders-christian-wilkins-blessure-retour-incertain-2025\/\" \/>\n<meta property=\"og:locale\" content=\"fr_FR\" \/>\n<meta property=\"og:type\" content=\"article\" \/>\n<meta property=\"og:title\" content=\"Christian Wilkins toujours bless&eacute; : inqui&eacute;tude chez les Raiders pour la saison 2025 - The Playoffs FR\" \/>\n<meta property=\"og:description\" content=\"Christian Wilkins, bless&eacute; au pied, reste sans date de retour selon Pete Carroll. Une absence qui p&egrave;se lourd sur la d&eacute;fense des Raiders.\" \/>\n<meta property=\"og:url\" content=\"https:\/\/theplayoffs.news\/fr\/actualite-nfl\/raiders-christian-wilkins-blessure-retour-incertain-2025\/\" \/>\n<meta property=\"og:site_name\" content=\"The Playoffs FR\" \/>\n<meta property=\"article:publisher\" content=\"https:\/\/www.facebook.com\/TheFreeAgentFR\/\" \/>\n<meta property=\"article:modified_time\" content=\"2025-07-24T09:16:35+02:00\" \/>\n<meta property=\"og:image\" content=\"https:\/\/theplayoffs.news\/fr\/wp-content\/uploads\/2025\/07\/USATSI-24241826.jpg\" \/>\n\t<meta property=\"og:image:width\" content=\"1920\" \/>\n\t<meta property=\"og:image:height\" content=\"1280\" \/>\n\t<meta property=\"og:image:type\" content=\"image\/jpeg\" \/>\n<meta name=\"author\" content=\"Charles Taudin\" \/>\n<meta name=\"twitter:card\" content=\"summary_large_image\" \/>\n<meta name=\"twitter:creator\" content=\"@TheFreeAgentFR\" \/>\n<meta name=\"twitter:site\" content=\"@TheFreeAgentFR\" \/>\n<meta name=\"twitter:label1\" content=\"\u00c9crit par\" \/>\n\t<meta name=\"twitter:data1\" content=\"Charles Taudin\" \/>\n\t<meta name=\"twitter:label2\" content=\"Dur\u00e9e de lecture estim\u00e9e\" \/>\n\t<meta name=\"twitter:data2\" content=\"2 minutes\" \/>\n<script type=\"application\/ld+json\" class=\"yoast-schema-graph\">{\"@context\":\"https:\/\/schema.org\",\"@graph\":[{\"@type\":\"WebPage\",\"@id\":\"https:\/\/theplayoffs.news\/fr\/actualite-nfl\/raiders-christian-wilkins-blessure-retour-incertain-2025\/\",\"url\":\"https:\/\/theplayoffs.news\/fr\/actualite-nfl\/raiders-christian-wilkins-blessure-retour-incertain-2025\/\",\"name\":\"Christian Wilkins toujours bless\u00e9 : inqui\u00e9tude chez les Raiders pour la saison 2025 - The Playoffs FR\",\"isPartOf\":{\"@id\":\"https:\/\/theplayoffs.news\/fr\/#website\"},\"primaryImageOfPage\":{\"@id\":\"https:\/\/theplayoffs.news\/fr\/actualite-nfl\/raiders-christian-wilkins-blessure-retour-incertain-2025\/#primaryimage\"},\"image\":{\"@id\":\"https:\/\/theplayoffs.news\/fr\/actualite-nfl\/raiders-christian-wilkins-blessure-retour-incertain-2025\/#primaryimage\"},\"thumbnailUrl\":\"https:\/\/theplayoffs.news\/fr\/wp-content\/uploads\/2025\/07\/USATSI-24241826.jpg\",\"datePublished\":\"2025-07-24T07:16:29+00:00\",\"dateModified\":\"2025-07-24T07:16:35+00:00\",\"author\":{\"@id\":\"https:\/\/theplayoffs.news\/fr\/#\/schema\/person\/eee5b69ad5d3c51cabe881c839dbe133\"},\"description\":\"Christian Wilkins, bless\u00e9 au pied, reste sans date de retour selon Pete Carroll. Une absence qui p\u00e8se lourd sur la d\u00e9fense des Raiders.\",\"breadcrumb\":{\"@id\":\"https:\/\/theplayoffs.news\/fr\/actualite-nfl\/raiders-christian-wilkins-blessure-retour-incertain-2025\/#breadcrumb\"},\"inLanguage\":\"fr-FR\",\"potentialAction\":[{\"@type\":\"ReadAction\",\"target\":[\"https:\/\/theplayoffs.news\/fr\/actualite-nfl\/raiders-christian-wilkins-blessure-retour-incertain-2025\/\"]}]},{\"@type\":\"ImageObject\",\"inLanguage\":\"fr-FR\",\"@id\":\"https:\/\/theplayoffs.news\/fr\/actualite-nfl\/raiders-christian-wilkins-blessure-retour-incertain-2025\/#primaryimage\",\"url\":\"https:\/\/theplayoffs.news\/fr\/wp-content\/uploads\/2025\/07\/USATSI-24241826.jpg\",\"contentUrl\":\"https:\/\/theplayoffs.news\/fr\/wp-content\/uploads\/2025\/07\/USATSI-24241826.jpg\",\"width\":1920,\"height\":1280,\"caption\":\"Sep 15, 2024; Baltimore, Maryland, USA; Las Vegas Raiders defensive tackle Christian Wilkins (94) before the game against the Baltimore Ravens at M&amp;T Bank Stadium. Mandatory Credit: Tommy Gilligan-Imagn Images\"},{\"@type\":\"BreadcrumbList\",\"@id\":\"https:\/\/theplayoffs.news\/fr\/actualite-nfl\/raiders-christian-wilkins-blessure-retour-incertain-2025\/#breadcrumb\",\"itemListElement\":[{\"@type\":\"ListItem\",\"position\":1,\"name\":\"Accueil\",\"item\":\"https:\/\/theplayoffs.news\/fr\/\"},{\"@type\":\"ListItem\",\"position\":2,\"name\":\"Raiders : Retour incertain pour Christian Wilkins selon Pete Carroll\"}]},{\"@type\":\"WebSite\",\"@id\":\"https:\/\/theplayoffs.news\/fr\/#website\",\"url\":\"https:\/\/theplayoffs.news\/fr\/\",\"name\":\"The Playoffs FR\",\"description\":\"NBA-NFL-NHL-MLB\",\"potentialAction\":[{\"@type\":\"SearchAction\",\"target\":{\"@type\":\"EntryPoint\",\"urlTemplate\":\"https:\/\/theplayoffs.news\/fr\/?s={search_term_string}\"},\"query-input\":{\"@type\":\"PropertyValueSpecification\",\"valueRequired\":true,\"valueName\":\"search_term_string\"}}],\"inLanguage\":\"fr-FR\"},{\"@type\":\"Person\",\"@id\":\"https:\/\/theplayoffs.news\/fr\/#\/schema\/person\/eee5b69ad5d3c51cabe881c839dbe133\",\"name\":\"Charles Taudin\",\"image\":{\"@type\":\"ImageObject\",\"inLanguage\":\"fr-FR\",\"@id\":\"https:\/\/theplayoffs.news\/fr\/#\/schema\/person\/image\/\",\"url\":\"https:\/\/secure.gravatar.com\/avatar\/59a1e772205ce9fd255edfcafc93013736822e20261f294c5753b20c41ede9f2?s=96&d=mm&r=g\",\"contentUrl\":\"https:\/\/secure.gravatar.com\/avatar\/59a1e772205ce9fd255edfcafc93013736822e20261f294c5753b20c41ede9f2?s=96&d=mm&r=g\",\"caption\":\"Charles Taudin\"},\"description\":\"R\u00e9dacteur en chef global de The Playoffs, j\u2019ai cr\u00e9\u00e9 The Free Agent, devenu The Playoffs FR, en 2020 durant la pand\u00e9mie. Amoureux depuis des ann\u00e9es des 4 sports majeurs am\u00e9ricains, j\u2019organise maintenant la strat\u00e9gie \u00e9ditoriale et les r\u00e9seaux sociaux de l\u2019ensemble des versions de The Playoffs. Il m\u2019arrive encore d\u2019\u00e9crire sur certains sports que j\u2019affectionne particuli\u00e8rement comme la NFL ou la MLB. Si vous devez retenir qu\u2019une chose : Eli Manning est le vrai GOAT pour avoir battu deux fois Tom Brady.\",\"sameAs\":[\"https:\/\/www.instagram.com\/ctaudin_\/\"],\"url\":\"https:\/\/theplayoffs.news\/fr\/author\/charles-taudin\/\"}]}<\/script>\n<!-- \/ Yoast SEO plugin. -->","yoast_head_json":{"title":"Christian Wilkins toujours bless&eacute; : inqui&eacute;tude chez les Raiders pour la saison 2025 - The Playoffs FR","description":"Christian Wilkins, bless&eacute; au pied, reste sans date de retour selon Pete Carroll. Une absence qui p&egrave;se lourd sur la d&eacute;fense des Raiders.","robots":{"index":"index","follow":"follow","max-snippet":"max-snippet:-1","max-image-preview":"max-image-preview:large","max-video-preview":"max-video-preview:-1"},"canonical":"https:\/\/theplayoffs.news\/fr\/actualite-nfl\/raiders-christian-wilkins-blessure-retour-incertain-2025\/","og_locale":"fr_FR","og_type":"article","og_title":"Christian Wilkins toujours bless&eacute; : inqui&eacute;tude chez les Raiders pour la saison 2025 - The Playoffs FR","og_description":"Christian Wilkins, bless&eacute; au pied, reste sans date de retour selon Pete Carroll. Une absence qui p&egrave;se lourd sur la d&eacute;fense des Raiders.","og_url":"https:\/\/theplayoffs.news\/fr\/actualite-nfl\/raiders-christian-wilkins-blessure-retour-incertain-2025\/","og_site_name":"The Playoffs FR","article_publisher":"https:\/\/www.facebook.com\/TheFreeAgentFR\/","article_modified_time":"2025-07-24T07:16:35+00:00","og_image":[{"width":1920,"height":1280,"url":"https:\/\/theplayoffs.news\/fr\/wp-content\/uploads\/2025\/07\/USATSI-24241826.jpg","type":"image\/jpeg"}],"author":"Charles Taudin","twitter_card":"summary_large_image","twitter_creator":"@TheFreeAgentFR","twitter_site":"@TheFreeAgentFR","twitter_misc":{"\u00c9crit par":"Charles Taudin","Dur\u00e9e de lecture estim\u00e9e":"2 minutes"},"schema":{"@context":"https:\/\/schema.org","@graph":[{"@type":"WebPage","@id":"https:\/\/theplayoffs.news\/fr\/actualite-nfl\/raiders-christian-wilkins-blessure-retour-incertain-2025\/","url":"https:\/\/theplayoffs.news\/fr\/actualite-nfl\/raiders-christian-wilkins-blessure-retour-incertain-2025\/","name":"Christian Wilkins toujours bless\u00e9 : inqui\u00e9tude chez les Raiders pour la saison 2025 - The Playoffs FR","isPartOf":{"@id":"https:\/\/theplayoffs.news\/fr\/#website"},"primaryImageOfPage":{"@id":"https:\/\/theplayoffs.news\/fr\/actualite-nfl\/raiders-christian-wilkins-blessure-retour-incertain-2025\/#primaryimage"},"image":{"@id":"https:\/\/theplayoffs.news\/fr\/actualite-nfl\/raiders-christian-wilkins-blessure-retour-incertain-2025\/#primaryimage"},"thumbnailUrl":"https:\/\/theplayoffs.news\/fr\/wp-content\/uploads\/2025\/07\/USATSI-24241826.jpg","datePublished":"2025-07-24T07:16:29+00:00","dateModified":"2025-07-24T07:16:35+00:00","author":{"@id":"https:\/\/theplayoffs.news\/fr\/#\/schema\/person\/eee5b69ad5d3c51cabe881c839dbe133"},"description":"Christian Wilkins, bless\u00e9 au pied, reste sans date de retour selon Pete Carroll. Une absence qui p\u00e8se lourd sur la d\u00e9fense des Raiders.","breadcrumb":{"@id":"https:\/\/theplayoffs.news\/fr\/actualite-nfl\/raiders-christian-wilkins-blessure-retour-incertain-2025\/#breadcrumb"},"inLanguage":"fr-FR","potentialAction":[{"@type":"ReadAction","target":["https:\/\/theplayoffs.news\/fr\/actualite-nfl\/raiders-christian-wilkins-blessure-retour-incertain-2025\/"]}]},{"@type":"ImageObject","inLanguage":"fr-FR","@id":"https:\/\/theplayoffs.news\/fr\/actualite-nfl\/raiders-christian-wilkins-blessure-retour-incertain-2025\/#primaryimage","url":"https:\/\/theplayoffs.news\/fr\/wp-content\/uploads\/2025\/07\/USATSI-24241826.jpg","contentUrl":"https:\/\/theplayoffs.news\/fr\/wp-content\/uploads\/2025\/07\/USATSI-24241826.jpg","width":1920,"height":1280,"caption":"Sep 15, 2024; Baltimore, Maryland, USA; Las Vegas Raiders defensive tackle Christian Wilkins (94) before the game against the Baltimore Ravens at M&amp;T Bank Stadium. Mandatory Credit: Tommy Gilligan-Imagn Images"},{"@type":"BreadcrumbList","@id":"https:\/\/theplayoffs.news\/fr\/actualite-nfl\/raiders-christian-wilkins-blessure-retour-incertain-2025\/#breadcrumb","itemListElement":[{"@type":"ListItem","position":1,"name":"Accueil","item":"https:\/\/theplayoffs.news\/fr\/"},{"@type":"ListItem","position":2,"name":"Raiders : Retour incertain pour Christian Wilkins selon Pete Carroll"}]},{"@type":"WebSite","@id":"https:\/\/theplayoffs.news\/fr\/#website","url":"https:\/\/theplayoffs.news\/fr\/","name":"The Playoffs FR","description":"NBA-NFL-NHL-MLB","potentialAction":[{"@type":"SearchAction","target":{"@type":"EntryPoint","urlTemplate":"https:\/\/theplayoffs.news\/fr\/?s={search_term_string}"},"query-input":{"@type":"PropertyValueSpecification","valueRequired":true,"valueName":"search_term_string"}}],"inLanguage":"fr-FR"},{"@type":"Person","@id":"https:\/\/theplayoffs.news\/fr\/#\/schema\/person\/eee5b69ad5d3c51cabe881c839dbe133","name":"Charles Taudin","image":{"@type":"ImageObject","inLanguage":"fr-FR","@id":"https:\/\/theplayoffs.news\/fr\/#\/schema\/person\/image\/","url":"https:\/\/secure.gravatar.com\/avatar\/59a1e772205ce9fd255edfcafc93013736822e20261f294c5753b20c41ede9f2?s=96&d=mm&r=g","contentUrl":"https:\/\/secure.gravatar.com\/avatar\/59a1e772205ce9fd255edfcafc93013736822e20261f294c5753b20c41ede9f2?s=96&d=mm&r=g","caption":"Charles Taudin"},"description":"R\u00e9dacteur en chef global de The Playoffs, j\u2019ai cr\u00e9\u00e9 The Free Agent, devenu The Playoffs FR, en 2020 durant la pand\u00e9mie. Amoureux depuis des ann\u00e9es des 4 sports majeurs am\u00e9ricains, j\u2019organise maintenant la strat\u00e9gie \u00e9ditoriale et les r\u00e9seaux sociaux de l\u2019ensemble des versions de The Playoffs. Il m\u2019arrive encore d\u2019\u00e9crire sur certains sports que j\u2019affectionne particuli\u00e8rement comme la NFL ou la MLB. Si vous devez retenir qu\u2019une chose : Eli Manning est le vrai GOAT pour avoir battu deux fois Tom Brady.","sameAs":["https:\/\/www.instagram.com\/ctaudin_\/"],"url":"https:\/\/theplayoffs.news\/fr\/author\/charles-taudin\/"}]}},"_links":{"self":[{"href":"https:\/\/theplayoffs.news\/fr\/wp-json\/wp\/v2\/posts\/1497818","targetHints":{"allow":["GET"]}}],"collection":[{"href":"https:\/\/theplayoffs.news\/fr\/wp-json\/wp\/v2\/posts"}],"about":[{"href":"https:\/\/theplayoffs.news\/fr\/wp-json\/wp\/v2\/types\/post"}],"author":[{"embeddable":true,"href":"https:\/\/theplayoffs.news\/fr\/wp-json\/wp\/v2\/users\/13"}],"replies":[{"embeddable":true,"href":"https:\/\/theplayoffs.news\/fr\/wp-json\/wp\/v2\/comments?post=1497818"}],"version-history":[{"count":1,"href":"https:\/\/theplayoffs.news\/fr\/wp-json\/wp\/v2\/posts\/1497818\/revisions"}],"predecessor-version":[{"id":1497820,"href":"https:\/\/theplayoffs.news\/fr\/wp-json\/wp\/v2\/posts\/1497818\/revisions\/1497820"}],"wp:featuredmedia":[{"embeddable":true,"href":"https:\/\/theplayoffs.news\/fr\/wp-json\/wp\/v2\/media\/1497819"}],"wp:attachment":[{"href":"https:\/\/theplayoffs.news\/fr\/wp-json\/wp\/v2\/media?parent=1497818"}],"wp:term":[{"taxonomy":"category","embeddable":true,"href":"https:\/\/theplayoffs.news\/fr\/wp-json\/wp\/v2\/categories?post=1497818"},{"taxonomy":"post_tag","embeddable":true,"href":"https:\/\/theplayoffs.news\/fr\/wp-json\/wp\/v2\/tags?post=1497818"},{"taxonomy":"sport","embeddable":true,"href":"https:\/\/theplayoffs.news\/fr\/wp-json\/wp\/v2\/sport?post=1497818"},{"taxonomy":"saison","embeddable":true,"href":"https:\/\/theplayoffs.news\/fr\/wp-json\/wp\/v2\/saison?post=1497818"}],"curies":[{"name":"wp","href":"https:\/\/api.w.org\/{rel}","templated":true}]}}