{"id":1497814,"date":"2025-07-24T09:34:00","date_gmt":"2025-07-24T07:34:00","guid":{"rendered":"https:\/\/theplayoffs.news\/fr\/uncategorized\/\/"},"modified":"2025-07-24T09:34:10","modified_gmt":"2025-07-24T07:34:10","slug":"saints-2025-attaque-kellen-moore","status":"publish","type":"post","link":"https:\/\/theplayoffs.news\/fr\/actualite-nfl\/saints-2025-attaque-kellen-moore\/","title":{"rendered":"New Orleans Saints 2025 \u2013 \u00c0 quoi s\u2019attendre offensivement avec le nouveau coach Kellen Moore ?"},"content":{"rendered":"<p>Les New Orleans Saints avaient d&eacute;marr&eacute; la saison 2024 sur les chapeaux de roue, encha&icirc;nant deux victoires avec une attaque d&eacute;passant les 40 points. Mais la dynamique s&rsquo;est rapidement essouffl&eacute;e, avec sept d&eacute;faites cons&eacute;cutives &agrave; la cl&eacute;, pour terminer la saison avec seulement cinq succ&egrave;s.<\/p><p>Du changement est donc intervenu sur le banc, avec l&rsquo;arriv&eacute;e d&rsquo;un nouveau syst&egrave;me. Les Saints ont nomm&eacute; Kellen Moore au poste de head coach. L&rsquo;ancien coordinateur offensif des Eagles &ndash; avec qui il a d&eacute;croch&eacute; une bague du Super Bowl en 2024 &ndash; aura pour mission de redonner de l&rsquo;&eacute;lan &agrave; l&rsquo;attaque.<\/p><figure class=\"wp-block-embed is-type-rich is-provider-twitter wp-block-embed-twitter\"><div class=\"wp-block-embed__wrapper\">\n<blockquote class=\"twitter-tweet\" data-width=\"500\" data-dnt=\"true\"><p lang=\"en\" dir=\"ltr\">Let the camping begin &#9978;&#65039;<a href=\"https:\/\/twitter.com\/hashtag\/Saints?src=hash&amp;ref_src=twsrc%5Etfw\" class=\"trk-cta-link\" data-cta-trk='{\"ctaType\":\"Link\",\"ctaSubType\":\"main\"}'>#Saints<\/a> | <a href=\"https:\/\/twitter.com\/RousesMarkets?ref_src=twsrc%5Etfw\" class=\"trk-cta-link\" data-cta-trk='{\"ctaType\":\"Link\",\"ctaSubType\":\"main\"}'>@RousesMarkets<\/a> <a href=\"https:\/\/t.co\/2j4XBZ2fro\" class=\"trk-cta-link\" data-cta-trk='{\"ctaType\":\"Link\",\"ctaSubType\":\"main\"}'>pic.twitter.com\/2j4XBZ2fro<\/a><\/p>&mdash; New Orleans Saints (@Saints) <a href=\"https:\/\/twitter.com\/Saints\/status\/1948082439680606296?ref_src=twsrc%5Etfw\" class=\"trk-cta-link\" data-cta-trk='{\"ctaType\":\"Link\",\"ctaSubType\":\"main\"}'>July 23, 2025<\/a><\/blockquote><script async src=\"https:\/\/platform.twitter.com\/widgets.js\" charset=\"utf-8\"><\/script>\n<\/div><\/figure><h2 class=\"wp-block-heading\"><strong>Tyler Shough s&rsquo;exprime sur l&rsquo;attaque sous Moore<\/strong><\/h2><p>Cette intersaison marque la premi&egrave;re exp&eacute;rience de Kellen Moore en tant qu&rsquo;entra&icirc;neur principal en <a href=\"https:\/\/theplayoffs.news\/fr\/category\/sports\/football-americain\/nfl\/\" class=\"trk-cta-link\" data-cta-trk='{\"ctaType\":\"Link\",\"ctaSubType\":\"main\"}'>NFL<\/a>. Auparavant, il avait offici&eacute; en tant que coordinateur offensif chez les Cowboys, les Chargers, et plus r&eacute;cemment les Eagles.<\/p><p>Le quarterback rookie des Saints, Tyler Shough, a r&eacute;cemment &eacute;t&eacute; interview&eacute; par la journaliste Mina Kimes dans son podcast <em>The Mina Kimes Show<\/em>. Elle l&rsquo;a interrog&eacute; sur les changements attendus dans le syst&egrave;me offensif sous la houlette de Moore.<\/p><blockquote class=\"wp-block-quote is-layout-flow wp-block-quote-is-layout-flow\">\n<p>&laquo; Jusqu&rsquo;ici, c&rsquo;est un peu un m&eacute;lange de tout, et c&rsquo;est ce que je trouve le plus excitant. Ce que j&rsquo;ai vu sur les vid&eacute;os, c&rsquo;est que l&rsquo;attaque &eacute;volue constamment &raquo;, a d&eacute;clar&eacute; Shough.<\/p>\n<\/blockquote><figure class=\"wp-block-embed is-type-rich is-provider-twitter wp-block-embed-twitter\"><div class=\"wp-block-embed__wrapper\">\n<blockquote class=\"twitter-tweet\" data-width=\"500\" data-dnt=\"true\"><p lang=\"en\" dir=\"ltr\">With Tyler Shough officially signing his rookie deal, this is what the QB room and their contracts look like <a href=\"https:\/\/t.co\/HyNJXcv4KM\" class=\"trk-cta-link\" data-cta-trk='{\"ctaType\":\"Link\",\"ctaSubType\":\"main\"}'>pic.twitter.com\/HyNJXcv4KM<\/a><\/p>&mdash; Boot Krewe Media (@BootKreweMedia) <a href=\"https:\/\/twitter.com\/BootKreweMedia\/status\/1946643237810163780?ref_src=twsrc%5Etfw\" class=\"trk-cta-link\" data-cta-trk='{\"ctaType\":\"Link\",\"ctaSubType\":\"main\"}'>July 19, 2025<\/a><\/blockquote><script async src=\"https:\/\/platform.twitter.com\/widgets.js\" charset=\"utf-8\"><\/script>\n<\/div><\/figure><p>Mina Kimes a soulign&eacute; que Moore avait d&eacute;j&agrave; travaill&eacute; avec des quarterbacks aux styles vari&eacute;s : Dak Prescott &agrave; Dallas, Justin Herbert &agrave; Los Angeles, et Jalen Hurts &agrave; Philadelphie. Chacun ayant b&eacute;n&eacute;fici&eacute; de sch&eacute;mas adapt&eacute;s &agrave; ses forces : Prescott en passeur pur, Hurts avec un jeu au sol dominant.<\/p><blockquote class=\"wp-block-quote is-layout-flow wp-block-quote-is-layout-flow\">\n<p>&laquo; Je pense que mon style se rapproche davantage de celui de Herbert et Dak. Mais j&rsquo;apprends aussi beaucoup de ce que Moore a fait avec Jalen, notamment sur les RPOs (run-pass option) et l&rsquo;implication du QB dans le jeu au sol. Il a compris &agrave; quel point une attaque au sol solide &eacute;tait importante. &raquo;<\/p>\n<\/blockquote><figure class=\"wp-block-embed is-type-rich is-provider-twitter wp-block-embed-twitter\"><div class=\"wp-block-embed__wrapper\">\n<blockquote class=\"twitter-tweet\" data-width=\"500\" data-dnt=\"true\"><p lang=\"en\" dir=\"ltr\">Chris Olave spoke with the media about how much he loves the way Kellen Moore is managing the team!<a href=\"https:\/\/twitter.com\/hashtag\/Saints?src=hash&amp;ref_src=twsrc%5Etfw\" class=\"trk-cta-link\" data-cta-trk='{\"ctaType\":\"Link\",\"ctaSubType\":\"main\"}'>#Saints<\/a> <a href=\"https:\/\/twitter.com\/hashtag\/nola?src=hash&amp;ref_src=twsrc%5Etfw\" class=\"trk-cta-link\" data-cta-trk='{\"ctaType\":\"Link\",\"ctaSubType\":\"main\"}'>#nola<\/a> <a href=\"https:\/\/twitter.com\/hashtag\/WhoDat?src=hash&amp;ref_src=twsrc%5Etfw\" class=\"trk-cta-link\" data-cta-trk='{\"ctaType\":\"Link\",\"ctaSubType\":\"main\"}'>#WhoDat<\/a> <a href=\"https:\/\/twitter.com\/hashtag\/neworleanssaints?src=hash&amp;ref_src=twsrc%5Etfw\" class=\"trk-cta-link\" data-cta-trk='{\"ctaType\":\"Link\",\"ctaSubType\":\"main\"}'>#neworleanssaints<\/a> <a href=\"https:\/\/twitter.com\/hashtag\/whodatnation?src=hash&amp;ref_src=twsrc%5Etfw\" class=\"trk-cta-link\" data-cta-trk='{\"ctaType\":\"Link\",\"ctaSubType\":\"main\"}'>#whodatnation<\/a> <a href=\"https:\/\/twitter.com\/hashtag\/NewOrleans?src=hash&amp;ref_src=twsrc%5Etfw\" class=\"trk-cta-link\" data-cta-trk='{\"ctaType\":\"Link\",\"ctaSubType\":\"main\"}'>#NewOrleans<\/a> <a href=\"https:\/\/twitter.com\/hashtag\/sportsnews?src=hash&amp;ref_src=twsrc%5Etfw\" class=\"trk-cta-link\" data-cta-trk='{\"ctaType\":\"Link\",\"ctaSubType\":\"main\"}'>#sportsnews<\/a> <a href=\"https:\/\/twitter.com\/hashtag\/saintsnation?src=hash&amp;ref_src=twsrc%5Etfw\" class=\"trk-cta-link\" data-cta-trk='{\"ctaType\":\"Link\",\"ctaSubType\":\"main\"}'>#saintsnation<\/a> <a href=\"https:\/\/twitter.com\/hashtag\/saintsfan?src=hash&amp;ref_src=twsrc%5Etfw\" class=\"trk-cta-link\" data-cta-trk='{\"ctaType\":\"Link\",\"ctaSubType\":\"main\"}'>#saintsfan<\/a> <a href=\"https:\/\/t.co\/0RIYw7sSUC\" class=\"trk-cta-link\" data-cta-trk='{\"ctaType\":\"Link\",\"ctaSubType\":\"main\"}'>pic.twitter.com\/0RIYw7sSUC<\/a><\/p>&mdash; Adrian Heart of Gaming (@AdrianHeart504) <a href=\"https:\/\/twitter.com\/AdrianHeart504\/status\/1948149968943841659?ref_src=twsrc%5Etfw\" class=\"trk-cta-link\" data-cta-trk='{\"ctaType\":\"Link\",\"ctaSubType\":\"main\"}'>July 23, 2025<\/a><\/blockquote><script async src=\"https:\/\/platform.twitter.com\/widgets.js\" charset=\"utf-8\"><\/script>\n<\/div><\/figure><p>Le camp d&rsquo;entra&icirc;nement venant tout juste de d&eacute;buter, Shough et les Saints auront le temps de s&rsquo;adapter au syst&egrave;me mis en place. Pour le moment, le jeune quarterback reconna&icirc;t que beaucoup de choses sont encore en phase de test.<\/p><blockquote class=\"wp-block-quote is-layout-flow wp-block-quote-is-layout-flow\">\n<p>&laquo; Je pense qu&rsquo;on va faire un peu de tout. On a les outils pour varier les approches. Et honn&ecirc;tement, je ne sais pas encore exactement &agrave; quoi &ccedil;a va ressembler &ndash; &ccedil;a peut changer chaque semaine. &raquo;<\/p>\n<\/blockquote><h2 class=\"wp-block-heading\"><strong>Une attaque rapide et explosive ?<\/strong><\/h2><p>Kimes a &eacute;galement rappel&eacute; un fait int&eacute;ressant : la saison derni&egrave;re, les Saints comptaient trois des cinq meilleurs receveurs de la ligue en termes de &laquo;&nbsp;burst&nbsp;&raquo; (explosivit&eacute; sur les premiers m&egrave;tres) : Chris Olave, Rasheed Shaheed et Marquez Valdes-Scantling.<\/p><p>Ce dernier a depuis sign&eacute; &agrave; Seattle, mais New Orleans a ajout&eacute; un autre joueur tr&egrave;s rapide : Brandin Cooks. Cela promet une attaque a&eacute;rienne explosive, avec plusieurs options tactiques &agrave; la disposition de Kellen Moore.<\/p><p><\/p><p><em>Credit Photo: Stephen Lew-Imagn Images<\/em><\/p>\n","protected":false},"excerpt":{"rendered":"","protected":false},"author":180309799,"featured_media":1497816,"comment_status":"closed","ping_status":"closed","sticky":false,"template":"","format":"standard","meta":{"inline_featured_image":false,"kia_subtitle":"","_mux_skip_reasons":[],"proofreadBy":0,"footnotes":""},"categories":[118,8410,40],"tags":[5392,206],"sport":[],"saison":[],"class_list":["post-1497814","post","type-post","status-publish","format-standard","has-post-thumbnail","hentry","category-actualite-nfl","category-football-americain","category-nfl","tag-kellen-moore","tag-saints"],"acf":[],"yoast_head":"<!-- This site is optimized with the Yoast SEO plugin v24.2 - https:\/\/yoast.com\/wordpress\/plugins\/seo\/ -->\n<title>Nouvelle attaque des Saints en 2025 : que pr&eacute;pare Kellen Moore &agrave; La Nouvelle-Orl&eacute;ans ? - The Playoffs FR<\/title>\n<meta name=\"description\" content=\"Les New Orleans Saints entament une nouvelle &egrave;re offensive avec Kellen Moore comme head coach pour la saison 2025\" \/>\n<meta name=\"robots\" content=\"index, follow, max-snippet:-1, max-image-preview:large, max-video-preview:-1\" \/>\n<link rel=\"canonical\" href=\"https:\/\/theplayoffs.news\/fr\/actualite-nfl\/saints-2025-attaque-kellen-moore\/\" \/>\n<meta property=\"og:locale\" content=\"fr_FR\" \/>\n<meta property=\"og:type\" content=\"article\" \/>\n<meta property=\"og:title\" content=\"Nouvelle attaque des Saints en 2025 : que pr&eacute;pare Kellen Moore &agrave; La Nouvelle-Orl&eacute;ans ? - The Playoffs FR\" \/>\n<meta property=\"og:description\" content=\"Les New Orleans Saints entament une nouvelle &egrave;re offensive avec Kellen Moore comme head coach pour la saison 2025\" \/>\n<meta property=\"og:url\" content=\"https:\/\/theplayoffs.news\/fr\/actualite-nfl\/saints-2025-attaque-kellen-moore\/\" \/>\n<meta property=\"og:site_name\" content=\"The Playoffs FR\" \/>\n<meta property=\"article:publisher\" content=\"https:\/\/www.facebook.com\/TheFreeAgentFR\/\" \/>\n<meta property=\"article:modified_time\" content=\"2025-07-24T09:34:10+02:00\" \/>\n<meta property=\"og:image\" content=\"https:\/\/theplayoffs.news\/fr\/wp-content\/uploads\/2025\/07\/Imagn-13.jpg\" \/>\n\t<meta property=\"og:image:width\" content=\"1920\" \/>\n\t<meta property=\"og:image:height\" content=\"1280\" \/>\n\t<meta property=\"og:image:type\" content=\"image\/jpeg\" \/>\n<meta name=\"author\" content=\"La r\u00e9daction\" \/>\n<meta name=\"twitter:card\" content=\"summary_large_image\" \/>\n<meta name=\"twitter:creator\" content=\"@TheFreeAgentFR\" \/>\n<meta name=\"twitter:site\" content=\"@TheFreeAgentFR\" \/>\n<meta name=\"twitter:label1\" content=\"\u00c9crit par\" \/>\n\t<meta name=\"twitter:data1\" content=\"La r\u00e9daction\" \/>\n\t<meta name=\"twitter:label2\" content=\"Dur\u00e9e de lecture estim\u00e9e\" \/>\n\t<meta name=\"twitter:data2\" content=\"2 minutes\" \/>\n<script type=\"application\/ld+json\" class=\"yoast-schema-graph\">{\"@context\":\"https:\/\/schema.org\",\"@graph\":[{\"@type\":\"WebPage\",\"@id\":\"https:\/\/theplayoffs.news\/fr\/actualite-nfl\/saints-2025-attaque-kellen-moore\/\",\"url\":\"https:\/\/theplayoffs.news\/fr\/actualite-nfl\/saints-2025-attaque-kellen-moore\/\",\"name\":\"Nouvelle attaque des Saints en 2025 : que pr\u00e9pare Kellen Moore \u00e0 La Nouvelle-Orl\u00e9ans ? - The Playoffs FR\",\"isPartOf\":{\"@id\":\"https:\/\/theplayoffs.news\/fr\/#website\"},\"primaryImageOfPage\":{\"@id\":\"https:\/\/theplayoffs.news\/fr\/actualite-nfl\/saints-2025-attaque-kellen-moore\/#primaryimage\"},\"image\":{\"@id\":\"https:\/\/theplayoffs.news\/fr\/actualite-nfl\/saints-2025-attaque-kellen-moore\/#primaryimage\"},\"thumbnailUrl\":\"https:\/\/theplayoffs.news\/fr\/wp-content\/uploads\/2025\/07\/Imagn-13.jpg\",\"datePublished\":\"2025-07-24T07:34:00+00:00\",\"dateModified\":\"2025-07-24T07:34:10+00:00\",\"author\":{\"@id\":\"https:\/\/theplayoffs.news\/fr\/#\/schema\/person\/bb40426f4e478f9bd8cdbfeb4f2f9784\"},\"description\":\"Les New Orleans Saints entament une nouvelle \u00e8re offensive avec Kellen Moore comme head coach pour la saison 2025\",\"breadcrumb\":{\"@id\":\"https:\/\/theplayoffs.news\/fr\/actualite-nfl\/saints-2025-attaque-kellen-moore\/#breadcrumb\"},\"inLanguage\":\"fr-FR\",\"potentialAction\":[{\"@type\":\"ReadAction\",\"target\":[\"https:\/\/theplayoffs.news\/fr\/actualite-nfl\/saints-2025-attaque-kellen-moore\/\"]}]},{\"@type\":\"ImageObject\",\"inLanguage\":\"fr-FR\",\"@id\":\"https:\/\/theplayoffs.news\/fr\/actualite-nfl\/saints-2025-attaque-kellen-moore\/#primaryimage\",\"url\":\"https:\/\/theplayoffs.news\/fr\/wp-content\/uploads\/2025\/07\/Imagn-13.jpg\",\"contentUrl\":\"https:\/\/theplayoffs.news\/fr\/wp-content\/uploads\/2025\/07\/Imagn-13.jpg\",\"width\":1920,\"height\":1280,\"caption\":\"May 10, 2025; New Orleans, LA, USA; New Orleans Saints head coach Kellen Moore during rookie minicamp at Ochsner Sports Performance Center. Mandatory Credit: Stephen Lew-Imagn Images\"},{\"@type\":\"BreadcrumbList\",\"@id\":\"https:\/\/theplayoffs.news\/fr\/actualite-nfl\/saints-2025-attaque-kellen-moore\/#breadcrumb\",\"itemListElement\":[{\"@type\":\"ListItem\",\"position\":1,\"name\":\"Accueil\",\"item\":\"https:\/\/theplayoffs.news\/fr\/\"},{\"@type\":\"ListItem\",\"position\":2,\"name\":\"New Orleans Saints 2025 \u2013 \u00c0 quoi s\u2019attendre offensivement avec le nouveau coach Kellen Moore ?\"}]},{\"@type\":\"WebSite\",\"@id\":\"https:\/\/theplayoffs.news\/fr\/#website\",\"url\":\"https:\/\/theplayoffs.news\/fr\/\",\"name\":\"The Playoffs FR\",\"description\":\"NBA-NFL-NHL-MLB\",\"potentialAction\":[{\"@type\":\"SearchAction\",\"target\":{\"@type\":\"EntryPoint\",\"urlTemplate\":\"https:\/\/theplayoffs.news\/fr\/?s={search_term_string}\"},\"query-input\":{\"@type\":\"PropertyValueSpecification\",\"valueRequired\":true,\"valueName\":\"search_term_string\"}}],\"inLanguage\":\"fr-FR\"},{\"@type\":\"Person\",\"@id\":\"https:\/\/theplayoffs.news\/fr\/#\/schema\/person\/bb40426f4e478f9bd8cdbfeb4f2f9784\",\"name\":\"La r\u00e9daction\",\"image\":{\"@type\":\"ImageObject\",\"inLanguage\":\"fr-FR\",\"@id\":\"https:\/\/theplayoffs.news\/fr\/#\/schema\/person\/image\/\",\"url\":\"https:\/\/secure.gravatar.com\/avatar\/7e69b41460ab2c17d61c8c364b6a0ee006f957a70191383ef42be1f4733d6515?s=96&d=mm&r=g\",\"contentUrl\":\"https:\/\/secure.gravatar.com\/avatar\/7e69b41460ab2c17d61c8c364b6a0ee006f957a70191383ef42be1f4733d6515?s=96&d=mm&r=g\",\"caption\":\"La r\u00e9daction\"},\"description\":\"On dit qu\\\\'il faut un village pour s\\\\'occuper d\\\\'un enfant. Et bien c\\\\'est exactement ce dont il s\\\\'agit ici pour The Playoffs. La r\u00e9daction, ce sont vos r\u00e9dacteurs pr\u00e9f\u00e9r\u00e9s qui collaborent sur ces articles que vous lisez au quotidien.\u00a0\",\"url\":\"https:\/\/theplayoffs.news\/fr\/author\/freeagentfr\/\"}]}<\/script>\n<!-- \/ Yoast SEO plugin. -->","yoast_head_json":{"title":"Nouvelle attaque des Saints en 2025 : que pr&eacute;pare Kellen Moore &agrave; La Nouvelle-Orl&eacute;ans ? - The Playoffs FR","description":"Les New Orleans Saints entament une nouvelle &egrave;re offensive avec Kellen Moore comme head coach pour la saison 2025","robots":{"index":"index","follow":"follow","max-snippet":"max-snippet:-1","max-image-preview":"max-image-preview:large","max-video-preview":"max-video-preview:-1"},"canonical":"https:\/\/theplayoffs.news\/fr\/actualite-nfl\/saints-2025-attaque-kellen-moore\/","og_locale":"fr_FR","og_type":"article","og_title":"Nouvelle attaque des Saints en 2025 : que pr&eacute;pare Kellen Moore &agrave; La Nouvelle-Orl&eacute;ans ? - The Playoffs FR","og_description":"Les New Orleans Saints entament une nouvelle &egrave;re offensive avec Kellen Moore comme head coach pour la saison 2025","og_url":"https:\/\/theplayoffs.news\/fr\/actualite-nfl\/saints-2025-attaque-kellen-moore\/","og_site_name":"The Playoffs FR","article_publisher":"https:\/\/www.facebook.com\/TheFreeAgentFR\/","article_modified_time":"2025-07-24T07:34:10+00:00","og_image":[{"width":1920,"height":1280,"url":"https:\/\/theplayoffs.news\/fr\/wp-content\/uploads\/2025\/07\/Imagn-13.jpg","type":"image\/jpeg"}],"author":"La r\u00e9daction","twitter_card":"summary_large_image","twitter_creator":"@TheFreeAgentFR","twitter_site":"@TheFreeAgentFR","twitter_misc":{"\u00c9crit par":"La r\u00e9daction","Dur\u00e9e de lecture estim\u00e9e":"2 minutes"},"schema":{"@context":"https:\/\/schema.org","@graph":[{"@type":"WebPage","@id":"https:\/\/theplayoffs.news\/fr\/actualite-nfl\/saints-2025-attaque-kellen-moore\/","url":"https:\/\/theplayoffs.news\/fr\/actualite-nfl\/saints-2025-attaque-kellen-moore\/","name":"Nouvelle attaque des Saints en 2025 : que pr\u00e9pare Kellen Moore \u00e0 La Nouvelle-Orl\u00e9ans ? - The Playoffs FR","isPartOf":{"@id":"https:\/\/theplayoffs.news\/fr\/#website"},"primaryImageOfPage":{"@id":"https:\/\/theplayoffs.news\/fr\/actualite-nfl\/saints-2025-attaque-kellen-moore\/#primaryimage"},"image":{"@id":"https:\/\/theplayoffs.news\/fr\/actualite-nfl\/saints-2025-attaque-kellen-moore\/#primaryimage"},"thumbnailUrl":"https:\/\/theplayoffs.news\/fr\/wp-content\/uploads\/2025\/07\/Imagn-13.jpg","datePublished":"2025-07-24T07:34:00+00:00","dateModified":"2025-07-24T07:34:10+00:00","author":{"@id":"https:\/\/theplayoffs.news\/fr\/#\/schema\/person\/bb40426f4e478f9bd8cdbfeb4f2f9784"},"description":"Les New Orleans Saints entament une nouvelle \u00e8re offensive avec Kellen Moore comme head coach pour la saison 2025","breadcrumb":{"@id":"https:\/\/theplayoffs.news\/fr\/actualite-nfl\/saints-2025-attaque-kellen-moore\/#breadcrumb"},"inLanguage":"fr-FR","potentialAction":[{"@type":"ReadAction","target":["https:\/\/theplayoffs.news\/fr\/actualite-nfl\/saints-2025-attaque-kellen-moore\/"]}]},{"@type":"ImageObject","inLanguage":"fr-FR","@id":"https:\/\/theplayoffs.news\/fr\/actualite-nfl\/saints-2025-attaque-kellen-moore\/#primaryimage","url":"https:\/\/theplayoffs.news\/fr\/wp-content\/uploads\/2025\/07\/Imagn-13.jpg","contentUrl":"https:\/\/theplayoffs.news\/fr\/wp-content\/uploads\/2025\/07\/Imagn-13.jpg","width":1920,"height":1280,"caption":"May 10, 2025; New Orleans, LA, USA; New Orleans Saints head coach Kellen Moore during rookie minicamp at Ochsner Sports Performance Center. Mandatory Credit: Stephen Lew-Imagn Images"},{"@type":"BreadcrumbList","@id":"https:\/\/theplayoffs.news\/fr\/actualite-nfl\/saints-2025-attaque-kellen-moore\/#breadcrumb","itemListElement":[{"@type":"ListItem","position":1,"name":"Accueil","item":"https:\/\/theplayoffs.news\/fr\/"},{"@type":"ListItem","position":2,"name":"New Orleans Saints 2025 \u2013 \u00c0 quoi s\u2019attendre offensivement avec le nouveau coach Kellen Moore ?"}]},{"@type":"WebSite","@id":"https:\/\/theplayoffs.news\/fr\/#website","url":"https:\/\/theplayoffs.news\/fr\/","name":"The Playoffs FR","description":"NBA-NFL-NHL-MLB","potentialAction":[{"@type":"SearchAction","target":{"@type":"EntryPoint","urlTemplate":"https:\/\/theplayoffs.news\/fr\/?s={search_term_string}"},"query-input":{"@type":"PropertyValueSpecification","valueRequired":true,"valueName":"search_term_string"}}],"inLanguage":"fr-FR"},{"@type":"Person","@id":"https:\/\/theplayoffs.news\/fr\/#\/schema\/person\/bb40426f4e478f9bd8cdbfeb4f2f9784","name":"La r\u00e9daction","image":{"@type":"ImageObject","inLanguage":"fr-FR","@id":"https:\/\/theplayoffs.news\/fr\/#\/schema\/person\/image\/","url":"https:\/\/secure.gravatar.com\/avatar\/7e69b41460ab2c17d61c8c364b6a0ee006f957a70191383ef42be1f4733d6515?s=96&d=mm&r=g","contentUrl":"https:\/\/secure.gravatar.com\/avatar\/7e69b41460ab2c17d61c8c364b6a0ee006f957a70191383ef42be1f4733d6515?s=96&d=mm&r=g","caption":"La r\u00e9daction"},"description":"On dit qu\\'il faut un village pour s\\'occuper d\\'un enfant. Et bien c\\'est exactement ce dont il s\\'agit ici pour The Playoffs. La r\u00e9daction, ce sont vos r\u00e9dacteurs pr\u00e9f\u00e9r\u00e9s qui collaborent sur ces articles que vous lisez au quotidien.\u00a0","url":"https:\/\/theplayoffs.news\/fr\/author\/freeagentfr\/"}]}},"_links":{"self":[{"href":"https:\/\/theplayoffs.news\/fr\/wp-json\/wp\/v2\/posts\/1497814","targetHints":{"allow":["GET"]}}],"collection":[{"href":"https:\/\/theplayoffs.news\/fr\/wp-json\/wp\/v2\/posts"}],"about":[{"href":"https:\/\/theplayoffs.news\/fr\/wp-json\/wp\/v2\/types\/post"}],"author":[{"embeddable":true,"href":"https:\/\/theplayoffs.news\/fr\/wp-json\/wp\/v2\/users\/180309799"}],"replies":[{"embeddable":true,"href":"https:\/\/theplayoffs.news\/fr\/wp-json\/wp\/v2\/comments?post=1497814"}],"version-history":[{"count":1,"href":"https:\/\/theplayoffs.news\/fr\/wp-json\/wp\/v2\/posts\/1497814\/revisions"}],"predecessor-version":[{"id":1497817,"href":"https:\/\/theplayoffs.news\/fr\/wp-json\/wp\/v2\/posts\/1497814\/revisions\/1497817"}],"wp:featuredmedia":[{"embeddable":true,"href":"https:\/\/theplayoffs.news\/fr\/wp-json\/wp\/v2\/media\/1497816"}],"wp:attachment":[{"href":"https:\/\/theplayoffs.news\/fr\/wp-json\/wp\/v2\/media?parent=1497814"}],"wp:term":[{"taxonomy":"category","embeddable":true,"href":"https:\/\/theplayoffs.news\/fr\/wp-json\/wp\/v2\/categories?post=1497814"},{"taxonomy":"post_tag","embeddable":true,"href":"https:\/\/theplayoffs.news\/fr\/wp-json\/wp\/v2\/tags?post=1497814"},{"taxonomy":"sport","embeddable":true,"href":"https:\/\/theplayoffs.news\/fr\/wp-json\/wp\/v2\/sport?post=1497814"},{"taxonomy":"saison","embeddable":true,"href":"https:\/\/theplayoffs.news\/fr\/wp-json\/wp\/v2\/saison?post=1497814"}],"curies":[{"name":"wp","href":"https:\/\/api.w.org\/{rel}","templated":true}]}}