{"id":1497798,"date":"2025-07-23T18:36:35","date_gmt":"2025-07-23T16:36:35","guid":{"rendered":"https:\/\/theplayoffs.news\/fr\/uncategorized\/\/"},"modified":"2025-07-23T18:36:40","modified_gmt":"2025-07-23T16:36:40","slug":"efa-elf-un-divorce-de-plus-en-plus-inevitable","status":"publish","type":"post","link":"https:\/\/theplayoffs.news\/fr\/elf\/efa-elf-un-divorce-de-plus-en-plus-inevitable\/","title":{"rendered":"EFA &#8211; ELF: un divorce de plus en plus in\u00e9vitable?"},"content":{"rendered":"<p>La tension monte encore d&rsquo;un cran au fil des jours dans le paysage du football am&eacute;ricain europ&eacute;en. Ce qui n&rsquo;&eacute;tait au d&eacute;part qu&rsquo;une <a href=\"https:\/\/theplayoffs.news\/fr\/elf\/efa-lalliance-qui-veut-remodeler-le-football-americain-en-europe\/\" class=\"trk-cta-link\" data-cta-trk='{\"ctaType\":\"Link\",\"ctaSubType\":\"main\"}'>initiative de contestation<\/a>, l&rsquo;European Football Alliance (EFA), est en passe de devenir un v&eacute;ritable contre-pouvoir face &agrave; l&rsquo;European League of Football (ELF). Fond&eacute;e le 5 juillet 2025 par huit franchises phares de l&rsquo;ELF, dont le Rhein Fire (double champions en titre), les Paris Musketeers ou encore les Vienna Vikings (finalistes en 2024), l&rsquo;EFA s&rsquo;est agrandie encore ce mardi avec l&rsquo;arriv&eacute;e du Nordic Storm, structur&eacute;e juridiquement, et affiche d&eacute;sormais des ambitions claires : r&eacute;former la gouvernance de la ligue, voire, en dernier recours, suivre sa propre voie. Un recours qui appara&icirc;t aujourd&rsquo;hui de plus en plus probable!<\/p><h2 class=\"wp-block-heading\">Le manifeste du 16 juillet<\/h2><p>Le 16 juillet, l&rsquo;EFA a d&eacute;cide de frapper fort! Les 8 franchises fondatrices de l&rsquo;alliance ont publi&eacute; en m&ecirc;me temps sur leurs r&eacute;seaux sociaux un manifeste intitul&eacute; <em>&laquo;&nbsp;For a Fair Future of European Football&nbsp;&raquo;<\/em>. R&eacute;dig&eacute; en anglais et largement relay&eacute; depuis, ce document d&eacute;nonce l&rsquo;opacit&eacute; financi&egrave;re, la r&eacute;partition d&eacute;s&eacute;quilibr&eacute;e des revenus, l&rsquo;absence de consultation strat&eacute;gique des franchises, ainsi qu&rsquo;une expansion pr&eacute;cipit&eacute;e de la ligue, jug&eacute;e nuisible &agrave; sa stabilit&eacute;.<\/p><blockquote class=\"twitter-tweet\"><p lang=\"en\" dir=\"ltr\">For a Fair Future of European Football.<br> <br>The EFA unites eight of Europe&rsquo;s leading American football franchises behind a common mission: to raise the quality, sustainability, and visibility of the sport across the continent.<br> <br>Our goal is to build a stronger, more transparent,&hellip; <a href=\"https:\/\/t.co\/BBbQkh1RYP\" class=\"trk-cta-link\" data-cta-trk='{\"ctaType\":\"Link\",\"ctaSubType\":\"main\"}'>pic.twitter.com\/BBbQkh1RYP<\/a><\/p>&mdash; Paris Musketeers (@parismusketeers) <a href=\"https:\/\/twitter.com\/parismusketeers\/status\/1945514541414072337?ref_src=twsrc%5Etfw\" class=\"trk-cta-link\" data-cta-trk='{\"ctaType\":\"Link\",\"ctaSubType\":\"main\"}'>July 16, 2025<\/a><\/blockquote><script async src=\"https:\/\/platform.twitter.com\/widgets.js\" charset=\"utf-8\"><\/script><p>Les revendications de l&rsquo;EFA sont pr&eacute;cises : transparence comptable, &eacute;quit&eacute; dans la redistribution des ressources, mise en place d&rsquo;un comit&eacute; de gouvernance mixte, et soutien aux &eacute;quipes en difficult&eacute;. En somme, une structure plus participative, inspir&eacute;e du mod&egrave;le nord-am&eacute;ricain o&ugrave; les propri&eacute;taires de franchises participent activement aux d&eacute;cisions.<\/p><h2 class=\"wp-block-heading\">Zeljko Karajica dans le viseur de l&rsquo;EFA?<\/h2><p>Face &agrave; cette fronde, la r&eacute;ponse de la ELF reste mesur&eacute;e. Pour ne pas dire presque invisible. Le commissaire Patrick Esume assure &ecirc;tre &agrave; l&rsquo;&eacute;coute, tandis que le PDG Zeljko Karajica d&eacute;fend les avanc&eacute;es de la ligue depuis sa cr&eacute;ation en 2021. Mais aucune mesure concr&egrave;te n&rsquo;a encore &eacute;t&eacute; prise, et les franchises contestataires exigent un engagement clair avant la finale du championnat le 7 septembre 2025. Faute de quoi, selon Martin Wagner, copropri&eacute;taire du Rhein Fire et porte-parole de l&rsquo;alliance, l&rsquo;EFA basculera en &laquo;&nbsp;mode alternatif&nbsp;&raquo;.<\/p><blockquote class=\"twitter-tweet\"><p lang=\"fr\" dir=\"ltr\">&#128221; EFA vs ELF : dialogue impossible ?<br><br>Au travers de son PDG Zeljko Karajica, l&rsquo;ELF r&eacute;pond une nouvelle fois aux attaques de l&rsquo;EFA dans la presse allemande.<br><br>&laquo; Il y a un manque de professionnalisme &agrave; tous les niveaux, y compris au sein de la ligue, mais c&rsquo;est tout &agrave; fait normal.&hellip; <a href=\"https:\/\/t.co\/ge4mqyLydm\" class=\"trk-cta-link\" data-cta-trk='{\"ctaType\":\"Link\",\"ctaSubType\":\"main\"}'>pic.twitter.com\/ge4mqyLydm<\/a><\/p>&mdash; Spring Football News (@SpringFBnews) <a href=\"https:\/\/twitter.com\/SpringFBnews\/status\/1948052991916847232?ref_src=twsrc%5Etfw\" class=\"trk-cta-link\" data-cta-trk='{\"ctaType\":\"Link\",\"ctaSubType\":\"main\"}'>July 23, 2025<\/a><\/blockquote><script async src=\"https:\/\/platform.twitter.com\/widgets.js\" charset=\"utf-8\"><\/script><p>Le ton s&rsquo;est durci. Il ne s&rsquo;agit plus simplement de divergences internes, mais d&rsquo;un bras de fer id&eacute;ologique sur la nature m&ecirc;me du football europ&eacute;en professionnel : centralisation autoritaire ou cogestion &eacute;quitable ? L&rsquo;ELF, si elle ne r&eacute;agit pas rapidement, et de mani&egrave;re plus vive que quelques bribes de r&eacute;action dans la presse allemande, risque non seulement de perdre des clubs historiques, mais surtout sa cr&eacute;dibilit&eacute; comme instance majeure du football sur le continent.<\/p><p>L&rsquo;EFA, quant &agrave; elle, ne menace pas pour menacer : elle s&rsquo;organise, recrute, se structure l&eacute;galement, et se tient pr&ecirc;te. Le compte &agrave; rebours est lanc&eacute;. Et l&rsquo;ELF n&rsquo;a jamais &eacute;t&eacute; aussi proche d&rsquo;imploser!<\/p><p><em>Article &eacute;crit en collaboration avec <\/em><a href=\"https:\/\/www.instagram.com\/nathieuvanbowl\/\" class=\"trk-cta-link\" data-cta-trk='{\"ctaType\":\"Link\",\"ctaSubType\":\"main\"}'><em>NathieuVanBowl<\/em>.<\/a><\/p><p>Cr&eacute;dit photo: Paris Musketeers X<\/p>\n","protected":false},"excerpt":{"rendered":"<p>ELF &#8211; La tension est encore mont\u00e9e d&rsquo;un cran cette semaine entre l&rsquo;EFA et l&rsquo;ELF<\/p>\n","protected":false},"author":180309964,"featured_media":1497799,"comment_status":"closed","ping_status":"closed","sticky":false,"template":"","format":"standard","meta":{"inline_featured_image":false,"kia_subtitle":"ELF - La tension est encore mont\u00e9e d'un cran cette semaine entre l'EFA et l'ELF","_mux_skip_reasons":[],"proofreadBy":0,"footnotes":""},"categories":[5964,8410,8408],"tags":[8796,4569,5999],"sport":[7354],"saison":[7475],"class_list":["post-1497798","post","type-post","status-publish","format-standard","has-post-thumbnail","hentry","category-elf","category-football-americain","category-sports","tag-efa","tag-elf","tag-paris-musketeers","sport-elf","saison-7475"],"acf":[],"yoast_head":"<!-- This site is optimized with the Yoast SEO plugin v24.2 - https:\/\/yoast.com\/wordpress\/plugins\/seo\/ -->\n<title>EFA - ELF: un divorce de plus en plus in&eacute;vitable? - The Playoffs FR<\/title>\n<meta name=\"robots\" content=\"index, follow, max-snippet:-1, max-image-preview:large, max-video-preview:-1\" \/>\n<link rel=\"canonical\" href=\"https:\/\/theplayoffs.news\/fr\/elf\/efa-elf-un-divorce-de-plus-en-plus-inevitable\/\" \/>\n<meta property=\"og:locale\" content=\"fr_FR\" \/>\n<meta property=\"og:type\" content=\"article\" \/>\n<meta property=\"og:title\" content=\"EFA - ELF: un divorce de plus en plus in&eacute;vitable? - The Playoffs FR\" \/>\n<meta property=\"og:description\" content=\"ELF - La tension est encore mont&eacute;e d&#039;un cran cette semaine entre l&#039;EFA et l&#039;ELF\" \/>\n<meta property=\"og:url\" content=\"https:\/\/theplayoffs.news\/fr\/elf\/efa-elf-un-divorce-de-plus-en-plus-inevitable\/\" \/>\n<meta property=\"og:site_name\" content=\"The Playoffs FR\" \/>\n<meta property=\"article:publisher\" content=\"https:\/\/www.facebook.com\/TheFreeAgentFR\/\" \/>\n<meta property=\"article:modified_time\" content=\"2025-07-23T18:36:40+02:00\" \/>\n<meta property=\"og:image\" content=\"https:\/\/theplayoffs.news\/fr\/wp-content\/uploads\/2025\/07\/European-Football-Alliance-2.jpg\" \/>\n\t<meta property=\"og:image:width\" content=\"1438\" \/>\n\t<meta property=\"og:image:height\" content=\"864\" \/>\n\t<meta property=\"og:image:type\" content=\"image\/jpeg\" \/>\n<meta name=\"author\" content=\"Flavien Jumeau\" \/>\n<meta name=\"twitter:card\" content=\"summary_large_image\" \/>\n<meta name=\"twitter:creator\" content=\"@TheFreeAgentFR\" \/>\n<meta name=\"twitter:site\" content=\"@TheFreeAgentFR\" \/>\n<meta name=\"twitter:label1\" content=\"\u00c9crit par\" \/>\n\t<meta name=\"twitter:data1\" content=\"Flavien Jumeau\" \/>\n\t<meta name=\"twitter:label2\" content=\"Dur\u00e9e de lecture estim\u00e9e\" \/>\n\t<meta name=\"twitter:data2\" content=\"3 minutes\" \/>\n<script type=\"application\/ld+json\" class=\"yoast-schema-graph\">{\"@context\":\"https:\/\/schema.org\",\"@graph\":[{\"@type\":\"WebPage\",\"@id\":\"https:\/\/theplayoffs.news\/fr\/elf\/efa-elf-un-divorce-de-plus-en-plus-inevitable\/\",\"url\":\"https:\/\/theplayoffs.news\/fr\/elf\/efa-elf-un-divorce-de-plus-en-plus-inevitable\/\",\"name\":\"EFA - ELF: un divorce de plus en plus in\u00e9vitable? - The Playoffs FR\",\"isPartOf\":{\"@id\":\"https:\/\/theplayoffs.news\/fr\/#website\"},\"primaryImageOfPage\":{\"@id\":\"https:\/\/theplayoffs.news\/fr\/elf\/efa-elf-un-divorce-de-plus-en-plus-inevitable\/#primaryimage\"},\"image\":{\"@id\":\"https:\/\/theplayoffs.news\/fr\/elf\/efa-elf-un-divorce-de-plus-en-plus-inevitable\/#primaryimage\"},\"thumbnailUrl\":\"https:\/\/theplayoffs.news\/fr\/wp-content\/uploads\/2025\/07\/European-Football-Alliance-2.jpg\",\"datePublished\":\"2025-07-23T16:36:35+00:00\",\"dateModified\":\"2025-07-23T16:36:40+00:00\",\"author\":{\"@id\":\"https:\/\/theplayoffs.news\/fr\/#\/schema\/person\/def63bc6746dc5957469b75feb99e66d\"},\"breadcrumb\":{\"@id\":\"https:\/\/theplayoffs.news\/fr\/elf\/efa-elf-un-divorce-de-plus-en-plus-inevitable\/#breadcrumb\"},\"inLanguage\":\"fr-FR\",\"potentialAction\":[{\"@type\":\"ReadAction\",\"target\":[\"https:\/\/theplayoffs.news\/fr\/elf\/efa-elf-un-divorce-de-plus-en-plus-inevitable\/\"]}]},{\"@type\":\"ImageObject\",\"inLanguage\":\"fr-FR\",\"@id\":\"https:\/\/theplayoffs.news\/fr\/elf\/efa-elf-un-divorce-de-plus-en-plus-inevitable\/#primaryimage\",\"url\":\"https:\/\/theplayoffs.news\/fr\/wp-content\/uploads\/2025\/07\/European-Football-Alliance-2.jpg\",\"contentUrl\":\"https:\/\/theplayoffs.news\/fr\/wp-content\/uploads\/2025\/07\/European-Football-Alliance-2.jpg\",\"width\":1438,\"height\":864,\"caption\":\"EFA\"},{\"@type\":\"BreadcrumbList\",\"@id\":\"https:\/\/theplayoffs.news\/fr\/elf\/efa-elf-un-divorce-de-plus-en-plus-inevitable\/#breadcrumb\",\"itemListElement\":[{\"@type\":\"ListItem\",\"position\":1,\"name\":\"Accueil\",\"item\":\"https:\/\/theplayoffs.news\/fr\/\"},{\"@type\":\"ListItem\",\"position\":2,\"name\":\"EFA &#8211; ELF: un divorce de plus en plus in\u00e9vitable?\"}]},{\"@type\":\"WebSite\",\"@id\":\"https:\/\/theplayoffs.news\/fr\/#website\",\"url\":\"https:\/\/theplayoffs.news\/fr\/\",\"name\":\"The Playoffs FR\",\"description\":\"NBA-NFL-NHL-MLB\",\"potentialAction\":[{\"@type\":\"SearchAction\",\"target\":{\"@type\":\"EntryPoint\",\"urlTemplate\":\"https:\/\/theplayoffs.news\/fr\/?s={search_term_string}\"},\"query-input\":{\"@type\":\"PropertyValueSpecification\",\"valueRequired\":true,\"valueName\":\"search_term_string\"}}],\"inLanguage\":\"fr-FR\"},{\"@type\":\"Person\",\"@id\":\"https:\/\/theplayoffs.news\/fr\/#\/schema\/person\/def63bc6746dc5957469b75feb99e66d\",\"name\":\"Flavien Jumeau\",\"image\":{\"@type\":\"ImageObject\",\"inLanguage\":\"fr-FR\",\"@id\":\"https:\/\/theplayoffs.news\/fr\/#\/schema\/person\/image\/\",\"url\":\"https:\/\/secure.gravatar.com\/avatar\/e7fa8ba5a4b7e4ce35fe152f083f352db28ad0acce692004ed88a7a7d78893f7?s=96&d=mm&r=g\",\"contentUrl\":\"https:\/\/secure.gravatar.com\/avatar\/e7fa8ba5a4b7e4ce35fe152f083f352db28ad0acce692004ed88a7a7d78893f7?s=96&d=mm&r=g\",\"caption\":\"Flavien Jumeau\"},\"description\":\"Amoureux du sport (et de vraiment tous les sports) depuis mon plus jeune \u00e2ge, j\u2019ai longtemps h\u00e9site entre le snooker et le curling. Finalement c\u2019est le foot US que j\u2019ai d\u00e9cid\u00e9 de choisir! Responsable foot US sur TPO et animateur du podcast Tailgate j\u2019ai pour mission de vous faire d\u00e9couvrir ce sport passionnant si ce n\u2019est pas encore fait et de vous donner les derni\u00e8res actus. Le tout dans la bonne humeur et avec toujours un jeu de mots ou deux savamment distill\u00e9s! Fan des Saints, pour moi Drew Brees est le vrai GOAT!\",\"url\":\"https:\/\/theplayoffs.news\/fr\/author\/flavien-jumeaugmail-com\/\"}]}<\/script>\n<!-- \/ Yoast SEO plugin. -->","yoast_head_json":{"title":"EFA - ELF: un divorce de plus en plus in&eacute;vitable? - The Playoffs FR","robots":{"index":"index","follow":"follow","max-snippet":"max-snippet:-1","max-image-preview":"max-image-preview:large","max-video-preview":"max-video-preview:-1"},"canonical":"https:\/\/theplayoffs.news\/fr\/elf\/efa-elf-un-divorce-de-plus-en-plus-inevitable\/","og_locale":"fr_FR","og_type":"article","og_title":"EFA - ELF: un divorce de plus en plus in&eacute;vitable? - The Playoffs FR","og_description":"ELF - La tension est encore mont&eacute;e d&#039;un cran cette semaine entre l&#039;EFA et l&#039;ELF","og_url":"https:\/\/theplayoffs.news\/fr\/elf\/efa-elf-un-divorce-de-plus-en-plus-inevitable\/","og_site_name":"The Playoffs FR","article_publisher":"https:\/\/www.facebook.com\/TheFreeAgentFR\/","article_modified_time":"2025-07-23T16:36:40+00:00","og_image":[{"width":1438,"height":864,"url":"https:\/\/theplayoffs.news\/fr\/wp-content\/uploads\/2025\/07\/European-Football-Alliance-2.jpg","type":"image\/jpeg"}],"author":"Flavien Jumeau","twitter_card":"summary_large_image","twitter_creator":"@TheFreeAgentFR","twitter_site":"@TheFreeAgentFR","twitter_misc":{"\u00c9crit par":"Flavien Jumeau","Dur\u00e9e de lecture estim\u00e9e":"3 minutes"},"schema":{"@context":"https:\/\/schema.org","@graph":[{"@type":"WebPage","@id":"https:\/\/theplayoffs.news\/fr\/elf\/efa-elf-un-divorce-de-plus-en-plus-inevitable\/","url":"https:\/\/theplayoffs.news\/fr\/elf\/efa-elf-un-divorce-de-plus-en-plus-inevitable\/","name":"EFA - ELF: un divorce de plus en plus in\u00e9vitable? - The Playoffs FR","isPartOf":{"@id":"https:\/\/theplayoffs.news\/fr\/#website"},"primaryImageOfPage":{"@id":"https:\/\/theplayoffs.news\/fr\/elf\/efa-elf-un-divorce-de-plus-en-plus-inevitable\/#primaryimage"},"image":{"@id":"https:\/\/theplayoffs.news\/fr\/elf\/efa-elf-un-divorce-de-plus-en-plus-inevitable\/#primaryimage"},"thumbnailUrl":"https:\/\/theplayoffs.news\/fr\/wp-content\/uploads\/2025\/07\/European-Football-Alliance-2.jpg","datePublished":"2025-07-23T16:36:35+00:00","dateModified":"2025-07-23T16:36:40+00:00","author":{"@id":"https:\/\/theplayoffs.news\/fr\/#\/schema\/person\/def63bc6746dc5957469b75feb99e66d"},"breadcrumb":{"@id":"https:\/\/theplayoffs.news\/fr\/elf\/efa-elf-un-divorce-de-plus-en-plus-inevitable\/#breadcrumb"},"inLanguage":"fr-FR","potentialAction":[{"@type":"ReadAction","target":["https:\/\/theplayoffs.news\/fr\/elf\/efa-elf-un-divorce-de-plus-en-plus-inevitable\/"]}]},{"@type":"ImageObject","inLanguage":"fr-FR","@id":"https:\/\/theplayoffs.news\/fr\/elf\/efa-elf-un-divorce-de-plus-en-plus-inevitable\/#primaryimage","url":"https:\/\/theplayoffs.news\/fr\/wp-content\/uploads\/2025\/07\/European-Football-Alliance-2.jpg","contentUrl":"https:\/\/theplayoffs.news\/fr\/wp-content\/uploads\/2025\/07\/European-Football-Alliance-2.jpg","width":1438,"height":864,"caption":"EFA"},{"@type":"BreadcrumbList","@id":"https:\/\/theplayoffs.news\/fr\/elf\/efa-elf-un-divorce-de-plus-en-plus-inevitable\/#breadcrumb","itemListElement":[{"@type":"ListItem","position":1,"name":"Accueil","item":"https:\/\/theplayoffs.news\/fr\/"},{"@type":"ListItem","position":2,"name":"EFA &#8211; ELF: un divorce de plus en plus in\u00e9vitable?"}]},{"@type":"WebSite","@id":"https:\/\/theplayoffs.news\/fr\/#website","url":"https:\/\/theplayoffs.news\/fr\/","name":"The Playoffs FR","description":"NBA-NFL-NHL-MLB","potentialAction":[{"@type":"SearchAction","target":{"@type":"EntryPoint","urlTemplate":"https:\/\/theplayoffs.news\/fr\/?s={search_term_string}"},"query-input":{"@type":"PropertyValueSpecification","valueRequired":true,"valueName":"search_term_string"}}],"inLanguage":"fr-FR"},{"@type":"Person","@id":"https:\/\/theplayoffs.news\/fr\/#\/schema\/person\/def63bc6746dc5957469b75feb99e66d","name":"Flavien Jumeau","image":{"@type":"ImageObject","inLanguage":"fr-FR","@id":"https:\/\/theplayoffs.news\/fr\/#\/schema\/person\/image\/","url":"https:\/\/secure.gravatar.com\/avatar\/e7fa8ba5a4b7e4ce35fe152f083f352db28ad0acce692004ed88a7a7d78893f7?s=96&d=mm&r=g","contentUrl":"https:\/\/secure.gravatar.com\/avatar\/e7fa8ba5a4b7e4ce35fe152f083f352db28ad0acce692004ed88a7a7d78893f7?s=96&d=mm&r=g","caption":"Flavien Jumeau"},"description":"Amoureux du sport (et de vraiment tous les sports) depuis mon plus jeune \u00e2ge, j\u2019ai longtemps h\u00e9site entre le snooker et le curling. Finalement c\u2019est le foot US que j\u2019ai d\u00e9cid\u00e9 de choisir! Responsable foot US sur TPO et animateur du podcast Tailgate j\u2019ai pour mission de vous faire d\u00e9couvrir ce sport passionnant si ce n\u2019est pas encore fait et de vous donner les derni\u00e8res actus. Le tout dans la bonne humeur et avec toujours un jeu de mots ou deux savamment distill\u00e9s! Fan des Saints, pour moi Drew Brees est le vrai GOAT!","url":"https:\/\/theplayoffs.news\/fr\/author\/flavien-jumeaugmail-com\/"}]}},"_links":{"self":[{"href":"https:\/\/theplayoffs.news\/fr\/wp-json\/wp\/v2\/posts\/1497798","targetHints":{"allow":["GET"]}}],"collection":[{"href":"https:\/\/theplayoffs.news\/fr\/wp-json\/wp\/v2\/posts"}],"about":[{"href":"https:\/\/theplayoffs.news\/fr\/wp-json\/wp\/v2\/types\/post"}],"author":[{"embeddable":true,"href":"https:\/\/theplayoffs.news\/fr\/wp-json\/wp\/v2\/users\/180309964"}],"replies":[{"embeddable":true,"href":"https:\/\/theplayoffs.news\/fr\/wp-json\/wp\/v2\/comments?post=1497798"}],"version-history":[{"count":1,"href":"https:\/\/theplayoffs.news\/fr\/wp-json\/wp\/v2\/posts\/1497798\/revisions"}],"predecessor-version":[{"id":1497800,"href":"https:\/\/theplayoffs.news\/fr\/wp-json\/wp\/v2\/posts\/1497798\/revisions\/1497800"}],"wp:featuredmedia":[{"embeddable":true,"href":"https:\/\/theplayoffs.news\/fr\/wp-json\/wp\/v2\/media\/1497799"}],"wp:attachment":[{"href":"https:\/\/theplayoffs.news\/fr\/wp-json\/wp\/v2\/media?parent=1497798"}],"wp:term":[{"taxonomy":"category","embeddable":true,"href":"https:\/\/theplayoffs.news\/fr\/wp-json\/wp\/v2\/categories?post=1497798"},{"taxonomy":"post_tag","embeddable":true,"href":"https:\/\/theplayoffs.news\/fr\/wp-json\/wp\/v2\/tags?post=1497798"},{"taxonomy":"sport","embeddable":true,"href":"https:\/\/theplayoffs.news\/fr\/wp-json\/wp\/v2\/sport?post=1497798"},{"taxonomy":"saison","embeddable":true,"href":"https:\/\/theplayoffs.news\/fr\/wp-json\/wp\/v2\/saison?post=1497798"}],"curies":[{"name":"wp","href":"https:\/\/api.w.org\/{rel}","templated":true}]}}