{"id":1497789,"date":"2025-07-23T14:15:48","date_gmt":"2025-07-23T12:15:48","guid":{"rendered":"https:\/\/theplayoffs.news\/fr\/uncategorized\/\/"},"modified":"2025-07-23T14:15:55","modified_gmt":"2025-07-23T12:15:55","slug":"calendrier-mls-alignement-europe","status":"publish","type":"post","link":"https:\/\/theplayoffs.news\/fr\/actualites-mls\/calendrier-mls-alignement-europe\/","title":{"rendered":"La MLS bient\u00f4t align\u00e9e sur le calendrier europ\u00e9en ?"},"content":{"rendered":"<p>En amont du match qui va opposer les All_Star MLS aux ALl-Star de la Liga MX, le conseil des propri&eacute;taires de la MLS va se prononcer sur un changement radical de calendrier. <\/p><p>Depuis sa cr&eacute;ation en 1996, la MLS se joue en d&eacute;cal&eacute; avec les principaux championnats mondiaux comme la Ligue 1, la Premier League ou encore la Liga. Un alignement avec les principaux championnats europ&eacute;en fait donc sens pour am&eacute;liorer la visibilit&eacute; et sa position parmi les championnats mondiaux. <\/p><p>Ce changement permettrait &eacute;galement &agrave; la MLS de pouvoir &ecirc;tre plus pr&eacute;sent lors des diff&eacute;rentes fen&ecirc;tres des mercatos afin de pouvoir faire venir de nouveaux joueurs ou d&rsquo;en exporter. <\/p><p>Mais ce potentiel changement s&rsquo;accompagne aussi de potentielles difficult&eacute;s pour les &eacute;quipes partageant leur stade avec d&rsquo;autres &eacute;quipes d&rsquo;autres ligues comme la <a href=\"https:\/\/theplayoffs.news\/fr\/category\/sports\/football-americain\/nfl\/\" class=\"trk-cta-link\" data-cta-trk='{\"ctaType\":\"Link\",\"ctaSubType\":\"main\"}'>NFL<\/a>. C&rsquo;est le cas par exemple d&rsquo;Atlanta mais aussi de Charlotte. <\/p><p>D&rsquo;un point de vue climatique, ce changement serait sans doute le bienvenue. En effet, la chaleur a &eacute;t&eacute; un sujet sensible durant la derni&egrave;re Coupe du Monde des Club. <\/p><p>Si changement il y a, ce dernier n&rsquo;entrera pas en vigueur au moins avant la saison 2027. <\/p><p><\/p><p><em>Credit Photo: Vincent Carchietta-Imagn Images<\/em><\/p>\n","protected":false},"excerpt":{"rendered":"","protected":false},"author":13,"featured_media":1497790,"comment_status":"closed","ping_status":"closed","sticky":false,"template":"","format":"standard","meta":{"inline_featured_image":false,"kia_subtitle":"","_mux_skip_reasons":[],"proofreadBy":0,"footnotes":""},"categories":[672,8411,658],"tags":[664],"sport":[],"saison":[],"class_list":["post-1497789","post","type-post","status-publish","format-standard","has-post-thumbnail","hentry","category-actualites-mls","category-football","category-mls","tag-mls"],"acf":[],"yoast_head":"<!-- This site is optimized with the Yoast SEO plugin v24.2 - https:\/\/yoast.com\/wordpress\/plugins\/seo\/ -->\n<title>La MLS bient&ocirc;t align&eacute;e sur le calendrier europ&eacute;en ? - The Playoffs FR<\/title>\n<meta name=\"description\" content=\"Les propri&eacute;taires de la MLS vont se prononcer sur un potentiel changement de structure de calendrier de la ligue pour s&#039;aligner avec l&#039;Europe\" \/>\n<meta name=\"robots\" content=\"index, follow, max-snippet:-1, max-image-preview:large, max-video-preview:-1\" \/>\n<link rel=\"canonical\" href=\"https:\/\/theplayoffs.news\/fr\/actualites-mls\/calendrier-mls-alignement-europe\/\" \/>\n<meta property=\"og:locale\" content=\"fr_FR\" \/>\n<meta property=\"og:type\" content=\"article\" \/>\n<meta property=\"og:title\" content=\"La MLS bient&ocirc;t align&eacute;e sur le calendrier europ&eacute;en ? - The Playoffs FR\" \/>\n<meta property=\"og:description\" content=\"Les propri&eacute;taires de la MLS vont se prononcer sur un potentiel changement de structure de calendrier de la ligue pour s&#039;aligner avec l&#039;Europe\" \/>\n<meta property=\"og:url\" content=\"https:\/\/theplayoffs.news\/fr\/actualites-mls\/calendrier-mls-alignement-europe\/\" \/>\n<meta property=\"og:site_name\" content=\"The Playoffs FR\" \/>\n<meta property=\"article:publisher\" content=\"https:\/\/www.facebook.com\/TheFreeAgentFR\/\" \/>\n<meta property=\"article:modified_time\" content=\"2025-07-23T14:15:55+02:00\" \/>\n<meta property=\"og:image\" content=\"https:\/\/theplayoffs.news\/fr\/wp-content\/uploads\/2025\/07\/Imagn-26676526.jpg\" \/>\n\t<meta property=\"og:image:width\" content=\"1920\" \/>\n\t<meta property=\"og:image:height\" content=\"1280\" \/>\n\t<meta property=\"og:image:type\" content=\"image\/jpeg\" \/>\n<meta name=\"author\" content=\"Charles Taudin\" \/>\n<meta name=\"twitter:card\" content=\"summary_large_image\" \/>\n<meta name=\"twitter:creator\" content=\"@TheFreeAgentFR\" \/>\n<meta name=\"twitter:site\" content=\"@TheFreeAgentFR\" \/>\n<meta name=\"twitter:label1\" content=\"\u00c9crit par\" \/>\n\t<meta name=\"twitter:data1\" content=\"Charles Taudin\" \/>\n\t<meta name=\"twitter:label2\" content=\"Dur\u00e9e de lecture estim\u00e9e\" \/>\n\t<meta name=\"twitter:data2\" content=\"2 minutes\" \/>\n<script type=\"application\/ld+json\" class=\"yoast-schema-graph\">{\"@context\":\"https:\/\/schema.org\",\"@graph\":[{\"@type\":\"WebPage\",\"@id\":\"https:\/\/theplayoffs.news\/fr\/actualites-mls\/calendrier-mls-alignement-europe\/\",\"url\":\"https:\/\/theplayoffs.news\/fr\/actualites-mls\/calendrier-mls-alignement-europe\/\",\"name\":\"La MLS bient\u00f4t align\u00e9e sur le calendrier europ\u00e9en ? - The Playoffs FR\",\"isPartOf\":{\"@id\":\"https:\/\/theplayoffs.news\/fr\/#website\"},\"primaryImageOfPage\":{\"@id\":\"https:\/\/theplayoffs.news\/fr\/actualites-mls\/calendrier-mls-alignement-europe\/#primaryimage\"},\"image\":{\"@id\":\"https:\/\/theplayoffs.news\/fr\/actualites-mls\/calendrier-mls-alignement-europe\/#primaryimage\"},\"thumbnailUrl\":\"https:\/\/theplayoffs.news\/fr\/wp-content\/uploads\/2025\/07\/Imagn-26676526.jpg\",\"datePublished\":\"2025-07-23T12:15:48+00:00\",\"dateModified\":\"2025-07-23T12:15:55+00:00\",\"author\":{\"@id\":\"https:\/\/theplayoffs.news\/fr\/#\/schema\/person\/eee5b69ad5d3c51cabe881c839dbe133\"},\"description\":\"Les propri\u00e9taires de la MLS vont se prononcer sur un potentiel changement de structure de calendrier de la ligue pour s\\\\'aligner avec l\\\\'Europe\",\"breadcrumb\":{\"@id\":\"https:\/\/theplayoffs.news\/fr\/actualites-mls\/calendrier-mls-alignement-europe\/#breadcrumb\"},\"inLanguage\":\"fr-FR\",\"potentialAction\":[{\"@type\":\"ReadAction\",\"target\":[\"https:\/\/theplayoffs.news\/fr\/actualites-mls\/calendrier-mls-alignement-europe\/\"]}]},{\"@type\":\"ImageObject\",\"inLanguage\":\"fr-FR\",\"@id\":\"https:\/\/theplayoffs.news\/fr\/actualites-mls\/calendrier-mls-alignement-europe\/#primaryimage\",\"url\":\"https:\/\/theplayoffs.news\/fr\/wp-content\/uploads\/2025\/07\/Imagn-26676526.jpg\",\"contentUrl\":\"https:\/\/theplayoffs.news\/fr\/wp-content\/uploads\/2025\/07\/Imagn-26676526.jpg\",\"width\":1920,\"height\":1280,\"caption\":\"Jul 19, 2025; Harrison, New Jersey, USA; Inter Miami CF forward Lionel Messi (10) in action against the New York Red Bulls during the second half at Sports Illustrated Stadium. Mandatory Credit: Vincent Carchietta-Imagn Images\"},{\"@type\":\"BreadcrumbList\",\"@id\":\"https:\/\/theplayoffs.news\/fr\/actualites-mls\/calendrier-mls-alignement-europe\/#breadcrumb\",\"itemListElement\":[{\"@type\":\"ListItem\",\"position\":1,\"name\":\"Accueil\",\"item\":\"https:\/\/theplayoffs.news\/fr\/\"},{\"@type\":\"ListItem\",\"position\":2,\"name\":\"La MLS bient\u00f4t align\u00e9e sur le calendrier europ\u00e9en ?\"}]},{\"@type\":\"WebSite\",\"@id\":\"https:\/\/theplayoffs.news\/fr\/#website\",\"url\":\"https:\/\/theplayoffs.news\/fr\/\",\"name\":\"The Playoffs FR\",\"description\":\"NBA-NFL-NHL-MLB\",\"potentialAction\":[{\"@type\":\"SearchAction\",\"target\":{\"@type\":\"EntryPoint\",\"urlTemplate\":\"https:\/\/theplayoffs.news\/fr\/?s={search_term_string}\"},\"query-input\":{\"@type\":\"PropertyValueSpecification\",\"valueRequired\":true,\"valueName\":\"search_term_string\"}}],\"inLanguage\":\"fr-FR\"},{\"@type\":\"Person\",\"@id\":\"https:\/\/theplayoffs.news\/fr\/#\/schema\/person\/eee5b69ad5d3c51cabe881c839dbe133\",\"name\":\"Charles Taudin\",\"image\":{\"@type\":\"ImageObject\",\"inLanguage\":\"fr-FR\",\"@id\":\"https:\/\/theplayoffs.news\/fr\/#\/schema\/person\/image\/\",\"url\":\"https:\/\/secure.gravatar.com\/avatar\/59a1e772205ce9fd255edfcafc93013736822e20261f294c5753b20c41ede9f2?s=96&d=mm&r=g\",\"contentUrl\":\"https:\/\/secure.gravatar.com\/avatar\/59a1e772205ce9fd255edfcafc93013736822e20261f294c5753b20c41ede9f2?s=96&d=mm&r=g\",\"caption\":\"Charles Taudin\"},\"description\":\"R\u00e9dacteur en chef global de The Playoffs, j\u2019ai cr\u00e9\u00e9 The Free Agent, devenu The Playoffs FR, en 2020 durant la pand\u00e9mie. Amoureux depuis des ann\u00e9es des 4 sports majeurs am\u00e9ricains, j\u2019organise maintenant la strat\u00e9gie \u00e9ditoriale et les r\u00e9seaux sociaux de l\u2019ensemble des versions de The Playoffs. Il m\u2019arrive encore d\u2019\u00e9crire sur certains sports que j\u2019affectionne particuli\u00e8rement comme la NFL ou la MLB. Si vous devez retenir qu\u2019une chose : Eli Manning est le vrai GOAT pour avoir battu deux fois Tom Brady.\",\"sameAs\":[\"https:\/\/www.instagram.com\/ctaudin_\/\"],\"url\":\"https:\/\/theplayoffs.news\/fr\/author\/charles-taudin\/\"}]}<\/script>\n<!-- \/ Yoast SEO plugin. -->","yoast_head_json":{"title":"La MLS bient&ocirc;t align&eacute;e sur le calendrier europ&eacute;en ? - The Playoffs FR","description":"Les propri&eacute;taires de la MLS vont se prononcer sur un potentiel changement de structure de calendrier de la ligue pour s&#039;aligner avec l&#039;Europe","robots":{"index":"index","follow":"follow","max-snippet":"max-snippet:-1","max-image-preview":"max-image-preview:large","max-video-preview":"max-video-preview:-1"},"canonical":"https:\/\/theplayoffs.news\/fr\/actualites-mls\/calendrier-mls-alignement-europe\/","og_locale":"fr_FR","og_type":"article","og_title":"La MLS bient&ocirc;t align&eacute;e sur le calendrier europ&eacute;en ? - The Playoffs FR","og_description":"Les propri&eacute;taires de la MLS vont se prononcer sur un potentiel changement de structure de calendrier de la ligue pour s&#039;aligner avec l&#039;Europe","og_url":"https:\/\/theplayoffs.news\/fr\/actualites-mls\/calendrier-mls-alignement-europe\/","og_site_name":"The Playoffs FR","article_publisher":"https:\/\/www.facebook.com\/TheFreeAgentFR\/","article_modified_time":"2025-07-23T12:15:55+00:00","og_image":[{"width":1920,"height":1280,"url":"https:\/\/theplayoffs.news\/fr\/wp-content\/uploads\/2025\/07\/Imagn-26676526.jpg","type":"image\/jpeg"}],"author":"Charles Taudin","twitter_card":"summary_large_image","twitter_creator":"@TheFreeAgentFR","twitter_site":"@TheFreeAgentFR","twitter_misc":{"\u00c9crit par":"Charles Taudin","Dur\u00e9e de lecture estim\u00e9e":"2 minutes"},"schema":{"@context":"https:\/\/schema.org","@graph":[{"@type":"WebPage","@id":"https:\/\/theplayoffs.news\/fr\/actualites-mls\/calendrier-mls-alignement-europe\/","url":"https:\/\/theplayoffs.news\/fr\/actualites-mls\/calendrier-mls-alignement-europe\/","name":"La MLS bient\u00f4t align\u00e9e sur le calendrier europ\u00e9en ? - The Playoffs FR","isPartOf":{"@id":"https:\/\/theplayoffs.news\/fr\/#website"},"primaryImageOfPage":{"@id":"https:\/\/theplayoffs.news\/fr\/actualites-mls\/calendrier-mls-alignement-europe\/#primaryimage"},"image":{"@id":"https:\/\/theplayoffs.news\/fr\/actualites-mls\/calendrier-mls-alignement-europe\/#primaryimage"},"thumbnailUrl":"https:\/\/theplayoffs.news\/fr\/wp-content\/uploads\/2025\/07\/Imagn-26676526.jpg","datePublished":"2025-07-23T12:15:48+00:00","dateModified":"2025-07-23T12:15:55+00:00","author":{"@id":"https:\/\/theplayoffs.news\/fr\/#\/schema\/person\/eee5b69ad5d3c51cabe881c839dbe133"},"description":"Les propri\u00e9taires de la MLS vont se prononcer sur un potentiel changement de structure de calendrier de la ligue pour s\\'aligner avec l\\'Europe","breadcrumb":{"@id":"https:\/\/theplayoffs.news\/fr\/actualites-mls\/calendrier-mls-alignement-europe\/#breadcrumb"},"inLanguage":"fr-FR","potentialAction":[{"@type":"ReadAction","target":["https:\/\/theplayoffs.news\/fr\/actualites-mls\/calendrier-mls-alignement-europe\/"]}]},{"@type":"ImageObject","inLanguage":"fr-FR","@id":"https:\/\/theplayoffs.news\/fr\/actualites-mls\/calendrier-mls-alignement-europe\/#primaryimage","url":"https:\/\/theplayoffs.news\/fr\/wp-content\/uploads\/2025\/07\/Imagn-26676526.jpg","contentUrl":"https:\/\/theplayoffs.news\/fr\/wp-content\/uploads\/2025\/07\/Imagn-26676526.jpg","width":1920,"height":1280,"caption":"Jul 19, 2025; Harrison, New Jersey, USA; Inter Miami CF forward Lionel Messi (10) in action against the New York Red Bulls during the second half at Sports Illustrated Stadium. Mandatory Credit: Vincent Carchietta-Imagn Images"},{"@type":"BreadcrumbList","@id":"https:\/\/theplayoffs.news\/fr\/actualites-mls\/calendrier-mls-alignement-europe\/#breadcrumb","itemListElement":[{"@type":"ListItem","position":1,"name":"Accueil","item":"https:\/\/theplayoffs.news\/fr\/"},{"@type":"ListItem","position":2,"name":"La MLS bient\u00f4t align\u00e9e sur le calendrier europ\u00e9en ?"}]},{"@type":"WebSite","@id":"https:\/\/theplayoffs.news\/fr\/#website","url":"https:\/\/theplayoffs.news\/fr\/","name":"The Playoffs FR","description":"NBA-NFL-NHL-MLB","potentialAction":[{"@type":"SearchAction","target":{"@type":"EntryPoint","urlTemplate":"https:\/\/theplayoffs.news\/fr\/?s={search_term_string}"},"query-input":{"@type":"PropertyValueSpecification","valueRequired":true,"valueName":"search_term_string"}}],"inLanguage":"fr-FR"},{"@type":"Person","@id":"https:\/\/theplayoffs.news\/fr\/#\/schema\/person\/eee5b69ad5d3c51cabe881c839dbe133","name":"Charles Taudin","image":{"@type":"ImageObject","inLanguage":"fr-FR","@id":"https:\/\/theplayoffs.news\/fr\/#\/schema\/person\/image\/","url":"https:\/\/secure.gravatar.com\/avatar\/59a1e772205ce9fd255edfcafc93013736822e20261f294c5753b20c41ede9f2?s=96&d=mm&r=g","contentUrl":"https:\/\/secure.gravatar.com\/avatar\/59a1e772205ce9fd255edfcafc93013736822e20261f294c5753b20c41ede9f2?s=96&d=mm&r=g","caption":"Charles Taudin"},"description":"R\u00e9dacteur en chef global de The Playoffs, j\u2019ai cr\u00e9\u00e9 The Free Agent, devenu The Playoffs FR, en 2020 durant la pand\u00e9mie. Amoureux depuis des ann\u00e9es des 4 sports majeurs am\u00e9ricains, j\u2019organise maintenant la strat\u00e9gie \u00e9ditoriale et les r\u00e9seaux sociaux de l\u2019ensemble des versions de The Playoffs. Il m\u2019arrive encore d\u2019\u00e9crire sur certains sports que j\u2019affectionne particuli\u00e8rement comme la NFL ou la MLB. Si vous devez retenir qu\u2019une chose : Eli Manning est le vrai GOAT pour avoir battu deux fois Tom Brady.","sameAs":["https:\/\/www.instagram.com\/ctaudin_\/"],"url":"https:\/\/theplayoffs.news\/fr\/author\/charles-taudin\/"}]}},"_links":{"self":[{"href":"https:\/\/theplayoffs.news\/fr\/wp-json\/wp\/v2\/posts\/1497789","targetHints":{"allow":["GET"]}}],"collection":[{"href":"https:\/\/theplayoffs.news\/fr\/wp-json\/wp\/v2\/posts"}],"about":[{"href":"https:\/\/theplayoffs.news\/fr\/wp-json\/wp\/v2\/types\/post"}],"author":[{"embeddable":true,"href":"https:\/\/theplayoffs.news\/fr\/wp-json\/wp\/v2\/users\/13"}],"replies":[{"embeddable":true,"href":"https:\/\/theplayoffs.news\/fr\/wp-json\/wp\/v2\/comments?post=1497789"}],"version-history":[{"count":1,"href":"https:\/\/theplayoffs.news\/fr\/wp-json\/wp\/v2\/posts\/1497789\/revisions"}],"predecessor-version":[{"id":1497791,"href":"https:\/\/theplayoffs.news\/fr\/wp-json\/wp\/v2\/posts\/1497789\/revisions\/1497791"}],"wp:featuredmedia":[{"embeddable":true,"href":"https:\/\/theplayoffs.news\/fr\/wp-json\/wp\/v2\/media\/1497790"}],"wp:attachment":[{"href":"https:\/\/theplayoffs.news\/fr\/wp-json\/wp\/v2\/media?parent=1497789"}],"wp:term":[{"taxonomy":"category","embeddable":true,"href":"https:\/\/theplayoffs.news\/fr\/wp-json\/wp\/v2\/categories?post=1497789"},{"taxonomy":"post_tag","embeddable":true,"href":"https:\/\/theplayoffs.news\/fr\/wp-json\/wp\/v2\/tags?post=1497789"},{"taxonomy":"sport","embeddable":true,"href":"https:\/\/theplayoffs.news\/fr\/wp-json\/wp\/v2\/sport?post=1497789"},{"taxonomy":"saison","embeddable":true,"href":"https:\/\/theplayoffs.news\/fr\/wp-json\/wp\/v2\/saison?post=1497789"}],"curies":[{"name":"wp","href":"https:\/\/api.w.org\/{rel}","templated":true}]}}