{"id":1497745,"date":"2025-07-22T21:12:00","date_gmt":"2025-07-22T19:12:00","guid":{"rendered":"https:\/\/theplayoffs.news\/fr\/uncategorized\/\/"},"modified":"2025-07-22T21:12:07","modified_gmt":"2025-07-22T19:12:07","slug":"saints-tyrann-mathieu-annonce-sa-retraite","status":"publish","type":"post","link":"https:\/\/theplayoffs.news\/fr\/actualite-nfl\/saints-tyrann-mathieu-annonce-sa-retraite\/","title":{"rendered":"Saints: Tyrann Mathieu annonce sa retraite"},"content":{"rendered":"<p>C&rsquo;est d&eacute;cid&eacute;ment plus qu&rsquo;une page qui va se tourner chez les <a href=\"https:\/\/theplayoffs.news\/fr\/uncategorized\/preview-nfl-2025-new-orleans-saints\/\" class=\"trk-cta-link\" data-cta-trk='{\"ctaType\":\"Link\",\"ctaSubType\":\"main\"}'>New Orleans Saints<\/a> avant le d&eacute;but de la saison 2025. Apr&egrave;s l&rsquo;annonce surprise de la retraite de Derek Carr il y a quelques semaines, c&rsquo;est au tour de Tyrann Mathieu d&rsquo;annoncer qu&rsquo;il se retire du monde professionnel.<\/p><blockquote class=\"twitter-tweet\"><p lang=\"en\" dir=\"ltr\">Tyrann Mathieu has announced his retirement from the <a href=\"https:\/\/twitter.com\/NFL?ref_src=twsrc%5Etfw\" class=\"trk-cta-link\" data-cta-trk='{\"ctaType\":\"Link\",\"ctaSubType\":\"main\"}'>@NFL<\/a> &#129761; <a href=\"https:\/\/t.co\/QgjgYAnOUu\" class=\"trk-cta-link\" data-cta-trk='{\"ctaType\":\"Link\",\"ctaSubType\":\"main\"}'>pic.twitter.com\/QgjgYAnOUu<\/a><\/p>&mdash; New Orleans Saints (@Saints) <a href=\"https:\/\/twitter.com\/Saints\/status\/1947731165235868089?ref_src=twsrc%5Etfw\" class=\"trk-cta-link\" data-cta-trk='{\"ctaType\":\"Link\",\"ctaSubType\":\"main\"}'>July 22, 2025<\/a><\/blockquote><script async src=\"https:\/\/platform.twitter.com\/widgets.js\" charset=\"utf-8\"><\/script><p>Dans un message publi&eacute; sur les r&eacute;seaux sociaux de la franchise de Louisiane, celui qui est surnomm&eacute; &laquo;&nbsp;Honey Badger&nbsp;&raquo; explique sa d&eacute;cision de mettre fin &agrave; sa carri&egrave;re avant le d&eacute;but de la saison 2025:<\/p><blockquote class=\"wp-block-quote is-layout-flow wp-block-quote-is-layout-flow\">\n<p>&laquo;&nbsp;Depuis mon premier snap au lyc&eacute;e jusqu&rsquo;&agrave; mon dernier en NFL, le football m&rsquo;a apport&eacute; plein de choses dans ma vie. Il m&rsquo;a offert des souvenirs, de la discipline et restera avec moi pour toujours. A tous mes entra&icirc;neurs qui ont cru en moi, &agrave; tous mes co&eacute;quipiers qui se sont battus &agrave; mes c&ocirc;t&eacute;s et &agrave; tous les fans qui m&rsquo;ont encourag&eacute;, je vous adresse un grand merci.&nbsp;&raquo; peut on <a href=\"https:\/\/x.com\/AdamSchefter\/status\/1947731353392255408\/photo\/2\" class=\"trk-cta-link\" data-cta-trk='{\"ctaType\":\"Link\",\"ctaSubType\":\"main\"}'>lire dans le communiqu&eacute;<\/a>.<\/p>\n<\/blockquote><h2 class=\"wp-block-heading\">Tyrann Mathieu, une carri&egrave;re riche!<\/h2><p>Rep&ecirc;ch&eacute; au troisi&egrave;me tour de la draft 2013 par les Arizona Cardinals apr&egrave;s une carri&egrave;re universitaire brillante mais mouvement&eacute;e &agrave; LSU, Tyrann Mathieu s&rsquo;est rapidement impos&eacute; comme l&rsquo;un des d&eacute;fenseurs les plus redout&eacute;s de la NFL. Connu pour son instinct, sa polyvalence et sa f&eacute;rocit&eacute; sur le terrain, il a su surmonter les doutes li&eacute;s &agrave; sa taille et &agrave; son pass&eacute; pour devenir un pilier des d&eacute;fenses qu&rsquo;il a int&eacute;gr&eacute;es.<\/p><p>Au fil des ann&eacute;es, Tyrann Mathieu a port&eacute; les couleurs des Cardinals, des Texans, des Chiefs et enfin des Saints. Avec Kansas City il a conna&icirc;tra le sommet de sa carri&egrave;re, en remportant le Super Bowl LIV en 2020, devenant un v&eacute;ritable leader dans une d&eacute;fense qui en avait bien besoin. Sa capacit&eacute; &agrave; couvrir, blitzer, intercepter ou m&ecirc;me guider les plus jeunes a fait de lui un des safeties les plus respect&eacute;s de sa g&eacute;n&eacute;ration.<\/p><p>Ce mardi, Tyrann Mathieu met un terme &agrave; sa carri&egrave;re en tant que joueur des Saints. Un symbole pour ce joueur n&eacute; il y a 33 ans dans la ville de La Nouvelle-Orl&eacute;ans. Il aura r&eacute;ussi dans sa carri&egrave;re &agrave; jouer 180 matchs de saison r&eacute;guli&egrave;re dont 171 comme titulaire pour 36 interceptions et 4 pick six. Des statistiques qui lui permettront d&rsquo;&ecirc;tre choisi trois fois au Pro Bowl. Mais des statistiques qui lui permettront sans doute surtout de rester l&rsquo;un des safeties les plus marquants de ces dix derni&egrave;res ann&eacute;es.<\/p><p>Cr&eacute;dit photo: &copy; Stephen Lew-Imagn Images<\/p>\n","protected":false},"excerpt":{"rendered":"<p>NFL &#8211; Le safety des New Orleans Saints, Tyrann Mathieu, annonce sa retraire de la NFL<\/p>\n","protected":false},"author":180309799,"featured_media":1497746,"comment_status":"closed","ping_status":"closed","sticky":false,"template":"","format":"standard","meta":{"inline_featured_image":false,"kia_subtitle":"NFL - Le safety des New Orleans Saints, Tyrann Mathieu, annonce sa retraire de la NFL","_mux_skip_reasons":[],"proofreadBy":0,"footnotes":""},"categories":[118,8410,40,8408],"tags":[994,859],"sport":[2785],"saison":[7475],"class_list":["post-1497745","post","type-post","status-publish","format-standard","has-post-thumbnail","hentry","category-actualite-nfl","category-football-americain","category-nfl","category-sports","tag-new-orleans-saints","tag-tyrann-mathieu","sport-nfl","saison-7475"],"acf":[],"yoast_head":"<!-- This site is optimized with the Yoast SEO plugin v24.2 - https:\/\/yoast.com\/wordpress\/plugins\/seo\/ -->\n<title>Saints: Tyrann Mathieu annonce sa retraite - The Playoffs FR<\/title>\n<meta name=\"robots\" content=\"index, follow, max-snippet:-1, max-image-preview:large, max-video-preview:-1\" \/>\n<link rel=\"canonical\" href=\"https:\/\/theplayoffs.news\/fr\/actualite-nfl\/saints-tyrann-mathieu-annonce-sa-retraite\/\" \/>\n<meta property=\"og:locale\" content=\"fr_FR\" \/>\n<meta property=\"og:type\" content=\"article\" \/>\n<meta property=\"og:title\" content=\"Saints: Tyrann Mathieu annonce sa retraite - The Playoffs FR\" \/>\n<meta property=\"og:description\" content=\"NFL - Le safety des New Orleans Saints, Tyrann Mathieu, annonce sa retraire de la NFL\" \/>\n<meta property=\"og:url\" content=\"https:\/\/theplayoffs.news\/fr\/actualite-nfl\/saints-tyrann-mathieu-annonce-sa-retraite\/\" \/>\n<meta property=\"og:site_name\" content=\"The Playoffs FR\" \/>\n<meta property=\"article:publisher\" content=\"https:\/\/www.facebook.com\/TheFreeAgentFR\/\" \/>\n<meta property=\"article:modified_time\" content=\"2025-07-22T21:12:07+02:00\" \/>\n<meta property=\"og:image\" content=\"https:\/\/theplayoffs.news\/fr\/wp-content\/uploads\/2025\/07\/USATSI_25080448.jpg\" \/>\n\t<meta property=\"og:image:width\" content=\"1920\" \/>\n\t<meta property=\"og:image:height\" content=\"1280\" \/>\n\t<meta property=\"og:image:type\" content=\"image\/jpeg\" \/>\n<meta name=\"author\" content=\"La r\u00e9daction\" \/>\n<meta name=\"twitter:card\" content=\"summary_large_image\" \/>\n<meta name=\"twitter:creator\" content=\"@TheFreeAgentFR\" \/>\n<meta name=\"twitter:site\" content=\"@TheFreeAgentFR\" \/>\n<meta name=\"twitter:label1\" content=\"\u00c9crit par\" \/>\n\t<meta name=\"twitter:data1\" content=\"La r\u00e9daction\" \/>\n\t<meta name=\"twitter:label2\" content=\"Dur\u00e9e de lecture estim\u00e9e\" \/>\n\t<meta name=\"twitter:data2\" content=\"2 minutes\" \/>\n<script type=\"application\/ld+json\" class=\"yoast-schema-graph\">{\"@context\":\"https:\/\/schema.org\",\"@graph\":[{\"@type\":\"WebPage\",\"@id\":\"https:\/\/theplayoffs.news\/fr\/actualite-nfl\/saints-tyrann-mathieu-annonce-sa-retraite\/\",\"url\":\"https:\/\/theplayoffs.news\/fr\/actualite-nfl\/saints-tyrann-mathieu-annonce-sa-retraite\/\",\"name\":\"Saints: Tyrann Mathieu annonce sa retraite - The Playoffs FR\",\"isPartOf\":{\"@id\":\"https:\/\/theplayoffs.news\/fr\/#website\"},\"primaryImageOfPage\":{\"@id\":\"https:\/\/theplayoffs.news\/fr\/actualite-nfl\/saints-tyrann-mathieu-annonce-sa-retraite\/#primaryimage\"},\"image\":{\"@id\":\"https:\/\/theplayoffs.news\/fr\/actualite-nfl\/saints-tyrann-mathieu-annonce-sa-retraite\/#primaryimage\"},\"thumbnailUrl\":\"https:\/\/theplayoffs.news\/fr\/wp-content\/uploads\/2025\/07\/USATSI_25080448.jpg\",\"datePublished\":\"2025-07-22T19:12:00+00:00\",\"dateModified\":\"2025-07-22T19:12:07+00:00\",\"author\":{\"@id\":\"https:\/\/theplayoffs.news\/fr\/#\/schema\/person\/bb40426f4e478f9bd8cdbfeb4f2f9784\"},\"breadcrumb\":{\"@id\":\"https:\/\/theplayoffs.news\/fr\/actualite-nfl\/saints-tyrann-mathieu-annonce-sa-retraite\/#breadcrumb\"},\"inLanguage\":\"fr-FR\",\"potentialAction\":[{\"@type\":\"ReadAction\",\"target\":[\"https:\/\/theplayoffs.news\/fr\/actualite-nfl\/saints-tyrann-mathieu-annonce-sa-retraite\/\"]}]},{\"@type\":\"ImageObject\",\"inLanguage\":\"fr-FR\",\"@id\":\"https:\/\/theplayoffs.news\/fr\/actualite-nfl\/saints-tyrann-mathieu-annonce-sa-retraite\/#primaryimage\",\"url\":\"https:\/\/theplayoffs.news\/fr\/wp-content\/uploads\/2025\/07\/USATSI_25080448.jpg\",\"contentUrl\":\"https:\/\/theplayoffs.news\/fr\/wp-content\/uploads\/2025\/07\/USATSI_25080448.jpg\",\"width\":1920,\"height\":1280,\"caption\":\"Dec 29, 2024; New Orleans, Louisiana, USA; New Orleans Saints safety Tyrann Mathieu (32) reacts to a play against the Las Vegas Raiders during the second half at Caesars Superdome. Mandatory Credit: Stephen Lew-Imagn Images\"},{\"@type\":\"BreadcrumbList\",\"@id\":\"https:\/\/theplayoffs.news\/fr\/actualite-nfl\/saints-tyrann-mathieu-annonce-sa-retraite\/#breadcrumb\",\"itemListElement\":[{\"@type\":\"ListItem\",\"position\":1,\"name\":\"Accueil\",\"item\":\"https:\/\/theplayoffs.news\/fr\/\"},{\"@type\":\"ListItem\",\"position\":2,\"name\":\"Saints: Tyrann Mathieu annonce sa retraite\"}]},{\"@type\":\"WebSite\",\"@id\":\"https:\/\/theplayoffs.news\/fr\/#website\",\"url\":\"https:\/\/theplayoffs.news\/fr\/\",\"name\":\"The Playoffs FR\",\"description\":\"NBA-NFL-NHL-MLB\",\"potentialAction\":[{\"@type\":\"SearchAction\",\"target\":{\"@type\":\"EntryPoint\",\"urlTemplate\":\"https:\/\/theplayoffs.news\/fr\/?s={search_term_string}\"},\"query-input\":{\"@type\":\"PropertyValueSpecification\",\"valueRequired\":true,\"valueName\":\"search_term_string\"}}],\"inLanguage\":\"fr-FR\"},{\"@type\":\"Person\",\"@id\":\"https:\/\/theplayoffs.news\/fr\/#\/schema\/person\/bb40426f4e478f9bd8cdbfeb4f2f9784\",\"name\":\"La r\u00e9daction\",\"image\":{\"@type\":\"ImageObject\",\"inLanguage\":\"fr-FR\",\"@id\":\"https:\/\/theplayoffs.news\/fr\/#\/schema\/person\/image\/\",\"url\":\"https:\/\/secure.gravatar.com\/avatar\/7e69b41460ab2c17d61c8c364b6a0ee006f957a70191383ef42be1f4733d6515?s=96&d=mm&r=g\",\"contentUrl\":\"https:\/\/secure.gravatar.com\/avatar\/7e69b41460ab2c17d61c8c364b6a0ee006f957a70191383ef42be1f4733d6515?s=96&d=mm&r=g\",\"caption\":\"La r\u00e9daction\"},\"description\":\"On dit qu\\\\'il faut un village pour s\\\\'occuper d\\\\'un enfant. Et bien c\\\\'est exactement ce dont il s\\\\'agit ici pour The Playoffs. La r\u00e9daction, ce sont vos r\u00e9dacteurs pr\u00e9f\u00e9r\u00e9s qui collaborent sur ces articles que vous lisez au quotidien.\u00a0\",\"url\":\"https:\/\/theplayoffs.news\/fr\/author\/freeagentfr\/\"}]}<\/script>\n<!-- \/ Yoast SEO plugin. -->","yoast_head_json":{"title":"Saints: Tyrann Mathieu annonce sa retraite - The Playoffs FR","robots":{"index":"index","follow":"follow","max-snippet":"max-snippet:-1","max-image-preview":"max-image-preview:large","max-video-preview":"max-video-preview:-1"},"canonical":"https:\/\/theplayoffs.news\/fr\/actualite-nfl\/saints-tyrann-mathieu-annonce-sa-retraite\/","og_locale":"fr_FR","og_type":"article","og_title":"Saints: Tyrann Mathieu annonce sa retraite - The Playoffs FR","og_description":"NFL - Le safety des New Orleans Saints, Tyrann Mathieu, annonce sa retraire de la NFL","og_url":"https:\/\/theplayoffs.news\/fr\/actualite-nfl\/saints-tyrann-mathieu-annonce-sa-retraite\/","og_site_name":"The Playoffs FR","article_publisher":"https:\/\/www.facebook.com\/TheFreeAgentFR\/","article_modified_time":"2025-07-22T19:12:07+00:00","og_image":[{"width":1920,"height":1280,"url":"https:\/\/theplayoffs.news\/fr\/wp-content\/uploads\/2025\/07\/USATSI_25080448.jpg","type":"image\/jpeg"}],"author":"La r\u00e9daction","twitter_card":"summary_large_image","twitter_creator":"@TheFreeAgentFR","twitter_site":"@TheFreeAgentFR","twitter_misc":{"\u00c9crit par":"La r\u00e9daction","Dur\u00e9e de lecture estim\u00e9e":"2 minutes"},"schema":{"@context":"https:\/\/schema.org","@graph":[{"@type":"WebPage","@id":"https:\/\/theplayoffs.news\/fr\/actualite-nfl\/saints-tyrann-mathieu-annonce-sa-retraite\/","url":"https:\/\/theplayoffs.news\/fr\/actualite-nfl\/saints-tyrann-mathieu-annonce-sa-retraite\/","name":"Saints: Tyrann Mathieu annonce sa retraite - The Playoffs FR","isPartOf":{"@id":"https:\/\/theplayoffs.news\/fr\/#website"},"primaryImageOfPage":{"@id":"https:\/\/theplayoffs.news\/fr\/actualite-nfl\/saints-tyrann-mathieu-annonce-sa-retraite\/#primaryimage"},"image":{"@id":"https:\/\/theplayoffs.news\/fr\/actualite-nfl\/saints-tyrann-mathieu-annonce-sa-retraite\/#primaryimage"},"thumbnailUrl":"https:\/\/theplayoffs.news\/fr\/wp-content\/uploads\/2025\/07\/USATSI_25080448.jpg","datePublished":"2025-07-22T19:12:00+00:00","dateModified":"2025-07-22T19:12:07+00:00","author":{"@id":"https:\/\/theplayoffs.news\/fr\/#\/schema\/person\/bb40426f4e478f9bd8cdbfeb4f2f9784"},"breadcrumb":{"@id":"https:\/\/theplayoffs.news\/fr\/actualite-nfl\/saints-tyrann-mathieu-annonce-sa-retraite\/#breadcrumb"},"inLanguage":"fr-FR","potentialAction":[{"@type":"ReadAction","target":["https:\/\/theplayoffs.news\/fr\/actualite-nfl\/saints-tyrann-mathieu-annonce-sa-retraite\/"]}]},{"@type":"ImageObject","inLanguage":"fr-FR","@id":"https:\/\/theplayoffs.news\/fr\/actualite-nfl\/saints-tyrann-mathieu-annonce-sa-retraite\/#primaryimage","url":"https:\/\/theplayoffs.news\/fr\/wp-content\/uploads\/2025\/07\/USATSI_25080448.jpg","contentUrl":"https:\/\/theplayoffs.news\/fr\/wp-content\/uploads\/2025\/07\/USATSI_25080448.jpg","width":1920,"height":1280,"caption":"Dec 29, 2024; New Orleans, Louisiana, USA; New Orleans Saints safety Tyrann Mathieu (32) reacts to a play against the Las Vegas Raiders during the second half at Caesars Superdome. Mandatory Credit: Stephen Lew-Imagn Images"},{"@type":"BreadcrumbList","@id":"https:\/\/theplayoffs.news\/fr\/actualite-nfl\/saints-tyrann-mathieu-annonce-sa-retraite\/#breadcrumb","itemListElement":[{"@type":"ListItem","position":1,"name":"Accueil","item":"https:\/\/theplayoffs.news\/fr\/"},{"@type":"ListItem","position":2,"name":"Saints: Tyrann Mathieu annonce sa retraite"}]},{"@type":"WebSite","@id":"https:\/\/theplayoffs.news\/fr\/#website","url":"https:\/\/theplayoffs.news\/fr\/","name":"The Playoffs FR","description":"NBA-NFL-NHL-MLB","potentialAction":[{"@type":"SearchAction","target":{"@type":"EntryPoint","urlTemplate":"https:\/\/theplayoffs.news\/fr\/?s={search_term_string}"},"query-input":{"@type":"PropertyValueSpecification","valueRequired":true,"valueName":"search_term_string"}}],"inLanguage":"fr-FR"},{"@type":"Person","@id":"https:\/\/theplayoffs.news\/fr\/#\/schema\/person\/bb40426f4e478f9bd8cdbfeb4f2f9784","name":"La r\u00e9daction","image":{"@type":"ImageObject","inLanguage":"fr-FR","@id":"https:\/\/theplayoffs.news\/fr\/#\/schema\/person\/image\/","url":"https:\/\/secure.gravatar.com\/avatar\/7e69b41460ab2c17d61c8c364b6a0ee006f957a70191383ef42be1f4733d6515?s=96&d=mm&r=g","contentUrl":"https:\/\/secure.gravatar.com\/avatar\/7e69b41460ab2c17d61c8c364b6a0ee006f957a70191383ef42be1f4733d6515?s=96&d=mm&r=g","caption":"La r\u00e9daction"},"description":"On dit qu\\'il faut un village pour s\\'occuper d\\'un enfant. Et bien c\\'est exactement ce dont il s\\'agit ici pour The Playoffs. La r\u00e9daction, ce sont vos r\u00e9dacteurs pr\u00e9f\u00e9r\u00e9s qui collaborent sur ces articles que vous lisez au quotidien.\u00a0","url":"https:\/\/theplayoffs.news\/fr\/author\/freeagentfr\/"}]}},"_links":{"self":[{"href":"https:\/\/theplayoffs.news\/fr\/wp-json\/wp\/v2\/posts\/1497745","targetHints":{"allow":["GET"]}}],"collection":[{"href":"https:\/\/theplayoffs.news\/fr\/wp-json\/wp\/v2\/posts"}],"about":[{"href":"https:\/\/theplayoffs.news\/fr\/wp-json\/wp\/v2\/types\/post"}],"author":[{"embeddable":true,"href":"https:\/\/theplayoffs.news\/fr\/wp-json\/wp\/v2\/users\/180309799"}],"replies":[{"embeddable":true,"href":"https:\/\/theplayoffs.news\/fr\/wp-json\/wp\/v2\/comments?post=1497745"}],"version-history":[{"count":1,"href":"https:\/\/theplayoffs.news\/fr\/wp-json\/wp\/v2\/posts\/1497745\/revisions"}],"predecessor-version":[{"id":1497747,"href":"https:\/\/theplayoffs.news\/fr\/wp-json\/wp\/v2\/posts\/1497745\/revisions\/1497747"}],"wp:featuredmedia":[{"embeddable":true,"href":"https:\/\/theplayoffs.news\/fr\/wp-json\/wp\/v2\/media\/1497746"}],"wp:attachment":[{"href":"https:\/\/theplayoffs.news\/fr\/wp-json\/wp\/v2\/media?parent=1497745"}],"wp:term":[{"taxonomy":"category","embeddable":true,"href":"https:\/\/theplayoffs.news\/fr\/wp-json\/wp\/v2\/categories?post=1497745"},{"taxonomy":"post_tag","embeddable":true,"href":"https:\/\/theplayoffs.news\/fr\/wp-json\/wp\/v2\/tags?post=1497745"},{"taxonomy":"sport","embeddable":true,"href":"https:\/\/theplayoffs.news\/fr\/wp-json\/wp\/v2\/sport?post=1497745"},{"taxonomy":"saison","embeddable":true,"href":"https:\/\/theplayoffs.news\/fr\/wp-json\/wp\/v2\/saison?post=1497745"}],"curies":[{"name":"wp","href":"https:\/\/api.w.org\/{rel}","templated":true}]}}