{"id":1497709,"date":"2025-07-22T09:18:36","date_gmt":"2025-07-22T07:18:36","guid":{"rendered":"https:\/\/theplayoffs.news\/fr\/uncategorized\/\/"},"modified":"2025-07-22T09:18:43","modified_gmt":"2025-07-22T07:18:43","slug":"philip-rivers-prend-sa-retraite-en-tant-que-chargers","status":"publish","type":"post","link":"https:\/\/theplayoffs.news\/fr\/actualite-nfl\/philip-rivers-prend-sa-retraite-en-tant-que-chargers\/","title":{"rendered":"Philip Rivers prend sa retraite&#8230; en tant que Chargers"},"content":{"rendered":"<p>Quatre ans apr&egrave;s avoir officiellement quitt&eacute; les terrains de la NFL, Philip Rivers boucle d&eacute;finitivement la boucle. Ce lundi, les <a href=\"https:\/\/theplayoffs.news\/fr\/actualite-nfl\/calendrier-nfl-2025-des-los-angeles-chargers-dates-lieux-et-moments-forts\/\" class=\"trk-cta-link\" data-cta-trk='{\"ctaType\":\"Link\",\"ctaSubType\":\"main\"}'>Los Angeles Chargers<\/a> ont annonc&eacute; que leur ancien quarterback vedette prenait officiellement sa retraite en tant que membre de la franchise, marquant ainsi une fin symbolique &agrave; une carri&egrave;re exceptionnelle de 17 saisons, dont 16 pass&eacute;es sous les couleurs de la franchise californienne.<\/p><blockquote class=\"twitter-tweet\"><p lang=\"en\" dir=\"ltr\">Philip Rivers retires as a Charger. <a href=\"https:\/\/t.co\/ILoqp60OMn\" class=\"trk-cta-link\" data-cta-trk='{\"ctaType\":\"Link\",\"ctaSubType\":\"main\"}'>pic.twitter.com\/ILoqp60OMn<\/a><\/p>&mdash; Adam Schefter (@AdamSchefter) <a href=\"https:\/\/twitter.com\/AdamSchefter\/status\/1947419252870238603?ref_src=twsrc%5Etfw\" class=\"trk-cta-link\" data-cta-trk='{\"ctaType\":\"Link\",\"ctaSubType\":\"main\"}'>July 21, 2025<\/a><\/blockquote><script async src=\"https:\/\/platform.twitter.com\/widgets.js\" charset=\"utf-8\"><\/script><blockquote class=\"wp-block-quote is-layout-flow wp-block-quote-is-layout-flow\">\n<p>&laquo; Je suis reconnaissant pour ces 16 ann&eacute;es et pour la confiance qu&rsquo;ils m&rsquo;ont accord&eacute;e en tant que quarterback &raquo;, a d&eacute;clar&eacute; Rivers dans une vid&eacute;o diffus&eacute;e par l&rsquo;&eacute;quipe. &laquo; Je n&rsquo;ai jamais pris cela pour acquis, jamais pris pour acquis le fait d&rsquo;enfiler ce maillot et de diriger les Chargers, match apr&egrave;s match. &raquo;<\/p>\n<\/blockquote><h2 class=\"wp-block-heading\">Une figure embl&eacute;matique des Los Angeles Chargers<\/h2><p>Draft&eacute; par les New York Giants au premier tour de la draft en 2004 (&eacute;quipe avec qui il n&rsquo;aura jamais jou&eacute;), Philip Rivers est devenu le visage des Chargers, que ce soit &agrave; San Diego ou apr&egrave;s le d&eacute;m&eacute;nagement de la franchise &agrave; Los Angeles. Avec 123 victoires, 59 271 yards &agrave; la passe, 397 touchdowns et 27 comebacks victorieux dans le quatri&egrave;me quart-temps, il d&eacute;tient pratiquement tous les records majeurs de la franchise.<\/p><p>S&eacute;lectionn&eacute; huit fois au Pro Bowl, &eacute;lu Comeback Player of the Year lors de la saison 2023, il a conduit l&rsquo;&eacute;quipe &agrave; six participations en playoffs et &agrave; quatre saisons &agrave; dix victoires ou plus, dont une apparition en finale de conf&eacute;rence AFC en 2007. Pourtant, le Super Bowl lui a toujours &eacute;chapp&eacute;, ce qui n&rsquo;a jamais entach&eacute; sa popularit&eacute; ni son h&eacute;ritage dans l&rsquo;histoire des Los Angeles Chargers.<\/p><p>Philip Rivers &eacute;tait appr&eacute;ci&eacute; autant pour son charisme que pour son leadership. Apr&egrave;s un ultime passage chez les Indianapolis Colts en 2020, il avait pris sa retraite sportive en 2021. D&eacute;sormais, en rejoignant officiellement les Chargers pour ce d&eacute;part symbolique, il scelle son lien ind&eacute;fectible avec la franchise qui a marqu&eacute; sa carri&egrave;re.<\/p><p>Philip Rivers ne portera peut-&ecirc;tre jamais une bague de champion, mais dans le c&oelig;ur des fans des Chargers, il restera &agrave; jamais une l&eacute;gende.<\/p><p>Cr&eacute;dit photo: &copy; Denny Medley-Imagn Images<\/p>\n","protected":false},"excerpt":{"rendered":"<p>NFL &#8211; Philip Rivers a annonc\u00e9 ce lundi sa retraite en tant que membre des Los Angeles Chargers<\/p>\n","protected":false},"author":180309964,"featured_media":1497712,"comment_status":"closed","ping_status":"closed","sticky":false,"template":"","format":"standard","meta":{"inline_featured_image":false,"kia_subtitle":"NFL - Philip Rivers a annonc\u00e9 ce lundi sa retraite en tant que membre des Los Angeles Chargers","_mux_skip_reasons":[],"proofreadBy":0,"footnotes":""},"categories":[118,8410,40,8408],"tags":[759,919],"sport":[2785],"saison":[7475],"class_list":["post-1497709","post","type-post","status-publish","format-standard","has-post-thumbnail","hentry","category-actualite-nfl","category-football-americain","category-nfl","category-sports","tag-los-angeles-chargers","tag-philip-rivers","sport-nfl","saison-7475"],"acf":[],"yoast_head":"<!-- This site is optimized with the Yoast SEO plugin v24.2 - https:\/\/yoast.com\/wordpress\/plugins\/seo\/ -->\n<title>Philip Rivers prend sa retraite... en tant que Chargers - The Playoffs FR<\/title>\n<meta name=\"robots\" content=\"index, follow, max-snippet:-1, max-image-preview:large, max-video-preview:-1\" \/>\n<link rel=\"canonical\" href=\"https:\/\/theplayoffs.news\/fr\/actualite-nfl\/philip-rivers-prend-sa-retraite-en-tant-que-chargers\/\" \/>\n<meta property=\"og:locale\" content=\"fr_FR\" \/>\n<meta property=\"og:type\" content=\"article\" \/>\n<meta property=\"og:title\" content=\"Philip Rivers prend sa retraite... en tant que Chargers - The Playoffs FR\" \/>\n<meta property=\"og:description\" content=\"NFL - Philip Rivers a annonc&eacute; ce lundi sa retraite en tant que membre des Los Angeles Chargers\" \/>\n<meta property=\"og:url\" content=\"https:\/\/theplayoffs.news\/fr\/actualite-nfl\/philip-rivers-prend-sa-retraite-en-tant-que-chargers\/\" \/>\n<meta property=\"og:site_name\" content=\"The Playoffs FR\" \/>\n<meta property=\"article:publisher\" content=\"https:\/\/www.facebook.com\/TheFreeAgentFR\/\" \/>\n<meta property=\"article:modified_time\" content=\"2025-07-22T09:18:43+02:00\" \/>\n<meta property=\"og:image\" content=\"https:\/\/theplayoffs.news\/fr\/wp-content\/uploads\/2025\/07\/USATSI_11841206.jpg\" \/>\n\t<meta property=\"og:image:width\" content=\"1920\" \/>\n\t<meta property=\"og:image:height\" content=\"1191\" \/>\n\t<meta property=\"og:image:type\" content=\"image\/jpeg\" \/>\n<meta name=\"author\" content=\"Flavien Jumeau\" \/>\n<meta name=\"twitter:card\" content=\"summary_large_image\" \/>\n<meta name=\"twitter:creator\" content=\"@TheFreeAgentFR\" \/>\n<meta name=\"twitter:site\" content=\"@TheFreeAgentFR\" \/>\n<meta name=\"twitter:label1\" content=\"\u00c9crit par\" \/>\n\t<meta name=\"twitter:data1\" content=\"Flavien Jumeau\" \/>\n\t<meta name=\"twitter:label2\" content=\"Dur\u00e9e de lecture estim\u00e9e\" \/>\n\t<meta name=\"twitter:data2\" content=\"2 minutes\" \/>\n<script type=\"application\/ld+json\" class=\"yoast-schema-graph\">{\"@context\":\"https:\/\/schema.org\",\"@graph\":[{\"@type\":\"WebPage\",\"@id\":\"https:\/\/theplayoffs.news\/fr\/actualite-nfl\/philip-rivers-prend-sa-retraite-en-tant-que-chargers\/\",\"url\":\"https:\/\/theplayoffs.news\/fr\/actualite-nfl\/philip-rivers-prend-sa-retraite-en-tant-que-chargers\/\",\"name\":\"Philip Rivers prend sa retraite... en tant que Chargers - The Playoffs FR\",\"isPartOf\":{\"@id\":\"https:\/\/theplayoffs.news\/fr\/#website\"},\"primaryImageOfPage\":{\"@id\":\"https:\/\/theplayoffs.news\/fr\/actualite-nfl\/philip-rivers-prend-sa-retraite-en-tant-que-chargers\/#primaryimage\"},\"image\":{\"@id\":\"https:\/\/theplayoffs.news\/fr\/actualite-nfl\/philip-rivers-prend-sa-retraite-en-tant-que-chargers\/#primaryimage\"},\"thumbnailUrl\":\"https:\/\/theplayoffs.news\/fr\/wp-content\/uploads\/2025\/07\/USATSI_11841206.jpg\",\"datePublished\":\"2025-07-22T07:18:36+00:00\",\"dateModified\":\"2025-07-22T07:18:43+00:00\",\"author\":{\"@id\":\"https:\/\/theplayoffs.news\/fr\/#\/schema\/person\/def63bc6746dc5957469b75feb99e66d\"},\"breadcrumb\":{\"@id\":\"https:\/\/theplayoffs.news\/fr\/actualite-nfl\/philip-rivers-prend-sa-retraite-en-tant-que-chargers\/#breadcrumb\"},\"inLanguage\":\"fr-FR\",\"potentialAction\":[{\"@type\":\"ReadAction\",\"target\":[\"https:\/\/theplayoffs.news\/fr\/actualite-nfl\/philip-rivers-prend-sa-retraite-en-tant-que-chargers\/\"]}]},{\"@type\":\"ImageObject\",\"inLanguage\":\"fr-FR\",\"@id\":\"https:\/\/theplayoffs.news\/fr\/actualite-nfl\/philip-rivers-prend-sa-retraite-en-tant-que-chargers\/#primaryimage\",\"url\":\"https:\/\/theplayoffs.news\/fr\/wp-content\/uploads\/2025\/07\/USATSI_11841206.jpg\",\"contentUrl\":\"https:\/\/theplayoffs.news\/fr\/wp-content\/uploads\/2025\/07\/USATSI_11841206.jpg\",\"width\":1920,\"height\":1191,\"caption\":\"Dec 13, 2018; Kansas City, MO, USA; Los Angeles Chargers quarterback Philip Rivers (17) is interviewed after a win against the Kansas City Chiefs at Arrowhead Stadium. The Chargers won 29-28. Mandatory Credit: Denny Medley-USA TODAY Sports\"},{\"@type\":\"BreadcrumbList\",\"@id\":\"https:\/\/theplayoffs.news\/fr\/actualite-nfl\/philip-rivers-prend-sa-retraite-en-tant-que-chargers\/#breadcrumb\",\"itemListElement\":[{\"@type\":\"ListItem\",\"position\":1,\"name\":\"Accueil\",\"item\":\"https:\/\/theplayoffs.news\/fr\/\"},{\"@type\":\"ListItem\",\"position\":2,\"name\":\"Philip Rivers prend sa retraite&#8230; en tant que Chargers\"}]},{\"@type\":\"WebSite\",\"@id\":\"https:\/\/theplayoffs.news\/fr\/#website\",\"url\":\"https:\/\/theplayoffs.news\/fr\/\",\"name\":\"The Playoffs FR\",\"description\":\"NBA-NFL-NHL-MLB\",\"potentialAction\":[{\"@type\":\"SearchAction\",\"target\":{\"@type\":\"EntryPoint\",\"urlTemplate\":\"https:\/\/theplayoffs.news\/fr\/?s={search_term_string}\"},\"query-input\":{\"@type\":\"PropertyValueSpecification\",\"valueRequired\":true,\"valueName\":\"search_term_string\"}}],\"inLanguage\":\"fr-FR\"},{\"@type\":\"Person\",\"@id\":\"https:\/\/theplayoffs.news\/fr\/#\/schema\/person\/def63bc6746dc5957469b75feb99e66d\",\"name\":\"Flavien Jumeau\",\"image\":{\"@type\":\"ImageObject\",\"inLanguage\":\"fr-FR\",\"@id\":\"https:\/\/theplayoffs.news\/fr\/#\/schema\/person\/image\/\",\"url\":\"https:\/\/secure.gravatar.com\/avatar\/e7fa8ba5a4b7e4ce35fe152f083f352db28ad0acce692004ed88a7a7d78893f7?s=96&d=mm&r=g\",\"contentUrl\":\"https:\/\/secure.gravatar.com\/avatar\/e7fa8ba5a4b7e4ce35fe152f083f352db28ad0acce692004ed88a7a7d78893f7?s=96&d=mm&r=g\",\"caption\":\"Flavien Jumeau\"},\"description\":\"Amoureux du sport (et de vraiment tous les sports) depuis mon plus jeune \u00e2ge, j\u2019ai longtemps h\u00e9site entre le snooker et le curling. Finalement c\u2019est le foot US que j\u2019ai d\u00e9cid\u00e9 de choisir! Responsable foot US sur TPO et animateur du podcast Tailgate j\u2019ai pour mission de vous faire d\u00e9couvrir ce sport passionnant si ce n\u2019est pas encore fait et de vous donner les derni\u00e8res actus. Le tout dans la bonne humeur et avec toujours un jeu de mots ou deux savamment distill\u00e9s! Fan des Saints, pour moi Drew Brees est le vrai GOAT!\",\"url\":\"https:\/\/theplayoffs.news\/fr\/author\/flavien-jumeaugmail-com\/\"}]}<\/script>\n<!-- \/ Yoast SEO plugin. -->","yoast_head_json":{"title":"Philip Rivers prend sa retraite... en tant que Chargers - The Playoffs FR","robots":{"index":"index","follow":"follow","max-snippet":"max-snippet:-1","max-image-preview":"max-image-preview:large","max-video-preview":"max-video-preview:-1"},"canonical":"https:\/\/theplayoffs.news\/fr\/actualite-nfl\/philip-rivers-prend-sa-retraite-en-tant-que-chargers\/","og_locale":"fr_FR","og_type":"article","og_title":"Philip Rivers prend sa retraite... en tant que Chargers - The Playoffs FR","og_description":"NFL - Philip Rivers a annonc&eacute; ce lundi sa retraite en tant que membre des Los Angeles Chargers","og_url":"https:\/\/theplayoffs.news\/fr\/actualite-nfl\/philip-rivers-prend-sa-retraite-en-tant-que-chargers\/","og_site_name":"The Playoffs FR","article_publisher":"https:\/\/www.facebook.com\/TheFreeAgentFR\/","article_modified_time":"2025-07-22T07:18:43+00:00","og_image":[{"width":1920,"height":1191,"url":"https:\/\/theplayoffs.news\/fr\/wp-content\/uploads\/2025\/07\/USATSI_11841206.jpg","type":"image\/jpeg"}],"author":"Flavien Jumeau","twitter_card":"summary_large_image","twitter_creator":"@TheFreeAgentFR","twitter_site":"@TheFreeAgentFR","twitter_misc":{"\u00c9crit par":"Flavien Jumeau","Dur\u00e9e de lecture estim\u00e9e":"2 minutes"},"schema":{"@context":"https:\/\/schema.org","@graph":[{"@type":"WebPage","@id":"https:\/\/theplayoffs.news\/fr\/actualite-nfl\/philip-rivers-prend-sa-retraite-en-tant-que-chargers\/","url":"https:\/\/theplayoffs.news\/fr\/actualite-nfl\/philip-rivers-prend-sa-retraite-en-tant-que-chargers\/","name":"Philip Rivers prend sa retraite... en tant que Chargers - The Playoffs FR","isPartOf":{"@id":"https:\/\/theplayoffs.news\/fr\/#website"},"primaryImageOfPage":{"@id":"https:\/\/theplayoffs.news\/fr\/actualite-nfl\/philip-rivers-prend-sa-retraite-en-tant-que-chargers\/#primaryimage"},"image":{"@id":"https:\/\/theplayoffs.news\/fr\/actualite-nfl\/philip-rivers-prend-sa-retraite-en-tant-que-chargers\/#primaryimage"},"thumbnailUrl":"https:\/\/theplayoffs.news\/fr\/wp-content\/uploads\/2025\/07\/USATSI_11841206.jpg","datePublished":"2025-07-22T07:18:36+00:00","dateModified":"2025-07-22T07:18:43+00:00","author":{"@id":"https:\/\/theplayoffs.news\/fr\/#\/schema\/person\/def63bc6746dc5957469b75feb99e66d"},"breadcrumb":{"@id":"https:\/\/theplayoffs.news\/fr\/actualite-nfl\/philip-rivers-prend-sa-retraite-en-tant-que-chargers\/#breadcrumb"},"inLanguage":"fr-FR","potentialAction":[{"@type":"ReadAction","target":["https:\/\/theplayoffs.news\/fr\/actualite-nfl\/philip-rivers-prend-sa-retraite-en-tant-que-chargers\/"]}]},{"@type":"ImageObject","inLanguage":"fr-FR","@id":"https:\/\/theplayoffs.news\/fr\/actualite-nfl\/philip-rivers-prend-sa-retraite-en-tant-que-chargers\/#primaryimage","url":"https:\/\/theplayoffs.news\/fr\/wp-content\/uploads\/2025\/07\/USATSI_11841206.jpg","contentUrl":"https:\/\/theplayoffs.news\/fr\/wp-content\/uploads\/2025\/07\/USATSI_11841206.jpg","width":1920,"height":1191,"caption":"Dec 13, 2018; Kansas City, MO, USA; Los Angeles Chargers quarterback Philip Rivers (17) is interviewed after a win against the Kansas City Chiefs at Arrowhead Stadium. The Chargers won 29-28. Mandatory Credit: Denny Medley-USA TODAY Sports"},{"@type":"BreadcrumbList","@id":"https:\/\/theplayoffs.news\/fr\/actualite-nfl\/philip-rivers-prend-sa-retraite-en-tant-que-chargers\/#breadcrumb","itemListElement":[{"@type":"ListItem","position":1,"name":"Accueil","item":"https:\/\/theplayoffs.news\/fr\/"},{"@type":"ListItem","position":2,"name":"Philip Rivers prend sa retraite&#8230; en tant que Chargers"}]},{"@type":"WebSite","@id":"https:\/\/theplayoffs.news\/fr\/#website","url":"https:\/\/theplayoffs.news\/fr\/","name":"The Playoffs FR","description":"NBA-NFL-NHL-MLB","potentialAction":[{"@type":"SearchAction","target":{"@type":"EntryPoint","urlTemplate":"https:\/\/theplayoffs.news\/fr\/?s={search_term_string}"},"query-input":{"@type":"PropertyValueSpecification","valueRequired":true,"valueName":"search_term_string"}}],"inLanguage":"fr-FR"},{"@type":"Person","@id":"https:\/\/theplayoffs.news\/fr\/#\/schema\/person\/def63bc6746dc5957469b75feb99e66d","name":"Flavien Jumeau","image":{"@type":"ImageObject","inLanguage":"fr-FR","@id":"https:\/\/theplayoffs.news\/fr\/#\/schema\/person\/image\/","url":"https:\/\/secure.gravatar.com\/avatar\/e7fa8ba5a4b7e4ce35fe152f083f352db28ad0acce692004ed88a7a7d78893f7?s=96&d=mm&r=g","contentUrl":"https:\/\/secure.gravatar.com\/avatar\/e7fa8ba5a4b7e4ce35fe152f083f352db28ad0acce692004ed88a7a7d78893f7?s=96&d=mm&r=g","caption":"Flavien Jumeau"},"description":"Amoureux du sport (et de vraiment tous les sports) depuis mon plus jeune \u00e2ge, j\u2019ai longtemps h\u00e9site entre le snooker et le curling. Finalement c\u2019est le foot US que j\u2019ai d\u00e9cid\u00e9 de choisir! Responsable foot US sur TPO et animateur du podcast Tailgate j\u2019ai pour mission de vous faire d\u00e9couvrir ce sport passionnant si ce n\u2019est pas encore fait et de vous donner les derni\u00e8res actus. Le tout dans la bonne humeur et avec toujours un jeu de mots ou deux savamment distill\u00e9s! Fan des Saints, pour moi Drew Brees est le vrai GOAT!","url":"https:\/\/theplayoffs.news\/fr\/author\/flavien-jumeaugmail-com\/"}]}},"_links":{"self":[{"href":"https:\/\/theplayoffs.news\/fr\/wp-json\/wp\/v2\/posts\/1497709","targetHints":{"allow":["GET"]}}],"collection":[{"href":"https:\/\/theplayoffs.news\/fr\/wp-json\/wp\/v2\/posts"}],"about":[{"href":"https:\/\/theplayoffs.news\/fr\/wp-json\/wp\/v2\/types\/post"}],"author":[{"embeddable":true,"href":"https:\/\/theplayoffs.news\/fr\/wp-json\/wp\/v2\/users\/180309964"}],"replies":[{"embeddable":true,"href":"https:\/\/theplayoffs.news\/fr\/wp-json\/wp\/v2\/comments?post=1497709"}],"version-history":[{"count":1,"href":"https:\/\/theplayoffs.news\/fr\/wp-json\/wp\/v2\/posts\/1497709\/revisions"}],"predecessor-version":[{"id":1497713,"href":"https:\/\/theplayoffs.news\/fr\/wp-json\/wp\/v2\/posts\/1497709\/revisions\/1497713"}],"wp:featuredmedia":[{"embeddable":true,"href":"https:\/\/theplayoffs.news\/fr\/wp-json\/wp\/v2\/media\/1497712"}],"wp:attachment":[{"href":"https:\/\/theplayoffs.news\/fr\/wp-json\/wp\/v2\/media?parent=1497709"}],"wp:term":[{"taxonomy":"category","embeddable":true,"href":"https:\/\/theplayoffs.news\/fr\/wp-json\/wp\/v2\/categories?post=1497709"},{"taxonomy":"post_tag","embeddable":true,"href":"https:\/\/theplayoffs.news\/fr\/wp-json\/wp\/v2\/tags?post=1497709"},{"taxonomy":"sport","embeddable":true,"href":"https:\/\/theplayoffs.news\/fr\/wp-json\/wp\/v2\/sport?post=1497709"},{"taxonomy":"saison","embeddable":true,"href":"https:\/\/theplayoffs.news\/fr\/wp-json\/wp\/v2\/saison?post=1497709"}],"curies":[{"name":"wp","href":"https:\/\/api.w.org\/{rel}","templated":true}]}}