{"id":1497516,"date":"2025-07-18T11:08:00","date_gmt":"2025-07-18T09:08:00","guid":{"rendered":"https:\/\/theplayoffs.news\/fr\/uncategorized\/\/"},"modified":"2025-07-18T11:08:16","modified_gmt":"2025-07-18T09:08:16","slug":"kyle-gibson-retraite-mlb","status":"publish","type":"post","link":"https:\/\/theplayoffs.news\/fr\/actualite-mlb\/kyle-gibson-retraite-mlb\/","title":{"rendered":"Kyle Gibson annonce sa retraite"},"content":{"rendered":"<p>Apr&egrave;s 13 saisons en MLB, le lanceur Kyle Gibson a annonc&eacute; sa retraite ce jeudi 17 juillet, &agrave; l&rsquo;&acirc;ge de 37 ans.<\/p><p>Le manque de bonnes offres, combin&eacute; &agrave; des vacances en famille, a pouss&eacute; Gibson &agrave; mettre un terme &agrave; sa carri&egrave;re.<\/p><p>L&rsquo;ancien lanceur avait commenc&eacute; la saison avec les Baltimore Orioles apr&egrave;s avoir sign&eacute; un contrat de 5,25 millions de dollars, mais il avait &eacute;t&eacute; lib&eacute;r&eacute; en mai avec une moyenne de points m&eacute;rit&eacute;s (ERA) de 16,78 apr&egrave;s seulement quatre matchs.<\/p><p>Gibson avait ensuite rejoint les Tampa Bay Rays. Il avait montr&eacute; de meilleures performances en ligues mineures affili&eacute;es &agrave; la franchise floridienne, mais avait demand&eacute; &agrave; &ecirc;tre lib&eacute;r&eacute; de son contrat en juin, ne parvenant pas &agrave; int&eacute;grer la rotation des titulaires des Rays.<\/p><p>Issu de l&rsquo;Universit&eacute; du Missouri, Gibson avait &eacute;t&eacute; s&eacute;lectionn&eacute; en 22e position du draft par les Minnesota Twins en 2009. Il a fait ses d&eacute;buts en MLB en 2013.<\/p><p>Il a jou&eacute; sept saisons avec les Twins, avant de porter les couleurs des Texas Rangers, Philadelphia Phillies, Baltimore Orioles et St. Louis Cardinals.<\/p><p>Le sommet de sa carri&egrave;re a &eacute;t&eacute; atteint en 2021, lorsqu&rsquo;il a &eacute;t&eacute; s&eacute;lectionn&eacute; pour le All-Star Game alors qu&rsquo;il &eacute;voluait chez les Rangers. La m&ecirc;me ann&eacute;e, il a &eacute;t&eacute; impliqu&eacute; dans un &eacute;change vers les Phillies, avec qui il a contribu&eacute; &agrave; la conqu&ecirc;te du titre de la Ligue Nationale la saison suivante.<\/p><p>Gibson termine sa carri&egrave;re avec 112 victoires et 111 d&eacute;faites, une moyenne de points m&eacute;rit&eacute;s de 4,60 et un total de 1&#8239;520 retraits sur des prises en 1&#8239;878 manches lanc&eacute;es en <a href=\"https:\/\/theplayoffs.news\/fr\/category\/sports\/baseball-sports\/mlb\/\" class=\"trk-cta-link\" data-cta-trk='{\"ctaType\":\"Link\",\"ctaSubType\":\"main\"}'>MLB<\/a>.<\/p><p><\/p><p><em>Credit Photo: Daniel Kucin Jr.-Imagn Images<\/em><\/p>\n","protected":false},"excerpt":{"rendered":"","protected":false},"author":180309799,"featured_media":1497517,"comment_status":"closed","ping_status":"closed","sticky":false,"template":"","format":"standard","meta":{"inline_featured_image":false,"kia_subtitle":"","_mux_skip_reasons":[],"proofreadBy":0,"footnotes":""},"categories":[188,8413,9],"tags":[8781,29,441],"sport":[],"saison":[],"class_list":["post-1497516","post","type-post","status-publish","format-standard","has-post-thumbnail","hentry","category-actualite-mlb","category-baseball-sports","category-mlb","tag-kyle-gibson","tag-mlb","tag-orioles"],"acf":[],"yoast_head":"<!-- This site is optimized with the Yoast SEO plugin v24.2 - https:\/\/yoast.com\/wordpress\/plugins\/seo\/ -->\n<title>Kyle Gibson annonce sa retraite - The Playoffs FR<\/title>\n<meta name=\"description\" content=\"Le lanceur Kyle Gibson prend sa retraite &agrave; 37 ans apr&egrave;s 13 saisons en MLB et une s&eacute;lection au All-Star Game en 2021.\" \/>\n<meta name=\"robots\" content=\"index, follow, max-snippet:-1, max-image-preview:large, max-video-preview:-1\" \/>\n<link rel=\"canonical\" href=\"https:\/\/theplayoffs.news\/fr\/actualite-mlb\/kyle-gibson-retraite-mlb\/\" \/>\n<meta property=\"og:locale\" content=\"fr_FR\" \/>\n<meta property=\"og:type\" content=\"article\" \/>\n<meta property=\"og:title\" content=\"Kyle Gibson annonce sa retraite - The Playoffs FR\" \/>\n<meta property=\"og:description\" content=\"Le lanceur Kyle Gibson prend sa retraite &agrave; 37 ans apr&egrave;s 13 saisons en MLB et une s&eacute;lection au All-Star Game en 2021.\" \/>\n<meta property=\"og:url\" content=\"https:\/\/theplayoffs.news\/fr\/actualite-mlb\/kyle-gibson-retraite-mlb\/\" \/>\n<meta property=\"og:site_name\" content=\"The Playoffs FR\" \/>\n<meta property=\"article:publisher\" content=\"https:\/\/www.facebook.com\/TheFreeAgentFR\/\" \/>\n<meta property=\"article:modified_time\" content=\"2025-07-18T11:08:16+02:00\" \/>\n<meta property=\"og:image\" content=\"https:\/\/theplayoffs.news\/fr\/wp-content\/uploads\/2025\/07\/USATSI_26227417.jpg\" \/>\n\t<meta property=\"og:image:width\" content=\"1920\" \/>\n\t<meta property=\"og:image:height\" content=\"1280\" \/>\n\t<meta property=\"og:image:type\" content=\"image\/jpeg\" \/>\n<meta name=\"author\" content=\"La r\u00e9daction\" \/>\n<meta name=\"twitter:card\" content=\"summary_large_image\" \/>\n<meta name=\"twitter:creator\" content=\"@TheFreeAgentFR\" \/>\n<meta name=\"twitter:site\" content=\"@TheFreeAgentFR\" \/>\n<meta name=\"twitter:label1\" content=\"\u00c9crit par\" \/>\n\t<meta name=\"twitter:data1\" content=\"La r\u00e9daction\" \/>\n\t<meta name=\"twitter:label2\" content=\"Dur\u00e9e de lecture estim\u00e9e\" \/>\n\t<meta name=\"twitter:data2\" content=\"2 minutes\" \/>\n<script type=\"application\/ld+json\" class=\"yoast-schema-graph\">{\"@context\":\"https:\/\/schema.org\",\"@graph\":[{\"@type\":\"WebPage\",\"@id\":\"https:\/\/theplayoffs.news\/fr\/actualite-mlb\/kyle-gibson-retraite-mlb\/\",\"url\":\"https:\/\/theplayoffs.news\/fr\/actualite-mlb\/kyle-gibson-retraite-mlb\/\",\"name\":\"Kyle Gibson annonce sa retraite - The Playoffs FR\",\"isPartOf\":{\"@id\":\"https:\/\/theplayoffs.news\/fr\/#website\"},\"primaryImageOfPage\":{\"@id\":\"https:\/\/theplayoffs.news\/fr\/actualite-mlb\/kyle-gibson-retraite-mlb\/#primaryimage\"},\"image\":{\"@id\":\"https:\/\/theplayoffs.news\/fr\/actualite-mlb\/kyle-gibson-retraite-mlb\/#primaryimage\"},\"thumbnailUrl\":\"https:\/\/theplayoffs.news\/fr\/wp-content\/uploads\/2025\/07\/USATSI_26227417.jpg\",\"datePublished\":\"2025-07-18T09:08:00+00:00\",\"dateModified\":\"2025-07-18T09:08:16+00:00\",\"author\":{\"@id\":\"https:\/\/theplayoffs.news\/fr\/#\/schema\/person\/bb40426f4e478f9bd8cdbfeb4f2f9784\"},\"description\":\"Le lanceur Kyle Gibson prend sa retraite \u00e0 37 ans apr\u00e8s 13 saisons en MLB et une s\u00e9lection au All-Star Game en 2021.\",\"breadcrumb\":{\"@id\":\"https:\/\/theplayoffs.news\/fr\/actualite-mlb\/kyle-gibson-retraite-mlb\/#breadcrumb\"},\"inLanguage\":\"fr-FR\",\"potentialAction\":[{\"@type\":\"ReadAction\",\"target\":[\"https:\/\/theplayoffs.news\/fr\/actualite-mlb\/kyle-gibson-retraite-mlb\/\"]}]},{\"@type\":\"ImageObject\",\"inLanguage\":\"fr-FR\",\"@id\":\"https:\/\/theplayoffs.news\/fr\/actualite-mlb\/kyle-gibson-retraite-mlb\/#primaryimage\",\"url\":\"https:\/\/theplayoffs.news\/fr\/wp-content\/uploads\/2025\/07\/USATSI_26227417.jpg\",\"contentUrl\":\"https:\/\/theplayoffs.news\/fr\/wp-content\/uploads\/2025\/07\/USATSI_26227417.jpg\",\"width\":1920,\"height\":1280,\"caption\":\"May 17, 2025; Baltimore, Maryland, USA; Baltimore Orioles pitcher Kyle Gibson (48) throws during the first inning against the Washington Nationals at Oriole Park at Camden Yards. Mandatory Credit: Daniel Kucin Jr.-Imagn Images\"},{\"@type\":\"BreadcrumbList\",\"@id\":\"https:\/\/theplayoffs.news\/fr\/actualite-mlb\/kyle-gibson-retraite-mlb\/#breadcrumb\",\"itemListElement\":[{\"@type\":\"ListItem\",\"position\":1,\"name\":\"Accueil\",\"item\":\"https:\/\/theplayoffs.news\/fr\/\"},{\"@type\":\"ListItem\",\"position\":2,\"name\":\"Kyle Gibson annonce sa retraite\"}]},{\"@type\":\"WebSite\",\"@id\":\"https:\/\/theplayoffs.news\/fr\/#website\",\"url\":\"https:\/\/theplayoffs.news\/fr\/\",\"name\":\"The Playoffs FR\",\"description\":\"NBA-NFL-NHL-MLB\",\"potentialAction\":[{\"@type\":\"SearchAction\",\"target\":{\"@type\":\"EntryPoint\",\"urlTemplate\":\"https:\/\/theplayoffs.news\/fr\/?s={search_term_string}\"},\"query-input\":{\"@type\":\"PropertyValueSpecification\",\"valueRequired\":true,\"valueName\":\"search_term_string\"}}],\"inLanguage\":\"fr-FR\"},{\"@type\":\"Person\",\"@id\":\"https:\/\/theplayoffs.news\/fr\/#\/schema\/person\/bb40426f4e478f9bd8cdbfeb4f2f9784\",\"name\":\"La r\u00e9daction\",\"image\":{\"@type\":\"ImageObject\",\"inLanguage\":\"fr-FR\",\"@id\":\"https:\/\/theplayoffs.news\/fr\/#\/schema\/person\/image\/\",\"url\":\"https:\/\/secure.gravatar.com\/avatar\/7e69b41460ab2c17d61c8c364b6a0ee006f957a70191383ef42be1f4733d6515?s=96&d=mm&r=g\",\"contentUrl\":\"https:\/\/secure.gravatar.com\/avatar\/7e69b41460ab2c17d61c8c364b6a0ee006f957a70191383ef42be1f4733d6515?s=96&d=mm&r=g\",\"caption\":\"La r\u00e9daction\"},\"description\":\"On dit qu\\\\'il faut un village pour s\\\\'occuper d\\\\'un enfant. Et bien c\\\\'est exactement ce dont il s\\\\'agit ici pour The Playoffs. La r\u00e9daction, ce sont vos r\u00e9dacteurs pr\u00e9f\u00e9r\u00e9s qui collaborent sur ces articles que vous lisez au quotidien.\u00a0\",\"url\":\"https:\/\/theplayoffs.news\/fr\/author\/freeagentfr\/\"}]}<\/script>\n<!-- \/ Yoast SEO plugin. -->","yoast_head_json":{"title":"Kyle Gibson annonce sa retraite - The Playoffs FR","description":"Le lanceur Kyle Gibson prend sa retraite &agrave; 37 ans apr&egrave;s 13 saisons en MLB et une s&eacute;lection au All-Star Game en 2021.","robots":{"index":"index","follow":"follow","max-snippet":"max-snippet:-1","max-image-preview":"max-image-preview:large","max-video-preview":"max-video-preview:-1"},"canonical":"https:\/\/theplayoffs.news\/fr\/actualite-mlb\/kyle-gibson-retraite-mlb\/","og_locale":"fr_FR","og_type":"article","og_title":"Kyle Gibson annonce sa retraite - The Playoffs FR","og_description":"Le lanceur Kyle Gibson prend sa retraite &agrave; 37 ans apr&egrave;s 13 saisons en MLB et une s&eacute;lection au All-Star Game en 2021.","og_url":"https:\/\/theplayoffs.news\/fr\/actualite-mlb\/kyle-gibson-retraite-mlb\/","og_site_name":"The Playoffs FR","article_publisher":"https:\/\/www.facebook.com\/TheFreeAgentFR\/","article_modified_time":"2025-07-18T09:08:16+00:00","og_image":[{"width":1920,"height":1280,"url":"https:\/\/theplayoffs.news\/fr\/wp-content\/uploads\/2025\/07\/USATSI_26227417.jpg","type":"image\/jpeg"}],"author":"La r\u00e9daction","twitter_card":"summary_large_image","twitter_creator":"@TheFreeAgentFR","twitter_site":"@TheFreeAgentFR","twitter_misc":{"\u00c9crit par":"La r\u00e9daction","Dur\u00e9e de lecture estim\u00e9e":"2 minutes"},"schema":{"@context":"https:\/\/schema.org","@graph":[{"@type":"WebPage","@id":"https:\/\/theplayoffs.news\/fr\/actualite-mlb\/kyle-gibson-retraite-mlb\/","url":"https:\/\/theplayoffs.news\/fr\/actualite-mlb\/kyle-gibson-retraite-mlb\/","name":"Kyle Gibson annonce sa retraite - The Playoffs FR","isPartOf":{"@id":"https:\/\/theplayoffs.news\/fr\/#website"},"primaryImageOfPage":{"@id":"https:\/\/theplayoffs.news\/fr\/actualite-mlb\/kyle-gibson-retraite-mlb\/#primaryimage"},"image":{"@id":"https:\/\/theplayoffs.news\/fr\/actualite-mlb\/kyle-gibson-retraite-mlb\/#primaryimage"},"thumbnailUrl":"https:\/\/theplayoffs.news\/fr\/wp-content\/uploads\/2025\/07\/USATSI_26227417.jpg","datePublished":"2025-07-18T09:08:00+00:00","dateModified":"2025-07-18T09:08:16+00:00","author":{"@id":"https:\/\/theplayoffs.news\/fr\/#\/schema\/person\/bb40426f4e478f9bd8cdbfeb4f2f9784"},"description":"Le lanceur Kyle Gibson prend sa retraite \u00e0 37 ans apr\u00e8s 13 saisons en MLB et une s\u00e9lection au All-Star Game en 2021.","breadcrumb":{"@id":"https:\/\/theplayoffs.news\/fr\/actualite-mlb\/kyle-gibson-retraite-mlb\/#breadcrumb"},"inLanguage":"fr-FR","potentialAction":[{"@type":"ReadAction","target":["https:\/\/theplayoffs.news\/fr\/actualite-mlb\/kyle-gibson-retraite-mlb\/"]}]},{"@type":"ImageObject","inLanguage":"fr-FR","@id":"https:\/\/theplayoffs.news\/fr\/actualite-mlb\/kyle-gibson-retraite-mlb\/#primaryimage","url":"https:\/\/theplayoffs.news\/fr\/wp-content\/uploads\/2025\/07\/USATSI_26227417.jpg","contentUrl":"https:\/\/theplayoffs.news\/fr\/wp-content\/uploads\/2025\/07\/USATSI_26227417.jpg","width":1920,"height":1280,"caption":"May 17, 2025; Baltimore, Maryland, USA; Baltimore Orioles pitcher Kyle Gibson (48) throws during the first inning against the Washington Nationals at Oriole Park at Camden Yards. Mandatory Credit: Daniel Kucin Jr.-Imagn Images"},{"@type":"BreadcrumbList","@id":"https:\/\/theplayoffs.news\/fr\/actualite-mlb\/kyle-gibson-retraite-mlb\/#breadcrumb","itemListElement":[{"@type":"ListItem","position":1,"name":"Accueil","item":"https:\/\/theplayoffs.news\/fr\/"},{"@type":"ListItem","position":2,"name":"Kyle Gibson annonce sa retraite"}]},{"@type":"WebSite","@id":"https:\/\/theplayoffs.news\/fr\/#website","url":"https:\/\/theplayoffs.news\/fr\/","name":"The Playoffs FR","description":"NBA-NFL-NHL-MLB","potentialAction":[{"@type":"SearchAction","target":{"@type":"EntryPoint","urlTemplate":"https:\/\/theplayoffs.news\/fr\/?s={search_term_string}"},"query-input":{"@type":"PropertyValueSpecification","valueRequired":true,"valueName":"search_term_string"}}],"inLanguage":"fr-FR"},{"@type":"Person","@id":"https:\/\/theplayoffs.news\/fr\/#\/schema\/person\/bb40426f4e478f9bd8cdbfeb4f2f9784","name":"La r\u00e9daction","image":{"@type":"ImageObject","inLanguage":"fr-FR","@id":"https:\/\/theplayoffs.news\/fr\/#\/schema\/person\/image\/","url":"https:\/\/secure.gravatar.com\/avatar\/7e69b41460ab2c17d61c8c364b6a0ee006f957a70191383ef42be1f4733d6515?s=96&d=mm&r=g","contentUrl":"https:\/\/secure.gravatar.com\/avatar\/7e69b41460ab2c17d61c8c364b6a0ee006f957a70191383ef42be1f4733d6515?s=96&d=mm&r=g","caption":"La r\u00e9daction"},"description":"On dit qu\\'il faut un village pour s\\'occuper d\\'un enfant. Et bien c\\'est exactement ce dont il s\\'agit ici pour The Playoffs. La r\u00e9daction, ce sont vos r\u00e9dacteurs pr\u00e9f\u00e9r\u00e9s qui collaborent sur ces articles que vous lisez au quotidien.\u00a0","url":"https:\/\/theplayoffs.news\/fr\/author\/freeagentfr\/"}]}},"_links":{"self":[{"href":"https:\/\/theplayoffs.news\/fr\/wp-json\/wp\/v2\/posts\/1497516","targetHints":{"allow":["GET"]}}],"collection":[{"href":"https:\/\/theplayoffs.news\/fr\/wp-json\/wp\/v2\/posts"}],"about":[{"href":"https:\/\/theplayoffs.news\/fr\/wp-json\/wp\/v2\/types\/post"}],"author":[{"embeddable":true,"href":"https:\/\/theplayoffs.news\/fr\/wp-json\/wp\/v2\/users\/180309799"}],"replies":[{"embeddable":true,"href":"https:\/\/theplayoffs.news\/fr\/wp-json\/wp\/v2\/comments?post=1497516"}],"version-history":[{"count":1,"href":"https:\/\/theplayoffs.news\/fr\/wp-json\/wp\/v2\/posts\/1497516\/revisions"}],"predecessor-version":[{"id":1497518,"href":"https:\/\/theplayoffs.news\/fr\/wp-json\/wp\/v2\/posts\/1497516\/revisions\/1497518"}],"wp:featuredmedia":[{"embeddable":true,"href":"https:\/\/theplayoffs.news\/fr\/wp-json\/wp\/v2\/media\/1497517"}],"wp:attachment":[{"href":"https:\/\/theplayoffs.news\/fr\/wp-json\/wp\/v2\/media?parent=1497516"}],"wp:term":[{"taxonomy":"category","embeddable":true,"href":"https:\/\/theplayoffs.news\/fr\/wp-json\/wp\/v2\/categories?post=1497516"},{"taxonomy":"post_tag","embeddable":true,"href":"https:\/\/theplayoffs.news\/fr\/wp-json\/wp\/v2\/tags?post=1497516"},{"taxonomy":"sport","embeddable":true,"href":"https:\/\/theplayoffs.news\/fr\/wp-json\/wp\/v2\/sport?post=1497516"},{"taxonomy":"saison","embeddable":true,"href":"https:\/\/theplayoffs.news\/fr\/wp-json\/wp\/v2\/saison?post=1497516"}],"curies":[{"name":"wp","href":"https:\/\/api.w.org\/{rel}","templated":true}]}}