{"id":1497388,"date":"2025-07-17T07:56:59","date_gmt":"2025-07-17T05:56:59","guid":{"rendered":"https:\/\/theplayoffs.news\/fr\/uncategorized\/\/"},"modified":"2025-07-17T07:57:06","modified_gmt":"2025-07-17T05:57:06","slug":"von-miller-sengage-avec-les-washington-commanders","status":"publish","type":"post","link":"https:\/\/theplayoffs.news\/fr\/actualite-nfl\/von-miller-sengage-avec-les-washington-commanders\/","title":{"rendered":"Von Miller s&rsquo;engage avec les Washington Commanders"},"content":{"rendered":"<p>Depuis plusieurs jours, des offres de plus en plus insistantes commen&ccedil;aient &agrave; arriver dans l&rsquo;entourage de Von Miller. Finalement, ce mercredi, l&rsquo;un des joueurs d&eacute;fensifs les plus dominants de sa g&eacute;n&eacute;ration a choisi sa prochaine destination. Von Miller, l&eacute;gende du pass-rush en NFL, rejoint officiellement les Washington Commanders. L&rsquo;annonce a &eacute;t&eacute; faite mercredi par le joueur lui-m&ecirc;me via Instagram, confirmant son engagement pour la saison &agrave; venir. Selon Adam Schefter, il s&rsquo;agirait d&rsquo;un contrat d&rsquo;un an, bien que les termes exacts soient encore en cours de finalisation.<\/p><blockquote class=\"twitter-tweet\"><p lang=\"en\" dir=\"ltr\">It will be a one-year deal between Von Miller and the Washington Commanders, but the two sides still are &ldquo;finalizing terms&rdquo;, per a source.<\/p>&mdash; Adam Schefter (@AdamSchefter) <a href=\"https:\/\/twitter.com\/AdamSchefter\/status\/1945664958529757539?ref_src=twsrc%5Etfw\" class=\"trk-cta-link\" data-cta-trk='{\"ctaType\":\"Link\",\"ctaSubType\":\"main\"}'>July 17, 2025<\/a><\/blockquote><script async src=\"https:\/\/platform.twitter.com\/widgets.js\" charset=\"utf-8\"><\/script><p>&Agrave; 36 ans, Von Miller entame un nouveau, et peut-&ecirc;tre m&ecirc;me un dernier, chapitre de sa prestigieuse carri&egrave;re, apr&egrave;s trois saisons pass&eacute;es chez les Buffalo Bills. Arriv&eacute; &agrave; Buffalo en 2022 avec un contrat de six ans et 120 millions de dollars, il avait suscit&eacute; de grandes attentes. Auteur de huit sacks en 11 matchs lors de sa premi&egrave;re ann&eacute;e, il avait vu sa saison &eacute;court&eacute;e par une d&eacute;chirure du ligament crois&eacute; ant&eacute;rieur. Son retour en 2023 fut plus difficile, sans le moindre sack enregistr&eacute;. En revanche, la saison 2024 a montr&eacute; des signes de renouveau avec six sacks en 13 rencontres, prouvant qu&rsquo;il restait capable d&rsquo;impacter le jeu d&eacute;fensif d&rsquo;une &eacute;quipe qui lui faisait confiance.<\/p><p>Von Miller reste surtout dans les m&eacute;moires pour son titre de MVP lors du Super Bowl 50 qu&rsquo;il a remport&eacute; avec les Denver Broncos face aux Carolina Panthers, match dans lequel il avait martyris&eacute; Cam Newton avec 2,5 sacks et deux fumbles forc&eacute;s. Il a &eacute;galement remport&eacute; une seconde bague avec les Rams quelques saisons plus tard.<\/p><p>Avec cette arriv&eacute;e, les Washington Commanders continuent leur intersaison particuli&egrave;rement ambitieuse. Apr&egrave;s avoir sign&eacute; le receveur <a href=\"https:\/\/theplayoffs.news\/fr\/actualite-nfl\/deebo-samuel-debarque-chez-les-washington-commanders\/\" class=\"trk-cta-link\" data-cta-trk='{\"ctaType\":\"Link\",\"ctaSubType\":\"main\"}'>Deebo Samuel<\/a> et le tackle offensif Laremy Tunsil, la franchise de Washington affiche clairement sa volont&eacute; de se repositionner parmi les pr&eacute;tendants s&eacute;rieux pour le titre en NFL la saison prochaine.<\/p><p>Reste &agrave; voir si cette nouvelle aventure permettra &agrave; Von Miller de briller une fois encore sous un nouveau maillot, dans ce qui pourrait &ecirc;tre la derni&egrave;re danse d&rsquo;un futur Hall of Famer.<\/p><p>Cr&eacute;dit photo: &copy; Mark J. Rebilas-Imagn Images<\/p>\n","protected":false},"excerpt":{"rendered":"<p>NFL &#8211; Le pass rusher vedette Von Miller s&rsquo;engage avec les Washington Commanders<\/p>\n","protected":false},"author":180309964,"featured_media":1497390,"comment_status":"closed","ping_status":"closed","sticky":false,"template":"","format":"standard","meta":{"inline_featured_image":false,"kia_subtitle":"NFL - Le pass rusher vedette Von Miller s'engage avec les Washington Commanders","_mux_skip_reasons":[],"proofreadBy":0,"footnotes":""},"categories":[118,8410,40,8408],"tags":[165,3285],"sport":[2785],"saison":[7475],"class_list":["post-1497388","post","type-post","status-publish","format-standard","has-post-thumbnail","hentry","category-actualite-nfl","category-football-americain","category-nfl","category-sports","tag-von-miller","tag-washington-commanders","sport-nfl","saison-7475"],"acf":[],"yoast_head":"<!-- This site is optimized with the Yoast SEO plugin v24.2 - https:\/\/yoast.com\/wordpress\/plugins\/seo\/ -->\n<title>Von Miller s&#039;engage avec les Washington Commanders - The Playoffs FR<\/title>\n<meta name=\"robots\" content=\"index, follow, max-snippet:-1, max-image-preview:large, max-video-preview:-1\" \/>\n<link rel=\"canonical\" href=\"https:\/\/theplayoffs.news\/fr\/actualite-nfl\/von-miller-sengage-avec-les-washington-commanders\/\" \/>\n<meta property=\"og:locale\" content=\"fr_FR\" \/>\n<meta property=\"og:type\" content=\"article\" \/>\n<meta property=\"og:title\" content=\"Von Miller s&#039;engage avec les Washington Commanders - The Playoffs FR\" \/>\n<meta property=\"og:description\" content=\"NFL - Le pass rusher vedette Von Miller s&#039;engage avec les Washington Commanders\" \/>\n<meta property=\"og:url\" content=\"https:\/\/theplayoffs.news\/fr\/actualite-nfl\/von-miller-sengage-avec-les-washington-commanders\/\" \/>\n<meta property=\"og:site_name\" content=\"The Playoffs FR\" \/>\n<meta property=\"article:publisher\" content=\"https:\/\/www.facebook.com\/TheFreeAgentFR\/\" \/>\n<meta property=\"article:modified_time\" content=\"2025-07-17T07:57:06+02:00\" \/>\n<meta property=\"og:image\" content=\"https:\/\/theplayoffs.news\/fr\/wp-content\/uploads\/2025\/07\/USATSI_25156932.jpg\" \/>\n\t<meta property=\"og:image:width\" content=\"1920\" \/>\n\t<meta property=\"og:image:height\" content=\"1361\" \/>\n\t<meta property=\"og:image:type\" content=\"image\/jpeg\" \/>\n<meta name=\"author\" content=\"Flavien Jumeau\" \/>\n<meta name=\"twitter:card\" content=\"summary_large_image\" \/>\n<meta name=\"twitter:creator\" content=\"@TheFreeAgentFR\" \/>\n<meta name=\"twitter:site\" content=\"@TheFreeAgentFR\" \/>\n<meta name=\"twitter:label1\" content=\"\u00c9crit par\" \/>\n\t<meta name=\"twitter:data1\" content=\"Flavien Jumeau\" \/>\n\t<meta name=\"twitter:label2\" content=\"Dur\u00e9e de lecture estim\u00e9e\" \/>\n\t<meta name=\"twitter:data2\" content=\"2 minutes\" \/>\n<script type=\"application\/ld+json\" class=\"yoast-schema-graph\">{\"@context\":\"https:\/\/schema.org\",\"@graph\":[{\"@type\":\"WebPage\",\"@id\":\"https:\/\/theplayoffs.news\/fr\/actualite-nfl\/von-miller-sengage-avec-les-washington-commanders\/\",\"url\":\"https:\/\/theplayoffs.news\/fr\/actualite-nfl\/von-miller-sengage-avec-les-washington-commanders\/\",\"name\":\"Von Miller s\\\\'engage avec les Washington Commanders - The Playoffs FR\",\"isPartOf\":{\"@id\":\"https:\/\/theplayoffs.news\/fr\/#website\"},\"primaryImageOfPage\":{\"@id\":\"https:\/\/theplayoffs.news\/fr\/actualite-nfl\/von-miller-sengage-avec-les-washington-commanders\/#primaryimage\"},\"image\":{\"@id\":\"https:\/\/theplayoffs.news\/fr\/actualite-nfl\/von-miller-sengage-avec-les-washington-commanders\/#primaryimage\"},\"thumbnailUrl\":\"https:\/\/theplayoffs.news\/fr\/wp-content\/uploads\/2025\/07\/USATSI_25156932.jpg\",\"datePublished\":\"2025-07-17T05:56:59+00:00\",\"dateModified\":\"2025-07-17T05:57:06+00:00\",\"author\":{\"@id\":\"https:\/\/theplayoffs.news\/fr\/#\/schema\/person\/def63bc6746dc5957469b75feb99e66d\"},\"breadcrumb\":{\"@id\":\"https:\/\/theplayoffs.news\/fr\/actualite-nfl\/von-miller-sengage-avec-les-washington-commanders\/#breadcrumb\"},\"inLanguage\":\"fr-FR\",\"potentialAction\":[{\"@type\":\"ReadAction\",\"target\":[\"https:\/\/theplayoffs.news\/fr\/actualite-nfl\/von-miller-sengage-avec-les-washington-commanders\/\"]}]},{\"@type\":\"ImageObject\",\"inLanguage\":\"fr-FR\",\"@id\":\"https:\/\/theplayoffs.news\/fr\/actualite-nfl\/von-miller-sengage-avec-les-washington-commanders\/#primaryimage\",\"url\":\"https:\/\/theplayoffs.news\/fr\/wp-content\/uploads\/2025\/07\/USATSI_25156932.jpg\",\"contentUrl\":\"https:\/\/theplayoffs.news\/fr\/wp-content\/uploads\/2025\/07\/USATSI_25156932.jpg\",\"width\":1920,\"height\":1361,\"caption\":\"Dec 29, 2024; Orchard Park, New York, USA; Buffalo Bills linebacker Von Miller (40) enters the field before a game against the New York Jets at Highmark Stadium. Mandatory Credit: Mark Konezny-Imagn Images\"},{\"@type\":\"BreadcrumbList\",\"@id\":\"https:\/\/theplayoffs.news\/fr\/actualite-nfl\/von-miller-sengage-avec-les-washington-commanders\/#breadcrumb\",\"itemListElement\":[{\"@type\":\"ListItem\",\"position\":1,\"name\":\"Accueil\",\"item\":\"https:\/\/theplayoffs.news\/fr\/\"},{\"@type\":\"ListItem\",\"position\":2,\"name\":\"Von Miller s&rsquo;engage avec les Washington Commanders\"}]},{\"@type\":\"WebSite\",\"@id\":\"https:\/\/theplayoffs.news\/fr\/#website\",\"url\":\"https:\/\/theplayoffs.news\/fr\/\",\"name\":\"The Playoffs FR\",\"description\":\"NBA-NFL-NHL-MLB\",\"potentialAction\":[{\"@type\":\"SearchAction\",\"target\":{\"@type\":\"EntryPoint\",\"urlTemplate\":\"https:\/\/theplayoffs.news\/fr\/?s={search_term_string}\"},\"query-input\":{\"@type\":\"PropertyValueSpecification\",\"valueRequired\":true,\"valueName\":\"search_term_string\"}}],\"inLanguage\":\"fr-FR\"},{\"@type\":\"Person\",\"@id\":\"https:\/\/theplayoffs.news\/fr\/#\/schema\/person\/def63bc6746dc5957469b75feb99e66d\",\"name\":\"Flavien Jumeau\",\"image\":{\"@type\":\"ImageObject\",\"inLanguage\":\"fr-FR\",\"@id\":\"https:\/\/theplayoffs.news\/fr\/#\/schema\/person\/image\/\",\"url\":\"https:\/\/secure.gravatar.com\/avatar\/e7fa8ba5a4b7e4ce35fe152f083f352db28ad0acce692004ed88a7a7d78893f7?s=96&d=mm&r=g\",\"contentUrl\":\"https:\/\/secure.gravatar.com\/avatar\/e7fa8ba5a4b7e4ce35fe152f083f352db28ad0acce692004ed88a7a7d78893f7?s=96&d=mm&r=g\",\"caption\":\"Flavien Jumeau\"},\"description\":\"Amoureux du sport (et de vraiment tous les sports) depuis mon plus jeune \u00e2ge, j\u2019ai longtemps h\u00e9site entre le snooker et le curling. Finalement c\u2019est le foot US que j\u2019ai d\u00e9cid\u00e9 de choisir! Responsable foot US sur TPO et animateur du podcast Tailgate j\u2019ai pour mission de vous faire d\u00e9couvrir ce sport passionnant si ce n\u2019est pas encore fait et de vous donner les derni\u00e8res actus. Le tout dans la bonne humeur et avec toujours un jeu de mots ou deux savamment distill\u00e9s! Fan des Saints, pour moi Drew Brees est le vrai GOAT!\",\"url\":\"https:\/\/theplayoffs.news\/fr\/author\/flavien-jumeaugmail-com\/\"}]}<\/script>\n<!-- \/ Yoast SEO plugin. -->","yoast_head_json":{"title":"Von Miller s&#039;engage avec les Washington Commanders - The Playoffs FR","robots":{"index":"index","follow":"follow","max-snippet":"max-snippet:-1","max-image-preview":"max-image-preview:large","max-video-preview":"max-video-preview:-1"},"canonical":"https:\/\/theplayoffs.news\/fr\/actualite-nfl\/von-miller-sengage-avec-les-washington-commanders\/","og_locale":"fr_FR","og_type":"article","og_title":"Von Miller s&#039;engage avec les Washington Commanders - The Playoffs FR","og_description":"NFL - Le pass rusher vedette Von Miller s&#039;engage avec les Washington Commanders","og_url":"https:\/\/theplayoffs.news\/fr\/actualite-nfl\/von-miller-sengage-avec-les-washington-commanders\/","og_site_name":"The Playoffs FR","article_publisher":"https:\/\/www.facebook.com\/TheFreeAgentFR\/","article_modified_time":"2025-07-17T05:57:06+00:00","og_image":[{"width":1920,"height":1361,"url":"https:\/\/theplayoffs.news\/fr\/wp-content\/uploads\/2025\/07\/USATSI_25156932.jpg","type":"image\/jpeg"}],"author":"Flavien Jumeau","twitter_card":"summary_large_image","twitter_creator":"@TheFreeAgentFR","twitter_site":"@TheFreeAgentFR","twitter_misc":{"\u00c9crit par":"Flavien Jumeau","Dur\u00e9e de lecture estim\u00e9e":"2 minutes"},"schema":{"@context":"https:\/\/schema.org","@graph":[{"@type":"WebPage","@id":"https:\/\/theplayoffs.news\/fr\/actualite-nfl\/von-miller-sengage-avec-les-washington-commanders\/","url":"https:\/\/theplayoffs.news\/fr\/actualite-nfl\/von-miller-sengage-avec-les-washington-commanders\/","name":"Von Miller s\\'engage avec les Washington Commanders - The Playoffs FR","isPartOf":{"@id":"https:\/\/theplayoffs.news\/fr\/#website"},"primaryImageOfPage":{"@id":"https:\/\/theplayoffs.news\/fr\/actualite-nfl\/von-miller-sengage-avec-les-washington-commanders\/#primaryimage"},"image":{"@id":"https:\/\/theplayoffs.news\/fr\/actualite-nfl\/von-miller-sengage-avec-les-washington-commanders\/#primaryimage"},"thumbnailUrl":"https:\/\/theplayoffs.news\/fr\/wp-content\/uploads\/2025\/07\/USATSI_25156932.jpg","datePublished":"2025-07-17T05:56:59+00:00","dateModified":"2025-07-17T05:57:06+00:00","author":{"@id":"https:\/\/theplayoffs.news\/fr\/#\/schema\/person\/def63bc6746dc5957469b75feb99e66d"},"breadcrumb":{"@id":"https:\/\/theplayoffs.news\/fr\/actualite-nfl\/von-miller-sengage-avec-les-washington-commanders\/#breadcrumb"},"inLanguage":"fr-FR","potentialAction":[{"@type":"ReadAction","target":["https:\/\/theplayoffs.news\/fr\/actualite-nfl\/von-miller-sengage-avec-les-washington-commanders\/"]}]},{"@type":"ImageObject","inLanguage":"fr-FR","@id":"https:\/\/theplayoffs.news\/fr\/actualite-nfl\/von-miller-sengage-avec-les-washington-commanders\/#primaryimage","url":"https:\/\/theplayoffs.news\/fr\/wp-content\/uploads\/2025\/07\/USATSI_25156932.jpg","contentUrl":"https:\/\/theplayoffs.news\/fr\/wp-content\/uploads\/2025\/07\/USATSI_25156932.jpg","width":1920,"height":1361,"caption":"Dec 29, 2024; Orchard Park, New York, USA; Buffalo Bills linebacker Von Miller (40) enters the field before a game against the New York Jets at Highmark Stadium. Mandatory Credit: Mark Konezny-Imagn Images"},{"@type":"BreadcrumbList","@id":"https:\/\/theplayoffs.news\/fr\/actualite-nfl\/von-miller-sengage-avec-les-washington-commanders\/#breadcrumb","itemListElement":[{"@type":"ListItem","position":1,"name":"Accueil","item":"https:\/\/theplayoffs.news\/fr\/"},{"@type":"ListItem","position":2,"name":"Von Miller s&rsquo;engage avec les Washington Commanders"}]},{"@type":"WebSite","@id":"https:\/\/theplayoffs.news\/fr\/#website","url":"https:\/\/theplayoffs.news\/fr\/","name":"The Playoffs FR","description":"NBA-NFL-NHL-MLB","potentialAction":[{"@type":"SearchAction","target":{"@type":"EntryPoint","urlTemplate":"https:\/\/theplayoffs.news\/fr\/?s={search_term_string}"},"query-input":{"@type":"PropertyValueSpecification","valueRequired":true,"valueName":"search_term_string"}}],"inLanguage":"fr-FR"},{"@type":"Person","@id":"https:\/\/theplayoffs.news\/fr\/#\/schema\/person\/def63bc6746dc5957469b75feb99e66d","name":"Flavien Jumeau","image":{"@type":"ImageObject","inLanguage":"fr-FR","@id":"https:\/\/theplayoffs.news\/fr\/#\/schema\/person\/image\/","url":"https:\/\/secure.gravatar.com\/avatar\/e7fa8ba5a4b7e4ce35fe152f083f352db28ad0acce692004ed88a7a7d78893f7?s=96&d=mm&r=g","contentUrl":"https:\/\/secure.gravatar.com\/avatar\/e7fa8ba5a4b7e4ce35fe152f083f352db28ad0acce692004ed88a7a7d78893f7?s=96&d=mm&r=g","caption":"Flavien Jumeau"},"description":"Amoureux du sport (et de vraiment tous les sports) depuis mon plus jeune \u00e2ge, j\u2019ai longtemps h\u00e9site entre le snooker et le curling. Finalement c\u2019est le foot US que j\u2019ai d\u00e9cid\u00e9 de choisir! Responsable foot US sur TPO et animateur du podcast Tailgate j\u2019ai pour mission de vous faire d\u00e9couvrir ce sport passionnant si ce n\u2019est pas encore fait et de vous donner les derni\u00e8res actus. Le tout dans la bonne humeur et avec toujours un jeu de mots ou deux savamment distill\u00e9s! Fan des Saints, pour moi Drew Brees est le vrai GOAT!","url":"https:\/\/theplayoffs.news\/fr\/author\/flavien-jumeaugmail-com\/"}]}},"_links":{"self":[{"href":"https:\/\/theplayoffs.news\/fr\/wp-json\/wp\/v2\/posts\/1497388","targetHints":{"allow":["GET"]}}],"collection":[{"href":"https:\/\/theplayoffs.news\/fr\/wp-json\/wp\/v2\/posts"}],"about":[{"href":"https:\/\/theplayoffs.news\/fr\/wp-json\/wp\/v2\/types\/post"}],"author":[{"embeddable":true,"href":"https:\/\/theplayoffs.news\/fr\/wp-json\/wp\/v2\/users\/180309964"}],"replies":[{"embeddable":true,"href":"https:\/\/theplayoffs.news\/fr\/wp-json\/wp\/v2\/comments?post=1497388"}],"version-history":[{"count":1,"href":"https:\/\/theplayoffs.news\/fr\/wp-json\/wp\/v2\/posts\/1497388\/revisions"}],"predecessor-version":[{"id":1497391,"href":"https:\/\/theplayoffs.news\/fr\/wp-json\/wp\/v2\/posts\/1497388\/revisions\/1497391"}],"wp:featuredmedia":[{"embeddable":true,"href":"https:\/\/theplayoffs.news\/fr\/wp-json\/wp\/v2\/media\/1497390"}],"wp:attachment":[{"href":"https:\/\/theplayoffs.news\/fr\/wp-json\/wp\/v2\/media?parent=1497388"}],"wp:term":[{"taxonomy":"category","embeddable":true,"href":"https:\/\/theplayoffs.news\/fr\/wp-json\/wp\/v2\/categories?post=1497388"},{"taxonomy":"post_tag","embeddable":true,"href":"https:\/\/theplayoffs.news\/fr\/wp-json\/wp\/v2\/tags?post=1497388"},{"taxonomy":"sport","embeddable":true,"href":"https:\/\/theplayoffs.news\/fr\/wp-json\/wp\/v2\/sport?post=1497388"},{"taxonomy":"saison","embeddable":true,"href":"https:\/\/theplayoffs.news\/fr\/wp-json\/wp\/v2\/saison?post=1497388"}],"curies":[{"name":"wp","href":"https:\/\/api.w.org\/{rel}","templated":true}]}}