{"id":1497078,"date":"2025-07-10T13:11:48","date_gmt":"2025-07-10T11:11:48","guid":{"rendered":"https:\/\/theplayoffs.news\/fr\/uncategorized\/\/"},"modified":"2025-07-10T13:11:55","modified_gmt":"2025-07-10T11:11:55","slug":"pour-nolan-traore-des-debuts-en-summer-league-attendus","status":"publish","type":"post","link":"https:\/\/theplayoffs.news\/fr\/actualite-nba\/pour-nolan-traore-des-debuts-en-summer-league-attendus\/","title":{"rendered":"Pour Nolan Traor\u00e9, des d\u00e9buts en Summer League attendus"},"content":{"rendered":"<p>La plong&eacute;e dans le grand bain aura lieu ce soir pour&nbsp;Nolan Traor&eacute;. Moins d&rsquo;un mois apr&egrave;s avoir &eacute;t&eacute; draft&eacute; par Brooklyn en 19e position, le Cristolien sera oppos&eacute; au Thunder d&rsquo;Oklahoma City pour sa premi&egrave;re en Summer League (23h30 heure fran&ccedil;aise).<\/p><p><\/p><h2 class=\"wp-block-heading\">Un face-&agrave;-face prometteur contre Nikola Topic <\/h2><p>Face au r&eacute;cent champion <a href=\"https:\/\/theplayoffs.news\/fr\/category\/nba\/\" target=\"_blank\" rel=\"noreferrer noopener\" class=\"trk-cta-link\" data-cta-trk='{\"ctaType\":\"Link\",\"ctaSubType\":\"main\"}'>NBA<\/a> en titre, le meneur de jeu aura fort &agrave; faire. Si les grandes stars telles que Shai Gilgeous-Alexander ou Jalen Williams ne seront &eacute;videmment pas de la partie, Traor&eacute; devrait en revanche &ecirc;tre au centre de l&rsquo;un des matchs dans le match les plus attendus de la soir&eacute;e. <\/p><p>En effet, l&rsquo;ancien du SQBB (Saint-Quentin) aura normalement la mission de faire face toute la soir&eacute;e &agrave; Nikola Topic, son vis-&agrave;-vis du c&ocirc;t&eacute; d&rsquo;OKC. Choisi lui en 12e position de la Draft 2024, le Serbe nourrissait de grands espoirs apr&egrave;s une ann&eacute;e o&ugrave; il avait presque tout rafl&eacute; avec son club de l&rsquo;&Eacute;toile rouge de Belgrade (vainqueur de la ligue adriatique, du championnat de Serbie et de la coupe de Serbie). <\/p><blockquote class=\"twitter-tweet\"><p lang=\"en\" dir=\"ltr\">Nikola Topic doing it all in summer league &#9889;<br><br>OKC's got another one &#128064; <a href=\"https:\/\/t.co\/2QDaJ1l2Wm\" class=\"trk-cta-link\" data-cta-trk='{\"ctaType\":\"Link\",\"ctaSubType\":\"main\"}'>pic.twitter.com\/2QDaJ1l2Wm<\/a><\/p>&mdash; NBA on ESPN (@ESPNNBA) <a href=\"https:\/\/twitter.com\/ESPNNBA\/status\/1942381512881492201?ref_src=twsrc%5Etfw\" class=\"trk-cta-link\" data-cta-trk='{\"ctaType\":\"Link\",\"ctaSubType\":\"main\"}'>July 8, 2025<\/a><\/blockquote><script async src=\"https:\/\/platform.twitter.com\/widgets.js\" charset=\"utf-8\"><\/script><p>&Eacute;lu meilleur espoir de la ligue adriatique en 2024 et MVP de l&rsquo;EuroBasket U18 2023, Topic n&rsquo;a jamais pu surfer sur la vague en raison d&rsquo;une grave blessure au ligament du genou gauche. Ce sera aussi une grande premi&egrave;re pour lui outre-Atlantique et son duel avec le Tricolore pourrait faire des &eacute;tincelles. Face &agrave; un scoreur hors pair, capable de marquer de loin et &agrave; partir de rien, Traor&eacute; sera imm&eacute;diatement mis au r&eacute;v&eacute;lateur.<\/p><div class=\"related-slider related-slider--loading\">\n    <div class=\"related-slider__header\">\n        <div class=\"related-slider__header__title\">Vous aimerez aussi<\/div>\n        <div class=\"related-slider__header__buttons\">\n            <div class=\"swiper-button-prev\"><\/div>\n            <div class=\"swiper-button-next\"><\/div>\n        <\/div>\n    <\/div>\n    <div class=\"swiper-container\">\n        <div class=\"swiper-wrapper\">\n                            <div class=\"swiper-slide\">\n                    <a class=\"related-slider-card  trk-cta-img\" href=\"https:\/\/theplayoffs.news\/fr\/actualite-nba\/resultats-nba-18-12-les-mavs-douchent-les-pistons-maxime-raynaud-superstar\/\" title=\"R&eacute;sultats NBA (18\/12): les Mavs douchent les Pistons, Maxime Raynaud superstar !\" data-cta-trk='{\"ctaType\":\"Image\",\"ctaSubType\":\"main\"}'>\n    <div class=\"related-slider-card__image\">\n        <img loading=\"lazy\" decoding=\"async\" width=\"600\" height=\"400\" src=\"https:\/\/theplayoffs.news\/fr\/wp-content\/uploads\/2025\/12\/USATSI_27848729_168402440_lowres-600x400.jpg\" class=\"attachment-medium size-medium wp-post-image\" alt=\"NBA Cooper Flagg Nikola Jokic Maxime Raynaud Cade Cunningham\" srcset=\"https:\/\/theplayoffs.news\/fr\/wp-content\/uploads\/2025\/12\/USATSI_27848729_168402440_lowres-600x400.jpg 600w, https:\/\/theplayoffs.news\/fr\/wp-content\/uploads\/2025\/12\/USATSI_27848729_168402440_lowres-1200x800.jpg 1200w, https:\/\/theplayoffs.news\/fr\/wp-content\/uploads\/2025\/12\/USATSI_27848729_168402440_lowres-768x512.jpg 768w, https:\/\/theplayoffs.news\/fr\/wp-content\/uploads\/2025\/12\/USATSI_27848729_168402440_lowres-1536x1024.jpg 1536w, https:\/\/theplayoffs.news\/fr\/wp-content\/uploads\/2025\/12\/USATSI_27848729_168402440_lowres-1320x880.jpg 1320w, https:\/\/theplayoffs.news\/fr\/wp-content\/uploads\/2025\/12\/USATSI_27848729_168402440_lowres.jpg 1920w\" sizes=\"auto, (max-width: 600px) 100vw, 600px\">\n                            <\/div>\n    <div class=\"related-slider-card__content\">\n        <div class=\"related-slider-card__content__tags\">\n                            <div class=\"related-slider-card__content__tags__category\">\n                    Actualit&eacute; NBA\n                <\/div>\n                        <div class=\"related-slider-card__content__tags__date\" data-dynamic-date=\"2025-12-19T09:45:57+01:00\">\n                19 d&eacute;cembre 2025\n            <\/div>\n        <\/div>\n        <div class=\"related-slider-card__content__title\">\n            R&eacute;sultats NBA (18\/12): les Mavs douchent les Pistons, Maxime Raynaud superstar !\n        <\/div>\n                    <div class=\"related-slider-card__content__read-more\">\n                Voir plus\n                <i>\n                    <svg width=\"17\" height=\"15\" viewbox=\"0 0 17 15\" fill=\"none\" xmlns=\"http:\/\/www.w3.org\/2000\/svg\">\n<path d=\"M1 6.5C0.447715 6.5 0 6.94772 0 7.5C0 8.05228 0.447715 8.5 1 8.5V6.5ZM16.7071 8.20711C17.0976 7.81658 17.0976 7.18342 16.7071 6.79289L10.3431 0.428932C9.95262 0.0384078 9.31946 0.0384078 8.92893 0.428932C8.53841 0.819457 8.53841 1.45262 8.92893 1.84315L14.5858 7.5L8.92893 13.1569C8.53841 13.5474 8.53841 14.1805 8.92893 14.5711C9.31946 14.9616 9.95262 14.9616 10.3431 14.5711L16.7071 8.20711ZM1 7.5V8.5H8.5V7.5V6.5H1V7.5ZM8.5 7.5V8.5H16V7.5V6.5H8.5V7.5Z\" fill=\"white\"><\/path>\n<\/svg>\n\n                <\/i>\n            <\/div>\n            <\/div>\n<\/a>\n\n                <\/div>\n                            <div class=\"swiper-slide\">\n                    <a class=\"related-slider-card  trk-cta-img\" href=\"https:\/\/theplayoffs.news\/fr\/actualite-nba\/resultats-nba-17-12-chicago-enfonce-les-cavs-memphis-en-patron-dans-le-minnesota\/\" title=\"R&eacute;sultats NBA (17\/12): Chicago enfonce les Cavs, Memphis en patron dans le Minnesota !\" data-cta-trk='{\"ctaType\":\"Image\",\"ctaSubType\":\"main\"}'>\n    <div class=\"related-slider-card__image\">\n        <img loading=\"lazy\" decoding=\"async\" width=\"600\" height=\"400\" src=\"https:\/\/theplayoffs.news\/fr\/wp-content\/uploads\/2025\/12\/USATSI_27840419_168402440_lowres-600x400.jpg\" class=\"attachment-medium size-medium wp-post-image\" alt=\"NBA Minnesota Timberwolves Ja Morant Anthony Edwards Rudy Gobert Julius Randle Josh Giddey\" srcset=\"https:\/\/theplayoffs.news\/fr\/wp-content\/uploads\/2025\/12\/USATSI_27840419_168402440_lowres-600x400.jpg 600w, https:\/\/theplayoffs.news\/fr\/wp-content\/uploads\/2025\/12\/USATSI_27840419_168402440_lowres-1200x799.jpg 1200w, https:\/\/theplayoffs.news\/fr\/wp-content\/uploads\/2025\/12\/USATSI_27840419_168402440_lowres-768x512.jpg 768w, https:\/\/theplayoffs.news\/fr\/wp-content\/uploads\/2025\/12\/USATSI_27840419_168402440_lowres-1536x1023.jpg 1536w, https:\/\/theplayoffs.news\/fr\/wp-content\/uploads\/2025\/12\/USATSI_27840419_168402440_lowres-1320x879.jpg 1320w, https:\/\/theplayoffs.news\/fr\/wp-content\/uploads\/2025\/12\/USATSI_27840419_168402440_lowres.jpg 1920w\" sizes=\"auto, (max-width: 600px) 100vw, 600px\">\n                            <\/div>\n    <div class=\"related-slider-card__content\">\n        <div class=\"related-slider-card__content__tags\">\n                            <div class=\"related-slider-card__content__tags__category\">\n                    Actualit&eacute; NBA\n                <\/div>\n                        <div class=\"related-slider-card__content__tags__date\" data-dynamic-date=\"2025-12-18T14:27:38+01:00\">\n                18 d&eacute;cembre 2025\n            <\/div>\n        <\/div>\n        <div class=\"related-slider-card__content__title\">\n            R&eacute;sultats NBA (17\/12): Chicago enfonce les Cavs, Memphis en patron dans le Minnesota !\n        <\/div>\n                    <div class=\"related-slider-card__content__read-more\">\n                Voir plus\n                <i>\n                    <svg width=\"17\" height=\"15\" viewbox=\"0 0 17 15\" fill=\"none\" xmlns=\"http:\/\/www.w3.org\/2000\/svg\">\n<path d=\"M1 6.5C0.447715 6.5 0 6.94772 0 7.5C0 8.05228 0.447715 8.5 1 8.5V6.5ZM16.7071 8.20711C17.0976 7.81658 17.0976 7.18342 16.7071 6.79289L10.3431 0.428932C9.95262 0.0384078 9.31946 0.0384078 8.92893 0.428932C8.53841 0.819457 8.53841 1.45262 8.92893 1.84315L14.5858 7.5L8.92893 13.1569C8.53841 13.5474 8.53841 14.1805 8.92893 14.5711C9.31946 14.9616 9.95262 14.9616 10.3431 14.5711L16.7071 8.20711ZM1 7.5V8.5H8.5V7.5V6.5H1V7.5ZM8.5 7.5V8.5H16V7.5V6.5H8.5V7.5Z\" fill=\"white\"><\/path>\n<\/svg>\n\n                <\/i>\n            <\/div>\n            <\/div>\n<\/a>\n\n                <\/div>\n                            <div class=\"swiper-slide\">\n                    <a class=\"related-slider-card  trk-cta-img\" href=\"https:\/\/theplayoffs.news\/fr\/actualite-nba\/resultats-nba-cup-16-12-jalen-brunson-mvp-les-knicks-soffrent-un-premier-trophee-depuis-1973\/\" title=\"R&eacute;sultats NBA Cup (16\/12): Jalen Brunson MVP, les Knicks s&rsquo;offrent un premier troph&eacute;e depuis 1973 !\" data-cta-trk='{\"ctaType\":\"Image\",\"ctaSubType\":\"main\"}'>\n    <div class=\"related-slider-card__image\">\n        <img loading=\"lazy\" decoding=\"async\" width=\"600\" height=\"450\" src=\"https:\/\/theplayoffs.news\/fr\/wp-content\/uploads\/2025\/12\/USATSI_27835319_168402440_lowres-600x450.jpg\" class=\"attachment-medium size-medium wp-post-image\" alt=\"Jalen Brunson Victor Wembanyama Knicks Spurs NBA Cup\" srcset=\"https:\/\/theplayoffs.news\/fr\/wp-content\/uploads\/2025\/12\/USATSI_27835319_168402440_lowres-600x450.jpg 600w, https:\/\/theplayoffs.news\/fr\/wp-content\/uploads\/2025\/12\/USATSI_27835319_168402440_lowres-1200x900.jpg 1200w, https:\/\/theplayoffs.news\/fr\/wp-content\/uploads\/2025\/12\/USATSI_27835319_168402440_lowres-768x576.jpg 768w, https:\/\/theplayoffs.news\/fr\/wp-content\/uploads\/2025\/12\/USATSI_27835319_168402440_lowres-1536x1152.jpg 1536w, https:\/\/theplayoffs.news\/fr\/wp-content\/uploads\/2025\/12\/USATSI_27835319_168402440_lowres-1320x990.jpg 1320w, https:\/\/theplayoffs.news\/fr\/wp-content\/uploads\/2025\/12\/USATSI_27835319_168402440_lowres.jpg 1920w\" sizes=\"auto, (max-width: 600px) 100vw, 600px\">\n                            <\/div>\n    <div class=\"related-slider-card__content\">\n        <div class=\"related-slider-card__content__tags\">\n                            <div class=\"related-slider-card__content__tags__category\">\n                    Actualit&eacute; NBA\n                <\/div>\n                        <div class=\"related-slider-card__content__tags__date\" data-dynamic-date=\"2025-12-17T09:44:05+01:00\">\n                17 d&eacute;cembre 2025\n            <\/div>\n        <\/div>\n        <div class=\"related-slider-card__content__title\">\n            R&eacute;sultats NBA Cup (16\/12): Jalen Brunson MVP, les Knicks s&rsquo;offrent un premier troph&eacute;e depuis 1973 !\n        <\/div>\n                    <div class=\"related-slider-card__content__read-more\">\n                Voir plus\n                <i>\n                    <svg width=\"17\" height=\"15\" viewbox=\"0 0 17 15\" fill=\"none\" xmlns=\"http:\/\/www.w3.org\/2000\/svg\">\n<path d=\"M1 6.5C0.447715 6.5 0 6.94772 0 7.5C0 8.05228 0.447715 8.5 1 8.5V6.5ZM16.7071 8.20711C17.0976 7.81658 17.0976 7.18342 16.7071 6.79289L10.3431 0.428932C9.95262 0.0384078 9.31946 0.0384078 8.92893 0.428932C8.53841 0.819457 8.53841 1.45262 8.92893 1.84315L14.5858 7.5L8.92893 13.1569C8.53841 13.5474 8.53841 14.1805 8.92893 14.5711C9.31946 14.9616 9.95262 14.9616 10.3431 14.5711L16.7071 8.20711ZM1 7.5V8.5H8.5V7.5V6.5H1V7.5ZM8.5 7.5V8.5H16V7.5V6.5H8.5V7.5Z\" fill=\"white\"><\/path>\n<\/svg>\n\n                <\/i>\n            <\/div>\n            <\/div>\n<\/a>\n\n                <\/div>\n                            <div class=\"swiper-slide\">\n                    <a class=\"related-slider-card  trk-cta-img\" href=\"https:\/\/theplayoffs.news\/fr\/actualite-nba\/pour-deaaron-fox-lherbe-est-plus-verte-a-san-antonio\/\" title=\"Pour De&rsquo;Aaron Fox, &laquo;&nbsp;l&rsquo;herbe est plus verte&nbsp;&raquo; &agrave; San Antonio\" data-cta-trk='{\"ctaType\":\"Image\",\"ctaSubType\":\"main\"}'>\n    <div class=\"related-slider-card__image\">\n        <img loading=\"lazy\" decoding=\"async\" width=\"600\" height=\"400\" src=\"https:\/\/theplayoffs.news\/fr\/wp-content\/uploads\/2025\/12\/USATSI_27813133_168402440_lowres-600x400.jpg\" class=\"attachment-medium size-medium wp-post-image\" alt=\"NBA De'Aaron Fox Victor Wembanyama Spurs Knicks\" srcset=\"https:\/\/theplayoffs.news\/fr\/wp-content\/uploads\/2025\/12\/USATSI_27813133_168402440_lowres-600x400.jpg 600w, https:\/\/theplayoffs.news\/fr\/wp-content\/uploads\/2025\/12\/USATSI_27813133_168402440_lowres-1200x800.jpg 1200w, https:\/\/theplayoffs.news\/fr\/wp-content\/uploads\/2025\/12\/USATSI_27813133_168402440_lowres-768x512.jpg 768w, https:\/\/theplayoffs.news\/fr\/wp-content\/uploads\/2025\/12\/USATSI_27813133_168402440_lowres-1536x1024.jpg 1536w, https:\/\/theplayoffs.news\/fr\/wp-content\/uploads\/2025\/12\/USATSI_27813133_168402440_lowres-1320x880.jpg 1320w, https:\/\/theplayoffs.news\/fr\/wp-content\/uploads\/2025\/12\/USATSI_27813133_168402440_lowres.jpg 1920w\" sizes=\"auto, (max-width: 600px) 100vw, 600px\">\n                            <\/div>\n    <div class=\"related-slider-card__content\">\n        <div class=\"related-slider-card__content__tags\">\n                            <div class=\"related-slider-card__content__tags__category\">\n                    Actualit&eacute; NBA\n                <\/div>\n                        <div class=\"related-slider-card__content__tags__date\" data-dynamic-date=\"2025-12-16T12:47:20+01:00\">\n                16 d&eacute;cembre 2025\n            <\/div>\n        <\/div>\n        <div class=\"related-slider-card__content__title\">\n            Pour De&rsquo;Aaron Fox, &laquo;&nbsp;l&rsquo;herbe est plus verte&nbsp;&raquo; &agrave; San Antonio\n        <\/div>\n                    <div class=\"related-slider-card__content__read-more\">\n                Voir plus\n                <i>\n                    <svg width=\"17\" height=\"15\" viewbox=\"0 0 17 15\" fill=\"none\" xmlns=\"http:\/\/www.w3.org\/2000\/svg\">\n<path d=\"M1 6.5C0.447715 6.5 0 6.94772 0 7.5C0 8.05228 0.447715 8.5 1 8.5V6.5ZM16.7071 8.20711C17.0976 7.81658 17.0976 7.18342 16.7071 6.79289L10.3431 0.428932C9.95262 0.0384078 9.31946 0.0384078 8.92893 0.428932C8.53841 0.819457 8.53841 1.45262 8.92893 1.84315L14.5858 7.5L8.92893 13.1569C8.53841 13.5474 8.53841 14.1805 8.92893 14.5711C9.31946 14.9616 9.95262 14.9616 10.3431 14.5711L16.7071 8.20711ZM1 7.5V8.5H8.5V7.5V6.5H1V7.5ZM8.5 7.5V8.5H16V7.5V6.5H8.5V7.5Z\" fill=\"white\"><\/path>\n<\/svg>\n\n                <\/i>\n            <\/div>\n            <\/div>\n<\/a>\n\n                <\/div>\n                    <\/div>\n    <\/div>\n<\/div><p><\/p><h2 class=\"wp-block-heading\">La direction des Nets sera attentive aux d&eacute;buts de Traor&eacute;<\/h2><p>De leur c&ocirc;t&eacute;, les&nbsp;Nets attendent eux la premi&egrave;re d&rsquo;un joueur reconnu pour ses qualit&eacute;s naturelles de leader. &laquo;&nbsp;<em>Il avait le respect de son &eacute;quipe [&agrave; Saint-Quentin]. Et pour un jeune gar&ccedil;on, avoir &ccedil;a &agrave; cet &acirc;ge est assez unique&nbsp;<\/em>&raquo;, expliquait Sean Marks, manager g&eacute;n&eacute;ral de Brooklyn au moment de pr&eacute;senter son nouveau joueur.<\/p><p>Au sein d&rsquo;une &eacute;quipe o&ugrave; figureront 4 rookies s&eacute;lectionn&eacute;s au premier tour de la derni&egrave;re Draft, il pourrait d&eacute;j&agrave; y avoir des points &agrave; gagner, ou &agrave; perdre, en vue de la prochaine saison de NBA. Le Fran&ccedil;ais devra surtout batailler en interne avec Tyson Etienne, sign&eacute; en contrat &lsquo;two-way&rsquo; par les Nets en cours de saison, qui &eacute;volue sur le m&ecirc;me poste que lui.<\/p><blockquote class=\"twitter-tweet\"><p lang=\"en\" dir=\"ltr\">Nets 8th &amp; 19th overall picks Egor Demin &amp; Nolan Traore faced off in the ANGT final last may <br><br>Egor: 26 PTS 11 REB 6 AST 5 STK 9\/22 FG 3\/10 3P 5\/6 FT <br><br>Nolan: 18 PTS 4 REB 5 AST 2 STL 6\/19 FG 0\/5 3P 6\/7 FT <a href=\"https:\/\/t.co\/iyM8dP2yZw\" class=\"trk-cta-link\" data-cta-trk='{\"ctaType\":\"Link\",\"ctaSubType\":\"main\"}'>pic.twitter.com\/iyM8dP2yZw<\/a><\/p>&mdash; g (@freewave3) <a href=\"https:\/\/twitter.com\/freewave3\/status\/1938692311824961650?ref_src=twsrc%5Etfw\" class=\"trk-cta-link\" data-cta-trk='{\"ctaType\":\"Link\",\"ctaSubType\":\"main\"}'>June 27, 2025<\/a><\/blockquote><script async src=\"https:\/\/platform.twitter.com\/widgets.js\" charset=\"utf-8\"><\/script><p>&laquo;&nbsp;<em>C&rsquo;est une chose de le voir en vid&eacute;o, mais le voir en personne en est une autre. Vous voyez ses capacit&eacute;s athl&eacute;tiques, sa vitesse, son premier appui&hellip; [&hellip;] Je pense que ce sont des choses que vous ne pouvez pas n&eacute;cessairement apprendre. Vous avez cette capacit&eacute; en vous ou vous ne l&rsquo;avez pas. Lui l&rsquo;a, et c&rsquo;&eacute;tait tr&egrave;s excitant pour nous<\/em>&nbsp;&raquo;, commentait encore Marks &agrave; propos de son meneur de 19 ans.<\/p><p><\/p><p>Dans une soir&eacute;e o&ugrave; Cooper Flagg et Bronny James auront les lumi&egrave;res braqu&eacute;es sur eux, il ne faudra pas manquer un duel de meneurs europ&eacute;ens talentueux, et ambitieux.<\/p><p><\/p><p>&copy; Brad Penner-Imagn Images<\/p>\n","protected":false},"excerpt":{"rendered":"","protected":false},"author":180310210,"featured_media":1497079,"comment_status":"closed","ping_status":"closed","sticky":false,"template":"","format":"standard","meta":{"inline_featured_image":false,"kia_subtitle":"","_mux_skip_reasons":[],"proofreadBy":0,"footnotes":""},"categories":[110,8414,10,8408],"tags":[499,8746,8052],"sport":[2783],"saison":[7475],"class_list":["post-1497078","post","type-post","status-publish","format-standard","has-post-thumbnail","hentry","category-actualite-nba","category-basketball-sports","category-nba","category-sports","tag-brooklyn-nets","tag-nba-summer-league","tag-nolan-traore-2","sport-nba","saison-7475"],"acf":[],"yoast_head":"<!-- This site is optimized with the Yoast SEO plugin v24.2 - https:\/\/yoast.com\/wordpress\/plugins\/seo\/ -->\n<title>Pour Nolan Traor&eacute;, des d&eacute;buts attendus en Summer League<\/title>\n<meta name=\"description\" content=\"Nolan Traor&eacute; fera ses d&eacute;buts sous le maillot des Nets ce soir face au Thunder d&#039;Oklahoma City en Summer League (23h30 heure fran&ccedil;aise).\" \/>\n<meta name=\"robots\" content=\"index, follow, max-snippet:-1, max-image-preview:large, max-video-preview:-1\" \/>\n<link rel=\"canonical\" href=\"https:\/\/theplayoffs.news\/fr\/actualite-nba\/pour-nolan-traore-des-debuts-en-summer-league-attendus\/\" \/>\n<meta property=\"og:locale\" content=\"fr_FR\" \/>\n<meta property=\"og:type\" content=\"article\" \/>\n<meta property=\"og:title\" content=\"Pour Nolan Traor&eacute;, des d&eacute;buts attendus en Summer League\" \/>\n<meta property=\"og:description\" content=\"Nolan Traor&eacute; fera ses d&eacute;buts sous le maillot des Nets ce soir face au Thunder d&#039;Oklahoma City en Summer League (23h30 heure fran&ccedil;aise).\" \/>\n<meta property=\"og:url\" content=\"https:\/\/theplayoffs.news\/fr\/actualite-nba\/pour-nolan-traore-des-debuts-en-summer-league-attendus\/\" \/>\n<meta property=\"og:site_name\" content=\"The Playoffs FR\" \/>\n<meta property=\"article:publisher\" content=\"https:\/\/www.facebook.com\/TheFreeAgentFR\/\" \/>\n<meta property=\"article:modified_time\" content=\"2025-07-10T13:11:55+02:00\" \/>\n<meta property=\"og:image\" content=\"https:\/\/theplayoffs.news\/fr\/wp-content\/uploads\/2025\/07\/USATSI_26533720.jpg\" \/>\n\t<meta property=\"og:image:width\" content=\"1920\" \/>\n\t<meta property=\"og:image:height\" content=\"1280\" \/>\n\t<meta property=\"og:image:type\" content=\"image\/jpeg\" \/>\n<meta name=\"author\" content=\"Romain Balle\" \/>\n<meta name=\"twitter:card\" content=\"summary_large_image\" \/>\n<meta name=\"twitter:creator\" content=\"@TheFreeAgentFR\" \/>\n<meta name=\"twitter:site\" content=\"@TheFreeAgentFR\" \/>\n<meta name=\"twitter:label1\" content=\"\u00c9crit par\" \/>\n\t<meta name=\"twitter:data1\" content=\"Romain Balle\" \/>\n\t<meta name=\"twitter:label2\" content=\"Dur\u00e9e de lecture estim\u00e9e\" \/>\n\t<meta name=\"twitter:data2\" content=\"3 minutes\" \/>\n<script type=\"application\/ld+json\" class=\"yoast-schema-graph\">{\"@context\":\"https:\/\/schema.org\",\"@graph\":[{\"@type\":\"WebPage\",\"@id\":\"https:\/\/theplayoffs.news\/fr\/actualite-nba\/pour-nolan-traore-des-debuts-en-summer-league-attendus\/\",\"url\":\"https:\/\/theplayoffs.news\/fr\/actualite-nba\/pour-nolan-traore-des-debuts-en-summer-league-attendus\/\",\"name\":\"Pour Nolan Traor\u00e9, des d\u00e9buts attendus en Summer League\",\"isPartOf\":{\"@id\":\"https:\/\/theplayoffs.news\/fr\/#website\"},\"primaryImageOfPage\":{\"@id\":\"https:\/\/theplayoffs.news\/fr\/actualite-nba\/pour-nolan-traore-des-debuts-en-summer-league-attendus\/#primaryimage\"},\"image\":{\"@id\":\"https:\/\/theplayoffs.news\/fr\/actualite-nba\/pour-nolan-traore-des-debuts-en-summer-league-attendus\/#primaryimage\"},\"thumbnailUrl\":\"https:\/\/theplayoffs.news\/fr\/wp-content\/uploads\/2025\/07\/USATSI_26533720.jpg\",\"datePublished\":\"2025-07-10T11:11:48+00:00\",\"dateModified\":\"2025-07-10T11:11:55+00:00\",\"author\":{\"@id\":\"https:\/\/theplayoffs.news\/fr\/#\/schema\/person\/6d5286c8c5dec1bbd3e6341f17a41111\"},\"description\":\"Nolan Traor\u00e9 fera ses d\u00e9buts sous le maillot des Nets ce soir face au Thunder d\\\\'Oklahoma City en Summer League (23h30 heure fran\u00e7aise).\",\"breadcrumb\":{\"@id\":\"https:\/\/theplayoffs.news\/fr\/actualite-nba\/pour-nolan-traore-des-debuts-en-summer-league-attendus\/#breadcrumb\"},\"inLanguage\":\"fr-FR\",\"potentialAction\":[{\"@type\":\"ReadAction\",\"target\":[\"https:\/\/theplayoffs.news\/fr\/actualite-nba\/pour-nolan-traore-des-debuts-en-summer-league-attendus\/\"]}]},{\"@type\":\"ImageObject\",\"inLanguage\":\"fr-FR\",\"@id\":\"https:\/\/theplayoffs.news\/fr\/actualite-nba\/pour-nolan-traore-des-debuts-en-summer-league-attendus\/#primaryimage\",\"url\":\"https:\/\/theplayoffs.news\/fr\/wp-content\/uploads\/2025\/07\/USATSI_26533720.jpg\",\"contentUrl\":\"https:\/\/theplayoffs.news\/fr\/wp-content\/uploads\/2025\/07\/USATSI_26533720.jpg\",\"width\":1920,\"height\":1280,\"caption\":\"Jun 25, 2025; Brooklyn, NY, USA; Nolan Traore reacts after being selected as the 19th pick by the Brooklyn Nets in the first round of the 2025 NBA Draft at Barclays Center. Mandatory Credit: Brad Penner-Imagn Images\"},{\"@type\":\"BreadcrumbList\",\"@id\":\"https:\/\/theplayoffs.news\/fr\/actualite-nba\/pour-nolan-traore-des-debuts-en-summer-league-attendus\/#breadcrumb\",\"itemListElement\":[{\"@type\":\"ListItem\",\"position\":1,\"name\":\"Accueil\",\"item\":\"https:\/\/theplayoffs.news\/fr\/\"},{\"@type\":\"ListItem\",\"position\":2,\"name\":\"Pour Nolan Traor\u00e9, des d\u00e9buts en Summer League attendus\"}]},{\"@type\":\"WebSite\",\"@id\":\"https:\/\/theplayoffs.news\/fr\/#website\",\"url\":\"https:\/\/theplayoffs.news\/fr\/\",\"name\":\"The Playoffs FR\",\"description\":\"NBA-NFL-NHL-MLB\",\"potentialAction\":[{\"@type\":\"SearchAction\",\"target\":{\"@type\":\"EntryPoint\",\"urlTemplate\":\"https:\/\/theplayoffs.news\/fr\/?s={search_term_string}\"},\"query-input\":{\"@type\":\"PropertyValueSpecification\",\"valueRequired\":true,\"valueName\":\"search_term_string\"}}],\"inLanguage\":\"fr-FR\"},{\"@type\":\"Person\",\"@id\":\"https:\/\/theplayoffs.news\/fr\/#\/schema\/person\/6d5286c8c5dec1bbd3e6341f17a41111\",\"name\":\"Romain Balle\",\"image\":{\"@type\":\"ImageObject\",\"inLanguage\":\"fr-FR\",\"@id\":\"https:\/\/theplayoffs.news\/fr\/#\/schema\/person\/image\/\",\"url\":\"https:\/\/secure.gravatar.com\/avatar\/05ddb849264c48c5ab2084b8927e8da5ec4ccb05c2bd91acb1c3d4c2785ce057?s=96&d=mm&r=g\",\"contentUrl\":\"https:\/\/secure.gravatar.com\/avatar\/05ddb849264c48c5ab2084b8927e8da5ec4ccb05c2bd91acb1c3d4c2785ce057?s=96&d=mm&r=g\",\"caption\":\"Romain Balle\"},\"url\":\"https:\/\/theplayoffs.news\/fr\/author\/romainballe02gmail-com\/\"}]}<\/script>\n<!-- \/ Yoast SEO plugin. -->","yoast_head_json":{"title":"Pour Nolan Traor&eacute;, des d&eacute;buts attendus en Summer League","description":"Nolan Traor&eacute; fera ses d&eacute;buts sous le maillot des Nets ce soir face au Thunder d&#039;Oklahoma City en Summer League (23h30 heure fran&ccedil;aise).","robots":{"index":"index","follow":"follow","max-snippet":"max-snippet:-1","max-image-preview":"max-image-preview:large","max-video-preview":"max-video-preview:-1"},"canonical":"https:\/\/theplayoffs.news\/fr\/actualite-nba\/pour-nolan-traore-des-debuts-en-summer-league-attendus\/","og_locale":"fr_FR","og_type":"article","og_title":"Pour Nolan Traor&eacute;, des d&eacute;buts attendus en Summer League","og_description":"Nolan Traor&eacute; fera ses d&eacute;buts sous le maillot des Nets ce soir face au Thunder d&#039;Oklahoma City en Summer League (23h30 heure fran&ccedil;aise).","og_url":"https:\/\/theplayoffs.news\/fr\/actualite-nba\/pour-nolan-traore-des-debuts-en-summer-league-attendus\/","og_site_name":"The Playoffs FR","article_publisher":"https:\/\/www.facebook.com\/TheFreeAgentFR\/","article_modified_time":"2025-07-10T11:11:55+00:00","og_image":[{"width":1920,"height":1280,"url":"https:\/\/theplayoffs.news\/fr\/wp-content\/uploads\/2025\/07\/USATSI_26533720.jpg","type":"image\/jpeg"}],"author":"Romain Balle","twitter_card":"summary_large_image","twitter_creator":"@TheFreeAgentFR","twitter_site":"@TheFreeAgentFR","twitter_misc":{"\u00c9crit par":"Romain Balle","Dur\u00e9e de lecture estim\u00e9e":"3 minutes"},"schema":{"@context":"https:\/\/schema.org","@graph":[{"@type":"WebPage","@id":"https:\/\/theplayoffs.news\/fr\/actualite-nba\/pour-nolan-traore-des-debuts-en-summer-league-attendus\/","url":"https:\/\/theplayoffs.news\/fr\/actualite-nba\/pour-nolan-traore-des-debuts-en-summer-league-attendus\/","name":"Pour Nolan Traor\u00e9, des d\u00e9buts attendus en Summer League","isPartOf":{"@id":"https:\/\/theplayoffs.news\/fr\/#website"},"primaryImageOfPage":{"@id":"https:\/\/theplayoffs.news\/fr\/actualite-nba\/pour-nolan-traore-des-debuts-en-summer-league-attendus\/#primaryimage"},"image":{"@id":"https:\/\/theplayoffs.news\/fr\/actualite-nba\/pour-nolan-traore-des-debuts-en-summer-league-attendus\/#primaryimage"},"thumbnailUrl":"https:\/\/theplayoffs.news\/fr\/wp-content\/uploads\/2025\/07\/USATSI_26533720.jpg","datePublished":"2025-07-10T11:11:48+00:00","dateModified":"2025-07-10T11:11:55+00:00","author":{"@id":"https:\/\/theplayoffs.news\/fr\/#\/schema\/person\/6d5286c8c5dec1bbd3e6341f17a41111"},"description":"Nolan Traor\u00e9 fera ses d\u00e9buts sous le maillot des Nets ce soir face au Thunder d\\'Oklahoma City en Summer League (23h30 heure fran\u00e7aise).","breadcrumb":{"@id":"https:\/\/theplayoffs.news\/fr\/actualite-nba\/pour-nolan-traore-des-debuts-en-summer-league-attendus\/#breadcrumb"},"inLanguage":"fr-FR","potentialAction":[{"@type":"ReadAction","target":["https:\/\/theplayoffs.news\/fr\/actualite-nba\/pour-nolan-traore-des-debuts-en-summer-league-attendus\/"]}]},{"@type":"ImageObject","inLanguage":"fr-FR","@id":"https:\/\/theplayoffs.news\/fr\/actualite-nba\/pour-nolan-traore-des-debuts-en-summer-league-attendus\/#primaryimage","url":"https:\/\/theplayoffs.news\/fr\/wp-content\/uploads\/2025\/07\/USATSI_26533720.jpg","contentUrl":"https:\/\/theplayoffs.news\/fr\/wp-content\/uploads\/2025\/07\/USATSI_26533720.jpg","width":1920,"height":1280,"caption":"Jun 25, 2025; Brooklyn, NY, USA; Nolan Traore reacts after being selected as the 19th pick by the Brooklyn Nets in the first round of the 2025 NBA Draft at Barclays Center. Mandatory Credit: Brad Penner-Imagn Images"},{"@type":"BreadcrumbList","@id":"https:\/\/theplayoffs.news\/fr\/actualite-nba\/pour-nolan-traore-des-debuts-en-summer-league-attendus\/#breadcrumb","itemListElement":[{"@type":"ListItem","position":1,"name":"Accueil","item":"https:\/\/theplayoffs.news\/fr\/"},{"@type":"ListItem","position":2,"name":"Pour Nolan Traor\u00e9, des d\u00e9buts en Summer League attendus"}]},{"@type":"WebSite","@id":"https:\/\/theplayoffs.news\/fr\/#website","url":"https:\/\/theplayoffs.news\/fr\/","name":"The Playoffs FR","description":"NBA-NFL-NHL-MLB","potentialAction":[{"@type":"SearchAction","target":{"@type":"EntryPoint","urlTemplate":"https:\/\/theplayoffs.news\/fr\/?s={search_term_string}"},"query-input":{"@type":"PropertyValueSpecification","valueRequired":true,"valueName":"search_term_string"}}],"inLanguage":"fr-FR"},{"@type":"Person","@id":"https:\/\/theplayoffs.news\/fr\/#\/schema\/person\/6d5286c8c5dec1bbd3e6341f17a41111","name":"Romain Balle","image":{"@type":"ImageObject","inLanguage":"fr-FR","@id":"https:\/\/theplayoffs.news\/fr\/#\/schema\/person\/image\/","url":"https:\/\/secure.gravatar.com\/avatar\/05ddb849264c48c5ab2084b8927e8da5ec4ccb05c2bd91acb1c3d4c2785ce057?s=96&d=mm&r=g","contentUrl":"https:\/\/secure.gravatar.com\/avatar\/05ddb849264c48c5ab2084b8927e8da5ec4ccb05c2bd91acb1c3d4c2785ce057?s=96&d=mm&r=g","caption":"Romain Balle"},"url":"https:\/\/theplayoffs.news\/fr\/author\/romainballe02gmail-com\/"}]}},"_links":{"self":[{"href":"https:\/\/theplayoffs.news\/fr\/wp-json\/wp\/v2\/posts\/1497078","targetHints":{"allow":["GET"]}}],"collection":[{"href":"https:\/\/theplayoffs.news\/fr\/wp-json\/wp\/v2\/posts"}],"about":[{"href":"https:\/\/theplayoffs.news\/fr\/wp-json\/wp\/v2\/types\/post"}],"author":[{"embeddable":true,"href":"https:\/\/theplayoffs.news\/fr\/wp-json\/wp\/v2\/users\/180310210"}],"replies":[{"embeddable":true,"href":"https:\/\/theplayoffs.news\/fr\/wp-json\/wp\/v2\/comments?post=1497078"}],"version-history":[{"count":1,"href":"https:\/\/theplayoffs.news\/fr\/wp-json\/wp\/v2\/posts\/1497078\/revisions"}],"predecessor-version":[{"id":1497080,"href":"https:\/\/theplayoffs.news\/fr\/wp-json\/wp\/v2\/posts\/1497078\/revisions\/1497080"}],"wp:featuredmedia":[{"embeddable":true,"href":"https:\/\/theplayoffs.news\/fr\/wp-json\/wp\/v2\/media\/1497079"}],"wp:attachment":[{"href":"https:\/\/theplayoffs.news\/fr\/wp-json\/wp\/v2\/media?parent=1497078"}],"wp:term":[{"taxonomy":"category","embeddable":true,"href":"https:\/\/theplayoffs.news\/fr\/wp-json\/wp\/v2\/categories?post=1497078"},{"taxonomy":"post_tag","embeddable":true,"href":"https:\/\/theplayoffs.news\/fr\/wp-json\/wp\/v2\/tags?post=1497078"},{"taxonomy":"sport","embeddable":true,"href":"https:\/\/theplayoffs.news\/fr\/wp-json\/wp\/v2\/sport?post=1497078"},{"taxonomy":"saison","embeddable":true,"href":"https:\/\/theplayoffs.news\/fr\/wp-json\/wp\/v2\/saison?post=1497078"}],"curies":[{"name":"wp","href":"https:\/\/api.w.org\/{rel}","templated":true}]}}