{"id":1497041,"date":"2025-07-10T08:41:44","date_gmt":"2025-07-10T06:41:44","guid":{"rendered":"https:\/\/theplayoffs.news\/fr\/uncategorized\/\/"},"modified":"2026-01-22T18:46:47","modified_gmt":"2026-01-22T17:46:47","slug":"dj-lemahieu-yankees-clap-de-fin-sept-saisons","status":"publish","type":"post","link":"https:\/\/theplayoffs.news\/fr\/actualite-mlb\/dj-lemahieu-yankees-clap-de-fin-sept-saisons\/","title":{"rendered":"DJ LeMahieu et les Yankees, clap de fin apr\u00e8s sept saisons"},"content":{"rendered":"<p>Les New York Yankees ont pris la d&eacute;cision difficile de d&eacute;signer DJ&nbsp;LeMahieu pour assignation (DFA), marquant une &eacute;ventuelle fin &agrave; son passage dans le Bronx. <\/p><p>&Agrave; bient&ocirc;t 37 ans (il soufflera ses bougies le 13 juillet), LeMahieu termine sept saisons m&eacute;morables avec les Yankees, boucl&eacute;es par deux Silver Sluggers, un Gold Glove et deux tops&#8209;5 au vote pour le titre de MVP.<\/p><p>La derni&egrave;re saison a &eacute;t&eacute; marqu&eacute;e par des blessures persistantes, notamment des probl&egrave;mes de mollet, d&rsquo;orteil, de hanche et de pied, qui l&rsquo;ont limit&eacute; &agrave; seulement 45 matchs en 2025, pour une moyenne au b&acirc;ton de .266, 2 home runs et 12 points produits. Bien que toujours capable de contribuer, sa mobilit&eacute; d&eacute;fensive, d&eacute;j&agrave; d&eacute;clinante, s&rsquo;est amoindrie, en particulier &agrave; la deuxi&egrave;me base, o&ugrave; Jazz Chisholm Jr. a d&eacute;sormais la priorit&eacute; en tant que titulaire.<\/p><p>Sur le plan financier, l&rsquo;op&eacute;ration impose un co&ucirc;t non n&eacute;gligeable aux Yankees, qui devront absorber les 22&#8239;M$ restants sur le contrat de LeMahieu. C&ocirc;t&eacute; sportif, Jorbit Vivas a &eacute;t&eacute; rappel&eacute; et contribuera &agrave; l&rsquo;&eacute;change de r&ocirc;les entre la deuxi&egrave;me et troisi&egrave;me base avec Oswald Peraza, en attendant l&rsquo;arriv&eacute;e potentielle d&rsquo;un nouvel arrivant avant la date limite du 31 juillet.<\/p><p>Aaron Boone et Brian Cashman ont tous deux reconnu que cette d&eacute;cision, aussi p&eacute;nible f&ucirc;t-elle, s&rsquo;imposait pour pr&eacute;server l&rsquo;agilit&eacute; de l&rsquo;effectif. <a href=\"https:\/\/www.mlb.com\/yankees\/news\/d-j-lemahieu-designated-for-assignment-by-yankees\" target=\"_blank\" rel=\"noreferrer noopener nofollow\" class=\"trk-cta-link\" data-cta-trk='{\"ctaType\":\"Link\",\"ctaSubType\":\"main\"}'>Boone a &eacute;voqu&eacute; des &laquo; conversations difficiles &raquo;<\/a>, tandis que Cashman a salu&eacute; l&rsquo;infatigable passion de LeMahieu pour le jeu et son impact sur la franchise.<\/p><p>LeMahieu, avec 1&#8239;772 coups s&ucirc;rs en carri&egrave;re (98,2&#8239;e percentile dans l&rsquo;histoire), reste un joueur d&rsquo;exception. Cette d&eacute;signation ne signifie pas n&eacute;cessairement la fin de son aventure <a href=\"https:\/\/theplayoffs.news\/fr\/category\/sports\/baseball-sports\/mlb\/\" class=\"trk-cta-link\" data-cta-trk='{\"ctaType\":\"Link\",\"ctaSubType\":\"main\"}'>MLB<\/a> : il peut &ecirc;tre r&eacute;clam&eacute; via waiver ou devenir agent libre et rejoindre une nouvelle &eacute;quipe dans les jours &agrave; venir.<\/p><p><\/p><p><\/p>\n","protected":false},"excerpt":{"rendered":"","protected":false},"author":13,"featured_media":1510766,"comment_status":"closed","ping_status":"closed","sticky":false,"template":"","format":"standard","meta":{"inline_featured_image":false,"kia_subtitle":"","_mux_skip_reasons":[],"proofreadBy":0,"footnotes":""},"categories":[188,8413,9,8408],"tags":[1270,30],"sport":[],"saison":[],"class_list":["post-1497041","post","type-post","status-publish","format-standard","has-post-thumbnail","hentry","category-actualite-mlb","category-baseball-sports","category-mlb","category-sports","tag-dj-lemahieu","tag-yankees"],"acf":[],"yoast_head":"<!-- This site is optimized with the Yoast SEO plugin v24.2 - https:\/\/yoast.com\/wordpress\/plugins\/seo\/ -->\n<title>DJ LeMahieu et les Yankees, clap de fin apr&egrave;s sept saisons - The Playoffs FR<\/title>\n<meta name=\"description\" content=\"DJ LeMahieu quitte les Yankees apr&egrave;s 7 saisons. Retour sur la d&eacute;cision choc de New York et l&rsquo;avenir incertain du v&eacute;t&eacute;ran en MLB.\" \/>\n<meta name=\"robots\" content=\"index, follow, max-snippet:-1, max-image-preview:large, max-video-preview:-1\" \/>\n<link rel=\"canonical\" href=\"https:\/\/theplayoffs.news\/fr\/actualite-mlb\/dj-lemahieu-yankees-clap-de-fin-sept-saisons\/\" \/>\n<meta property=\"og:locale\" content=\"fr_FR\" \/>\n<meta property=\"og:type\" content=\"article\" \/>\n<meta property=\"og:title\" content=\"DJ LeMahieu et les Yankees, clap de fin apr&egrave;s sept saisons - The Playoffs FR\" \/>\n<meta property=\"og:description\" content=\"DJ LeMahieu quitte les Yankees apr&egrave;s 7 saisons. Retour sur la d&eacute;cision choc de New York et l&rsquo;avenir incertain du v&eacute;t&eacute;ran en MLB.\" \/>\n<meta property=\"og:url\" content=\"https:\/\/theplayoffs.news\/fr\/actualite-mlb\/dj-lemahieu-yankees-clap-de-fin-sept-saisons\/\" \/>\n<meta property=\"og:site_name\" content=\"The Playoffs FR\" \/>\n<meta property=\"article:publisher\" content=\"https:\/\/www.facebook.com\/TheFreeAgentFR\/\" \/>\n<meta property=\"article:modified_time\" content=\"2026-01-22T18:46:47+01:00\" \/>\n<meta property=\"og:image\" content=\"https:\/\/theplayoffs.news\/fr\/wp-content\/uploads\/2025\/07\/gettyimages-2221899734.webp\" \/>\n\t<meta property=\"og:image:width\" content=\"1920\" \/>\n\t<meta property=\"og:image:height\" content=\"1280\" \/>\n\t<meta property=\"og:image:type\" content=\"image\/webp\" \/>\n<meta name=\"author\" content=\"Charles Taudin\" \/>\n<meta name=\"twitter:card\" content=\"summary_large_image\" \/>\n<meta name=\"twitter:creator\" content=\"@TheFreeAgentFR\" \/>\n<meta name=\"twitter:site\" content=\"@TheFreeAgentFR\" \/>\n<meta name=\"twitter:label1\" content=\"\u00c9crit par\" \/>\n\t<meta name=\"twitter:data1\" content=\"Charles Taudin\" \/>\n\t<meta name=\"twitter:label2\" content=\"Dur\u00e9e de lecture estim\u00e9e\" \/>\n\t<meta name=\"twitter:data2\" content=\"2 minutes\" \/>\n<script type=\"application\/ld+json\" class=\"yoast-schema-graph\">{\"@context\":\"https:\/\/schema.org\",\"@graph\":[{\"@type\":\"WebPage\",\"@id\":\"https:\/\/theplayoffs.news\/fr\/actualite-mlb\/dj-lemahieu-yankees-clap-de-fin-sept-saisons\/\",\"url\":\"https:\/\/theplayoffs.news\/fr\/actualite-mlb\/dj-lemahieu-yankees-clap-de-fin-sept-saisons\/\",\"name\":\"DJ LeMahieu et les Yankees, clap de fin apr\u00e8s sept saisons - The Playoffs FR\",\"isPartOf\":{\"@id\":\"https:\/\/theplayoffs.news\/fr\/#website\"},\"primaryImageOfPage\":{\"@id\":\"https:\/\/theplayoffs.news\/fr\/actualite-mlb\/dj-lemahieu-yankees-clap-de-fin-sept-saisons\/#primaryimage\"},\"image\":{\"@id\":\"https:\/\/theplayoffs.news\/fr\/actualite-mlb\/dj-lemahieu-yankees-clap-de-fin-sept-saisons\/#primaryimage\"},\"thumbnailUrl\":\"https:\/\/theplayoffs.news\/fr\/wp-content\/uploads\/2025\/07\/gettyimages-2221899734.webp\",\"datePublished\":\"2025-07-10T06:41:44+00:00\",\"dateModified\":\"2026-01-22T17:46:47+00:00\",\"author\":{\"@id\":\"https:\/\/theplayoffs.news\/fr\/#\/schema\/person\/eee5b69ad5d3c51cabe881c839dbe133\"},\"description\":\"DJ LeMahieu quitte les Yankees apr\u00e8s 7 saisons. Retour sur la d\u00e9cision choc de New York et l\u2019avenir incertain du v\u00e9t\u00e9ran en MLB.\",\"breadcrumb\":{\"@id\":\"https:\/\/theplayoffs.news\/fr\/actualite-mlb\/dj-lemahieu-yankees-clap-de-fin-sept-saisons\/#breadcrumb\"},\"inLanguage\":\"fr-FR\",\"potentialAction\":[{\"@type\":\"ReadAction\",\"target\":[\"https:\/\/theplayoffs.news\/fr\/actualite-mlb\/dj-lemahieu-yankees-clap-de-fin-sept-saisons\/\"]}]},{\"@type\":\"ImageObject\",\"inLanguage\":\"fr-FR\",\"@id\":\"https:\/\/theplayoffs.news\/fr\/actualite-mlb\/dj-lemahieu-yankees-clap-de-fin-sept-saisons\/#primaryimage\",\"url\":\"https:\/\/theplayoffs.news\/fr\/wp-content\/uploads\/2025\/07\/gettyimages-2221899734.webp\",\"contentUrl\":\"https:\/\/theplayoffs.news\/fr\/wp-content\/uploads\/2025\/07\/gettyimages-2221899734.webp\",\"width\":1920,\"height\":1280,\"caption\":\"DJ LeMahieu\"},{\"@type\":\"BreadcrumbList\",\"@id\":\"https:\/\/theplayoffs.news\/fr\/actualite-mlb\/dj-lemahieu-yankees-clap-de-fin-sept-saisons\/#breadcrumb\",\"itemListElement\":[{\"@type\":\"ListItem\",\"position\":1,\"name\":\"Accueil\",\"item\":\"https:\/\/theplayoffs.news\/fr\/\"},{\"@type\":\"ListItem\",\"position\":2,\"name\":\"DJ LeMahieu et les Yankees, clap de fin apr\u00e8s sept saisons\"}]},{\"@type\":\"WebSite\",\"@id\":\"https:\/\/theplayoffs.news\/fr\/#website\",\"url\":\"https:\/\/theplayoffs.news\/fr\/\",\"name\":\"The Playoffs FR\",\"description\":\"NBA-NFL-NHL-MLB\",\"potentialAction\":[{\"@type\":\"SearchAction\",\"target\":{\"@type\":\"EntryPoint\",\"urlTemplate\":\"https:\/\/theplayoffs.news\/fr\/?s={search_term_string}\"},\"query-input\":{\"@type\":\"PropertyValueSpecification\",\"valueRequired\":true,\"valueName\":\"search_term_string\"}}],\"inLanguage\":\"fr-FR\"},{\"@type\":\"Person\",\"@id\":\"https:\/\/theplayoffs.news\/fr\/#\/schema\/person\/eee5b69ad5d3c51cabe881c839dbe133\",\"name\":\"Charles Taudin\",\"image\":{\"@type\":\"ImageObject\",\"inLanguage\":\"fr-FR\",\"@id\":\"https:\/\/theplayoffs.news\/fr\/#\/schema\/person\/image\/\",\"url\":\"https:\/\/secure.gravatar.com\/avatar\/59a1e772205ce9fd255edfcafc93013736822e20261f294c5753b20c41ede9f2?s=96&d=mm&r=g\",\"contentUrl\":\"https:\/\/secure.gravatar.com\/avatar\/59a1e772205ce9fd255edfcafc93013736822e20261f294c5753b20c41ede9f2?s=96&d=mm&r=g\",\"caption\":\"Charles Taudin\"},\"description\":\"R\u00e9dacteur en chef global de The Playoffs, j\u2019ai cr\u00e9\u00e9 The Free Agent, devenu The Playoffs FR, en 2020 durant la pand\u00e9mie. Amoureux depuis des ann\u00e9es des 4 sports majeurs am\u00e9ricains, j\u2019organise maintenant la strat\u00e9gie \u00e9ditoriale et les r\u00e9seaux sociaux de l\u2019ensemble des versions de The Playoffs. Il m\u2019arrive encore d\u2019\u00e9crire sur certains sports que j\u2019affectionne particuli\u00e8rement comme la NFL ou la MLB. Si vous devez retenir qu\u2019une chose : Eli Manning est le vrai GOAT pour avoir battu deux fois Tom Brady.\",\"sameAs\":[\"https:\/\/www.instagram.com\/ctaudin_\/\"],\"url\":\"https:\/\/theplayoffs.news\/fr\/author\/charles-taudin\/\"}]}<\/script>\n<!-- \/ Yoast SEO plugin. -->","yoast_head_json":{"title":"DJ LeMahieu et les Yankees, clap de fin apr&egrave;s sept saisons - The Playoffs FR","description":"DJ LeMahieu quitte les Yankees apr&egrave;s 7 saisons. Retour sur la d&eacute;cision choc de New York et l&rsquo;avenir incertain du v&eacute;t&eacute;ran en MLB.","robots":{"index":"index","follow":"follow","max-snippet":"max-snippet:-1","max-image-preview":"max-image-preview:large","max-video-preview":"max-video-preview:-1"},"canonical":"https:\/\/theplayoffs.news\/fr\/actualite-mlb\/dj-lemahieu-yankees-clap-de-fin-sept-saisons\/","og_locale":"fr_FR","og_type":"article","og_title":"DJ LeMahieu et les Yankees, clap de fin apr&egrave;s sept saisons - The Playoffs FR","og_description":"DJ LeMahieu quitte les Yankees apr&egrave;s 7 saisons. Retour sur la d&eacute;cision choc de New York et l&rsquo;avenir incertain du v&eacute;t&eacute;ran en MLB.","og_url":"https:\/\/theplayoffs.news\/fr\/actualite-mlb\/dj-lemahieu-yankees-clap-de-fin-sept-saisons\/","og_site_name":"The Playoffs FR","article_publisher":"https:\/\/www.facebook.com\/TheFreeAgentFR\/","article_modified_time":"2026-01-22T17:46:47+00:00","og_image":[{"width":1920,"height":1280,"url":"https:\/\/theplayoffs.news\/fr\/wp-content\/uploads\/2025\/07\/gettyimages-2221899734.webp","type":"image\/webp"}],"author":"Charles Taudin","twitter_card":"summary_large_image","twitter_creator":"@TheFreeAgentFR","twitter_site":"@TheFreeAgentFR","twitter_misc":{"\u00c9crit par":"Charles Taudin","Dur\u00e9e de lecture estim\u00e9e":"2 minutes"},"schema":{"@context":"https:\/\/schema.org","@graph":[{"@type":"WebPage","@id":"https:\/\/theplayoffs.news\/fr\/actualite-mlb\/dj-lemahieu-yankees-clap-de-fin-sept-saisons\/","url":"https:\/\/theplayoffs.news\/fr\/actualite-mlb\/dj-lemahieu-yankees-clap-de-fin-sept-saisons\/","name":"DJ LeMahieu et les Yankees, clap de fin apr\u00e8s sept saisons - The Playoffs FR","isPartOf":{"@id":"https:\/\/theplayoffs.news\/fr\/#website"},"primaryImageOfPage":{"@id":"https:\/\/theplayoffs.news\/fr\/actualite-mlb\/dj-lemahieu-yankees-clap-de-fin-sept-saisons\/#primaryimage"},"image":{"@id":"https:\/\/theplayoffs.news\/fr\/actualite-mlb\/dj-lemahieu-yankees-clap-de-fin-sept-saisons\/#primaryimage"},"thumbnailUrl":"https:\/\/theplayoffs.news\/fr\/wp-content\/uploads\/2025\/07\/gettyimages-2221899734.webp","datePublished":"2025-07-10T06:41:44+00:00","dateModified":"2026-01-22T17:46:47+00:00","author":{"@id":"https:\/\/theplayoffs.news\/fr\/#\/schema\/person\/eee5b69ad5d3c51cabe881c839dbe133"},"description":"DJ LeMahieu quitte les Yankees apr\u00e8s 7 saisons. Retour sur la d\u00e9cision choc de New York et l\u2019avenir incertain du v\u00e9t\u00e9ran en MLB.","breadcrumb":{"@id":"https:\/\/theplayoffs.news\/fr\/actualite-mlb\/dj-lemahieu-yankees-clap-de-fin-sept-saisons\/#breadcrumb"},"inLanguage":"fr-FR","potentialAction":[{"@type":"ReadAction","target":["https:\/\/theplayoffs.news\/fr\/actualite-mlb\/dj-lemahieu-yankees-clap-de-fin-sept-saisons\/"]}]},{"@type":"ImageObject","inLanguage":"fr-FR","@id":"https:\/\/theplayoffs.news\/fr\/actualite-mlb\/dj-lemahieu-yankees-clap-de-fin-sept-saisons\/#primaryimage","url":"https:\/\/theplayoffs.news\/fr\/wp-content\/uploads\/2025\/07\/gettyimages-2221899734.webp","contentUrl":"https:\/\/theplayoffs.news\/fr\/wp-content\/uploads\/2025\/07\/gettyimages-2221899734.webp","width":1920,"height":1280,"caption":"DJ LeMahieu"},{"@type":"BreadcrumbList","@id":"https:\/\/theplayoffs.news\/fr\/actualite-mlb\/dj-lemahieu-yankees-clap-de-fin-sept-saisons\/#breadcrumb","itemListElement":[{"@type":"ListItem","position":1,"name":"Accueil","item":"https:\/\/theplayoffs.news\/fr\/"},{"@type":"ListItem","position":2,"name":"DJ LeMahieu et les Yankees, clap de fin apr\u00e8s sept saisons"}]},{"@type":"WebSite","@id":"https:\/\/theplayoffs.news\/fr\/#website","url":"https:\/\/theplayoffs.news\/fr\/","name":"The Playoffs FR","description":"NBA-NFL-NHL-MLB","potentialAction":[{"@type":"SearchAction","target":{"@type":"EntryPoint","urlTemplate":"https:\/\/theplayoffs.news\/fr\/?s={search_term_string}"},"query-input":{"@type":"PropertyValueSpecification","valueRequired":true,"valueName":"search_term_string"}}],"inLanguage":"fr-FR"},{"@type":"Person","@id":"https:\/\/theplayoffs.news\/fr\/#\/schema\/person\/eee5b69ad5d3c51cabe881c839dbe133","name":"Charles Taudin","image":{"@type":"ImageObject","inLanguage":"fr-FR","@id":"https:\/\/theplayoffs.news\/fr\/#\/schema\/person\/image\/","url":"https:\/\/secure.gravatar.com\/avatar\/59a1e772205ce9fd255edfcafc93013736822e20261f294c5753b20c41ede9f2?s=96&d=mm&r=g","contentUrl":"https:\/\/secure.gravatar.com\/avatar\/59a1e772205ce9fd255edfcafc93013736822e20261f294c5753b20c41ede9f2?s=96&d=mm&r=g","caption":"Charles Taudin"},"description":"R\u00e9dacteur en chef global de The Playoffs, j\u2019ai cr\u00e9\u00e9 The Free Agent, devenu The Playoffs FR, en 2020 durant la pand\u00e9mie. Amoureux depuis des ann\u00e9es des 4 sports majeurs am\u00e9ricains, j\u2019organise maintenant la strat\u00e9gie \u00e9ditoriale et les r\u00e9seaux sociaux de l\u2019ensemble des versions de The Playoffs. Il m\u2019arrive encore d\u2019\u00e9crire sur certains sports que j\u2019affectionne particuli\u00e8rement comme la NFL ou la MLB. Si vous devez retenir qu\u2019une chose : Eli Manning est le vrai GOAT pour avoir battu deux fois Tom Brady.","sameAs":["https:\/\/www.instagram.com\/ctaudin_\/"],"url":"https:\/\/theplayoffs.news\/fr\/author\/charles-taudin\/"}]}},"_links":{"self":[{"href":"https:\/\/theplayoffs.news\/fr\/wp-json\/wp\/v2\/posts\/1497041","targetHints":{"allow":["GET"]}}],"collection":[{"href":"https:\/\/theplayoffs.news\/fr\/wp-json\/wp\/v2\/posts"}],"about":[{"href":"https:\/\/theplayoffs.news\/fr\/wp-json\/wp\/v2\/types\/post"}],"author":[{"embeddable":true,"href":"https:\/\/theplayoffs.news\/fr\/wp-json\/wp\/v2\/users\/13"}],"replies":[{"embeddable":true,"href":"https:\/\/theplayoffs.news\/fr\/wp-json\/wp\/v2\/comments?post=1497041"}],"version-history":[{"count":3,"href":"https:\/\/theplayoffs.news\/fr\/wp-json\/wp\/v2\/posts\/1497041\/revisions"}],"predecessor-version":[{"id":1510767,"href":"https:\/\/theplayoffs.news\/fr\/wp-json\/wp\/v2\/posts\/1497041\/revisions\/1510767"}],"wp:featuredmedia":[{"embeddable":true,"href":"https:\/\/theplayoffs.news\/fr\/wp-json\/wp\/v2\/media\/1510766"}],"wp:attachment":[{"href":"https:\/\/theplayoffs.news\/fr\/wp-json\/wp\/v2\/media?parent=1497041"}],"wp:term":[{"taxonomy":"category","embeddable":true,"href":"https:\/\/theplayoffs.news\/fr\/wp-json\/wp\/v2\/categories?post=1497041"},{"taxonomy":"post_tag","embeddable":true,"href":"https:\/\/theplayoffs.news\/fr\/wp-json\/wp\/v2\/tags?post=1497041"},{"taxonomy":"sport","embeddable":true,"href":"https:\/\/theplayoffs.news\/fr\/wp-json\/wp\/v2\/sport?post=1497041"},{"taxonomy":"saison","embeddable":true,"href":"https:\/\/theplayoffs.news\/fr\/wp-json\/wp\/v2\/saison?post=1497041"}],"curies":[{"name":"wp","href":"https:\/\/api.w.org\/{rel}","templated":true}]}}