{"id":1496673,"date":"2025-07-04T12:01:59","date_gmt":"2025-07-04T10:01:59","guid":{"rendered":"https:\/\/theplayoffs.news\/fr\/uncategorized\/\/"},"modified":"2025-07-04T12:02:07","modified_gmt":"2025-07-04T10:02:07","slug":"cam-ward-recevoir-poste-titulaire-sur-plateau","status":"publish","type":"post","link":"https:\/\/theplayoffs.news\/fr\/actualite-nfl\/cam-ward-recevoir-poste-titulaire-sur-plateau\/","title":{"rendered":"Cam Ward ne s\u2019attend pas \u00e0 recevoir le poste de titulaire \u201csur un plateau\u201d, affirme un OT des Titans"},"content":{"rendered":"<p>Premier choix du Draft NFL 2025, Cam Ward repr&eacute;sente l&rsquo;un des grands espoirs des Tennessee Titans pour l&rsquo;avenir, et aussi pour le pr&eacute;sent. Cependant, le jeune quarterback devra batailler dur pour d&eacute;crocher le poste de titulaire face &agrave; Will Levis. <\/p><p>Et ces propos viennent de son propre co&eacute;quipier JC Latham, offensive tackle des Titans.<\/p><blockquote class=\"wp-block-quote is-layout-flow wp-block-quote-is-layout-flow\">\n<p>&laquo; Will ne va pas simplement s&rsquo;asseoir sur le banc en se disant &lsquo;Ah, on l&rsquo;a draft&eacute;, vas-y, prends le poste de titulaire&rsquo;. Et Cam sait qu&rsquo;il ne va pas obtenir &ccedil;a sur un plateau. Je pense que c&rsquo;est quelque chose que tous les entra&icirc;neurs et joueurs ont remarqu&eacute; durant le spring training. Les deux rel&egrave;vent le d&eacute;fi de m&eacute;riter v&eacute;ritablement ce poste et de se battre pour l&rsquo;obtenir. Et &ccedil;a les rend meilleurs &raquo;, a expliqu&eacute; Cam Ward dans une interview &agrave; la radio SiriusXM.<\/p>\n<\/blockquote><p>&Acirc;g&eacute; de 23 ans, Cam Ward est arriv&eacute; &agrave; Tennessee apr&egrave;s une excellente derni&egrave;re ann&eacute;e universitaire &agrave; Miami. Auparavant, il avait aussi port&eacute; les couleurs d&rsquo;Incarnate Word et de Washington State. <\/p><p>En 2024, il a men&eacute; la <a href=\"https:\/\/theplayoffs.news\/fr\/category\/ncaa\/\" class=\"trk-cta-link\" data-cta-trk='{\"ctaType\":\"Link\",\"ctaSubType\":\"main\"}'>conf&eacute;rence ACC<\/a> avec 39 passes de touchdown et une moyenne impressionnante de yards par passe. Dans une cuv&eacute;e pauvre en quarterbacks, il fut le seul s&eacute;lectionn&eacute; dans le top 10, une premi&egrave;re depuis 2022.<\/p><p>De son c&ocirc;t&eacute;, Levis s&rsquo;appr&ecirc;te &agrave; entamer sa troisi&egrave;me saison en tant que QB des Titans. <\/p><figure class=\"wp-block-image size-large is-resized\"><img loading=\"lazy\" decoding=\"async\" width=\"1200\" height=\"1623\" src=\"https:\/\/theplayoffs.news\/fr\/wp-content\/uploads\/2025\/07\/USATSI_26432162-1200x1623.jpg\" alt=\"Will Levis quarterback tennesee titans\" class=\"wp-image-1496676\" style=\"width:558px;height:auto\" srcset=\"https:\/\/theplayoffs.news\/fr\/wp-content\/uploads\/2025\/07\/USATSI_26432162-1200x1623.jpg 1200w, https:\/\/theplayoffs.news\/fr\/wp-content\/uploads\/2025\/07\/USATSI_26432162-600x811.jpg 600w, https:\/\/theplayoffs.news\/fr\/wp-content\/uploads\/2025\/07\/USATSI_26432162-768x1038.jpg 768w, https:\/\/theplayoffs.news\/fr\/wp-content\/uploads\/2025\/07\/USATSI_26432162-1136x1536.jpg 1136w, https:\/\/theplayoffs.news\/fr\/wp-content\/uploads\/2025\/07\/USATSI_26432162-1320x1785.jpg 1320w, https:\/\/theplayoffs.news\/fr\/wp-content\/uploads\/2025\/07\/USATSI_26432162.jpg 1474w\" sizes=\"auto, (max-width: 1200px) 100vw, 1200px\" \/><figcaption class=\"wp-element-caption\"><em>cr&eacute;dit photo : Mark Zaleski \/ The Tennessean \/ USA TODAY NETWORK via Imagn Images<\/em><\/figcaption><\/figure><p>En 2024, il a &eacute;t&eacute; titulaire lors de 12 matchs, mais ses performances ont &eacute;t&eacute; en demi-teinte. <a href=\"https:\/\/www.pro-football-reference.com\/players\/L\/LeviWi00.htm\" target=\"_blank\" rel=\"noreferrer noopener nofollow\" class=\"trk-cta-link\" data-cta-trk='{\"ctaType\":\"Link\",\"ctaSubType\":\"main\"}'>Il a termin&eacute; la saison avec 2 091 yards &agrave; la passe,<\/a> 13 touchdowns et 12 interceptions. En 21 matchs de carri&egrave;re, il ne compte que cinq victoires.<\/p><p>M&ecirc;me si la concurrence reste ouverte, il y a de fortes chances pour que Cam Ward d&eacute;croche la titularisation. R&eacute;cemment, il a d&rsquo;ailleurs re&ccedil;u les &eacute;loges de Calvin Ridley, le receveur num&eacute;ro un de la franchise. Le groupe de receveurs des Titans a &eacute;galement &eacute;t&eacute; renforc&eacute; pour aider le jeune quarterback dans sa saison rookie, notamment avec l&rsquo;arriv&eacute;e du v&eacute;t&eacute;ran Tyler Lockett. <\/p><p>Ce dernier a quitt&eacute; les Seattle Seahawks apr&egrave;s dix ans, et celle du rookie Xavier Restrepo, co&eacute;quipier de Cam &agrave; l&rsquo;Universit&eacute; de Miami, sign&eacute; par la franchise apr&egrave;s ne pas avoir &eacute;t&eacute; draft&eacute;.<\/p><p><\/p><p><em>Photo d&rsquo;illustration : Mark Zaleski \/ The Tennessean \/ USA TODAY NETWORK via Imagn Images<\/em><\/p><p><\/p>\n","protected":false},"excerpt":{"rendered":"","protected":false},"author":180309799,"featured_media":1496675,"comment_status":"closed","ping_status":"closed","sticky":false,"template":"","format":"standard","meta":{"inline_featured_image":false,"kia_subtitle":"","_mux_skip_reasons":[],"proofreadBy":0,"footnotes":""},"categories":[118,8410,40,8408],"tags":[8076,567],"sport":[],"saison":[],"class_list":["post-1496673","post","type-post","status-publish","format-standard","has-post-thumbnail","hentry","category-actualite-nfl","category-football-americain","category-nfl","category-sports","tag-cam-ward","tag-titans"],"acf":[],"yoast_head":"<!-- This site is optimized with the Yoast SEO plugin v24.2 - https:\/\/yoast.com\/wordpress\/plugins\/seo\/ -->\n<title>Cam Ward ne s&rsquo;attend pas &agrave; recevoir le poste de titulaire &ldquo;sur un plateau&rdquo;, affirme un OT des Titans - The Playoffs FR<\/title>\n<meta name=\"description\" content=\"Cam Ward, premier choix du Draft 2025, devra batailler face &agrave; Will Levis pour le poste de titulaire chez les Titans.\" \/>\n<meta name=\"robots\" content=\"index, follow, max-snippet:-1, max-image-preview:large, max-video-preview:-1\" \/>\n<link rel=\"canonical\" href=\"https:\/\/theplayoffs.news\/fr\/actualite-nfl\/cam-ward-recevoir-poste-titulaire-sur-plateau\/\" \/>\n<meta property=\"og:locale\" content=\"fr_FR\" \/>\n<meta property=\"og:type\" content=\"article\" \/>\n<meta property=\"og:title\" content=\"Cam Ward ne s&rsquo;attend pas &agrave; recevoir le poste de titulaire &ldquo;sur un plateau&rdquo;, affirme un OT des Titans - The Playoffs FR\" \/>\n<meta property=\"og:description\" content=\"Cam Ward, premier choix du Draft 2025, devra batailler face &agrave; Will Levis pour le poste de titulaire chez les Titans.\" \/>\n<meta property=\"og:url\" content=\"https:\/\/theplayoffs.news\/fr\/actualite-nfl\/cam-ward-recevoir-poste-titulaire-sur-plateau\/\" \/>\n<meta property=\"og:site_name\" content=\"The Playoffs FR\" \/>\n<meta property=\"article:publisher\" content=\"https:\/\/www.facebook.com\/TheFreeAgentFR\/\" \/>\n<meta property=\"article:modified_time\" content=\"2025-07-04T12:02:07+02:00\" \/>\n<meta property=\"og:image\" content=\"https:\/\/theplayoffs.news\/fr\/wp-content\/uploads\/2025\/07\/USATSI_26434089.jpg\" \/>\n\t<meta property=\"og:image:width\" content=\"1920\" \/>\n\t<meta property=\"og:image:height\" content=\"1215\" \/>\n\t<meta property=\"og:image:type\" content=\"image\/jpeg\" \/>\n<meta name=\"author\" content=\"La r\u00e9daction\" \/>\n<meta name=\"twitter:card\" content=\"summary_large_image\" \/>\n<meta name=\"twitter:creator\" content=\"@TheFreeAgentFR\" \/>\n<meta name=\"twitter:site\" content=\"@TheFreeAgentFR\" \/>\n<meta name=\"twitter:label1\" content=\"\u00c9crit par\" \/>\n\t<meta name=\"twitter:data1\" content=\"La r\u00e9daction\" \/>\n\t<meta name=\"twitter:label2\" content=\"Dur\u00e9e de lecture estim\u00e9e\" \/>\n\t<meta name=\"twitter:data2\" content=\"2 minutes\" \/>\n<script type=\"application\/ld+json\" class=\"yoast-schema-graph\">{\"@context\":\"https:\/\/schema.org\",\"@graph\":[{\"@type\":\"WebPage\",\"@id\":\"https:\/\/theplayoffs.news\/fr\/actualite-nfl\/cam-ward-recevoir-poste-titulaire-sur-plateau\/\",\"url\":\"https:\/\/theplayoffs.news\/fr\/actualite-nfl\/cam-ward-recevoir-poste-titulaire-sur-plateau\/\",\"name\":\"Cam Ward ne s\u2019attend pas \u00e0 recevoir le poste de titulaire \u201csur un plateau\u201d, affirme un OT des Titans - The Playoffs FR\",\"isPartOf\":{\"@id\":\"https:\/\/theplayoffs.news\/fr\/#website\"},\"primaryImageOfPage\":{\"@id\":\"https:\/\/theplayoffs.news\/fr\/actualite-nfl\/cam-ward-recevoir-poste-titulaire-sur-plateau\/#primaryimage\"},\"image\":{\"@id\":\"https:\/\/theplayoffs.news\/fr\/actualite-nfl\/cam-ward-recevoir-poste-titulaire-sur-plateau\/#primaryimage\"},\"thumbnailUrl\":\"https:\/\/theplayoffs.news\/fr\/wp-content\/uploads\/2025\/07\/USATSI_26434089.jpg\",\"datePublished\":\"2025-07-04T10:01:59+00:00\",\"dateModified\":\"2025-07-04T10:02:07+00:00\",\"author\":{\"@id\":\"https:\/\/theplayoffs.news\/fr\/#\/schema\/person\/bb40426f4e478f9bd8cdbfeb4f2f9784\"},\"description\":\"Cam Ward, premier choix du Draft 2025, devra batailler face \u00e0 Will Levis pour le poste de titulaire chez les Titans.\",\"breadcrumb\":{\"@id\":\"https:\/\/theplayoffs.news\/fr\/actualite-nfl\/cam-ward-recevoir-poste-titulaire-sur-plateau\/#breadcrumb\"},\"inLanguage\":\"fr-FR\",\"potentialAction\":[{\"@type\":\"ReadAction\",\"target\":[\"https:\/\/theplayoffs.news\/fr\/actualite-nfl\/cam-ward-recevoir-poste-titulaire-sur-plateau\/\"]}]},{\"@type\":\"ImageObject\",\"inLanguage\":\"fr-FR\",\"@id\":\"https:\/\/theplayoffs.news\/fr\/actualite-nfl\/cam-ward-recevoir-poste-titulaire-sur-plateau\/#primaryimage\",\"url\":\"https:\/\/theplayoffs.news\/fr\/wp-content\/uploads\/2025\/07\/USATSI_26434089.jpg\",\"contentUrl\":\"https:\/\/theplayoffs.news\/fr\/wp-content\/uploads\/2025\/07\/USATSI_26434089.jpg\",\"width\":1920,\"height\":1215,\"caption\":\"Tennessee Titans quarterback Cam Ward (1) stretches during an NFL football minicamp camp practice at Ascension Saint Thomas Sports Park Thursday, June 12, 2025, in Nashville, Tenn.\"},{\"@type\":\"BreadcrumbList\",\"@id\":\"https:\/\/theplayoffs.news\/fr\/actualite-nfl\/cam-ward-recevoir-poste-titulaire-sur-plateau\/#breadcrumb\",\"itemListElement\":[{\"@type\":\"ListItem\",\"position\":1,\"name\":\"Accueil\",\"item\":\"https:\/\/theplayoffs.news\/fr\/\"},{\"@type\":\"ListItem\",\"position\":2,\"name\":\"Cam Ward ne s\u2019attend pas \u00e0 recevoir le poste de titulaire \u201csur un plateau\u201d, affirme un OT des Titans\"}]},{\"@type\":\"WebSite\",\"@id\":\"https:\/\/theplayoffs.news\/fr\/#website\",\"url\":\"https:\/\/theplayoffs.news\/fr\/\",\"name\":\"The Playoffs FR\",\"description\":\"NBA-NFL-NHL-MLB\",\"potentialAction\":[{\"@type\":\"SearchAction\",\"target\":{\"@type\":\"EntryPoint\",\"urlTemplate\":\"https:\/\/theplayoffs.news\/fr\/?s={search_term_string}\"},\"query-input\":{\"@type\":\"PropertyValueSpecification\",\"valueRequired\":true,\"valueName\":\"search_term_string\"}}],\"inLanguage\":\"fr-FR\"},{\"@type\":\"Person\",\"@id\":\"https:\/\/theplayoffs.news\/fr\/#\/schema\/person\/bb40426f4e478f9bd8cdbfeb4f2f9784\",\"name\":\"La r\u00e9daction\",\"image\":{\"@type\":\"ImageObject\",\"inLanguage\":\"fr-FR\",\"@id\":\"https:\/\/theplayoffs.news\/fr\/#\/schema\/person\/image\/\",\"url\":\"https:\/\/secure.gravatar.com\/avatar\/7e69b41460ab2c17d61c8c364b6a0ee006f957a70191383ef42be1f4733d6515?s=96&d=mm&r=g\",\"contentUrl\":\"https:\/\/secure.gravatar.com\/avatar\/7e69b41460ab2c17d61c8c364b6a0ee006f957a70191383ef42be1f4733d6515?s=96&d=mm&r=g\",\"caption\":\"La r\u00e9daction\"},\"description\":\"On dit qu\\\\'il faut un village pour s\\\\'occuper d\\\\'un enfant. Et bien c\\\\'est exactement ce dont il s\\\\'agit ici pour The Playoffs. La r\u00e9daction, ce sont vos r\u00e9dacteurs pr\u00e9f\u00e9r\u00e9s qui collaborent sur ces articles que vous lisez au quotidien.\u00a0\",\"url\":\"https:\/\/theplayoffs.news\/fr\/author\/freeagentfr\/\"}]}<\/script>\n<!-- \/ Yoast SEO plugin. -->","yoast_head_json":{"title":"Cam Ward ne s&rsquo;attend pas &agrave; recevoir le poste de titulaire &ldquo;sur un plateau&rdquo;, affirme un OT des Titans - The Playoffs FR","description":"Cam Ward, premier choix du Draft 2025, devra batailler face &agrave; Will Levis pour le poste de titulaire chez les Titans.","robots":{"index":"index","follow":"follow","max-snippet":"max-snippet:-1","max-image-preview":"max-image-preview:large","max-video-preview":"max-video-preview:-1"},"canonical":"https:\/\/theplayoffs.news\/fr\/actualite-nfl\/cam-ward-recevoir-poste-titulaire-sur-plateau\/","og_locale":"fr_FR","og_type":"article","og_title":"Cam Ward ne s&rsquo;attend pas &agrave; recevoir le poste de titulaire &ldquo;sur un plateau&rdquo;, affirme un OT des Titans - The Playoffs FR","og_description":"Cam Ward, premier choix du Draft 2025, devra batailler face &agrave; Will Levis pour le poste de titulaire chez les Titans.","og_url":"https:\/\/theplayoffs.news\/fr\/actualite-nfl\/cam-ward-recevoir-poste-titulaire-sur-plateau\/","og_site_name":"The Playoffs FR","article_publisher":"https:\/\/www.facebook.com\/TheFreeAgentFR\/","article_modified_time":"2025-07-04T10:02:07+00:00","og_image":[{"width":1920,"height":1215,"url":"https:\/\/theplayoffs.news\/fr\/wp-content\/uploads\/2025\/07\/USATSI_26434089.jpg","type":"image\/jpeg"}],"author":"La r\u00e9daction","twitter_card":"summary_large_image","twitter_creator":"@TheFreeAgentFR","twitter_site":"@TheFreeAgentFR","twitter_misc":{"\u00c9crit par":"La r\u00e9daction","Dur\u00e9e de lecture estim\u00e9e":"2 minutes"},"schema":{"@context":"https:\/\/schema.org","@graph":[{"@type":"WebPage","@id":"https:\/\/theplayoffs.news\/fr\/actualite-nfl\/cam-ward-recevoir-poste-titulaire-sur-plateau\/","url":"https:\/\/theplayoffs.news\/fr\/actualite-nfl\/cam-ward-recevoir-poste-titulaire-sur-plateau\/","name":"Cam Ward ne s\u2019attend pas \u00e0 recevoir le poste de titulaire \u201csur un plateau\u201d, affirme un OT des Titans - The Playoffs FR","isPartOf":{"@id":"https:\/\/theplayoffs.news\/fr\/#website"},"primaryImageOfPage":{"@id":"https:\/\/theplayoffs.news\/fr\/actualite-nfl\/cam-ward-recevoir-poste-titulaire-sur-plateau\/#primaryimage"},"image":{"@id":"https:\/\/theplayoffs.news\/fr\/actualite-nfl\/cam-ward-recevoir-poste-titulaire-sur-plateau\/#primaryimage"},"thumbnailUrl":"https:\/\/theplayoffs.news\/fr\/wp-content\/uploads\/2025\/07\/USATSI_26434089.jpg","datePublished":"2025-07-04T10:01:59+00:00","dateModified":"2025-07-04T10:02:07+00:00","author":{"@id":"https:\/\/theplayoffs.news\/fr\/#\/schema\/person\/bb40426f4e478f9bd8cdbfeb4f2f9784"},"description":"Cam Ward, premier choix du Draft 2025, devra batailler face \u00e0 Will Levis pour le poste de titulaire chez les Titans.","breadcrumb":{"@id":"https:\/\/theplayoffs.news\/fr\/actualite-nfl\/cam-ward-recevoir-poste-titulaire-sur-plateau\/#breadcrumb"},"inLanguage":"fr-FR","potentialAction":[{"@type":"ReadAction","target":["https:\/\/theplayoffs.news\/fr\/actualite-nfl\/cam-ward-recevoir-poste-titulaire-sur-plateau\/"]}]},{"@type":"ImageObject","inLanguage":"fr-FR","@id":"https:\/\/theplayoffs.news\/fr\/actualite-nfl\/cam-ward-recevoir-poste-titulaire-sur-plateau\/#primaryimage","url":"https:\/\/theplayoffs.news\/fr\/wp-content\/uploads\/2025\/07\/USATSI_26434089.jpg","contentUrl":"https:\/\/theplayoffs.news\/fr\/wp-content\/uploads\/2025\/07\/USATSI_26434089.jpg","width":1920,"height":1215,"caption":"Tennessee Titans quarterback Cam Ward (1) stretches during an NFL football minicamp camp practice at Ascension Saint Thomas Sports Park Thursday, June 12, 2025, in Nashville, Tenn."},{"@type":"BreadcrumbList","@id":"https:\/\/theplayoffs.news\/fr\/actualite-nfl\/cam-ward-recevoir-poste-titulaire-sur-plateau\/#breadcrumb","itemListElement":[{"@type":"ListItem","position":1,"name":"Accueil","item":"https:\/\/theplayoffs.news\/fr\/"},{"@type":"ListItem","position":2,"name":"Cam Ward ne s\u2019attend pas \u00e0 recevoir le poste de titulaire \u201csur un plateau\u201d, affirme un OT des Titans"}]},{"@type":"WebSite","@id":"https:\/\/theplayoffs.news\/fr\/#website","url":"https:\/\/theplayoffs.news\/fr\/","name":"The Playoffs FR","description":"NBA-NFL-NHL-MLB","potentialAction":[{"@type":"SearchAction","target":{"@type":"EntryPoint","urlTemplate":"https:\/\/theplayoffs.news\/fr\/?s={search_term_string}"},"query-input":{"@type":"PropertyValueSpecification","valueRequired":true,"valueName":"search_term_string"}}],"inLanguage":"fr-FR"},{"@type":"Person","@id":"https:\/\/theplayoffs.news\/fr\/#\/schema\/person\/bb40426f4e478f9bd8cdbfeb4f2f9784","name":"La r\u00e9daction","image":{"@type":"ImageObject","inLanguage":"fr-FR","@id":"https:\/\/theplayoffs.news\/fr\/#\/schema\/person\/image\/","url":"https:\/\/secure.gravatar.com\/avatar\/7e69b41460ab2c17d61c8c364b6a0ee006f957a70191383ef42be1f4733d6515?s=96&d=mm&r=g","contentUrl":"https:\/\/secure.gravatar.com\/avatar\/7e69b41460ab2c17d61c8c364b6a0ee006f957a70191383ef42be1f4733d6515?s=96&d=mm&r=g","caption":"La r\u00e9daction"},"description":"On dit qu\\'il faut un village pour s\\'occuper d\\'un enfant. Et bien c\\'est exactement ce dont il s\\'agit ici pour The Playoffs. La r\u00e9daction, ce sont vos r\u00e9dacteurs pr\u00e9f\u00e9r\u00e9s qui collaborent sur ces articles que vous lisez au quotidien.\u00a0","url":"https:\/\/theplayoffs.news\/fr\/author\/freeagentfr\/"}]}},"_links":{"self":[{"href":"https:\/\/theplayoffs.news\/fr\/wp-json\/wp\/v2\/posts\/1496673","targetHints":{"allow":["GET"]}}],"collection":[{"href":"https:\/\/theplayoffs.news\/fr\/wp-json\/wp\/v2\/posts"}],"about":[{"href":"https:\/\/theplayoffs.news\/fr\/wp-json\/wp\/v2\/types\/post"}],"author":[{"embeddable":true,"href":"https:\/\/theplayoffs.news\/fr\/wp-json\/wp\/v2\/users\/180309799"}],"replies":[{"embeddable":true,"href":"https:\/\/theplayoffs.news\/fr\/wp-json\/wp\/v2\/comments?post=1496673"}],"version-history":[{"count":2,"href":"https:\/\/theplayoffs.news\/fr\/wp-json\/wp\/v2\/posts\/1496673\/revisions"}],"predecessor-version":[{"id":1496678,"href":"https:\/\/theplayoffs.news\/fr\/wp-json\/wp\/v2\/posts\/1496673\/revisions\/1496678"}],"wp:featuredmedia":[{"embeddable":true,"href":"https:\/\/theplayoffs.news\/fr\/wp-json\/wp\/v2\/media\/1496675"}],"wp:attachment":[{"href":"https:\/\/theplayoffs.news\/fr\/wp-json\/wp\/v2\/media?parent=1496673"}],"wp:term":[{"taxonomy":"category","embeddable":true,"href":"https:\/\/theplayoffs.news\/fr\/wp-json\/wp\/v2\/categories?post=1496673"},{"taxonomy":"post_tag","embeddable":true,"href":"https:\/\/theplayoffs.news\/fr\/wp-json\/wp\/v2\/tags?post=1496673"},{"taxonomy":"sport","embeddable":true,"href":"https:\/\/theplayoffs.news\/fr\/wp-json\/wp\/v2\/sport?post=1496673"},{"taxonomy":"saison","embeddable":true,"href":"https:\/\/theplayoffs.news\/fr\/wp-json\/wp\/v2\/saison?post=1496673"}],"curies":[{"name":"wp","href":"https:\/\/api.w.org\/{rel}","templated":true}]}}