{"id":1496606,"date":"2025-07-03T21:36:21","date_gmt":"2025-07-03T19:36:21","guid":{"rendered":"https:\/\/theplayoffs.news\/fr\/uncategorized\/\/"},"modified":"2025-07-03T21:36:27","modified_gmt":"2025-07-03T19:36:27","slug":"pittsburgh-steelers-le-manager-general-omar-khan-prolonge-pour-3-ans","status":"publish","type":"post","link":"https:\/\/theplayoffs.news\/fr\/actualite-nfl\/pittsburgh-steelers-le-manager-general-omar-khan-prolonge-pour-3-ans\/","title":{"rendered":"Pittsburgh Steelers: Le manager g\u00e9n\u00e9ral Omar Khan prolong\u00e9 pour 3 ans"},"content":{"rendered":"<p>La stabilit&eacute; est &agrave; l&rsquo;ordre du jour dans le front office de Pittsburgh! Les Steelers ont annonc&eacute; ce jeudi la prolongation de contrat de leur manager g&eacute;n&eacute;ral, Omar Khan, pour une dur&eacute;e de trois ans suppl&eacute;mentaires, le liant &agrave; la franchise jusqu&rsquo;en 2028. Une d&eacute;cision salu&eacute;e par le pr&eacute;sident de l&rsquo;&eacute;quipe, Art Rooney II, qui s&rsquo;est f&eacute;licit&eacute; du travail accompli par Khan depuis sa prise de fonction en 2022.<\/p><blockquote class=\"wp-block-quote is-layout-flow wp-block-quote-is-layout-flow\">\n<p>&laquo; Omar et son &eacute;quipe ont fait un excellent travail ces trois derni&egrave;res ann&eacute;es, que ce soit &agrave; travers la draft, des &eacute;changes bien cibl&eacute;s ou encore en free agency. Nous sommes impatients de poursuivre dans cette direction afin de retrouver le succ&egrave;s sur le terrain &raquo;, a <a href=\"https:\/\/www.nbcsports.com\/nfl\/profootballtalk\/rumor-mill\/news\/steelers-sign-g-m-omar-khan-to-three-year-extension\" class=\"trk-cta-link\" data-cta-trk='{\"ctaType\":\"Link\",\"ctaSubType\":\"main\"}'>d&eacute;clar&eacute; Rooney dans un communiqu&eacute; officiel<\/a>.<\/p>\n<\/blockquote><p>Depuis son arriv&eacute;e en tant que successeur de Kevin Colbert, Omar Khan s&rsquo;est illustr&eacute; par une gestion plut&ocirc;t audacieuse. Sous sa houlette, les Pittsburgh Steelers ont atteint les playoffs lors des deux derni&egrave;res saisons, m&ecirc;me si la franchise n&rsquo;a plus remport&eacute; de match en phase &eacute;liminatoire depuis 2016. Pour tenter d&rsquo;y rem&eacute;dier, Omar Khan a r&eacute;alis&eacute; une intersaison particuli&egrave;rement agressive en basant son recrutement sur l&rsquo;exp&eacute;rience.<\/p><p>Parmi ses faits d&rsquo;armes r&eacute;cents, on note la signature d&rsquo;Aaron Rodgers au poste de quarterback, ainsi que des &eacute;changes spectaculaires pour obtenir le receveur DK Metcalf, <a href=\"https:\/\/theplayoffs.news\/fr\/actualite-nfl\/jalen-ramsey-file-aux-steelers\/\" class=\"trk-cta-link\" data-cta-trk='{\"ctaType\":\"Link\",\"ctaSubType\":\"main\"}'>le cornerback Jalen Ramsey et le tight end Jonnu Smith<\/a>. Dans l&rsquo;autre sens, le receveur George Pickens a &eacute;t&eacute; envoy&eacute; &agrave; Dallas.<\/p><p>Le prochain dossier br&ucirc;lant sur le bureau d&rsquo;Omar Khan concerne T.J. Watt, qui n&rsquo;a pas particip&eacute; aux activit&eacute;s de l&rsquo;&eacute;quipe au printemps en attendant une prolongation de contrat. Quoi qu&rsquo;il advienne, le manager g&eacute;n&eacute;ral a d&eacute;sormais les coud&eacute;es franches pour fa&ccedil;onner l&rsquo;avenir des Steelers, avec l&rsquo;ambition claire de ramener la franchise parmi les pr&eacute;tendantes au Super Bowl. Et cela le plus rapidement possible.<\/p><p>Cr&eacute;dit photo: &copy; Charles LeClaire-Imagn Images<\/p>\n","protected":false},"excerpt":{"rendered":"<p>NFL &#8211; Le manager g\u00e9n\u00e9ral des Pittsburgh Steelers, Omar Khan, a \u00e9t\u00e9 prolong\u00e9 pour trois saisons suppl\u00e9mentaires<\/p>\n","protected":false},"author":180309964,"featured_media":1496607,"comment_status":"closed","ping_status":"closed","sticky":false,"template":"","format":"standard","meta":{"inline_featured_image":false,"kia_subtitle":"NFL - Le manager g\u00e9n\u00e9ral des Pittsburgh Steelers, Omar Khan, a \u00e9t\u00e9 prolong\u00e9 pour trois saisons suppl\u00e9mentaires","_mux_skip_reasons":[],"proofreadBy":0,"footnotes":""},"categories":[118,8410,40,8408],"tags":[4298,129],"sport":[2785],"saison":[7475],"class_list":["post-1496606","post","type-post","status-publish","format-standard","has-post-thumbnail","hentry","category-actualite-nfl","category-football-americain","category-nfl","category-sports","tag-omar-khan","tag-pittsburgh-steelers","sport-nfl","saison-7475"],"acf":[],"yoast_head":"<!-- This site is optimized with the Yoast SEO plugin v24.2 - https:\/\/yoast.com\/wordpress\/plugins\/seo\/ -->\n<title>Pittsburgh Steelers: Le manager g&eacute;n&eacute;ral Omar Khan prolong&eacute; pour 3 ans - The Playoffs FR<\/title>\n<meta name=\"robots\" content=\"index, follow, max-snippet:-1, max-image-preview:large, max-video-preview:-1\" \/>\n<link rel=\"canonical\" href=\"https:\/\/theplayoffs.news\/fr\/actualite-nfl\/pittsburgh-steelers-le-manager-general-omar-khan-prolonge-pour-3-ans\/\" \/>\n<meta property=\"og:locale\" content=\"fr_FR\" \/>\n<meta property=\"og:type\" content=\"article\" \/>\n<meta property=\"og:title\" content=\"Pittsburgh Steelers: Le manager g&eacute;n&eacute;ral Omar Khan prolong&eacute; pour 3 ans - The Playoffs FR\" \/>\n<meta property=\"og:description\" content=\"NFL - Le manager g&eacute;n&eacute;ral des Pittsburgh Steelers, Omar Khan, a &eacute;t&eacute; prolong&eacute; pour trois saisons suppl&eacute;mentaires\" \/>\n<meta property=\"og:url\" content=\"https:\/\/theplayoffs.news\/fr\/actualite-nfl\/pittsburgh-steelers-le-manager-general-omar-khan-prolonge-pour-3-ans\/\" \/>\n<meta property=\"og:site_name\" content=\"The Playoffs FR\" \/>\n<meta property=\"article:publisher\" content=\"https:\/\/www.facebook.com\/TheFreeAgentFR\/\" \/>\n<meta property=\"article:modified_time\" content=\"2025-07-03T21:36:27+02:00\" \/>\n<meta property=\"og:image\" content=\"https:\/\/theplayoffs.news\/fr\/wp-content\/uploads\/2025\/07\/USATSI_24784712.jpg\" \/>\n\t<meta property=\"og:image:width\" content=\"1920\" \/>\n\t<meta property=\"og:image:height\" content=\"1280\" \/>\n\t<meta property=\"og:image:type\" content=\"image\/jpeg\" \/>\n<meta name=\"author\" content=\"Flavien Jumeau\" \/>\n<meta name=\"twitter:card\" content=\"summary_large_image\" \/>\n<meta name=\"twitter:creator\" content=\"@TheFreeAgentFR\" \/>\n<meta name=\"twitter:site\" content=\"@TheFreeAgentFR\" \/>\n<meta name=\"twitter:label1\" content=\"\u00c9crit par\" \/>\n\t<meta name=\"twitter:data1\" content=\"Flavien Jumeau\" \/>\n\t<meta name=\"twitter:label2\" content=\"Dur\u00e9e de lecture estim\u00e9e\" \/>\n\t<meta name=\"twitter:data2\" content=\"2 minutes\" \/>\n<script type=\"application\/ld+json\" class=\"yoast-schema-graph\">{\"@context\":\"https:\/\/schema.org\",\"@graph\":[{\"@type\":\"WebPage\",\"@id\":\"https:\/\/theplayoffs.news\/fr\/actualite-nfl\/pittsburgh-steelers-le-manager-general-omar-khan-prolonge-pour-3-ans\/\",\"url\":\"https:\/\/theplayoffs.news\/fr\/actualite-nfl\/pittsburgh-steelers-le-manager-general-omar-khan-prolonge-pour-3-ans\/\",\"name\":\"Pittsburgh Steelers: Le manager g\u00e9n\u00e9ral Omar Khan prolong\u00e9 pour 3 ans - The Playoffs FR\",\"isPartOf\":{\"@id\":\"https:\/\/theplayoffs.news\/fr\/#website\"},\"primaryImageOfPage\":{\"@id\":\"https:\/\/theplayoffs.news\/fr\/actualite-nfl\/pittsburgh-steelers-le-manager-general-omar-khan-prolonge-pour-3-ans\/#primaryimage\"},\"image\":{\"@id\":\"https:\/\/theplayoffs.news\/fr\/actualite-nfl\/pittsburgh-steelers-le-manager-general-omar-khan-prolonge-pour-3-ans\/#primaryimage\"},\"thumbnailUrl\":\"https:\/\/theplayoffs.news\/fr\/wp-content\/uploads\/2025\/07\/USATSI_24784712.jpg\",\"datePublished\":\"2025-07-03T19:36:21+00:00\",\"dateModified\":\"2025-07-03T19:36:27+00:00\",\"author\":{\"@id\":\"https:\/\/theplayoffs.news\/fr\/#\/schema\/person\/def63bc6746dc5957469b75feb99e66d\"},\"breadcrumb\":{\"@id\":\"https:\/\/theplayoffs.news\/fr\/actualite-nfl\/pittsburgh-steelers-le-manager-general-omar-khan-prolonge-pour-3-ans\/#breadcrumb\"},\"inLanguage\":\"fr-FR\",\"potentialAction\":[{\"@type\":\"ReadAction\",\"target\":[\"https:\/\/theplayoffs.news\/fr\/actualite-nfl\/pittsburgh-steelers-le-manager-general-omar-khan-prolonge-pour-3-ans\/\"]}]},{\"@type\":\"ImageObject\",\"inLanguage\":\"fr-FR\",\"@id\":\"https:\/\/theplayoffs.news\/fr\/actualite-nfl\/pittsburgh-steelers-le-manager-general-omar-khan-prolonge-pour-3-ans\/#primaryimage\",\"url\":\"https:\/\/theplayoffs.news\/fr\/wp-content\/uploads\/2025\/07\/USATSI_24784712.jpg\",\"contentUrl\":\"https:\/\/theplayoffs.news\/fr\/wp-content\/uploads\/2025\/07\/USATSI_24784712.jpg\",\"width\":1920,\"height\":1280,\"caption\":\"Nov 17, 2024; Pittsburgh, Pennsylvania, USA; Pittsburgh Steelers general manager Omar Khan talks on the phone before the game against the Baltimore Ravens at Acrisure Stadium. Mandatory Credit: Charles LeClaire-Imagn Images\"},{\"@type\":\"BreadcrumbList\",\"@id\":\"https:\/\/theplayoffs.news\/fr\/actualite-nfl\/pittsburgh-steelers-le-manager-general-omar-khan-prolonge-pour-3-ans\/#breadcrumb\",\"itemListElement\":[{\"@type\":\"ListItem\",\"position\":1,\"name\":\"Accueil\",\"item\":\"https:\/\/theplayoffs.news\/fr\/\"},{\"@type\":\"ListItem\",\"position\":2,\"name\":\"Pittsburgh Steelers: Le manager g\u00e9n\u00e9ral Omar Khan prolong\u00e9 pour 3 ans\"}]},{\"@type\":\"WebSite\",\"@id\":\"https:\/\/theplayoffs.news\/fr\/#website\",\"url\":\"https:\/\/theplayoffs.news\/fr\/\",\"name\":\"The Playoffs FR\",\"description\":\"NBA-NFL-NHL-MLB\",\"potentialAction\":[{\"@type\":\"SearchAction\",\"target\":{\"@type\":\"EntryPoint\",\"urlTemplate\":\"https:\/\/theplayoffs.news\/fr\/?s={search_term_string}\"},\"query-input\":{\"@type\":\"PropertyValueSpecification\",\"valueRequired\":true,\"valueName\":\"search_term_string\"}}],\"inLanguage\":\"fr-FR\"},{\"@type\":\"Person\",\"@id\":\"https:\/\/theplayoffs.news\/fr\/#\/schema\/person\/def63bc6746dc5957469b75feb99e66d\",\"name\":\"Flavien Jumeau\",\"image\":{\"@type\":\"ImageObject\",\"inLanguage\":\"fr-FR\",\"@id\":\"https:\/\/theplayoffs.news\/fr\/#\/schema\/person\/image\/\",\"url\":\"https:\/\/secure.gravatar.com\/avatar\/e7fa8ba5a4b7e4ce35fe152f083f352db28ad0acce692004ed88a7a7d78893f7?s=96&d=mm&r=g\",\"contentUrl\":\"https:\/\/secure.gravatar.com\/avatar\/e7fa8ba5a4b7e4ce35fe152f083f352db28ad0acce692004ed88a7a7d78893f7?s=96&d=mm&r=g\",\"caption\":\"Flavien Jumeau\"},\"description\":\"Amoureux du sport (et de vraiment tous les sports) depuis mon plus jeune \u00e2ge, j\u2019ai longtemps h\u00e9site entre le snooker et le curling. Finalement c\u2019est le foot US que j\u2019ai d\u00e9cid\u00e9 de choisir! Responsable foot US sur TPO et animateur du podcast Tailgate j\u2019ai pour mission de vous faire d\u00e9couvrir ce sport passionnant si ce n\u2019est pas encore fait et de vous donner les derni\u00e8res actus. Le tout dans la bonne humeur et avec toujours un jeu de mots ou deux savamment distill\u00e9s! Fan des Saints, pour moi Drew Brees est le vrai GOAT!\",\"url\":\"https:\/\/theplayoffs.news\/fr\/author\/flavien-jumeaugmail-com\/\"}]}<\/script>\n<!-- \/ Yoast SEO plugin. -->","yoast_head_json":{"title":"Pittsburgh Steelers: Le manager g&eacute;n&eacute;ral Omar Khan prolong&eacute; pour 3 ans - The Playoffs FR","robots":{"index":"index","follow":"follow","max-snippet":"max-snippet:-1","max-image-preview":"max-image-preview:large","max-video-preview":"max-video-preview:-1"},"canonical":"https:\/\/theplayoffs.news\/fr\/actualite-nfl\/pittsburgh-steelers-le-manager-general-omar-khan-prolonge-pour-3-ans\/","og_locale":"fr_FR","og_type":"article","og_title":"Pittsburgh Steelers: Le manager g&eacute;n&eacute;ral Omar Khan prolong&eacute; pour 3 ans - The Playoffs FR","og_description":"NFL - Le manager g&eacute;n&eacute;ral des Pittsburgh Steelers, Omar Khan, a &eacute;t&eacute; prolong&eacute; pour trois saisons suppl&eacute;mentaires","og_url":"https:\/\/theplayoffs.news\/fr\/actualite-nfl\/pittsburgh-steelers-le-manager-general-omar-khan-prolonge-pour-3-ans\/","og_site_name":"The Playoffs FR","article_publisher":"https:\/\/www.facebook.com\/TheFreeAgentFR\/","article_modified_time":"2025-07-03T19:36:27+00:00","og_image":[{"width":1920,"height":1280,"url":"https:\/\/theplayoffs.news\/fr\/wp-content\/uploads\/2025\/07\/USATSI_24784712.jpg","type":"image\/jpeg"}],"author":"Flavien Jumeau","twitter_card":"summary_large_image","twitter_creator":"@TheFreeAgentFR","twitter_site":"@TheFreeAgentFR","twitter_misc":{"\u00c9crit par":"Flavien Jumeau","Dur\u00e9e de lecture estim\u00e9e":"2 minutes"},"schema":{"@context":"https:\/\/schema.org","@graph":[{"@type":"WebPage","@id":"https:\/\/theplayoffs.news\/fr\/actualite-nfl\/pittsburgh-steelers-le-manager-general-omar-khan-prolonge-pour-3-ans\/","url":"https:\/\/theplayoffs.news\/fr\/actualite-nfl\/pittsburgh-steelers-le-manager-general-omar-khan-prolonge-pour-3-ans\/","name":"Pittsburgh Steelers: Le manager g\u00e9n\u00e9ral Omar Khan prolong\u00e9 pour 3 ans - The Playoffs FR","isPartOf":{"@id":"https:\/\/theplayoffs.news\/fr\/#website"},"primaryImageOfPage":{"@id":"https:\/\/theplayoffs.news\/fr\/actualite-nfl\/pittsburgh-steelers-le-manager-general-omar-khan-prolonge-pour-3-ans\/#primaryimage"},"image":{"@id":"https:\/\/theplayoffs.news\/fr\/actualite-nfl\/pittsburgh-steelers-le-manager-general-omar-khan-prolonge-pour-3-ans\/#primaryimage"},"thumbnailUrl":"https:\/\/theplayoffs.news\/fr\/wp-content\/uploads\/2025\/07\/USATSI_24784712.jpg","datePublished":"2025-07-03T19:36:21+00:00","dateModified":"2025-07-03T19:36:27+00:00","author":{"@id":"https:\/\/theplayoffs.news\/fr\/#\/schema\/person\/def63bc6746dc5957469b75feb99e66d"},"breadcrumb":{"@id":"https:\/\/theplayoffs.news\/fr\/actualite-nfl\/pittsburgh-steelers-le-manager-general-omar-khan-prolonge-pour-3-ans\/#breadcrumb"},"inLanguage":"fr-FR","potentialAction":[{"@type":"ReadAction","target":["https:\/\/theplayoffs.news\/fr\/actualite-nfl\/pittsburgh-steelers-le-manager-general-omar-khan-prolonge-pour-3-ans\/"]}]},{"@type":"ImageObject","inLanguage":"fr-FR","@id":"https:\/\/theplayoffs.news\/fr\/actualite-nfl\/pittsburgh-steelers-le-manager-general-omar-khan-prolonge-pour-3-ans\/#primaryimage","url":"https:\/\/theplayoffs.news\/fr\/wp-content\/uploads\/2025\/07\/USATSI_24784712.jpg","contentUrl":"https:\/\/theplayoffs.news\/fr\/wp-content\/uploads\/2025\/07\/USATSI_24784712.jpg","width":1920,"height":1280,"caption":"Nov 17, 2024; Pittsburgh, Pennsylvania, USA; Pittsburgh Steelers general manager Omar Khan talks on the phone before the game against the Baltimore Ravens at Acrisure Stadium. Mandatory Credit: Charles LeClaire-Imagn Images"},{"@type":"BreadcrumbList","@id":"https:\/\/theplayoffs.news\/fr\/actualite-nfl\/pittsburgh-steelers-le-manager-general-omar-khan-prolonge-pour-3-ans\/#breadcrumb","itemListElement":[{"@type":"ListItem","position":1,"name":"Accueil","item":"https:\/\/theplayoffs.news\/fr\/"},{"@type":"ListItem","position":2,"name":"Pittsburgh Steelers: Le manager g\u00e9n\u00e9ral Omar Khan prolong\u00e9 pour 3 ans"}]},{"@type":"WebSite","@id":"https:\/\/theplayoffs.news\/fr\/#website","url":"https:\/\/theplayoffs.news\/fr\/","name":"The Playoffs FR","description":"NBA-NFL-NHL-MLB","potentialAction":[{"@type":"SearchAction","target":{"@type":"EntryPoint","urlTemplate":"https:\/\/theplayoffs.news\/fr\/?s={search_term_string}"},"query-input":{"@type":"PropertyValueSpecification","valueRequired":true,"valueName":"search_term_string"}}],"inLanguage":"fr-FR"},{"@type":"Person","@id":"https:\/\/theplayoffs.news\/fr\/#\/schema\/person\/def63bc6746dc5957469b75feb99e66d","name":"Flavien Jumeau","image":{"@type":"ImageObject","inLanguage":"fr-FR","@id":"https:\/\/theplayoffs.news\/fr\/#\/schema\/person\/image\/","url":"https:\/\/secure.gravatar.com\/avatar\/e7fa8ba5a4b7e4ce35fe152f083f352db28ad0acce692004ed88a7a7d78893f7?s=96&d=mm&r=g","contentUrl":"https:\/\/secure.gravatar.com\/avatar\/e7fa8ba5a4b7e4ce35fe152f083f352db28ad0acce692004ed88a7a7d78893f7?s=96&d=mm&r=g","caption":"Flavien Jumeau"},"description":"Amoureux du sport (et de vraiment tous les sports) depuis mon plus jeune \u00e2ge, j\u2019ai longtemps h\u00e9site entre le snooker et le curling. Finalement c\u2019est le foot US que j\u2019ai d\u00e9cid\u00e9 de choisir! Responsable foot US sur TPO et animateur du podcast Tailgate j\u2019ai pour mission de vous faire d\u00e9couvrir ce sport passionnant si ce n\u2019est pas encore fait et de vous donner les derni\u00e8res actus. Le tout dans la bonne humeur et avec toujours un jeu de mots ou deux savamment distill\u00e9s! Fan des Saints, pour moi Drew Brees est le vrai GOAT!","url":"https:\/\/theplayoffs.news\/fr\/author\/flavien-jumeaugmail-com\/"}]}},"_links":{"self":[{"href":"https:\/\/theplayoffs.news\/fr\/wp-json\/wp\/v2\/posts\/1496606","targetHints":{"allow":["GET"]}}],"collection":[{"href":"https:\/\/theplayoffs.news\/fr\/wp-json\/wp\/v2\/posts"}],"about":[{"href":"https:\/\/theplayoffs.news\/fr\/wp-json\/wp\/v2\/types\/post"}],"author":[{"embeddable":true,"href":"https:\/\/theplayoffs.news\/fr\/wp-json\/wp\/v2\/users\/180309964"}],"replies":[{"embeddable":true,"href":"https:\/\/theplayoffs.news\/fr\/wp-json\/wp\/v2\/comments?post=1496606"}],"version-history":[{"count":1,"href":"https:\/\/theplayoffs.news\/fr\/wp-json\/wp\/v2\/posts\/1496606\/revisions"}],"predecessor-version":[{"id":1496608,"href":"https:\/\/theplayoffs.news\/fr\/wp-json\/wp\/v2\/posts\/1496606\/revisions\/1496608"}],"wp:featuredmedia":[{"embeddable":true,"href":"https:\/\/theplayoffs.news\/fr\/wp-json\/wp\/v2\/media\/1496607"}],"wp:attachment":[{"href":"https:\/\/theplayoffs.news\/fr\/wp-json\/wp\/v2\/media?parent=1496606"}],"wp:term":[{"taxonomy":"category","embeddable":true,"href":"https:\/\/theplayoffs.news\/fr\/wp-json\/wp\/v2\/categories?post=1496606"},{"taxonomy":"post_tag","embeddable":true,"href":"https:\/\/theplayoffs.news\/fr\/wp-json\/wp\/v2\/tags?post=1496606"},{"taxonomy":"sport","embeddable":true,"href":"https:\/\/theplayoffs.news\/fr\/wp-json\/wp\/v2\/sport?post=1496606"},{"taxonomy":"saison","embeddable":true,"href":"https:\/\/theplayoffs.news\/fr\/wp-json\/wp\/v2\/saison?post=1496606"}],"curies":[{"name":"wp","href":"https:\/\/api.w.org\/{rel}","templated":true}]}}