{"id":1496603,"date":"2025-07-03T17:02:26","date_gmt":"2025-07-03T15:02:26","guid":{"rendered":"https:\/\/theplayoffs.news\/fr\/uncategorized\/\/"},"modified":"2025-07-03T17:02:33","modified_gmt":"2025-07-03T15:02:33","slug":"heat-un-possible-deal-autour-dandrew-wiggins-avec-les-lakers","status":"publish","type":"post","link":"https:\/\/theplayoffs.news\/fr\/actualite-nba\/heat-un-possible-deal-autour-dandrew-wiggins-avec-les-lakers\/","title":{"rendered":"Heat\u00a0: Un possible deal autour d\u2019Andrew Wiggins avec les Lakers\u00a0?"},"content":{"rendered":"<p>La Free Agency bat son plein en <a href=\"https:\/\/theplayoffs.news\/fr\/category\/nba\/\" target=\"_blank\" rel=\"noreferrer noopener\" class=\"trk-cta-link\" data-cta-trk='{\"ctaType\":\"Link\",\"ctaSubType\":\"main\"}'>NBA<\/a> o&ugrave; les 30 &eacute;quipes essaient d&rsquo;affiner, ou de chambouler, leur effectif pour la prochaine saison. En Floride, le Heat pourrait notamment se s&eacute;parer de son ailier Andrew Wiggins et de son contrat encombrant.<\/p><blockquote class=\"twitter-tweet\"><p lang=\"en\" dir=\"ltr\">Heat asking for Rui Hachimura, Dalton Knecht, and a first-round pick from Lakers in potential trade for Andrew Wiggins, per <a href=\"https:\/\/twitter.com\/jovanbuha?ref_src=twsrc%5Etfw\" class=\"trk-cta-link\" data-cta-trk='{\"ctaType\":\"Link\",\"ctaSubType\":\"main\"}'>@jovanbuha<\/a>.<\/p>&mdash; Underdog NBA (@UnderdogNBA) <a href=\"https:\/\/twitter.com\/UnderdogNBA\/status\/1940777500600410526?ref_src=twsrc%5Etfw\" class=\"trk-cta-link\" data-cta-trk='{\"ctaType\":\"Link\",\"ctaSubType\":\"main\"}'>July 3, 2025<\/a><\/blockquote><script async src=\"https:\/\/platform.twitter.com\/widgets.js\" charset=\"utf-8\"><\/script><h2 class=\"wp-block-heading\">Le Heat demande un package compos&eacute; de Rui Hachimura, Dalton Knecht et un premier tour de Draft<\/h2><p><\/p><p>En effet, Jovan Buha, journaliste en charge des Lakers pour <em><a href=\"https:\/\/www.nytimes.com\/athletic\/nba\/team\/lakers\/\" target=\"_blank\" rel=\"noreferrer noopener\" class=\"trk-cta-link\" data-cta-trk='{\"ctaType\":\"Link\",\"ctaSubType\":\"main\"}'>The Athletic<\/a> <\/em>rapporte ce jeudi que Miami a fait savoir ses conditions pour se s&eacute;parer de son joueur champion en 2022 avec les Warriors. Pat Riley et ses &eacute;quipes demanderaient un package g&eacute;n&eacute;reux qui comprendrait Rui Hachimura, Dalton Knecht et un premier tour de Draft. <\/p><p>Los Angeles, de son c&ocirc;t&eacute;, pourrait &ecirc;tre int&eacute;ress&eacute; par la venue d&rsquo;un soldat de luxe, qui avait grandement aid&eacute; Golden State &agrave; d&eacute;crocher le graal il y a trois ans gr&acirc;ce &agrave; son profil de &lsquo;two-way&rsquo; player. Un profil dont ne disposent plus actuellement les Angelinos au sein d&rsquo;un effectif avant tout tourn&eacute; vers l&rsquo;attaque (Reaves, Hachimura, Kleber) depuis le d&eacute;part de Dorian Finney-Smith vers Houston.<\/p><div class=\"related-slider related-slider--loading\">\n    <div class=\"related-slider__header\">\n        <div class=\"related-slider__header__title\">Vous aimerez aussi<\/div>\n        <div class=\"related-slider__header__buttons\">\n            <div class=\"swiper-button-prev\"><\/div>\n            <div class=\"swiper-button-next\"><\/div>\n        <\/div>\n    <\/div>\n    <div class=\"swiper-container\">\n        <div class=\"swiper-wrapper\">\n                            <div class=\"swiper-slide\">\n                    <a class=\"related-slider-card  trk-cta-img\" href=\"https:\/\/theplayoffs.news\/fr\/actualite-nba\/resultats-nba-18-12-les-mavs-douchent-les-pistons-maxime-raynaud-superstar\/\" title=\"R&eacute;sultats NBA (18\/12): les Mavs douchent les Pistons, Maxime Raynaud superstar !\" data-cta-trk='{\"ctaType\":\"Image\",\"ctaSubType\":\"main\"}'>\n    <div class=\"related-slider-card__image\">\n        <img loading=\"lazy\" decoding=\"async\" width=\"600\" height=\"400\" src=\"https:\/\/theplayoffs.news\/fr\/wp-content\/uploads\/2025\/12\/USATSI_27848729_168402440_lowres-600x400.jpg\" class=\"attachment-medium size-medium wp-post-image\" alt=\"NBA Cooper Flagg Nikola Jokic Maxime Raynaud Cade Cunningham\" srcset=\"https:\/\/theplayoffs.news\/fr\/wp-content\/uploads\/2025\/12\/USATSI_27848729_168402440_lowres-600x400.jpg 600w, https:\/\/theplayoffs.news\/fr\/wp-content\/uploads\/2025\/12\/USATSI_27848729_168402440_lowres-1200x800.jpg 1200w, https:\/\/theplayoffs.news\/fr\/wp-content\/uploads\/2025\/12\/USATSI_27848729_168402440_lowres-768x512.jpg 768w, https:\/\/theplayoffs.news\/fr\/wp-content\/uploads\/2025\/12\/USATSI_27848729_168402440_lowres-1536x1024.jpg 1536w, https:\/\/theplayoffs.news\/fr\/wp-content\/uploads\/2025\/12\/USATSI_27848729_168402440_lowres-1320x880.jpg 1320w, https:\/\/theplayoffs.news\/fr\/wp-content\/uploads\/2025\/12\/USATSI_27848729_168402440_lowres.jpg 1920w\" sizes=\"auto, (max-width: 600px) 100vw, 600px\">\n                            <\/div>\n    <div class=\"related-slider-card__content\">\n        <div class=\"related-slider-card__content__tags\">\n                            <div class=\"related-slider-card__content__tags__category\">\n                    Actualit&eacute; NBA\n                <\/div>\n                        <div class=\"related-slider-card__content__tags__date\" data-dynamic-date=\"2025-12-19T09:45:57+01:00\">\n                19 d&eacute;cembre 2025\n            <\/div>\n        <\/div>\n        <div class=\"related-slider-card__content__title\">\n            R&eacute;sultats NBA (18\/12): les Mavs douchent les Pistons, Maxime Raynaud superstar !\n        <\/div>\n                    <div class=\"related-slider-card__content__read-more\">\n                Voir plus\n                <i>\n                    <svg width=\"17\" height=\"15\" viewbox=\"0 0 17 15\" fill=\"none\" xmlns=\"http:\/\/www.w3.org\/2000\/svg\">\n<path d=\"M1 6.5C0.447715 6.5 0 6.94772 0 7.5C0 8.05228 0.447715 8.5 1 8.5V6.5ZM16.7071 8.20711C17.0976 7.81658 17.0976 7.18342 16.7071 6.79289L10.3431 0.428932C9.95262 0.0384078 9.31946 0.0384078 8.92893 0.428932C8.53841 0.819457 8.53841 1.45262 8.92893 1.84315L14.5858 7.5L8.92893 13.1569C8.53841 13.5474 8.53841 14.1805 8.92893 14.5711C9.31946 14.9616 9.95262 14.9616 10.3431 14.5711L16.7071 8.20711ZM1 7.5V8.5H8.5V7.5V6.5H1V7.5ZM8.5 7.5V8.5H16V7.5V6.5H8.5V7.5Z\" fill=\"white\"><\/path>\n<\/svg>\n\n                <\/i>\n            <\/div>\n            <\/div>\n<\/a>\n\n                <\/div>\n                            <div class=\"swiper-slide\">\n                    <a class=\"related-slider-card  trk-cta-img\" href=\"https:\/\/theplayoffs.news\/fr\/actualite-nba\/resultats-nba-17-12-chicago-enfonce-les-cavs-memphis-en-patron-dans-le-minnesota\/\" title=\"R&eacute;sultats NBA (17\/12): Chicago enfonce les Cavs, Memphis en patron dans le Minnesota !\" data-cta-trk='{\"ctaType\":\"Image\",\"ctaSubType\":\"main\"}'>\n    <div class=\"related-slider-card__image\">\n        <img loading=\"lazy\" decoding=\"async\" width=\"600\" height=\"400\" src=\"https:\/\/theplayoffs.news\/fr\/wp-content\/uploads\/2025\/12\/USATSI_27840419_168402440_lowres-600x400.jpg\" class=\"attachment-medium size-medium wp-post-image\" alt=\"NBA Minnesota Timberwolves Ja Morant Anthony Edwards Rudy Gobert Julius Randle Josh Giddey\" srcset=\"https:\/\/theplayoffs.news\/fr\/wp-content\/uploads\/2025\/12\/USATSI_27840419_168402440_lowres-600x400.jpg 600w, https:\/\/theplayoffs.news\/fr\/wp-content\/uploads\/2025\/12\/USATSI_27840419_168402440_lowres-1200x799.jpg 1200w, https:\/\/theplayoffs.news\/fr\/wp-content\/uploads\/2025\/12\/USATSI_27840419_168402440_lowres-768x512.jpg 768w, https:\/\/theplayoffs.news\/fr\/wp-content\/uploads\/2025\/12\/USATSI_27840419_168402440_lowres-1536x1023.jpg 1536w, https:\/\/theplayoffs.news\/fr\/wp-content\/uploads\/2025\/12\/USATSI_27840419_168402440_lowres-1320x879.jpg 1320w, https:\/\/theplayoffs.news\/fr\/wp-content\/uploads\/2025\/12\/USATSI_27840419_168402440_lowres.jpg 1920w\" sizes=\"auto, (max-width: 600px) 100vw, 600px\">\n                            <\/div>\n    <div class=\"related-slider-card__content\">\n        <div class=\"related-slider-card__content__tags\">\n                            <div class=\"related-slider-card__content__tags__category\">\n                    Actualit&eacute; NBA\n                <\/div>\n                        <div class=\"related-slider-card__content__tags__date\" data-dynamic-date=\"2025-12-18T14:27:38+01:00\">\n                18 d&eacute;cembre 2025\n            <\/div>\n        <\/div>\n        <div class=\"related-slider-card__content__title\">\n            R&eacute;sultats NBA (17\/12): Chicago enfonce les Cavs, Memphis en patron dans le Minnesota !\n        <\/div>\n                    <div class=\"related-slider-card__content__read-more\">\n                Voir plus\n                <i>\n                    <svg width=\"17\" height=\"15\" viewbox=\"0 0 17 15\" fill=\"none\" xmlns=\"http:\/\/www.w3.org\/2000\/svg\">\n<path d=\"M1 6.5C0.447715 6.5 0 6.94772 0 7.5C0 8.05228 0.447715 8.5 1 8.5V6.5ZM16.7071 8.20711C17.0976 7.81658 17.0976 7.18342 16.7071 6.79289L10.3431 0.428932C9.95262 0.0384078 9.31946 0.0384078 8.92893 0.428932C8.53841 0.819457 8.53841 1.45262 8.92893 1.84315L14.5858 7.5L8.92893 13.1569C8.53841 13.5474 8.53841 14.1805 8.92893 14.5711C9.31946 14.9616 9.95262 14.9616 10.3431 14.5711L16.7071 8.20711ZM1 7.5V8.5H8.5V7.5V6.5H1V7.5ZM8.5 7.5V8.5H16V7.5V6.5H8.5V7.5Z\" fill=\"white\"><\/path>\n<\/svg>\n\n                <\/i>\n            <\/div>\n            <\/div>\n<\/a>\n\n                <\/div>\n                            <div class=\"swiper-slide\">\n                    <a class=\"related-slider-card  trk-cta-img\" href=\"https:\/\/theplayoffs.news\/fr\/actualite-nba\/resultats-nba-cup-16-12-jalen-brunson-mvp-les-knicks-soffrent-un-premier-trophee-depuis-1973\/\" title=\"R&eacute;sultats NBA Cup (16\/12): Jalen Brunson MVP, les Knicks s&rsquo;offrent un premier troph&eacute;e depuis 1973 !\" data-cta-trk='{\"ctaType\":\"Image\",\"ctaSubType\":\"main\"}'>\n    <div class=\"related-slider-card__image\">\n        <img loading=\"lazy\" decoding=\"async\" width=\"600\" height=\"450\" src=\"https:\/\/theplayoffs.news\/fr\/wp-content\/uploads\/2025\/12\/USATSI_27835319_168402440_lowres-600x450.jpg\" class=\"attachment-medium size-medium wp-post-image\" alt=\"Jalen Brunson Victor Wembanyama Knicks Spurs NBA Cup\" srcset=\"https:\/\/theplayoffs.news\/fr\/wp-content\/uploads\/2025\/12\/USATSI_27835319_168402440_lowres-600x450.jpg 600w, https:\/\/theplayoffs.news\/fr\/wp-content\/uploads\/2025\/12\/USATSI_27835319_168402440_lowres-1200x900.jpg 1200w, https:\/\/theplayoffs.news\/fr\/wp-content\/uploads\/2025\/12\/USATSI_27835319_168402440_lowres-768x576.jpg 768w, https:\/\/theplayoffs.news\/fr\/wp-content\/uploads\/2025\/12\/USATSI_27835319_168402440_lowres-1536x1152.jpg 1536w, https:\/\/theplayoffs.news\/fr\/wp-content\/uploads\/2025\/12\/USATSI_27835319_168402440_lowres-1320x990.jpg 1320w, https:\/\/theplayoffs.news\/fr\/wp-content\/uploads\/2025\/12\/USATSI_27835319_168402440_lowres.jpg 1920w\" sizes=\"auto, (max-width: 600px) 100vw, 600px\">\n                            <\/div>\n    <div class=\"related-slider-card__content\">\n        <div class=\"related-slider-card__content__tags\">\n                            <div class=\"related-slider-card__content__tags__category\">\n                    Actualit&eacute; NBA\n                <\/div>\n                        <div class=\"related-slider-card__content__tags__date\" data-dynamic-date=\"2025-12-17T09:44:05+01:00\">\n                17 d&eacute;cembre 2025\n            <\/div>\n        <\/div>\n        <div class=\"related-slider-card__content__title\">\n            R&eacute;sultats NBA Cup (16\/12): Jalen Brunson MVP, les Knicks s&rsquo;offrent un premier troph&eacute;e depuis 1973 !\n        <\/div>\n                    <div class=\"related-slider-card__content__read-more\">\n                Voir plus\n                <i>\n                    <svg width=\"17\" height=\"15\" viewbox=\"0 0 17 15\" fill=\"none\" xmlns=\"http:\/\/www.w3.org\/2000\/svg\">\n<path d=\"M1 6.5C0.447715 6.5 0 6.94772 0 7.5C0 8.05228 0.447715 8.5 1 8.5V6.5ZM16.7071 8.20711C17.0976 7.81658 17.0976 7.18342 16.7071 6.79289L10.3431 0.428932C9.95262 0.0384078 9.31946 0.0384078 8.92893 0.428932C8.53841 0.819457 8.53841 1.45262 8.92893 1.84315L14.5858 7.5L8.92893 13.1569C8.53841 13.5474 8.53841 14.1805 8.92893 14.5711C9.31946 14.9616 9.95262 14.9616 10.3431 14.5711L16.7071 8.20711ZM1 7.5V8.5H8.5V7.5V6.5H1V7.5ZM8.5 7.5V8.5H16V7.5V6.5H8.5V7.5Z\" fill=\"white\"><\/path>\n<\/svg>\n\n                <\/i>\n            <\/div>\n            <\/div>\n<\/a>\n\n                <\/div>\n                            <div class=\"swiper-slide\">\n                    <a class=\"related-slider-card  trk-cta-img\" href=\"https:\/\/theplayoffs.news\/fr\/actualite-nba\/pour-deaaron-fox-lherbe-est-plus-verte-a-san-antonio\/\" title=\"Pour De&rsquo;Aaron Fox, &laquo;&nbsp;l&rsquo;herbe est plus verte&nbsp;&raquo; &agrave; San Antonio\" data-cta-trk='{\"ctaType\":\"Image\",\"ctaSubType\":\"main\"}'>\n    <div class=\"related-slider-card__image\">\n        <img loading=\"lazy\" decoding=\"async\" width=\"600\" height=\"400\" src=\"https:\/\/theplayoffs.news\/fr\/wp-content\/uploads\/2025\/12\/USATSI_27813133_168402440_lowres-600x400.jpg\" class=\"attachment-medium size-medium wp-post-image\" alt=\"NBA De'Aaron Fox Victor Wembanyama Spurs Knicks\" srcset=\"https:\/\/theplayoffs.news\/fr\/wp-content\/uploads\/2025\/12\/USATSI_27813133_168402440_lowres-600x400.jpg 600w, https:\/\/theplayoffs.news\/fr\/wp-content\/uploads\/2025\/12\/USATSI_27813133_168402440_lowres-1200x800.jpg 1200w, https:\/\/theplayoffs.news\/fr\/wp-content\/uploads\/2025\/12\/USATSI_27813133_168402440_lowres-768x512.jpg 768w, https:\/\/theplayoffs.news\/fr\/wp-content\/uploads\/2025\/12\/USATSI_27813133_168402440_lowres-1536x1024.jpg 1536w, https:\/\/theplayoffs.news\/fr\/wp-content\/uploads\/2025\/12\/USATSI_27813133_168402440_lowres-1320x880.jpg 1320w, https:\/\/theplayoffs.news\/fr\/wp-content\/uploads\/2025\/12\/USATSI_27813133_168402440_lowres.jpg 1920w\" sizes=\"auto, (max-width: 600px) 100vw, 600px\">\n                            <\/div>\n    <div class=\"related-slider-card__content\">\n        <div class=\"related-slider-card__content__tags\">\n                            <div class=\"related-slider-card__content__tags__category\">\n                    Actualit&eacute; NBA\n                <\/div>\n                        <div class=\"related-slider-card__content__tags__date\" data-dynamic-date=\"2025-12-16T12:47:20+01:00\">\n                16 d&eacute;cembre 2025\n            <\/div>\n        <\/div>\n        <div class=\"related-slider-card__content__title\">\n            Pour De&rsquo;Aaron Fox, &laquo;&nbsp;l&rsquo;herbe est plus verte&nbsp;&raquo; &agrave; San Antonio\n        <\/div>\n                    <div class=\"related-slider-card__content__read-more\">\n                Voir plus\n                <i>\n                    <svg width=\"17\" height=\"15\" viewbox=\"0 0 17 15\" fill=\"none\" xmlns=\"http:\/\/www.w3.org\/2000\/svg\">\n<path d=\"M1 6.5C0.447715 6.5 0 6.94772 0 7.5C0 8.05228 0.447715 8.5 1 8.5V6.5ZM16.7071 8.20711C17.0976 7.81658 17.0976 7.18342 16.7071 6.79289L10.3431 0.428932C9.95262 0.0384078 9.31946 0.0384078 8.92893 0.428932C8.53841 0.819457 8.53841 1.45262 8.92893 1.84315L14.5858 7.5L8.92893 13.1569C8.53841 13.5474 8.53841 14.1805 8.92893 14.5711C9.31946 14.9616 9.95262 14.9616 10.3431 14.5711L16.7071 8.20711ZM1 7.5V8.5H8.5V7.5V6.5H1V7.5ZM8.5 7.5V8.5H16V7.5V6.5H8.5V7.5Z\" fill=\"white\"><\/path>\n<\/svg>\n\n                <\/i>\n            <\/div>\n            <\/div>\n<\/a>\n\n                <\/div>\n                    <\/div>\n    <\/div>\n<\/div><p><\/p><h2 class=\"wp-block-heading\">Des besoins offensifs &agrave; Miami<\/h2><p>Avec une potentielle arriv&eacute;e du Canadien, les &lsquo;Purple and Gold&rsquo; pourraient compter sur un scoreur efficace (19 points et 4.6 lancers francs tent&eacute;s de moyenne &agrave; 45.8% de r&eacute;ussite au tir depuis son arriv&eacute;e au Heat). Wiggins est aussi un joueur collectif confirm&eacute; (2.8 passes d&eacute;cisives et 4.4 rebonds par match cette saison) en plus d&rsquo;&ecirc;tre un solide d&eacute;fenseur (1.2 interception et 1 contre par match avec Miami) capable de couvrir plusieurs postes gr&acirc;ce &agrave; une bonne envergure (2,13m).<\/p><blockquote class=\"twitter-tweet\"><p lang=\"en\" dir=\"ltr\">NEW SEASON HIGH IN PTS FOR ANDREW WIGGINS &#8252;&#65039;<br><br>&#127919; 42 PTS<br>&#127919; 5 AST<br>&#127919; 2 STL<br>&#127919; 6 3PM<br><br>He's now the 5th player in Heat franchise history to have 40+ PTS, 5+ AST, &amp; 5+ 3PM in a game! <a href=\"https:\/\/t.co\/DtgrOHpoYT\" class=\"trk-cta-link\" data-cta-trk='{\"ctaType\":\"Link\",\"ctaSubType\":\"main\"}'>pic.twitter.com\/DtgrOHpoYT<\/a><\/p>&mdash; NBA (@NBA) <a href=\"https:\/\/twitter.com\/NBA\/status\/1903972783266414615?ref_src=twsrc%5Etfw\" class=\"trk-cta-link\" data-cta-trk='{\"ctaType\":\"Link\",\"ctaSubType\":\"main\"}'>March 24, 2025<\/a><\/blockquote><script async src=\"https:\/\/platform.twitter.com\/widgets.js\" charset=\"utf-8\"><\/script><p>Les Floridiens verraient, eux, d&rsquo;un bon &oelig;il la masse salariale que ce transfert all&egrave;gerait, puisque l&rsquo;ancien des Wolves doit encore toucher 58M$ sur deux ans. Le Heat pourrait aussi rajeunir son effectif avec Hachimura (27 ans) et Knecht (23 ans), mais surtout y ajouter de la qualit&eacute; offensive, ce dont ils ont cruellement manqu&eacute; lors des derniers Playoffs (95.5 points de moyenne pour 34.6% de r&eacute;ussite &agrave; longue distance et 69.8% de r&eacute;ussite aux lancers-francs, l&rsquo;un des 5 pires bilans dans chacune des cat&eacute;gories).<\/p><p><\/p><p>Il faudra maintenant voir si Rob Pelinka acc&egrave;dera aux demandes g&eacute;n&eacute;reuses de son homologue du Sud-Est du pays.<\/p><p><\/p><p>&copy; David Richard-Imagn Images<\/p>\n","protected":false},"excerpt":{"rendered":"","protected":false},"author":180310210,"featured_media":1496604,"comment_status":"closed","ping_status":"closed","sticky":false,"template":"","format":"standard","meta":{"inline_featured_image":false,"kia_subtitle":"","_mux_skip_reasons":[],"proofreadBy":0,"footnotes":""},"categories":[110,8414,10,8408],"tags":[2297,117,141],"sport":[2783],"saison":[7475],"class_list":["post-1496603","post","type-post","status-publish","format-standard","has-post-thumbnail","hentry","category-actualite-nba","category-basketball-sports","category-nba","category-sports","tag-andrew-wiggins","tag-los-angeles-lakers","tag-miami-heat","sport-nba","saison-7475"],"acf":[],"yoast_head":"<!-- This site is optimized with the Yoast SEO plugin v24.2 - https:\/\/yoast.com\/wordpress\/plugins\/seo\/ -->\n<title>Heat : Un possible deal autour d&#039;Andrew Wiggins avec les Lakers ?<\/title>\n<meta name=\"description\" content=\"Le Heat de Miami pourrait se s&eacute;parer de son ailier Andrew Wiggins dans un &eacute;ventuel transfert avec les Los Angeles Lakers.\" \/>\n<meta name=\"robots\" content=\"index, follow, max-snippet:-1, max-image-preview:large, max-video-preview:-1\" \/>\n<link rel=\"canonical\" href=\"https:\/\/theplayoffs.news\/fr\/actualite-nba\/heat-un-possible-deal-autour-dandrew-wiggins-avec-les-lakers\/\" \/>\n<meta property=\"og:locale\" content=\"fr_FR\" \/>\n<meta property=\"og:type\" content=\"article\" \/>\n<meta property=\"og:title\" content=\"Heat : Un possible deal autour d&#039;Andrew Wiggins avec les Lakers ?\" \/>\n<meta property=\"og:description\" content=\"Le Heat de Miami pourrait se s&eacute;parer de son ailier Andrew Wiggins dans un &eacute;ventuel transfert avec les Los Angeles Lakers.\" \/>\n<meta property=\"og:url\" content=\"https:\/\/theplayoffs.news\/fr\/actualite-nba\/heat-un-possible-deal-autour-dandrew-wiggins-avec-les-lakers\/\" \/>\n<meta property=\"og:site_name\" content=\"The Playoffs FR\" \/>\n<meta property=\"article:publisher\" content=\"https:\/\/www.facebook.com\/TheFreeAgentFR\/\" \/>\n<meta property=\"article:modified_time\" content=\"2025-07-03T17:02:33+02:00\" \/>\n<meta property=\"og:image\" content=\"https:\/\/theplayoffs.news\/fr\/wp-content\/uploads\/2025\/07\/USATSI_25976772.jpg\" \/>\n\t<meta property=\"og:image:width\" content=\"1920\" \/>\n\t<meta property=\"og:image:height\" content=\"1280\" \/>\n\t<meta property=\"og:image:type\" content=\"image\/jpeg\" \/>\n<meta name=\"author\" content=\"Romain Balle\" \/>\n<meta name=\"twitter:card\" content=\"summary_large_image\" \/>\n<meta name=\"twitter:creator\" content=\"@TheFreeAgentFR\" \/>\n<meta name=\"twitter:site\" content=\"@TheFreeAgentFR\" \/>\n<meta name=\"twitter:label1\" content=\"\u00c9crit par\" \/>\n\t<meta name=\"twitter:data1\" content=\"Romain Balle\" \/>\n\t<meta name=\"twitter:label2\" content=\"Dur\u00e9e de lecture estim\u00e9e\" \/>\n\t<meta name=\"twitter:data2\" content=\"3 minutes\" \/>\n<script type=\"application\/ld+json\" class=\"yoast-schema-graph\">{\"@context\":\"https:\/\/schema.org\",\"@graph\":[{\"@type\":\"WebPage\",\"@id\":\"https:\/\/theplayoffs.news\/fr\/actualite-nba\/heat-un-possible-deal-autour-dandrew-wiggins-avec-les-lakers\/\",\"url\":\"https:\/\/theplayoffs.news\/fr\/actualite-nba\/heat-un-possible-deal-autour-dandrew-wiggins-avec-les-lakers\/\",\"name\":\"Heat : Un possible deal autour d\\\\'Andrew Wiggins avec les Lakers ?\",\"isPartOf\":{\"@id\":\"https:\/\/theplayoffs.news\/fr\/#website\"},\"primaryImageOfPage\":{\"@id\":\"https:\/\/theplayoffs.news\/fr\/actualite-nba\/heat-un-possible-deal-autour-dandrew-wiggins-avec-les-lakers\/#primaryimage\"},\"image\":{\"@id\":\"https:\/\/theplayoffs.news\/fr\/actualite-nba\/heat-un-possible-deal-autour-dandrew-wiggins-avec-les-lakers\/#primaryimage\"},\"thumbnailUrl\":\"https:\/\/theplayoffs.news\/fr\/wp-content\/uploads\/2025\/07\/USATSI_25976772.jpg\",\"datePublished\":\"2025-07-03T15:02:26+00:00\",\"dateModified\":\"2025-07-03T15:02:33+00:00\",\"author\":{\"@id\":\"https:\/\/theplayoffs.news\/fr\/#\/schema\/person\/6d5286c8c5dec1bbd3e6341f17a41111\"},\"description\":\"Le Heat de Miami pourrait se s\u00e9parer de son ailier Andrew Wiggins dans un \u00e9ventuel transfert avec les Los Angeles Lakers.\",\"breadcrumb\":{\"@id\":\"https:\/\/theplayoffs.news\/fr\/actualite-nba\/heat-un-possible-deal-autour-dandrew-wiggins-avec-les-lakers\/#breadcrumb\"},\"inLanguage\":\"fr-FR\",\"potentialAction\":[{\"@type\":\"ReadAction\",\"target\":[\"https:\/\/theplayoffs.news\/fr\/actualite-nba\/heat-un-possible-deal-autour-dandrew-wiggins-avec-les-lakers\/\"]}]},{\"@type\":\"ImageObject\",\"inLanguage\":\"fr-FR\",\"@id\":\"https:\/\/theplayoffs.news\/fr\/actualite-nba\/heat-un-possible-deal-autour-dandrew-wiggins-avec-les-lakers\/#primaryimage\",\"url\":\"https:\/\/theplayoffs.news\/fr\/wp-content\/uploads\/2025\/07\/USATSI_25976772.jpg\",\"contentUrl\":\"https:\/\/theplayoffs.news\/fr\/wp-content\/uploads\/2025\/07\/USATSI_25976772.jpg\",\"width\":1920,\"height\":1280,\"caption\":\"Apr 20, 2025; Cleveland, Ohio, USA; Miami Heat forward Andrew Wiggins (22) brings the ball up court in the first quarter against the Cleveland Cavaliers at Rocket Arena. Mandatory Credit: David Richard-Imagn Images\"},{\"@type\":\"BreadcrumbList\",\"@id\":\"https:\/\/theplayoffs.news\/fr\/actualite-nba\/heat-un-possible-deal-autour-dandrew-wiggins-avec-les-lakers\/#breadcrumb\",\"itemListElement\":[{\"@type\":\"ListItem\",\"position\":1,\"name\":\"Accueil\",\"item\":\"https:\/\/theplayoffs.news\/fr\/\"},{\"@type\":\"ListItem\",\"position\":2,\"name\":\"Heat\u00a0: Un possible deal autour d\u2019Andrew Wiggins avec les Lakers\u00a0?\"}]},{\"@type\":\"WebSite\",\"@id\":\"https:\/\/theplayoffs.news\/fr\/#website\",\"url\":\"https:\/\/theplayoffs.news\/fr\/\",\"name\":\"The Playoffs FR\",\"description\":\"NBA-NFL-NHL-MLB\",\"potentialAction\":[{\"@type\":\"SearchAction\",\"target\":{\"@type\":\"EntryPoint\",\"urlTemplate\":\"https:\/\/theplayoffs.news\/fr\/?s={search_term_string}\"},\"query-input\":{\"@type\":\"PropertyValueSpecification\",\"valueRequired\":true,\"valueName\":\"search_term_string\"}}],\"inLanguage\":\"fr-FR\"},{\"@type\":\"Person\",\"@id\":\"https:\/\/theplayoffs.news\/fr\/#\/schema\/person\/6d5286c8c5dec1bbd3e6341f17a41111\",\"name\":\"Romain Balle\",\"image\":{\"@type\":\"ImageObject\",\"inLanguage\":\"fr-FR\",\"@id\":\"https:\/\/theplayoffs.news\/fr\/#\/schema\/person\/image\/\",\"url\":\"https:\/\/secure.gravatar.com\/avatar\/05ddb849264c48c5ab2084b8927e8da5ec4ccb05c2bd91acb1c3d4c2785ce057?s=96&d=mm&r=g\",\"contentUrl\":\"https:\/\/secure.gravatar.com\/avatar\/05ddb849264c48c5ab2084b8927e8da5ec4ccb05c2bd91acb1c3d4c2785ce057?s=96&d=mm&r=g\",\"caption\":\"Romain Balle\"},\"url\":\"https:\/\/theplayoffs.news\/fr\/author\/romainballe02gmail-com\/\"}]}<\/script>\n<!-- \/ Yoast SEO plugin. -->","yoast_head_json":{"title":"Heat : Un possible deal autour d&#039;Andrew Wiggins avec les Lakers ?","description":"Le Heat de Miami pourrait se s&eacute;parer de son ailier Andrew Wiggins dans un &eacute;ventuel transfert avec les Los Angeles Lakers.","robots":{"index":"index","follow":"follow","max-snippet":"max-snippet:-1","max-image-preview":"max-image-preview:large","max-video-preview":"max-video-preview:-1"},"canonical":"https:\/\/theplayoffs.news\/fr\/actualite-nba\/heat-un-possible-deal-autour-dandrew-wiggins-avec-les-lakers\/","og_locale":"fr_FR","og_type":"article","og_title":"Heat : Un possible deal autour d&#039;Andrew Wiggins avec les Lakers ?","og_description":"Le Heat de Miami pourrait se s&eacute;parer de son ailier Andrew Wiggins dans un &eacute;ventuel transfert avec les Los Angeles Lakers.","og_url":"https:\/\/theplayoffs.news\/fr\/actualite-nba\/heat-un-possible-deal-autour-dandrew-wiggins-avec-les-lakers\/","og_site_name":"The Playoffs FR","article_publisher":"https:\/\/www.facebook.com\/TheFreeAgentFR\/","article_modified_time":"2025-07-03T15:02:33+00:00","og_image":[{"width":1920,"height":1280,"url":"https:\/\/theplayoffs.news\/fr\/wp-content\/uploads\/2025\/07\/USATSI_25976772.jpg","type":"image\/jpeg"}],"author":"Romain Balle","twitter_card":"summary_large_image","twitter_creator":"@TheFreeAgentFR","twitter_site":"@TheFreeAgentFR","twitter_misc":{"\u00c9crit par":"Romain Balle","Dur\u00e9e de lecture estim\u00e9e":"3 minutes"},"schema":{"@context":"https:\/\/schema.org","@graph":[{"@type":"WebPage","@id":"https:\/\/theplayoffs.news\/fr\/actualite-nba\/heat-un-possible-deal-autour-dandrew-wiggins-avec-les-lakers\/","url":"https:\/\/theplayoffs.news\/fr\/actualite-nba\/heat-un-possible-deal-autour-dandrew-wiggins-avec-les-lakers\/","name":"Heat : Un possible deal autour d\\'Andrew Wiggins avec les Lakers ?","isPartOf":{"@id":"https:\/\/theplayoffs.news\/fr\/#website"},"primaryImageOfPage":{"@id":"https:\/\/theplayoffs.news\/fr\/actualite-nba\/heat-un-possible-deal-autour-dandrew-wiggins-avec-les-lakers\/#primaryimage"},"image":{"@id":"https:\/\/theplayoffs.news\/fr\/actualite-nba\/heat-un-possible-deal-autour-dandrew-wiggins-avec-les-lakers\/#primaryimage"},"thumbnailUrl":"https:\/\/theplayoffs.news\/fr\/wp-content\/uploads\/2025\/07\/USATSI_25976772.jpg","datePublished":"2025-07-03T15:02:26+00:00","dateModified":"2025-07-03T15:02:33+00:00","author":{"@id":"https:\/\/theplayoffs.news\/fr\/#\/schema\/person\/6d5286c8c5dec1bbd3e6341f17a41111"},"description":"Le Heat de Miami pourrait se s\u00e9parer de son ailier Andrew Wiggins dans un \u00e9ventuel transfert avec les Los Angeles Lakers.","breadcrumb":{"@id":"https:\/\/theplayoffs.news\/fr\/actualite-nba\/heat-un-possible-deal-autour-dandrew-wiggins-avec-les-lakers\/#breadcrumb"},"inLanguage":"fr-FR","potentialAction":[{"@type":"ReadAction","target":["https:\/\/theplayoffs.news\/fr\/actualite-nba\/heat-un-possible-deal-autour-dandrew-wiggins-avec-les-lakers\/"]}]},{"@type":"ImageObject","inLanguage":"fr-FR","@id":"https:\/\/theplayoffs.news\/fr\/actualite-nba\/heat-un-possible-deal-autour-dandrew-wiggins-avec-les-lakers\/#primaryimage","url":"https:\/\/theplayoffs.news\/fr\/wp-content\/uploads\/2025\/07\/USATSI_25976772.jpg","contentUrl":"https:\/\/theplayoffs.news\/fr\/wp-content\/uploads\/2025\/07\/USATSI_25976772.jpg","width":1920,"height":1280,"caption":"Apr 20, 2025; Cleveland, Ohio, USA; Miami Heat forward Andrew Wiggins (22) brings the ball up court in the first quarter against the Cleveland Cavaliers at Rocket Arena. Mandatory Credit: David Richard-Imagn Images"},{"@type":"BreadcrumbList","@id":"https:\/\/theplayoffs.news\/fr\/actualite-nba\/heat-un-possible-deal-autour-dandrew-wiggins-avec-les-lakers\/#breadcrumb","itemListElement":[{"@type":"ListItem","position":1,"name":"Accueil","item":"https:\/\/theplayoffs.news\/fr\/"},{"@type":"ListItem","position":2,"name":"Heat\u00a0: Un possible deal autour d\u2019Andrew Wiggins avec les Lakers\u00a0?"}]},{"@type":"WebSite","@id":"https:\/\/theplayoffs.news\/fr\/#website","url":"https:\/\/theplayoffs.news\/fr\/","name":"The Playoffs FR","description":"NBA-NFL-NHL-MLB","potentialAction":[{"@type":"SearchAction","target":{"@type":"EntryPoint","urlTemplate":"https:\/\/theplayoffs.news\/fr\/?s={search_term_string}"},"query-input":{"@type":"PropertyValueSpecification","valueRequired":true,"valueName":"search_term_string"}}],"inLanguage":"fr-FR"},{"@type":"Person","@id":"https:\/\/theplayoffs.news\/fr\/#\/schema\/person\/6d5286c8c5dec1bbd3e6341f17a41111","name":"Romain Balle","image":{"@type":"ImageObject","inLanguage":"fr-FR","@id":"https:\/\/theplayoffs.news\/fr\/#\/schema\/person\/image\/","url":"https:\/\/secure.gravatar.com\/avatar\/05ddb849264c48c5ab2084b8927e8da5ec4ccb05c2bd91acb1c3d4c2785ce057?s=96&d=mm&r=g","contentUrl":"https:\/\/secure.gravatar.com\/avatar\/05ddb849264c48c5ab2084b8927e8da5ec4ccb05c2bd91acb1c3d4c2785ce057?s=96&d=mm&r=g","caption":"Romain Balle"},"url":"https:\/\/theplayoffs.news\/fr\/author\/romainballe02gmail-com\/"}]}},"_links":{"self":[{"href":"https:\/\/theplayoffs.news\/fr\/wp-json\/wp\/v2\/posts\/1496603","targetHints":{"allow":["GET"]}}],"collection":[{"href":"https:\/\/theplayoffs.news\/fr\/wp-json\/wp\/v2\/posts"}],"about":[{"href":"https:\/\/theplayoffs.news\/fr\/wp-json\/wp\/v2\/types\/post"}],"author":[{"embeddable":true,"href":"https:\/\/theplayoffs.news\/fr\/wp-json\/wp\/v2\/users\/180310210"}],"replies":[{"embeddable":true,"href":"https:\/\/theplayoffs.news\/fr\/wp-json\/wp\/v2\/comments?post=1496603"}],"version-history":[{"count":1,"href":"https:\/\/theplayoffs.news\/fr\/wp-json\/wp\/v2\/posts\/1496603\/revisions"}],"predecessor-version":[{"id":1496605,"href":"https:\/\/theplayoffs.news\/fr\/wp-json\/wp\/v2\/posts\/1496603\/revisions\/1496605"}],"wp:featuredmedia":[{"embeddable":true,"href":"https:\/\/theplayoffs.news\/fr\/wp-json\/wp\/v2\/media\/1496604"}],"wp:attachment":[{"href":"https:\/\/theplayoffs.news\/fr\/wp-json\/wp\/v2\/media?parent=1496603"}],"wp:term":[{"taxonomy":"category","embeddable":true,"href":"https:\/\/theplayoffs.news\/fr\/wp-json\/wp\/v2\/categories?post=1496603"},{"taxonomy":"post_tag","embeddable":true,"href":"https:\/\/theplayoffs.news\/fr\/wp-json\/wp\/v2\/tags?post=1496603"},{"taxonomy":"sport","embeddable":true,"href":"https:\/\/theplayoffs.news\/fr\/wp-json\/wp\/v2\/sport?post=1496603"},{"taxonomy":"saison","embeddable":true,"href":"https:\/\/theplayoffs.news\/fr\/wp-json\/wp\/v2\/saison?post=1496603"}],"curies":[{"name":"wp","href":"https:\/\/api.w.org\/{rel}","templated":true}]}}