{"id":1496315,"date":"2025-07-01T17:34:46","date_gmt":"2025-07-01T15:34:46","guid":{"rendered":"https:\/\/theplayoffs.news\/fr\/uncategorized\/\/"},"modified":"2025-07-01T17:34:52","modified_gmt":"2025-07-01T15:34:52","slug":"trade-nfl-darren-waller-nouveau-tight-end-des-dolphins","status":"publish","type":"post","link":"https:\/\/theplayoffs.news\/fr\/actualite-nfl\/trade-nfl-darren-waller-nouveau-tight-end-des-dolphins\/","title":{"rendered":"Trade NFL: Darren Waller, nouveau tight end des Dolphins!"},"content":{"rendered":"<p>C&rsquo;est un petit coup de th&eacute;&acirc;tre dans le petit monde de la NFL: Darren Waller sort de sa retraite pour rejoindre les Miami Dolphins! Le tight end, qui appartenait encore aux New York Giants malgr&eacute; l&rsquo;annonce de sa retraite, s&eacute;lectionn&eacute; au Pro Bowl par le pass&eacute;, revient sur les terrains dans le cadre d&rsquo;un trade qui a &eacute;t&eacute; annonc&eacute; ce mardi.<\/p><blockquote class=\"twitter-tweet\"><p lang=\"en\" dir=\"ltr\">Trade: Dolphins are trading a conditional 2026 sixth to the New York Giants for a 2027 seventh-round pick and Darren Waller.<br><br>Waller is coming out of retirement after agreeing to a one-year deal with the Dolphins worth up to $5 million, per Drew Rosenhaus and Robert Bailey.<\/p>&mdash; Adam Schefter (@AdamSchefter) <a href=\"https:\/\/twitter.com\/AdamSchefter\/status\/1940068218569466071?ref_src=twsrc%5Etfw\" class=\"trk-cta-link\" data-cta-trk='{\"ctaType\":\"Link\",\"ctaSubType\":\"main\"}'>July 1, 2025<\/a><\/blockquote><script async src=\"https:\/\/platform.twitter.com\/widgets.js\" charset=\"utf-8\"><\/script><p>Selon plusieurs sources, les Dolphins ont donc r&eacute;ussi &agrave; finaliser un &eacute;change avec les New York Giants. En retour de Darren Waller et d&rsquo;un choix de septi&egrave;me tour en 2027, la franchise floridienne envoie un choix conditionnel de sixi&egrave;me tour en 2026. Une transaction modeste sur le papier, mais potentiellement lourde de cons&eacute;quences pour une attaque de Miami en qu&ecirc;te de profondeur au poste de tight end surtout depuis quelques heures.<\/p><p>Ce retour inattendu sur les terrains intervient quelques mois apr&egrave;s que Waller a annonc&eacute; sa retraite durant l&rsquo;intersaison 2024, citant des raisons personnelles et des blessures r&eacute;currentes. Mais apr&egrave;s r&eacute;flexion et discussions avec ses agents, le joueur qui aura 33 ans au mois de septembre a accept&eacute; de signer un contrat d&rsquo;un an avec les Dolphins, pouvant aller jusqu&rsquo;&agrave; 5 millions de dollars.<\/p><p>Pour Miami, cette acquisition tombe &agrave; point nomm&eacute;. L&rsquo;&eacute;quipe <a href=\"https:\/\/theplayoffs.news\/fr\/actualite-nfl\/jalen-ramsey-file-aux-steelers\/\" class=\"trk-cta-link\" data-cta-trk='{\"ctaType\":\"Link\",\"ctaSubType\":\"main\"}'>vient tout juste de se s&eacute;parer de Jonnu Smith<\/a> lors d&rsquo;un &eacute;change r&eacute;alis&eacute; hier avec Pittsburgh, et l&rsquo;arriv&eacute;e de Waller repr&eacute;sente un renfort dans le jeu de passe pour le quarterback Tua Tagovailoa. Malgr&eacute; un historique m&eacute;dical fragile, Waller reste un tight end capable de r&eacute;aliser de bons matchs lorsqu&rsquo;il est en bonne sant&eacute;. Il avait notamment brill&eacute; sous les couleurs des Raiders avec deux saisons cons&eacute;cutives &agrave; plus de 1 100 yards (2019-2020).<\/p><p>Ce retour dans la ligue soul&egrave;ve une grande question: Darren Waller peut-il retrouver son niveau d&rsquo;avant son ann&eacute;e sabatique ? Les Dolphins, eux, misent clairement sur son exp&eacute;rience et son potentiel pour franchir un cap en 2025.<\/p><p>Cr&eacute;dit photo: &copy; Brad Penner-Imagn Images<\/p>\n","protected":false},"excerpt":{"rendered":"<p>NFL &#8211; Les Miami Dolphins viennent de trouver un accord pour acqu\u00e9rir Darren Waller<\/p>\n","protected":false},"author":180309964,"featured_media":1496317,"comment_status":"closed","ping_status":"closed","sticky":false,"template":"","format":"standard","meta":{"inline_featured_image":false,"kia_subtitle":"NFL - Les Miami Dolphins viennent de trouver un accord pour acqu\u00e9rir Darren Waller","_mux_skip_reasons":[],"proofreadBy":0,"footnotes":""},"categories":[118,8410,40,8408],"tags":[2850,864,816],"sport":[2785],"saison":[7475],"class_list":["post-1496315","post","type-post","status-publish","format-standard","has-post-thumbnail","hentry","category-actualite-nfl","category-football-americain","category-nfl","category-sports","tag-darren-waller","tag-miami-dolphins","tag-new-york-giants","sport-nfl","saison-7475"],"acf":[],"yoast_head":"<!-- This site is optimized with the Yoast SEO plugin v24.2 - https:\/\/yoast.com\/wordpress\/plugins\/seo\/ -->\n<title>Trade NFL: Darren Waller, nouveau tight end des Dolphins! - The Playoffs FR<\/title>\n<meta name=\"robots\" content=\"index, follow, max-snippet:-1, max-image-preview:large, max-video-preview:-1\" \/>\n<link rel=\"canonical\" href=\"https:\/\/theplayoffs.news\/fr\/actualite-nfl\/trade-nfl-darren-waller-nouveau-tight-end-des-dolphins\/\" \/>\n<meta property=\"og:locale\" content=\"fr_FR\" \/>\n<meta property=\"og:type\" content=\"article\" \/>\n<meta property=\"og:title\" content=\"Trade NFL: Darren Waller, nouveau tight end des Dolphins! - The Playoffs FR\" \/>\n<meta property=\"og:description\" content=\"NFL - Les Miami Dolphins viennent de trouver un accord pour acqu&eacute;rir Darren Waller\" \/>\n<meta property=\"og:url\" content=\"https:\/\/theplayoffs.news\/fr\/actualite-nfl\/trade-nfl-darren-waller-nouveau-tight-end-des-dolphins\/\" \/>\n<meta property=\"og:site_name\" content=\"The Playoffs FR\" \/>\n<meta property=\"article:publisher\" content=\"https:\/\/www.facebook.com\/TheFreeAgentFR\/\" \/>\n<meta property=\"article:modified_time\" content=\"2025-07-01T17:34:52+02:00\" \/>\n<meta property=\"og:image\" content=\"https:\/\/theplayoffs.news\/fr\/wp-content\/uploads\/2025\/07\/USATSI_22254783.jpg\" \/>\n\t<meta property=\"og:image:width\" content=\"1920\" \/>\n\t<meta property=\"og:image:height\" content=\"1280\" \/>\n\t<meta property=\"og:image:type\" content=\"image\/jpeg\" \/>\n<meta name=\"author\" content=\"Flavien Jumeau\" \/>\n<meta name=\"twitter:card\" content=\"summary_large_image\" \/>\n<meta name=\"twitter:creator\" content=\"@TheFreeAgentFR\" \/>\n<meta name=\"twitter:site\" content=\"@TheFreeAgentFR\" \/>\n<meta name=\"twitter:label1\" content=\"\u00c9crit par\" \/>\n\t<meta name=\"twitter:data1\" content=\"Flavien Jumeau\" \/>\n\t<meta name=\"twitter:label2\" content=\"Dur\u00e9e de lecture estim\u00e9e\" \/>\n\t<meta name=\"twitter:data2\" content=\"2 minutes\" \/>\n<script type=\"application\/ld+json\" class=\"yoast-schema-graph\">{\"@context\":\"https:\/\/schema.org\",\"@graph\":[{\"@type\":\"WebPage\",\"@id\":\"https:\/\/theplayoffs.news\/fr\/actualite-nfl\/trade-nfl-darren-waller-nouveau-tight-end-des-dolphins\/\",\"url\":\"https:\/\/theplayoffs.news\/fr\/actualite-nfl\/trade-nfl-darren-waller-nouveau-tight-end-des-dolphins\/\",\"name\":\"Trade NFL: Darren Waller, nouveau tight end des Dolphins! - The Playoffs FR\",\"isPartOf\":{\"@id\":\"https:\/\/theplayoffs.news\/fr\/#website\"},\"primaryImageOfPage\":{\"@id\":\"https:\/\/theplayoffs.news\/fr\/actualite-nfl\/trade-nfl-darren-waller-nouveau-tight-end-des-dolphins\/#primaryimage\"},\"image\":{\"@id\":\"https:\/\/theplayoffs.news\/fr\/actualite-nfl\/trade-nfl-darren-waller-nouveau-tight-end-des-dolphins\/#primaryimage\"},\"thumbnailUrl\":\"https:\/\/theplayoffs.news\/fr\/wp-content\/uploads\/2025\/07\/USATSI_22254783.jpg\",\"datePublished\":\"2025-07-01T15:34:46+00:00\",\"dateModified\":\"2025-07-01T15:34:52+00:00\",\"author\":{\"@id\":\"https:\/\/theplayoffs.news\/fr\/#\/schema\/person\/def63bc6746dc5957469b75feb99e66d\"},\"breadcrumb\":{\"@id\":\"https:\/\/theplayoffs.news\/fr\/actualite-nfl\/trade-nfl-darren-waller-nouveau-tight-end-des-dolphins\/#breadcrumb\"},\"inLanguage\":\"fr-FR\",\"potentialAction\":[{\"@type\":\"ReadAction\",\"target\":[\"https:\/\/theplayoffs.news\/fr\/actualite-nfl\/trade-nfl-darren-waller-nouveau-tight-end-des-dolphins\/\"]}]},{\"@type\":\"ImageObject\",\"inLanguage\":\"fr-FR\",\"@id\":\"https:\/\/theplayoffs.news\/fr\/actualite-nfl\/trade-nfl-darren-waller-nouveau-tight-end-des-dolphins\/#primaryimage\",\"url\":\"https:\/\/theplayoffs.news\/fr\/wp-content\/uploads\/2025\/07\/USATSI_22254783.jpg\",\"contentUrl\":\"https:\/\/theplayoffs.news\/fr\/wp-content\/uploads\/2025\/07\/USATSI_22254783.jpg\",\"width\":1920,\"height\":1280,\"caption\":\"Dec 31, 2023; East Rutherford, New Jersey, USA; New York Giants tight end Darren Waller (12) after a game against the Los Angeles Rams at MetLife Stadium. Mandatory Credit: Brad Penner-USA TODAY Sports\"},{\"@type\":\"BreadcrumbList\",\"@id\":\"https:\/\/theplayoffs.news\/fr\/actualite-nfl\/trade-nfl-darren-waller-nouveau-tight-end-des-dolphins\/#breadcrumb\",\"itemListElement\":[{\"@type\":\"ListItem\",\"position\":1,\"name\":\"Accueil\",\"item\":\"https:\/\/theplayoffs.news\/fr\/\"},{\"@type\":\"ListItem\",\"position\":2,\"name\":\"Trade NFL: Darren Waller, nouveau tight end des Dolphins!\"}]},{\"@type\":\"WebSite\",\"@id\":\"https:\/\/theplayoffs.news\/fr\/#website\",\"url\":\"https:\/\/theplayoffs.news\/fr\/\",\"name\":\"The Playoffs FR\",\"description\":\"NBA-NFL-NHL-MLB\",\"potentialAction\":[{\"@type\":\"SearchAction\",\"target\":{\"@type\":\"EntryPoint\",\"urlTemplate\":\"https:\/\/theplayoffs.news\/fr\/?s={search_term_string}\"},\"query-input\":{\"@type\":\"PropertyValueSpecification\",\"valueRequired\":true,\"valueName\":\"search_term_string\"}}],\"inLanguage\":\"fr-FR\"},{\"@type\":\"Person\",\"@id\":\"https:\/\/theplayoffs.news\/fr\/#\/schema\/person\/def63bc6746dc5957469b75feb99e66d\",\"name\":\"Flavien Jumeau\",\"image\":{\"@type\":\"ImageObject\",\"inLanguage\":\"fr-FR\",\"@id\":\"https:\/\/theplayoffs.news\/fr\/#\/schema\/person\/image\/\",\"url\":\"https:\/\/secure.gravatar.com\/avatar\/e7fa8ba5a4b7e4ce35fe152f083f352db28ad0acce692004ed88a7a7d78893f7?s=96&d=mm&r=g\",\"contentUrl\":\"https:\/\/secure.gravatar.com\/avatar\/e7fa8ba5a4b7e4ce35fe152f083f352db28ad0acce692004ed88a7a7d78893f7?s=96&d=mm&r=g\",\"caption\":\"Flavien Jumeau\"},\"description\":\"Amoureux du sport (et de vraiment tous les sports) depuis mon plus jeune \u00e2ge, j\u2019ai longtemps h\u00e9site entre le snooker et le curling. Finalement c\u2019est le foot US que j\u2019ai d\u00e9cid\u00e9 de choisir! Responsable foot US sur TPO et animateur du podcast Tailgate j\u2019ai pour mission de vous faire d\u00e9couvrir ce sport passionnant si ce n\u2019est pas encore fait et de vous donner les derni\u00e8res actus. Le tout dans la bonne humeur et avec toujours un jeu de mots ou deux savamment distill\u00e9s! Fan des Saints, pour moi Drew Brees est le vrai GOAT!\",\"url\":\"https:\/\/theplayoffs.news\/fr\/author\/flavien-jumeaugmail-com\/\"}]}<\/script>\n<!-- \/ Yoast SEO plugin. -->","yoast_head_json":{"title":"Trade NFL: Darren Waller, nouveau tight end des Dolphins! - The Playoffs FR","robots":{"index":"index","follow":"follow","max-snippet":"max-snippet:-1","max-image-preview":"max-image-preview:large","max-video-preview":"max-video-preview:-1"},"canonical":"https:\/\/theplayoffs.news\/fr\/actualite-nfl\/trade-nfl-darren-waller-nouveau-tight-end-des-dolphins\/","og_locale":"fr_FR","og_type":"article","og_title":"Trade NFL: Darren Waller, nouveau tight end des Dolphins! - The Playoffs FR","og_description":"NFL - Les Miami Dolphins viennent de trouver un accord pour acqu&eacute;rir Darren Waller","og_url":"https:\/\/theplayoffs.news\/fr\/actualite-nfl\/trade-nfl-darren-waller-nouveau-tight-end-des-dolphins\/","og_site_name":"The Playoffs FR","article_publisher":"https:\/\/www.facebook.com\/TheFreeAgentFR\/","article_modified_time":"2025-07-01T15:34:52+00:00","og_image":[{"width":1920,"height":1280,"url":"https:\/\/theplayoffs.news\/fr\/wp-content\/uploads\/2025\/07\/USATSI_22254783.jpg","type":"image\/jpeg"}],"author":"Flavien Jumeau","twitter_card":"summary_large_image","twitter_creator":"@TheFreeAgentFR","twitter_site":"@TheFreeAgentFR","twitter_misc":{"\u00c9crit par":"Flavien Jumeau","Dur\u00e9e de lecture estim\u00e9e":"2 minutes"},"schema":{"@context":"https:\/\/schema.org","@graph":[{"@type":"WebPage","@id":"https:\/\/theplayoffs.news\/fr\/actualite-nfl\/trade-nfl-darren-waller-nouveau-tight-end-des-dolphins\/","url":"https:\/\/theplayoffs.news\/fr\/actualite-nfl\/trade-nfl-darren-waller-nouveau-tight-end-des-dolphins\/","name":"Trade NFL: Darren Waller, nouveau tight end des Dolphins! - The Playoffs FR","isPartOf":{"@id":"https:\/\/theplayoffs.news\/fr\/#website"},"primaryImageOfPage":{"@id":"https:\/\/theplayoffs.news\/fr\/actualite-nfl\/trade-nfl-darren-waller-nouveau-tight-end-des-dolphins\/#primaryimage"},"image":{"@id":"https:\/\/theplayoffs.news\/fr\/actualite-nfl\/trade-nfl-darren-waller-nouveau-tight-end-des-dolphins\/#primaryimage"},"thumbnailUrl":"https:\/\/theplayoffs.news\/fr\/wp-content\/uploads\/2025\/07\/USATSI_22254783.jpg","datePublished":"2025-07-01T15:34:46+00:00","dateModified":"2025-07-01T15:34:52+00:00","author":{"@id":"https:\/\/theplayoffs.news\/fr\/#\/schema\/person\/def63bc6746dc5957469b75feb99e66d"},"breadcrumb":{"@id":"https:\/\/theplayoffs.news\/fr\/actualite-nfl\/trade-nfl-darren-waller-nouveau-tight-end-des-dolphins\/#breadcrumb"},"inLanguage":"fr-FR","potentialAction":[{"@type":"ReadAction","target":["https:\/\/theplayoffs.news\/fr\/actualite-nfl\/trade-nfl-darren-waller-nouveau-tight-end-des-dolphins\/"]}]},{"@type":"ImageObject","inLanguage":"fr-FR","@id":"https:\/\/theplayoffs.news\/fr\/actualite-nfl\/trade-nfl-darren-waller-nouveau-tight-end-des-dolphins\/#primaryimage","url":"https:\/\/theplayoffs.news\/fr\/wp-content\/uploads\/2025\/07\/USATSI_22254783.jpg","contentUrl":"https:\/\/theplayoffs.news\/fr\/wp-content\/uploads\/2025\/07\/USATSI_22254783.jpg","width":1920,"height":1280,"caption":"Dec 31, 2023; East Rutherford, New Jersey, USA; New York Giants tight end Darren Waller (12) after a game against the Los Angeles Rams at MetLife Stadium. Mandatory Credit: Brad Penner-USA TODAY Sports"},{"@type":"BreadcrumbList","@id":"https:\/\/theplayoffs.news\/fr\/actualite-nfl\/trade-nfl-darren-waller-nouveau-tight-end-des-dolphins\/#breadcrumb","itemListElement":[{"@type":"ListItem","position":1,"name":"Accueil","item":"https:\/\/theplayoffs.news\/fr\/"},{"@type":"ListItem","position":2,"name":"Trade NFL: Darren Waller, nouveau tight end des Dolphins!"}]},{"@type":"WebSite","@id":"https:\/\/theplayoffs.news\/fr\/#website","url":"https:\/\/theplayoffs.news\/fr\/","name":"The Playoffs FR","description":"NBA-NFL-NHL-MLB","potentialAction":[{"@type":"SearchAction","target":{"@type":"EntryPoint","urlTemplate":"https:\/\/theplayoffs.news\/fr\/?s={search_term_string}"},"query-input":{"@type":"PropertyValueSpecification","valueRequired":true,"valueName":"search_term_string"}}],"inLanguage":"fr-FR"},{"@type":"Person","@id":"https:\/\/theplayoffs.news\/fr\/#\/schema\/person\/def63bc6746dc5957469b75feb99e66d","name":"Flavien Jumeau","image":{"@type":"ImageObject","inLanguage":"fr-FR","@id":"https:\/\/theplayoffs.news\/fr\/#\/schema\/person\/image\/","url":"https:\/\/secure.gravatar.com\/avatar\/e7fa8ba5a4b7e4ce35fe152f083f352db28ad0acce692004ed88a7a7d78893f7?s=96&d=mm&r=g","contentUrl":"https:\/\/secure.gravatar.com\/avatar\/e7fa8ba5a4b7e4ce35fe152f083f352db28ad0acce692004ed88a7a7d78893f7?s=96&d=mm&r=g","caption":"Flavien Jumeau"},"description":"Amoureux du sport (et de vraiment tous les sports) depuis mon plus jeune \u00e2ge, j\u2019ai longtemps h\u00e9site entre le snooker et le curling. Finalement c\u2019est le foot US que j\u2019ai d\u00e9cid\u00e9 de choisir! Responsable foot US sur TPO et animateur du podcast Tailgate j\u2019ai pour mission de vous faire d\u00e9couvrir ce sport passionnant si ce n\u2019est pas encore fait et de vous donner les derni\u00e8res actus. Le tout dans la bonne humeur et avec toujours un jeu de mots ou deux savamment distill\u00e9s! Fan des Saints, pour moi Drew Brees est le vrai GOAT!","url":"https:\/\/theplayoffs.news\/fr\/author\/flavien-jumeaugmail-com\/"}]}},"_links":{"self":[{"href":"https:\/\/theplayoffs.news\/fr\/wp-json\/wp\/v2\/posts\/1496315","targetHints":{"allow":["GET"]}}],"collection":[{"href":"https:\/\/theplayoffs.news\/fr\/wp-json\/wp\/v2\/posts"}],"about":[{"href":"https:\/\/theplayoffs.news\/fr\/wp-json\/wp\/v2\/types\/post"}],"author":[{"embeddable":true,"href":"https:\/\/theplayoffs.news\/fr\/wp-json\/wp\/v2\/users\/180309964"}],"replies":[{"embeddable":true,"href":"https:\/\/theplayoffs.news\/fr\/wp-json\/wp\/v2\/comments?post=1496315"}],"version-history":[{"count":1,"href":"https:\/\/theplayoffs.news\/fr\/wp-json\/wp\/v2\/posts\/1496315\/revisions"}],"predecessor-version":[{"id":1496318,"href":"https:\/\/theplayoffs.news\/fr\/wp-json\/wp\/v2\/posts\/1496315\/revisions\/1496318"}],"wp:featuredmedia":[{"embeddable":true,"href":"https:\/\/theplayoffs.news\/fr\/wp-json\/wp\/v2\/media\/1496317"}],"wp:attachment":[{"href":"https:\/\/theplayoffs.news\/fr\/wp-json\/wp\/v2\/media?parent=1496315"}],"wp:term":[{"taxonomy":"category","embeddable":true,"href":"https:\/\/theplayoffs.news\/fr\/wp-json\/wp\/v2\/categories?post=1496315"},{"taxonomy":"post_tag","embeddable":true,"href":"https:\/\/theplayoffs.news\/fr\/wp-json\/wp\/v2\/tags?post=1496315"},{"taxonomy":"sport","embeddable":true,"href":"https:\/\/theplayoffs.news\/fr\/wp-json\/wp\/v2\/sport?post=1496315"},{"taxonomy":"saison","embeddable":true,"href":"https:\/\/theplayoffs.news\/fr\/wp-json\/wp\/v2\/saison?post=1496315"}],"curies":[{"name":"wp","href":"https:\/\/api.w.org\/{rel}","templated":true}]}}