{"id":1495644,"date":"2025-06-27T06:46:16","date_gmt":"2025-06-27T04:46:16","guid":{"rendered":"https:\/\/theplayoffs.news\/fr\/uncategorized\/\/"},"modified":"2025-06-27T06:46:22","modified_gmt":"2025-06-27T04:46:22","slug":"new-england-patriots-clap-de-fin-pour-wilfried-pene","status":"publish","type":"post","link":"https:\/\/theplayoffs.news\/fr\/actualite-nfl\/new-england-patriots-clap-de-fin-pour-wilfried-pene\/","title":{"rendered":"New England Patriots: Clap de fin pour Wilfried Pene!"},"content":{"rendered":"<p>L&rsquo;aventure en NFL du joueur fran&ccedil;ais Wilfried Pene a connu un coup d&rsquo;arr&ecirc;t ce jeudi soir. Les New England Patriots ont annonc&eacute; ce jeudi <a href=\"https:\/\/www.patriots.com\/news\/patriots-release-dt-wilfried-pene\" class=\"trk-cta-link\" data-cta-trk='{\"ctaType\":\"Link\",\"ctaSubType\":\"main\"}'>la lib&eacute;ration du joueur fran&ccedil;ais<\/a>, recrut&eacute; comme agent libre non-draft&eacute; il y a moins d&rsquo;un mois. Le d&eacute;fenseur de 24 ans, originaire de la ville de Tours, n&rsquo;aura finalement pass&eacute; que quelques semaines au sein de la franchise du Massachusetts.<\/p><p>Arriv&eacute; aux &Eacute;tats-Unis pour poursuivre son r&ecirc;ve de football am&eacute;ricain, Wilfried Pene a fait ses classes &agrave; Virginia Tech, o&ugrave; il a &eacute;volu&eacute; durant plusieurs saisons. Solide gabarit de 1m88 pour 128 kg, il a disput&eacute; 34 matchs universitaires sous les couleurs des Hokies, cumulant 63 plaquages et 4 sacks. Lors de sa derni&egrave;re saison universitaire, les performances du fran&ccedil;ais furent particuli&egrave;rement encourageante avec 33 plaquages et 3,5 sacks en 13 rencontres, ce qui lui a valu l&rsquo;attention de quelques franchises NFL &agrave; la sortie de la draft.<\/p><p>Le 12 mai, les <a href=\"https:\/\/theplayoffs.news\/fr\/actualite-nfl\/wilfried-pene-signe-chez-les-new-england-patriots\/\" class=\"trk-cta-link\" data-cta-trk='{\"ctaType\":\"Link\",\"ctaSubType\":\"main\"}'>Patriots avaient officialis&eacute; sa signature en tant qu&rsquo;agent libre rookie non draft&eacute;<\/a>, une opportunit&eacute; encore rare pour un joueur issu du football fran&ccedil;ais. Cette lib&eacute;ration rapide t&eacute;moigne toutefois de la grande comp&eacute;tition qui existe au sein du monde professionnel am&eacute;ricain, notamment en pr&eacute;-saison, o&ugrave; les &eacute;quipes testent de nombreux profils avant de finaliser leur effectif pour le camp d&rsquo;entra&icirc;nement.<\/p><p>Si cette premi&egrave;re exp&eacute;rience se solde par une d&eacute;ception, elle ne remet pas en question le potentiel et la d&eacute;termination du joueur tricolore. Wilfried Pene rejoint la courte liste des Fran&ccedil;ais ayant r&eacute;ussi &agrave; se frayer un chemin jusqu&rsquo;aux portes de la NFL. Reste &agrave; savoir si une autre franchise d&eacute;cidera de lui offrir une seconde chance. Car tout reste possible! Lib&eacute;rer par les New England Patriots, Wilfried Pene pourrait avoir une nouvelle chance ailleurs. Une nouvelle chance qui pourrait &ecirc;tre synonyme de NFL!<\/p><p>Cr&eacute;dit photo: &copy; Eric Canha-Imagn Images<\/p>\n","protected":false},"excerpt":{"rendered":"<p>NFL &#8211; Le jeune fran\u00e7ais Wilfried Pene a \u00e9t\u00e9 lib\u00e9r\u00e9 par les New England Patriots<\/p>\n","protected":false},"author":180309964,"featured_media":1495645,"comment_status":"closed","ping_status":"closed","sticky":false,"template":"","format":"standard","meta":{"inline_featured_image":false,"kia_subtitle":"NFL - Le jeune fran\u00e7ais Wilfried Pene a \u00e9t\u00e9 lib\u00e9r\u00e9 par les New England Patriots","_mux_skip_reasons":[],"proofreadBy":0,"footnotes":""},"categories":[118,8410,40,8408],"tags":[622,5623],"sport":[2785],"saison":[7475],"class_list":["post-1495644","post","type-post","status-publish","format-standard","has-post-thumbnail","hentry","category-actualite-nfl","category-football-americain","category-nfl","category-sports","tag-new-england-patriots","tag-wilfried-pene","sport-nfl","saison-7475"],"acf":[],"yoast_head":"<!-- This site is optimized with the Yoast SEO plugin v24.2 - https:\/\/yoast.com\/wordpress\/plugins\/seo\/ -->\n<title>New England Patriots: Clap de fin pour Wilfried Pene! - The Playoffs FR<\/title>\n<meta name=\"robots\" content=\"index, follow, max-snippet:-1, max-image-preview:large, max-video-preview:-1\" \/>\n<link rel=\"canonical\" href=\"https:\/\/theplayoffs.news\/fr\/actualite-nfl\/new-england-patriots-clap-de-fin-pour-wilfried-pene\/\" \/>\n<meta property=\"og:locale\" content=\"fr_FR\" \/>\n<meta property=\"og:type\" content=\"article\" \/>\n<meta property=\"og:title\" content=\"New England Patriots: Clap de fin pour Wilfried Pene! - The Playoffs FR\" \/>\n<meta property=\"og:description\" content=\"NFL - Le jeune fran&ccedil;ais Wilfried Pene a &eacute;t&eacute; lib&eacute;r&eacute; par les New England Patriots\" \/>\n<meta property=\"og:url\" content=\"https:\/\/theplayoffs.news\/fr\/actualite-nfl\/new-england-patriots-clap-de-fin-pour-wilfried-pene\/\" \/>\n<meta property=\"og:site_name\" content=\"The Playoffs FR\" \/>\n<meta property=\"article:publisher\" content=\"https:\/\/www.facebook.com\/TheFreeAgentFR\/\" \/>\n<meta property=\"article:modified_time\" content=\"2025-06-27T06:46:22+02:00\" \/>\n<meta property=\"og:image\" content=\"https:\/\/theplayoffs.news\/fr\/wp-content\/uploads\/2025\/06\/USATSI_26446034.jpg\" \/>\n\t<meta property=\"og:image:width\" content=\"1920\" \/>\n\t<meta property=\"og:image:height\" content=\"1280\" \/>\n\t<meta property=\"og:image:type\" content=\"image\/jpeg\" \/>\n<meta name=\"author\" content=\"Flavien Jumeau\" \/>\n<meta name=\"twitter:card\" content=\"summary_large_image\" \/>\n<meta name=\"twitter:creator\" content=\"@TheFreeAgentFR\" \/>\n<meta name=\"twitter:site\" content=\"@TheFreeAgentFR\" \/>\n<meta name=\"twitter:label1\" content=\"\u00c9crit par\" \/>\n\t<meta name=\"twitter:data1\" content=\"Flavien Jumeau\" \/>\n\t<meta name=\"twitter:label2\" content=\"Dur\u00e9e de lecture estim\u00e9e\" \/>\n\t<meta name=\"twitter:data2\" content=\"2 minutes\" \/>\n<script type=\"application\/ld+json\" class=\"yoast-schema-graph\">{\"@context\":\"https:\/\/schema.org\",\"@graph\":[{\"@type\":\"WebPage\",\"@id\":\"https:\/\/theplayoffs.news\/fr\/actualite-nfl\/new-england-patriots-clap-de-fin-pour-wilfried-pene\/\",\"url\":\"https:\/\/theplayoffs.news\/fr\/actualite-nfl\/new-england-patriots-clap-de-fin-pour-wilfried-pene\/\",\"name\":\"New England Patriots: Clap de fin pour Wilfried Pene! - The Playoffs FR\",\"isPartOf\":{\"@id\":\"https:\/\/theplayoffs.news\/fr\/#website\"},\"primaryImageOfPage\":{\"@id\":\"https:\/\/theplayoffs.news\/fr\/actualite-nfl\/new-england-patriots-clap-de-fin-pour-wilfried-pene\/#primaryimage\"},\"image\":{\"@id\":\"https:\/\/theplayoffs.news\/fr\/actualite-nfl\/new-england-patriots-clap-de-fin-pour-wilfried-pene\/#primaryimage\"},\"thumbnailUrl\":\"https:\/\/theplayoffs.news\/fr\/wp-content\/uploads\/2025\/06\/USATSI_26446034.jpg\",\"datePublished\":\"2025-06-27T04:46:16+00:00\",\"dateModified\":\"2025-06-27T04:46:22+00:00\",\"author\":{\"@id\":\"https:\/\/theplayoffs.news\/fr\/#\/schema\/person\/def63bc6746dc5957469b75feb99e66d\"},\"breadcrumb\":{\"@id\":\"https:\/\/theplayoffs.news\/fr\/actualite-nfl\/new-england-patriots-clap-de-fin-pour-wilfried-pene\/#breadcrumb\"},\"inLanguage\":\"fr-FR\",\"potentialAction\":[{\"@type\":\"ReadAction\",\"target\":[\"https:\/\/theplayoffs.news\/fr\/actualite-nfl\/new-england-patriots-clap-de-fin-pour-wilfried-pene\/\"]}]},{\"@type\":\"ImageObject\",\"inLanguage\":\"fr-FR\",\"@id\":\"https:\/\/theplayoffs.news\/fr\/actualite-nfl\/new-england-patriots-clap-de-fin-pour-wilfried-pene\/#primaryimage\",\"url\":\"https:\/\/theplayoffs.news\/fr\/wp-content\/uploads\/2025\/06\/USATSI_26446034.jpg\",\"contentUrl\":\"https:\/\/theplayoffs.news\/fr\/wp-content\/uploads\/2025\/06\/USATSI_26446034.jpg\",\"width\":1920,\"height\":1280,\"caption\":\"Jun 9, 2025; Foxborough, MA, USA; New England Patriots defensive end Wilfried Pene (61) walks to the practice fields at Gillette Stadium. Mandatory Credit: Eric Canha-Imagn Images\"},{\"@type\":\"BreadcrumbList\",\"@id\":\"https:\/\/theplayoffs.news\/fr\/actualite-nfl\/new-england-patriots-clap-de-fin-pour-wilfried-pene\/#breadcrumb\",\"itemListElement\":[{\"@type\":\"ListItem\",\"position\":1,\"name\":\"Accueil\",\"item\":\"https:\/\/theplayoffs.news\/fr\/\"},{\"@type\":\"ListItem\",\"position\":2,\"name\":\"New England Patriots: Clap de fin pour Wilfried Pene!\"}]},{\"@type\":\"WebSite\",\"@id\":\"https:\/\/theplayoffs.news\/fr\/#website\",\"url\":\"https:\/\/theplayoffs.news\/fr\/\",\"name\":\"The Playoffs FR\",\"description\":\"NBA-NFL-NHL-MLB\",\"potentialAction\":[{\"@type\":\"SearchAction\",\"target\":{\"@type\":\"EntryPoint\",\"urlTemplate\":\"https:\/\/theplayoffs.news\/fr\/?s={search_term_string}\"},\"query-input\":{\"@type\":\"PropertyValueSpecification\",\"valueRequired\":true,\"valueName\":\"search_term_string\"}}],\"inLanguage\":\"fr-FR\"},{\"@type\":\"Person\",\"@id\":\"https:\/\/theplayoffs.news\/fr\/#\/schema\/person\/def63bc6746dc5957469b75feb99e66d\",\"name\":\"Flavien Jumeau\",\"image\":{\"@type\":\"ImageObject\",\"inLanguage\":\"fr-FR\",\"@id\":\"https:\/\/theplayoffs.news\/fr\/#\/schema\/person\/image\/\",\"url\":\"https:\/\/secure.gravatar.com\/avatar\/e7fa8ba5a4b7e4ce35fe152f083f352db28ad0acce692004ed88a7a7d78893f7?s=96&d=mm&r=g\",\"contentUrl\":\"https:\/\/secure.gravatar.com\/avatar\/e7fa8ba5a4b7e4ce35fe152f083f352db28ad0acce692004ed88a7a7d78893f7?s=96&d=mm&r=g\",\"caption\":\"Flavien Jumeau\"},\"description\":\"Amoureux du sport (et de vraiment tous les sports) depuis mon plus jeune \u00e2ge, j\u2019ai longtemps h\u00e9site entre le snooker et le curling. Finalement c\u2019est le foot US que j\u2019ai d\u00e9cid\u00e9 de choisir! Responsable foot US sur TPO et animateur du podcast Tailgate j\u2019ai pour mission de vous faire d\u00e9couvrir ce sport passionnant si ce n\u2019est pas encore fait et de vous donner les derni\u00e8res actus. Le tout dans la bonne humeur et avec toujours un jeu de mots ou deux savamment distill\u00e9s! Fan des Saints, pour moi Drew Brees est le vrai GOAT!\",\"url\":\"https:\/\/theplayoffs.news\/fr\/author\/flavien-jumeaugmail-com\/\"}]}<\/script>\n<!-- \/ Yoast SEO plugin. -->","yoast_head_json":{"title":"New England Patriots: Clap de fin pour Wilfried Pene! - The Playoffs FR","robots":{"index":"index","follow":"follow","max-snippet":"max-snippet:-1","max-image-preview":"max-image-preview:large","max-video-preview":"max-video-preview:-1"},"canonical":"https:\/\/theplayoffs.news\/fr\/actualite-nfl\/new-england-patriots-clap-de-fin-pour-wilfried-pene\/","og_locale":"fr_FR","og_type":"article","og_title":"New England Patriots: Clap de fin pour Wilfried Pene! - The Playoffs FR","og_description":"NFL - Le jeune fran&ccedil;ais Wilfried Pene a &eacute;t&eacute; lib&eacute;r&eacute; par les New England Patriots","og_url":"https:\/\/theplayoffs.news\/fr\/actualite-nfl\/new-england-patriots-clap-de-fin-pour-wilfried-pene\/","og_site_name":"The Playoffs FR","article_publisher":"https:\/\/www.facebook.com\/TheFreeAgentFR\/","article_modified_time":"2025-06-27T04:46:22+00:00","og_image":[{"width":1920,"height":1280,"url":"https:\/\/theplayoffs.news\/fr\/wp-content\/uploads\/2025\/06\/USATSI_26446034.jpg","type":"image\/jpeg"}],"author":"Flavien Jumeau","twitter_card":"summary_large_image","twitter_creator":"@TheFreeAgentFR","twitter_site":"@TheFreeAgentFR","twitter_misc":{"\u00c9crit par":"Flavien Jumeau","Dur\u00e9e de lecture estim\u00e9e":"2 minutes"},"schema":{"@context":"https:\/\/schema.org","@graph":[{"@type":"WebPage","@id":"https:\/\/theplayoffs.news\/fr\/actualite-nfl\/new-england-patriots-clap-de-fin-pour-wilfried-pene\/","url":"https:\/\/theplayoffs.news\/fr\/actualite-nfl\/new-england-patriots-clap-de-fin-pour-wilfried-pene\/","name":"New England Patriots: Clap de fin pour Wilfried Pene! - The Playoffs FR","isPartOf":{"@id":"https:\/\/theplayoffs.news\/fr\/#website"},"primaryImageOfPage":{"@id":"https:\/\/theplayoffs.news\/fr\/actualite-nfl\/new-england-patriots-clap-de-fin-pour-wilfried-pene\/#primaryimage"},"image":{"@id":"https:\/\/theplayoffs.news\/fr\/actualite-nfl\/new-england-patriots-clap-de-fin-pour-wilfried-pene\/#primaryimage"},"thumbnailUrl":"https:\/\/theplayoffs.news\/fr\/wp-content\/uploads\/2025\/06\/USATSI_26446034.jpg","datePublished":"2025-06-27T04:46:16+00:00","dateModified":"2025-06-27T04:46:22+00:00","author":{"@id":"https:\/\/theplayoffs.news\/fr\/#\/schema\/person\/def63bc6746dc5957469b75feb99e66d"},"breadcrumb":{"@id":"https:\/\/theplayoffs.news\/fr\/actualite-nfl\/new-england-patriots-clap-de-fin-pour-wilfried-pene\/#breadcrumb"},"inLanguage":"fr-FR","potentialAction":[{"@type":"ReadAction","target":["https:\/\/theplayoffs.news\/fr\/actualite-nfl\/new-england-patriots-clap-de-fin-pour-wilfried-pene\/"]}]},{"@type":"ImageObject","inLanguage":"fr-FR","@id":"https:\/\/theplayoffs.news\/fr\/actualite-nfl\/new-england-patriots-clap-de-fin-pour-wilfried-pene\/#primaryimage","url":"https:\/\/theplayoffs.news\/fr\/wp-content\/uploads\/2025\/06\/USATSI_26446034.jpg","contentUrl":"https:\/\/theplayoffs.news\/fr\/wp-content\/uploads\/2025\/06\/USATSI_26446034.jpg","width":1920,"height":1280,"caption":"Jun 9, 2025; Foxborough, MA, USA; New England Patriots defensive end Wilfried Pene (61) walks to the practice fields at Gillette Stadium. Mandatory Credit: Eric Canha-Imagn Images"},{"@type":"BreadcrumbList","@id":"https:\/\/theplayoffs.news\/fr\/actualite-nfl\/new-england-patriots-clap-de-fin-pour-wilfried-pene\/#breadcrumb","itemListElement":[{"@type":"ListItem","position":1,"name":"Accueil","item":"https:\/\/theplayoffs.news\/fr\/"},{"@type":"ListItem","position":2,"name":"New England Patriots: Clap de fin pour Wilfried Pene!"}]},{"@type":"WebSite","@id":"https:\/\/theplayoffs.news\/fr\/#website","url":"https:\/\/theplayoffs.news\/fr\/","name":"The Playoffs FR","description":"NBA-NFL-NHL-MLB","potentialAction":[{"@type":"SearchAction","target":{"@type":"EntryPoint","urlTemplate":"https:\/\/theplayoffs.news\/fr\/?s={search_term_string}"},"query-input":{"@type":"PropertyValueSpecification","valueRequired":true,"valueName":"search_term_string"}}],"inLanguage":"fr-FR"},{"@type":"Person","@id":"https:\/\/theplayoffs.news\/fr\/#\/schema\/person\/def63bc6746dc5957469b75feb99e66d","name":"Flavien Jumeau","image":{"@type":"ImageObject","inLanguage":"fr-FR","@id":"https:\/\/theplayoffs.news\/fr\/#\/schema\/person\/image\/","url":"https:\/\/secure.gravatar.com\/avatar\/e7fa8ba5a4b7e4ce35fe152f083f352db28ad0acce692004ed88a7a7d78893f7?s=96&d=mm&r=g","contentUrl":"https:\/\/secure.gravatar.com\/avatar\/e7fa8ba5a4b7e4ce35fe152f083f352db28ad0acce692004ed88a7a7d78893f7?s=96&d=mm&r=g","caption":"Flavien Jumeau"},"description":"Amoureux du sport (et de vraiment tous les sports) depuis mon plus jeune \u00e2ge, j\u2019ai longtemps h\u00e9site entre le snooker et le curling. Finalement c\u2019est le foot US que j\u2019ai d\u00e9cid\u00e9 de choisir! Responsable foot US sur TPO et animateur du podcast Tailgate j\u2019ai pour mission de vous faire d\u00e9couvrir ce sport passionnant si ce n\u2019est pas encore fait et de vous donner les derni\u00e8res actus. Le tout dans la bonne humeur et avec toujours un jeu de mots ou deux savamment distill\u00e9s! Fan des Saints, pour moi Drew Brees est le vrai GOAT!","url":"https:\/\/theplayoffs.news\/fr\/author\/flavien-jumeaugmail-com\/"}]}},"_links":{"self":[{"href":"https:\/\/theplayoffs.news\/fr\/wp-json\/wp\/v2\/posts\/1495644","targetHints":{"allow":["GET"]}}],"collection":[{"href":"https:\/\/theplayoffs.news\/fr\/wp-json\/wp\/v2\/posts"}],"about":[{"href":"https:\/\/theplayoffs.news\/fr\/wp-json\/wp\/v2\/types\/post"}],"author":[{"embeddable":true,"href":"https:\/\/theplayoffs.news\/fr\/wp-json\/wp\/v2\/users\/180309964"}],"replies":[{"embeddable":true,"href":"https:\/\/theplayoffs.news\/fr\/wp-json\/wp\/v2\/comments?post=1495644"}],"version-history":[{"count":1,"href":"https:\/\/theplayoffs.news\/fr\/wp-json\/wp\/v2\/posts\/1495644\/revisions"}],"predecessor-version":[{"id":1495646,"href":"https:\/\/theplayoffs.news\/fr\/wp-json\/wp\/v2\/posts\/1495644\/revisions\/1495646"}],"wp:featuredmedia":[{"embeddable":true,"href":"https:\/\/theplayoffs.news\/fr\/wp-json\/wp\/v2\/media\/1495645"}],"wp:attachment":[{"href":"https:\/\/theplayoffs.news\/fr\/wp-json\/wp\/v2\/media?parent=1495644"}],"wp:term":[{"taxonomy":"category","embeddable":true,"href":"https:\/\/theplayoffs.news\/fr\/wp-json\/wp\/v2\/categories?post=1495644"},{"taxonomy":"post_tag","embeddable":true,"href":"https:\/\/theplayoffs.news\/fr\/wp-json\/wp\/v2\/tags?post=1495644"},{"taxonomy":"sport","embeddable":true,"href":"https:\/\/theplayoffs.news\/fr\/wp-json\/wp\/v2\/sport?post=1495644"},{"taxonomy":"saison","embeddable":true,"href":"https:\/\/theplayoffs.news\/fr\/wp-json\/wp\/v2\/saison?post=1495644"}],"curies":[{"name":"wp","href":"https:\/\/api.w.org\/{rel}","templated":true}]}}