{"id":1495106,"date":"2025-06-21T20:20:53","date_gmt":"2025-06-21T18:20:53","guid":{"rendered":"https:\/\/theplayoffs.news\/fr\/uncategorized\/\/"},"modified":"2025-06-21T20:20:59","modified_gmt":"2025-06-21T18:20:59","slug":"recap-cefl-bowl-xix-les-black-panthers-sur-le-toit-de-leurope-28-21","status":"publish","type":"post","link":"https:\/\/theplayoffs.news\/fr\/d1\/recap-cefl-bowl-xix-les-black-panthers-sur-le-toit-de-leurope-28-21\/","title":{"rendered":"R\u00e9cap CEFL Bowl XIX: Les Black Panthers sur le toit de l&rsquo;Europe (28-21)!"},"content":{"rendered":"<p>Ils l&rsquo;ont fait! Ce samedi, les Black Panthers de Thonon-les-Bains avaient rendez-vous avec leur histoire europ&eacute;enne. Apr&egrave;s une finale perdue en 2023 et une demi-finale qui avait laiss&eacute; un go&ucirc;t amer en 2024, les double champions de France en titre disputaient, face aux Calanda Broncos, une <a href=\"https:\/\/theplayoffs.news\/fr\/d1\/preview-cefl-bowl-xix-les-black-panthers-a-la-conquete-finale-de-leurope\/\" class=\"trk-cta-link\" data-cta-trk='{\"ctaType\":\"Link\",\"ctaSubType\":\"main\"}'>nouvelle finale de la coupe d&rsquo;Europe CEFL<\/a>. Mais contrairement &agrave; leur m&eacute;saventure d&rsquo;il y a deux ans, les Black Panthers repartent cette fois avec la plus belle des victoires (28-21) et un titre de champion d&rsquo;Europe <a href=\"https:\/\/www.european-league.com\/2025\/06\/19\/cefl-bowl-xix-announcement-and-live-stream\/\" class=\"trk-cta-link\" data-cta-trk='{\"ctaType\":\"Link\",\"ctaSubType\":\"main\"}'>CEFL 2025<\/a>.<\/p><p>Pendant toute la rencontre, les Black Panthers auront su r&eacute;pondre au d&eacute;fi propos&eacute; par les Calanda Broncos, v&eacute;ritable r&eacute;f&eacute;rence du football am&eacute;ricain helv&eacute;tique et europ&eacute;en depuis plusieurs saisons. Comme souvent, c&rsquo;est d&rsquo;abord les &eacute;quipes sp&eacute;ciales qui ont brill&eacute; en pla&ccedil;ant les haut savoyards id&eacute;alement sur le terrain apr&egrave;s un punt cafouill&eacute; par les suisses. L&rsquo;attaque a ensuite pris le dessus pendant toute la premi&egrave;re p&eacute;riode que ce soit &agrave; la passe avec des touchdowns de Benjamin Lolm&egrave;de et Adel Bafdile ou &agrave; la course avec Lucas Davoine qui traversa la d&eacute;fense des Broncos sur une quatri&egrave;me tentative. Les joueurs helv&egrave;tes de leur c&ocirc;t&eacute; ont tent&eacute; de martyriser les Black Panthers avec un jeu de course surpuissant (notamment gr&acirc;ce &agrave; Max Gray) qui leur permettra de rester au contact des doubles champions de France en titre.<\/p><p>Apr&egrave;s l&rsquo;attaque, les Black Panthers vont prouver une nouvelle fois qu&rsquo;ils poss&egrave;dent l&rsquo;un des effectifs les plus complets d&rsquo;Europe. Par deux fois, la d&eacute;fense des Black Panthers va r&eacute;ussir une interception dans les 5 derni&egrave;res minutes de la premi&egrave;re mi-temps. Puis au retour des vestiaires, les hommes de Larry Legault vont stopper plusieurs quatri&egrave;mes tentatives des Broncos pour garder leur avance au tableau d&rsquo;affichage! Jos&eacute; Tabora en personne se chargera alors de planter une derni&egrave;re banderille dans le dos des chevaux suisses.<\/p><p>Les Calanda Broncos vont alors tenter de revenir dans le match au terme d&rsquo;une fin de partie compl&egrave;tement folle. Max Gray, d&eacute;cid&eacute;ment intenable, est trouv&eacute; en profondeur dans la d&eacute;fense des Black P et ram&egrave;ne les Broncos &agrave; 7 petits points des co&eacute;quipiers d&rsquo;Adel Bafdile. Les Broncos auront m&ecirc;me une derni&egrave;re occasion &agrave; moins d&rsquo;une minute du terme de la partie mais la d&eacute;fense de Thonon tient bon &agrave; nouveau sur un quatri&egrave;me tentative. Cette fois, le titre de champion d&rsquo;Europe CEFL prendra bien la direction de Thonon-les-Bains!<\/p><p>Rien, vraiment rien, absolument rien, ne pouvait emp&ecirc;cher les Black Panthers de Thonon-les-Bains d&rsquo;&ecirc;tre couronn&eacute; champions d&rsquo;Europe CEFL dans cette saison 2025. Dominateurs dans presque tous les secteurs du jeu, les Black Panthers &eacute;taient simplement trop forts. Comme souvent ces derniers temps. Apr&egrave;s ce titre de champion d&rsquo;Europe, l&rsquo;&eacute;quipe de Haute-Savoie tentera dans une semaine d&rsquo;aller chercher un troisi&egrave;me titre de champion de France cons&eacute;cutif. Afin d&rsquo;asseoir encore plus sa domination sur le territoire national! Une domination qui s&rsquo;exporte aujourd&rsquo;hui aussi sur le continent europ&eacute;en.<\/p><h2 class=\"wp-block-heading\">Evolution du score:<\/h2><ul class=\"wp-block-list\">\n<li><strong>7-0: TD Benjamin Lolm&egrave;de<\/strong> (PAT Adel Bafdile)<\/li>\n\n\n\n<li><strong>7-7: TD Max Gray<\/strong> (PAT r&eacute;ussi)<\/li>\n\n\n\n<li><strong>14-7: TD Lucas Davoine<\/strong> (PAT Adel Bafdile)<\/li>\n\n\n\n<li><strong>14-14: TD Max Gray<\/strong> (PAT r&eacute;ussi)<\/li>\n\n\n\n<li><strong>21-14: TD Adel Bafdile<\/strong> (PAT Adel Bafdile)<\/li>\n\n\n\n<li><strong>28-14: TD Jos&eacute; Tabora<\/strong> (PAT Adel Bafdile)<\/li>\n\n\n\n<li><strong>28-21: TD Max Gray<\/strong> (PAT r&eacute;ussi)<\/li>\n<\/ul><p>Cr&eacute;dit photo: Guillaume Mouchet<\/p>\n","protected":false},"excerpt":{"rendered":"<p>CEFL &#8211; Les Black Panthers deviennent champions d&rsquo;Europe CEFL apr\u00e8s leur victoire sur les Calanda Broncos<\/p>\n","protected":false},"author":180309964,"featured_media":1495112,"comment_status":"closed","ping_status":"closed","sticky":false,"template":"","format":"standard","meta":{"inline_featured_image":false,"kia_subtitle":"CEFL - Les Black Panthers deviennent champions d'Europe CEFL apr\u00e8s leur victoire sur les Calanda Broncos","_mux_skip_reasons":[],"proofreadBy":0,"footnotes":""},"categories":[3324,8410,8408],"tags":[8023,8634,6058],"sport":[7979],"saison":[7475],"class_list":["post-1495106","post","type-post","status-publish","format-standard","has-post-thumbnail","hentry","category-d1","category-football-americain","category-sports","tag-black-panthers-thonon-les-bains-2","tag-calanda-broncos","tag-cefl-bowl","sport-d1-elite","saison-7475"],"acf":[],"yoast_head":"<!-- This site is optimized with the Yoast SEO plugin v24.2 - https:\/\/yoast.com\/wordpress\/plugins\/seo\/ -->\n<title>R&eacute;cap CEFL Bowl XIX: Les Black Panthers sur le toit de l&#039;Europe (28-21)! - The Playoffs FR<\/title>\n<meta name=\"robots\" content=\"index, follow, max-snippet:-1, max-image-preview:large, max-video-preview:-1\" \/>\n<link rel=\"canonical\" href=\"https:\/\/theplayoffs.news\/fr\/d1\/recap-cefl-bowl-xix-les-black-panthers-sur-le-toit-de-leurope-28-21\/\" \/>\n<meta property=\"og:locale\" content=\"fr_FR\" \/>\n<meta property=\"og:type\" content=\"article\" \/>\n<meta property=\"og:title\" content=\"R&eacute;cap CEFL Bowl XIX: Les Black Panthers sur le toit de l&#039;Europe (28-21)! - The Playoffs FR\" \/>\n<meta property=\"og:description\" content=\"CEFL - Les Black Panthers deviennent champions d&#039;Europe CEFL apr&egrave;s leur victoire sur les Calanda Broncos\" \/>\n<meta property=\"og:url\" content=\"https:\/\/theplayoffs.news\/fr\/d1\/recap-cefl-bowl-xix-les-black-panthers-sur-le-toit-de-leurope-28-21\/\" \/>\n<meta property=\"og:site_name\" content=\"The Playoffs FR\" \/>\n<meta property=\"article:publisher\" content=\"https:\/\/www.facebook.com\/TheFreeAgentFR\/\" \/>\n<meta property=\"article:modified_time\" content=\"2025-06-21T20:20:59+02:00\" \/>\n<meta property=\"og:image\" content=\"https:\/\/theplayoffs.news\/fr\/wp-content\/uploads\/2025\/06\/IMG_7417.jpeg\" \/>\n\t<meta property=\"og:image:width\" content=\"828\" \/>\n\t<meta property=\"og:image:height\" content=\"544\" \/>\n\t<meta property=\"og:image:type\" content=\"image\/jpeg\" \/>\n<meta name=\"author\" content=\"Flavien Jumeau\" \/>\n<meta name=\"twitter:card\" content=\"summary_large_image\" \/>\n<meta name=\"twitter:creator\" content=\"@TheFreeAgentFR\" \/>\n<meta name=\"twitter:site\" content=\"@TheFreeAgentFR\" \/>\n<meta name=\"twitter:label1\" content=\"\u00c9crit par\" \/>\n\t<meta name=\"twitter:data1\" content=\"Flavien Jumeau\" \/>\n\t<meta name=\"twitter:label2\" content=\"Dur\u00e9e de lecture estim\u00e9e\" \/>\n\t<meta name=\"twitter:data2\" content=\"3 minutes\" \/>\n<script type=\"application\/ld+json\" class=\"yoast-schema-graph\">{\"@context\":\"https:\/\/schema.org\",\"@graph\":[{\"@type\":\"WebPage\",\"@id\":\"https:\/\/theplayoffs.news\/fr\/d1\/recap-cefl-bowl-xix-les-black-panthers-sur-le-toit-de-leurope-28-21\/\",\"url\":\"https:\/\/theplayoffs.news\/fr\/d1\/recap-cefl-bowl-xix-les-black-panthers-sur-le-toit-de-leurope-28-21\/\",\"name\":\"R\u00e9cap CEFL Bowl XIX: Les Black Panthers sur le toit de l\\\\'Europe (28-21)! - The Playoffs FR\",\"isPartOf\":{\"@id\":\"https:\/\/theplayoffs.news\/fr\/#website\"},\"primaryImageOfPage\":{\"@id\":\"https:\/\/theplayoffs.news\/fr\/d1\/recap-cefl-bowl-xix-les-black-panthers-sur-le-toit-de-leurope-28-21\/#primaryimage\"},\"image\":{\"@id\":\"https:\/\/theplayoffs.news\/fr\/d1\/recap-cefl-bowl-xix-les-black-panthers-sur-le-toit-de-leurope-28-21\/#primaryimage\"},\"thumbnailUrl\":\"https:\/\/theplayoffs.news\/fr\/wp-content\/uploads\/2025\/06\/IMG_7417.jpeg\",\"datePublished\":\"2025-06-21T18:20:53+00:00\",\"dateModified\":\"2025-06-21T18:20:59+00:00\",\"author\":{\"@id\":\"https:\/\/theplayoffs.news\/fr\/#\/schema\/person\/def63bc6746dc5957469b75feb99e66d\"},\"breadcrumb\":{\"@id\":\"https:\/\/theplayoffs.news\/fr\/d1\/recap-cefl-bowl-xix-les-black-panthers-sur-le-toit-de-leurope-28-21\/#breadcrumb\"},\"inLanguage\":\"fr-FR\",\"potentialAction\":[{\"@type\":\"ReadAction\",\"target\":[\"https:\/\/theplayoffs.news\/fr\/d1\/recap-cefl-bowl-xix-les-black-panthers-sur-le-toit-de-leurope-28-21\/\"]}]},{\"@type\":\"ImageObject\",\"inLanguage\":\"fr-FR\",\"@id\":\"https:\/\/theplayoffs.news\/fr\/d1\/recap-cefl-bowl-xix-les-black-panthers-sur-le-toit-de-leurope-28-21\/#primaryimage\",\"url\":\"https:\/\/theplayoffs.news\/fr\/wp-content\/uploads\/2025\/06\/IMG_7417.jpeg\",\"contentUrl\":\"https:\/\/theplayoffs.news\/fr\/wp-content\/uploads\/2025\/06\/IMG_7417.jpeg\",\"width\":828,\"height\":544,\"caption\":\"CEFL Black Panthers\"},{\"@type\":\"BreadcrumbList\",\"@id\":\"https:\/\/theplayoffs.news\/fr\/d1\/recap-cefl-bowl-xix-les-black-panthers-sur-le-toit-de-leurope-28-21\/#breadcrumb\",\"itemListElement\":[{\"@type\":\"ListItem\",\"position\":1,\"name\":\"Accueil\",\"item\":\"https:\/\/theplayoffs.news\/fr\/\"},{\"@type\":\"ListItem\",\"position\":2,\"name\":\"R\u00e9cap CEFL Bowl XIX: Les Black Panthers sur le toit de l&rsquo;Europe (28-21)!\"}]},{\"@type\":\"WebSite\",\"@id\":\"https:\/\/theplayoffs.news\/fr\/#website\",\"url\":\"https:\/\/theplayoffs.news\/fr\/\",\"name\":\"The Playoffs FR\",\"description\":\"NBA-NFL-NHL-MLB\",\"potentialAction\":[{\"@type\":\"SearchAction\",\"target\":{\"@type\":\"EntryPoint\",\"urlTemplate\":\"https:\/\/theplayoffs.news\/fr\/?s={search_term_string}\"},\"query-input\":{\"@type\":\"PropertyValueSpecification\",\"valueRequired\":true,\"valueName\":\"search_term_string\"}}],\"inLanguage\":\"fr-FR\"},{\"@type\":\"Person\",\"@id\":\"https:\/\/theplayoffs.news\/fr\/#\/schema\/person\/def63bc6746dc5957469b75feb99e66d\",\"name\":\"Flavien Jumeau\",\"image\":{\"@type\":\"ImageObject\",\"inLanguage\":\"fr-FR\",\"@id\":\"https:\/\/theplayoffs.news\/fr\/#\/schema\/person\/image\/\",\"url\":\"https:\/\/secure.gravatar.com\/avatar\/e7fa8ba5a4b7e4ce35fe152f083f352db28ad0acce692004ed88a7a7d78893f7?s=96&d=mm&r=g\",\"contentUrl\":\"https:\/\/secure.gravatar.com\/avatar\/e7fa8ba5a4b7e4ce35fe152f083f352db28ad0acce692004ed88a7a7d78893f7?s=96&d=mm&r=g\",\"caption\":\"Flavien Jumeau\"},\"description\":\"Amoureux du sport (et de vraiment tous les sports) depuis mon plus jeune \u00e2ge, j\u2019ai longtemps h\u00e9site entre le snooker et le curling. Finalement c\u2019est le foot US que j\u2019ai d\u00e9cid\u00e9 de choisir! Responsable foot US sur TPO et animateur du podcast Tailgate j\u2019ai pour mission de vous faire d\u00e9couvrir ce sport passionnant si ce n\u2019est pas encore fait et de vous donner les derni\u00e8res actus. Le tout dans la bonne humeur et avec toujours un jeu de mots ou deux savamment distill\u00e9s! Fan des Saints, pour moi Drew Brees est le vrai GOAT!\",\"url\":\"https:\/\/theplayoffs.news\/fr\/author\/flavien-jumeaugmail-com\/\"}]}<\/script>\n<!-- \/ Yoast SEO plugin. -->","yoast_head_json":{"title":"R&eacute;cap CEFL Bowl XIX: Les Black Panthers sur le toit de l&#039;Europe (28-21)! - The Playoffs FR","robots":{"index":"index","follow":"follow","max-snippet":"max-snippet:-1","max-image-preview":"max-image-preview:large","max-video-preview":"max-video-preview:-1"},"canonical":"https:\/\/theplayoffs.news\/fr\/d1\/recap-cefl-bowl-xix-les-black-panthers-sur-le-toit-de-leurope-28-21\/","og_locale":"fr_FR","og_type":"article","og_title":"R&eacute;cap CEFL Bowl XIX: Les Black Panthers sur le toit de l&#039;Europe (28-21)! - The Playoffs FR","og_description":"CEFL - Les Black Panthers deviennent champions d&#039;Europe CEFL apr&egrave;s leur victoire sur les Calanda Broncos","og_url":"https:\/\/theplayoffs.news\/fr\/d1\/recap-cefl-bowl-xix-les-black-panthers-sur-le-toit-de-leurope-28-21\/","og_site_name":"The Playoffs FR","article_publisher":"https:\/\/www.facebook.com\/TheFreeAgentFR\/","article_modified_time":"2025-06-21T18:20:59+00:00","og_image":[{"width":828,"height":544,"url":"https:\/\/theplayoffs.news\/fr\/wp-content\/uploads\/2025\/06\/IMG_7417.jpeg","type":"image\/jpeg"}],"author":"Flavien Jumeau","twitter_card":"summary_large_image","twitter_creator":"@TheFreeAgentFR","twitter_site":"@TheFreeAgentFR","twitter_misc":{"\u00c9crit par":"Flavien Jumeau","Dur\u00e9e de lecture estim\u00e9e":"3 minutes"},"schema":{"@context":"https:\/\/schema.org","@graph":[{"@type":"WebPage","@id":"https:\/\/theplayoffs.news\/fr\/d1\/recap-cefl-bowl-xix-les-black-panthers-sur-le-toit-de-leurope-28-21\/","url":"https:\/\/theplayoffs.news\/fr\/d1\/recap-cefl-bowl-xix-les-black-panthers-sur-le-toit-de-leurope-28-21\/","name":"R\u00e9cap CEFL Bowl XIX: Les Black Panthers sur le toit de l\\'Europe (28-21)! - The Playoffs FR","isPartOf":{"@id":"https:\/\/theplayoffs.news\/fr\/#website"},"primaryImageOfPage":{"@id":"https:\/\/theplayoffs.news\/fr\/d1\/recap-cefl-bowl-xix-les-black-panthers-sur-le-toit-de-leurope-28-21\/#primaryimage"},"image":{"@id":"https:\/\/theplayoffs.news\/fr\/d1\/recap-cefl-bowl-xix-les-black-panthers-sur-le-toit-de-leurope-28-21\/#primaryimage"},"thumbnailUrl":"https:\/\/theplayoffs.news\/fr\/wp-content\/uploads\/2025\/06\/IMG_7417.jpeg","datePublished":"2025-06-21T18:20:53+00:00","dateModified":"2025-06-21T18:20:59+00:00","author":{"@id":"https:\/\/theplayoffs.news\/fr\/#\/schema\/person\/def63bc6746dc5957469b75feb99e66d"},"breadcrumb":{"@id":"https:\/\/theplayoffs.news\/fr\/d1\/recap-cefl-bowl-xix-les-black-panthers-sur-le-toit-de-leurope-28-21\/#breadcrumb"},"inLanguage":"fr-FR","potentialAction":[{"@type":"ReadAction","target":["https:\/\/theplayoffs.news\/fr\/d1\/recap-cefl-bowl-xix-les-black-panthers-sur-le-toit-de-leurope-28-21\/"]}]},{"@type":"ImageObject","inLanguage":"fr-FR","@id":"https:\/\/theplayoffs.news\/fr\/d1\/recap-cefl-bowl-xix-les-black-panthers-sur-le-toit-de-leurope-28-21\/#primaryimage","url":"https:\/\/theplayoffs.news\/fr\/wp-content\/uploads\/2025\/06\/IMG_7417.jpeg","contentUrl":"https:\/\/theplayoffs.news\/fr\/wp-content\/uploads\/2025\/06\/IMG_7417.jpeg","width":828,"height":544,"caption":"CEFL Black Panthers"},{"@type":"BreadcrumbList","@id":"https:\/\/theplayoffs.news\/fr\/d1\/recap-cefl-bowl-xix-les-black-panthers-sur-le-toit-de-leurope-28-21\/#breadcrumb","itemListElement":[{"@type":"ListItem","position":1,"name":"Accueil","item":"https:\/\/theplayoffs.news\/fr\/"},{"@type":"ListItem","position":2,"name":"R\u00e9cap CEFL Bowl XIX: Les Black Panthers sur le toit de l&rsquo;Europe (28-21)!"}]},{"@type":"WebSite","@id":"https:\/\/theplayoffs.news\/fr\/#website","url":"https:\/\/theplayoffs.news\/fr\/","name":"The Playoffs FR","description":"NBA-NFL-NHL-MLB","potentialAction":[{"@type":"SearchAction","target":{"@type":"EntryPoint","urlTemplate":"https:\/\/theplayoffs.news\/fr\/?s={search_term_string}"},"query-input":{"@type":"PropertyValueSpecification","valueRequired":true,"valueName":"search_term_string"}}],"inLanguage":"fr-FR"},{"@type":"Person","@id":"https:\/\/theplayoffs.news\/fr\/#\/schema\/person\/def63bc6746dc5957469b75feb99e66d","name":"Flavien Jumeau","image":{"@type":"ImageObject","inLanguage":"fr-FR","@id":"https:\/\/theplayoffs.news\/fr\/#\/schema\/person\/image\/","url":"https:\/\/secure.gravatar.com\/avatar\/e7fa8ba5a4b7e4ce35fe152f083f352db28ad0acce692004ed88a7a7d78893f7?s=96&d=mm&r=g","contentUrl":"https:\/\/secure.gravatar.com\/avatar\/e7fa8ba5a4b7e4ce35fe152f083f352db28ad0acce692004ed88a7a7d78893f7?s=96&d=mm&r=g","caption":"Flavien Jumeau"},"description":"Amoureux du sport (et de vraiment tous les sports) depuis mon plus jeune \u00e2ge, j\u2019ai longtemps h\u00e9site entre le snooker et le curling. Finalement c\u2019est le foot US que j\u2019ai d\u00e9cid\u00e9 de choisir! Responsable foot US sur TPO et animateur du podcast Tailgate j\u2019ai pour mission de vous faire d\u00e9couvrir ce sport passionnant si ce n\u2019est pas encore fait et de vous donner les derni\u00e8res actus. Le tout dans la bonne humeur et avec toujours un jeu de mots ou deux savamment distill\u00e9s! Fan des Saints, pour moi Drew Brees est le vrai GOAT!","url":"https:\/\/theplayoffs.news\/fr\/author\/flavien-jumeaugmail-com\/"}]}},"_links":{"self":[{"href":"https:\/\/theplayoffs.news\/fr\/wp-json\/wp\/v2\/posts\/1495106","targetHints":{"allow":["GET"]}}],"collection":[{"href":"https:\/\/theplayoffs.news\/fr\/wp-json\/wp\/v2\/posts"}],"about":[{"href":"https:\/\/theplayoffs.news\/fr\/wp-json\/wp\/v2\/types\/post"}],"author":[{"embeddable":true,"href":"https:\/\/theplayoffs.news\/fr\/wp-json\/wp\/v2\/users\/180309964"}],"replies":[{"embeddable":true,"href":"https:\/\/theplayoffs.news\/fr\/wp-json\/wp\/v2\/comments?post=1495106"}],"version-history":[{"count":1,"href":"https:\/\/theplayoffs.news\/fr\/wp-json\/wp\/v2\/posts\/1495106\/revisions"}],"predecessor-version":[{"id":1495113,"href":"https:\/\/theplayoffs.news\/fr\/wp-json\/wp\/v2\/posts\/1495106\/revisions\/1495113"}],"wp:featuredmedia":[{"embeddable":true,"href":"https:\/\/theplayoffs.news\/fr\/wp-json\/wp\/v2\/media\/1495112"}],"wp:attachment":[{"href":"https:\/\/theplayoffs.news\/fr\/wp-json\/wp\/v2\/media?parent=1495106"}],"wp:term":[{"taxonomy":"category","embeddable":true,"href":"https:\/\/theplayoffs.news\/fr\/wp-json\/wp\/v2\/categories?post=1495106"},{"taxonomy":"post_tag","embeddable":true,"href":"https:\/\/theplayoffs.news\/fr\/wp-json\/wp\/v2\/tags?post=1495106"},{"taxonomy":"sport","embeddable":true,"href":"https:\/\/theplayoffs.news\/fr\/wp-json\/wp\/v2\/sport?post=1495106"},{"taxonomy":"saison","embeddable":true,"href":"https:\/\/theplayoffs.news\/fr\/wp-json\/wp\/v2\/saison?post=1495106"}],"curies":[{"name":"wp","href":"https:\/\/api.w.org\/{rel}","templated":true}]}}