{"id":1494949,"date":"2025-06-20T07:27:00","date_gmt":"2025-06-20T05:27:00","guid":{"rendered":"https:\/\/theplayoffs.news\/fr\/uncategorized\/\/"},"modified":"2025-06-20T07:27:10","modified_gmt":"2025-06-20T05:27:10","slug":"chiefs-rashee-rice-et-josh-simmons-apte-pour-le-camp-dentrainement","status":"publish","type":"post","link":"https:\/\/theplayoffs.news\/fr\/actualite-nfl\/chiefs-rashee-rice-et-josh-simmons-apte-pour-le-camp-dentrainement\/","title":{"rendered":"Chiefs: Rashee Rice et Josh Simmons apte pour le camp d&rsquo;entra\u00eenement"},"content":{"rendered":"<p>Les <a href=\"https:\/\/theplayoffs.news\/fr\/actualite-nfl\/calendrier-nfl-2025-des-chiefs-de-kansas-city-adversaires-date-et-plus-encore\/\" class=\"trk-cta-link\" data-cta-trk='{\"ctaType\":\"Link\",\"ctaSubType\":\"main\"}'>Kansas City Chiefs<\/a> ont re&ccedil;u une excellente nouvelle &agrave; l&rsquo;approche de leur camp d&rsquo;entra&icirc;nement de cet &eacute;t&eacute;: le receveur Rashee Rice et le rookie de premier tour Josh Simmons seront pleinement op&eacute;rationnels pour la reprise &agrave; la fin du mois de juillet, sur le campus de Missouri Western State University. C&rsquo;est ce qu&rsquo;a <a href=\"https:\/\/www.thescore.com\/nfl\/news\/3301976\/chiefs-reid-rice-simmons-ready-for-training-camp\" class=\"trk-cta-link\" data-cta-trk='{\"ctaType\":\"Link\",\"ctaSubType\":\"main\"}'>confirm&eacute; l&rsquo;entra&icirc;neur principal Andy Reid<\/a> &agrave; l&rsquo;issue du dernier jour du minicamp obligatoire, cl&ocirc;tur&eacute; par un test de condition physique.<\/p><p>Rashee Rice, consid&eacute;r&eacute; comme l&rsquo;un des joueurs offensifs importants de l&rsquo;&eacute;quipe des Chiefs dans le futur, revient d&rsquo;une rupture du ligament crois&eacute; ant&eacute;rieur qui a mis pr&eacute;matur&eacute;ment fin &agrave; sa saison 2024 apr&egrave;s seulement quatre matchs. Avant sa blessure, il avait d&eacute;j&agrave; cumul&eacute; 24 r&eacute;ceptions pour 288 yards et deux touchdowns, laissant entrevoir un r&ocirc;le central dans l&rsquo;attaque men&eacute;e par Patrick Mahomes lors des prochaines saisons.<\/p><p>Josh Simmons, quant &agrave; lui, a vu sa cote chuter &agrave; la draft en raison d&rsquo;une rupture du tendon rotulien survenue &agrave; Ohio State. Malgr&eacute; cette blessure s&eacute;rieuse, Kansas City a mis&eacute; sur lui avec le 32e choix de la draft NFL 2025, esp&eacute;rant enfin stabiliser une ligne offensive mise &agrave; mal l&rsquo;an dernier, notamment au poste de left tackle. Josh Simmons pourrait s&rsquo;y imposer rapidement, dans un secteur o&ugrave; plusieurs joueurs se sont relay&eacute;s sans succ&egrave;s.<\/p><p>Le retour de Rice et de Marquise Brown, &eacute;galement bless&eacute; la saison derni&egrave;re, combin&eacute; &agrave; l&rsquo;&eacute;closion du jeune Xavier Worthy, offre d&eacute;sormais au champion en titre un trio de receveurs redoutables. &Agrave; cela s&rsquo;ajoute la pr&eacute;sence du v&eacute;t&eacute;ran Travis Kelce, en excellente forme, bien d&eacute;cid&eacute; &agrave; disputer sa 13e saison sous les couleurs des Chiefs.<\/p><p>Patrick Mahomes s&rsquo;est d&rsquo;ailleurs montr&eacute; plut&ocirc;t enthousiaste au regard de l&rsquo;effectif &agrave; la disposition des Kansas City Chiefs dans cette saison 2025: <\/p><blockquote class=\"wp-block-quote is-layout-flow wp-block-quote-is-layout-flow\">\n<p>&laquo; L&rsquo;objectif est toujours d&rsquo;&ecirc;tre la meilleure attaque de la ligue. Mais surtout, on veut gagner le Super Bowl. Et si cela passe par redevenir une attaque dominante, on est pr&ecirc;ts. &raquo;<\/p>\n<\/blockquote><p>Avec une attaque renforc&eacute;e et un Josh Simmons d&eacute;j&agrave; pr&ecirc;t &agrave; en d&eacute;coudre, les Chiefs affichent leurs ambitions : reconqu&eacute;rir leur statut de r&eacute;f&eacute;rence offensive en NFL et, bien &eacute;videmment, viser un nouveau sacre.<\/p><p>Cr&eacute;dit photo: &copy; Jayne Kamin-Oncea-Imagn Images<\/p>\n","protected":false},"excerpt":{"rendered":"<p>NFL &#8211; Les nouvelles sont plut\u00f4t bonnes sur le front des blessures pour les Kansas City Chiefs<\/p>\n","protected":false},"author":180309964,"featured_media":1494950,"comment_status":"closed","ping_status":"closed","sticky":false,"template":"","format":"standard","meta":{"inline_featured_image":false,"kia_subtitle":"NFL - Les nouvelles sont plut\u00f4t bonnes sur le front des blessures pour les Kansas City Chiefs","_mux_skip_reasons":[],"proofreadBy":0,"footnotes":""},"categories":[118,8410,40,8408],"tags":[8314,487,7283],"sport":[2785],"saison":[7475],"class_list":["post-1494949","post","type-post","status-publish","format-standard","has-post-thumbnail","hentry","category-actualite-nfl","category-football-americain","category-nfl","category-sports","tag-josh-simmons","tag-kansas-city-chiefs","tag-rashee-rice","sport-nfl","saison-7475"],"acf":[],"yoast_head":"<!-- This site is optimized with the Yoast SEO plugin v24.2 - https:\/\/yoast.com\/wordpress\/plugins\/seo\/ -->\n<title>Chiefs: Rashee Rice et Josh Simmons apte pour le camp d&#039;entra&icirc;nement - The Playoffs FR<\/title>\n<meta name=\"robots\" content=\"index, follow, max-snippet:-1, max-image-preview:large, max-video-preview:-1\" \/>\n<link rel=\"canonical\" href=\"https:\/\/theplayoffs.news\/fr\/actualite-nfl\/chiefs-rashee-rice-et-josh-simmons-apte-pour-le-camp-dentrainement\/\" \/>\n<meta property=\"og:locale\" content=\"fr_FR\" \/>\n<meta property=\"og:type\" content=\"article\" \/>\n<meta property=\"og:title\" content=\"Chiefs: Rashee Rice et Josh Simmons apte pour le camp d&#039;entra&icirc;nement - The Playoffs FR\" \/>\n<meta property=\"og:description\" content=\"NFL - Les nouvelles sont plut&ocirc;t bonnes sur le front des blessures pour les Kansas City Chiefs\" \/>\n<meta property=\"og:url\" content=\"https:\/\/theplayoffs.news\/fr\/actualite-nfl\/chiefs-rashee-rice-et-josh-simmons-apte-pour-le-camp-dentrainement\/\" \/>\n<meta property=\"og:site_name\" content=\"The Playoffs FR\" \/>\n<meta property=\"article:publisher\" content=\"https:\/\/www.facebook.com\/TheFreeAgentFR\/\" \/>\n<meta property=\"article:modified_time\" content=\"2025-06-20T07:27:10+02:00\" \/>\n<meta property=\"og:image\" content=\"https:\/\/theplayoffs.news\/fr\/wp-content\/uploads\/2025\/06\/USATSI_24370035.jpg\" \/>\n\t<meta property=\"og:image:width\" content=\"1920\" \/>\n\t<meta property=\"og:image:height\" content=\"1280\" \/>\n\t<meta property=\"og:image:type\" content=\"image\/jpeg\" \/>\n<meta name=\"author\" content=\"Flavien Jumeau\" \/>\n<meta name=\"twitter:card\" content=\"summary_large_image\" \/>\n<meta name=\"twitter:creator\" content=\"@TheFreeAgentFR\" \/>\n<meta name=\"twitter:site\" content=\"@TheFreeAgentFR\" \/>\n<meta name=\"twitter:label1\" content=\"\u00c9crit par\" \/>\n\t<meta name=\"twitter:data1\" content=\"Flavien Jumeau\" \/>\n\t<meta name=\"twitter:label2\" content=\"Dur\u00e9e de lecture estim\u00e9e\" \/>\n\t<meta name=\"twitter:data2\" content=\"2 minutes\" \/>\n<script type=\"application\/ld+json\" class=\"yoast-schema-graph\">{\"@context\":\"https:\/\/schema.org\",\"@graph\":[{\"@type\":\"WebPage\",\"@id\":\"https:\/\/theplayoffs.news\/fr\/actualite-nfl\/chiefs-rashee-rice-et-josh-simmons-apte-pour-le-camp-dentrainement\/\",\"url\":\"https:\/\/theplayoffs.news\/fr\/actualite-nfl\/chiefs-rashee-rice-et-josh-simmons-apte-pour-le-camp-dentrainement\/\",\"name\":\"Chiefs: Rashee Rice et Josh Simmons apte pour le camp d\\\\'entra\u00eenement - The Playoffs FR\",\"isPartOf\":{\"@id\":\"https:\/\/theplayoffs.news\/fr\/#website\"},\"primaryImageOfPage\":{\"@id\":\"https:\/\/theplayoffs.news\/fr\/actualite-nfl\/chiefs-rashee-rice-et-josh-simmons-apte-pour-le-camp-dentrainement\/#primaryimage\"},\"image\":{\"@id\":\"https:\/\/theplayoffs.news\/fr\/actualite-nfl\/chiefs-rashee-rice-et-josh-simmons-apte-pour-le-camp-dentrainement\/#primaryimage\"},\"thumbnailUrl\":\"https:\/\/theplayoffs.news\/fr\/wp-content\/uploads\/2025\/06\/USATSI_24370035.jpg\",\"datePublished\":\"2025-06-20T05:27:00+00:00\",\"dateModified\":\"2025-06-20T05:27:10+00:00\",\"author\":{\"@id\":\"https:\/\/theplayoffs.news\/fr\/#\/schema\/person\/def63bc6746dc5957469b75feb99e66d\"},\"breadcrumb\":{\"@id\":\"https:\/\/theplayoffs.news\/fr\/actualite-nfl\/chiefs-rashee-rice-et-josh-simmons-apte-pour-le-camp-dentrainement\/#breadcrumb\"},\"inLanguage\":\"fr-FR\",\"potentialAction\":[{\"@type\":\"ReadAction\",\"target\":[\"https:\/\/theplayoffs.news\/fr\/actualite-nfl\/chiefs-rashee-rice-et-josh-simmons-apte-pour-le-camp-dentrainement\/\"]}]},{\"@type\":\"ImageObject\",\"inLanguage\":\"fr-FR\",\"@id\":\"https:\/\/theplayoffs.news\/fr\/actualite-nfl\/chiefs-rashee-rice-et-josh-simmons-apte-pour-le-camp-dentrainement\/#primaryimage\",\"url\":\"https:\/\/theplayoffs.news\/fr\/wp-content\/uploads\/2025\/06\/USATSI_24370035.jpg\",\"contentUrl\":\"https:\/\/theplayoffs.news\/fr\/wp-content\/uploads\/2025\/06\/USATSI_24370035.jpg\",\"width\":1920,\"height\":1280,\"caption\":\"Sep 29, 2024; Inglewood, California, USA; Kansas City Chiefs wide receiver Rashee Rice (4) leaves the field following the game against the Los Angeles Chargers at SoFi Stadium. Mandatory Credit: Jayne Kamin-Oncea-Imagn Images\"},{\"@type\":\"BreadcrumbList\",\"@id\":\"https:\/\/theplayoffs.news\/fr\/actualite-nfl\/chiefs-rashee-rice-et-josh-simmons-apte-pour-le-camp-dentrainement\/#breadcrumb\",\"itemListElement\":[{\"@type\":\"ListItem\",\"position\":1,\"name\":\"Accueil\",\"item\":\"https:\/\/theplayoffs.news\/fr\/\"},{\"@type\":\"ListItem\",\"position\":2,\"name\":\"Chiefs: Rashee Rice et Josh Simmons apte pour le camp d&rsquo;entra\u00eenement\"}]},{\"@type\":\"WebSite\",\"@id\":\"https:\/\/theplayoffs.news\/fr\/#website\",\"url\":\"https:\/\/theplayoffs.news\/fr\/\",\"name\":\"The Playoffs FR\",\"description\":\"NBA-NFL-NHL-MLB\",\"potentialAction\":[{\"@type\":\"SearchAction\",\"target\":{\"@type\":\"EntryPoint\",\"urlTemplate\":\"https:\/\/theplayoffs.news\/fr\/?s={search_term_string}\"},\"query-input\":{\"@type\":\"PropertyValueSpecification\",\"valueRequired\":true,\"valueName\":\"search_term_string\"}}],\"inLanguage\":\"fr-FR\"},{\"@type\":\"Person\",\"@id\":\"https:\/\/theplayoffs.news\/fr\/#\/schema\/person\/def63bc6746dc5957469b75feb99e66d\",\"name\":\"Flavien Jumeau\",\"image\":{\"@type\":\"ImageObject\",\"inLanguage\":\"fr-FR\",\"@id\":\"https:\/\/theplayoffs.news\/fr\/#\/schema\/person\/image\/\",\"url\":\"https:\/\/secure.gravatar.com\/avatar\/e7fa8ba5a4b7e4ce35fe152f083f352db28ad0acce692004ed88a7a7d78893f7?s=96&d=mm&r=g\",\"contentUrl\":\"https:\/\/secure.gravatar.com\/avatar\/e7fa8ba5a4b7e4ce35fe152f083f352db28ad0acce692004ed88a7a7d78893f7?s=96&d=mm&r=g\",\"caption\":\"Flavien Jumeau\"},\"description\":\"Amoureux du sport (et de vraiment tous les sports) depuis mon plus jeune \u00e2ge, j\u2019ai longtemps h\u00e9site entre le snooker et le curling. Finalement c\u2019est le foot US que j\u2019ai d\u00e9cid\u00e9 de choisir! Responsable foot US sur TPO et animateur du podcast Tailgate j\u2019ai pour mission de vous faire d\u00e9couvrir ce sport passionnant si ce n\u2019est pas encore fait et de vous donner les derni\u00e8res actus. Le tout dans la bonne humeur et avec toujours un jeu de mots ou deux savamment distill\u00e9s! Fan des Saints, pour moi Drew Brees est le vrai GOAT!\",\"url\":\"https:\/\/theplayoffs.news\/fr\/author\/flavien-jumeaugmail-com\/\"}]}<\/script>\n<!-- \/ Yoast SEO plugin. -->","yoast_head_json":{"title":"Chiefs: Rashee Rice et Josh Simmons apte pour le camp d&#039;entra&icirc;nement - The Playoffs FR","robots":{"index":"index","follow":"follow","max-snippet":"max-snippet:-1","max-image-preview":"max-image-preview:large","max-video-preview":"max-video-preview:-1"},"canonical":"https:\/\/theplayoffs.news\/fr\/actualite-nfl\/chiefs-rashee-rice-et-josh-simmons-apte-pour-le-camp-dentrainement\/","og_locale":"fr_FR","og_type":"article","og_title":"Chiefs: Rashee Rice et Josh Simmons apte pour le camp d&#039;entra&icirc;nement - The Playoffs FR","og_description":"NFL - Les nouvelles sont plut&ocirc;t bonnes sur le front des blessures pour les Kansas City Chiefs","og_url":"https:\/\/theplayoffs.news\/fr\/actualite-nfl\/chiefs-rashee-rice-et-josh-simmons-apte-pour-le-camp-dentrainement\/","og_site_name":"The Playoffs FR","article_publisher":"https:\/\/www.facebook.com\/TheFreeAgentFR\/","article_modified_time":"2025-06-20T05:27:10+00:00","og_image":[{"width":1920,"height":1280,"url":"https:\/\/theplayoffs.news\/fr\/wp-content\/uploads\/2025\/06\/USATSI_24370035.jpg","type":"image\/jpeg"}],"author":"Flavien Jumeau","twitter_card":"summary_large_image","twitter_creator":"@TheFreeAgentFR","twitter_site":"@TheFreeAgentFR","twitter_misc":{"\u00c9crit par":"Flavien Jumeau","Dur\u00e9e de lecture estim\u00e9e":"2 minutes"},"schema":{"@context":"https:\/\/schema.org","@graph":[{"@type":"WebPage","@id":"https:\/\/theplayoffs.news\/fr\/actualite-nfl\/chiefs-rashee-rice-et-josh-simmons-apte-pour-le-camp-dentrainement\/","url":"https:\/\/theplayoffs.news\/fr\/actualite-nfl\/chiefs-rashee-rice-et-josh-simmons-apte-pour-le-camp-dentrainement\/","name":"Chiefs: Rashee Rice et Josh Simmons apte pour le camp d\\'entra\u00eenement - The Playoffs FR","isPartOf":{"@id":"https:\/\/theplayoffs.news\/fr\/#website"},"primaryImageOfPage":{"@id":"https:\/\/theplayoffs.news\/fr\/actualite-nfl\/chiefs-rashee-rice-et-josh-simmons-apte-pour-le-camp-dentrainement\/#primaryimage"},"image":{"@id":"https:\/\/theplayoffs.news\/fr\/actualite-nfl\/chiefs-rashee-rice-et-josh-simmons-apte-pour-le-camp-dentrainement\/#primaryimage"},"thumbnailUrl":"https:\/\/theplayoffs.news\/fr\/wp-content\/uploads\/2025\/06\/USATSI_24370035.jpg","datePublished":"2025-06-20T05:27:00+00:00","dateModified":"2025-06-20T05:27:10+00:00","author":{"@id":"https:\/\/theplayoffs.news\/fr\/#\/schema\/person\/def63bc6746dc5957469b75feb99e66d"},"breadcrumb":{"@id":"https:\/\/theplayoffs.news\/fr\/actualite-nfl\/chiefs-rashee-rice-et-josh-simmons-apte-pour-le-camp-dentrainement\/#breadcrumb"},"inLanguage":"fr-FR","potentialAction":[{"@type":"ReadAction","target":["https:\/\/theplayoffs.news\/fr\/actualite-nfl\/chiefs-rashee-rice-et-josh-simmons-apte-pour-le-camp-dentrainement\/"]}]},{"@type":"ImageObject","inLanguage":"fr-FR","@id":"https:\/\/theplayoffs.news\/fr\/actualite-nfl\/chiefs-rashee-rice-et-josh-simmons-apte-pour-le-camp-dentrainement\/#primaryimage","url":"https:\/\/theplayoffs.news\/fr\/wp-content\/uploads\/2025\/06\/USATSI_24370035.jpg","contentUrl":"https:\/\/theplayoffs.news\/fr\/wp-content\/uploads\/2025\/06\/USATSI_24370035.jpg","width":1920,"height":1280,"caption":"Sep 29, 2024; Inglewood, California, USA; Kansas City Chiefs wide receiver Rashee Rice (4) leaves the field following the game against the Los Angeles Chargers at SoFi Stadium. Mandatory Credit: Jayne Kamin-Oncea-Imagn Images"},{"@type":"BreadcrumbList","@id":"https:\/\/theplayoffs.news\/fr\/actualite-nfl\/chiefs-rashee-rice-et-josh-simmons-apte-pour-le-camp-dentrainement\/#breadcrumb","itemListElement":[{"@type":"ListItem","position":1,"name":"Accueil","item":"https:\/\/theplayoffs.news\/fr\/"},{"@type":"ListItem","position":2,"name":"Chiefs: Rashee Rice et Josh Simmons apte pour le camp d&rsquo;entra\u00eenement"}]},{"@type":"WebSite","@id":"https:\/\/theplayoffs.news\/fr\/#website","url":"https:\/\/theplayoffs.news\/fr\/","name":"The Playoffs FR","description":"NBA-NFL-NHL-MLB","potentialAction":[{"@type":"SearchAction","target":{"@type":"EntryPoint","urlTemplate":"https:\/\/theplayoffs.news\/fr\/?s={search_term_string}"},"query-input":{"@type":"PropertyValueSpecification","valueRequired":true,"valueName":"search_term_string"}}],"inLanguage":"fr-FR"},{"@type":"Person","@id":"https:\/\/theplayoffs.news\/fr\/#\/schema\/person\/def63bc6746dc5957469b75feb99e66d","name":"Flavien Jumeau","image":{"@type":"ImageObject","inLanguage":"fr-FR","@id":"https:\/\/theplayoffs.news\/fr\/#\/schema\/person\/image\/","url":"https:\/\/secure.gravatar.com\/avatar\/e7fa8ba5a4b7e4ce35fe152f083f352db28ad0acce692004ed88a7a7d78893f7?s=96&d=mm&r=g","contentUrl":"https:\/\/secure.gravatar.com\/avatar\/e7fa8ba5a4b7e4ce35fe152f083f352db28ad0acce692004ed88a7a7d78893f7?s=96&d=mm&r=g","caption":"Flavien Jumeau"},"description":"Amoureux du sport (et de vraiment tous les sports) depuis mon plus jeune \u00e2ge, j\u2019ai longtemps h\u00e9site entre le snooker et le curling. Finalement c\u2019est le foot US que j\u2019ai d\u00e9cid\u00e9 de choisir! Responsable foot US sur TPO et animateur du podcast Tailgate j\u2019ai pour mission de vous faire d\u00e9couvrir ce sport passionnant si ce n\u2019est pas encore fait et de vous donner les derni\u00e8res actus. Le tout dans la bonne humeur et avec toujours un jeu de mots ou deux savamment distill\u00e9s! Fan des Saints, pour moi Drew Brees est le vrai GOAT!","url":"https:\/\/theplayoffs.news\/fr\/author\/flavien-jumeaugmail-com\/"}]}},"_links":{"self":[{"href":"https:\/\/theplayoffs.news\/fr\/wp-json\/wp\/v2\/posts\/1494949","targetHints":{"allow":["GET"]}}],"collection":[{"href":"https:\/\/theplayoffs.news\/fr\/wp-json\/wp\/v2\/posts"}],"about":[{"href":"https:\/\/theplayoffs.news\/fr\/wp-json\/wp\/v2\/types\/post"}],"author":[{"embeddable":true,"href":"https:\/\/theplayoffs.news\/fr\/wp-json\/wp\/v2\/users\/180309964"}],"replies":[{"embeddable":true,"href":"https:\/\/theplayoffs.news\/fr\/wp-json\/wp\/v2\/comments?post=1494949"}],"version-history":[{"count":1,"href":"https:\/\/theplayoffs.news\/fr\/wp-json\/wp\/v2\/posts\/1494949\/revisions"}],"predecessor-version":[{"id":1494951,"href":"https:\/\/theplayoffs.news\/fr\/wp-json\/wp\/v2\/posts\/1494949\/revisions\/1494951"}],"wp:featuredmedia":[{"embeddable":true,"href":"https:\/\/theplayoffs.news\/fr\/wp-json\/wp\/v2\/media\/1494950"}],"wp:attachment":[{"href":"https:\/\/theplayoffs.news\/fr\/wp-json\/wp\/v2\/media?parent=1494949"}],"wp:term":[{"taxonomy":"category","embeddable":true,"href":"https:\/\/theplayoffs.news\/fr\/wp-json\/wp\/v2\/categories?post=1494949"},{"taxonomy":"post_tag","embeddable":true,"href":"https:\/\/theplayoffs.news\/fr\/wp-json\/wp\/v2\/tags?post=1494949"},{"taxonomy":"sport","embeddable":true,"href":"https:\/\/theplayoffs.news\/fr\/wp-json\/wp\/v2\/sport?post=1494949"},{"taxonomy":"saison","embeddable":true,"href":"https:\/\/theplayoffs.news\/fr\/wp-json\/wp\/v2\/saison?post=1494949"}],"curies":[{"name":"wp","href":"https:\/\/api.w.org\/{rel}","templated":true}]}}