{"id":1494814,"date":"2025-06-19T09:52:59","date_gmt":"2025-06-19T07:52:59","guid":{"rendered":"https:\/\/theplayoffs.news\/fr\/uncategorized\/\/"},"modified":"2025-06-19T09:53:04","modified_gmt":"2025-06-19T07:53:04","slug":"giants-malik-nabers-devrait-pouvoir-participer-au-camp-dentrainement","status":"publish","type":"post","link":"https:\/\/theplayoffs.news\/fr\/actualite-nfl\/giants-malik-nabers-devrait-pouvoir-participer-au-camp-dentrainement\/","title":{"rendered":"Giants: Malik Nabers devrait pouvoir participer au camp d&rsquo;entra\u00eenement"},"content":{"rendered":"<p>Bonne nouvelle pour les New York Giants : leur jeune receveur vedette Malik Nabers devrait &ecirc;tre op&eacute;rationnel pour le d&eacute;but du camp d&rsquo;entra&icirc;nement pr&eacute;vu le mois prochain. L&rsquo;entra&icirc;neur principal Brian Daboll s&rsquo;est montr&eacute; rassurant ce mercredi, affirmant que <a href=\"https:\/\/www.thescore.com\/nfl\/news\/3301653\/toe-injury-not-expected-to-affect-nabers-training-camp-availability\" class=\"trk-cta-link\" data-cta-trk='{\"ctaType\":\"Link\",\"ctaSubType\":\"main\"}'>le joueur &laquo;&#8239;va bien&#8239;&raquo;<\/a> et que l&rsquo;organisation des Giants ne pr&eacute;voit aucun contretemps majeur concernant sa participation.<\/p><blockquote class=\"wp-block-quote is-layout-flow wp-block-quote-is-layout-flow\">\n<p>&laquo;&#8239;Chaque joueur est &agrave; une &eacute;tape diff&eacute;rente de sa r&eacute;&eacute;ducation ou de sa pr&eacute;paration physique, a expliqu&eacute; Daboll. Nous avons simplement pris la d&eacute;cision que nous jugions la meilleure pour Malik, afin de le remettre dans les meilleures conditions possibles.&#8239;&raquo;<\/p>\n<\/blockquote><p>Victime d&rsquo;une g&ecirc;ne persistante &agrave; un orteil, un souci qui le suit depuis ses ann&eacute;es universitaires &agrave; LSU, Malik Nabers n&rsquo;a pas pris part aux s&eacute;ances collectives ouvertes &agrave; la presse lors des activit&eacute;s organis&eacute;es de printemps ni au minicamp obligatoire qui s&rsquo;est d&eacute;roul&eacute; ces derniers jours. Toutefois, le sixi&egrave;me choix de la derni&egrave;re draft a particip&eacute; &agrave; certaines s&eacute;ances de type &laquo;&nbsp;walkthrough&nbsp;&raquo;, indiquant une implication progressive dans le programme malgr&eacute; l&rsquo;absence d&rsquo;entra&icirc;nement complet.<\/p><p>Daboll a tenu &agrave; souligner que cette pr&eacute;caution &eacute;tait volontaire et qu&rsquo;aucune op&eacute;ration n&rsquo;a &eacute;t&eacute; n&eacute;cessaire durant l&rsquo;intersaison : <\/p><blockquote class=\"wp-block-quote is-layout-flow wp-block-quote-is-layout-flow\">\n<p>&laquo;&#8239;Nous avons &eacute;tabli un plan sp&eacute;cifique pour lui et pour notre &eacute;quipe. Il s&rsquo;y tient, et tout se passe bien jusqu&rsquo;&agrave; pr&eacute;sent.&#8239;&raquo;<\/p>\n<\/blockquote><p>&Agrave; 21 ans, Malik Nabers a r&eacute;alis&eacute; une saison rookie historique en 2024, captant 109 passes, un record pour un joueur lors de sa premi&egrave;re saison en NFL, et &eacute;galant Odell Beckham Jr. pour le nombre de matchs n&eacute;cessaires, &agrave; savoir 14, pour atteindre les 100 r&eacute;ceptions en carri&egrave;re. Des d&eacute;buts impressionnants qui font de lui l&rsquo;un des piliers offensifs du projet des <a href=\"https:\/\/theplayoffs.news\/fr\/actualite-nfl\/calendrier-nfl-2025-des-new-york-giants-adversaires-dates-et-plus-encore\/\" class=\"trk-cta-link\" data-cta-trk='{\"ctaType\":\"Link\",\"ctaSubType\":\"main\"}'>New York Giants<\/a> et sans doute l&rsquo;un des jeunes receveurs les plus talentueux de toute la ligue. <\/p><p>C&ocirc;t&eacute; infirmerie, d&rsquo;autres cadres de l&rsquo;&eacute;quipe n&rsquo;ont pas non plus particip&eacute; pleinement aux entra&icirc;nements printaniers. Le left tackle Andrew Thomas poursuit sa convalescence apr&egrave;s une op&eacute;ration au pied droit (l&eacute;sion de Lisfranc), blessure qui l&rsquo;a &eacute;loign&eacute; des terrains lors des 11 derni&egrave;res rencontres de la saison derni&egrave;re. Le defensive tackle trois fois Pro Bowler Dexter Lawrence, quant &agrave; lui, a &eacute;vit&eacute; les exercices en &eacute;quipe mais a particip&eacute; aux drills individuels. Enfin, les rookies Darius Alexander (DT, 3e tour) et Cam Skattebo (RB, 4e tour) ont &eacute;galement &eacute;t&eacute; m&eacute;nag&eacute;s durant le minicamp pour des raisons m&eacute;dicales non pr&eacute;cis&eacute;es. <\/p><p>Avec un Malik Nabers en pleine forme et une escouade offensive renforc&eacute;e notamment par l&rsquo;arriv&eacute;e de Russell Wilson au poste de quarterback, les Giants esp&egrave;rent bien retrouver le chemin du succ&egrave;s d&egrave;s le coup d&rsquo;envoi de la saison 2025.<\/p><p>Cr&eacute;dit photo: &copy; Eric Hartline-Imagn Images<\/p>\n","protected":false},"excerpt":{"rendered":"<p>NFL &#8211; Le jeune receveur des New York Giants, Malik Nabers, devrait \u00eatre sur les terrains des camps d&rsquo;entra\u00eenements cet \u00e9t\u00e9<\/p>\n","protected":false},"author":180309964,"featured_media":1494817,"comment_status":"closed","ping_status":"closed","sticky":false,"template":"","format":"standard","meta":{"inline_featured_image":false,"kia_subtitle":"NFL - Le jeune receveur des New York Giants, Malik Nabers, devrait \u00eatre sur les terrains des camps d'entra\u00eenements cet \u00e9t\u00e9","_mux_skip_reasons":[],"proofreadBy":0,"footnotes":""},"categories":[118,8410,40,8408],"tags":[7245,816],"sport":[2785],"saison":[7475],"class_list":["post-1494814","post","type-post","status-publish","format-standard","has-post-thumbnail","hentry","category-actualite-nfl","category-football-americain","category-nfl","category-sports","tag-malik-nabers","tag-new-york-giants","sport-nfl","saison-7475"],"acf":[],"yoast_head":"<!-- This site is optimized with the Yoast SEO plugin v24.2 - https:\/\/yoast.com\/wordpress\/plugins\/seo\/ -->\n<title>Giants: Malik Nabers devrait pouvoir participer au camp d&#039;entra&icirc;nement - The Playoffs FR<\/title>\n<meta name=\"robots\" content=\"index, follow, max-snippet:-1, max-image-preview:large, max-video-preview:-1\" \/>\n<link rel=\"canonical\" href=\"https:\/\/theplayoffs.news\/fr\/actualite-nfl\/giants-malik-nabers-devrait-pouvoir-participer-au-camp-dentrainement\/\" \/>\n<meta property=\"og:locale\" content=\"fr_FR\" \/>\n<meta property=\"og:type\" content=\"article\" \/>\n<meta property=\"og:title\" content=\"Giants: Malik Nabers devrait pouvoir participer au camp d&#039;entra&icirc;nement - The Playoffs FR\" \/>\n<meta property=\"og:description\" content=\"NFL - Le jeune receveur des New York Giants, Malik Nabers, devrait &ecirc;tre sur les terrains des camps d&#039;entra&icirc;nements cet &eacute;t&eacute;\" \/>\n<meta property=\"og:url\" content=\"https:\/\/theplayoffs.news\/fr\/actualite-nfl\/giants-malik-nabers-devrait-pouvoir-participer-au-camp-dentrainement\/\" \/>\n<meta property=\"og:site_name\" content=\"The Playoffs FR\" \/>\n<meta property=\"article:publisher\" content=\"https:\/\/www.facebook.com\/TheFreeAgentFR\/\" \/>\n<meta property=\"article:modified_time\" content=\"2025-06-19T09:53:04+02:00\" \/>\n<meta property=\"og:image\" content=\"https:\/\/theplayoffs.news\/fr\/wp-content\/uploads\/2025\/06\/USATSI_25121902.jpg\" \/>\n\t<meta property=\"og:image:width\" content=\"1920\" \/>\n\t<meta property=\"og:image:height\" content=\"1280\" \/>\n\t<meta property=\"og:image:type\" content=\"image\/jpeg\" \/>\n<meta name=\"author\" content=\"Flavien Jumeau\" \/>\n<meta name=\"twitter:card\" content=\"summary_large_image\" \/>\n<meta name=\"twitter:creator\" content=\"@TheFreeAgentFR\" \/>\n<meta name=\"twitter:site\" content=\"@TheFreeAgentFR\" \/>\n<meta name=\"twitter:label1\" content=\"\u00c9crit par\" \/>\n\t<meta name=\"twitter:data1\" content=\"Flavien Jumeau\" \/>\n\t<meta name=\"twitter:label2\" content=\"Dur\u00e9e de lecture estim\u00e9e\" \/>\n\t<meta name=\"twitter:data2\" content=\"3 minutes\" \/>\n<script type=\"application\/ld+json\" class=\"yoast-schema-graph\">{\"@context\":\"https:\/\/schema.org\",\"@graph\":[{\"@type\":\"WebPage\",\"@id\":\"https:\/\/theplayoffs.news\/fr\/actualite-nfl\/giants-malik-nabers-devrait-pouvoir-participer-au-camp-dentrainement\/\",\"url\":\"https:\/\/theplayoffs.news\/fr\/actualite-nfl\/giants-malik-nabers-devrait-pouvoir-participer-au-camp-dentrainement\/\",\"name\":\"Giants: Malik Nabers devrait pouvoir participer au camp d\\\\'entra\u00eenement - The Playoffs FR\",\"isPartOf\":{\"@id\":\"https:\/\/theplayoffs.news\/fr\/#website\"},\"primaryImageOfPage\":{\"@id\":\"https:\/\/theplayoffs.news\/fr\/actualite-nfl\/giants-malik-nabers-devrait-pouvoir-participer-au-camp-dentrainement\/#primaryimage\"},\"image\":{\"@id\":\"https:\/\/theplayoffs.news\/fr\/actualite-nfl\/giants-malik-nabers-devrait-pouvoir-participer-au-camp-dentrainement\/#primaryimage\"},\"thumbnailUrl\":\"https:\/\/theplayoffs.news\/fr\/wp-content\/uploads\/2025\/06\/USATSI_25121902.jpg\",\"datePublished\":\"2025-06-19T07:52:59+00:00\",\"dateModified\":\"2025-06-19T07:53:04+00:00\",\"author\":{\"@id\":\"https:\/\/theplayoffs.news\/fr\/#\/schema\/person\/def63bc6746dc5957469b75feb99e66d\"},\"breadcrumb\":{\"@id\":\"https:\/\/theplayoffs.news\/fr\/actualite-nfl\/giants-malik-nabers-devrait-pouvoir-participer-au-camp-dentrainement\/#breadcrumb\"},\"inLanguage\":\"fr-FR\",\"potentialAction\":[{\"@type\":\"ReadAction\",\"target\":[\"https:\/\/theplayoffs.news\/fr\/actualite-nfl\/giants-malik-nabers-devrait-pouvoir-participer-au-camp-dentrainement\/\"]}]},{\"@type\":\"ImageObject\",\"inLanguage\":\"fr-FR\",\"@id\":\"https:\/\/theplayoffs.news\/fr\/actualite-nfl\/giants-malik-nabers-devrait-pouvoir-participer-au-camp-dentrainement\/#primaryimage\",\"url\":\"https:\/\/theplayoffs.news\/fr\/wp-content\/uploads\/2025\/06\/USATSI_25121902.jpg\",\"contentUrl\":\"https:\/\/theplayoffs.news\/fr\/wp-content\/uploads\/2025\/06\/USATSI_25121902.jpg\",\"width\":1920,\"height\":1280,\"caption\":\"Jan 5, 2025; Philadelphia, Pennsylvania, USA; New York Giants wide receiver Malik Nabers (1) celebrates his 45-yard touchdown catch against the Philadelphia Eagles during the fourth quarter at Lincoln Financial Field. Mandatory Credit: Eric Hartline-Imagn Images\"},{\"@type\":\"BreadcrumbList\",\"@id\":\"https:\/\/theplayoffs.news\/fr\/actualite-nfl\/giants-malik-nabers-devrait-pouvoir-participer-au-camp-dentrainement\/#breadcrumb\",\"itemListElement\":[{\"@type\":\"ListItem\",\"position\":1,\"name\":\"Accueil\",\"item\":\"https:\/\/theplayoffs.news\/fr\/\"},{\"@type\":\"ListItem\",\"position\":2,\"name\":\"Giants: Malik Nabers devrait pouvoir participer au camp d&rsquo;entra\u00eenement\"}]},{\"@type\":\"WebSite\",\"@id\":\"https:\/\/theplayoffs.news\/fr\/#website\",\"url\":\"https:\/\/theplayoffs.news\/fr\/\",\"name\":\"The Playoffs FR\",\"description\":\"NBA-NFL-NHL-MLB\",\"potentialAction\":[{\"@type\":\"SearchAction\",\"target\":{\"@type\":\"EntryPoint\",\"urlTemplate\":\"https:\/\/theplayoffs.news\/fr\/?s={search_term_string}\"},\"query-input\":{\"@type\":\"PropertyValueSpecification\",\"valueRequired\":true,\"valueName\":\"search_term_string\"}}],\"inLanguage\":\"fr-FR\"},{\"@type\":\"Person\",\"@id\":\"https:\/\/theplayoffs.news\/fr\/#\/schema\/person\/def63bc6746dc5957469b75feb99e66d\",\"name\":\"Flavien Jumeau\",\"image\":{\"@type\":\"ImageObject\",\"inLanguage\":\"fr-FR\",\"@id\":\"https:\/\/theplayoffs.news\/fr\/#\/schema\/person\/image\/\",\"url\":\"https:\/\/secure.gravatar.com\/avatar\/e7fa8ba5a4b7e4ce35fe152f083f352db28ad0acce692004ed88a7a7d78893f7?s=96&d=mm&r=g\",\"contentUrl\":\"https:\/\/secure.gravatar.com\/avatar\/e7fa8ba5a4b7e4ce35fe152f083f352db28ad0acce692004ed88a7a7d78893f7?s=96&d=mm&r=g\",\"caption\":\"Flavien Jumeau\"},\"description\":\"Amoureux du sport (et de vraiment tous les sports) depuis mon plus jeune \u00e2ge, j\u2019ai longtemps h\u00e9site entre le snooker et le curling. Finalement c\u2019est le foot US que j\u2019ai d\u00e9cid\u00e9 de choisir! Responsable foot US sur TPO et animateur du podcast Tailgate j\u2019ai pour mission de vous faire d\u00e9couvrir ce sport passionnant si ce n\u2019est pas encore fait et de vous donner les derni\u00e8res actus. Le tout dans la bonne humeur et avec toujours un jeu de mots ou deux savamment distill\u00e9s! Fan des Saints, pour moi Drew Brees est le vrai GOAT!\",\"url\":\"https:\/\/theplayoffs.news\/fr\/author\/flavien-jumeaugmail-com\/\"}]}<\/script>\n<!-- \/ Yoast SEO plugin. -->","yoast_head_json":{"title":"Giants: Malik Nabers devrait pouvoir participer au camp d&#039;entra&icirc;nement - The Playoffs FR","robots":{"index":"index","follow":"follow","max-snippet":"max-snippet:-1","max-image-preview":"max-image-preview:large","max-video-preview":"max-video-preview:-1"},"canonical":"https:\/\/theplayoffs.news\/fr\/actualite-nfl\/giants-malik-nabers-devrait-pouvoir-participer-au-camp-dentrainement\/","og_locale":"fr_FR","og_type":"article","og_title":"Giants: Malik Nabers devrait pouvoir participer au camp d&#039;entra&icirc;nement - The Playoffs FR","og_description":"NFL - Le jeune receveur des New York Giants, Malik Nabers, devrait &ecirc;tre sur les terrains des camps d&#039;entra&icirc;nements cet &eacute;t&eacute;","og_url":"https:\/\/theplayoffs.news\/fr\/actualite-nfl\/giants-malik-nabers-devrait-pouvoir-participer-au-camp-dentrainement\/","og_site_name":"The Playoffs FR","article_publisher":"https:\/\/www.facebook.com\/TheFreeAgentFR\/","article_modified_time":"2025-06-19T07:53:04+00:00","og_image":[{"width":1920,"height":1280,"url":"https:\/\/theplayoffs.news\/fr\/wp-content\/uploads\/2025\/06\/USATSI_25121902.jpg","type":"image\/jpeg"}],"author":"Flavien Jumeau","twitter_card":"summary_large_image","twitter_creator":"@TheFreeAgentFR","twitter_site":"@TheFreeAgentFR","twitter_misc":{"\u00c9crit par":"Flavien Jumeau","Dur\u00e9e de lecture estim\u00e9e":"3 minutes"},"schema":{"@context":"https:\/\/schema.org","@graph":[{"@type":"WebPage","@id":"https:\/\/theplayoffs.news\/fr\/actualite-nfl\/giants-malik-nabers-devrait-pouvoir-participer-au-camp-dentrainement\/","url":"https:\/\/theplayoffs.news\/fr\/actualite-nfl\/giants-malik-nabers-devrait-pouvoir-participer-au-camp-dentrainement\/","name":"Giants: Malik Nabers devrait pouvoir participer au camp d\\'entra\u00eenement - The Playoffs FR","isPartOf":{"@id":"https:\/\/theplayoffs.news\/fr\/#website"},"primaryImageOfPage":{"@id":"https:\/\/theplayoffs.news\/fr\/actualite-nfl\/giants-malik-nabers-devrait-pouvoir-participer-au-camp-dentrainement\/#primaryimage"},"image":{"@id":"https:\/\/theplayoffs.news\/fr\/actualite-nfl\/giants-malik-nabers-devrait-pouvoir-participer-au-camp-dentrainement\/#primaryimage"},"thumbnailUrl":"https:\/\/theplayoffs.news\/fr\/wp-content\/uploads\/2025\/06\/USATSI_25121902.jpg","datePublished":"2025-06-19T07:52:59+00:00","dateModified":"2025-06-19T07:53:04+00:00","author":{"@id":"https:\/\/theplayoffs.news\/fr\/#\/schema\/person\/def63bc6746dc5957469b75feb99e66d"},"breadcrumb":{"@id":"https:\/\/theplayoffs.news\/fr\/actualite-nfl\/giants-malik-nabers-devrait-pouvoir-participer-au-camp-dentrainement\/#breadcrumb"},"inLanguage":"fr-FR","potentialAction":[{"@type":"ReadAction","target":["https:\/\/theplayoffs.news\/fr\/actualite-nfl\/giants-malik-nabers-devrait-pouvoir-participer-au-camp-dentrainement\/"]}]},{"@type":"ImageObject","inLanguage":"fr-FR","@id":"https:\/\/theplayoffs.news\/fr\/actualite-nfl\/giants-malik-nabers-devrait-pouvoir-participer-au-camp-dentrainement\/#primaryimage","url":"https:\/\/theplayoffs.news\/fr\/wp-content\/uploads\/2025\/06\/USATSI_25121902.jpg","contentUrl":"https:\/\/theplayoffs.news\/fr\/wp-content\/uploads\/2025\/06\/USATSI_25121902.jpg","width":1920,"height":1280,"caption":"Jan 5, 2025; Philadelphia, Pennsylvania, USA; New York Giants wide receiver Malik Nabers (1) celebrates his 45-yard touchdown catch against the Philadelphia Eagles during the fourth quarter at Lincoln Financial Field. Mandatory Credit: Eric Hartline-Imagn Images"},{"@type":"BreadcrumbList","@id":"https:\/\/theplayoffs.news\/fr\/actualite-nfl\/giants-malik-nabers-devrait-pouvoir-participer-au-camp-dentrainement\/#breadcrumb","itemListElement":[{"@type":"ListItem","position":1,"name":"Accueil","item":"https:\/\/theplayoffs.news\/fr\/"},{"@type":"ListItem","position":2,"name":"Giants: Malik Nabers devrait pouvoir participer au camp d&rsquo;entra\u00eenement"}]},{"@type":"WebSite","@id":"https:\/\/theplayoffs.news\/fr\/#website","url":"https:\/\/theplayoffs.news\/fr\/","name":"The Playoffs FR","description":"NBA-NFL-NHL-MLB","potentialAction":[{"@type":"SearchAction","target":{"@type":"EntryPoint","urlTemplate":"https:\/\/theplayoffs.news\/fr\/?s={search_term_string}"},"query-input":{"@type":"PropertyValueSpecification","valueRequired":true,"valueName":"search_term_string"}}],"inLanguage":"fr-FR"},{"@type":"Person","@id":"https:\/\/theplayoffs.news\/fr\/#\/schema\/person\/def63bc6746dc5957469b75feb99e66d","name":"Flavien Jumeau","image":{"@type":"ImageObject","inLanguage":"fr-FR","@id":"https:\/\/theplayoffs.news\/fr\/#\/schema\/person\/image\/","url":"https:\/\/secure.gravatar.com\/avatar\/e7fa8ba5a4b7e4ce35fe152f083f352db28ad0acce692004ed88a7a7d78893f7?s=96&d=mm&r=g","contentUrl":"https:\/\/secure.gravatar.com\/avatar\/e7fa8ba5a4b7e4ce35fe152f083f352db28ad0acce692004ed88a7a7d78893f7?s=96&d=mm&r=g","caption":"Flavien Jumeau"},"description":"Amoureux du sport (et de vraiment tous les sports) depuis mon plus jeune \u00e2ge, j\u2019ai longtemps h\u00e9site entre le snooker et le curling. Finalement c\u2019est le foot US que j\u2019ai d\u00e9cid\u00e9 de choisir! Responsable foot US sur TPO et animateur du podcast Tailgate j\u2019ai pour mission de vous faire d\u00e9couvrir ce sport passionnant si ce n\u2019est pas encore fait et de vous donner les derni\u00e8res actus. Le tout dans la bonne humeur et avec toujours un jeu de mots ou deux savamment distill\u00e9s! Fan des Saints, pour moi Drew Brees est le vrai GOAT!","url":"https:\/\/theplayoffs.news\/fr\/author\/flavien-jumeaugmail-com\/"}]}},"_links":{"self":[{"href":"https:\/\/theplayoffs.news\/fr\/wp-json\/wp\/v2\/posts\/1494814","targetHints":{"allow":["GET"]}}],"collection":[{"href":"https:\/\/theplayoffs.news\/fr\/wp-json\/wp\/v2\/posts"}],"about":[{"href":"https:\/\/theplayoffs.news\/fr\/wp-json\/wp\/v2\/types\/post"}],"author":[{"embeddable":true,"href":"https:\/\/theplayoffs.news\/fr\/wp-json\/wp\/v2\/users\/180309964"}],"replies":[{"embeddable":true,"href":"https:\/\/theplayoffs.news\/fr\/wp-json\/wp\/v2\/comments?post=1494814"}],"version-history":[{"count":1,"href":"https:\/\/theplayoffs.news\/fr\/wp-json\/wp\/v2\/posts\/1494814\/revisions"}],"predecessor-version":[{"id":1494818,"href":"https:\/\/theplayoffs.news\/fr\/wp-json\/wp\/v2\/posts\/1494814\/revisions\/1494818"}],"wp:featuredmedia":[{"embeddable":true,"href":"https:\/\/theplayoffs.news\/fr\/wp-json\/wp\/v2\/media\/1494817"}],"wp:attachment":[{"href":"https:\/\/theplayoffs.news\/fr\/wp-json\/wp\/v2\/media?parent=1494814"}],"wp:term":[{"taxonomy":"category","embeddable":true,"href":"https:\/\/theplayoffs.news\/fr\/wp-json\/wp\/v2\/categories?post=1494814"},{"taxonomy":"post_tag","embeddable":true,"href":"https:\/\/theplayoffs.news\/fr\/wp-json\/wp\/v2\/tags?post=1494814"},{"taxonomy":"sport","embeddable":true,"href":"https:\/\/theplayoffs.news\/fr\/wp-json\/wp\/v2\/sport?post=1494814"},{"taxonomy":"saison","embeddable":true,"href":"https:\/\/theplayoffs.news\/fr\/wp-json\/wp\/v2\/saison?post=1494814"}],"curies":[{"name":"wp","href":"https:\/\/api.w.org\/{rel}","templated":true}]}}