{"id":1494799,"date":"2025-06-18T19:20:51","date_gmt":"2025-06-18T17:20:51","guid":{"rendered":"https:\/\/theplayoffs.news\/fr\/uncategorized\/\/"},"modified":"2025-06-18T19:33:23","modified_gmt":"2025-06-18T17:33:23","slug":"jaire-alexander-signe-chez-les-baltimore-ravens","status":"publish","type":"post","link":"https:\/\/theplayoffs.news\/fr\/actualite-nfl\/jaire-alexander-signe-chez-les-baltimore-ravens\/","title":{"rendered":"Jaire Alexander signe chez les Baltimore Ravens"},"content":{"rendered":"<p>Hier Lamar Jackson avait &eacute;mis le souhait de voir Jaire Alexander, avec qui il a &eacute;t&eacute; co&eacute;quipier &agrave; l&rsquo;universit&eacute; de Louisville, rejoindre les Baltimore Ravens. Aujourd&rsquo;hui, le voeu du quarterback de la franchise du Maryland a &eacute;t&eacute; exauc&eacute;. En effet, d&rsquo;apr&egrave;s un post de la franchise d&rsquo;AFC Nord, les Baltimore Ravens se sont attach&eacute;s les services du cornerback v&eacute;t&eacute;ran Jaire Alexander, r&eacute;cemment lib&eacute;r&eacute; par les Green Bay Packers, pour renforcer leur backfield d&eacute;fensif en vue de la saison 2025.<\/p><blockquote class=\"twitter-tweet\"><p lang=\"en\" dir=\"ltr\">Baltimore Ravens now have signed former Packers CB Jaire Alexander. <a href=\"https:\/\/t.co\/nZ70tZi5oe\" class=\"trk-cta-link\" data-cta-trk='{\"ctaType\":\"Link\",\"ctaSubType\":\"main\"}'>pic.twitter.com\/nZ70tZi5oe<\/a><\/p>&mdash; Adam Schefter (@AdamSchefter) <a href=\"https:\/\/twitter.com\/AdamSchefter\/status\/1935383709332431333?ref_src=twsrc%5Etfw\" class=\"trk-cta-link\" data-cta-trk='{\"ctaType\":\"Link\",\"ctaSubType\":\"main\"}'>June 18, 2025<\/a><\/blockquote><script async src=\"https:\/\/platform.twitter.com\/widgets.js\" charset=\"utf-8\"><\/script><p>Ag&eacute; de 28 ans, Jaire Alexander sort d&rsquo;une saison 2024 marqu&eacute;e par des blessures persistantes (&eacute;paule, quadriceps, et genou) et n&rsquo;aura pu fouler les terrains qu&rsquo;&agrave; 7 reprises lors de la saison derni&egrave;re. Pourtant, ses performances en pleine sant&eacute; n&rsquo;ont que rarement &eacute;t&eacute; remises en question : deux fois s&eacute;lectionn&eacute; All-Pro et Pro Bowler, il affiche un palmar&egrave;s impressionnant avec 287 plaquages, 12 interceptions et 70 passes d&eacute;tourn&eacute;es en sept ans &agrave; Green Bay.<\/p><p>Lors de sa sortie de minicamp, <a href=\"https:\/\/theplayoffs.news\/fr\/actualite-nfl\/lamar-jackson-arrive-avec-un-esprit-de-revanche-en-2025\/\" class=\"trk-cta-link\" data-cta-trk='{\"ctaType\":\"Link\",\"ctaSubType\":\"main\"}'>Lamar Jackson<\/a> a lanc&eacute; un appel au manager g&eacute;n&eacute;ral de l&rsquo;&eacute;quipe Eric DeCosta : &laquo;&#8239;Go get him, Eric&#8239;&raquo;, soulignant leur complicit&eacute; ancienne et son souhait de le voir jouer aux c&ocirc;t&eacute;s du num&eacute;ro 8 en 2025. Ce rapprochement s&rsquo;inscrit parfaitement dans la lign&eacute;e des recrues cibl&eacute;es par Baltimore: des joueurs exp&eacute;riment&eacute;s capables de pousser l&rsquo;&eacute;quipe vers le haut sans forc&eacute;ment hypoth&eacute;quer l&rsquo;avenir.<\/p><p>Malgr&eacute; un historique de blessures important, Jaire Alexander poss&egrave;de un profil de cornerback de tr&egrave;s haut niveau. Depuis 2020, son rating sur les passes lanc&eacute;es contre lui est de 74,9, bien en dessous de la moyenne NFL (92,8), preuve de sa domination lorsqu&rsquo;il est en pleine possession de ses moyens.<\/p><p>Le contrat de Jaire Alexander s&rsquo;&eacute;tendra sur une saison pour un montant total de 6 millions de dollars (4 millions et deux millions de plus en bonus). Un pari &agrave; moindre risque donc pour les Ravens qui laissent au joueur le temps de prouver sa forme. Si les examens m&eacute;dicaux sont positifs, Baltimore disposera alors d&rsquo;un renfort de choix dans sa d&eacute;fense avec &agrave; la cl&eacute; des ambitions claires : viser le titre NFL. Rien de moins que cela!<\/p><p>Cr&eacute;dit photo: &copy; Jeff Hanisch-Imagn Images<\/p>\n","protected":false},"excerpt":{"rendered":"<p>NFL &#8211; L&rsquo;ancien cornerback des Green Bay Packers, Jaire Alexander, signe chez les Baltimore Ravens<\/p>\n","protected":false},"author":180309964,"featured_media":1494800,"comment_status":"closed","ping_status":"closed","sticky":false,"template":"","format":"standard","meta":{"inline_featured_image":false,"kia_subtitle":"NFL - L'ancien cornerback des Green Bay Packers, Jaire Alexander, signe chez les Baltimore Ravens","_mux_skip_reasons":[],"proofreadBy":0,"footnotes":""},"categories":[118,8410,40,8408],"tags":[868,2883],"sport":[2785],"saison":[7475],"class_list":["post-1494799","post","type-post","status-publish","format-standard","has-post-thumbnail","hentry","category-actualite-nfl","category-football-americain","category-nfl","category-sports","tag-baltimore-ravens","tag-jaire-alexander","sport-nfl","saison-7475"],"acf":[],"yoast_head":"<!-- This site is optimized with the Yoast SEO plugin v24.2 - https:\/\/yoast.com\/wordpress\/plugins\/seo\/ -->\n<title>Jaire Alexander signe chez les Baltimore Ravens - The Playoffs FR<\/title>\n<meta name=\"robots\" content=\"index, follow, max-snippet:-1, max-image-preview:large, max-video-preview:-1\" \/>\n<link rel=\"canonical\" href=\"https:\/\/theplayoffs.news\/fr\/actualite-nfl\/jaire-alexander-signe-chez-les-baltimore-ravens\/\" \/>\n<meta property=\"og:locale\" content=\"fr_FR\" \/>\n<meta property=\"og:type\" content=\"article\" \/>\n<meta property=\"og:title\" content=\"Jaire Alexander signe chez les Baltimore Ravens - The Playoffs FR\" \/>\n<meta property=\"og:description\" content=\"NFL - L&#039;ancien cornerback des Green Bay Packers, Jaire Alexander, signe chez les Baltimore Ravens\" \/>\n<meta property=\"og:url\" content=\"https:\/\/theplayoffs.news\/fr\/actualite-nfl\/jaire-alexander-signe-chez-les-baltimore-ravens\/\" \/>\n<meta property=\"og:site_name\" content=\"The Playoffs FR\" \/>\n<meta property=\"article:publisher\" content=\"https:\/\/www.facebook.com\/TheFreeAgentFR\/\" \/>\n<meta property=\"article:modified_time\" content=\"2025-06-18T19:33:23+02:00\" \/>\n<meta property=\"og:image\" content=\"https:\/\/theplayoffs.news\/fr\/wp-content\/uploads\/2025\/06\/USATSI_24500097.jpg\" \/>\n\t<meta property=\"og:image:width\" content=\"1920\" \/>\n\t<meta property=\"og:image:height\" content=\"1280\" \/>\n\t<meta property=\"og:image:type\" content=\"image\/jpeg\" \/>\n<meta name=\"author\" content=\"Flavien Jumeau\" \/>\n<meta name=\"twitter:card\" content=\"summary_large_image\" \/>\n<meta name=\"twitter:creator\" content=\"@TheFreeAgentFR\" \/>\n<meta name=\"twitter:site\" content=\"@TheFreeAgentFR\" \/>\n<meta name=\"twitter:label1\" content=\"\u00c9crit par\" \/>\n\t<meta name=\"twitter:data1\" content=\"Flavien Jumeau\" \/>\n\t<meta name=\"twitter:label2\" content=\"Dur\u00e9e de lecture estim\u00e9e\" \/>\n\t<meta name=\"twitter:data2\" content=\"3 minutes\" \/>\n<script type=\"application\/ld+json\" class=\"yoast-schema-graph\">{\"@context\":\"https:\/\/schema.org\",\"@graph\":[{\"@type\":\"WebPage\",\"@id\":\"https:\/\/theplayoffs.news\/fr\/actualite-nfl\/jaire-alexander-signe-chez-les-baltimore-ravens\/\",\"url\":\"https:\/\/theplayoffs.news\/fr\/actualite-nfl\/jaire-alexander-signe-chez-les-baltimore-ravens\/\",\"name\":\"Jaire Alexander signe chez les Baltimore Ravens - The Playoffs FR\",\"isPartOf\":{\"@id\":\"https:\/\/theplayoffs.news\/fr\/#website\"},\"primaryImageOfPage\":{\"@id\":\"https:\/\/theplayoffs.news\/fr\/actualite-nfl\/jaire-alexander-signe-chez-les-baltimore-ravens\/#primaryimage\"},\"image\":{\"@id\":\"https:\/\/theplayoffs.news\/fr\/actualite-nfl\/jaire-alexander-signe-chez-les-baltimore-ravens\/#primaryimage\"},\"thumbnailUrl\":\"https:\/\/theplayoffs.news\/fr\/wp-content\/uploads\/2025\/06\/USATSI_24500097.jpg\",\"datePublished\":\"2025-06-18T17:20:51+00:00\",\"dateModified\":\"2025-06-18T17:33:23+00:00\",\"author\":{\"@id\":\"https:\/\/theplayoffs.news\/fr\/#\/schema\/person\/def63bc6746dc5957469b75feb99e66d\"},\"breadcrumb\":{\"@id\":\"https:\/\/theplayoffs.news\/fr\/actualite-nfl\/jaire-alexander-signe-chez-les-baltimore-ravens\/#breadcrumb\"},\"inLanguage\":\"fr-FR\",\"potentialAction\":[{\"@type\":\"ReadAction\",\"target\":[\"https:\/\/theplayoffs.news\/fr\/actualite-nfl\/jaire-alexander-signe-chez-les-baltimore-ravens\/\"]}]},{\"@type\":\"ImageObject\",\"inLanguage\":\"fr-FR\",\"@id\":\"https:\/\/theplayoffs.news\/fr\/actualite-nfl\/jaire-alexander-signe-chez-les-baltimore-ravens\/#primaryimage\",\"url\":\"https:\/\/theplayoffs.news\/fr\/wp-content\/uploads\/2025\/06\/USATSI_24500097.jpg\",\"contentUrl\":\"https:\/\/theplayoffs.news\/fr\/wp-content\/uploads\/2025\/06\/USATSI_24500097.jpg\",\"width\":1920,\"height\":1280,\"caption\":\"Oct 13, 2024; Green Bay, Wisconsin, USA; Green Bay Packers cornerback Jaire Alexander (23) prior to the game against the Arizona Cardinals at Lambeau Field. Mandatory Credit: Jeff Hanisch-Imagn Images\"},{\"@type\":\"BreadcrumbList\",\"@id\":\"https:\/\/theplayoffs.news\/fr\/actualite-nfl\/jaire-alexander-signe-chez-les-baltimore-ravens\/#breadcrumb\",\"itemListElement\":[{\"@type\":\"ListItem\",\"position\":1,\"name\":\"Accueil\",\"item\":\"https:\/\/theplayoffs.news\/fr\/\"},{\"@type\":\"ListItem\",\"position\":2,\"name\":\"Jaire Alexander signe chez les Baltimore Ravens\"}]},{\"@type\":\"WebSite\",\"@id\":\"https:\/\/theplayoffs.news\/fr\/#website\",\"url\":\"https:\/\/theplayoffs.news\/fr\/\",\"name\":\"The Playoffs FR\",\"description\":\"NBA-NFL-NHL-MLB\",\"potentialAction\":[{\"@type\":\"SearchAction\",\"target\":{\"@type\":\"EntryPoint\",\"urlTemplate\":\"https:\/\/theplayoffs.news\/fr\/?s={search_term_string}\"},\"query-input\":{\"@type\":\"PropertyValueSpecification\",\"valueRequired\":true,\"valueName\":\"search_term_string\"}}],\"inLanguage\":\"fr-FR\"},{\"@type\":\"Person\",\"@id\":\"https:\/\/theplayoffs.news\/fr\/#\/schema\/person\/def63bc6746dc5957469b75feb99e66d\",\"name\":\"Flavien Jumeau\",\"image\":{\"@type\":\"ImageObject\",\"inLanguage\":\"fr-FR\",\"@id\":\"https:\/\/theplayoffs.news\/fr\/#\/schema\/person\/image\/\",\"url\":\"https:\/\/secure.gravatar.com\/avatar\/e7fa8ba5a4b7e4ce35fe152f083f352db28ad0acce692004ed88a7a7d78893f7?s=96&d=mm&r=g\",\"contentUrl\":\"https:\/\/secure.gravatar.com\/avatar\/e7fa8ba5a4b7e4ce35fe152f083f352db28ad0acce692004ed88a7a7d78893f7?s=96&d=mm&r=g\",\"caption\":\"Flavien Jumeau\"},\"description\":\"Amoureux du sport (et de vraiment tous les sports) depuis mon plus jeune \u00e2ge, j\u2019ai longtemps h\u00e9site entre le snooker et le curling. Finalement c\u2019est le foot US que j\u2019ai d\u00e9cid\u00e9 de choisir! Responsable foot US sur TPO et animateur du podcast Tailgate j\u2019ai pour mission de vous faire d\u00e9couvrir ce sport passionnant si ce n\u2019est pas encore fait et de vous donner les derni\u00e8res actus. Le tout dans la bonne humeur et avec toujours un jeu de mots ou deux savamment distill\u00e9s! Fan des Saints, pour moi Drew Brees est le vrai GOAT!\",\"url\":\"https:\/\/theplayoffs.news\/fr\/author\/flavien-jumeaugmail-com\/\"}]}<\/script>\n<!-- \/ Yoast SEO plugin. -->","yoast_head_json":{"title":"Jaire Alexander signe chez les Baltimore Ravens - The Playoffs FR","robots":{"index":"index","follow":"follow","max-snippet":"max-snippet:-1","max-image-preview":"max-image-preview:large","max-video-preview":"max-video-preview:-1"},"canonical":"https:\/\/theplayoffs.news\/fr\/actualite-nfl\/jaire-alexander-signe-chez-les-baltimore-ravens\/","og_locale":"fr_FR","og_type":"article","og_title":"Jaire Alexander signe chez les Baltimore Ravens - The Playoffs FR","og_description":"NFL - L&#039;ancien cornerback des Green Bay Packers, Jaire Alexander, signe chez les Baltimore Ravens","og_url":"https:\/\/theplayoffs.news\/fr\/actualite-nfl\/jaire-alexander-signe-chez-les-baltimore-ravens\/","og_site_name":"The Playoffs FR","article_publisher":"https:\/\/www.facebook.com\/TheFreeAgentFR\/","article_modified_time":"2025-06-18T17:33:23+00:00","og_image":[{"width":1920,"height":1280,"url":"https:\/\/theplayoffs.news\/fr\/wp-content\/uploads\/2025\/06\/USATSI_24500097.jpg","type":"image\/jpeg"}],"author":"Flavien Jumeau","twitter_card":"summary_large_image","twitter_creator":"@TheFreeAgentFR","twitter_site":"@TheFreeAgentFR","twitter_misc":{"\u00c9crit par":"Flavien Jumeau","Dur\u00e9e de lecture estim\u00e9e":"3 minutes"},"schema":{"@context":"https:\/\/schema.org","@graph":[{"@type":"WebPage","@id":"https:\/\/theplayoffs.news\/fr\/actualite-nfl\/jaire-alexander-signe-chez-les-baltimore-ravens\/","url":"https:\/\/theplayoffs.news\/fr\/actualite-nfl\/jaire-alexander-signe-chez-les-baltimore-ravens\/","name":"Jaire Alexander signe chez les Baltimore Ravens - The Playoffs FR","isPartOf":{"@id":"https:\/\/theplayoffs.news\/fr\/#website"},"primaryImageOfPage":{"@id":"https:\/\/theplayoffs.news\/fr\/actualite-nfl\/jaire-alexander-signe-chez-les-baltimore-ravens\/#primaryimage"},"image":{"@id":"https:\/\/theplayoffs.news\/fr\/actualite-nfl\/jaire-alexander-signe-chez-les-baltimore-ravens\/#primaryimage"},"thumbnailUrl":"https:\/\/theplayoffs.news\/fr\/wp-content\/uploads\/2025\/06\/USATSI_24500097.jpg","datePublished":"2025-06-18T17:20:51+00:00","dateModified":"2025-06-18T17:33:23+00:00","author":{"@id":"https:\/\/theplayoffs.news\/fr\/#\/schema\/person\/def63bc6746dc5957469b75feb99e66d"},"breadcrumb":{"@id":"https:\/\/theplayoffs.news\/fr\/actualite-nfl\/jaire-alexander-signe-chez-les-baltimore-ravens\/#breadcrumb"},"inLanguage":"fr-FR","potentialAction":[{"@type":"ReadAction","target":["https:\/\/theplayoffs.news\/fr\/actualite-nfl\/jaire-alexander-signe-chez-les-baltimore-ravens\/"]}]},{"@type":"ImageObject","inLanguage":"fr-FR","@id":"https:\/\/theplayoffs.news\/fr\/actualite-nfl\/jaire-alexander-signe-chez-les-baltimore-ravens\/#primaryimage","url":"https:\/\/theplayoffs.news\/fr\/wp-content\/uploads\/2025\/06\/USATSI_24500097.jpg","contentUrl":"https:\/\/theplayoffs.news\/fr\/wp-content\/uploads\/2025\/06\/USATSI_24500097.jpg","width":1920,"height":1280,"caption":"Oct 13, 2024; Green Bay, Wisconsin, USA; Green Bay Packers cornerback Jaire Alexander (23) prior to the game against the Arizona Cardinals at Lambeau Field. Mandatory Credit: Jeff Hanisch-Imagn Images"},{"@type":"BreadcrumbList","@id":"https:\/\/theplayoffs.news\/fr\/actualite-nfl\/jaire-alexander-signe-chez-les-baltimore-ravens\/#breadcrumb","itemListElement":[{"@type":"ListItem","position":1,"name":"Accueil","item":"https:\/\/theplayoffs.news\/fr\/"},{"@type":"ListItem","position":2,"name":"Jaire Alexander signe chez les Baltimore Ravens"}]},{"@type":"WebSite","@id":"https:\/\/theplayoffs.news\/fr\/#website","url":"https:\/\/theplayoffs.news\/fr\/","name":"The Playoffs FR","description":"NBA-NFL-NHL-MLB","potentialAction":[{"@type":"SearchAction","target":{"@type":"EntryPoint","urlTemplate":"https:\/\/theplayoffs.news\/fr\/?s={search_term_string}"},"query-input":{"@type":"PropertyValueSpecification","valueRequired":true,"valueName":"search_term_string"}}],"inLanguage":"fr-FR"},{"@type":"Person","@id":"https:\/\/theplayoffs.news\/fr\/#\/schema\/person\/def63bc6746dc5957469b75feb99e66d","name":"Flavien Jumeau","image":{"@type":"ImageObject","inLanguage":"fr-FR","@id":"https:\/\/theplayoffs.news\/fr\/#\/schema\/person\/image\/","url":"https:\/\/secure.gravatar.com\/avatar\/e7fa8ba5a4b7e4ce35fe152f083f352db28ad0acce692004ed88a7a7d78893f7?s=96&d=mm&r=g","contentUrl":"https:\/\/secure.gravatar.com\/avatar\/e7fa8ba5a4b7e4ce35fe152f083f352db28ad0acce692004ed88a7a7d78893f7?s=96&d=mm&r=g","caption":"Flavien Jumeau"},"description":"Amoureux du sport (et de vraiment tous les sports) depuis mon plus jeune \u00e2ge, j\u2019ai longtemps h\u00e9site entre le snooker et le curling. Finalement c\u2019est le foot US que j\u2019ai d\u00e9cid\u00e9 de choisir! Responsable foot US sur TPO et animateur du podcast Tailgate j\u2019ai pour mission de vous faire d\u00e9couvrir ce sport passionnant si ce n\u2019est pas encore fait et de vous donner les derni\u00e8res actus. Le tout dans la bonne humeur et avec toujours un jeu de mots ou deux savamment distill\u00e9s! Fan des Saints, pour moi Drew Brees est le vrai GOAT!","url":"https:\/\/theplayoffs.news\/fr\/author\/flavien-jumeaugmail-com\/"}]}},"_links":{"self":[{"href":"https:\/\/theplayoffs.news\/fr\/wp-json\/wp\/v2\/posts\/1494799","targetHints":{"allow":["GET"]}}],"collection":[{"href":"https:\/\/theplayoffs.news\/fr\/wp-json\/wp\/v2\/posts"}],"about":[{"href":"https:\/\/theplayoffs.news\/fr\/wp-json\/wp\/v2\/types\/post"}],"author":[{"embeddable":true,"href":"https:\/\/theplayoffs.news\/fr\/wp-json\/wp\/v2\/users\/180309964"}],"replies":[{"embeddable":true,"href":"https:\/\/theplayoffs.news\/fr\/wp-json\/wp\/v2\/comments?post=1494799"}],"version-history":[{"count":2,"href":"https:\/\/theplayoffs.news\/fr\/wp-json\/wp\/v2\/posts\/1494799\/revisions"}],"predecessor-version":[{"id":1494802,"href":"https:\/\/theplayoffs.news\/fr\/wp-json\/wp\/v2\/posts\/1494799\/revisions\/1494802"}],"wp:featuredmedia":[{"embeddable":true,"href":"https:\/\/theplayoffs.news\/fr\/wp-json\/wp\/v2\/media\/1494800"}],"wp:attachment":[{"href":"https:\/\/theplayoffs.news\/fr\/wp-json\/wp\/v2\/media?parent=1494799"}],"wp:term":[{"taxonomy":"category","embeddable":true,"href":"https:\/\/theplayoffs.news\/fr\/wp-json\/wp\/v2\/categories?post=1494799"},{"taxonomy":"post_tag","embeddable":true,"href":"https:\/\/theplayoffs.news\/fr\/wp-json\/wp\/v2\/tags?post=1494799"},{"taxonomy":"sport","embeddable":true,"href":"https:\/\/theplayoffs.news\/fr\/wp-json\/wp\/v2\/sport?post=1494799"},{"taxonomy":"saison","embeddable":true,"href":"https:\/\/theplayoffs.news\/fr\/wp-json\/wp\/v2\/saison?post=1494799"}],"curies":[{"name":"wp","href":"https:\/\/api.w.org\/{rel}","templated":true}]}}