{"id":1494657,"date":"2025-06-17T15:40:00","date_gmt":"2025-06-17T13:40:00","guid":{"rendered":"https:\/\/theplayoffs.news\/fr\/uncategorized\/\/"},"modified":"2025-06-17T15:40:16","modified_gmt":"2025-06-17T13:40:16","slug":"le-grand-prix-du-canada-a-nouveau-prolonge","status":"publish","type":"post","link":"https:\/\/theplayoffs.news\/fr\/formule-1\/le-grand-prix-du-canada-a-nouveau-prolonge\/","title":{"rendered":"Le Grand Prix du Canada \u00e0 nouveau prolong\u00e9"},"content":{"rendered":"<p>Quelques jours seulement apr&egrave;s la victoire de George Russell &agrave; Montr&eacute;al, la <a href=\"https:\/\/theplayoffs.news\/fr\/category\/sports\/formule-1\/\" class=\"trk-cta-link\" data-cta-trk='{\"ctaType\":\"Link\",\"ctaSubType\":\"main\"}'>Formule 1<\/a> annonce la prolongation du Grand Prix du Canada jusqu&rsquo;en 2035. Pr&eacute;sent au calendrier depuis 1967, le Canada a d&rsquo;abord accueilli la F1 au Mosport Park et au Mont-Tremblant. C&rsquo;est en 1978 que le sport pose ses valises sur l&rsquo;&Icirc;le Notre-Dame &agrave; Montr&eacute;al, sur le circuit Gilles Villeneuve.<\/p><blockquote class=\"wp-block-quote is-layout-flow wp-block-quote-is-layout-flow\">\n<p>&laquo; Alors que la Formule 1 c&eacute;l&egrave;bre son 75e anniversaire, il est tout &agrave; fait appropri&eacute; que nous annoncions une prolongation avec le Grand Prix du Canada, une course qui a une histoire incroyable dans notre sport et qui porte le nom d&rsquo;une v&eacute;ritable l&eacute;gende en la personne de Gilles Villeneuve &raquo;, a d&eacute;clar&eacute; Stefano Domenicali, dans un <a href=\"https:\/\/www.formula1.com\/en\/latest\/article\/formula-1-to-race-in-canada-until-2035-with-new-extension.4jBAeHqsjYVBDMpiwC3KW\" class=\"trk-cta-link\" data-cta-trk='{\"ctaType\":\"Link\",\"ctaSubType\":\"main\"}'>communiqu&eacute;<\/a>.<\/p>\n<\/blockquote><p>Le circuit s&rsquo;est renomm&eacute; Gilles Villeneuve en 1982 suite &agrave; l&rsquo;accident fatal du pilote canadien du m&ecirc;me nom sur le circuit de Zolder en Belgique. Celui-ci avait notamment remport&eacute; sa premi&egrave;re victoire &agrave; Montr&eacute;al en 1978, lorsque le trac&eacute; s&rsquo;appelait &laquo;&nbsp;circuit de l&rsquo;&Icirc;le Notre-Dame&nbsp;&raquo;. <\/p><p>Apr&egrave;s avoir vu la victoire de George Russell cette ann&eacute;e, le Grand Prix du Canada aura encore plein d&rsquo;histoires &agrave; raconter lors de la prochaine d&eacute;cennie.<\/p><p> Credit: Eric Bolte-Imagn Images<\/p><p><\/p>\n","protected":false},"excerpt":{"rendered":"<p>La Formule 1 a annonc\u00e9 la prolongation de contrat du Grand Prix du Canada, allant d\u00e9sormais jusqu&rsquo;en 2035.<\/p>\n","protected":false},"author":180310178,"featured_media":1494660,"comment_status":"closed","ping_status":"closed","sticky":false,"template":"","format":"standard","meta":{"inline_featured_image":false,"kia_subtitle":"La Formule 1 a annonc\u00e9 la prolongation de contrat du Grand Prix du Canada, allant d\u00e9sormais jusqu'en 2035.","_mux_skip_reasons":[],"proofreadBy":0,"footnotes":""},"categories":[8091,8408],"tags":[8093,6556,8603],"sport":[],"saison":[7475],"class_list":["post-1494657","post","type-post","status-publish","format-standard","has-post-thumbnail","hentry","category-formule-1","category-sports","tag-f1","tag-formule-1","tag-grand-prix-du-canada","saison-7475"],"acf":[],"yoast_head":"<!-- This site is optimized with the Yoast SEO plugin v24.2 - https:\/\/yoast.com\/wordpress\/plugins\/seo\/ -->\n<title>Le Grand Prix du Canada &agrave; nouveau prolong&eacute; - The Playoffs FR<\/title>\n<meta name=\"description\" content=\"La Formule 1 a annonc&eacute; la prolongation de contrat du Grand Prix du Canada, allant d&eacute;sormais jusqu&#039;en 2035.\" \/>\n<meta name=\"robots\" content=\"index, follow, max-snippet:-1, max-image-preview:large, max-video-preview:-1\" \/>\n<link rel=\"canonical\" href=\"https:\/\/theplayoffs.news\/fr\/formule-1\/le-grand-prix-du-canada-a-nouveau-prolonge\/\" \/>\n<meta property=\"og:locale\" content=\"fr_FR\" \/>\n<meta property=\"og:type\" content=\"article\" \/>\n<meta property=\"og:title\" content=\"Le Grand Prix du Canada &agrave; nouveau prolong&eacute; - The Playoffs FR\" \/>\n<meta property=\"og:description\" content=\"La Formule 1 a annonc&eacute; la prolongation de contrat du Grand Prix du Canada, allant d&eacute;sormais jusqu&#039;en 2035.\" \/>\n<meta property=\"og:url\" content=\"https:\/\/theplayoffs.news\/fr\/formule-1\/le-grand-prix-du-canada-a-nouveau-prolonge\/\" \/>\n<meta property=\"og:site_name\" content=\"The Playoffs FR\" \/>\n<meta property=\"article:publisher\" content=\"https:\/\/www.facebook.com\/TheFreeAgentFR\/\" \/>\n<meta property=\"article:modified_time\" content=\"2025-06-17T15:40:16+02:00\" \/>\n<meta property=\"og:image\" content=\"https:\/\/theplayoffs.news\/fr\/wp-content\/uploads\/2025\/06\/USATSI_26453076.jpg\" \/>\n\t<meta property=\"og:image:width\" content=\"1920\" \/>\n\t<meta property=\"og:image:height\" content=\"1280\" \/>\n\t<meta property=\"og:image:type\" content=\"image\/jpeg\" \/>\n<meta name=\"author\" content=\"Arthur Berlemont\" \/>\n<meta name=\"twitter:card\" content=\"summary_large_image\" \/>\n<meta name=\"twitter:creator\" content=\"@TheFreeAgentFR\" \/>\n<meta name=\"twitter:site\" content=\"@TheFreeAgentFR\" \/>\n<meta name=\"twitter:label1\" content=\"\u00c9crit par\" \/>\n\t<meta name=\"twitter:data1\" content=\"Arthur Berlemont\" \/>\n\t<meta name=\"twitter:label2\" content=\"Dur\u00e9e de lecture estim\u00e9e\" \/>\n\t<meta name=\"twitter:data2\" content=\"1 minute\" \/>\n<script type=\"application\/ld+json\" class=\"yoast-schema-graph\">{\"@context\":\"https:\/\/schema.org\",\"@graph\":[{\"@type\":\"WebPage\",\"@id\":\"https:\/\/theplayoffs.news\/fr\/formule-1\/le-grand-prix-du-canada-a-nouveau-prolonge\/\",\"url\":\"https:\/\/theplayoffs.news\/fr\/formule-1\/le-grand-prix-du-canada-a-nouveau-prolonge\/\",\"name\":\"Le Grand Prix du Canada \u00e0 nouveau prolong\u00e9 - The Playoffs FR\",\"isPartOf\":{\"@id\":\"https:\/\/theplayoffs.news\/fr\/#website\"},\"primaryImageOfPage\":{\"@id\":\"https:\/\/theplayoffs.news\/fr\/formule-1\/le-grand-prix-du-canada-a-nouveau-prolonge\/#primaryimage\"},\"image\":{\"@id\":\"https:\/\/theplayoffs.news\/fr\/formule-1\/le-grand-prix-du-canada-a-nouveau-prolonge\/#primaryimage\"},\"thumbnailUrl\":\"https:\/\/theplayoffs.news\/fr\/wp-content\/uploads\/2025\/06\/USATSI_26453076.jpg\",\"datePublished\":\"2025-06-17T13:40:00+00:00\",\"dateModified\":\"2025-06-17T13:40:16+00:00\",\"author\":{\"@id\":\"https:\/\/theplayoffs.news\/fr\/#\/schema\/person\/b6b04a451dab03a5ab75cec8912e8942\"},\"description\":\"La Formule 1 a annonc\u00e9 la prolongation de contrat du Grand Prix du Canada, allant d\u00e9sormais jusqu\\\\'en 2035.\",\"breadcrumb\":{\"@id\":\"https:\/\/theplayoffs.news\/fr\/formule-1\/le-grand-prix-du-canada-a-nouveau-prolonge\/#breadcrumb\"},\"inLanguage\":\"fr-FR\",\"potentialAction\":[{\"@type\":\"ReadAction\",\"target\":[\"https:\/\/theplayoffs.news\/fr\/formule-1\/le-grand-prix-du-canada-a-nouveau-prolonge\/\"]}]},{\"@type\":\"ImageObject\",\"inLanguage\":\"fr-FR\",\"@id\":\"https:\/\/theplayoffs.news\/fr\/formule-1\/le-grand-prix-du-canada-a-nouveau-prolonge\/#primaryimage\",\"url\":\"https:\/\/theplayoffs.news\/fr\/wp-content\/uploads\/2025\/06\/USATSI_26453076.jpg\",\"contentUrl\":\"https:\/\/theplayoffs.news\/fr\/wp-content\/uploads\/2025\/06\/USATSI_26453076.jpg\",\"width\":1920,\"height\":1280,\"caption\":\"Jun 14, 2025; Montreal, Quebec, Canada; F1 Montreal logo during the qualification session at Circuit Gilles-Villeneuve. Mandatory Credit: Eric Bolte-Imagn Images\"},{\"@type\":\"BreadcrumbList\",\"@id\":\"https:\/\/theplayoffs.news\/fr\/formule-1\/le-grand-prix-du-canada-a-nouveau-prolonge\/#breadcrumb\",\"itemListElement\":[{\"@type\":\"ListItem\",\"position\":1,\"name\":\"Accueil\",\"item\":\"https:\/\/theplayoffs.news\/fr\/\"},{\"@type\":\"ListItem\",\"position\":2,\"name\":\"Le Grand Prix du Canada \u00e0 nouveau prolong\u00e9\"}]},{\"@type\":\"WebSite\",\"@id\":\"https:\/\/theplayoffs.news\/fr\/#website\",\"url\":\"https:\/\/theplayoffs.news\/fr\/\",\"name\":\"The Playoffs FR\",\"description\":\"NBA-NFL-NHL-MLB\",\"potentialAction\":[{\"@type\":\"SearchAction\",\"target\":{\"@type\":\"EntryPoint\",\"urlTemplate\":\"https:\/\/theplayoffs.news\/fr\/?s={search_term_string}\"},\"query-input\":{\"@type\":\"PropertyValueSpecification\",\"valueRequired\":true,\"valueName\":\"search_term_string\"}}],\"inLanguage\":\"fr-FR\"},{\"@type\":\"Person\",\"@id\":\"https:\/\/theplayoffs.news\/fr\/#\/schema\/person\/b6b04a451dab03a5ab75cec8912e8942\",\"name\":\"Arthur Berlemont\",\"image\":{\"@type\":\"ImageObject\",\"inLanguage\":\"fr-FR\",\"@id\":\"https:\/\/theplayoffs.news\/fr\/#\/schema\/person\/image\/\",\"url\":\"https:\/\/secure.gravatar.com\/avatar\/19ddab1d62ab0a19b186b86cee130432b120dd6f085625a6a6757dd1aa90a5f3?s=96&d=mm&r=g\",\"contentUrl\":\"https:\/\/secure.gravatar.com\/avatar\/19ddab1d62ab0a19b186b86cee130432b120dd6f085625a6a6757dd1aa90a5f3?s=96&d=mm&r=g\",\"caption\":\"Arthur Berlemont\"},\"description\":\"Etudiant passionn\u00e9 de sport, avant tout m\u00e9caniques, j\\\\'ai d\u00e9couvert les sports US il y a quelques ann\u00e9es. J\\\\'ai tout de suite accroch\u00e9 pour la ville de Cincinnati et ses franchises de NFL et MLB. Aujourd\\\\'hui, je suis l\u00e0 par passion dans la r\u00e9daction d\\\\'articles sur divers sports que j\\\\'affectionne.\",\"url\":\"https:\/\/theplayoffs.news\/fr\/author\/arthur-berlemontgmail-com\/\"}]}<\/script>\n<!-- \/ Yoast SEO plugin. -->","yoast_head_json":{"title":"Le Grand Prix du Canada &agrave; nouveau prolong&eacute; - The Playoffs FR","description":"La Formule 1 a annonc&eacute; la prolongation de contrat du Grand Prix du Canada, allant d&eacute;sormais jusqu&#039;en 2035.","robots":{"index":"index","follow":"follow","max-snippet":"max-snippet:-1","max-image-preview":"max-image-preview:large","max-video-preview":"max-video-preview:-1"},"canonical":"https:\/\/theplayoffs.news\/fr\/formule-1\/le-grand-prix-du-canada-a-nouveau-prolonge\/","og_locale":"fr_FR","og_type":"article","og_title":"Le Grand Prix du Canada &agrave; nouveau prolong&eacute; - The Playoffs FR","og_description":"La Formule 1 a annonc&eacute; la prolongation de contrat du Grand Prix du Canada, allant d&eacute;sormais jusqu&#039;en 2035.","og_url":"https:\/\/theplayoffs.news\/fr\/formule-1\/le-grand-prix-du-canada-a-nouveau-prolonge\/","og_site_name":"The Playoffs FR","article_publisher":"https:\/\/www.facebook.com\/TheFreeAgentFR\/","article_modified_time":"2025-06-17T13:40:16+00:00","og_image":[{"width":1920,"height":1280,"url":"https:\/\/theplayoffs.news\/fr\/wp-content\/uploads\/2025\/06\/USATSI_26453076.jpg","type":"image\/jpeg"}],"author":"Arthur Berlemont","twitter_card":"summary_large_image","twitter_creator":"@TheFreeAgentFR","twitter_site":"@TheFreeAgentFR","twitter_misc":{"\u00c9crit par":"Arthur Berlemont","Dur\u00e9e de lecture estim\u00e9e":"1 minute"},"schema":{"@context":"https:\/\/schema.org","@graph":[{"@type":"WebPage","@id":"https:\/\/theplayoffs.news\/fr\/formule-1\/le-grand-prix-du-canada-a-nouveau-prolonge\/","url":"https:\/\/theplayoffs.news\/fr\/formule-1\/le-grand-prix-du-canada-a-nouveau-prolonge\/","name":"Le Grand Prix du Canada \u00e0 nouveau prolong\u00e9 - The Playoffs FR","isPartOf":{"@id":"https:\/\/theplayoffs.news\/fr\/#website"},"primaryImageOfPage":{"@id":"https:\/\/theplayoffs.news\/fr\/formule-1\/le-grand-prix-du-canada-a-nouveau-prolonge\/#primaryimage"},"image":{"@id":"https:\/\/theplayoffs.news\/fr\/formule-1\/le-grand-prix-du-canada-a-nouveau-prolonge\/#primaryimage"},"thumbnailUrl":"https:\/\/theplayoffs.news\/fr\/wp-content\/uploads\/2025\/06\/USATSI_26453076.jpg","datePublished":"2025-06-17T13:40:00+00:00","dateModified":"2025-06-17T13:40:16+00:00","author":{"@id":"https:\/\/theplayoffs.news\/fr\/#\/schema\/person\/b6b04a451dab03a5ab75cec8912e8942"},"description":"La Formule 1 a annonc\u00e9 la prolongation de contrat du Grand Prix du Canada, allant d\u00e9sormais jusqu\\'en 2035.","breadcrumb":{"@id":"https:\/\/theplayoffs.news\/fr\/formule-1\/le-grand-prix-du-canada-a-nouveau-prolonge\/#breadcrumb"},"inLanguage":"fr-FR","potentialAction":[{"@type":"ReadAction","target":["https:\/\/theplayoffs.news\/fr\/formule-1\/le-grand-prix-du-canada-a-nouveau-prolonge\/"]}]},{"@type":"ImageObject","inLanguage":"fr-FR","@id":"https:\/\/theplayoffs.news\/fr\/formule-1\/le-grand-prix-du-canada-a-nouveau-prolonge\/#primaryimage","url":"https:\/\/theplayoffs.news\/fr\/wp-content\/uploads\/2025\/06\/USATSI_26453076.jpg","contentUrl":"https:\/\/theplayoffs.news\/fr\/wp-content\/uploads\/2025\/06\/USATSI_26453076.jpg","width":1920,"height":1280,"caption":"Jun 14, 2025; Montreal, Quebec, Canada; F1 Montreal logo during the qualification session at Circuit Gilles-Villeneuve. Mandatory Credit: Eric Bolte-Imagn Images"},{"@type":"BreadcrumbList","@id":"https:\/\/theplayoffs.news\/fr\/formule-1\/le-grand-prix-du-canada-a-nouveau-prolonge\/#breadcrumb","itemListElement":[{"@type":"ListItem","position":1,"name":"Accueil","item":"https:\/\/theplayoffs.news\/fr\/"},{"@type":"ListItem","position":2,"name":"Le Grand Prix du Canada \u00e0 nouveau prolong\u00e9"}]},{"@type":"WebSite","@id":"https:\/\/theplayoffs.news\/fr\/#website","url":"https:\/\/theplayoffs.news\/fr\/","name":"The Playoffs FR","description":"NBA-NFL-NHL-MLB","potentialAction":[{"@type":"SearchAction","target":{"@type":"EntryPoint","urlTemplate":"https:\/\/theplayoffs.news\/fr\/?s={search_term_string}"},"query-input":{"@type":"PropertyValueSpecification","valueRequired":true,"valueName":"search_term_string"}}],"inLanguage":"fr-FR"},{"@type":"Person","@id":"https:\/\/theplayoffs.news\/fr\/#\/schema\/person\/b6b04a451dab03a5ab75cec8912e8942","name":"Arthur Berlemont","image":{"@type":"ImageObject","inLanguage":"fr-FR","@id":"https:\/\/theplayoffs.news\/fr\/#\/schema\/person\/image\/","url":"https:\/\/secure.gravatar.com\/avatar\/19ddab1d62ab0a19b186b86cee130432b120dd6f085625a6a6757dd1aa90a5f3?s=96&d=mm&r=g","contentUrl":"https:\/\/secure.gravatar.com\/avatar\/19ddab1d62ab0a19b186b86cee130432b120dd6f085625a6a6757dd1aa90a5f3?s=96&d=mm&r=g","caption":"Arthur Berlemont"},"description":"Etudiant passionn\u00e9 de sport, avant tout m\u00e9caniques, j\\'ai d\u00e9couvert les sports US il y a quelques ann\u00e9es. J\\'ai tout de suite accroch\u00e9 pour la ville de Cincinnati et ses franchises de NFL et MLB. Aujourd\\'hui, je suis l\u00e0 par passion dans la r\u00e9daction d\\'articles sur divers sports que j\\'affectionne.","url":"https:\/\/theplayoffs.news\/fr\/author\/arthur-berlemontgmail-com\/"}]}},"_links":{"self":[{"href":"https:\/\/theplayoffs.news\/fr\/wp-json\/wp\/v2\/posts\/1494657","targetHints":{"allow":["GET"]}}],"collection":[{"href":"https:\/\/theplayoffs.news\/fr\/wp-json\/wp\/v2\/posts"}],"about":[{"href":"https:\/\/theplayoffs.news\/fr\/wp-json\/wp\/v2\/types\/post"}],"author":[{"embeddable":true,"href":"https:\/\/theplayoffs.news\/fr\/wp-json\/wp\/v2\/users\/180310178"}],"replies":[{"embeddable":true,"href":"https:\/\/theplayoffs.news\/fr\/wp-json\/wp\/v2\/comments?post=1494657"}],"version-history":[{"count":1,"href":"https:\/\/theplayoffs.news\/fr\/wp-json\/wp\/v2\/posts\/1494657\/revisions"}],"predecessor-version":[{"id":1494662,"href":"https:\/\/theplayoffs.news\/fr\/wp-json\/wp\/v2\/posts\/1494657\/revisions\/1494662"}],"wp:featuredmedia":[{"embeddable":true,"href":"https:\/\/theplayoffs.news\/fr\/wp-json\/wp\/v2\/media\/1494660"}],"wp:attachment":[{"href":"https:\/\/theplayoffs.news\/fr\/wp-json\/wp\/v2\/media?parent=1494657"}],"wp:term":[{"taxonomy":"category","embeddable":true,"href":"https:\/\/theplayoffs.news\/fr\/wp-json\/wp\/v2\/categories?post=1494657"},{"taxonomy":"post_tag","embeddable":true,"href":"https:\/\/theplayoffs.news\/fr\/wp-json\/wp\/v2\/tags?post=1494657"},{"taxonomy":"sport","embeddable":true,"href":"https:\/\/theplayoffs.news\/fr\/wp-json\/wp\/v2\/sport?post=1494657"},{"taxonomy":"saison","embeddable":true,"href":"https:\/\/theplayoffs.news\/fr\/wp-json\/wp\/v2\/saison?post=1494657"}],"curies":[{"name":"wp","href":"https:\/\/api.w.org\/{rel}","templated":true}]}}