{"id":1494289,"date":"2025-06-13T15:51:29","date_gmt":"2025-06-13T13:51:29","guid":{"rendered":"https:\/\/theplayoffs.news\/fr\/uncategorized\/\/"},"modified":"2025-06-13T15:51:34","modified_gmt":"2025-06-13T13:51:34","slug":"ferrari-au-coeur-des-rumeurs-avant-le-grand-prix-du-canada","status":"publish","type":"post","link":"https:\/\/theplayoffs.news\/fr\/formule-1\/ferrari-au-coeur-des-rumeurs-avant-le-grand-prix-du-canada\/","title":{"rendered":"Ferrari au c\u0153ur des rumeurs avant le Grand Prix du Canada"},"content":{"rendered":"<p>La <a href=\"https:\/\/theplayoffs.news\/fr\/category\/sports\/formule-1\/\" class=\"trk-cta-link\" data-cta-trk='{\"ctaType\":\"Link\",\"ctaSubType\":\"main\"}'>Formule 1<\/a> fait son retour ce week-end &agrave; Montr&eacute;al pour le <strong>Grand Prix du Canada<\/strong>. Cependant, avant ce dixi&egrave;me rendez-vous de la saison, <strong>Ferrari <\/strong>est au c&oelig;ur de r&eacute;centes rumeurs lanc&eacute;es par la presse italienne. <\/p><p>Apr&egrave;s un d&eacute;but de saison compliqu&eacute; sur le papier, <strong>Ferrari <\/strong>a revu ses ambitions &agrave; la baisse. Trop loin des trois top teams en rythme pur, la Scuderia figure tout de m&ecirc;me &agrave; la deuxi&egrave;me place du championnat constructeurs. Cela s&rsquo;explique non pas au sein de l&rsquo;&eacute;curie, mais du c&ocirc;t&eacute; de ses rivaux proches. <strong>Red Bull<\/strong> ne marque des points qu&rsquo;avec <strong>Max Verstappen <\/strong>et <strong>Kimi Antonelli<\/strong> conna&icirc;t une p&eacute;riode assez compliqu&eacute;e avec <strong>Mercedes<\/strong>, notamment lors des trois derni&egrave;res courses o&ugrave; l&rsquo;italien affiche un z&eacute;ro point&eacute;.<\/p><h2 class=\"wp-block-heading\">Mais que se passe-t-il chez Ferrari ?<\/h2><p>Avant d&rsquo;entamer le week-end de course &agrave; Montr&eacute;al, la presse italienne a l&acirc;ch&eacute; plusieurs bombes concernant l&rsquo;avenir de l&rsquo;&eacute;curie au cheval cabr&eacute;. <em><a href=\"https:\/\/www.gazzetta.it\/Formula-1\/12-06-2025\/vasseur-sotto-esame-decisivi-i-prossimi-tre-gp-senza-progressi-si-gioca-la-ferrari.shtml\" target=\"_blank\" rel=\"noreferrer noopener\" class=\"trk-cta-link\" data-cta-trk='{\"ctaType\":\"Link\",\"ctaSubType\":\"main\"}'>La&nbsp;Gazzetta Dello Sport<\/a><\/em> affirme que les trois prochains Grands Prix seront d&eacute;cisifs pour l&rsquo;avenir de <strong>Fred Vasseur<\/strong> &agrave; la Scuderia. A noter &eacute;galement que celui-ci arrive au terme de son contrat &agrave; la fin de la saison. <\/p><p>D&rsquo;autres m&eacute;dias, comme <a href=\"https:\/\/www.corriere.it\/sport\/formula-1\/25_giugno_12\/ferrari-dubbi-leclerc-futuro-hamilton-35f71847-fcc3-4cbc-9809-55ac3bd50xlk.shtml\" target=\"_blank\" rel=\"noreferrer noopener\" class=\"trk-cta-link\" data-cta-trk='{\"ctaType\":\"Link\",\"ctaSubType\":\"main\"}'>Le Corriere della Sera<\/a>, se mouillent un peu plus en donnant le nom de plusieurs candidats potentiels pour remplacer le Fran&ccedil;ais. Parmi eux, <strong>Antonello Coletta<\/strong>, actuellement &agrave; la t&ecirc;te du programme endurance de Ferrari, ou m&ecirc;me <strong>Christian Horner<\/strong>, actuel team principal de <strong>Red Bull<\/strong>.<\/p><p>Hormis Vasseur, <strong>Charles Leclerc<\/strong> est lui aussi au c&oelig;ur de plusieurs rumeurs le concernant. Pr&eacute;sent chez Ferrari depuis <strong>2019<\/strong>, celui-ci pourrait, selon les rumeurs, quitter la Scuderia d&egrave;s la saison prochaine. Des clauses de sortie seraient pr&eacute;sentes dans son contrat, et celui-ci pourrait perdre patience avec l&rsquo;&eacute;curie italienne qui ne performe pas au niveau souhait&eacute; depuis <strong>2022<\/strong>. Malgr&eacute; tout, le Mon&eacute;gasque nie en bloc toutes ces rumeurs et r&eacute;affirme son amour pour sa voiture rouge. <\/p><p>&laquo;&nbsp;Je n&rsquo;ai jamais rien dit de tel lors des derni&egrave;res courses. Si j&rsquo;ai dit quelque chose, c&rsquo;est &agrave; quel point j&rsquo;aime l&rsquo;&eacute;quipe et combien j&rsquo;ai envie de ramener Ferrari au sommet donc je suis juste surpris&nbsp;! On partage une vision, Fred, Lewis et moi-m&ecirc;me, pour essayer de renouer avec la victoire. Et on travaille ensemble l&agrave;-dessus. C&rsquo;est notre plan et je pense qu&rsquo;on devrait continuer &agrave; le suivre.&nbsp;&raquo;<\/p><h2 class=\"wp-block-heading\">Montr&eacute;al : pas le circuit optimal pour la Scuderia<\/h2><p>Malgr&eacute; un total de <strong>12 victoires<\/strong> dans le pays &agrave; la feuille d&rsquo;&eacute;rable, <strong>Ferrari <\/strong>a r&eacute;cemment eu du mal sur le circuit<strong> Gilles Villeneuve<\/strong>. Sur ces vingt derni&egrave;res ann&eacute;es, <strong>2018 <\/strong>reste la seule saison o&ugrave; Ferrari s&rsquo;est impos&eacute;, avec <strong>Sebastian Vettel<\/strong>. <\/p><p>De plus, la derni&egrave;re &eacute;dition a tourn&eacute; au cauchemar pour les rouges avec une double &eacute;limination en <strong>Q2 <\/strong>et un double abandon le lendemain, cl&ocirc;turant une nouvelle fois, un week-end &agrave; oublier en terres canadiennes. Cette ann&eacute;e devra &ecirc;tre diff&eacute;rente, avec toujours deux &eacute;curies talonnant Ferrari au championnat constructeurs, &agrave; savoir <strong>Mercedes <\/strong>et <strong>Red Bull<\/strong>. <\/p><p>Credit: Sam Navarro-Imagn Images<\/p>\n","protected":false},"excerpt":{"rendered":"<p>A l&rsquo;aube du Grand Prix du Canada, la Scuderia Ferrari est au c\u0153ur de nombreuses rumeurs concernant son futur.<\/p>\n","protected":false},"author":180310178,"featured_media":1494294,"comment_status":"closed","ping_status":"closed","sticky":false,"template":"","format":"standard","meta":{"inline_featured_image":false,"kia_subtitle":"A l'aube du Grand Prix du Canada, la Scuderia Ferrari est au c\u0153ur de nombreuses rumeurs concernant son futur.","_mux_skip_reasons":[],"proofreadBy":0,"footnotes":""},"categories":[8091,8408],"tags":[8093,8172,6556],"sport":[],"saison":[7475],"class_list":["post-1494289","post","type-post","status-publish","format-standard","has-post-thumbnail","hentry","category-formule-1","category-sports","tag-f1","tag-ferrari","tag-formule-1","saison-7475"],"acf":[],"yoast_head":"<!-- This site is optimized with the Yoast SEO plugin v24.2 - https:\/\/yoast.com\/wordpress\/plugins\/seo\/ -->\n<title>Ferrari au c&oelig;ur des rumeurs avant le Grand Prix du Canada - The Playoffs FR<\/title>\n<meta name=\"description\" content=\"A l&#039;aube du Grand Prix du Canada, la Scuderia Ferrari est au c&oelig;ur de nombreuses rumeurs concernant son futur.\" \/>\n<meta name=\"robots\" content=\"index, follow, max-snippet:-1, max-image-preview:large, max-video-preview:-1\" \/>\n<link rel=\"canonical\" href=\"https:\/\/theplayoffs.news\/fr\/formule-1\/ferrari-au-coeur-des-rumeurs-avant-le-grand-prix-du-canada\/\" \/>\n<meta property=\"og:locale\" content=\"fr_FR\" \/>\n<meta property=\"og:type\" content=\"article\" \/>\n<meta property=\"og:title\" content=\"Ferrari au c&oelig;ur des rumeurs avant le Grand Prix du Canada - The Playoffs FR\" \/>\n<meta property=\"og:description\" content=\"A l&#039;aube du Grand Prix du Canada, la Scuderia Ferrari est au c&oelig;ur de nombreuses rumeurs concernant son futur.\" \/>\n<meta property=\"og:url\" content=\"https:\/\/theplayoffs.news\/fr\/formule-1\/ferrari-au-coeur-des-rumeurs-avant-le-grand-prix-du-canada\/\" \/>\n<meta property=\"og:site_name\" content=\"The Playoffs FR\" \/>\n<meta property=\"article:publisher\" content=\"https:\/\/www.facebook.com\/TheFreeAgentFR\/\" \/>\n<meta property=\"article:modified_time\" content=\"2025-06-13T15:51:34+02:00\" \/>\n<meta property=\"og:image\" content=\"https:\/\/theplayoffs.news\/fr\/wp-content\/uploads\/2025\/06\/USATSI_26082011.jpg\" \/>\n\t<meta property=\"og:image:width\" content=\"1920\" \/>\n\t<meta property=\"og:image:height\" content=\"1280\" \/>\n\t<meta property=\"og:image:type\" content=\"image\/jpeg\" \/>\n<meta name=\"author\" content=\"Arthur Berlemont\" \/>\n<meta name=\"twitter:card\" content=\"summary_large_image\" \/>\n<meta name=\"twitter:creator\" content=\"@TheFreeAgentFR\" \/>\n<meta name=\"twitter:site\" content=\"@TheFreeAgentFR\" \/>\n<meta name=\"twitter:label1\" content=\"\u00c9crit par\" \/>\n\t<meta name=\"twitter:data1\" content=\"Arthur Berlemont\" \/>\n\t<meta name=\"twitter:label2\" content=\"Dur\u00e9e de lecture estim\u00e9e\" \/>\n\t<meta name=\"twitter:data2\" content=\"3 minutes\" \/>\n<script type=\"application\/ld+json\" class=\"yoast-schema-graph\">{\"@context\":\"https:\/\/schema.org\",\"@graph\":[{\"@type\":\"WebPage\",\"@id\":\"https:\/\/theplayoffs.news\/fr\/formule-1\/ferrari-au-coeur-des-rumeurs-avant-le-grand-prix-du-canada\/\",\"url\":\"https:\/\/theplayoffs.news\/fr\/formule-1\/ferrari-au-coeur-des-rumeurs-avant-le-grand-prix-du-canada\/\",\"name\":\"Ferrari au c\u0153ur des rumeurs avant le Grand Prix du Canada - The Playoffs FR\",\"isPartOf\":{\"@id\":\"https:\/\/theplayoffs.news\/fr\/#website\"},\"primaryImageOfPage\":{\"@id\":\"https:\/\/theplayoffs.news\/fr\/formule-1\/ferrari-au-coeur-des-rumeurs-avant-le-grand-prix-du-canada\/#primaryimage\"},\"image\":{\"@id\":\"https:\/\/theplayoffs.news\/fr\/formule-1\/ferrari-au-coeur-des-rumeurs-avant-le-grand-prix-du-canada\/#primaryimage\"},\"thumbnailUrl\":\"https:\/\/theplayoffs.news\/fr\/wp-content\/uploads\/2025\/06\/USATSI_26082011.jpg\",\"datePublished\":\"2025-06-13T13:51:29+00:00\",\"dateModified\":\"2025-06-13T13:51:34+00:00\",\"author\":{\"@id\":\"https:\/\/theplayoffs.news\/fr\/#\/schema\/person\/b6b04a451dab03a5ab75cec8912e8942\"},\"description\":\"A l\\\\'aube du Grand Prix du Canada, la Scuderia Ferrari est au c\u0153ur de nombreuses rumeurs concernant son futur.\",\"breadcrumb\":{\"@id\":\"https:\/\/theplayoffs.news\/fr\/formule-1\/ferrari-au-coeur-des-rumeurs-avant-le-grand-prix-du-canada\/#breadcrumb\"},\"inLanguage\":\"fr-FR\",\"potentialAction\":[{\"@type\":\"ReadAction\",\"target\":[\"https:\/\/theplayoffs.news\/fr\/formule-1\/ferrari-au-coeur-des-rumeurs-avant-le-grand-prix-du-canada\/\"]}]},{\"@type\":\"ImageObject\",\"inLanguage\":\"fr-FR\",\"@id\":\"https:\/\/theplayoffs.news\/fr\/formule-1\/ferrari-au-coeur-des-rumeurs-avant-le-grand-prix-du-canada\/#primaryimage\",\"url\":\"https:\/\/theplayoffs.news\/fr\/wp-content\/uploads\/2025\/06\/USATSI_26082011.jpg\",\"contentUrl\":\"https:\/\/theplayoffs.news\/fr\/wp-content\/uploads\/2025\/06\/USATSI_26082011.jpg\",\"width\":1920,\"height\":1280,\"caption\":\"May 3, 2025; Miami Gardens, FL, USA; Ferrari driver Lewis Hamilton (44) sits inside his car after finishing third during the F1 Miami Grand Prix Sprint Race at Miami International Autodrome. Mandatory Credit: Sam Navarro-Imagn Images\"},{\"@type\":\"BreadcrumbList\",\"@id\":\"https:\/\/theplayoffs.news\/fr\/formule-1\/ferrari-au-coeur-des-rumeurs-avant-le-grand-prix-du-canada\/#breadcrumb\",\"itemListElement\":[{\"@type\":\"ListItem\",\"position\":1,\"name\":\"Accueil\",\"item\":\"https:\/\/theplayoffs.news\/fr\/\"},{\"@type\":\"ListItem\",\"position\":2,\"name\":\"Ferrari au c\u0153ur des rumeurs avant le Grand Prix du Canada\"}]},{\"@type\":\"WebSite\",\"@id\":\"https:\/\/theplayoffs.news\/fr\/#website\",\"url\":\"https:\/\/theplayoffs.news\/fr\/\",\"name\":\"The Playoffs FR\",\"description\":\"NBA-NFL-NHL-MLB\",\"potentialAction\":[{\"@type\":\"SearchAction\",\"target\":{\"@type\":\"EntryPoint\",\"urlTemplate\":\"https:\/\/theplayoffs.news\/fr\/?s={search_term_string}\"},\"query-input\":{\"@type\":\"PropertyValueSpecification\",\"valueRequired\":true,\"valueName\":\"search_term_string\"}}],\"inLanguage\":\"fr-FR\"},{\"@type\":\"Person\",\"@id\":\"https:\/\/theplayoffs.news\/fr\/#\/schema\/person\/b6b04a451dab03a5ab75cec8912e8942\",\"name\":\"Arthur Berlemont\",\"image\":{\"@type\":\"ImageObject\",\"inLanguage\":\"fr-FR\",\"@id\":\"https:\/\/theplayoffs.news\/fr\/#\/schema\/person\/image\/\",\"url\":\"https:\/\/secure.gravatar.com\/avatar\/19ddab1d62ab0a19b186b86cee130432b120dd6f085625a6a6757dd1aa90a5f3?s=96&d=mm&r=g\",\"contentUrl\":\"https:\/\/secure.gravatar.com\/avatar\/19ddab1d62ab0a19b186b86cee130432b120dd6f085625a6a6757dd1aa90a5f3?s=96&d=mm&r=g\",\"caption\":\"Arthur Berlemont\"},\"description\":\"Etudiant passionn\u00e9 de sport, avant tout m\u00e9caniques, j\\\\'ai d\u00e9couvert les sports US il y a quelques ann\u00e9es. J\\\\'ai tout de suite accroch\u00e9 pour la ville de Cincinnati et ses franchises de NFL et MLB. Aujourd\\\\'hui, je suis l\u00e0 par passion dans la r\u00e9daction d\\\\'articles sur divers sports que j\\\\'affectionne.\",\"url\":\"https:\/\/theplayoffs.news\/fr\/author\/arthur-berlemontgmail-com\/\"}]}<\/script>\n<!-- \/ Yoast SEO plugin. -->","yoast_head_json":{"title":"Ferrari au c&oelig;ur des rumeurs avant le Grand Prix du Canada - The Playoffs FR","description":"A l&#039;aube du Grand Prix du Canada, la Scuderia Ferrari est au c&oelig;ur de nombreuses rumeurs concernant son futur.","robots":{"index":"index","follow":"follow","max-snippet":"max-snippet:-1","max-image-preview":"max-image-preview:large","max-video-preview":"max-video-preview:-1"},"canonical":"https:\/\/theplayoffs.news\/fr\/formule-1\/ferrari-au-coeur-des-rumeurs-avant-le-grand-prix-du-canada\/","og_locale":"fr_FR","og_type":"article","og_title":"Ferrari au c&oelig;ur des rumeurs avant le Grand Prix du Canada - The Playoffs FR","og_description":"A l&#039;aube du Grand Prix du Canada, la Scuderia Ferrari est au c&oelig;ur de nombreuses rumeurs concernant son futur.","og_url":"https:\/\/theplayoffs.news\/fr\/formule-1\/ferrari-au-coeur-des-rumeurs-avant-le-grand-prix-du-canada\/","og_site_name":"The Playoffs FR","article_publisher":"https:\/\/www.facebook.com\/TheFreeAgentFR\/","article_modified_time":"2025-06-13T13:51:34+00:00","og_image":[{"width":1920,"height":1280,"url":"https:\/\/theplayoffs.news\/fr\/wp-content\/uploads\/2025\/06\/USATSI_26082011.jpg","type":"image\/jpeg"}],"author":"Arthur Berlemont","twitter_card":"summary_large_image","twitter_creator":"@TheFreeAgentFR","twitter_site":"@TheFreeAgentFR","twitter_misc":{"\u00c9crit par":"Arthur Berlemont","Dur\u00e9e de lecture estim\u00e9e":"3 minutes"},"schema":{"@context":"https:\/\/schema.org","@graph":[{"@type":"WebPage","@id":"https:\/\/theplayoffs.news\/fr\/formule-1\/ferrari-au-coeur-des-rumeurs-avant-le-grand-prix-du-canada\/","url":"https:\/\/theplayoffs.news\/fr\/formule-1\/ferrari-au-coeur-des-rumeurs-avant-le-grand-prix-du-canada\/","name":"Ferrari au c\u0153ur des rumeurs avant le Grand Prix du Canada - The Playoffs FR","isPartOf":{"@id":"https:\/\/theplayoffs.news\/fr\/#website"},"primaryImageOfPage":{"@id":"https:\/\/theplayoffs.news\/fr\/formule-1\/ferrari-au-coeur-des-rumeurs-avant-le-grand-prix-du-canada\/#primaryimage"},"image":{"@id":"https:\/\/theplayoffs.news\/fr\/formule-1\/ferrari-au-coeur-des-rumeurs-avant-le-grand-prix-du-canada\/#primaryimage"},"thumbnailUrl":"https:\/\/theplayoffs.news\/fr\/wp-content\/uploads\/2025\/06\/USATSI_26082011.jpg","datePublished":"2025-06-13T13:51:29+00:00","dateModified":"2025-06-13T13:51:34+00:00","author":{"@id":"https:\/\/theplayoffs.news\/fr\/#\/schema\/person\/b6b04a451dab03a5ab75cec8912e8942"},"description":"A l\\'aube du Grand Prix du Canada, la Scuderia Ferrari est au c\u0153ur de nombreuses rumeurs concernant son futur.","breadcrumb":{"@id":"https:\/\/theplayoffs.news\/fr\/formule-1\/ferrari-au-coeur-des-rumeurs-avant-le-grand-prix-du-canada\/#breadcrumb"},"inLanguage":"fr-FR","potentialAction":[{"@type":"ReadAction","target":["https:\/\/theplayoffs.news\/fr\/formule-1\/ferrari-au-coeur-des-rumeurs-avant-le-grand-prix-du-canada\/"]}]},{"@type":"ImageObject","inLanguage":"fr-FR","@id":"https:\/\/theplayoffs.news\/fr\/formule-1\/ferrari-au-coeur-des-rumeurs-avant-le-grand-prix-du-canada\/#primaryimage","url":"https:\/\/theplayoffs.news\/fr\/wp-content\/uploads\/2025\/06\/USATSI_26082011.jpg","contentUrl":"https:\/\/theplayoffs.news\/fr\/wp-content\/uploads\/2025\/06\/USATSI_26082011.jpg","width":1920,"height":1280,"caption":"May 3, 2025; Miami Gardens, FL, USA; Ferrari driver Lewis Hamilton (44) sits inside his car after finishing third during the F1 Miami Grand Prix Sprint Race at Miami International Autodrome. Mandatory Credit: Sam Navarro-Imagn Images"},{"@type":"BreadcrumbList","@id":"https:\/\/theplayoffs.news\/fr\/formule-1\/ferrari-au-coeur-des-rumeurs-avant-le-grand-prix-du-canada\/#breadcrumb","itemListElement":[{"@type":"ListItem","position":1,"name":"Accueil","item":"https:\/\/theplayoffs.news\/fr\/"},{"@type":"ListItem","position":2,"name":"Ferrari au c\u0153ur des rumeurs avant le Grand Prix du Canada"}]},{"@type":"WebSite","@id":"https:\/\/theplayoffs.news\/fr\/#website","url":"https:\/\/theplayoffs.news\/fr\/","name":"The Playoffs FR","description":"NBA-NFL-NHL-MLB","potentialAction":[{"@type":"SearchAction","target":{"@type":"EntryPoint","urlTemplate":"https:\/\/theplayoffs.news\/fr\/?s={search_term_string}"},"query-input":{"@type":"PropertyValueSpecification","valueRequired":true,"valueName":"search_term_string"}}],"inLanguage":"fr-FR"},{"@type":"Person","@id":"https:\/\/theplayoffs.news\/fr\/#\/schema\/person\/b6b04a451dab03a5ab75cec8912e8942","name":"Arthur Berlemont","image":{"@type":"ImageObject","inLanguage":"fr-FR","@id":"https:\/\/theplayoffs.news\/fr\/#\/schema\/person\/image\/","url":"https:\/\/secure.gravatar.com\/avatar\/19ddab1d62ab0a19b186b86cee130432b120dd6f085625a6a6757dd1aa90a5f3?s=96&d=mm&r=g","contentUrl":"https:\/\/secure.gravatar.com\/avatar\/19ddab1d62ab0a19b186b86cee130432b120dd6f085625a6a6757dd1aa90a5f3?s=96&d=mm&r=g","caption":"Arthur Berlemont"},"description":"Etudiant passionn\u00e9 de sport, avant tout m\u00e9caniques, j\\'ai d\u00e9couvert les sports US il y a quelques ann\u00e9es. J\\'ai tout de suite accroch\u00e9 pour la ville de Cincinnati et ses franchises de NFL et MLB. Aujourd\\'hui, je suis l\u00e0 par passion dans la r\u00e9daction d\\'articles sur divers sports que j\\'affectionne.","url":"https:\/\/theplayoffs.news\/fr\/author\/arthur-berlemontgmail-com\/"}]}},"_links":{"self":[{"href":"https:\/\/theplayoffs.news\/fr\/wp-json\/wp\/v2\/posts\/1494289","targetHints":{"allow":["GET"]}}],"collection":[{"href":"https:\/\/theplayoffs.news\/fr\/wp-json\/wp\/v2\/posts"}],"about":[{"href":"https:\/\/theplayoffs.news\/fr\/wp-json\/wp\/v2\/types\/post"}],"author":[{"embeddable":true,"href":"https:\/\/theplayoffs.news\/fr\/wp-json\/wp\/v2\/users\/180310178"}],"replies":[{"embeddable":true,"href":"https:\/\/theplayoffs.news\/fr\/wp-json\/wp\/v2\/comments?post=1494289"}],"version-history":[{"count":1,"href":"https:\/\/theplayoffs.news\/fr\/wp-json\/wp\/v2\/posts\/1494289\/revisions"}],"predecessor-version":[{"id":1494295,"href":"https:\/\/theplayoffs.news\/fr\/wp-json\/wp\/v2\/posts\/1494289\/revisions\/1494295"}],"wp:featuredmedia":[{"embeddable":true,"href":"https:\/\/theplayoffs.news\/fr\/wp-json\/wp\/v2\/media\/1494294"}],"wp:attachment":[{"href":"https:\/\/theplayoffs.news\/fr\/wp-json\/wp\/v2\/media?parent=1494289"}],"wp:term":[{"taxonomy":"category","embeddable":true,"href":"https:\/\/theplayoffs.news\/fr\/wp-json\/wp\/v2\/categories?post=1494289"},{"taxonomy":"post_tag","embeddable":true,"href":"https:\/\/theplayoffs.news\/fr\/wp-json\/wp\/v2\/tags?post=1494289"},{"taxonomy":"sport","embeddable":true,"href":"https:\/\/theplayoffs.news\/fr\/wp-json\/wp\/v2\/sport?post=1494289"},{"taxonomy":"saison","embeddable":true,"href":"https:\/\/theplayoffs.news\/fr\/wp-json\/wp\/v2\/saison?post=1494289"}],"curies":[{"name":"wp","href":"https:\/\/api.w.org\/{rel}","templated":true}]}}