{"id":1494017,"date":"2025-06-11T13:01:13","date_gmt":"2025-06-11T11:01:13","guid":{"rendered":"https:\/\/theplayoffs.news\/fr\/uncategorized\/\/"},"modified":"2025-06-11T13:01:19","modified_gmt":"2025-06-11T11:01:19","slug":"arvid-lindblad-obtient-une-derogation-pour-sa-superlicence","status":"publish","type":"post","link":"https:\/\/theplayoffs.news\/fr\/formule-1\/arvid-lindblad-obtient-une-derogation-pour-sa-superlicence\/","title":{"rendered":"Arvid Lindblad obtient une d\u00e9rogation pour sa superlicence"},"content":{"rendered":"<p>La FIA a approuv&eacute; la requ&ecirc;te transmise par Red Bull concernant la superlicence d&rsquo;Arvid Lindblad. Celui-ci &eacute;volue actuellement en Formule 2 du c&ocirc;t&eacute; de Campos et &agrave; seulement 17 ans, le jeune Britannique fait d&eacute;j&agrave; parler de lui. Il a notamment remport&eacute; sa premi&egrave;re course principale &agrave; Barcelone et est actuellement class&eacute; troisi&egrave;me du championnat.<\/p><p>Arvid Lindblad aura 18 ans le 8 ao&ucirc;t prochain mais Red Bull a d&eacute;pos&eacute; une requ&ecirc;te aupr&egrave;s de la FIA afin de le faire monter dans une <a href=\"https:\/\/theplayoffs.news\/fr\/category\/sports\/formule-1\/\" class=\"trk-cta-link\" data-cta-trk='{\"ctaType\":\"Link\",\"ctaSubType\":\"main\"}'>F1 <\/a>avant cette date. A l&rsquo;image d&rsquo;un Andrea Kimi Antonelli l&rsquo;ann&eacute;e derni&egrave;re, Red Bull active &agrave; son tour une clause du Code Sportif International de la FIA afin de permettre &agrave; sa jeune p&eacute;pite de d&eacute;couvrir la F1 avant ses 18 ans.<\/p><blockquote class=\"wp-block-quote is-layout-flow wp-block-quote-is-layout-flow\">\n<p>&laquo;&nbsp;La FIA a re&ccedil;u une demande d&rsquo;octroi d&rsquo;une Super Licence &agrave; Arvid Lindblad avant son 18e anniversaire&nbsp;&raquo;, <a href=\"https:\/\/www.motorsport.com\/f1\/news\/fia-approves-red-bulls-lindblad-f1-superlicence-request\/10731280\/\" class=\"trk-cta-link\" data-cta-trk='{\"ctaType\":\"Link\",\"ctaSubType\":\"main\"}'>d&eacute;clare la FIA<\/a> dans un communiqu&eacute;. &laquo;&nbsp;Apr&egrave;s avoir examin&eacute; les informations pr&eacute;sent&eacute;es &agrave; l&rsquo;appui de cette demande, le Conseil mondial a estim&eacute; que le pilote avait r&eacute;cemment et constamment fait preuve d&rsquo;une capacit&eacute; et d&rsquo;une maturit&eacute; exceptionnelles en formule monoplace et a donc approuv&eacute; la demande.&nbsp;&raquo;<\/p>\n<\/blockquote><h2 class=\"wp-block-heading\">Qu&rsquo;est-ce que cela veut dire pour Arvid Lindblad et Red Bull ?<\/h2><p>Cette d&eacute;rogation va permettre au Britannique de pouvoir rouler en Formule 1, que ce soit dans le cadre d&rsquo;une s&eacute;ance officielle ou de tests priv&eacute;s. Il pourra ainsi figurer dans une s&eacute;ance d&rsquo;essais libres, mais &eacute;galement dans une monoplace lors d&rsquo;un week-end de course, &eacute;tant donn&eacute; que Max Verstappen n&rsquo;est d&eacute;sormais qu&rsquo;&agrave; un point de p&eacute;nalit&eacute; de se faire suspendre lors d&rsquo;une course.<\/p><p>A noter que Red Bull avait effectu&eacute; cette demande avant que le N&eacute;erlandais subisse son &eacute;norme p&eacute;nalit&eacute; &agrave; Barcelone. En cas de suspension de Verstappen, Lindblad pourrait avoir sa chance dans une Racing Bulls pendant la dur&eacute;e d&rsquo;un week-end.<\/p><p>De plus, Arvid Lindblad sera un pilote &agrave; surveiller dans la silly season du c&ocirc;t&eacute; de chez Red Bull. Apr&egrave;s une domination d&rsquo;Isack Hadjar sur son co&eacute;quipier Liam Lawson, Lindblad pourrait tr&egrave;s vite acc&eacute;der &agrave; une promotion chez Racing Bulls pour 2026, voire m&ecirc;me avant.<\/p><p>Ce qui est s&ucirc;r, c&rsquo;est que la p&eacute;pite de Red Bull se retrouvera tr&egrave;s prochainement derri&egrave;re le volant d&rsquo;une monoplace de Formule 1. <\/p><p>Credit: Jerome Miron-USA TODAY Sports<\/p>\n","protected":false},"excerpt":{"rendered":"<p>Le jeune Arvid Lindblad a re\u00e7u une d\u00e9rogation de la FIA concernant sa superlicence apr\u00e8s une demande au pr\u00e9alable de Red Bull.<\/p>\n","protected":false},"author":180310178,"featured_media":1494025,"comment_status":"closed","ping_status":"closed","sticky":false,"template":"","format":"standard","meta":{"inline_featured_image":false,"kia_subtitle":"Le jeune Arvid Lindblad a re\u00e7u une d\u00e9rogation de la FIA concernant sa superlicence apr\u00e8s une demande au pr\u00e9alable de Red Bull.","_mux_skip_reasons":[],"proofreadBy":0,"footnotes":""},"categories":[8091,8408],"tags":[8596,8093,6556,8097],"sport":[],"saison":[7475],"class_list":["post-1494017","post","type-post","status-publish","format-standard","has-post-thumbnail","hentry","category-formule-1","category-sports","tag-arvid-lindblad","tag-f1","tag-formule-1","tag-red-bull-racing","saison-7475"],"acf":[],"yoast_head":"<!-- This site is optimized with the Yoast SEO plugin v24.2 - https:\/\/yoast.com\/wordpress\/plugins\/seo\/ -->\n<title>Arvid Lindblad obtient une d&eacute;rogation pour sa superlicence - The Playoffs FR<\/title>\n<meta name=\"description\" content=\"Le jeune Arvid Lindblad a re&ccedil;u une d&eacute;rogation de la FIA concernant sa superlicence apr&egrave;s une demande au pr&eacute;alable de Red Bull.\" \/>\n<meta name=\"robots\" content=\"index, follow, max-snippet:-1, max-image-preview:large, max-video-preview:-1\" \/>\n<link rel=\"canonical\" href=\"https:\/\/theplayoffs.news\/fr\/formule-1\/arvid-lindblad-obtient-une-derogation-pour-sa-superlicence\/\" \/>\n<meta property=\"og:locale\" content=\"fr_FR\" \/>\n<meta property=\"og:type\" content=\"article\" \/>\n<meta property=\"og:title\" content=\"Arvid Lindblad obtient une d&eacute;rogation pour sa superlicence - The Playoffs FR\" \/>\n<meta property=\"og:description\" content=\"Le jeune Arvid Lindblad a re&ccedil;u une d&eacute;rogation de la FIA concernant sa superlicence apr&egrave;s une demande au pr&eacute;alable de Red Bull.\" \/>\n<meta property=\"og:url\" content=\"https:\/\/theplayoffs.news\/fr\/formule-1\/arvid-lindblad-obtient-une-derogation-pour-sa-superlicence\/\" \/>\n<meta property=\"og:site_name\" content=\"The Playoffs FR\" \/>\n<meta property=\"article:publisher\" content=\"https:\/\/www.facebook.com\/TheFreeAgentFR\/\" \/>\n<meta property=\"article:modified_time\" content=\"2025-06-11T13:01:19+02:00\" \/>\n<meta property=\"og:image\" content=\"https:\/\/theplayoffs.news\/fr\/wp-content\/uploads\/2025\/06\/USATSI_23015314.jpg\" \/>\n\t<meta property=\"og:image:width\" content=\"1920\" \/>\n\t<meta property=\"og:image:height\" content=\"1279\" \/>\n\t<meta property=\"og:image:type\" content=\"image\/jpeg\" \/>\n<meta name=\"author\" content=\"Arthur Berlemont\" \/>\n<meta name=\"twitter:card\" content=\"summary_large_image\" \/>\n<meta name=\"twitter:creator\" content=\"@TheFreeAgentFR\" \/>\n<meta name=\"twitter:site\" content=\"@TheFreeAgentFR\" \/>\n<meta name=\"twitter:label1\" content=\"\u00c9crit par\" \/>\n\t<meta name=\"twitter:data1\" content=\"Arthur Berlemont\" \/>\n\t<meta name=\"twitter:label2\" content=\"Dur\u00e9e de lecture estim\u00e9e\" \/>\n\t<meta name=\"twitter:data2\" content=\"2 minutes\" \/>\n<script type=\"application\/ld+json\" class=\"yoast-schema-graph\">{\"@context\":\"https:\/\/schema.org\",\"@graph\":[{\"@type\":\"WebPage\",\"@id\":\"https:\/\/theplayoffs.news\/fr\/formule-1\/arvid-lindblad-obtient-une-derogation-pour-sa-superlicence\/\",\"url\":\"https:\/\/theplayoffs.news\/fr\/formule-1\/arvid-lindblad-obtient-une-derogation-pour-sa-superlicence\/\",\"name\":\"Arvid Lindblad obtient une d\u00e9rogation pour sa superlicence - The Playoffs FR\",\"isPartOf\":{\"@id\":\"https:\/\/theplayoffs.news\/fr\/#website\"},\"primaryImageOfPage\":{\"@id\":\"https:\/\/theplayoffs.news\/fr\/formule-1\/arvid-lindblad-obtient-une-derogation-pour-sa-superlicence\/#primaryimage\"},\"image\":{\"@id\":\"https:\/\/theplayoffs.news\/fr\/formule-1\/arvid-lindblad-obtient-une-derogation-pour-sa-superlicence\/#primaryimage\"},\"thumbnailUrl\":\"https:\/\/theplayoffs.news\/fr\/wp-content\/uploads\/2025\/06\/USATSI_23015314.jpg\",\"datePublished\":\"2025-06-11T11:01:13+00:00\",\"dateModified\":\"2025-06-11T11:01:19+00:00\",\"author\":{\"@id\":\"https:\/\/theplayoffs.news\/fr\/#\/schema\/person\/b6b04a451dab03a5ab75cec8912e8942\"},\"description\":\"Le jeune Arvid Lindblad a re\u00e7u une d\u00e9rogation de la FIA concernant sa superlicence apr\u00e8s une demande au pr\u00e9alable de Red Bull.\",\"breadcrumb\":{\"@id\":\"https:\/\/theplayoffs.news\/fr\/formule-1\/arvid-lindblad-obtient-une-derogation-pour-sa-superlicence\/#breadcrumb\"},\"inLanguage\":\"fr-FR\",\"potentialAction\":[{\"@type\":\"ReadAction\",\"target\":[\"https:\/\/theplayoffs.news\/fr\/formule-1\/arvid-lindblad-obtient-une-derogation-pour-sa-superlicence\/\"]}]},{\"@type\":\"ImageObject\",\"inLanguage\":\"fr-FR\",\"@id\":\"https:\/\/theplayoffs.news\/fr\/formule-1\/arvid-lindblad-obtient-une-derogation-pour-sa-superlicence\/#primaryimage\",\"url\":\"https:\/\/theplayoffs.news\/fr\/wp-content\/uploads\/2025\/06\/USATSI_23015314.jpg\",\"contentUrl\":\"https:\/\/theplayoffs.news\/fr\/wp-content\/uploads\/2025\/06\/USATSI_23015314.jpg\",\"width\":1920,\"height\":1279,\"caption\":\"Apr 13, 2024; Austin, TX, USA; A view of the Red Bull energy drink logo during the qualifying session for the MotoGP Grand Prix of the Americas at Circuit of The Americas. Mandatory Credit: Jerome Miron-USA TODAY Sports\"},{\"@type\":\"BreadcrumbList\",\"@id\":\"https:\/\/theplayoffs.news\/fr\/formule-1\/arvid-lindblad-obtient-une-derogation-pour-sa-superlicence\/#breadcrumb\",\"itemListElement\":[{\"@type\":\"ListItem\",\"position\":1,\"name\":\"Accueil\",\"item\":\"https:\/\/theplayoffs.news\/fr\/\"},{\"@type\":\"ListItem\",\"position\":2,\"name\":\"Arvid Lindblad obtient une d\u00e9rogation pour sa superlicence\"}]},{\"@type\":\"WebSite\",\"@id\":\"https:\/\/theplayoffs.news\/fr\/#website\",\"url\":\"https:\/\/theplayoffs.news\/fr\/\",\"name\":\"The Playoffs FR\",\"description\":\"NBA-NFL-NHL-MLB\",\"potentialAction\":[{\"@type\":\"SearchAction\",\"target\":{\"@type\":\"EntryPoint\",\"urlTemplate\":\"https:\/\/theplayoffs.news\/fr\/?s={search_term_string}\"},\"query-input\":{\"@type\":\"PropertyValueSpecification\",\"valueRequired\":true,\"valueName\":\"search_term_string\"}}],\"inLanguage\":\"fr-FR\"},{\"@type\":\"Person\",\"@id\":\"https:\/\/theplayoffs.news\/fr\/#\/schema\/person\/b6b04a451dab03a5ab75cec8912e8942\",\"name\":\"Arthur Berlemont\",\"image\":{\"@type\":\"ImageObject\",\"inLanguage\":\"fr-FR\",\"@id\":\"https:\/\/theplayoffs.news\/fr\/#\/schema\/person\/image\/\",\"url\":\"https:\/\/secure.gravatar.com\/avatar\/19ddab1d62ab0a19b186b86cee130432b120dd6f085625a6a6757dd1aa90a5f3?s=96&d=mm&r=g\",\"contentUrl\":\"https:\/\/secure.gravatar.com\/avatar\/19ddab1d62ab0a19b186b86cee130432b120dd6f085625a6a6757dd1aa90a5f3?s=96&d=mm&r=g\",\"caption\":\"Arthur Berlemont\"},\"description\":\"Etudiant passionn\u00e9 de sport, avant tout m\u00e9caniques, j\\\\'ai d\u00e9couvert les sports US il y a quelques ann\u00e9es. J\\\\'ai tout de suite accroch\u00e9 pour la ville de Cincinnati et ses franchises de NFL et MLB. Aujourd\\\\'hui, je suis l\u00e0 par passion dans la r\u00e9daction d\\\\'articles sur divers sports que j\\\\'affectionne.\",\"url\":\"https:\/\/theplayoffs.news\/fr\/author\/arthur-berlemontgmail-com\/\"}]}<\/script>\n<!-- \/ Yoast SEO plugin. -->","yoast_head_json":{"title":"Arvid Lindblad obtient une d&eacute;rogation pour sa superlicence - The Playoffs FR","description":"Le jeune Arvid Lindblad a re&ccedil;u une d&eacute;rogation de la FIA concernant sa superlicence apr&egrave;s une demande au pr&eacute;alable de Red Bull.","robots":{"index":"index","follow":"follow","max-snippet":"max-snippet:-1","max-image-preview":"max-image-preview:large","max-video-preview":"max-video-preview:-1"},"canonical":"https:\/\/theplayoffs.news\/fr\/formule-1\/arvid-lindblad-obtient-une-derogation-pour-sa-superlicence\/","og_locale":"fr_FR","og_type":"article","og_title":"Arvid Lindblad obtient une d&eacute;rogation pour sa superlicence - The Playoffs FR","og_description":"Le jeune Arvid Lindblad a re&ccedil;u une d&eacute;rogation de la FIA concernant sa superlicence apr&egrave;s une demande au pr&eacute;alable de Red Bull.","og_url":"https:\/\/theplayoffs.news\/fr\/formule-1\/arvid-lindblad-obtient-une-derogation-pour-sa-superlicence\/","og_site_name":"The Playoffs FR","article_publisher":"https:\/\/www.facebook.com\/TheFreeAgentFR\/","article_modified_time":"2025-06-11T11:01:19+00:00","og_image":[{"width":1920,"height":1279,"url":"https:\/\/theplayoffs.news\/fr\/wp-content\/uploads\/2025\/06\/USATSI_23015314.jpg","type":"image\/jpeg"}],"author":"Arthur Berlemont","twitter_card":"summary_large_image","twitter_creator":"@TheFreeAgentFR","twitter_site":"@TheFreeAgentFR","twitter_misc":{"\u00c9crit par":"Arthur Berlemont","Dur\u00e9e de lecture estim\u00e9e":"2 minutes"},"schema":{"@context":"https:\/\/schema.org","@graph":[{"@type":"WebPage","@id":"https:\/\/theplayoffs.news\/fr\/formule-1\/arvid-lindblad-obtient-une-derogation-pour-sa-superlicence\/","url":"https:\/\/theplayoffs.news\/fr\/formule-1\/arvid-lindblad-obtient-une-derogation-pour-sa-superlicence\/","name":"Arvid Lindblad obtient une d\u00e9rogation pour sa superlicence - The Playoffs FR","isPartOf":{"@id":"https:\/\/theplayoffs.news\/fr\/#website"},"primaryImageOfPage":{"@id":"https:\/\/theplayoffs.news\/fr\/formule-1\/arvid-lindblad-obtient-une-derogation-pour-sa-superlicence\/#primaryimage"},"image":{"@id":"https:\/\/theplayoffs.news\/fr\/formule-1\/arvid-lindblad-obtient-une-derogation-pour-sa-superlicence\/#primaryimage"},"thumbnailUrl":"https:\/\/theplayoffs.news\/fr\/wp-content\/uploads\/2025\/06\/USATSI_23015314.jpg","datePublished":"2025-06-11T11:01:13+00:00","dateModified":"2025-06-11T11:01:19+00:00","author":{"@id":"https:\/\/theplayoffs.news\/fr\/#\/schema\/person\/b6b04a451dab03a5ab75cec8912e8942"},"description":"Le jeune Arvid Lindblad a re\u00e7u une d\u00e9rogation de la FIA concernant sa superlicence apr\u00e8s une demande au pr\u00e9alable de Red Bull.","breadcrumb":{"@id":"https:\/\/theplayoffs.news\/fr\/formule-1\/arvid-lindblad-obtient-une-derogation-pour-sa-superlicence\/#breadcrumb"},"inLanguage":"fr-FR","potentialAction":[{"@type":"ReadAction","target":["https:\/\/theplayoffs.news\/fr\/formule-1\/arvid-lindblad-obtient-une-derogation-pour-sa-superlicence\/"]}]},{"@type":"ImageObject","inLanguage":"fr-FR","@id":"https:\/\/theplayoffs.news\/fr\/formule-1\/arvid-lindblad-obtient-une-derogation-pour-sa-superlicence\/#primaryimage","url":"https:\/\/theplayoffs.news\/fr\/wp-content\/uploads\/2025\/06\/USATSI_23015314.jpg","contentUrl":"https:\/\/theplayoffs.news\/fr\/wp-content\/uploads\/2025\/06\/USATSI_23015314.jpg","width":1920,"height":1279,"caption":"Apr 13, 2024; Austin, TX, USA; A view of the Red Bull energy drink logo during the qualifying session for the MotoGP Grand Prix of the Americas at Circuit of The Americas. Mandatory Credit: Jerome Miron-USA TODAY Sports"},{"@type":"BreadcrumbList","@id":"https:\/\/theplayoffs.news\/fr\/formule-1\/arvid-lindblad-obtient-une-derogation-pour-sa-superlicence\/#breadcrumb","itemListElement":[{"@type":"ListItem","position":1,"name":"Accueil","item":"https:\/\/theplayoffs.news\/fr\/"},{"@type":"ListItem","position":2,"name":"Arvid Lindblad obtient une d\u00e9rogation pour sa superlicence"}]},{"@type":"WebSite","@id":"https:\/\/theplayoffs.news\/fr\/#website","url":"https:\/\/theplayoffs.news\/fr\/","name":"The Playoffs FR","description":"NBA-NFL-NHL-MLB","potentialAction":[{"@type":"SearchAction","target":{"@type":"EntryPoint","urlTemplate":"https:\/\/theplayoffs.news\/fr\/?s={search_term_string}"},"query-input":{"@type":"PropertyValueSpecification","valueRequired":true,"valueName":"search_term_string"}}],"inLanguage":"fr-FR"},{"@type":"Person","@id":"https:\/\/theplayoffs.news\/fr\/#\/schema\/person\/b6b04a451dab03a5ab75cec8912e8942","name":"Arthur Berlemont","image":{"@type":"ImageObject","inLanguage":"fr-FR","@id":"https:\/\/theplayoffs.news\/fr\/#\/schema\/person\/image\/","url":"https:\/\/secure.gravatar.com\/avatar\/19ddab1d62ab0a19b186b86cee130432b120dd6f085625a6a6757dd1aa90a5f3?s=96&d=mm&r=g","contentUrl":"https:\/\/secure.gravatar.com\/avatar\/19ddab1d62ab0a19b186b86cee130432b120dd6f085625a6a6757dd1aa90a5f3?s=96&d=mm&r=g","caption":"Arthur Berlemont"},"description":"Etudiant passionn\u00e9 de sport, avant tout m\u00e9caniques, j\\'ai d\u00e9couvert les sports US il y a quelques ann\u00e9es. J\\'ai tout de suite accroch\u00e9 pour la ville de Cincinnati et ses franchises de NFL et MLB. Aujourd\\'hui, je suis l\u00e0 par passion dans la r\u00e9daction d\\'articles sur divers sports que j\\'affectionne.","url":"https:\/\/theplayoffs.news\/fr\/author\/arthur-berlemontgmail-com\/"}]}},"_links":{"self":[{"href":"https:\/\/theplayoffs.news\/fr\/wp-json\/wp\/v2\/posts\/1494017","targetHints":{"allow":["GET"]}}],"collection":[{"href":"https:\/\/theplayoffs.news\/fr\/wp-json\/wp\/v2\/posts"}],"about":[{"href":"https:\/\/theplayoffs.news\/fr\/wp-json\/wp\/v2\/types\/post"}],"author":[{"embeddable":true,"href":"https:\/\/theplayoffs.news\/fr\/wp-json\/wp\/v2\/users\/180310178"}],"replies":[{"embeddable":true,"href":"https:\/\/theplayoffs.news\/fr\/wp-json\/wp\/v2\/comments?post=1494017"}],"version-history":[{"count":1,"href":"https:\/\/theplayoffs.news\/fr\/wp-json\/wp\/v2\/posts\/1494017\/revisions"}],"predecessor-version":[{"id":1494026,"href":"https:\/\/theplayoffs.news\/fr\/wp-json\/wp\/v2\/posts\/1494017\/revisions\/1494026"}],"wp:featuredmedia":[{"embeddable":true,"href":"https:\/\/theplayoffs.news\/fr\/wp-json\/wp\/v2\/media\/1494025"}],"wp:attachment":[{"href":"https:\/\/theplayoffs.news\/fr\/wp-json\/wp\/v2\/media?parent=1494017"}],"wp:term":[{"taxonomy":"category","embeddable":true,"href":"https:\/\/theplayoffs.news\/fr\/wp-json\/wp\/v2\/categories?post=1494017"},{"taxonomy":"post_tag","embeddable":true,"href":"https:\/\/theplayoffs.news\/fr\/wp-json\/wp\/v2\/tags?post=1494017"},{"taxonomy":"sport","embeddable":true,"href":"https:\/\/theplayoffs.news\/fr\/wp-json\/wp\/v2\/sport?post=1494017"},{"taxonomy":"saison","embeddable":true,"href":"https:\/\/theplayoffs.news\/fr\/wp-json\/wp\/v2\/saison?post=1494017"}],"curies":[{"name":"wp","href":"https:\/\/api.w.org\/{rel}","templated":true}]}}