{"id":1493914,"date":"2025-06-10T15:12:18","date_gmt":"2025-06-10T13:12:18","guid":{"rendered":"https:\/\/theplayoffs.news\/fr\/uncategorized\/\/"},"modified":"2025-06-10T19:49:54","modified_gmt":"2025-06-10T17:49:54","slug":"pacome-dadiet-montrer-tout-simplement-quon-va-avoir-une-place-lannee-prochaine","status":"publish","type":"post","link":"https:\/\/theplayoffs.news\/fr\/actualite-nba\/pacome-dadiet-montrer-tout-simplement-quon-va-avoir-une-place-lannee-prochaine\/","title":{"rendered":"Pac\u00f4me Dadiet \u00e9voque son ann\u00e9e rookie: \u00ab\u00a0ce n&rsquo;\u00e9tait pas gagn\u00e9 d&rsquo;avance\u00a0\u00bb"},"content":{"rendered":"<p>Apr&egrave;s avoir &eacute;t&eacute; choisi en 25e position par les Knicks lors de la draft 2024, <strong>Pac&ocirc;me Dadiet<\/strong> est revenu sur sa premi&egrave;re saison en NBA. L&rsquo;occasion pour le Fran&ccedil;ais de faire le bilan de sa premi&egrave;re ann&eacute;e outre-Atlantique, et d&rsquo;afficher ses ambitions pour celle &agrave; venir.&nbsp;<\/p><h2 class=\"wp-block-heading\">Une ann&eacute;e rookie marqu&eacute;e par l&rsquo;apprentissage&nbsp;<\/h2><p>Quatri&egrave;me repr&eacute;sentant fran&ccedil;ais du Top 30 de cette draft 2024, derri&egrave;re <strong>Zaccharie Risacher<\/strong>, Alexandre Sarr et <strong>Tidjane Sala&uuml;n<\/strong>, Dadiet est revenu sur sa premi&egrave;re saison dans la grande ligue sur le plateau de NBA Extra lundi. L&rsquo;occasion d&rsquo;&eacute;voquer notamment ce qu&rsquo;il a ressenti en entendant Adam Silver prononcer son nom sur l&rsquo;estrade.&nbsp;<\/p><p>&Agrave; ce moment-l&agrave;, je ne r&eacute;fl&eacute;chissais pas trop, c&rsquo;est vraiment un choc. Apr&egrave;s, on est surtout content d&rsquo;&ecirc;tre en NBA au d&eacute;but et ensuite les Knicks quoi, on conna&icirc;t cette franchise donc &ccedil;a fait encore plus plaisir.<\/p><p>Malgr&eacute; la crainte de ne pas &ecirc;tre choisi, le natif d&rsquo;Aubagne n&rsquo;a jamais dout&eacute; de lui.&nbsp;<\/p><blockquote class=\"wp-block-quote is-layout-flow wp-block-quote-is-layout-flow\">\n<p>Ce n&rsquo;&eacute;tait pas s&ucirc;r &agrave; 100%, apr&egrave;s moi j&rsquo;&eacute;tais vraiment s&ucirc;r de moi. Enfin, apr&egrave;s il y a eu les workouts. Ce n&rsquo;&eacute;tait pas gagn&eacute; d&rsquo;avance au d&eacute;but mais j&rsquo;ai fait en sorte de monter dans cette draft et c&rsquo;est plut&ocirc;t bien pass&eacute; pour moi.<\/p>\n<\/blockquote><figure class=\"wp-block-embed is-type-rich is-provider-twitter wp-block-embed-twitter\"><div class=\"wp-block-embed__wrapper\">\n<blockquote class=\"twitter-tweet\" data-width=\"500\" data-dnt=\"true\"><p lang=\"fr\" dir=\"ltr\">&#127936; <a href=\"https:\/\/twitter.com\/hashtag\/NBAextra?src=hash&amp;ref_src=twsrc%5Etfw\" class=\"trk-cta-link\" data-cta-trk='{\"ctaType\":\"Link\",\"ctaSubType\":\"main\"}'>#NBAextra<\/a><br>&#128073; La Draft, la surprise Knicks, la pression, sa 1ere saison en NBA, les Playoffs&hellip; Les confidences de Pac&ocirc;me Dadiet<br>&#128488;&#65039; \"Ce n'&eacute;tait pas vraiment gagn&eacute; au d&eacute;but&hellip;\"<br>&#128488;&#65039; \"J'apprends tous les jours, &ccedil;a va m'aider dans le futur\"<br>&hellip; <a href=\"https:\/\/t.co\/Nvxiq1DVcI\" class=\"trk-cta-link\" data-cta-trk='{\"ctaType\":\"Link\",\"ctaSubType\":\"main\"}'>pic.twitter.com\/Nvxiq1DVcI<\/a><\/p>&mdash; NBAextra (@NBAextra) <a href=\"https:\/\/twitter.com\/NBAextra\/status\/1932047712037343437?ref_src=twsrc%5Etfw\" class=\"trk-cta-link\" data-cta-trk='{\"ctaType\":\"Link\",\"ctaSubType\":\"main\"}'>June 9, 2025<\/a><\/blockquote><script async src=\"https:\/\/platform.twitter.com\/widgets.js\" charset=\"utf-8\"><\/script>\n<\/div><\/figure><p>Au milieu de stars comme Jalen Brunson ou Karl-Anthony Towns par exemple, Pac&ocirc;me Dadiet a d&ucirc; se contenter d&rsquo;aller-retour entre la G-League et la NBA. Au total, le Fran&ccedil;ais aura cumul&eacute; 18 matchs pour 6.2 minutes, 1.7 point et 1 rebond en saison r&eacute;guli&egrave;re, mais aussi deux matchs en playoffs avec deux points face &agrave; Boston lors du match 5 de la s&eacute;rie. Pourtant, malgr&eacute; ces courtes apparitions, le Fran&ccedil;ais est satisfait de sa premi&egrave;re ann&eacute;e dans la grande ligue.&nbsp;<\/p><blockquote class=\"wp-block-quote is-layout-flow wp-block-quote-is-layout-flow\">\n<p>Pour moi, c&rsquo;est une question d&rsquo;exp&eacute;rience. Je pense quand on arrive en NBA &agrave; 19 ans et qu&rsquo;on est capable d&rsquo;apprendre, je pense que vers la 3e ann&eacute;e, 4e ann&eacute;e, c&rsquo;est beaucoup plus facile, on a d&eacute;j&agrave; pris ses marques. C&rsquo;est un jeu tr&egrave;s diff&eacute;rent de l&rsquo;Europe donc il n&rsquo;est pas &eacute;vident tout de suite. Il y a la ligne &agrave; 3 points, il y a quelques r&egrave;gles qui sont diff&eacute;rentes donc ouais, c&rsquo;est pas &eacute;vident sans exp&eacute;rience d&rsquo;y arriver et de pouvoir performer directement.&nbsp;<\/p>\n<\/blockquote><h3 class=\"wp-block-heading\">Une perspicacit&eacute; au service d&rsquo;une bonne adaptation&nbsp;<\/h3><p>Pass&eacute; par le Ratiopharm Ulm avant sa draft, comme <strong>Killian Hayes<\/strong> et Noa Essengue, Pac&ocirc;me Dadiet a tout de suite adopt&eacute; une vision &agrave; long terme de son parcours en NBA, lui permettant de bien g&eacute;rer la frustration autour de son faible temps de jeu.&nbsp;<\/p><blockquote class=\"wp-block-quote is-layout-flow wp-block-quote-is-layout-flow\">\n<p>Je pense que dans chaque situation, il y a du bon &agrave; tirer. Et dans cette &eacute;quipe, j&rsquo;avais &eacute;norm&eacute;ment de tr&egrave;s bons co&eacute;quipiers donc j&rsquo;apprends tous les jours. J&rsquo;avais un coach qui &eacute;tait vraiment bien pour les jeunes, en termes de discipline surtout. Donc &ccedil;a pose de bonnes bases dans les premi&egrave;res ann&eacute;es NBA et je pense que cela m&rsquo;aidera &agrave; l&rsquo;avenir.&nbsp;<\/p>\n<\/blockquote><p>Une fois arriv&eacute; &agrave; <strong>New York<\/strong>, le jeune Fran&ccedil;ais a d&ucirc; s&rsquo;adapter &agrave; la cadence infernale des matchs et &agrave; la r&eacute;cup&eacute;ration parfois tr&egrave;s limit&eacute;e.&nbsp;<\/p><blockquote class=\"wp-block-quote is-layout-flow wp-block-quote-is-layout-flow\">\n<p>Le nombre de matchs surtout, c&rsquo;est vrai que &ccedil;a change &eacute;norm&eacute;ment de choses sur la r&eacute;cup&eacute;ration. Il faut vite &ecirc;tre mature sur ce genre de sujets parce que &ccedil;a ne pardonne pas en NBA, on a un match quasiment tous les deux jours. Donc, et apr&egrave;s il y a l&rsquo;avion, etc. Donc je dirais que c&rsquo;est plus sur &ccedil;a que j&rsquo;ai &eacute;t&eacute; surpris apr&egrave;s. On sait que la NBA c&rsquo;est quand m&ecirc;me une grosse ligue, mais quand on voit les joueurs en vrai, &ccedil;a nous frappe encore plus parce qu&rsquo;on ne peut pas se rendre compte tant qu&rsquo;on ne les a pas vus en direct.&nbsp;<\/p>\n<\/blockquote><p>Entour&eacute; de joueurs All-Stars (Jalen Brunson, <strong>Karl-Anthony Towns<\/strong>, Mikal Bridges), de joueurs connaissant bien la ligue (PJ Tucker, <strong>Mitchell Robinson<\/strong>, Josh Hart, OG Anunoby), le tricolore a pu observer ses co&eacute;quipiers pour acc&eacute;l&eacute;rer son apprentissage.&nbsp;<\/p><blockquote class=\"wp-block-quote is-layout-flow wp-block-quote-is-layout-flow\">\n<p>Pour moi, il y a une chose, il y a eu d&rsquo;abord les routines, l&rsquo;importance des routines. J&rsquo;ai vu chez chaque grand joueur et m&ecirc;me pas que grand joueur, vraiment tous les joueurs de l&rsquo;&eacute;quipe, tout le monde a une routine et pour un jeune joueur c&rsquo;est important de voir &ccedil;a et de voir ce qu&rsquo;on peut prendre ici et l&agrave;. Il y a eu aussi l&rsquo;importance du scouting que j&rsquo;ai vu en NBA, il n&rsquo;y a rien qui est fait au hasard en d&eacute;fense et c&rsquo;est vraiment impressionnant.&nbsp;<\/p>\n<\/blockquote><div class=\"related-slider related-slider--loading\">\n    <div class=\"related-slider__header\">\n        <div class=\"related-slider__header__title\">Vous aimerez aussi :<\/div>\n        <div class=\"related-slider__header__buttons\">\n            <div class=\"swiper-button-prev\"><\/div>\n            <div class=\"swiper-button-next\"><\/div>\n        <\/div>\n    <\/div>\n    <div class=\"swiper-container\">\n        <div class=\"swiper-wrapper\">\n                            <div class=\"swiper-slide\">\n                    <a class=\"related-slider-card  trk-cta-img\" href=\"https:\/\/theplayoffs.news\/fr\/actualite-nba\/resultats-nba-18-12-les-mavs-douchent-les-pistons-maxime-raynaud-superstar\/\" title=\"R&eacute;sultats NBA (18\/12): les Mavs douchent les Pistons, Maxime Raynaud superstar !\" data-cta-trk='{\"ctaType\":\"Image\",\"ctaSubType\":\"main\"}'>\n    <div class=\"related-slider-card__image\">\n        <img loading=\"lazy\" decoding=\"async\" width=\"600\" height=\"400\" src=\"https:\/\/theplayoffs.news\/fr\/wp-content\/uploads\/2025\/12\/USATSI_27848729_168402440_lowres-600x400.jpg\" class=\"attachment-medium size-medium wp-post-image\" alt=\"NBA Cooper Flagg Nikola Jokic Maxime Raynaud Cade Cunningham\" srcset=\"https:\/\/theplayoffs.news\/fr\/wp-content\/uploads\/2025\/12\/USATSI_27848729_168402440_lowres-600x400.jpg 600w, https:\/\/theplayoffs.news\/fr\/wp-content\/uploads\/2025\/12\/USATSI_27848729_168402440_lowres-1200x800.jpg 1200w, https:\/\/theplayoffs.news\/fr\/wp-content\/uploads\/2025\/12\/USATSI_27848729_168402440_lowres-768x512.jpg 768w, https:\/\/theplayoffs.news\/fr\/wp-content\/uploads\/2025\/12\/USATSI_27848729_168402440_lowres-1536x1024.jpg 1536w, https:\/\/theplayoffs.news\/fr\/wp-content\/uploads\/2025\/12\/USATSI_27848729_168402440_lowres-1320x880.jpg 1320w, https:\/\/theplayoffs.news\/fr\/wp-content\/uploads\/2025\/12\/USATSI_27848729_168402440_lowres.jpg 1920w\" sizes=\"auto, (max-width: 600px) 100vw, 600px\">\n                            <\/div>\n    <div class=\"related-slider-card__content\">\n        <div class=\"related-slider-card__content__tags\">\n                            <div class=\"related-slider-card__content__tags__category\">\n                    Actualit&eacute; NBA\n                <\/div>\n                        <div class=\"related-slider-card__content__tags__date\" data-dynamic-date=\"2025-12-19T09:45:57+01:00\">\n                19 d&eacute;cembre 2025\n            <\/div>\n        <\/div>\n        <div class=\"related-slider-card__content__title\">\n            R&eacute;sultats NBA (18\/12): les Mavs douchent les Pistons, Maxime Raynaud superstar !\n        <\/div>\n                    <div class=\"related-slider-card__content__read-more\">\n                Voir plus\n                <i>\n                    <svg width=\"17\" height=\"15\" viewbox=\"0 0 17 15\" fill=\"none\" xmlns=\"http:\/\/www.w3.org\/2000\/svg\">\n<path d=\"M1 6.5C0.447715 6.5 0 6.94772 0 7.5C0 8.05228 0.447715 8.5 1 8.5V6.5ZM16.7071 8.20711C17.0976 7.81658 17.0976 7.18342 16.7071 6.79289L10.3431 0.428932C9.95262 0.0384078 9.31946 0.0384078 8.92893 0.428932C8.53841 0.819457 8.53841 1.45262 8.92893 1.84315L14.5858 7.5L8.92893 13.1569C8.53841 13.5474 8.53841 14.1805 8.92893 14.5711C9.31946 14.9616 9.95262 14.9616 10.3431 14.5711L16.7071 8.20711ZM1 7.5V8.5H8.5V7.5V6.5H1V7.5ZM8.5 7.5V8.5H16V7.5V6.5H8.5V7.5Z\" fill=\"white\"><\/path>\n<\/svg>\n\n                <\/i>\n            <\/div>\n            <\/div>\n<\/a>\n\n                <\/div>\n                            <div class=\"swiper-slide\">\n                    <a class=\"related-slider-card  trk-cta-img\" href=\"https:\/\/theplayoffs.news\/fr\/actualite-nba\/resultats-nba-17-12-chicago-enfonce-les-cavs-memphis-en-patron-dans-le-minnesota\/\" title=\"R&eacute;sultats NBA (17\/12): Chicago enfonce les Cavs, Memphis en patron dans le Minnesota !\" data-cta-trk='{\"ctaType\":\"Image\",\"ctaSubType\":\"main\"}'>\n    <div class=\"related-slider-card__image\">\n        <img loading=\"lazy\" decoding=\"async\" width=\"600\" height=\"400\" src=\"https:\/\/theplayoffs.news\/fr\/wp-content\/uploads\/2025\/12\/USATSI_27840419_168402440_lowres-600x400.jpg\" class=\"attachment-medium size-medium wp-post-image\" alt=\"NBA Minnesota Timberwolves Ja Morant Anthony Edwards Rudy Gobert Julius Randle Josh Giddey\" srcset=\"https:\/\/theplayoffs.news\/fr\/wp-content\/uploads\/2025\/12\/USATSI_27840419_168402440_lowres-600x400.jpg 600w, https:\/\/theplayoffs.news\/fr\/wp-content\/uploads\/2025\/12\/USATSI_27840419_168402440_lowres-1200x799.jpg 1200w, https:\/\/theplayoffs.news\/fr\/wp-content\/uploads\/2025\/12\/USATSI_27840419_168402440_lowres-768x512.jpg 768w, https:\/\/theplayoffs.news\/fr\/wp-content\/uploads\/2025\/12\/USATSI_27840419_168402440_lowres-1536x1023.jpg 1536w, https:\/\/theplayoffs.news\/fr\/wp-content\/uploads\/2025\/12\/USATSI_27840419_168402440_lowres-1320x879.jpg 1320w, https:\/\/theplayoffs.news\/fr\/wp-content\/uploads\/2025\/12\/USATSI_27840419_168402440_lowres.jpg 1920w\" sizes=\"auto, (max-width: 600px) 100vw, 600px\">\n                            <\/div>\n    <div class=\"related-slider-card__content\">\n        <div class=\"related-slider-card__content__tags\">\n                            <div class=\"related-slider-card__content__tags__category\">\n                    Actualit&eacute; NBA\n                <\/div>\n                        <div class=\"related-slider-card__content__tags__date\" data-dynamic-date=\"2025-12-18T14:27:38+01:00\">\n                18 d&eacute;cembre 2025\n            <\/div>\n        <\/div>\n        <div class=\"related-slider-card__content__title\">\n            R&eacute;sultats NBA (17\/12): Chicago enfonce les Cavs, Memphis en patron dans le Minnesota !\n        <\/div>\n                    <div class=\"related-slider-card__content__read-more\">\n                Voir plus\n                <i>\n                    <svg width=\"17\" height=\"15\" viewbox=\"0 0 17 15\" fill=\"none\" xmlns=\"http:\/\/www.w3.org\/2000\/svg\">\n<path d=\"M1 6.5C0.447715 6.5 0 6.94772 0 7.5C0 8.05228 0.447715 8.5 1 8.5V6.5ZM16.7071 8.20711C17.0976 7.81658 17.0976 7.18342 16.7071 6.79289L10.3431 0.428932C9.95262 0.0384078 9.31946 0.0384078 8.92893 0.428932C8.53841 0.819457 8.53841 1.45262 8.92893 1.84315L14.5858 7.5L8.92893 13.1569C8.53841 13.5474 8.53841 14.1805 8.92893 14.5711C9.31946 14.9616 9.95262 14.9616 10.3431 14.5711L16.7071 8.20711ZM1 7.5V8.5H8.5V7.5V6.5H1V7.5ZM8.5 7.5V8.5H16V7.5V6.5H8.5V7.5Z\" fill=\"white\"><\/path>\n<\/svg>\n\n                <\/i>\n            <\/div>\n            <\/div>\n<\/a>\n\n                <\/div>\n                            <div class=\"swiper-slide\">\n                    <a class=\"related-slider-card  trk-cta-img\" href=\"https:\/\/theplayoffs.news\/fr\/actualite-nba\/resultats-nba-cup-16-12-jalen-brunson-mvp-les-knicks-soffrent-un-premier-trophee-depuis-1973\/\" title=\"R&eacute;sultats NBA Cup (16\/12): Jalen Brunson MVP, les Knicks s&rsquo;offrent un premier troph&eacute;e depuis 1973 !\" data-cta-trk='{\"ctaType\":\"Image\",\"ctaSubType\":\"main\"}'>\n    <div class=\"related-slider-card__image\">\n        <img loading=\"lazy\" decoding=\"async\" width=\"600\" height=\"450\" src=\"https:\/\/theplayoffs.news\/fr\/wp-content\/uploads\/2025\/12\/USATSI_27835319_168402440_lowres-600x450.jpg\" class=\"attachment-medium size-medium wp-post-image\" alt=\"Jalen Brunson Victor Wembanyama Knicks Spurs NBA Cup\" srcset=\"https:\/\/theplayoffs.news\/fr\/wp-content\/uploads\/2025\/12\/USATSI_27835319_168402440_lowres-600x450.jpg 600w, https:\/\/theplayoffs.news\/fr\/wp-content\/uploads\/2025\/12\/USATSI_27835319_168402440_lowres-1200x900.jpg 1200w, https:\/\/theplayoffs.news\/fr\/wp-content\/uploads\/2025\/12\/USATSI_27835319_168402440_lowres-768x576.jpg 768w, https:\/\/theplayoffs.news\/fr\/wp-content\/uploads\/2025\/12\/USATSI_27835319_168402440_lowres-1536x1152.jpg 1536w, https:\/\/theplayoffs.news\/fr\/wp-content\/uploads\/2025\/12\/USATSI_27835319_168402440_lowres-1320x990.jpg 1320w, https:\/\/theplayoffs.news\/fr\/wp-content\/uploads\/2025\/12\/USATSI_27835319_168402440_lowres.jpg 1920w\" sizes=\"auto, (max-width: 600px) 100vw, 600px\">\n                            <\/div>\n    <div class=\"related-slider-card__content\">\n        <div class=\"related-slider-card__content__tags\">\n                            <div class=\"related-slider-card__content__tags__category\">\n                    Actualit&eacute; NBA\n                <\/div>\n                        <div class=\"related-slider-card__content__tags__date\" data-dynamic-date=\"2025-12-17T09:44:05+01:00\">\n                17 d&eacute;cembre 2025\n            <\/div>\n        <\/div>\n        <div class=\"related-slider-card__content__title\">\n            R&eacute;sultats NBA Cup (16\/12): Jalen Brunson MVP, les Knicks s&rsquo;offrent un premier troph&eacute;e depuis 1973 !\n        <\/div>\n                    <div class=\"related-slider-card__content__read-more\">\n                Voir plus\n                <i>\n                    <svg width=\"17\" height=\"15\" viewbox=\"0 0 17 15\" fill=\"none\" xmlns=\"http:\/\/www.w3.org\/2000\/svg\">\n<path d=\"M1 6.5C0.447715 6.5 0 6.94772 0 7.5C0 8.05228 0.447715 8.5 1 8.5V6.5ZM16.7071 8.20711C17.0976 7.81658 17.0976 7.18342 16.7071 6.79289L10.3431 0.428932C9.95262 0.0384078 9.31946 0.0384078 8.92893 0.428932C8.53841 0.819457 8.53841 1.45262 8.92893 1.84315L14.5858 7.5L8.92893 13.1569C8.53841 13.5474 8.53841 14.1805 8.92893 14.5711C9.31946 14.9616 9.95262 14.9616 10.3431 14.5711L16.7071 8.20711ZM1 7.5V8.5H8.5V7.5V6.5H1V7.5ZM8.5 7.5V8.5H16V7.5V6.5H8.5V7.5Z\" fill=\"white\"><\/path>\n<\/svg>\n\n                <\/i>\n            <\/div>\n            <\/div>\n<\/a>\n\n                <\/div>\n                            <div class=\"swiper-slide\">\n                    <a class=\"related-slider-card  trk-cta-img\" href=\"https:\/\/theplayoffs.news\/fr\/actualite-nba\/pour-deaaron-fox-lherbe-est-plus-verte-a-san-antonio\/\" title=\"Pour De&rsquo;Aaron Fox, &laquo;&nbsp;l&rsquo;herbe est plus verte&nbsp;&raquo; &agrave; San Antonio\" data-cta-trk='{\"ctaType\":\"Image\",\"ctaSubType\":\"main\"}'>\n    <div class=\"related-slider-card__image\">\n        <img loading=\"lazy\" decoding=\"async\" width=\"600\" height=\"400\" src=\"https:\/\/theplayoffs.news\/fr\/wp-content\/uploads\/2025\/12\/USATSI_27813133_168402440_lowres-600x400.jpg\" class=\"attachment-medium size-medium wp-post-image\" alt=\"NBA De'Aaron Fox Victor Wembanyama Spurs Knicks\" srcset=\"https:\/\/theplayoffs.news\/fr\/wp-content\/uploads\/2025\/12\/USATSI_27813133_168402440_lowres-600x400.jpg 600w, https:\/\/theplayoffs.news\/fr\/wp-content\/uploads\/2025\/12\/USATSI_27813133_168402440_lowres-1200x800.jpg 1200w, https:\/\/theplayoffs.news\/fr\/wp-content\/uploads\/2025\/12\/USATSI_27813133_168402440_lowres-768x512.jpg 768w, https:\/\/theplayoffs.news\/fr\/wp-content\/uploads\/2025\/12\/USATSI_27813133_168402440_lowres-1536x1024.jpg 1536w, https:\/\/theplayoffs.news\/fr\/wp-content\/uploads\/2025\/12\/USATSI_27813133_168402440_lowres-1320x880.jpg 1320w, https:\/\/theplayoffs.news\/fr\/wp-content\/uploads\/2025\/12\/USATSI_27813133_168402440_lowres.jpg 1920w\" sizes=\"auto, (max-width: 600px) 100vw, 600px\">\n                            <\/div>\n    <div class=\"related-slider-card__content\">\n        <div class=\"related-slider-card__content__tags\">\n                            <div class=\"related-slider-card__content__tags__category\">\n                    Actualit&eacute; NBA\n                <\/div>\n                        <div class=\"related-slider-card__content__tags__date\" data-dynamic-date=\"2025-12-16T12:47:20+01:00\">\n                16 d&eacute;cembre 2025\n            <\/div>\n        <\/div>\n        <div class=\"related-slider-card__content__title\">\n            Pour De&rsquo;Aaron Fox, &laquo;&nbsp;l&rsquo;herbe est plus verte&nbsp;&raquo; &agrave; San Antonio\n        <\/div>\n                    <div class=\"related-slider-card__content__read-more\">\n                Voir plus\n                <i>\n                    <svg width=\"17\" height=\"15\" viewbox=\"0 0 17 15\" fill=\"none\" xmlns=\"http:\/\/www.w3.org\/2000\/svg\">\n<path d=\"M1 6.5C0.447715 6.5 0 6.94772 0 7.5C0 8.05228 0.447715 8.5 1 8.5V6.5ZM16.7071 8.20711C17.0976 7.81658 17.0976 7.18342 16.7071 6.79289L10.3431 0.428932C9.95262 0.0384078 9.31946 0.0384078 8.92893 0.428932C8.53841 0.819457 8.53841 1.45262 8.92893 1.84315L14.5858 7.5L8.92893 13.1569C8.53841 13.5474 8.53841 14.1805 8.92893 14.5711C9.31946 14.9616 9.95262 14.9616 10.3431 14.5711L16.7071 8.20711ZM1 7.5V8.5H8.5V7.5V6.5H1V7.5ZM8.5 7.5V8.5H16V7.5V6.5H8.5V7.5Z\" fill=\"white\"><\/path>\n<\/svg>\n\n                <\/i>\n            <\/div>\n            <\/div>\n<\/a>\n\n                <\/div>\n                    <\/div>\n    <\/div>\n<\/div><h4 class=\"wp-block-heading\">Dadiet concentr&eacute; sur la Summer League&nbsp;<\/h4><p>Malgr&eacute; un parcours frustrant en playoffs avec une &eacute;limination en finale de conf&eacute;rence contre les <strong>Pacers<\/strong>, emp&ecirc;chant Pac&ocirc;me Dadiet d&rsquo;affronter son compatriote <strong>Ousmane Dieng<\/strong> (Thunder), l&rsquo;ailier des Knicks est d&eacute;j&agrave; focus sur la suite.&nbsp;<\/p><blockquote class=\"wp-block-quote is-layout-flow wp-block-quote-is-layout-flow\">\n<p>Je suis concentr&eacute; sur ma Summer League, le reste je sais que ce n&rsquo;est pas de mon contr&ocirc;le, je ne sais pas encore ce qui va se passer, mais moi je suis concentr&eacute; sur mon travail, d&eacute;j&agrave; reprendre mes marques parce qu&rsquo;il y a une petite pause, et ensuite montrer tout simplement qu&rsquo;on va avoir une place l&rsquo;ann&eacute;e prochaine.&nbsp;<\/p>\n<\/blockquote><p>Pour sa 2e saison en NBA, nul doute que l&rsquo;un des objectifs sera de gagner du temps de jeu suppl&eacute;mentaire. Et pour cela, <strong>Pac&ocirc;me Dadiet<\/strong> le sait, il faudra s&rsquo;imposer comme un patron dans l&rsquo;&eacute;quipe new-yorkaise durant la Summer League afin de prouver sa valeur &agrave; ses dirigeants. Le sort du Fran&ccedil;ais d&eacute;pendra aussi de l&rsquo;identit&eacute; du nouvel entra&icirc;neur dans la franchise de la Big Apple. Esp&eacute;rons pour ce dernier que cela joue en sa faveur&hellip;&nbsp;<\/p><p>Cr&eacute;dit photo : Vincent Carchietta-Imagn Images<\/p>\n","protected":false},"excerpt":{"rendered":"","protected":false},"author":180310250,"featured_media":1493917,"comment_status":"closed","ping_status":"closed","sticky":false,"template":"","format":"standard","meta":{"inline_featured_image":false,"kia_subtitle":"","_mux_skip_reasons":[],"proofreadBy":0,"footnotes":""},"categories":[110,8414,10,8408],"tags":[3977,2344,23,586,8588],"sport":[2783],"saison":[7475],"class_list":["post-1493914","post","type-post","status-publish","format-standard","has-post-thumbnail","hentry","category-actualite-nba","category-basketball-sports","category-nba","category-sports","tag-jalen-brunson","tag-karl-anthony-towns","tag-nba-tag","tag-new-york-knicks","tag-pacome-dadiet","sport-nba","saison-7475"],"acf":[],"yoast_head":"<!-- This site is optimized with the Yoast SEO plugin v24.2 - https:\/\/yoast.com\/wordpress\/plugins\/seo\/ -->\n<title>Pac&ocirc;me Dadiet fait le bilan : &quot;ce n&#039;&eacute;tait pas gagn&eacute; d&#039;avance&quot;<\/title>\n<meta name=\"description\" content=\"Au terme de sa premi&egrave;re saison NBA, Pac&ocirc;me Dadiet est revenu sur son ann&eacute;e rookie aux New York Knicks et sur ses ambitions pour l&#039;avenir.\" \/>\n<meta name=\"robots\" content=\"index, follow, max-snippet:-1, max-image-preview:large, max-video-preview:-1\" \/>\n<link rel=\"canonical\" href=\"https:\/\/theplayoffs.news\/fr\/actualite-nba\/pacome-dadiet-montrer-tout-simplement-quon-va-avoir-une-place-lannee-prochaine\/\" \/>\n<meta property=\"og:locale\" content=\"fr_FR\" \/>\n<meta property=\"og:type\" content=\"article\" \/>\n<meta property=\"og:title\" content=\"Pac&ocirc;me Dadiet fait le bilan : &quot;ce n&#039;&eacute;tait pas gagn&eacute; d&#039;avance&quot;\" \/>\n<meta property=\"og:description\" content=\"Au terme de sa premi&egrave;re saison NBA, Pac&ocirc;me Dadiet est revenu sur son ann&eacute;e rookie aux New York Knicks et sur ses ambitions pour l&#039;avenir.\" \/>\n<meta property=\"og:url\" content=\"https:\/\/theplayoffs.news\/fr\/actualite-nba\/pacome-dadiet-montrer-tout-simplement-quon-va-avoir-une-place-lannee-prochaine\/\" \/>\n<meta property=\"og:site_name\" content=\"The Playoffs FR\" \/>\n<meta property=\"article:publisher\" content=\"https:\/\/www.facebook.com\/TheFreeAgentFR\/\" \/>\n<meta property=\"article:modified_time\" content=\"2025-06-10T19:49:54+02:00\" \/>\n<meta property=\"og:image\" content=\"https:\/\/theplayoffs.news\/fr\/wp-content\/uploads\/2025\/06\/USATSI_25920012.jpg\" \/>\n\t<meta property=\"og:image:width\" content=\"1920\" \/>\n\t<meta property=\"og:image:height\" content=\"1280\" \/>\n\t<meta property=\"og:image:type\" content=\"image\/jpeg\" \/>\n<meta name=\"author\" content=\"Jean Fabre-Jevanoff\" \/>\n<meta name=\"twitter:card\" content=\"summary_large_image\" \/>\n<meta name=\"twitter:creator\" content=\"@the_jfj_42\" \/>\n<meta name=\"twitter:site\" content=\"@TheFreeAgentFR\" \/>\n<meta name=\"twitter:label1\" content=\"\u00c9crit par\" \/>\n\t<meta name=\"twitter:data1\" content=\"Jean Fabre-Jevanoff\" \/>\n\t<meta name=\"twitter:label2\" content=\"Dur\u00e9e de lecture estim\u00e9e\" \/>\n\t<meta name=\"twitter:data2\" content=\"3 minutes\" \/>\n<script type=\"application\/ld+json\" class=\"yoast-schema-graph\">{\"@context\":\"https:\/\/schema.org\",\"@graph\":[{\"@type\":\"WebPage\",\"@id\":\"https:\/\/theplayoffs.news\/fr\/actualite-nba\/pacome-dadiet-montrer-tout-simplement-quon-va-avoir-une-place-lannee-prochaine\/\",\"url\":\"https:\/\/theplayoffs.news\/fr\/actualite-nba\/pacome-dadiet-montrer-tout-simplement-quon-va-avoir-une-place-lannee-prochaine\/\",\"name\":\"Pac\u00f4me Dadiet fait le bilan : \\\\\\\"ce n\\\\'\u00e9tait pas gagn\u00e9 d\\\\'avance\\\\\\\"\",\"isPartOf\":{\"@id\":\"https:\/\/theplayoffs.news\/fr\/#website\"},\"primaryImageOfPage\":{\"@id\":\"https:\/\/theplayoffs.news\/fr\/actualite-nba\/pacome-dadiet-montrer-tout-simplement-quon-va-avoir-une-place-lannee-prochaine\/#primaryimage\"},\"image\":{\"@id\":\"https:\/\/theplayoffs.news\/fr\/actualite-nba\/pacome-dadiet-montrer-tout-simplement-quon-va-avoir-une-place-lannee-prochaine\/#primaryimage\"},\"thumbnailUrl\":\"https:\/\/theplayoffs.news\/fr\/wp-content\/uploads\/2025\/06\/USATSI_25920012.jpg\",\"datePublished\":\"2025-06-10T13:12:18+00:00\",\"dateModified\":\"2025-06-10T17:49:54+00:00\",\"author\":{\"@id\":\"https:\/\/theplayoffs.news\/fr\/#\/schema\/person\/1ea25b88e79fe4fabd657430b0013d3d\"},\"description\":\"Au terme de sa premi\u00e8re saison NBA, Pac\u00f4me Dadiet est revenu sur son ann\u00e9e rookie aux New York Knicks et sur ses ambitions pour l\\\\'avenir.\",\"breadcrumb\":{\"@id\":\"https:\/\/theplayoffs.news\/fr\/actualite-nba\/pacome-dadiet-montrer-tout-simplement-quon-va-avoir-une-place-lannee-prochaine\/#breadcrumb\"},\"inLanguage\":\"fr-FR\",\"potentialAction\":[{\"@type\":\"ReadAction\",\"target\":[\"https:\/\/theplayoffs.news\/fr\/actualite-nba\/pacome-dadiet-montrer-tout-simplement-quon-va-avoir-une-place-lannee-prochaine\/\"]}]},{\"@type\":\"ImageObject\",\"inLanguage\":\"fr-FR\",\"@id\":\"https:\/\/theplayoffs.news\/fr\/actualite-nba\/pacome-dadiet-montrer-tout-simplement-quon-va-avoir-une-place-lannee-prochaine\/#primaryimage\",\"url\":\"https:\/\/theplayoffs.news\/fr\/wp-content\/uploads\/2025\/06\/USATSI_25920012.jpg\",\"contentUrl\":\"https:\/\/theplayoffs.news\/fr\/wp-content\/uploads\/2025\/06\/USATSI_25920012.jpg\",\"width\":1920,\"height\":1280,\"caption\":\"Apr 13, 2025; Brooklyn, New York, USA; New York Knicks guard Pacome Dadiet (4) dribbles after the game Brooklyn Nets forward Jalen Wilson (22) during the first half at Barclays Center. Mandatory Credit: Vincent Carchietta-Imagn Images\"},{\"@type\":\"BreadcrumbList\",\"@id\":\"https:\/\/theplayoffs.news\/fr\/actualite-nba\/pacome-dadiet-montrer-tout-simplement-quon-va-avoir-une-place-lannee-prochaine\/#breadcrumb\",\"itemListElement\":[{\"@type\":\"ListItem\",\"position\":1,\"name\":\"Accueil\",\"item\":\"https:\/\/theplayoffs.news\/fr\/\"},{\"@type\":\"ListItem\",\"position\":2,\"name\":\"Pac\u00f4me Dadiet \u00e9voque son ann\u00e9e rookie: \u00ab\u00a0ce n&rsquo;\u00e9tait pas gagn\u00e9 d&rsquo;avance\u00a0\u00bb\"}]},{\"@type\":\"WebSite\",\"@id\":\"https:\/\/theplayoffs.news\/fr\/#website\",\"url\":\"https:\/\/theplayoffs.news\/fr\/\",\"name\":\"The Playoffs FR\",\"description\":\"NBA-NFL-NHL-MLB\",\"potentialAction\":[{\"@type\":\"SearchAction\",\"target\":{\"@type\":\"EntryPoint\",\"urlTemplate\":\"https:\/\/theplayoffs.news\/fr\/?s={search_term_string}\"},\"query-input\":{\"@type\":\"PropertyValueSpecification\",\"valueRequired\":true,\"valueName\":\"search_term_string\"}}],\"inLanguage\":\"fr-FR\"},{\"@type\":\"Person\",\"@id\":\"https:\/\/theplayoffs.news\/fr\/#\/schema\/person\/1ea25b88e79fe4fabd657430b0013d3d\",\"name\":\"Jean Fabre-Jevanoff\",\"image\":{\"@type\":\"ImageObject\",\"inLanguage\":\"fr-FR\",\"@id\":\"https:\/\/theplayoffs.news\/fr\/#\/schema\/person\/image\/\",\"url\":\"https:\/\/secure.gravatar.com\/avatar\/18b28dab1159eebc6a17b9787eb8cbbe3242c3d0e8b53b89332f6dc1133aa361?s=96&d=mm&r=g\",\"contentUrl\":\"https:\/\/secure.gravatar.com\/avatar\/18b28dab1159eebc6a17b9787eb8cbbe3242c3d0e8b53b89332f6dc1133aa361?s=96&d=mm&r=g\",\"caption\":\"Jean Fabre-Jevanoff\"},\"description\":\"Journaliste polyvalent sur le football am\u00e9ricain, j\u2019\u00e9cris aussi des articles sur le basket. Commentateur sur Twitch et sur YouTube. Pass\u00e9 par Eurosport notamment. Un mix d\u2019Eminem et de OBJ, fan inconditionnel de Patrick Mahomes et Lebron James\",\"sameAs\":[\"https:\/\/www.instagram.com\/_juaniitooo_\",\"https:\/\/www.linkedin.com\/in\/jean-fabre-jevanoff-84bb9b1a9\/\",\"https:\/\/x.com\/the_jfj_42\"],\"url\":\"https:\/\/theplayoffs.news\/fr\/author\/jeanfj42gmail-com\/\"}]}<\/script>\n<!-- \/ Yoast SEO plugin. -->","yoast_head_json":{"title":"Pac&ocirc;me Dadiet fait le bilan : &quot;ce n&#039;&eacute;tait pas gagn&eacute; d&#039;avance&quot;","description":"Au terme de sa premi&egrave;re saison NBA, Pac&ocirc;me Dadiet est revenu sur son ann&eacute;e rookie aux New York Knicks et sur ses ambitions pour l&#039;avenir.","robots":{"index":"index","follow":"follow","max-snippet":"max-snippet:-1","max-image-preview":"max-image-preview:large","max-video-preview":"max-video-preview:-1"},"canonical":"https:\/\/theplayoffs.news\/fr\/actualite-nba\/pacome-dadiet-montrer-tout-simplement-quon-va-avoir-une-place-lannee-prochaine\/","og_locale":"fr_FR","og_type":"article","og_title":"Pac&ocirc;me Dadiet fait le bilan : &quot;ce n&#039;&eacute;tait pas gagn&eacute; d&#039;avance&quot;","og_description":"Au terme de sa premi&egrave;re saison NBA, Pac&ocirc;me Dadiet est revenu sur son ann&eacute;e rookie aux New York Knicks et sur ses ambitions pour l&#039;avenir.","og_url":"https:\/\/theplayoffs.news\/fr\/actualite-nba\/pacome-dadiet-montrer-tout-simplement-quon-va-avoir-une-place-lannee-prochaine\/","og_site_name":"The Playoffs FR","article_publisher":"https:\/\/www.facebook.com\/TheFreeAgentFR\/","article_modified_time":"2025-06-10T17:49:54+00:00","og_image":[{"width":1920,"height":1280,"url":"https:\/\/theplayoffs.news\/fr\/wp-content\/uploads\/2025\/06\/USATSI_25920012.jpg","type":"image\/jpeg"}],"author":"Jean Fabre-Jevanoff","twitter_card":"summary_large_image","twitter_creator":"@the_jfj_42","twitter_site":"@TheFreeAgentFR","twitter_misc":{"\u00c9crit par":"Jean Fabre-Jevanoff","Dur\u00e9e de lecture estim\u00e9e":"3 minutes"},"schema":{"@context":"https:\/\/schema.org","@graph":[{"@type":"WebPage","@id":"https:\/\/theplayoffs.news\/fr\/actualite-nba\/pacome-dadiet-montrer-tout-simplement-quon-va-avoir-une-place-lannee-prochaine\/","url":"https:\/\/theplayoffs.news\/fr\/actualite-nba\/pacome-dadiet-montrer-tout-simplement-quon-va-avoir-une-place-lannee-prochaine\/","name":"Pac\u00f4me Dadiet fait le bilan : \\\"ce n\\'\u00e9tait pas gagn\u00e9 d\\'avance\\\"","isPartOf":{"@id":"https:\/\/theplayoffs.news\/fr\/#website"},"primaryImageOfPage":{"@id":"https:\/\/theplayoffs.news\/fr\/actualite-nba\/pacome-dadiet-montrer-tout-simplement-quon-va-avoir-une-place-lannee-prochaine\/#primaryimage"},"image":{"@id":"https:\/\/theplayoffs.news\/fr\/actualite-nba\/pacome-dadiet-montrer-tout-simplement-quon-va-avoir-une-place-lannee-prochaine\/#primaryimage"},"thumbnailUrl":"https:\/\/theplayoffs.news\/fr\/wp-content\/uploads\/2025\/06\/USATSI_25920012.jpg","datePublished":"2025-06-10T13:12:18+00:00","dateModified":"2025-06-10T17:49:54+00:00","author":{"@id":"https:\/\/theplayoffs.news\/fr\/#\/schema\/person\/1ea25b88e79fe4fabd657430b0013d3d"},"description":"Au terme de sa premi\u00e8re saison NBA, Pac\u00f4me Dadiet est revenu sur son ann\u00e9e rookie aux New York Knicks et sur ses ambitions pour l\\'avenir.","breadcrumb":{"@id":"https:\/\/theplayoffs.news\/fr\/actualite-nba\/pacome-dadiet-montrer-tout-simplement-quon-va-avoir-une-place-lannee-prochaine\/#breadcrumb"},"inLanguage":"fr-FR","potentialAction":[{"@type":"ReadAction","target":["https:\/\/theplayoffs.news\/fr\/actualite-nba\/pacome-dadiet-montrer-tout-simplement-quon-va-avoir-une-place-lannee-prochaine\/"]}]},{"@type":"ImageObject","inLanguage":"fr-FR","@id":"https:\/\/theplayoffs.news\/fr\/actualite-nba\/pacome-dadiet-montrer-tout-simplement-quon-va-avoir-une-place-lannee-prochaine\/#primaryimage","url":"https:\/\/theplayoffs.news\/fr\/wp-content\/uploads\/2025\/06\/USATSI_25920012.jpg","contentUrl":"https:\/\/theplayoffs.news\/fr\/wp-content\/uploads\/2025\/06\/USATSI_25920012.jpg","width":1920,"height":1280,"caption":"Apr 13, 2025; Brooklyn, New York, USA; New York Knicks guard Pacome Dadiet (4) dribbles after the game Brooklyn Nets forward Jalen Wilson (22) during the first half at Barclays Center. Mandatory Credit: Vincent Carchietta-Imagn Images"},{"@type":"BreadcrumbList","@id":"https:\/\/theplayoffs.news\/fr\/actualite-nba\/pacome-dadiet-montrer-tout-simplement-quon-va-avoir-une-place-lannee-prochaine\/#breadcrumb","itemListElement":[{"@type":"ListItem","position":1,"name":"Accueil","item":"https:\/\/theplayoffs.news\/fr\/"},{"@type":"ListItem","position":2,"name":"Pac\u00f4me Dadiet \u00e9voque son ann\u00e9e rookie: \u00ab\u00a0ce n&rsquo;\u00e9tait pas gagn\u00e9 d&rsquo;avance\u00a0\u00bb"}]},{"@type":"WebSite","@id":"https:\/\/theplayoffs.news\/fr\/#website","url":"https:\/\/theplayoffs.news\/fr\/","name":"The Playoffs FR","description":"NBA-NFL-NHL-MLB","potentialAction":[{"@type":"SearchAction","target":{"@type":"EntryPoint","urlTemplate":"https:\/\/theplayoffs.news\/fr\/?s={search_term_string}"},"query-input":{"@type":"PropertyValueSpecification","valueRequired":true,"valueName":"search_term_string"}}],"inLanguage":"fr-FR"},{"@type":"Person","@id":"https:\/\/theplayoffs.news\/fr\/#\/schema\/person\/1ea25b88e79fe4fabd657430b0013d3d","name":"Jean Fabre-Jevanoff","image":{"@type":"ImageObject","inLanguage":"fr-FR","@id":"https:\/\/theplayoffs.news\/fr\/#\/schema\/person\/image\/","url":"https:\/\/secure.gravatar.com\/avatar\/18b28dab1159eebc6a17b9787eb8cbbe3242c3d0e8b53b89332f6dc1133aa361?s=96&d=mm&r=g","contentUrl":"https:\/\/secure.gravatar.com\/avatar\/18b28dab1159eebc6a17b9787eb8cbbe3242c3d0e8b53b89332f6dc1133aa361?s=96&d=mm&r=g","caption":"Jean Fabre-Jevanoff"},"description":"Journaliste polyvalent sur le football am\u00e9ricain, j\u2019\u00e9cris aussi des articles sur le basket. Commentateur sur Twitch et sur YouTube. Pass\u00e9 par Eurosport notamment. Un mix d\u2019Eminem et de OBJ, fan inconditionnel de Patrick Mahomes et Lebron James","sameAs":["https:\/\/www.instagram.com\/_juaniitooo_","https:\/\/www.linkedin.com\/in\/jean-fabre-jevanoff-84bb9b1a9\/","https:\/\/x.com\/the_jfj_42"],"url":"https:\/\/theplayoffs.news\/fr\/author\/jeanfj42gmail-com\/"}]}},"_links":{"self":[{"href":"https:\/\/theplayoffs.news\/fr\/wp-json\/wp\/v2\/posts\/1493914","targetHints":{"allow":["GET"]}}],"collection":[{"href":"https:\/\/theplayoffs.news\/fr\/wp-json\/wp\/v2\/posts"}],"about":[{"href":"https:\/\/theplayoffs.news\/fr\/wp-json\/wp\/v2\/types\/post"}],"author":[{"embeddable":true,"href":"https:\/\/theplayoffs.news\/fr\/wp-json\/wp\/v2\/users\/180310250"}],"replies":[{"embeddable":true,"href":"https:\/\/theplayoffs.news\/fr\/wp-json\/wp\/v2\/comments?post=1493914"}],"version-history":[{"count":4,"href":"https:\/\/theplayoffs.news\/fr\/wp-json\/wp\/v2\/posts\/1493914\/revisions"}],"predecessor-version":[{"id":1493959,"href":"https:\/\/theplayoffs.news\/fr\/wp-json\/wp\/v2\/posts\/1493914\/revisions\/1493959"}],"wp:featuredmedia":[{"embeddable":true,"href":"https:\/\/theplayoffs.news\/fr\/wp-json\/wp\/v2\/media\/1493917"}],"wp:attachment":[{"href":"https:\/\/theplayoffs.news\/fr\/wp-json\/wp\/v2\/media?parent=1493914"}],"wp:term":[{"taxonomy":"category","embeddable":true,"href":"https:\/\/theplayoffs.news\/fr\/wp-json\/wp\/v2\/categories?post=1493914"},{"taxonomy":"post_tag","embeddable":true,"href":"https:\/\/theplayoffs.news\/fr\/wp-json\/wp\/v2\/tags?post=1493914"},{"taxonomy":"sport","embeddable":true,"href":"https:\/\/theplayoffs.news\/fr\/wp-json\/wp\/v2\/sport?post=1493914"},{"taxonomy":"saison","embeddable":true,"href":"https:\/\/theplayoffs.news\/fr\/wp-json\/wp\/v2\/saison?post=1493914"}],"curies":[{"name":"wp","href":"https:\/\/api.w.org\/{rel}","templated":true}]}}