{"id":1493668,"date":"2025-06-06T19:09:06","date_gmt":"2025-06-06T17:09:06","guid":{"rendered":"https:\/\/theplayoffs.news\/fr\/uncategorized\/\/"},"modified":"2025-06-06T19:09:11","modified_gmt":"2025-06-06T17:09:11","slug":"terry-mclaurin-commanders-frustre-par-son-contrat","status":"publish","type":"post","link":"https:\/\/theplayoffs.news\/fr\/actualite-nfl\/terry-mclaurin-commanders-frustre-par-son-contrat\/","title":{"rendered":"Terry McLaurin (Commanders) frustr\u00e9 par son contrat"},"content":{"rendered":"<p>Malgr&eacute; une tr&egrave;s belle saison 2024, tout n&rsquo;est pas tout rose pour les Washington Commanders et Terry McLaurin! Une tension palpable s&rsquo;installe entre le receveur et la franchise de NFC Est ces derniers temps. Selon les informations rapport&eacute;es par <a href=\"https:\/\/x.com\/Schultz_Report\/status\/1930655898872971685\" class=\"trk-cta-link\" data-cta-trk='{\"ctaType\":\"Link\",\"ctaSubType\":\"main\"}'>Jordan Schultz de <em>Fox Sports<\/em><\/a>, le receveur vedette aurait fait part de sa frustration face &agrave; l&rsquo;absence de progr&egrave;s dans les n&eacute;gociations autour d&rsquo;une prolongation de contrat.<\/p><p>Terry McLaurin, &acirc;g&eacute; de 29 ans, entame la derni&egrave;re ann&eacute;e de l&rsquo;accord qu&rsquo;il avait sign&eacute; en 2022, un contrat de trois saisons pour 68 millions de dollars. Bien qu&rsquo;il soit actuellement le 16e receveur le mieux pay&eacute; de la NFL en termes de salaire annuel moyen (22,78 M$), sa valeur marchande a consid&eacute;rablement augment&eacute; apr&egrave;s une saison 2024 exceptionnelle. Il est d&eacute;sormais estim&eacute; &agrave; plus de 31 millions de dollars par an, selon Spotrac. Il semble donc plut&ocirc;t logique que Scary Terry ait des vues sur un nouveau contrat.<\/p><p>La frustration du joueur semble d&rsquo;autant plus l&eacute;gitime que sa r&eacute;gularit&eacute; et son impact sur le terrain ne cessent de cro&icirc;tre. En 2024, McLaurin a enregistr&eacute; 82 r&eacute;ceptions pour 1 096 yards et 13 touchdowns, son meilleur total sur une saison depuis le d&eacute;but de sa carri&egrave;re, ce qui lui a valu une s&eacute;lection dans la deuxi&egrave;me &eacute;quipe All-Pro. Toujours disponible, il n&rsquo;a manqu&eacute; aucun match depuis 2020 et a franchi la barre des 1 000 yards sur r&eacute;ception lors des cinq derni&egrave;res saisons.<\/p><p>Pour l&rsquo;heure, la direction des <a href=\"https:\/\/theplayoffs.news\/fr\/actualite-nfl\/calendrier-nfl-2025-des-washington-commanders-adversaires-dates-et-temps-forts\/\" class=\"trk-cta-link\" data-cta-trk='{\"ctaType\":\"Link\",\"ctaSubType\":\"main\"}'>Washington Commanders<\/a> n&rsquo;a pas souhait&eacute; r&eacute;agir devant la frustration de son joueur. Une situation l&eacute;g&egrave;rement tendue d&rsquo;autant plus que l&rsquo;&eacute;quipe affiche de grandes ambitions pour 2025, avec Jayden Daniels &agrave; la baguette et l&rsquo;arriv&eacute;e de renforts majeurs comme Deebo Samuel. Dans ce contexte, conserver McLaurin, l&rsquo;un des piliers de l&rsquo;attaque, devrait &ecirc;tre une priorit&eacute;.<\/p><p>Pour l&rsquo;instant, sa participation au minicamp reste incertaine. Une absence enverrait un signal fort &agrave; la franchise. Mais une chose est s&ucirc;re : sans une avanc&eacute;e rapide dans les discussions, le dossier McLaurin pourrait rapidement devenir l&rsquo;un des feuilletons de l&rsquo;intersaison &agrave; Washington.<\/p><p>Cr&eacute;dit photo: <\/p>\n","protected":false},"excerpt":{"rendered":"<p>NFL &#8211; Le receveur des Washington Commanders, Terry McLaurin, semble frustr\u00e9 par l&rsquo;absence d&rsquo;avanc\u00e9es dans les n\u00e9gociations de son nouveau contrat<\/p>\n","protected":false},"author":180309964,"featured_media":1493669,"comment_status":"closed","ping_status":"closed","sticky":false,"template":"","format":"standard","meta":{"inline_featured_image":false,"kia_subtitle":"NFL - Le receveur des Washington Commanders, Terry McLaurin, semble frustr\u00e9 par l'absence d'avanc\u00e9es dans les n\u00e9gociations de son nouveau contrat","_mux_skip_reasons":[],"proofreadBy":0,"footnotes":""},"categories":[118,8410,40,8408],"tags":[1129,3285],"sport":[2785],"saison":[7475],"class_list":["post-1493668","post","type-post","status-publish","format-standard","has-post-thumbnail","hentry","category-actualite-nfl","category-football-americain","category-nfl","category-sports","tag-terry-mclaurin","tag-washington-commanders","sport-nfl","saison-7475"],"acf":[],"yoast_head":"<!-- This site is optimized with the Yoast SEO plugin v24.2 - https:\/\/yoast.com\/wordpress\/plugins\/seo\/ -->\n<title>Terry McLaurin (Commanders) frustr&eacute; par son contrat - The Playoffs FR<\/title>\n<meta name=\"robots\" content=\"index, follow, max-snippet:-1, max-image-preview:large, max-video-preview:-1\" \/>\n<link rel=\"canonical\" href=\"https:\/\/theplayoffs.news\/fr\/actualite-nfl\/terry-mclaurin-commanders-frustre-par-son-contrat\/\" \/>\n<meta property=\"og:locale\" content=\"fr_FR\" \/>\n<meta property=\"og:type\" content=\"article\" \/>\n<meta property=\"og:title\" content=\"Terry McLaurin (Commanders) frustr&eacute; par son contrat - The Playoffs FR\" \/>\n<meta property=\"og:description\" content=\"NFL - Le receveur des Washington Commanders, Terry McLaurin, semble frustr&eacute; par l&#039;absence d&#039;avanc&eacute;es dans les n&eacute;gociations de son nouveau contrat\" \/>\n<meta property=\"og:url\" content=\"https:\/\/theplayoffs.news\/fr\/actualite-nfl\/terry-mclaurin-commanders-frustre-par-son-contrat\/\" \/>\n<meta property=\"og:site_name\" content=\"The Playoffs FR\" \/>\n<meta property=\"article:publisher\" content=\"https:\/\/www.facebook.com\/TheFreeAgentFR\/\" \/>\n<meta property=\"article:modified_time\" content=\"2025-06-06T19:09:11+02:00\" \/>\n<meta property=\"og:image\" content=\"https:\/\/theplayoffs.news\/fr\/wp-content\/uploads\/2025\/06\/USATSI_25274801.jpg\" \/>\n\t<meta property=\"og:image:width\" content=\"1920\" \/>\n\t<meta property=\"og:image:height\" content=\"1280\" \/>\n\t<meta property=\"og:image:type\" content=\"image\/jpeg\" \/>\n<meta name=\"author\" content=\"Flavien Jumeau\" \/>\n<meta name=\"twitter:card\" content=\"summary_large_image\" \/>\n<meta name=\"twitter:creator\" content=\"@TheFreeAgentFR\" \/>\n<meta name=\"twitter:site\" content=\"@TheFreeAgentFR\" \/>\n<meta name=\"twitter:label1\" content=\"\u00c9crit par\" \/>\n\t<meta name=\"twitter:data1\" content=\"Flavien Jumeau\" \/>\n\t<meta name=\"twitter:label2\" content=\"Dur\u00e9e de lecture estim\u00e9e\" \/>\n\t<meta name=\"twitter:data2\" content=\"2 minutes\" \/>\n<script type=\"application\/ld+json\" class=\"yoast-schema-graph\">{\"@context\":\"https:\/\/schema.org\",\"@graph\":[{\"@type\":\"WebPage\",\"@id\":\"https:\/\/theplayoffs.news\/fr\/actualite-nfl\/terry-mclaurin-commanders-frustre-par-son-contrat\/\",\"url\":\"https:\/\/theplayoffs.news\/fr\/actualite-nfl\/terry-mclaurin-commanders-frustre-par-son-contrat\/\",\"name\":\"Terry McLaurin (Commanders) frustr\u00e9 par son contrat - The Playoffs FR\",\"isPartOf\":{\"@id\":\"https:\/\/theplayoffs.news\/fr\/#website\"},\"primaryImageOfPage\":{\"@id\":\"https:\/\/theplayoffs.news\/fr\/actualite-nfl\/terry-mclaurin-commanders-frustre-par-son-contrat\/#primaryimage\"},\"image\":{\"@id\":\"https:\/\/theplayoffs.news\/fr\/actualite-nfl\/terry-mclaurin-commanders-frustre-par-son-contrat\/#primaryimage\"},\"thumbnailUrl\":\"https:\/\/theplayoffs.news\/fr\/wp-content\/uploads\/2025\/06\/USATSI_25274801.jpg\",\"datePublished\":\"2025-06-06T17:09:06+00:00\",\"dateModified\":\"2025-06-06T17:09:11+00:00\",\"author\":{\"@id\":\"https:\/\/theplayoffs.news\/fr\/#\/schema\/person\/def63bc6746dc5957469b75feb99e66d\"},\"breadcrumb\":{\"@id\":\"https:\/\/theplayoffs.news\/fr\/actualite-nfl\/terry-mclaurin-commanders-frustre-par-son-contrat\/#breadcrumb\"},\"inLanguage\":\"fr-FR\",\"potentialAction\":[{\"@type\":\"ReadAction\",\"target\":[\"https:\/\/theplayoffs.news\/fr\/actualite-nfl\/terry-mclaurin-commanders-frustre-par-son-contrat\/\"]}]},{\"@type\":\"ImageObject\",\"inLanguage\":\"fr-FR\",\"@id\":\"https:\/\/theplayoffs.news\/fr\/actualite-nfl\/terry-mclaurin-commanders-frustre-par-son-contrat\/#primaryimage\",\"url\":\"https:\/\/theplayoffs.news\/fr\/wp-content\/uploads\/2025\/06\/USATSI_25274801.jpg\",\"contentUrl\":\"https:\/\/theplayoffs.news\/fr\/wp-content\/uploads\/2025\/06\/USATSI_25274801.jpg\",\"width\":1920,\"height\":1280,\"caption\":\"Jan 26, 2025; Philadelphia, PA, USA; Washington Commanders wide receiver Terry McLaurin (17) reacts after a play with wide receiver Olamide Zaccheaus (14) against the Philadelphia Eagles during the first half in the NFC Championship game at Lincoln Financial Field. Mandatory Credit: Bill Streicher-Imagn Images\"},{\"@type\":\"BreadcrumbList\",\"@id\":\"https:\/\/theplayoffs.news\/fr\/actualite-nfl\/terry-mclaurin-commanders-frustre-par-son-contrat\/#breadcrumb\",\"itemListElement\":[{\"@type\":\"ListItem\",\"position\":1,\"name\":\"Accueil\",\"item\":\"https:\/\/theplayoffs.news\/fr\/\"},{\"@type\":\"ListItem\",\"position\":2,\"name\":\"Terry McLaurin (Commanders) frustr\u00e9 par son contrat\"}]},{\"@type\":\"WebSite\",\"@id\":\"https:\/\/theplayoffs.news\/fr\/#website\",\"url\":\"https:\/\/theplayoffs.news\/fr\/\",\"name\":\"The Playoffs FR\",\"description\":\"NBA-NFL-NHL-MLB\",\"potentialAction\":[{\"@type\":\"SearchAction\",\"target\":{\"@type\":\"EntryPoint\",\"urlTemplate\":\"https:\/\/theplayoffs.news\/fr\/?s={search_term_string}\"},\"query-input\":{\"@type\":\"PropertyValueSpecification\",\"valueRequired\":true,\"valueName\":\"search_term_string\"}}],\"inLanguage\":\"fr-FR\"},{\"@type\":\"Person\",\"@id\":\"https:\/\/theplayoffs.news\/fr\/#\/schema\/person\/def63bc6746dc5957469b75feb99e66d\",\"name\":\"Flavien Jumeau\",\"image\":{\"@type\":\"ImageObject\",\"inLanguage\":\"fr-FR\",\"@id\":\"https:\/\/theplayoffs.news\/fr\/#\/schema\/person\/image\/\",\"url\":\"https:\/\/secure.gravatar.com\/avatar\/e7fa8ba5a4b7e4ce35fe152f083f352db28ad0acce692004ed88a7a7d78893f7?s=96&d=mm&r=g\",\"contentUrl\":\"https:\/\/secure.gravatar.com\/avatar\/e7fa8ba5a4b7e4ce35fe152f083f352db28ad0acce692004ed88a7a7d78893f7?s=96&d=mm&r=g\",\"caption\":\"Flavien Jumeau\"},\"description\":\"Amoureux du sport (et de vraiment tous les sports) depuis mon plus jeune \u00e2ge, j\u2019ai longtemps h\u00e9site entre le snooker et le curling. Finalement c\u2019est le foot US que j\u2019ai d\u00e9cid\u00e9 de choisir! Responsable foot US sur TPO et animateur du podcast Tailgate j\u2019ai pour mission de vous faire d\u00e9couvrir ce sport passionnant si ce n\u2019est pas encore fait et de vous donner les derni\u00e8res actus. Le tout dans la bonne humeur et avec toujours un jeu de mots ou deux savamment distill\u00e9s! Fan des Saints, pour moi Drew Brees est le vrai GOAT!\",\"url\":\"https:\/\/theplayoffs.news\/fr\/author\/flavien-jumeaugmail-com\/\"}]}<\/script>\n<!-- \/ Yoast SEO plugin. -->","yoast_head_json":{"title":"Terry McLaurin (Commanders) frustr&eacute; par son contrat - The Playoffs FR","robots":{"index":"index","follow":"follow","max-snippet":"max-snippet:-1","max-image-preview":"max-image-preview:large","max-video-preview":"max-video-preview:-1"},"canonical":"https:\/\/theplayoffs.news\/fr\/actualite-nfl\/terry-mclaurin-commanders-frustre-par-son-contrat\/","og_locale":"fr_FR","og_type":"article","og_title":"Terry McLaurin (Commanders) frustr&eacute; par son contrat - The Playoffs FR","og_description":"NFL - Le receveur des Washington Commanders, Terry McLaurin, semble frustr&eacute; par l&#039;absence d&#039;avanc&eacute;es dans les n&eacute;gociations de son nouveau contrat","og_url":"https:\/\/theplayoffs.news\/fr\/actualite-nfl\/terry-mclaurin-commanders-frustre-par-son-contrat\/","og_site_name":"The Playoffs FR","article_publisher":"https:\/\/www.facebook.com\/TheFreeAgentFR\/","article_modified_time":"2025-06-06T17:09:11+00:00","og_image":[{"width":1920,"height":1280,"url":"https:\/\/theplayoffs.news\/fr\/wp-content\/uploads\/2025\/06\/USATSI_25274801.jpg","type":"image\/jpeg"}],"author":"Flavien Jumeau","twitter_card":"summary_large_image","twitter_creator":"@TheFreeAgentFR","twitter_site":"@TheFreeAgentFR","twitter_misc":{"\u00c9crit par":"Flavien Jumeau","Dur\u00e9e de lecture estim\u00e9e":"2 minutes"},"schema":{"@context":"https:\/\/schema.org","@graph":[{"@type":"WebPage","@id":"https:\/\/theplayoffs.news\/fr\/actualite-nfl\/terry-mclaurin-commanders-frustre-par-son-contrat\/","url":"https:\/\/theplayoffs.news\/fr\/actualite-nfl\/terry-mclaurin-commanders-frustre-par-son-contrat\/","name":"Terry McLaurin (Commanders) frustr\u00e9 par son contrat - The Playoffs FR","isPartOf":{"@id":"https:\/\/theplayoffs.news\/fr\/#website"},"primaryImageOfPage":{"@id":"https:\/\/theplayoffs.news\/fr\/actualite-nfl\/terry-mclaurin-commanders-frustre-par-son-contrat\/#primaryimage"},"image":{"@id":"https:\/\/theplayoffs.news\/fr\/actualite-nfl\/terry-mclaurin-commanders-frustre-par-son-contrat\/#primaryimage"},"thumbnailUrl":"https:\/\/theplayoffs.news\/fr\/wp-content\/uploads\/2025\/06\/USATSI_25274801.jpg","datePublished":"2025-06-06T17:09:06+00:00","dateModified":"2025-06-06T17:09:11+00:00","author":{"@id":"https:\/\/theplayoffs.news\/fr\/#\/schema\/person\/def63bc6746dc5957469b75feb99e66d"},"breadcrumb":{"@id":"https:\/\/theplayoffs.news\/fr\/actualite-nfl\/terry-mclaurin-commanders-frustre-par-son-contrat\/#breadcrumb"},"inLanguage":"fr-FR","potentialAction":[{"@type":"ReadAction","target":["https:\/\/theplayoffs.news\/fr\/actualite-nfl\/terry-mclaurin-commanders-frustre-par-son-contrat\/"]}]},{"@type":"ImageObject","inLanguage":"fr-FR","@id":"https:\/\/theplayoffs.news\/fr\/actualite-nfl\/terry-mclaurin-commanders-frustre-par-son-contrat\/#primaryimage","url":"https:\/\/theplayoffs.news\/fr\/wp-content\/uploads\/2025\/06\/USATSI_25274801.jpg","contentUrl":"https:\/\/theplayoffs.news\/fr\/wp-content\/uploads\/2025\/06\/USATSI_25274801.jpg","width":1920,"height":1280,"caption":"Jan 26, 2025; Philadelphia, PA, USA; Washington Commanders wide receiver Terry McLaurin (17) reacts after a play with wide receiver Olamide Zaccheaus (14) against the Philadelphia Eagles during the first half in the NFC Championship game at Lincoln Financial Field. Mandatory Credit: Bill Streicher-Imagn Images"},{"@type":"BreadcrumbList","@id":"https:\/\/theplayoffs.news\/fr\/actualite-nfl\/terry-mclaurin-commanders-frustre-par-son-contrat\/#breadcrumb","itemListElement":[{"@type":"ListItem","position":1,"name":"Accueil","item":"https:\/\/theplayoffs.news\/fr\/"},{"@type":"ListItem","position":2,"name":"Terry McLaurin (Commanders) frustr\u00e9 par son contrat"}]},{"@type":"WebSite","@id":"https:\/\/theplayoffs.news\/fr\/#website","url":"https:\/\/theplayoffs.news\/fr\/","name":"The Playoffs FR","description":"NBA-NFL-NHL-MLB","potentialAction":[{"@type":"SearchAction","target":{"@type":"EntryPoint","urlTemplate":"https:\/\/theplayoffs.news\/fr\/?s={search_term_string}"},"query-input":{"@type":"PropertyValueSpecification","valueRequired":true,"valueName":"search_term_string"}}],"inLanguage":"fr-FR"},{"@type":"Person","@id":"https:\/\/theplayoffs.news\/fr\/#\/schema\/person\/def63bc6746dc5957469b75feb99e66d","name":"Flavien Jumeau","image":{"@type":"ImageObject","inLanguage":"fr-FR","@id":"https:\/\/theplayoffs.news\/fr\/#\/schema\/person\/image\/","url":"https:\/\/secure.gravatar.com\/avatar\/e7fa8ba5a4b7e4ce35fe152f083f352db28ad0acce692004ed88a7a7d78893f7?s=96&d=mm&r=g","contentUrl":"https:\/\/secure.gravatar.com\/avatar\/e7fa8ba5a4b7e4ce35fe152f083f352db28ad0acce692004ed88a7a7d78893f7?s=96&d=mm&r=g","caption":"Flavien Jumeau"},"description":"Amoureux du sport (et de vraiment tous les sports) depuis mon plus jeune \u00e2ge, j\u2019ai longtemps h\u00e9site entre le snooker et le curling. Finalement c\u2019est le foot US que j\u2019ai d\u00e9cid\u00e9 de choisir! Responsable foot US sur TPO et animateur du podcast Tailgate j\u2019ai pour mission de vous faire d\u00e9couvrir ce sport passionnant si ce n\u2019est pas encore fait et de vous donner les derni\u00e8res actus. Le tout dans la bonne humeur et avec toujours un jeu de mots ou deux savamment distill\u00e9s! Fan des Saints, pour moi Drew Brees est le vrai GOAT!","url":"https:\/\/theplayoffs.news\/fr\/author\/flavien-jumeaugmail-com\/"}]}},"_links":{"self":[{"href":"https:\/\/theplayoffs.news\/fr\/wp-json\/wp\/v2\/posts\/1493668","targetHints":{"allow":["GET"]}}],"collection":[{"href":"https:\/\/theplayoffs.news\/fr\/wp-json\/wp\/v2\/posts"}],"about":[{"href":"https:\/\/theplayoffs.news\/fr\/wp-json\/wp\/v2\/types\/post"}],"author":[{"embeddable":true,"href":"https:\/\/theplayoffs.news\/fr\/wp-json\/wp\/v2\/users\/180309964"}],"replies":[{"embeddable":true,"href":"https:\/\/theplayoffs.news\/fr\/wp-json\/wp\/v2\/comments?post=1493668"}],"version-history":[{"count":1,"href":"https:\/\/theplayoffs.news\/fr\/wp-json\/wp\/v2\/posts\/1493668\/revisions"}],"predecessor-version":[{"id":1493670,"href":"https:\/\/theplayoffs.news\/fr\/wp-json\/wp\/v2\/posts\/1493668\/revisions\/1493670"}],"wp:featuredmedia":[{"embeddable":true,"href":"https:\/\/theplayoffs.news\/fr\/wp-json\/wp\/v2\/media\/1493669"}],"wp:attachment":[{"href":"https:\/\/theplayoffs.news\/fr\/wp-json\/wp\/v2\/media?parent=1493668"}],"wp:term":[{"taxonomy":"category","embeddable":true,"href":"https:\/\/theplayoffs.news\/fr\/wp-json\/wp\/v2\/categories?post=1493668"},{"taxonomy":"post_tag","embeddable":true,"href":"https:\/\/theplayoffs.news\/fr\/wp-json\/wp\/v2\/tags?post=1493668"},{"taxonomy":"sport","embeddable":true,"href":"https:\/\/theplayoffs.news\/fr\/wp-json\/wp\/v2\/sport?post=1493668"},{"taxonomy":"saison","embeddable":true,"href":"https:\/\/theplayoffs.news\/fr\/wp-json\/wp\/v2\/saison?post=1493668"}],"curies":[{"name":"wp","href":"https:\/\/api.w.org\/{rel}","templated":true}]}}