{"id":1493364,"date":"2025-06-04T14:48:19","date_gmt":"2025-06-04T12:48:19","guid":{"rendered":"https:\/\/theplayoffs.news\/fr\/uncategorized\/\/"},"modified":"2025-06-04T14:48:24","modified_gmt":"2025-06-04T12:48:24","slug":"bellemare-continue-a-ajoie","status":"publish","type":"post","link":"https:\/\/theplayoffs.news\/fr\/ligue-magnus\/bellemare-continue-a-ajoie\/","title":{"rendered":"Bellemare continue \u00e0 Ajoie."},"content":{"rendered":"<p>C&rsquo;est dans une vid&eacute;o publi&eacute;e sur les r&eacute;seaux sociaux du club que l&rsquo;annonce a &eacute;t&eacute; faite. Le Fran&ccedil;ais <a href=\"https:\/\/www.eliteprospects.com\/player\/8339\/pierre-edouard-bellemare\" class=\"trk-cta-link\" data-cta-trk='{\"ctaType\":\"Link\",\"ctaSubType\":\"main\"}'>Pierre-Edouard Bellemare<\/a>, ag&eacute; de 40 ans, continue en Suisse avec Ajoie pour la saison 2025-2026. <\/p><figure class=\"wp-block-embed is-type-rich is-provider-twitter wp-block-embed-twitter\"><div class=\"wp-block-embed__wrapper\">\n<blockquote class=\"twitter-tweet\" data-width=\"500\" data-dnt=\"true\"><p lang=\"fr\" dir=\"ltr\">Actuellement en Su&egrave;de, &#119823;&#119842;&#119838;&#119851;&#119851;&#119838;-&#119812;&#119837;&#119848;&#119854;&#119834;&#119851;&#119837; &#119809;&#119838;&#119845;&#119845;&#119838;&#119846;&#119834;&#119851;&#119838; a une annonce &agrave; vous faire &#128064; <a href=\"https:\/\/t.co\/ypwVPJ7LKa\" class=\"trk-cta-link\" data-cta-trk='{\"ctaType\":\"Link\",\"ctaSubType\":\"main\"}'>pic.twitter.com\/ypwVPJ7LKa<\/a><\/p>&mdash; Hockey-Club Ajoie (@HC_Ajoie_off) <a href=\"https:\/\/twitter.com\/HC_Ajoie_off\/status\/1930233935906152508?ref_src=twsrc%5Etfw\" class=\"trk-cta-link\" data-cta-trk='{\"ctaType\":\"Link\",\"ctaSubType\":\"main\"}'>June 4, 2025<\/a><\/blockquote><script async src=\"https:\/\/platform.twitter.com\/widgets.js\" charset=\"utf-8\"><\/script>\n<\/div><figcaption class=\"wp-element-caption\">L&rsquo;homme aux 700 matchs en NHL avait <a href=\"https:\/\/theplayoffs.news\/fr\/actualite-nhl\/pierre-edouard-bellemare-au-hc-ajoie\/\" class=\"trk-cta-link\" data-cta-trk='{\"ctaType\":\"Link\",\"ctaSubType\":\"main\"}'>rejoint le club Suisse en octobre 2024<\/a> apr&egrave;s un essai non concluant avec l&rsquo;Avalanche du Colorado. Cela faisait plusieurs mois que la question se posait, allait-il retourner en Su&egrave;de ou continuer en Suisse. <\/figcaption><\/figure><p>Pour rappel, l&rsquo;&eacute;quipe de France a &eacute;t&eacute; rep&ecirc;ch&eacute; pour jouer les JO d&rsquo;hiver 2026 &agrave; Milan-Cortina suite &agrave; l&rsquo;exclusion de la Russie. Son objectif est de joueur ces JO avec l&rsquo;&eacute;quipe de France, alors qu&rsquo;il vient d&rsquo;&ecirc;tre <a href=\"https:\/\/theplayoffs.news\/fr\/ligue-magnus\/championnats-du-monde-les-bleus-relegues\/\" class=\"trk-cta-link\" data-cta-trk='{\"ctaType\":\"Link\",\"ctaSubType\":\"main\"}'>rel&eacute;gu&eacute; lors des derniers championnats du monde<\/a> qui se sont d&eacute;roul&eacute;s en Su&egrave;de  il y a quelques semaines.<\/p><p>Le HC Ajoie avait fini dernier lors de la saison r&eacute;guli&egrave;re la saison derni&egrave;re et s&rsquo;&eacute;tait sauv&eacute; lors des barrages face au HC Vi&egrave;ge, Bellemare avait fini la saison r&eacute;guli&egrave;re avec 28 points en 34 matchs, et s&rsquo;&eacute;tait impos&eacute; comme leader au sein du vestiaire Jurassien. <\/p><p>Cr&eacute;dit photo: James Carey Lauder &ndash; Imagn Images<\/p>\n","protected":false},"excerpt":{"rendered":"","protected":false},"author":180310223,"featured_media":1493367,"comment_status":"closed","ping_status":"closed","sticky":false,"template":"","format":"standard","meta":{"inline_featured_image":false,"kia_subtitle":"","_mux_skip_reasons":[],"proofreadBy":0,"footnotes":""},"categories":[8412,4816,8408],"tags":[8564,1785,8444,7813,2225],"sport":[2784],"saison":[7475],"class_list":["post-1493364","post","type-post","status-publish","format-standard","has-post-thumbnail","hentry","category-hockey-sur-glace","category-ligue-magnus","category-sports","tag-ajoie","tag-bellemare","tag-equipe-de-france-2","tag-hc-ajoie","tag-pierre-edouard-bellemare","sport-nhl","saison-7475"],"acf":[],"yoast_head":"<!-- This site is optimized with the Yoast SEO plugin v24.2 - https:\/\/yoast.com\/wordpress\/plugins\/seo\/ -->\n<title>Bellemare continue &agrave; Ajoie. - The Playoffs FR<\/title>\n<meta name=\"description\" content=\"Le Fran&ccedil;ais Pierre-Edouard Bellemare, ag&eacute; de 40 ans, continue en Suisse avec Ajoie pour la saison 2025-2026.\" \/>\n<meta name=\"robots\" content=\"index, follow, max-snippet:-1, max-image-preview:large, max-video-preview:-1\" \/>\n<link rel=\"canonical\" href=\"https:\/\/theplayoffs.news\/fr\/ligue-magnus\/bellemare-continue-a-ajoie\/\" \/>\n<meta property=\"og:locale\" content=\"fr_FR\" \/>\n<meta property=\"og:type\" content=\"article\" \/>\n<meta property=\"og:title\" content=\"Bellemare continue &agrave; Ajoie. - The Playoffs FR\" \/>\n<meta property=\"og:description\" content=\"Le Fran&ccedil;ais Pierre-Edouard Bellemare, ag&eacute; de 40 ans, continue en Suisse avec Ajoie pour la saison 2025-2026.\" \/>\n<meta property=\"og:url\" content=\"https:\/\/theplayoffs.news\/fr\/ligue-magnus\/bellemare-continue-a-ajoie\/\" \/>\n<meta property=\"og:site_name\" content=\"The Playoffs FR\" \/>\n<meta property=\"article:publisher\" content=\"https:\/\/www.facebook.com\/TheFreeAgentFR\/\" \/>\n<meta property=\"article:modified_time\" content=\"2025-06-04T14:48:24+02:00\" \/>\n<meta property=\"og:image\" content=\"https:\/\/theplayoffs.news\/fr\/wp-content\/uploads\/2025\/06\/USATSI_22700469.jpg\" \/>\n\t<meta property=\"og:image:width\" content=\"1920\" \/>\n\t<meta property=\"og:image:height\" content=\"1280\" \/>\n\t<meta property=\"og:image:type\" content=\"image\/jpeg\" \/>\n<meta name=\"author\" content=\"Lilian Himmelberger\" \/>\n<meta name=\"twitter:card\" content=\"summary_large_image\" \/>\n<meta name=\"twitter:creator\" content=\"@Colorado_FR_AVS\" \/>\n<meta name=\"twitter:site\" content=\"@TheFreeAgentFR\" \/>\n<meta name=\"twitter:label1\" content=\"\u00c9crit par\" \/>\n\t<meta name=\"twitter:data1\" content=\"Lilian Himmelberger\" \/>\n\t<meta name=\"twitter:label2\" content=\"Dur\u00e9e de lecture estim\u00e9e\" \/>\n\t<meta name=\"twitter:data2\" content=\"2 minutes\" \/>\n<script type=\"application\/ld+json\" class=\"yoast-schema-graph\">{\"@context\":\"https:\/\/schema.org\",\"@graph\":[{\"@type\":\"WebPage\",\"@id\":\"https:\/\/theplayoffs.news\/fr\/ligue-magnus\/bellemare-continue-a-ajoie\/\",\"url\":\"https:\/\/theplayoffs.news\/fr\/ligue-magnus\/bellemare-continue-a-ajoie\/\",\"name\":\"Bellemare continue \u00e0 Ajoie. - The Playoffs FR\",\"isPartOf\":{\"@id\":\"https:\/\/theplayoffs.news\/fr\/#website\"},\"primaryImageOfPage\":{\"@id\":\"https:\/\/theplayoffs.news\/fr\/ligue-magnus\/bellemare-continue-a-ajoie\/#primaryimage\"},\"image\":{\"@id\":\"https:\/\/theplayoffs.news\/fr\/ligue-magnus\/bellemare-continue-a-ajoie\/#primaryimage\"},\"thumbnailUrl\":\"https:\/\/theplayoffs.news\/fr\/wp-content\/uploads\/2025\/06\/USATSI_22700469.jpg\",\"datePublished\":\"2025-06-04T12:48:19+00:00\",\"dateModified\":\"2025-06-04T12:48:24+00:00\",\"author\":{\"@id\":\"https:\/\/theplayoffs.news\/fr\/#\/schema\/person\/0931b4a2fbcb1e3ec76de45cc3952a9b\"},\"description\":\"Le Fran\u00e7ais Pierre-Edouard Bellemare, ag\u00e9 de 40 ans, continue en Suisse avec Ajoie pour la saison 2025-2026.\",\"breadcrumb\":{\"@id\":\"https:\/\/theplayoffs.news\/fr\/ligue-magnus\/bellemare-continue-a-ajoie\/#breadcrumb\"},\"inLanguage\":\"fr-FR\",\"potentialAction\":[{\"@type\":\"ReadAction\",\"target\":[\"https:\/\/theplayoffs.news\/fr\/ligue-magnus\/bellemare-continue-a-ajoie\/\"]}]},{\"@type\":\"ImageObject\",\"inLanguage\":\"fr-FR\",\"@id\":\"https:\/\/theplayoffs.news\/fr\/ligue-magnus\/bellemare-continue-a-ajoie\/#primaryimage\",\"url\":\"https:\/\/theplayoffs.news\/fr\/wp-content\/uploads\/2025\/06\/USATSI_22700469.jpg\",\"contentUrl\":\"https:\/\/theplayoffs.news\/fr\/wp-content\/uploads\/2025\/06\/USATSI_22700469.jpg\",\"width\":1920,\"height\":1280,\"caption\":\"Mar 5, 2024; Winnipeg, Manitoba, CAN; Seattle Kraken left wing Pierre-Edouard Bellemare (41) tosses a puck to a fan before a game against the Winnipeg Jets at Canada Life Centre. Mandatory Credit: James Carey Lauder-USA TODAY Sports\"},{\"@type\":\"BreadcrumbList\",\"@id\":\"https:\/\/theplayoffs.news\/fr\/ligue-magnus\/bellemare-continue-a-ajoie\/#breadcrumb\",\"itemListElement\":[{\"@type\":\"ListItem\",\"position\":1,\"name\":\"Accueil\",\"item\":\"https:\/\/theplayoffs.news\/fr\/\"},{\"@type\":\"ListItem\",\"position\":2,\"name\":\"Bellemare continue \u00e0 Ajoie.\"}]},{\"@type\":\"WebSite\",\"@id\":\"https:\/\/theplayoffs.news\/fr\/#website\",\"url\":\"https:\/\/theplayoffs.news\/fr\/\",\"name\":\"The Playoffs FR\",\"description\":\"NBA-NFL-NHL-MLB\",\"potentialAction\":[{\"@type\":\"SearchAction\",\"target\":{\"@type\":\"EntryPoint\",\"urlTemplate\":\"https:\/\/theplayoffs.news\/fr\/?s={search_term_string}\"},\"query-input\":{\"@type\":\"PropertyValueSpecification\",\"valueRequired\":true,\"valueName\":\"search_term_string\"}}],\"inLanguage\":\"fr-FR\"},{\"@type\":\"Person\",\"@id\":\"https:\/\/theplayoffs.news\/fr\/#\/schema\/person\/0931b4a2fbcb1e3ec76de45cc3952a9b\",\"name\":\"Lilian Himmelberger\",\"image\":{\"@type\":\"ImageObject\",\"inLanguage\":\"fr-FR\",\"@id\":\"https:\/\/theplayoffs.news\/fr\/#\/schema\/person\/image\/\",\"url\":\"https:\/\/secure.gravatar.com\/avatar\/f4ac659ea2cbd43c2b77e8f751667a8f5b8015dadf9db3f3942f26588c2262af?s=96&d=mm&r=g\",\"contentUrl\":\"https:\/\/secure.gravatar.com\/avatar\/f4ac659ea2cbd43c2b77e8f751667a8f5b8015dadf9db3f3942f26588c2262af?s=96&d=mm&r=g\",\"caption\":\"Lilian Himmelberger\"},\"description\":\"Pour TPO, j\u2019\u00e9cris sur la NHL et la Ligue Magnus ou le hockey fran\u00e7ais en g\u00e9n\u00e9ral. J\u2019ai commenc\u00e9 un compte Twitter\/X sur l\u2019actu du Colorado Avalanche en fran\u00e7ais en 2020 et j\u2019ai commenc\u00e9 \u00e0 \u00e9crire des articles sur la NHL pour un site perso. C\u2019est en novembre 2023 que j\u2019ai ensuite rejoint TPO pour \u00e9crire sur la NHL et le hockey fran\u00e7ais. J\u2019adore pouvoir parler de ma passion et surtout de pouvoir parler du hockey qui est un sport encore trop peu connu en France. N\u2019oubliez pas que Nathan MacKinnon est le meilleur joueur du monde.\",\"sameAs\":[\"https:\/\/x.com\/Colorado_FR_AVS\"],\"url\":\"https:\/\/theplayoffs.news\/fr\/author\/lilianhimmelbergergmail-com\/\"}]}<\/script>\n<!-- \/ Yoast SEO plugin. -->","yoast_head_json":{"title":"Bellemare continue &agrave; Ajoie. - The Playoffs FR","description":"Le Fran&ccedil;ais Pierre-Edouard Bellemare, ag&eacute; de 40 ans, continue en Suisse avec Ajoie pour la saison 2025-2026.","robots":{"index":"index","follow":"follow","max-snippet":"max-snippet:-1","max-image-preview":"max-image-preview:large","max-video-preview":"max-video-preview:-1"},"canonical":"https:\/\/theplayoffs.news\/fr\/ligue-magnus\/bellemare-continue-a-ajoie\/","og_locale":"fr_FR","og_type":"article","og_title":"Bellemare continue &agrave; Ajoie. - The Playoffs FR","og_description":"Le Fran&ccedil;ais Pierre-Edouard Bellemare, ag&eacute; de 40 ans, continue en Suisse avec Ajoie pour la saison 2025-2026.","og_url":"https:\/\/theplayoffs.news\/fr\/ligue-magnus\/bellemare-continue-a-ajoie\/","og_site_name":"The Playoffs FR","article_publisher":"https:\/\/www.facebook.com\/TheFreeAgentFR\/","article_modified_time":"2025-06-04T12:48:24+00:00","og_image":[{"width":1920,"height":1280,"url":"https:\/\/theplayoffs.news\/fr\/wp-content\/uploads\/2025\/06\/USATSI_22700469.jpg","type":"image\/jpeg"}],"author":"Lilian Himmelberger","twitter_card":"summary_large_image","twitter_creator":"@Colorado_FR_AVS","twitter_site":"@TheFreeAgentFR","twitter_misc":{"\u00c9crit par":"Lilian Himmelberger","Dur\u00e9e de lecture estim\u00e9e":"2 minutes"},"schema":{"@context":"https:\/\/schema.org","@graph":[{"@type":"WebPage","@id":"https:\/\/theplayoffs.news\/fr\/ligue-magnus\/bellemare-continue-a-ajoie\/","url":"https:\/\/theplayoffs.news\/fr\/ligue-magnus\/bellemare-continue-a-ajoie\/","name":"Bellemare continue \u00e0 Ajoie. - The Playoffs FR","isPartOf":{"@id":"https:\/\/theplayoffs.news\/fr\/#website"},"primaryImageOfPage":{"@id":"https:\/\/theplayoffs.news\/fr\/ligue-magnus\/bellemare-continue-a-ajoie\/#primaryimage"},"image":{"@id":"https:\/\/theplayoffs.news\/fr\/ligue-magnus\/bellemare-continue-a-ajoie\/#primaryimage"},"thumbnailUrl":"https:\/\/theplayoffs.news\/fr\/wp-content\/uploads\/2025\/06\/USATSI_22700469.jpg","datePublished":"2025-06-04T12:48:19+00:00","dateModified":"2025-06-04T12:48:24+00:00","author":{"@id":"https:\/\/theplayoffs.news\/fr\/#\/schema\/person\/0931b4a2fbcb1e3ec76de45cc3952a9b"},"description":"Le Fran\u00e7ais Pierre-Edouard Bellemare, ag\u00e9 de 40 ans, continue en Suisse avec Ajoie pour la saison 2025-2026.","breadcrumb":{"@id":"https:\/\/theplayoffs.news\/fr\/ligue-magnus\/bellemare-continue-a-ajoie\/#breadcrumb"},"inLanguage":"fr-FR","potentialAction":[{"@type":"ReadAction","target":["https:\/\/theplayoffs.news\/fr\/ligue-magnus\/bellemare-continue-a-ajoie\/"]}]},{"@type":"ImageObject","inLanguage":"fr-FR","@id":"https:\/\/theplayoffs.news\/fr\/ligue-magnus\/bellemare-continue-a-ajoie\/#primaryimage","url":"https:\/\/theplayoffs.news\/fr\/wp-content\/uploads\/2025\/06\/USATSI_22700469.jpg","contentUrl":"https:\/\/theplayoffs.news\/fr\/wp-content\/uploads\/2025\/06\/USATSI_22700469.jpg","width":1920,"height":1280,"caption":"Mar 5, 2024; Winnipeg, Manitoba, CAN; Seattle Kraken left wing Pierre-Edouard Bellemare (41) tosses a puck to a fan before a game against the Winnipeg Jets at Canada Life Centre. Mandatory Credit: James Carey Lauder-USA TODAY Sports"},{"@type":"BreadcrumbList","@id":"https:\/\/theplayoffs.news\/fr\/ligue-magnus\/bellemare-continue-a-ajoie\/#breadcrumb","itemListElement":[{"@type":"ListItem","position":1,"name":"Accueil","item":"https:\/\/theplayoffs.news\/fr\/"},{"@type":"ListItem","position":2,"name":"Bellemare continue \u00e0 Ajoie."}]},{"@type":"WebSite","@id":"https:\/\/theplayoffs.news\/fr\/#website","url":"https:\/\/theplayoffs.news\/fr\/","name":"The Playoffs FR","description":"NBA-NFL-NHL-MLB","potentialAction":[{"@type":"SearchAction","target":{"@type":"EntryPoint","urlTemplate":"https:\/\/theplayoffs.news\/fr\/?s={search_term_string}"},"query-input":{"@type":"PropertyValueSpecification","valueRequired":true,"valueName":"search_term_string"}}],"inLanguage":"fr-FR"},{"@type":"Person","@id":"https:\/\/theplayoffs.news\/fr\/#\/schema\/person\/0931b4a2fbcb1e3ec76de45cc3952a9b","name":"Lilian Himmelberger","image":{"@type":"ImageObject","inLanguage":"fr-FR","@id":"https:\/\/theplayoffs.news\/fr\/#\/schema\/person\/image\/","url":"https:\/\/secure.gravatar.com\/avatar\/f4ac659ea2cbd43c2b77e8f751667a8f5b8015dadf9db3f3942f26588c2262af?s=96&d=mm&r=g","contentUrl":"https:\/\/secure.gravatar.com\/avatar\/f4ac659ea2cbd43c2b77e8f751667a8f5b8015dadf9db3f3942f26588c2262af?s=96&d=mm&r=g","caption":"Lilian Himmelberger"},"description":"Pour TPO, j\u2019\u00e9cris sur la NHL et la Ligue Magnus ou le hockey fran\u00e7ais en g\u00e9n\u00e9ral. J\u2019ai commenc\u00e9 un compte Twitter\/X sur l\u2019actu du Colorado Avalanche en fran\u00e7ais en 2020 et j\u2019ai commenc\u00e9 \u00e0 \u00e9crire des articles sur la NHL pour un site perso. C\u2019est en novembre 2023 que j\u2019ai ensuite rejoint TPO pour \u00e9crire sur la NHL et le hockey fran\u00e7ais. J\u2019adore pouvoir parler de ma passion et surtout de pouvoir parler du hockey qui est un sport encore trop peu connu en France. N\u2019oubliez pas que Nathan MacKinnon est le meilleur joueur du monde.","sameAs":["https:\/\/x.com\/Colorado_FR_AVS"],"url":"https:\/\/theplayoffs.news\/fr\/author\/lilianhimmelbergergmail-com\/"}]}},"_links":{"self":[{"href":"https:\/\/theplayoffs.news\/fr\/wp-json\/wp\/v2\/posts\/1493364","targetHints":{"allow":["GET"]}}],"collection":[{"href":"https:\/\/theplayoffs.news\/fr\/wp-json\/wp\/v2\/posts"}],"about":[{"href":"https:\/\/theplayoffs.news\/fr\/wp-json\/wp\/v2\/types\/post"}],"author":[{"embeddable":true,"href":"https:\/\/theplayoffs.news\/fr\/wp-json\/wp\/v2\/users\/180310223"}],"replies":[{"embeddable":true,"href":"https:\/\/theplayoffs.news\/fr\/wp-json\/wp\/v2\/comments?post=1493364"}],"version-history":[{"count":3,"href":"https:\/\/theplayoffs.news\/fr\/wp-json\/wp\/v2\/posts\/1493364\/revisions"}],"predecessor-version":[{"id":1493375,"href":"https:\/\/theplayoffs.news\/fr\/wp-json\/wp\/v2\/posts\/1493364\/revisions\/1493375"}],"wp:featuredmedia":[{"embeddable":true,"href":"https:\/\/theplayoffs.news\/fr\/wp-json\/wp\/v2\/media\/1493367"}],"wp:attachment":[{"href":"https:\/\/theplayoffs.news\/fr\/wp-json\/wp\/v2\/media?parent=1493364"}],"wp:term":[{"taxonomy":"category","embeddable":true,"href":"https:\/\/theplayoffs.news\/fr\/wp-json\/wp\/v2\/categories?post=1493364"},{"taxonomy":"post_tag","embeddable":true,"href":"https:\/\/theplayoffs.news\/fr\/wp-json\/wp\/v2\/tags?post=1493364"},{"taxonomy":"sport","embeddable":true,"href":"https:\/\/theplayoffs.news\/fr\/wp-json\/wp\/v2\/sport?post=1493364"},{"taxonomy":"saison","embeddable":true,"href":"https:\/\/theplayoffs.news\/fr\/wp-json\/wp\/v2\/saison?post=1493364"}],"curies":[{"name":"wp","href":"https:\/\/api.w.org\/{rel}","templated":true}]}}