{"id":1493289,"date":"2025-06-03T20:25:20","date_gmt":"2025-06-03T18:25:20","guid":{"rendered":"https:\/\/theplayoffs.news\/fr\/uncategorized\/\/"},"modified":"2025-06-03T20:25:26","modified_gmt":"2025-06-03T18:25:26","slug":"dallas-cowboys-micah-parsons-attendu-au-minicamp-la-semaine-prochaine","status":"publish","type":"post","link":"https:\/\/theplayoffs.news\/fr\/actualite-nfl\/dallas-cowboys-micah-parsons-attendu-au-minicamp-la-semaine-prochaine\/","title":{"rendered":"Dallas Cowboys: Micah Parsons attendu au minicamp la semaine prochaine"},"content":{"rendered":"<p><strong>Dallas Cowboys : Micah Parsons attendu lors du minicamp la semaine prochaine<\/strong><\/p><p>Nouvel &eacute;pisode &agrave; venir dans le feuilleton Micah Parsons! Alors qu&rsquo;aucun nouvel accord contractuel n&rsquo;a encore &eacute;t&eacute; trouv&eacute; entre le joueur et la franchise texane des Dallas Cowboys, les discussions autour de son avenir &agrave; long terme font de plus en plus parler &agrave; l&rsquo;approche du camp d&rsquo;entra&icirc;nement estival.<\/p><p>Micah Parsons, qui vient tout juste de f&ecirc;ter ses 26 ans &agrave; la fin du mois de mai, n&rsquo;est pas un joueur ordinaire au sein de la NFL. C&rsquo;est la pierre angulaire de la d&eacute;fense des Cowboys. En seulement 63 matchs, il a cumul&eacute; 52,5 sacks, 63 plaquages pour perte et 112 pressions sur quarterback. Avec une r&eacute;gularit&eacute; impressionnante, au moins 12 sacks par saison lors de ses quatre premi&egrave;res campagnes, il s&rsquo;est impos&eacute; comme l&rsquo;un des pass rushers les plus redout&eacute;s de la ligue.<\/p><p>Ces statistiques impressionnantes font naturellement de lui un candidat s&eacute;rieux &agrave; une prolongation record. Actuellement sous contrat via son option de cinqui&egrave;me ann&eacute;e, il est assur&eacute; de toucher 24,007 millions de dollars garantis en 2025. Mais dans un march&eacute; des edge rushers en pleine explosion, Myles Garrett ayant r&eacute;cemment sign&eacute; un contrat de 40 millions de dollars par an, tandis que <a href=\"https:\/\/theplayoffs.news\/fr\/actualite-nfl\/steelers-t-j-watt-un-bras-de-fer-jusquau-debut-de-la-saison\/\" class=\"trk-cta-link\" data-cta-trk='{\"ctaType\":\"Link\",\"ctaSubType\":\"main\"}'>T.J. Watt n&eacute;gocie &eacute;galement une revalorisation avec les Pittsburgh Steelers<\/a>, les Cowboys doivent agir vite s&rsquo;ils veulent &eacute;viter un bras de fer contractuel prolong&eacute; qui pourrait conduire les montants appos&eacute;s sur le contrat &agrave; s&rsquo;envoler encore plus haut.<\/p><p>Absent lors des deux derni&egrave;res sessions d&rsquo;OTA, Micah Parsons avait toutefois pris part &agrave; la premi&egrave;re semaine du programme. Le nouvel entra&icirc;neur principal de la franchise texane, Brian Schottenheimer, s&rsquo;est montr&eacute; rassurant mardi en conf&eacute;rence de presse, affirmant que le d&eacute;fenseur vedette est attendu au minicamp obligatoire pr&eacute;vu la semaine prochaine: <\/p><blockquote class=\"wp-block-quote is-layout-flow wp-block-quote-is-layout-flow\">\n<p>&laquo; Micah et moi avons eu de tr&egrave;s bonnes discussions. Je m&rsquo;attends &agrave; ce qu&rsquo;il soit pr&eacute;sent&raquo; a <a href=\"https:\/\/www.nbcsports.com\/nfl\/profootballtalk\/rumor-mill\/news\/brian-schottenheimer-i-expect-to-see-micah-parsons-at-mandatory-minicamp\" class=\"trk-cta-link\" data-cta-trk='{\"ctaType\":\"Link\",\"ctaSubType\":\"main\"}'>affirm&eacute; l&rsquo;entra&icirc;neur des Cowboys<\/a>.<\/p>\n<\/blockquote><p>Bien qu&rsquo;il ait profit&eacute; de son temps libre pour voyager, Micah Parsons demeure en contact r&eacute;gulier avec le staff, et rien ne laisse pr&eacute;sager, pour l&rsquo;heure, une rupture des relations entre les deux parties. Cependant, tant que le contrat n&rsquo;est pas sign&eacute;, le spectre d&rsquo;une tension &agrave; l&rsquo;approche de la saison plane toujours au-dessus du camp des Cowboys. Une menace qu&rsquo;il ne faut jamais prendre &agrave; la l&eacute;g&egrave;re&hellip;<\/p><p>Cr&eacute;dit photo: &copy; Sam Navarro-Imagn Images<\/p>\n","protected":false},"excerpt":{"rendered":"<p>NFL &#8211; Le d\u00e9fenseur vedette des Dallas Cowboys, Micah Parsons, est attendu au minicamp la semaine prochaine<\/p>\n","protected":false},"author":180309964,"featured_media":1493292,"comment_status":"closed","ping_status":"closed","sticky":false,"template":"","format":"standard","meta":{"inline_featured_image":false,"kia_subtitle":"NFL - Le d\u00e9fenseur vedette des Dallas Cowboys, Micah Parsons, est attendu au minicamp la semaine prochaine","_mux_skip_reasons":[],"proofreadBy":0,"footnotes":""},"categories":[118,8410,40,8408],"tags":[619,2353],"sport":[2785],"saison":[7475],"class_list":["post-1493289","post","type-post","status-publish","format-standard","has-post-thumbnail","hentry","category-actualite-nfl","category-football-americain","category-nfl","category-sports","tag-dallas-cowboys","tag-micah-parsons","sport-nfl","saison-7475"],"acf":[],"yoast_head":"<!-- This site is optimized with the Yoast SEO plugin v24.2 - https:\/\/yoast.com\/wordpress\/plugins\/seo\/ -->\n<title>Dallas Cowboys: Micah Parsons attendu au minicamp la semaine prochaine - The Playoffs FR<\/title>\n<meta name=\"robots\" content=\"index, follow, max-snippet:-1, max-image-preview:large, max-video-preview:-1\" \/>\n<link rel=\"canonical\" href=\"https:\/\/theplayoffs.news\/fr\/actualite-nfl\/dallas-cowboys-micah-parsons-attendu-au-minicamp-la-semaine-prochaine\/\" \/>\n<meta property=\"og:locale\" content=\"fr_FR\" \/>\n<meta property=\"og:type\" content=\"article\" \/>\n<meta property=\"og:title\" content=\"Dallas Cowboys: Micah Parsons attendu au minicamp la semaine prochaine - The Playoffs FR\" \/>\n<meta property=\"og:description\" content=\"NFL - Le d&eacute;fenseur vedette des Dallas Cowboys, Micah Parsons, est attendu au minicamp la semaine prochaine\" \/>\n<meta property=\"og:url\" content=\"https:\/\/theplayoffs.news\/fr\/actualite-nfl\/dallas-cowboys-micah-parsons-attendu-au-minicamp-la-semaine-prochaine\/\" \/>\n<meta property=\"og:site_name\" content=\"The Playoffs FR\" \/>\n<meta property=\"article:publisher\" content=\"https:\/\/www.facebook.com\/TheFreeAgentFR\/\" \/>\n<meta property=\"article:modified_time\" content=\"2025-06-03T20:25:26+02:00\" \/>\n<meta property=\"og:image\" content=\"https:\/\/theplayoffs.news\/fr\/wp-content\/uploads\/2025\/06\/USATSI_22172241.jpg\" \/>\n\t<meta property=\"og:image:width\" content=\"1920\" \/>\n\t<meta property=\"og:image:height\" content=\"1280\" \/>\n\t<meta property=\"og:image:type\" content=\"image\/jpeg\" \/>\n<meta name=\"author\" content=\"Flavien Jumeau\" \/>\n<meta name=\"twitter:card\" content=\"summary_large_image\" \/>\n<meta name=\"twitter:creator\" content=\"@TheFreeAgentFR\" \/>\n<meta name=\"twitter:site\" content=\"@TheFreeAgentFR\" \/>\n<meta name=\"twitter:label1\" content=\"\u00c9crit par\" \/>\n\t<meta name=\"twitter:data1\" content=\"Flavien Jumeau\" \/>\n\t<meta name=\"twitter:label2\" content=\"Dur\u00e9e de lecture estim\u00e9e\" \/>\n\t<meta name=\"twitter:data2\" content=\"3 minutes\" \/>\n<script type=\"application\/ld+json\" class=\"yoast-schema-graph\">{\"@context\":\"https:\/\/schema.org\",\"@graph\":[{\"@type\":\"WebPage\",\"@id\":\"https:\/\/theplayoffs.news\/fr\/actualite-nfl\/dallas-cowboys-micah-parsons-attendu-au-minicamp-la-semaine-prochaine\/\",\"url\":\"https:\/\/theplayoffs.news\/fr\/actualite-nfl\/dallas-cowboys-micah-parsons-attendu-au-minicamp-la-semaine-prochaine\/\",\"name\":\"Dallas Cowboys: Micah Parsons attendu au minicamp la semaine prochaine - The Playoffs FR\",\"isPartOf\":{\"@id\":\"https:\/\/theplayoffs.news\/fr\/#website\"},\"primaryImageOfPage\":{\"@id\":\"https:\/\/theplayoffs.news\/fr\/actualite-nfl\/dallas-cowboys-micah-parsons-attendu-au-minicamp-la-semaine-prochaine\/#primaryimage\"},\"image\":{\"@id\":\"https:\/\/theplayoffs.news\/fr\/actualite-nfl\/dallas-cowboys-micah-parsons-attendu-au-minicamp-la-semaine-prochaine\/#primaryimage\"},\"thumbnailUrl\":\"https:\/\/theplayoffs.news\/fr\/wp-content\/uploads\/2025\/06\/USATSI_22172241.jpg\",\"datePublished\":\"2025-06-03T18:25:20+00:00\",\"dateModified\":\"2025-06-03T18:25:26+00:00\",\"author\":{\"@id\":\"https:\/\/theplayoffs.news\/fr\/#\/schema\/person\/def63bc6746dc5957469b75feb99e66d\"},\"breadcrumb\":{\"@id\":\"https:\/\/theplayoffs.news\/fr\/actualite-nfl\/dallas-cowboys-micah-parsons-attendu-au-minicamp-la-semaine-prochaine\/#breadcrumb\"},\"inLanguage\":\"fr-FR\",\"potentialAction\":[{\"@type\":\"ReadAction\",\"target\":[\"https:\/\/theplayoffs.news\/fr\/actualite-nfl\/dallas-cowboys-micah-parsons-attendu-au-minicamp-la-semaine-prochaine\/\"]}]},{\"@type\":\"ImageObject\",\"inLanguage\":\"fr-FR\",\"@id\":\"https:\/\/theplayoffs.news\/fr\/actualite-nfl\/dallas-cowboys-micah-parsons-attendu-au-minicamp-la-semaine-prochaine\/#primaryimage\",\"url\":\"https:\/\/theplayoffs.news\/fr\/wp-content\/uploads\/2025\/06\/USATSI_22172241.jpg\",\"contentUrl\":\"https:\/\/theplayoffs.news\/fr\/wp-content\/uploads\/2025\/06\/USATSI_22172241.jpg\",\"width\":1920,\"height\":1280,\"caption\":\"Dec 24, 2023; Miami Gardens, Florida, USA; Dallas Cowboys linebacker Micah Parsons (11) looks on against the Miami Dolphins during the fourth quarter at Hard Rock Stadium. Mandatory Credit: Sam Navarro-USA TODAY Sports\"},{\"@type\":\"BreadcrumbList\",\"@id\":\"https:\/\/theplayoffs.news\/fr\/actualite-nfl\/dallas-cowboys-micah-parsons-attendu-au-minicamp-la-semaine-prochaine\/#breadcrumb\",\"itemListElement\":[{\"@type\":\"ListItem\",\"position\":1,\"name\":\"Accueil\",\"item\":\"https:\/\/theplayoffs.news\/fr\/\"},{\"@type\":\"ListItem\",\"position\":2,\"name\":\"Dallas Cowboys: Micah Parsons attendu au minicamp la semaine prochaine\"}]},{\"@type\":\"WebSite\",\"@id\":\"https:\/\/theplayoffs.news\/fr\/#website\",\"url\":\"https:\/\/theplayoffs.news\/fr\/\",\"name\":\"The Playoffs FR\",\"description\":\"NBA-NFL-NHL-MLB\",\"potentialAction\":[{\"@type\":\"SearchAction\",\"target\":{\"@type\":\"EntryPoint\",\"urlTemplate\":\"https:\/\/theplayoffs.news\/fr\/?s={search_term_string}\"},\"query-input\":{\"@type\":\"PropertyValueSpecification\",\"valueRequired\":true,\"valueName\":\"search_term_string\"}}],\"inLanguage\":\"fr-FR\"},{\"@type\":\"Person\",\"@id\":\"https:\/\/theplayoffs.news\/fr\/#\/schema\/person\/def63bc6746dc5957469b75feb99e66d\",\"name\":\"Flavien Jumeau\",\"image\":{\"@type\":\"ImageObject\",\"inLanguage\":\"fr-FR\",\"@id\":\"https:\/\/theplayoffs.news\/fr\/#\/schema\/person\/image\/\",\"url\":\"https:\/\/secure.gravatar.com\/avatar\/e7fa8ba5a4b7e4ce35fe152f083f352db28ad0acce692004ed88a7a7d78893f7?s=96&d=mm&r=g\",\"contentUrl\":\"https:\/\/secure.gravatar.com\/avatar\/e7fa8ba5a4b7e4ce35fe152f083f352db28ad0acce692004ed88a7a7d78893f7?s=96&d=mm&r=g\",\"caption\":\"Flavien Jumeau\"},\"description\":\"Amoureux du sport (et de vraiment tous les sports) depuis mon plus jeune \u00e2ge, j\u2019ai longtemps h\u00e9site entre le snooker et le curling. Finalement c\u2019est le foot US que j\u2019ai d\u00e9cid\u00e9 de choisir! Responsable foot US sur TPO et animateur du podcast Tailgate j\u2019ai pour mission de vous faire d\u00e9couvrir ce sport passionnant si ce n\u2019est pas encore fait et de vous donner les derni\u00e8res actus. Le tout dans la bonne humeur et avec toujours un jeu de mots ou deux savamment distill\u00e9s! Fan des Saints, pour moi Drew Brees est le vrai GOAT!\",\"url\":\"https:\/\/theplayoffs.news\/fr\/author\/flavien-jumeaugmail-com\/\"}]}<\/script>\n<!-- \/ Yoast SEO plugin. -->","yoast_head_json":{"title":"Dallas Cowboys: Micah Parsons attendu au minicamp la semaine prochaine - The Playoffs FR","robots":{"index":"index","follow":"follow","max-snippet":"max-snippet:-1","max-image-preview":"max-image-preview:large","max-video-preview":"max-video-preview:-1"},"canonical":"https:\/\/theplayoffs.news\/fr\/actualite-nfl\/dallas-cowboys-micah-parsons-attendu-au-minicamp-la-semaine-prochaine\/","og_locale":"fr_FR","og_type":"article","og_title":"Dallas Cowboys: Micah Parsons attendu au minicamp la semaine prochaine - The Playoffs FR","og_description":"NFL - Le d&eacute;fenseur vedette des Dallas Cowboys, Micah Parsons, est attendu au minicamp la semaine prochaine","og_url":"https:\/\/theplayoffs.news\/fr\/actualite-nfl\/dallas-cowboys-micah-parsons-attendu-au-minicamp-la-semaine-prochaine\/","og_site_name":"The Playoffs FR","article_publisher":"https:\/\/www.facebook.com\/TheFreeAgentFR\/","article_modified_time":"2025-06-03T18:25:26+00:00","og_image":[{"width":1920,"height":1280,"url":"https:\/\/theplayoffs.news\/fr\/wp-content\/uploads\/2025\/06\/USATSI_22172241.jpg","type":"image\/jpeg"}],"author":"Flavien Jumeau","twitter_card":"summary_large_image","twitter_creator":"@TheFreeAgentFR","twitter_site":"@TheFreeAgentFR","twitter_misc":{"\u00c9crit par":"Flavien Jumeau","Dur\u00e9e de lecture estim\u00e9e":"3 minutes"},"schema":{"@context":"https:\/\/schema.org","@graph":[{"@type":"WebPage","@id":"https:\/\/theplayoffs.news\/fr\/actualite-nfl\/dallas-cowboys-micah-parsons-attendu-au-minicamp-la-semaine-prochaine\/","url":"https:\/\/theplayoffs.news\/fr\/actualite-nfl\/dallas-cowboys-micah-parsons-attendu-au-minicamp-la-semaine-prochaine\/","name":"Dallas Cowboys: Micah Parsons attendu au minicamp la semaine prochaine - The Playoffs FR","isPartOf":{"@id":"https:\/\/theplayoffs.news\/fr\/#website"},"primaryImageOfPage":{"@id":"https:\/\/theplayoffs.news\/fr\/actualite-nfl\/dallas-cowboys-micah-parsons-attendu-au-minicamp-la-semaine-prochaine\/#primaryimage"},"image":{"@id":"https:\/\/theplayoffs.news\/fr\/actualite-nfl\/dallas-cowboys-micah-parsons-attendu-au-minicamp-la-semaine-prochaine\/#primaryimage"},"thumbnailUrl":"https:\/\/theplayoffs.news\/fr\/wp-content\/uploads\/2025\/06\/USATSI_22172241.jpg","datePublished":"2025-06-03T18:25:20+00:00","dateModified":"2025-06-03T18:25:26+00:00","author":{"@id":"https:\/\/theplayoffs.news\/fr\/#\/schema\/person\/def63bc6746dc5957469b75feb99e66d"},"breadcrumb":{"@id":"https:\/\/theplayoffs.news\/fr\/actualite-nfl\/dallas-cowboys-micah-parsons-attendu-au-minicamp-la-semaine-prochaine\/#breadcrumb"},"inLanguage":"fr-FR","potentialAction":[{"@type":"ReadAction","target":["https:\/\/theplayoffs.news\/fr\/actualite-nfl\/dallas-cowboys-micah-parsons-attendu-au-minicamp-la-semaine-prochaine\/"]}]},{"@type":"ImageObject","inLanguage":"fr-FR","@id":"https:\/\/theplayoffs.news\/fr\/actualite-nfl\/dallas-cowboys-micah-parsons-attendu-au-minicamp-la-semaine-prochaine\/#primaryimage","url":"https:\/\/theplayoffs.news\/fr\/wp-content\/uploads\/2025\/06\/USATSI_22172241.jpg","contentUrl":"https:\/\/theplayoffs.news\/fr\/wp-content\/uploads\/2025\/06\/USATSI_22172241.jpg","width":1920,"height":1280,"caption":"Dec 24, 2023; Miami Gardens, Florida, USA; Dallas Cowboys linebacker Micah Parsons (11) looks on against the Miami Dolphins during the fourth quarter at Hard Rock Stadium. Mandatory Credit: Sam Navarro-USA TODAY Sports"},{"@type":"BreadcrumbList","@id":"https:\/\/theplayoffs.news\/fr\/actualite-nfl\/dallas-cowboys-micah-parsons-attendu-au-minicamp-la-semaine-prochaine\/#breadcrumb","itemListElement":[{"@type":"ListItem","position":1,"name":"Accueil","item":"https:\/\/theplayoffs.news\/fr\/"},{"@type":"ListItem","position":2,"name":"Dallas Cowboys: Micah Parsons attendu au minicamp la semaine prochaine"}]},{"@type":"WebSite","@id":"https:\/\/theplayoffs.news\/fr\/#website","url":"https:\/\/theplayoffs.news\/fr\/","name":"The Playoffs FR","description":"NBA-NFL-NHL-MLB","potentialAction":[{"@type":"SearchAction","target":{"@type":"EntryPoint","urlTemplate":"https:\/\/theplayoffs.news\/fr\/?s={search_term_string}"},"query-input":{"@type":"PropertyValueSpecification","valueRequired":true,"valueName":"search_term_string"}}],"inLanguage":"fr-FR"},{"@type":"Person","@id":"https:\/\/theplayoffs.news\/fr\/#\/schema\/person\/def63bc6746dc5957469b75feb99e66d","name":"Flavien Jumeau","image":{"@type":"ImageObject","inLanguage":"fr-FR","@id":"https:\/\/theplayoffs.news\/fr\/#\/schema\/person\/image\/","url":"https:\/\/secure.gravatar.com\/avatar\/e7fa8ba5a4b7e4ce35fe152f083f352db28ad0acce692004ed88a7a7d78893f7?s=96&d=mm&r=g","contentUrl":"https:\/\/secure.gravatar.com\/avatar\/e7fa8ba5a4b7e4ce35fe152f083f352db28ad0acce692004ed88a7a7d78893f7?s=96&d=mm&r=g","caption":"Flavien Jumeau"},"description":"Amoureux du sport (et de vraiment tous les sports) depuis mon plus jeune \u00e2ge, j\u2019ai longtemps h\u00e9site entre le snooker et le curling. Finalement c\u2019est le foot US que j\u2019ai d\u00e9cid\u00e9 de choisir! Responsable foot US sur TPO et animateur du podcast Tailgate j\u2019ai pour mission de vous faire d\u00e9couvrir ce sport passionnant si ce n\u2019est pas encore fait et de vous donner les derni\u00e8res actus. Le tout dans la bonne humeur et avec toujours un jeu de mots ou deux savamment distill\u00e9s! Fan des Saints, pour moi Drew Brees est le vrai GOAT!","url":"https:\/\/theplayoffs.news\/fr\/author\/flavien-jumeaugmail-com\/"}]}},"_links":{"self":[{"href":"https:\/\/theplayoffs.news\/fr\/wp-json\/wp\/v2\/posts\/1493289","targetHints":{"allow":["GET"]}}],"collection":[{"href":"https:\/\/theplayoffs.news\/fr\/wp-json\/wp\/v2\/posts"}],"about":[{"href":"https:\/\/theplayoffs.news\/fr\/wp-json\/wp\/v2\/types\/post"}],"author":[{"embeddable":true,"href":"https:\/\/theplayoffs.news\/fr\/wp-json\/wp\/v2\/users\/180309964"}],"replies":[{"embeddable":true,"href":"https:\/\/theplayoffs.news\/fr\/wp-json\/wp\/v2\/comments?post=1493289"}],"version-history":[{"count":1,"href":"https:\/\/theplayoffs.news\/fr\/wp-json\/wp\/v2\/posts\/1493289\/revisions"}],"predecessor-version":[{"id":1493293,"href":"https:\/\/theplayoffs.news\/fr\/wp-json\/wp\/v2\/posts\/1493289\/revisions\/1493293"}],"wp:featuredmedia":[{"embeddable":true,"href":"https:\/\/theplayoffs.news\/fr\/wp-json\/wp\/v2\/media\/1493292"}],"wp:attachment":[{"href":"https:\/\/theplayoffs.news\/fr\/wp-json\/wp\/v2\/media?parent=1493289"}],"wp:term":[{"taxonomy":"category","embeddable":true,"href":"https:\/\/theplayoffs.news\/fr\/wp-json\/wp\/v2\/categories?post=1493289"},{"taxonomy":"post_tag","embeddable":true,"href":"https:\/\/theplayoffs.news\/fr\/wp-json\/wp\/v2\/tags?post=1493289"},{"taxonomy":"sport","embeddable":true,"href":"https:\/\/theplayoffs.news\/fr\/wp-json\/wp\/v2\/sport?post=1493289"},{"taxonomy":"saison","embeddable":true,"href":"https:\/\/theplayoffs.news\/fr\/wp-json\/wp\/v2\/saison?post=1493289"}],"curies":[{"name":"wp","href":"https:\/\/api.w.org\/{rel}","templated":true}]}}