{"id":1493235,"date":"2025-06-03T11:24:56","date_gmt":"2025-06-03T09:24:56","guid":{"rendered":"https:\/\/theplayoffs.news\/fr\/uncategorized\/\/"},"modified":"2025-06-03T11:25:02","modified_gmt":"2025-06-03T09:25:02","slug":"anthony-edwards-encense-par-son-president-il-na-aucune-limite","status":"publish","type":"post","link":"https:\/\/theplayoffs.news\/fr\/actualite-nba\/anthony-edwards-encense-par-son-president-il-na-aucune-limite\/","title":{"rendered":"Anthony Edwards encens\u00e9 par son pr\u00e9sident : \u00ab\u00a0il n&rsquo;a aucune limite\u00a0\u00bb"},"content":{"rendered":"<p>Elimin&eacute; au stade des finales de conf&eacute;rence pour la seconde ann&eacute;e cons&eacute;cutive, <strong>Anthony Edwards<\/strong> a une fois de plus d&eacute;montr&eacute; sa capacit&eacute; &agrave; mener son &eacute;quipe vers les sommets. Qu&rsquo;importe s&rsquo;il a &eacute;t&eacute; surclass&eacute; par <strong>Shai Gilgeous-Alexander<\/strong> et le Thunder, Antman a livr&eacute; une nouvelle saison tr&egrave;s prometteuse &agrave; 23 ans seulement.<\/p><p>Un constat qui n&rsquo;a pas &eacute;chapp&eacute; au pr&eacute;sident des op&eacute;rations basket des Timberwolves. <strong>Tim Connelly<\/strong> <a href=\"https:\/\/www.startribune.com\/takeaways-minnesota-timberwolves-chris-hine-tim-connelly-anthony-edwards-chris-finch\/601364127\" class=\"trk-cta-link\" data-cta-trk='{\"ctaType\":\"Link\",\"ctaSubType\":\"main\"}'>s&rsquo;est ainsi exprim&eacute;<\/a> lundi sur le cas de la superstar de Minnesota.<\/p><p>&laquo;&nbsp;Le meilleur compliment qu&rsquo;on puisse lui faire c&rsquo;est de souligner ses nombreux succ&egrave;s au regard de son jeune &acirc;ge. Qui plus est dans une franchise qui n&rsquo;a pas souvent connu la victoire jusqu&rsquo;ici.&nbsp;&raquo;<\/p><p>Avant de poursuivre, mesurant le chemin parcouru par <a href=\"https:\/\/www.basketball-reference.com\/players\/e\/edwaran01.html\" target=\"_blank\" rel=\"noreferrer noopener\" class=\"trk-cta-link\" data-cta-trk='{\"ctaType\":\"Link\",\"ctaSubType\":\"main\"}'>Anthony Edwards<\/a>.<\/p><p>Les progr&egrave;s qu&rsquo;il a r&eacute;alis&eacute; cette saison&hellip;. Je pense sinc&egrave;rement qu&rsquo;il n&rsquo;a aucune limite. Et qu&rsquo;il deviendra l&rsquo;un des meilleurs joueurs de tous les temps. Nous sommes convaincus qu&rsquo;il est sur cette voie-l&agrave;.<\/p><div class=\"related-slider related-slider--loading\">\n    <div class=\"related-slider__header\">\n        <div class=\"related-slider__header__title\">Vous aimerez aussi<\/div>\n        <div class=\"related-slider__header__buttons\">\n            <div class=\"swiper-button-prev\"><\/div>\n            <div class=\"swiper-button-next\"><\/div>\n        <\/div>\n    <\/div>\n    <div class=\"swiper-container\">\n        <div class=\"swiper-wrapper\">\n                            <div class=\"swiper-slide\">\n                    <a class=\"related-slider-card  trk-cta-img\" href=\"https:\/\/theplayoffs.news\/fr\/actualite-nba\/resultats-nba-18-12-les-mavs-douchent-les-pistons-maxime-raynaud-superstar\/\" title=\"R&eacute;sultats NBA (18\/12): les Mavs douchent les Pistons, Maxime Raynaud superstar !\" data-cta-trk='{\"ctaType\":\"Image\",\"ctaSubType\":\"main\"}'>\n    <div class=\"related-slider-card__image\">\n        <img loading=\"lazy\" decoding=\"async\" width=\"600\" height=\"400\" src=\"https:\/\/theplayoffs.news\/fr\/wp-content\/uploads\/2025\/12\/USATSI_27848729_168402440_lowres-600x400.jpg\" class=\"attachment-medium size-medium wp-post-image\" alt=\"NBA Cooper Flagg Nikola Jokic Maxime Raynaud Cade Cunningham\" srcset=\"https:\/\/theplayoffs.news\/fr\/wp-content\/uploads\/2025\/12\/USATSI_27848729_168402440_lowres-600x400.jpg 600w, https:\/\/theplayoffs.news\/fr\/wp-content\/uploads\/2025\/12\/USATSI_27848729_168402440_lowres-1200x800.jpg 1200w, https:\/\/theplayoffs.news\/fr\/wp-content\/uploads\/2025\/12\/USATSI_27848729_168402440_lowres-768x512.jpg 768w, https:\/\/theplayoffs.news\/fr\/wp-content\/uploads\/2025\/12\/USATSI_27848729_168402440_lowres-1536x1024.jpg 1536w, https:\/\/theplayoffs.news\/fr\/wp-content\/uploads\/2025\/12\/USATSI_27848729_168402440_lowres-1320x880.jpg 1320w, https:\/\/theplayoffs.news\/fr\/wp-content\/uploads\/2025\/12\/USATSI_27848729_168402440_lowres.jpg 1920w\" sizes=\"auto, (max-width: 600px) 100vw, 600px\">\n                            <\/div>\n    <div class=\"related-slider-card__content\">\n        <div class=\"related-slider-card__content__tags\">\n                            <div class=\"related-slider-card__content__tags__category\">\n                    Actualit&eacute; NBA\n                <\/div>\n                        <div class=\"related-slider-card__content__tags__date\" data-dynamic-date=\"2025-12-19T09:45:57+01:00\">\n                19 d&eacute;cembre 2025\n            <\/div>\n        <\/div>\n        <div class=\"related-slider-card__content__title\">\n            R&eacute;sultats NBA (18\/12): les Mavs douchent les Pistons, Maxime Raynaud superstar !\n        <\/div>\n                    <div class=\"related-slider-card__content__read-more\">\n                Voir plus\n                <i>\n                    <svg width=\"17\" height=\"15\" viewbox=\"0 0 17 15\" fill=\"none\" xmlns=\"http:\/\/www.w3.org\/2000\/svg\">\n<path d=\"M1 6.5C0.447715 6.5 0 6.94772 0 7.5C0 8.05228 0.447715 8.5 1 8.5V6.5ZM16.7071 8.20711C17.0976 7.81658 17.0976 7.18342 16.7071 6.79289L10.3431 0.428932C9.95262 0.0384078 9.31946 0.0384078 8.92893 0.428932C8.53841 0.819457 8.53841 1.45262 8.92893 1.84315L14.5858 7.5L8.92893 13.1569C8.53841 13.5474 8.53841 14.1805 8.92893 14.5711C9.31946 14.9616 9.95262 14.9616 10.3431 14.5711L16.7071 8.20711ZM1 7.5V8.5H8.5V7.5V6.5H1V7.5ZM8.5 7.5V8.5H16V7.5V6.5H8.5V7.5Z\" fill=\"white\"><\/path>\n<\/svg>\n\n                <\/i>\n            <\/div>\n            <\/div>\n<\/a>\n\n                <\/div>\n                            <div class=\"swiper-slide\">\n                    <a class=\"related-slider-card  trk-cta-img\" href=\"https:\/\/theplayoffs.news\/fr\/actualite-nba\/resultats-nba-17-12-chicago-enfonce-les-cavs-memphis-en-patron-dans-le-minnesota\/\" title=\"R&eacute;sultats NBA (17\/12): Chicago enfonce les Cavs, Memphis en patron dans le Minnesota !\" data-cta-trk='{\"ctaType\":\"Image\",\"ctaSubType\":\"main\"}'>\n    <div class=\"related-slider-card__image\">\n        <img loading=\"lazy\" decoding=\"async\" width=\"600\" height=\"400\" src=\"https:\/\/theplayoffs.news\/fr\/wp-content\/uploads\/2025\/12\/USATSI_27840419_168402440_lowres-600x400.jpg\" class=\"attachment-medium size-medium wp-post-image\" alt=\"NBA Minnesota Timberwolves Ja Morant Anthony Edwards Rudy Gobert Julius Randle Josh Giddey\" srcset=\"https:\/\/theplayoffs.news\/fr\/wp-content\/uploads\/2025\/12\/USATSI_27840419_168402440_lowres-600x400.jpg 600w, https:\/\/theplayoffs.news\/fr\/wp-content\/uploads\/2025\/12\/USATSI_27840419_168402440_lowres-1200x799.jpg 1200w, https:\/\/theplayoffs.news\/fr\/wp-content\/uploads\/2025\/12\/USATSI_27840419_168402440_lowres-768x512.jpg 768w, https:\/\/theplayoffs.news\/fr\/wp-content\/uploads\/2025\/12\/USATSI_27840419_168402440_lowres-1536x1023.jpg 1536w, https:\/\/theplayoffs.news\/fr\/wp-content\/uploads\/2025\/12\/USATSI_27840419_168402440_lowres-1320x879.jpg 1320w, https:\/\/theplayoffs.news\/fr\/wp-content\/uploads\/2025\/12\/USATSI_27840419_168402440_lowres.jpg 1920w\" sizes=\"auto, (max-width: 600px) 100vw, 600px\">\n                            <\/div>\n    <div class=\"related-slider-card__content\">\n        <div class=\"related-slider-card__content__tags\">\n                            <div class=\"related-slider-card__content__tags__category\">\n                    Actualit&eacute; NBA\n                <\/div>\n                        <div class=\"related-slider-card__content__tags__date\" data-dynamic-date=\"2025-12-18T14:27:38+01:00\">\n                18 d&eacute;cembre 2025\n            <\/div>\n        <\/div>\n        <div class=\"related-slider-card__content__title\">\n            R&eacute;sultats NBA (17\/12): Chicago enfonce les Cavs, Memphis en patron dans le Minnesota !\n        <\/div>\n                    <div class=\"related-slider-card__content__read-more\">\n                Voir plus\n                <i>\n                    <svg width=\"17\" height=\"15\" viewbox=\"0 0 17 15\" fill=\"none\" xmlns=\"http:\/\/www.w3.org\/2000\/svg\">\n<path d=\"M1 6.5C0.447715 6.5 0 6.94772 0 7.5C0 8.05228 0.447715 8.5 1 8.5V6.5ZM16.7071 8.20711C17.0976 7.81658 17.0976 7.18342 16.7071 6.79289L10.3431 0.428932C9.95262 0.0384078 9.31946 0.0384078 8.92893 0.428932C8.53841 0.819457 8.53841 1.45262 8.92893 1.84315L14.5858 7.5L8.92893 13.1569C8.53841 13.5474 8.53841 14.1805 8.92893 14.5711C9.31946 14.9616 9.95262 14.9616 10.3431 14.5711L16.7071 8.20711ZM1 7.5V8.5H8.5V7.5V6.5H1V7.5ZM8.5 7.5V8.5H16V7.5V6.5H8.5V7.5Z\" fill=\"white\"><\/path>\n<\/svg>\n\n                <\/i>\n            <\/div>\n            <\/div>\n<\/a>\n\n                <\/div>\n                            <div class=\"swiper-slide\">\n                    <a class=\"related-slider-card  trk-cta-img\" href=\"https:\/\/theplayoffs.news\/fr\/actualite-nba\/resultats-nba-cup-16-12-jalen-brunson-mvp-les-knicks-soffrent-un-premier-trophee-depuis-1973\/\" title=\"R&eacute;sultats NBA Cup (16\/12): Jalen Brunson MVP, les Knicks s&rsquo;offrent un premier troph&eacute;e depuis 1973 !\" data-cta-trk='{\"ctaType\":\"Image\",\"ctaSubType\":\"main\"}'>\n    <div class=\"related-slider-card__image\">\n        <img loading=\"lazy\" decoding=\"async\" width=\"600\" height=\"450\" src=\"https:\/\/theplayoffs.news\/fr\/wp-content\/uploads\/2025\/12\/USATSI_27835319_168402440_lowres-600x450.jpg\" class=\"attachment-medium size-medium wp-post-image\" alt=\"Jalen Brunson Victor Wembanyama Knicks Spurs NBA Cup\" srcset=\"https:\/\/theplayoffs.news\/fr\/wp-content\/uploads\/2025\/12\/USATSI_27835319_168402440_lowres-600x450.jpg 600w, https:\/\/theplayoffs.news\/fr\/wp-content\/uploads\/2025\/12\/USATSI_27835319_168402440_lowres-1200x900.jpg 1200w, https:\/\/theplayoffs.news\/fr\/wp-content\/uploads\/2025\/12\/USATSI_27835319_168402440_lowres-768x576.jpg 768w, https:\/\/theplayoffs.news\/fr\/wp-content\/uploads\/2025\/12\/USATSI_27835319_168402440_lowres-1536x1152.jpg 1536w, https:\/\/theplayoffs.news\/fr\/wp-content\/uploads\/2025\/12\/USATSI_27835319_168402440_lowres-1320x990.jpg 1320w, https:\/\/theplayoffs.news\/fr\/wp-content\/uploads\/2025\/12\/USATSI_27835319_168402440_lowres.jpg 1920w\" sizes=\"auto, (max-width: 600px) 100vw, 600px\">\n                            <\/div>\n    <div class=\"related-slider-card__content\">\n        <div class=\"related-slider-card__content__tags\">\n                            <div class=\"related-slider-card__content__tags__category\">\n                    Actualit&eacute; NBA\n                <\/div>\n                        <div class=\"related-slider-card__content__tags__date\" data-dynamic-date=\"2025-12-17T09:44:05+01:00\">\n                17 d&eacute;cembre 2025\n            <\/div>\n        <\/div>\n        <div class=\"related-slider-card__content__title\">\n            R&eacute;sultats NBA Cup (16\/12): Jalen Brunson MVP, les Knicks s&rsquo;offrent un premier troph&eacute;e depuis 1973 !\n        <\/div>\n                    <div class=\"related-slider-card__content__read-more\">\n                Voir plus\n                <i>\n                    <svg width=\"17\" height=\"15\" viewbox=\"0 0 17 15\" fill=\"none\" xmlns=\"http:\/\/www.w3.org\/2000\/svg\">\n<path d=\"M1 6.5C0.447715 6.5 0 6.94772 0 7.5C0 8.05228 0.447715 8.5 1 8.5V6.5ZM16.7071 8.20711C17.0976 7.81658 17.0976 7.18342 16.7071 6.79289L10.3431 0.428932C9.95262 0.0384078 9.31946 0.0384078 8.92893 0.428932C8.53841 0.819457 8.53841 1.45262 8.92893 1.84315L14.5858 7.5L8.92893 13.1569C8.53841 13.5474 8.53841 14.1805 8.92893 14.5711C9.31946 14.9616 9.95262 14.9616 10.3431 14.5711L16.7071 8.20711ZM1 7.5V8.5H8.5V7.5V6.5H1V7.5ZM8.5 7.5V8.5H16V7.5V6.5H8.5V7.5Z\" fill=\"white\"><\/path>\n<\/svg>\n\n                <\/i>\n            <\/div>\n            <\/div>\n<\/a>\n\n                <\/div>\n                            <div class=\"swiper-slide\">\n                    <a class=\"related-slider-card  trk-cta-img\" href=\"https:\/\/theplayoffs.news\/fr\/actualite-nba\/pour-deaaron-fox-lherbe-est-plus-verte-a-san-antonio\/\" title=\"Pour De&rsquo;Aaron Fox, &laquo;&nbsp;l&rsquo;herbe est plus verte&nbsp;&raquo; &agrave; San Antonio\" data-cta-trk='{\"ctaType\":\"Image\",\"ctaSubType\":\"main\"}'>\n    <div class=\"related-slider-card__image\">\n        <img loading=\"lazy\" decoding=\"async\" width=\"600\" height=\"400\" src=\"https:\/\/theplayoffs.news\/fr\/wp-content\/uploads\/2025\/12\/USATSI_27813133_168402440_lowres-600x400.jpg\" class=\"attachment-medium size-medium wp-post-image\" alt=\"NBA De'Aaron Fox Victor Wembanyama Spurs Knicks\" srcset=\"https:\/\/theplayoffs.news\/fr\/wp-content\/uploads\/2025\/12\/USATSI_27813133_168402440_lowres-600x400.jpg 600w, https:\/\/theplayoffs.news\/fr\/wp-content\/uploads\/2025\/12\/USATSI_27813133_168402440_lowres-1200x800.jpg 1200w, https:\/\/theplayoffs.news\/fr\/wp-content\/uploads\/2025\/12\/USATSI_27813133_168402440_lowres-768x512.jpg 768w, https:\/\/theplayoffs.news\/fr\/wp-content\/uploads\/2025\/12\/USATSI_27813133_168402440_lowres-1536x1024.jpg 1536w, https:\/\/theplayoffs.news\/fr\/wp-content\/uploads\/2025\/12\/USATSI_27813133_168402440_lowres-1320x880.jpg 1320w, https:\/\/theplayoffs.news\/fr\/wp-content\/uploads\/2025\/12\/USATSI_27813133_168402440_lowres.jpg 1920w\" sizes=\"auto, (max-width: 600px) 100vw, 600px\">\n                            <\/div>\n    <div class=\"related-slider-card__content\">\n        <div class=\"related-slider-card__content__tags\">\n                            <div class=\"related-slider-card__content__tags__category\">\n                    Actualit&eacute; NBA\n                <\/div>\n                        <div class=\"related-slider-card__content__tags__date\" data-dynamic-date=\"2025-12-16T12:47:20+01:00\">\n                16 d&eacute;cembre 2025\n            <\/div>\n        <\/div>\n        <div class=\"related-slider-card__content__title\">\n            Pour De&rsquo;Aaron Fox, &laquo;&nbsp;l&rsquo;herbe est plus verte&nbsp;&raquo; &agrave; San Antonio\n        <\/div>\n                    <div class=\"related-slider-card__content__read-more\">\n                Voir plus\n                <i>\n                    <svg width=\"17\" height=\"15\" viewbox=\"0 0 17 15\" fill=\"none\" xmlns=\"http:\/\/www.w3.org\/2000\/svg\">\n<path d=\"M1 6.5C0.447715 6.5 0 6.94772 0 7.5C0 8.05228 0.447715 8.5 1 8.5V6.5ZM16.7071 8.20711C17.0976 7.81658 17.0976 7.18342 16.7071 6.79289L10.3431 0.428932C9.95262 0.0384078 9.31946 0.0384078 8.92893 0.428932C8.53841 0.819457 8.53841 1.45262 8.92893 1.84315L14.5858 7.5L8.92893 13.1569C8.53841 13.5474 8.53841 14.1805 8.92893 14.5711C9.31946 14.9616 9.95262 14.9616 10.3431 14.5711L16.7071 8.20711ZM1 7.5V8.5H8.5V7.5V6.5H1V7.5ZM8.5 7.5V8.5H16V7.5V6.5H8.5V7.5Z\" fill=\"white\"><\/path>\n<\/svg>\n\n                <\/i>\n            <\/div>\n            <\/div>\n<\/a>\n\n                <\/div>\n                    <\/div>\n    <\/div>\n<\/div><p>Pass&eacute; le temps des &eacute;loges, <strong>Tim Connelly<\/strong> prenait le temps d&rsquo;adresser un petit message au 1er choix de la Draft 2020, &eacute;voquant le d&eacute;fi &agrave; venir pour Edwards et la philosophie de jeu souhait&eacute;e pour l&rsquo;avenir.<\/p><p>Cet &eacute;t&eacute; sera d&rsquo;autant plus challenging pour lui que nos attentes seront plus &eacute;lev&eacute;es, individuellement et collectivement. Sa capacit&eacute; &agrave; &ecirc;tre impactant en attaque comme en d&eacute;fense nous oblige &agrave; jouer des deux c&ocirc;t&eacute;s du terrain.<\/p><p>13&egrave;me attaque et 5&egrave;me d&eacute;fense de la ligue cette saison, Minnesota entend donc progresser &agrave; tous les niveaux l&rsquo;an prochain. Et redevenir la citadelle imprenable qu&rsquo;elle &eacute;tait en 2023-2024 (106,5 points encaiss&eacute;s en moyenne, N&deg;1 en <a href=\"https:\/\/theplayoffs.news\/fr\/category\/sports\/basketball-sports\/nba\/\" target=\"_blank\" rel=\"noreferrer noopener\" class=\"trk-cta-link\" data-cta-trk='{\"ctaType\":\"Link\",\"ctaSubType\":\"main\"}'>NBA<\/a>). Un d&eacute;fi ambitieux pour les co&eacute;quipiers de <strong>Rudy Gobert<\/strong>. A la mesure d&rsquo;Anthony Edwards.<\/p><p>Credit : &copy; Alonzo Adams-Imagn Images<\/p>\n","protected":false},"excerpt":{"rendered":"","protected":false},"author":180310263,"featured_media":1493238,"comment_status":"closed","ping_status":"closed","sticky":false,"template":"","format":"standard","meta":{"inline_featured_image":false,"kia_subtitle":"","_mux_skip_reasons":[],"proofreadBy":0,"footnotes":""},"categories":[110],"tags":[925,856,23,516,8037,2718],"sport":[2783],"saison":[],"class_list":["post-1493235","post","type-post","status-publish","format-standard","has-post-thumbnail","hentry","category-actualite-nba","tag-anthony-edwards","tag-minnesota-timberwolves","tag-nba-tag","tag-rudy-gobert","tag-shai-gilgeous-alexander-2","tag-tim-connelly","sport-nba"],"acf":[],"yoast_head":"<!-- This site is optimized with the Yoast SEO plugin v24.2 - https:\/\/yoast.com\/wordpress\/plugins\/seo\/ -->\n<title>Anthony Edwards encens&eacute; par son pr&eacute;sident : &quot;il n&#039;a aucune limite&quot;<\/title>\n<meta name=\"description\" content=\"L&#039;heure &eacute;tait au bilan lundi dans le Minnesota apr&egrave;s un nouvel exercice convaincant. Gr&acirc;ce notamment aux exploits d&#039;Anthony Edwards.\" \/>\n<meta name=\"robots\" content=\"index, follow, max-snippet:-1, max-image-preview:large, max-video-preview:-1\" \/>\n<link rel=\"canonical\" href=\"https:\/\/theplayoffs.news\/fr\/actualite-nba\/anthony-edwards-encense-par-son-president-il-na-aucune-limite\/\" \/>\n<meta property=\"og:locale\" content=\"fr_FR\" \/>\n<meta property=\"og:type\" content=\"article\" \/>\n<meta property=\"og:title\" content=\"Anthony Edwards encens&eacute; par son pr&eacute;sident : &quot;il n&#039;a aucune limite&quot;\" \/>\n<meta property=\"og:description\" content=\"L&#039;heure &eacute;tait au bilan lundi dans le Minnesota apr&egrave;s un nouvel exercice convaincant. Gr&acirc;ce notamment aux exploits d&#039;Anthony Edwards.\" \/>\n<meta property=\"og:url\" content=\"https:\/\/theplayoffs.news\/fr\/actualite-nba\/anthony-edwards-encense-par-son-president-il-na-aucune-limite\/\" \/>\n<meta property=\"og:site_name\" content=\"The Playoffs FR\" \/>\n<meta property=\"article:publisher\" content=\"https:\/\/www.facebook.com\/TheFreeAgentFR\/\" \/>\n<meta property=\"article:modified_time\" content=\"2025-06-03T11:25:02+02:00\" \/>\n<meta property=\"og:image\" content=\"https:\/\/theplayoffs.news\/fr\/wp-content\/uploads\/2025\/06\/USATSI_26258584_168402440_lowres.jpg\" \/>\n\t<meta property=\"og:image:width\" content=\"1920\" \/>\n\t<meta property=\"og:image:height\" content=\"1257\" \/>\n\t<meta property=\"og:image:type\" content=\"image\/jpeg\" \/>\n<meta name=\"author\" content=\"Maxime Bodilis\" \/>\n<meta name=\"twitter:card\" content=\"summary_large_image\" \/>\n<meta name=\"twitter:creator\" content=\"@TheFreeAgentFR\" \/>\n<meta name=\"twitter:site\" content=\"@TheFreeAgentFR\" \/>\n<meta name=\"twitter:label1\" content=\"\u00c9crit par\" \/>\n\t<meta name=\"twitter:data1\" content=\"Maxime Bodilis\" \/>\n\t<meta name=\"twitter:label2\" content=\"Dur\u00e9e de lecture estim\u00e9e\" \/>\n\t<meta name=\"twitter:data2\" content=\"2 minutes\" \/>\n<script type=\"application\/ld+json\" class=\"yoast-schema-graph\">{\"@context\":\"https:\/\/schema.org\",\"@graph\":[{\"@type\":\"WebPage\",\"@id\":\"https:\/\/theplayoffs.news\/fr\/actualite-nba\/anthony-edwards-encense-par-son-president-il-na-aucune-limite\/\",\"url\":\"https:\/\/theplayoffs.news\/fr\/actualite-nba\/anthony-edwards-encense-par-son-president-il-na-aucune-limite\/\",\"name\":\"Anthony Edwards encens\u00e9 par son pr\u00e9sident : \\\\\\\"il n\\\\'a aucune limite\\\\\\\"\",\"isPartOf\":{\"@id\":\"https:\/\/theplayoffs.news\/fr\/#website\"},\"primaryImageOfPage\":{\"@id\":\"https:\/\/theplayoffs.news\/fr\/actualite-nba\/anthony-edwards-encense-par-son-president-il-na-aucune-limite\/#primaryimage\"},\"image\":{\"@id\":\"https:\/\/theplayoffs.news\/fr\/actualite-nba\/anthony-edwards-encense-par-son-president-il-na-aucune-limite\/#primaryimage\"},\"thumbnailUrl\":\"https:\/\/theplayoffs.news\/fr\/wp-content\/uploads\/2025\/06\/USATSI_26258584_168402440_lowres.jpg\",\"datePublished\":\"2025-06-03T09:24:56+00:00\",\"dateModified\":\"2025-06-03T09:25:02+00:00\",\"author\":{\"@id\":\"https:\/\/theplayoffs.news\/fr\/#\/schema\/person\/d871768c70a3f830131ee72b74bbd11d\"},\"description\":\"L\\\\'heure \u00e9tait au bilan lundi dans le Minnesota apr\u00e8s un nouvel exercice convaincant. Gr\u00e2ce notamment aux exploits d\\\\'Anthony Edwards.\",\"breadcrumb\":{\"@id\":\"https:\/\/theplayoffs.news\/fr\/actualite-nba\/anthony-edwards-encense-par-son-president-il-na-aucune-limite\/#breadcrumb\"},\"inLanguage\":\"fr-FR\",\"potentialAction\":[{\"@type\":\"ReadAction\",\"target\":[\"https:\/\/theplayoffs.news\/fr\/actualite-nba\/anthony-edwards-encense-par-son-president-il-na-aucune-limite\/\"]}]},{\"@type\":\"ImageObject\",\"inLanguage\":\"fr-FR\",\"@id\":\"https:\/\/theplayoffs.news\/fr\/actualite-nba\/anthony-edwards-encense-par-son-president-il-na-aucune-limite\/#primaryimage\",\"url\":\"https:\/\/theplayoffs.news\/fr\/wp-content\/uploads\/2025\/06\/USATSI_26258584_168402440_lowres.jpg\",\"contentUrl\":\"https:\/\/theplayoffs.news\/fr\/wp-content\/uploads\/2025\/06\/USATSI_26258584_168402440_lowres.jpg\",\"width\":1920,\"height\":1257,\"caption\":\"Anthony Edwards NBA\"},{\"@type\":\"BreadcrumbList\",\"@id\":\"https:\/\/theplayoffs.news\/fr\/actualite-nba\/anthony-edwards-encense-par-son-president-il-na-aucune-limite\/#breadcrumb\",\"itemListElement\":[{\"@type\":\"ListItem\",\"position\":1,\"name\":\"Accueil\",\"item\":\"https:\/\/theplayoffs.news\/fr\/\"},{\"@type\":\"ListItem\",\"position\":2,\"name\":\"Anthony Edwards encens\u00e9 par son pr\u00e9sident : \u00ab\u00a0il n&rsquo;a aucune limite\u00a0\u00bb\"}]},{\"@type\":\"WebSite\",\"@id\":\"https:\/\/theplayoffs.news\/fr\/#website\",\"url\":\"https:\/\/theplayoffs.news\/fr\/\",\"name\":\"The Playoffs FR\",\"description\":\"NBA-NFL-NHL-MLB\",\"potentialAction\":[{\"@type\":\"SearchAction\",\"target\":{\"@type\":\"EntryPoint\",\"urlTemplate\":\"https:\/\/theplayoffs.news\/fr\/?s={search_term_string}\"},\"query-input\":{\"@type\":\"PropertyValueSpecification\",\"valueRequired\":true,\"valueName\":\"search_term_string\"}}],\"inLanguage\":\"fr-FR\"},{\"@type\":\"Person\",\"@id\":\"https:\/\/theplayoffs.news\/fr\/#\/schema\/person\/d871768c70a3f830131ee72b74bbd11d\",\"name\":\"Maxime Bodilis\",\"image\":{\"@type\":\"ImageObject\",\"inLanguage\":\"fr-FR\",\"@id\":\"https:\/\/theplayoffs.news\/fr\/#\/schema\/person\/image\/\",\"url\":\"https:\/\/secure.gravatar.com\/avatar\/5e151acde6515a05571e0035bf803336362ba4f5e565dba89323f14d014ea180?s=96&d=mm&r=g\",\"contentUrl\":\"https:\/\/secure.gravatar.com\/avatar\/5e151acde6515a05571e0035bf803336362ba4f5e565dba89323f14d014ea180?s=96&d=mm&r=g\",\"caption\":\"Maxime Bodilis\"},\"description\":\"R\u00e9dac\\\\' Chef \u00ab Basket \u00bb charg\u00e9 de la qualit\u00e9 des contenus et du respect de notre ligne \u00e9ditoriale. Ancien joueur de la SIG Strasbourg reconverti dans le journalisme. Pass\u00e9 par les centres de formation BeBasket, Reverse et Skweek avant de rejoindre The Playoffs. Biberonn\u00e9 aux dunks de Shawn Kemp et aux duels Pau-Limoges. Fan inconditionnel de Damian Lillard et Laurent Sciarra. Les highlights de Wemby illuminent mes journ\u00e9es. Et le shoot de Diamantidis continue de hanter mes nuits.\",\"sameAs\":[\"https:\/\/www.linkedin.com\/in\/maxime-bodilis-766a04153\/\"],\"url\":\"https:\/\/theplayoffs.news\/fr\/author\/maximebodilis\/\"}]}<\/script>\n<!-- \/ Yoast SEO plugin. -->","yoast_head_json":{"title":"Anthony Edwards encens&eacute; par son pr&eacute;sident : &quot;il n&#039;a aucune limite&quot;","description":"L&#039;heure &eacute;tait au bilan lundi dans le Minnesota apr&egrave;s un nouvel exercice convaincant. Gr&acirc;ce notamment aux exploits d&#039;Anthony Edwards.","robots":{"index":"index","follow":"follow","max-snippet":"max-snippet:-1","max-image-preview":"max-image-preview:large","max-video-preview":"max-video-preview:-1"},"canonical":"https:\/\/theplayoffs.news\/fr\/actualite-nba\/anthony-edwards-encense-par-son-president-il-na-aucune-limite\/","og_locale":"fr_FR","og_type":"article","og_title":"Anthony Edwards encens&eacute; par son pr&eacute;sident : &quot;il n&#039;a aucune limite&quot;","og_description":"L&#039;heure &eacute;tait au bilan lundi dans le Minnesota apr&egrave;s un nouvel exercice convaincant. Gr&acirc;ce notamment aux exploits d&#039;Anthony Edwards.","og_url":"https:\/\/theplayoffs.news\/fr\/actualite-nba\/anthony-edwards-encense-par-son-president-il-na-aucune-limite\/","og_site_name":"The Playoffs FR","article_publisher":"https:\/\/www.facebook.com\/TheFreeAgentFR\/","article_modified_time":"2025-06-03T09:25:02+00:00","og_image":[{"width":1920,"height":1257,"url":"https:\/\/theplayoffs.news\/fr\/wp-content\/uploads\/2025\/06\/USATSI_26258584_168402440_lowres.jpg","type":"image\/jpeg"}],"author":"Maxime Bodilis","twitter_card":"summary_large_image","twitter_creator":"@TheFreeAgentFR","twitter_site":"@TheFreeAgentFR","twitter_misc":{"\u00c9crit par":"Maxime Bodilis","Dur\u00e9e de lecture estim\u00e9e":"2 minutes"},"schema":{"@context":"https:\/\/schema.org","@graph":[{"@type":"WebPage","@id":"https:\/\/theplayoffs.news\/fr\/actualite-nba\/anthony-edwards-encense-par-son-president-il-na-aucune-limite\/","url":"https:\/\/theplayoffs.news\/fr\/actualite-nba\/anthony-edwards-encense-par-son-president-il-na-aucune-limite\/","name":"Anthony Edwards encens\u00e9 par son pr\u00e9sident : \\\"il n\\'a aucune limite\\\"","isPartOf":{"@id":"https:\/\/theplayoffs.news\/fr\/#website"},"primaryImageOfPage":{"@id":"https:\/\/theplayoffs.news\/fr\/actualite-nba\/anthony-edwards-encense-par-son-president-il-na-aucune-limite\/#primaryimage"},"image":{"@id":"https:\/\/theplayoffs.news\/fr\/actualite-nba\/anthony-edwards-encense-par-son-president-il-na-aucune-limite\/#primaryimage"},"thumbnailUrl":"https:\/\/theplayoffs.news\/fr\/wp-content\/uploads\/2025\/06\/USATSI_26258584_168402440_lowres.jpg","datePublished":"2025-06-03T09:24:56+00:00","dateModified":"2025-06-03T09:25:02+00:00","author":{"@id":"https:\/\/theplayoffs.news\/fr\/#\/schema\/person\/d871768c70a3f830131ee72b74bbd11d"},"description":"L\\'heure \u00e9tait au bilan lundi dans le Minnesota apr\u00e8s un nouvel exercice convaincant. Gr\u00e2ce notamment aux exploits d\\'Anthony Edwards.","breadcrumb":{"@id":"https:\/\/theplayoffs.news\/fr\/actualite-nba\/anthony-edwards-encense-par-son-president-il-na-aucune-limite\/#breadcrumb"},"inLanguage":"fr-FR","potentialAction":[{"@type":"ReadAction","target":["https:\/\/theplayoffs.news\/fr\/actualite-nba\/anthony-edwards-encense-par-son-president-il-na-aucune-limite\/"]}]},{"@type":"ImageObject","inLanguage":"fr-FR","@id":"https:\/\/theplayoffs.news\/fr\/actualite-nba\/anthony-edwards-encense-par-son-president-il-na-aucune-limite\/#primaryimage","url":"https:\/\/theplayoffs.news\/fr\/wp-content\/uploads\/2025\/06\/USATSI_26258584_168402440_lowres.jpg","contentUrl":"https:\/\/theplayoffs.news\/fr\/wp-content\/uploads\/2025\/06\/USATSI_26258584_168402440_lowres.jpg","width":1920,"height":1257,"caption":"Anthony Edwards NBA"},{"@type":"BreadcrumbList","@id":"https:\/\/theplayoffs.news\/fr\/actualite-nba\/anthony-edwards-encense-par-son-president-il-na-aucune-limite\/#breadcrumb","itemListElement":[{"@type":"ListItem","position":1,"name":"Accueil","item":"https:\/\/theplayoffs.news\/fr\/"},{"@type":"ListItem","position":2,"name":"Anthony Edwards encens\u00e9 par son pr\u00e9sident : \u00ab\u00a0il n&rsquo;a aucune limite\u00a0\u00bb"}]},{"@type":"WebSite","@id":"https:\/\/theplayoffs.news\/fr\/#website","url":"https:\/\/theplayoffs.news\/fr\/","name":"The Playoffs FR","description":"NBA-NFL-NHL-MLB","potentialAction":[{"@type":"SearchAction","target":{"@type":"EntryPoint","urlTemplate":"https:\/\/theplayoffs.news\/fr\/?s={search_term_string}"},"query-input":{"@type":"PropertyValueSpecification","valueRequired":true,"valueName":"search_term_string"}}],"inLanguage":"fr-FR"},{"@type":"Person","@id":"https:\/\/theplayoffs.news\/fr\/#\/schema\/person\/d871768c70a3f830131ee72b74bbd11d","name":"Maxime Bodilis","image":{"@type":"ImageObject","inLanguage":"fr-FR","@id":"https:\/\/theplayoffs.news\/fr\/#\/schema\/person\/image\/","url":"https:\/\/secure.gravatar.com\/avatar\/5e151acde6515a05571e0035bf803336362ba4f5e565dba89323f14d014ea180?s=96&d=mm&r=g","contentUrl":"https:\/\/secure.gravatar.com\/avatar\/5e151acde6515a05571e0035bf803336362ba4f5e565dba89323f14d014ea180?s=96&d=mm&r=g","caption":"Maxime Bodilis"},"description":"R\u00e9dac\\' Chef \u00ab Basket \u00bb charg\u00e9 de la qualit\u00e9 des contenus et du respect de notre ligne \u00e9ditoriale. Ancien joueur de la SIG Strasbourg reconverti dans le journalisme. Pass\u00e9 par les centres de formation BeBasket, Reverse et Skweek avant de rejoindre The Playoffs. Biberonn\u00e9 aux dunks de Shawn Kemp et aux duels Pau-Limoges. Fan inconditionnel de Damian Lillard et Laurent Sciarra. Les highlights de Wemby illuminent mes journ\u00e9es. Et le shoot de Diamantidis continue de hanter mes nuits.","sameAs":["https:\/\/www.linkedin.com\/in\/maxime-bodilis-766a04153\/"],"url":"https:\/\/theplayoffs.news\/fr\/author\/maximebodilis\/"}]}},"_links":{"self":[{"href":"https:\/\/theplayoffs.news\/fr\/wp-json\/wp\/v2\/posts\/1493235","targetHints":{"allow":["GET"]}}],"collection":[{"href":"https:\/\/theplayoffs.news\/fr\/wp-json\/wp\/v2\/posts"}],"about":[{"href":"https:\/\/theplayoffs.news\/fr\/wp-json\/wp\/v2\/types\/post"}],"author":[{"embeddable":true,"href":"https:\/\/theplayoffs.news\/fr\/wp-json\/wp\/v2\/users\/180310263"}],"replies":[{"embeddable":true,"href":"https:\/\/theplayoffs.news\/fr\/wp-json\/wp\/v2\/comments?post=1493235"}],"version-history":[{"count":1,"href":"https:\/\/theplayoffs.news\/fr\/wp-json\/wp\/v2\/posts\/1493235\/revisions"}],"predecessor-version":[{"id":1493239,"href":"https:\/\/theplayoffs.news\/fr\/wp-json\/wp\/v2\/posts\/1493235\/revisions\/1493239"}],"wp:featuredmedia":[{"embeddable":true,"href":"https:\/\/theplayoffs.news\/fr\/wp-json\/wp\/v2\/media\/1493238"}],"wp:attachment":[{"href":"https:\/\/theplayoffs.news\/fr\/wp-json\/wp\/v2\/media?parent=1493235"}],"wp:term":[{"taxonomy":"category","embeddable":true,"href":"https:\/\/theplayoffs.news\/fr\/wp-json\/wp\/v2\/categories?post=1493235"},{"taxonomy":"post_tag","embeddable":true,"href":"https:\/\/theplayoffs.news\/fr\/wp-json\/wp\/v2\/tags?post=1493235"},{"taxonomy":"sport","embeddable":true,"href":"https:\/\/theplayoffs.news\/fr\/wp-json\/wp\/v2\/sport?post=1493235"},{"taxonomy":"saison","embeddable":true,"href":"https:\/\/theplayoffs.news\/fr\/wp-json\/wp\/v2\/saison?post=1493235"}],"curies":[{"name":"wp","href":"https:\/\/api.w.org\/{rel}","templated":true}]}}