{"id":1493164,"date":"2025-06-02T18:00:01","date_gmt":"2025-06-02T16:00:01","guid":{"rendered":"https:\/\/theplayoffs.news\/fr\/uncategorized\/\/"},"modified":"2025-06-02T18:00:07","modified_gmt":"2025-06-02T16:00:07","slug":"saquon-barkley-tete-daffiche-de-madden-26","status":"publish","type":"post","link":"https:\/\/theplayoffs.news\/fr\/actualite-nfl\/saquon-barkley-tete-daffiche-de-madden-26\/","title":{"rendered":"Saquon Barkley t\u00eate d\u2019affiche de Madden 26"},"content":{"rendered":"<p>Si ce privil&egrave;ge aurait pu revenir &agrave; Justin Jefferson, consid&eacute;r&eacute; comme le favori, c&rsquo;est finalement Saquon Barkley qui sera la t&ecirc;te d&rsquo;affiche du nouvel opus de Madden, le jeu vid&eacute;o officiel de la NFL d&eacute;velopp&eacute; par EA SPORTS.&nbsp;<\/p><p>La sortie mondiale du jeu est pr&eacute;vue pour le 14 ao&ucirc;t 2025, avec un acc&egrave;s anticip&eacute; de 3 jours d&egrave;s le 11 ao&ucirc;t pour ceux qui pr&eacute;commanderont l&rsquo;&eacute;dition Deluxe.&nbsp;<\/p><figure class=\"wp-block-embed is-type-rich is-provider-twitter wp-block-embed-twitter\"><div class=\"wp-block-embed__wrapper\">\n<blockquote class=\"twitter-tweet\" data-width=\"500\" data-dnt=\"true\"><p lang=\"en\" dir=\"ltr\">Saquon Barkley and his hurdle grace the cover of Madden 26 &#128293;&#129413; <a href=\"https:\/\/twitter.com\/EAMaddenNFL?ref_src=twsrc%5Etfw\" class=\"trk-cta-link\" data-cta-trk='{\"ctaType\":\"Link\",\"ctaSubType\":\"main\"}'>@EAMaddenNFL<\/a> <a href=\"https:\/\/t.co\/13v5alJK6S\" class=\"trk-cta-link\" data-cta-trk='{\"ctaType\":\"Link\",\"ctaSubType\":\"main\"}'>pic.twitter.com\/13v5alJK6S<\/a><\/p>&mdash; ESPN (@espn) <a href=\"https:\/\/twitter.com\/espn\/status\/1929551644393419181?ref_src=twsrc%5Etfw\" class=\"trk-cta-link\" data-cta-trk='{\"ctaType\":\"Link\",\"ctaSubType\":\"main\"}'>June 2, 2025<\/a><\/blockquote><script async src=\"https:\/\/platform.twitter.com\/widgets.js\" charset=\"utf-8\"><\/script>\n<\/div><\/figure><h2 class=\"wp-block-heading\">La performance en saison r&eacute;compens&eacute;e plut&ocirc;t que la notori&eacute;t&eacute;<\/h2><p>Apr&egrave;s Christian McCaffrey, star des 49ers en couverture de Madden 24, c&rsquo;est &agrave; nouveau un running back qui est mis &agrave; l&rsquo;honneur. Une juste r&eacute;compense pour Barkley, vainqueur du Super Bowl et Offensive Player of the Year la saison pass&eacute;e, un titre individuel qui aurait m&ecirc;me pu &ecirc;tre accompagn&eacute; du MVP.&nbsp;<\/p><figure class=\"wp-block-embed is-type-rich is-provider-twitter wp-block-embed-twitter\"><div class=\"wp-block-embed__wrapper\">\n<blockquote class=\"twitter-tweet\" data-width=\"500\" data-dnt=\"true\"><p lang=\"en\" dir=\"ltr\">Saquon Barkley and his hurdle grace the cover of Madden 26 &#128293;&#129413; <a href=\"https:\/\/twitter.com\/EAMaddenNFL?ref_src=twsrc%5Etfw\" class=\"trk-cta-link\" data-cta-trk='{\"ctaType\":\"Link\",\"ctaSubType\":\"main\"}'>@EAMaddenNFL<\/a> <a href=\"https:\/\/t.co\/13v5alJK6S\" class=\"trk-cta-link\" data-cta-trk='{\"ctaType\":\"Link\",\"ctaSubType\":\"main\"}'>pic.twitter.com\/13v5alJK6S<\/a><\/p>&mdash; ESPN (@espn) <a href=\"https:\/\/twitter.com\/espn\/status\/1929551644393419181?ref_src=twsrc%5Etfw\" class=\"trk-cta-link\" data-cta-trk='{\"ctaType\":\"Link\",\"ctaSubType\":\"main\"}'>June 2, 2025<\/a><\/blockquote><script async src=\"https:\/\/platform.twitter.com\/widgets.js\" charset=\"utf-8\"><\/script>\n<\/div><\/figure><p>De son c&ocirc;t&eacute;, Justin Jefferson reste l&rsquo;un des joueurs les plus populaires de la ligue, autant pour son talent que pour son charisme et sa pr&eacute;sence m&eacute;diatique. Mais comme l&rsquo;an pass&eacute;, o&ugrave; Josh Allen avait &eacute;t&eacute; choisi, EA SPORTS a une nouvelle fois privil&eacute;gi&eacute; les performances sur le terrain plut&ocirc;t que la notori&eacute;t&eacute;.&nbsp;<\/p><p>La couverture du jeu est d&rsquo;ailleurs inspir&eacute;e de l&rsquo;une des <a href=\"https:\/\/twitter.com\/Eagles\/status\/1853191937022480891\" target=\"_blank\" rel=\"noreferrer noopener\" class=\"trk-cta-link\" data-cta-trk='{\"ctaType\":\"Link\",\"ctaSubType\":\"main\"}'>images marquantes de la saison 2024<\/a>.<\/p><figure class=\"wp-block-embed is-type-rich is-provider-twitter wp-block-embed-twitter\"><div class=\"wp-block-embed__wrapper\">\n<blockquote class=\"twitter-tweet\" data-width=\"500\" data-dnt=\"true\"><p lang=\"en\" dir=\"ltr\">OH MY! YOU JUST GOT BARKLEYED&trade;&#65039;<a href=\"https:\/\/twitter.com\/saquon?ref_src=twsrc%5Etfw\" class=\"trk-cta-link\" data-cta-trk='{\"ctaType\":\"Link\",\"ctaSubType\":\"main\"}'>@saquon<\/a> | <a href=\"https:\/\/twitter.com\/hashtag\/FlyEaglesFly?src=hash&amp;ref_src=twsrc%5Etfw\" class=\"trk-cta-link\" data-cta-trk='{\"ctaType\":\"Link\",\"ctaSubType\":\"main\"}'>#FlyEaglesFly<\/a> <a href=\"https:\/\/t.co\/xyib70rth4\" class=\"trk-cta-link\" data-cta-trk='{\"ctaType\":\"Link\",\"ctaSubType\":\"main\"}'>pic.twitter.com\/xyib70rth4<\/a><\/p>&mdash; Philadelphia Eagles (@Eagles) <a href=\"https:\/\/twitter.com\/Eagles\/status\/1853191937022480891?ref_src=twsrc%5Etfw\" class=\"trk-cta-link\" data-cta-trk='{\"ctaType\":\"Link\",\"ctaSubType\":\"main\"}'>November 3, 2024<\/a><\/blockquote><script async src=\"https:\/\/platform.twitter.com\/widgets.js\" charset=\"utf-8\"><\/script>\n<\/div><\/figure><p>Cr&eacute;dit photo : Caean Couto-Imagn Images<\/p>\n","protected":false},"excerpt":{"rendered":"","protected":false},"author":180310250,"featured_media":1493167,"comment_status":"closed","ping_status":"closed","sticky":false,"template":"","format":"standard","meta":{"inline_featured_image":false,"kia_subtitle":"","_mux_skip_reasons":[],"proofreadBy":0,"footnotes":""},"categories":[118,167,8410,447,40,8408],"tags":[8518,79,4929,817],"sport":[2785],"saison":[7475],"class_list":["post-1493164","post","type-post","status-publish","format-standard","has-post-thumbnail","hentry","category-actualite-nfl","category-culture-us","category-football-americain","category-gaming","category-nfl","category-sports","tag-madden-26","tag-nfl","tag-philadelphie-eagles","tag-saquon-barkley","sport-nfl","saison-7475"],"acf":[],"yoast_head":"<!-- This site is optimized with the Yoast SEO plugin v24.2 - https:\/\/yoast.com\/wordpress\/plugins\/seo\/ -->\n<title>Saquon Barkley t&ecirc;te d&rsquo;affiche de Madden 26 - The Playoffs FR<\/title>\n<meta name=\"description\" content=\"Saquon Barkley sera la t&ecirc;te d&rsquo;affiche du nouvel opus de Madden, le jeu vid&eacute;o officiel de la NFL d&eacute;velopp&eacute; par EA SPORTS.&nbsp;\" \/>\n<meta name=\"robots\" content=\"index, follow, max-snippet:-1, max-image-preview:large, max-video-preview:-1\" \/>\n<link rel=\"canonical\" href=\"https:\/\/theplayoffs.news\/fr\/actualite-nfl\/saquon-barkley-tete-daffiche-de-madden-26\/\" \/>\n<meta property=\"og:locale\" content=\"fr_FR\" \/>\n<meta property=\"og:type\" content=\"article\" \/>\n<meta property=\"og:title\" content=\"Saquon Barkley t&ecirc;te d&rsquo;affiche de Madden 26 - The Playoffs FR\" \/>\n<meta property=\"og:description\" content=\"Saquon Barkley sera la t&ecirc;te d&rsquo;affiche du nouvel opus de Madden, le jeu vid&eacute;o officiel de la NFL d&eacute;velopp&eacute; par EA SPORTS.&nbsp;\" \/>\n<meta property=\"og:url\" content=\"https:\/\/theplayoffs.news\/fr\/actualite-nfl\/saquon-barkley-tete-daffiche-de-madden-26\/\" \/>\n<meta property=\"og:site_name\" content=\"The Playoffs FR\" \/>\n<meta property=\"article:publisher\" content=\"https:\/\/www.facebook.com\/TheFreeAgentFR\/\" \/>\n<meta property=\"article:modified_time\" content=\"2025-06-02T18:00:07+02:00\" \/>\n<meta property=\"og:image\" content=\"https:\/\/theplayoffs.news\/fr\/wp-content\/uploads\/2025\/06\/USATSI_25419272.jpg\" \/>\n\t<meta property=\"og:image:width\" content=\"1920\" \/>\n\t<meta property=\"og:image:height\" content=\"1280\" \/>\n\t<meta property=\"og:image:type\" content=\"image\/jpeg\" \/>\n<meta name=\"author\" content=\"Jean Fabre-Jevanoff\" \/>\n<meta name=\"twitter:card\" content=\"summary_large_image\" \/>\n<meta name=\"twitter:creator\" content=\"@the_jfj_42\" \/>\n<meta name=\"twitter:site\" content=\"@TheFreeAgentFR\" \/>\n<meta name=\"twitter:label1\" content=\"\u00c9crit par\" \/>\n\t<meta name=\"twitter:data1\" content=\"Jean Fabre-Jevanoff\" \/>\n\t<meta name=\"twitter:label2\" content=\"Dur\u00e9e de lecture estim\u00e9e\" \/>\n\t<meta name=\"twitter:data2\" content=\"2 minutes\" \/>\n<script type=\"application\/ld+json\" class=\"yoast-schema-graph\">{\"@context\":\"https:\/\/schema.org\",\"@graph\":[{\"@type\":\"WebPage\",\"@id\":\"https:\/\/theplayoffs.news\/fr\/actualite-nfl\/saquon-barkley-tete-daffiche-de-madden-26\/\",\"url\":\"https:\/\/theplayoffs.news\/fr\/actualite-nfl\/saquon-barkley-tete-daffiche-de-madden-26\/\",\"name\":\"Saquon Barkley t\u00eate d\u2019affiche de Madden 26 - The Playoffs FR\",\"isPartOf\":{\"@id\":\"https:\/\/theplayoffs.news\/fr\/#website\"},\"primaryImageOfPage\":{\"@id\":\"https:\/\/theplayoffs.news\/fr\/actualite-nfl\/saquon-barkley-tete-daffiche-de-madden-26\/#primaryimage\"},\"image\":{\"@id\":\"https:\/\/theplayoffs.news\/fr\/actualite-nfl\/saquon-barkley-tete-daffiche-de-madden-26\/#primaryimage\"},\"thumbnailUrl\":\"https:\/\/theplayoffs.news\/fr\/wp-content\/uploads\/2025\/06\/USATSI_25419272.jpg\",\"datePublished\":\"2025-06-02T16:00:01+00:00\",\"dateModified\":\"2025-06-02T16:00:07+00:00\",\"author\":{\"@id\":\"https:\/\/theplayoffs.news\/fr\/#\/schema\/person\/1ea25b88e79fe4fabd657430b0013d3d\"},\"description\":\"Saquon Barkley sera la t\u00eate d\u2019affiche du nouvel opus de Madden, le jeu vid\u00e9o officiel de la NFL d\u00e9velopp\u00e9 par EA SPORTS.\u00a0\",\"breadcrumb\":{\"@id\":\"https:\/\/theplayoffs.news\/fr\/actualite-nfl\/saquon-barkley-tete-daffiche-de-madden-26\/#breadcrumb\"},\"inLanguage\":\"fr-FR\",\"potentialAction\":[{\"@type\":\"ReadAction\",\"target\":[\"https:\/\/theplayoffs.news\/fr\/actualite-nfl\/saquon-barkley-tete-daffiche-de-madden-26\/\"]}]},{\"@type\":\"ImageObject\",\"inLanguage\":\"fr-FR\",\"@id\":\"https:\/\/theplayoffs.news\/fr\/actualite-nfl\/saquon-barkley-tete-daffiche-de-madden-26\/#primaryimage\",\"url\":\"https:\/\/theplayoffs.news\/fr\/wp-content\/uploads\/2025\/06\/USATSI_25419272.jpg\",\"contentUrl\":\"https:\/\/theplayoffs.news\/fr\/wp-content\/uploads\/2025\/06\/USATSI_25419272.jpg\",\"width\":1920,\"height\":1280,\"caption\":\"Feb 14, 2025; Philadelphia, PA, USA; Philadelphia Eagles running back Saquon Barkley (26) celebrates during the Super Bowl LIX championship parade and rally. Mandatory Credit: Caean Couto-Imagn Images\"},{\"@type\":\"BreadcrumbList\",\"@id\":\"https:\/\/theplayoffs.news\/fr\/actualite-nfl\/saquon-barkley-tete-daffiche-de-madden-26\/#breadcrumb\",\"itemListElement\":[{\"@type\":\"ListItem\",\"position\":1,\"name\":\"Accueil\",\"item\":\"https:\/\/theplayoffs.news\/fr\/\"},{\"@type\":\"ListItem\",\"position\":2,\"name\":\"Saquon Barkley t\u00eate d\u2019affiche de Madden 26\"}]},{\"@type\":\"WebSite\",\"@id\":\"https:\/\/theplayoffs.news\/fr\/#website\",\"url\":\"https:\/\/theplayoffs.news\/fr\/\",\"name\":\"The Playoffs FR\",\"description\":\"NBA-NFL-NHL-MLB\",\"potentialAction\":[{\"@type\":\"SearchAction\",\"target\":{\"@type\":\"EntryPoint\",\"urlTemplate\":\"https:\/\/theplayoffs.news\/fr\/?s={search_term_string}\"},\"query-input\":{\"@type\":\"PropertyValueSpecification\",\"valueRequired\":true,\"valueName\":\"search_term_string\"}}],\"inLanguage\":\"fr-FR\"},{\"@type\":\"Person\",\"@id\":\"https:\/\/theplayoffs.news\/fr\/#\/schema\/person\/1ea25b88e79fe4fabd657430b0013d3d\",\"name\":\"Jean Fabre-Jevanoff\",\"image\":{\"@type\":\"ImageObject\",\"inLanguage\":\"fr-FR\",\"@id\":\"https:\/\/theplayoffs.news\/fr\/#\/schema\/person\/image\/\",\"url\":\"https:\/\/secure.gravatar.com\/avatar\/18b28dab1159eebc6a17b9787eb8cbbe3242c3d0e8b53b89332f6dc1133aa361?s=96&d=mm&r=g\",\"contentUrl\":\"https:\/\/secure.gravatar.com\/avatar\/18b28dab1159eebc6a17b9787eb8cbbe3242c3d0e8b53b89332f6dc1133aa361?s=96&d=mm&r=g\",\"caption\":\"Jean Fabre-Jevanoff\"},\"description\":\"Journaliste polyvalent sur le football am\u00e9ricain, j\u2019\u00e9cris aussi des articles sur le basket. Commentateur sur Twitch et sur YouTube. Pass\u00e9 par Eurosport notamment. Un mix d\u2019Eminem et de OBJ, fan inconditionnel de Patrick Mahomes et Lebron James\",\"sameAs\":[\"https:\/\/www.instagram.com\/_juaniitooo_\",\"https:\/\/www.linkedin.com\/in\/jean-fabre-jevanoff-84bb9b1a9\/\",\"https:\/\/x.com\/the_jfj_42\"],\"url\":\"https:\/\/theplayoffs.news\/fr\/author\/jeanfj42gmail-com\/\"}]}<\/script>\n<!-- \/ Yoast SEO plugin. -->","yoast_head_json":{"title":"Saquon Barkley t&ecirc;te d&rsquo;affiche de Madden 26 - The Playoffs FR","description":"Saquon Barkley sera la t&ecirc;te d&rsquo;affiche du nouvel opus de Madden, le jeu vid&eacute;o officiel de la NFL d&eacute;velopp&eacute; par EA SPORTS.&nbsp;","robots":{"index":"index","follow":"follow","max-snippet":"max-snippet:-1","max-image-preview":"max-image-preview:large","max-video-preview":"max-video-preview:-1"},"canonical":"https:\/\/theplayoffs.news\/fr\/actualite-nfl\/saquon-barkley-tete-daffiche-de-madden-26\/","og_locale":"fr_FR","og_type":"article","og_title":"Saquon Barkley t&ecirc;te d&rsquo;affiche de Madden 26 - The Playoffs FR","og_description":"Saquon Barkley sera la t&ecirc;te d&rsquo;affiche du nouvel opus de Madden, le jeu vid&eacute;o officiel de la NFL d&eacute;velopp&eacute; par EA SPORTS.&nbsp;","og_url":"https:\/\/theplayoffs.news\/fr\/actualite-nfl\/saquon-barkley-tete-daffiche-de-madden-26\/","og_site_name":"The Playoffs FR","article_publisher":"https:\/\/www.facebook.com\/TheFreeAgentFR\/","article_modified_time":"2025-06-02T16:00:07+00:00","og_image":[{"width":1920,"height":1280,"url":"https:\/\/theplayoffs.news\/fr\/wp-content\/uploads\/2025\/06\/USATSI_25419272.jpg","type":"image\/jpeg"}],"author":"Jean Fabre-Jevanoff","twitter_card":"summary_large_image","twitter_creator":"@the_jfj_42","twitter_site":"@TheFreeAgentFR","twitter_misc":{"\u00c9crit par":"Jean Fabre-Jevanoff","Dur\u00e9e de lecture estim\u00e9e":"2 minutes"},"schema":{"@context":"https:\/\/schema.org","@graph":[{"@type":"WebPage","@id":"https:\/\/theplayoffs.news\/fr\/actualite-nfl\/saquon-barkley-tete-daffiche-de-madden-26\/","url":"https:\/\/theplayoffs.news\/fr\/actualite-nfl\/saquon-barkley-tete-daffiche-de-madden-26\/","name":"Saquon Barkley t\u00eate d\u2019affiche de Madden 26 - The Playoffs FR","isPartOf":{"@id":"https:\/\/theplayoffs.news\/fr\/#website"},"primaryImageOfPage":{"@id":"https:\/\/theplayoffs.news\/fr\/actualite-nfl\/saquon-barkley-tete-daffiche-de-madden-26\/#primaryimage"},"image":{"@id":"https:\/\/theplayoffs.news\/fr\/actualite-nfl\/saquon-barkley-tete-daffiche-de-madden-26\/#primaryimage"},"thumbnailUrl":"https:\/\/theplayoffs.news\/fr\/wp-content\/uploads\/2025\/06\/USATSI_25419272.jpg","datePublished":"2025-06-02T16:00:01+00:00","dateModified":"2025-06-02T16:00:07+00:00","author":{"@id":"https:\/\/theplayoffs.news\/fr\/#\/schema\/person\/1ea25b88e79fe4fabd657430b0013d3d"},"description":"Saquon Barkley sera la t\u00eate d\u2019affiche du nouvel opus de Madden, le jeu vid\u00e9o officiel de la NFL d\u00e9velopp\u00e9 par EA SPORTS.\u00a0","breadcrumb":{"@id":"https:\/\/theplayoffs.news\/fr\/actualite-nfl\/saquon-barkley-tete-daffiche-de-madden-26\/#breadcrumb"},"inLanguage":"fr-FR","potentialAction":[{"@type":"ReadAction","target":["https:\/\/theplayoffs.news\/fr\/actualite-nfl\/saquon-barkley-tete-daffiche-de-madden-26\/"]}]},{"@type":"ImageObject","inLanguage":"fr-FR","@id":"https:\/\/theplayoffs.news\/fr\/actualite-nfl\/saquon-barkley-tete-daffiche-de-madden-26\/#primaryimage","url":"https:\/\/theplayoffs.news\/fr\/wp-content\/uploads\/2025\/06\/USATSI_25419272.jpg","contentUrl":"https:\/\/theplayoffs.news\/fr\/wp-content\/uploads\/2025\/06\/USATSI_25419272.jpg","width":1920,"height":1280,"caption":"Feb 14, 2025; Philadelphia, PA, USA; Philadelphia Eagles running back Saquon Barkley (26) celebrates during the Super Bowl LIX championship parade and rally. Mandatory Credit: Caean Couto-Imagn Images"},{"@type":"BreadcrumbList","@id":"https:\/\/theplayoffs.news\/fr\/actualite-nfl\/saquon-barkley-tete-daffiche-de-madden-26\/#breadcrumb","itemListElement":[{"@type":"ListItem","position":1,"name":"Accueil","item":"https:\/\/theplayoffs.news\/fr\/"},{"@type":"ListItem","position":2,"name":"Saquon Barkley t\u00eate d\u2019affiche de Madden 26"}]},{"@type":"WebSite","@id":"https:\/\/theplayoffs.news\/fr\/#website","url":"https:\/\/theplayoffs.news\/fr\/","name":"The Playoffs FR","description":"NBA-NFL-NHL-MLB","potentialAction":[{"@type":"SearchAction","target":{"@type":"EntryPoint","urlTemplate":"https:\/\/theplayoffs.news\/fr\/?s={search_term_string}"},"query-input":{"@type":"PropertyValueSpecification","valueRequired":true,"valueName":"search_term_string"}}],"inLanguage":"fr-FR"},{"@type":"Person","@id":"https:\/\/theplayoffs.news\/fr\/#\/schema\/person\/1ea25b88e79fe4fabd657430b0013d3d","name":"Jean Fabre-Jevanoff","image":{"@type":"ImageObject","inLanguage":"fr-FR","@id":"https:\/\/theplayoffs.news\/fr\/#\/schema\/person\/image\/","url":"https:\/\/secure.gravatar.com\/avatar\/18b28dab1159eebc6a17b9787eb8cbbe3242c3d0e8b53b89332f6dc1133aa361?s=96&d=mm&r=g","contentUrl":"https:\/\/secure.gravatar.com\/avatar\/18b28dab1159eebc6a17b9787eb8cbbe3242c3d0e8b53b89332f6dc1133aa361?s=96&d=mm&r=g","caption":"Jean Fabre-Jevanoff"},"description":"Journaliste polyvalent sur le football am\u00e9ricain, j\u2019\u00e9cris aussi des articles sur le basket. Commentateur sur Twitch et sur YouTube. Pass\u00e9 par Eurosport notamment. Un mix d\u2019Eminem et de OBJ, fan inconditionnel de Patrick Mahomes et Lebron James","sameAs":["https:\/\/www.instagram.com\/_juaniitooo_","https:\/\/www.linkedin.com\/in\/jean-fabre-jevanoff-84bb9b1a9\/","https:\/\/x.com\/the_jfj_42"],"url":"https:\/\/theplayoffs.news\/fr\/author\/jeanfj42gmail-com\/"}]}},"_links":{"self":[{"href":"https:\/\/theplayoffs.news\/fr\/wp-json\/wp\/v2\/posts\/1493164","targetHints":{"allow":["GET"]}}],"collection":[{"href":"https:\/\/theplayoffs.news\/fr\/wp-json\/wp\/v2\/posts"}],"about":[{"href":"https:\/\/theplayoffs.news\/fr\/wp-json\/wp\/v2\/types\/post"}],"author":[{"embeddable":true,"href":"https:\/\/theplayoffs.news\/fr\/wp-json\/wp\/v2\/users\/180310250"}],"replies":[{"embeddable":true,"href":"https:\/\/theplayoffs.news\/fr\/wp-json\/wp\/v2\/comments?post=1493164"}],"version-history":[{"count":1,"href":"https:\/\/theplayoffs.news\/fr\/wp-json\/wp\/v2\/posts\/1493164\/revisions"}],"predecessor-version":[{"id":1493168,"href":"https:\/\/theplayoffs.news\/fr\/wp-json\/wp\/v2\/posts\/1493164\/revisions\/1493168"}],"wp:featuredmedia":[{"embeddable":true,"href":"https:\/\/theplayoffs.news\/fr\/wp-json\/wp\/v2\/media\/1493167"}],"wp:attachment":[{"href":"https:\/\/theplayoffs.news\/fr\/wp-json\/wp\/v2\/media?parent=1493164"}],"wp:term":[{"taxonomy":"category","embeddable":true,"href":"https:\/\/theplayoffs.news\/fr\/wp-json\/wp\/v2\/categories?post=1493164"},{"taxonomy":"post_tag","embeddable":true,"href":"https:\/\/theplayoffs.news\/fr\/wp-json\/wp\/v2\/tags?post=1493164"},{"taxonomy":"sport","embeddable":true,"href":"https:\/\/theplayoffs.news\/fr\/wp-json\/wp\/v2\/sport?post=1493164"},{"taxonomy":"saison","embeddable":true,"href":"https:\/\/theplayoffs.news\/fr\/wp-json\/wp\/v2\/saison?post=1493164"}],"curies":[{"name":"wp","href":"https:\/\/api.w.org\/{rel}","templated":true}]}}