{"id":1492971,"date":"2025-05-30T14:33:45","date_gmt":"2025-05-30T12:33:45","guid":{"rendered":"https:\/\/theplayoffs.news\/fr\/uncategorized\/\/"},"modified":"2025-05-30T14:36:41","modified_gmt":"2025-05-30T12:36:41","slug":"will-levis-nimporte-qui-ayant-ete-dans-ma-situation-dirait-que-ca-craint","status":"publish","type":"post","link":"https:\/\/theplayoffs.news\/fr\/actualite-nfl\/will-levis-nimporte-qui-ayant-ete-dans-ma-situation-dirait-que-ca-craint\/","title":{"rendered":"Will Levis : \u00ab N\u2019importe qui ayant \u00e9t\u00e9 dans ma situation dirait que \u00e7a craint \u00bb"},"content":{"rendered":"<p>Le quarterback Will Levis devrait aller sur le banc des Tennessee Titans en 2025 apr&egrave;s que la franchise ait s&eacute;lectionn&eacute; le prospect Cam Ward, en provenance de Miami, avec le premier choix de la Draft NFL 2025. Une mise en retrait qui sera la premi&egrave;re pour Levis, lui qui a &eacute;t&eacute; draft&eacute; au second tour en tant que 33&egrave;me choix de la draft 2023 par la franchise. &nbsp;&nbsp;<\/p><h2 class=\"wp-block-heading\">&laquo; Cela fait un moment que je n&rsquo;ai pas &eacute;t&eacute; rempla&ccedil;ant, mais je ne compte pas changer ma mentalit&eacute; &raquo; &nbsp;&nbsp;<\/h2><p>Bien que levis continue &agrave; travailler sur son jeu, le joueur, qui entamera sa troisi&egrave;me ann&eacute;e en NFL, n&rsquo;a pas cach&eacute; sa d&eacute;ception quant &agrave; sa perte de statut, lors d&rsquo;une interview accord&eacute;e &agrave; Terry McCormick de <a href=\"https:\/\/mainstreetmediatn.com\/articles\/mainstreetnashville\/levis-taking-professional-approach-to-tough-situation-in-qb-battle\/\" target=\"_blank\" rel=\"noreferrer noopener\" class=\"trk-cta-link\" data-cta-trk='{\"ctaType\":\"Link\",\"ctaSubType\":\"main\"}'>Main Street Nashville.<\/a>&nbsp;&nbsp;<\/p><blockquote class=\"wp-block-quote is-layout-flow wp-block-quote-is-layout-flow\">\n<p>&laquo; N&rsquo;importe qui ayant &eacute;t&eacute; dans ma situation dirait que &ccedil;a craint &raquo;, a d&eacute;clar&eacute; Levis.&nbsp;&nbsp;&laquo; J&rsquo;essaie de faire de mon mieux pour ne pas me laisser affecter par &ccedil;a, de rester le m&ecirc;me gars chaque jour avec l&rsquo;&eacute;quipe, et d&rsquo;&ecirc;tre pr&eacute;sent pour les autres comme je peux. J&rsquo;essaie juste de m&rsquo;am&eacute;liorer chaque jour. &raquo;&nbsp;&nbsp;<\/p>\n<\/blockquote><p>Malgr&eacute; la concurrence du nouveau venu, l&rsquo;ancien de Kentucky &nbsp;a r&eacute;affirm&eacute; son engagement envers l&rsquo;&eacute;quipe et son envie de rester pr&ecirc;t pour toute opportunit&eacute; donn&eacute;e par le head coach Brian Callahan.&nbsp;&nbsp;<\/p><blockquote class=\"wp-block-quote is-layout-flow wp-block-quote-is-layout-flow\">\n<p>&laquo; Cela fait un moment que je n&rsquo;ai pas &eacute;t&eacute; rempla&ccedil;ant, mais je ne compte pas changer ma mentalit&eacute;. Quelle que soit la situation, je resterai pr&ecirc;t &agrave; jouer comme quarterback d&egrave;s que mon nom sera appel&eacute;. &raquo;&nbsp;&nbsp;<\/p>\n<\/blockquote><h3 class=\"wp-block-heading\">Une saison 2024 d&eacute;cevante pour Levis<\/h3><p>Apr&egrave;s avoir gagn&eacute; la confiance de l&rsquo;organisation gr&acirc;ce &agrave; quelques prestations solides lors de sa saison rookie en 2023 (1 808 yards, 58,4 % de passes compl&eacute;t&eacute;es, 8 touchdowns, 4 interceptions en 9 matchs), Will Levis a connu une saison 2024 tr&egrave;s difficile.&nbsp;&nbsp;<\/p><p>Avec seulement 2 victoires pour 10 d&eacute;faites comme titulaire, des performances inconstantes, et des passages fr&eacute;quents sur le banc, Will Levis a termin&eacute; l&rsquo;ann&eacute;e avec 2 091 yards, 13 touchdowns, et 12 interceptions, contribuant &agrave; l&rsquo;une des pires campagnes des Titans (3 victoires, 14 d&eacute;faites).&nbsp;<\/p><div class=\"related-slider related-slider--loading\">\n    <div class=\"related-slider__header\">\n        <div class=\"related-slider__header__title\">Vous aimerez aussi :<\/div>\n        <div class=\"related-slider__header__buttons\">\n            <div class=\"swiper-button-prev\"><\/div>\n            <div class=\"swiper-button-next\"><\/div>\n        <\/div>\n    <\/div>\n    <div class=\"swiper-container\">\n        <div class=\"swiper-wrapper\">\n                            <div class=\"swiper-slide\">\n                    <a class=\"related-slider-card  trk-cta-img\" href=\"https:\/\/theplayoffs.news\/fr\/actualite-nfl\/arizona-cardinals-cotes-projection-2026\/\" title=\"Arizona Cardinals: Calendrier, cotes, draft et pr&eacute;dictions\" data-cta-trk='{\"ctaType\":\"Image\",\"ctaSubType\":\"main\"}'>\n    <div class=\"related-slider-card__image\">\n        <img loading=\"lazy\" decoding=\"async\" width=\"600\" height=\"413\" src=\"https:\/\/theplayoffs.news\/fr\/wp-content\/uploads\/2026\/02\/USATSI_27785998-1-600x413.jpg\" class=\"attachment-medium size-medium wp-post-image\" alt=\"Arizona Cardinals\" srcset=\"https:\/\/theplayoffs.news\/fr\/wp-content\/uploads\/2026\/02\/USATSI_27785998-1-600x413.jpg 600w, https:\/\/theplayoffs.news\/fr\/wp-content\/uploads\/2026\/02\/USATSI_27785998-1-1200x826.jpg 1200w, https:\/\/theplayoffs.news\/fr\/wp-content\/uploads\/2026\/02\/USATSI_27785998-1-768x528.jpg 768w, https:\/\/theplayoffs.news\/fr\/wp-content\/uploads\/2026\/02\/USATSI_27785998-1-1536x1057.jpg 1536w, https:\/\/theplayoffs.news\/fr\/wp-content\/uploads\/2026\/02\/USATSI_27785998-1-1320x908.jpg 1320w, https:\/\/theplayoffs.news\/fr\/wp-content\/uploads\/2026\/02\/USATSI_27785998-1.jpg 1920w\" sizes=\"auto, (max-width: 600px) 100vw, 600px\">\n                            <\/div>\n    <div class=\"related-slider-card__content\">\n        <div class=\"related-slider-card__content__tags\">\n                            <div class=\"related-slider-card__content__tags__category\">\n                    Actualit&eacute; NFL\n                <\/div>\n                        <div class=\"related-slider-card__content__tags__date\" data-dynamic-date=\"2026-02-25T10:28:26+01:00\">\n                25 f&eacute;vrier 2026\n            <\/div>\n        <\/div>\n        <div class=\"related-slider-card__content__title\">\n            Arizona Cardinals: Calendrier, cotes, draft et pr&eacute;dictions\n        <\/div>\n                    <div class=\"related-slider-card__content__read-more\">\n                Voir plus\n                <i>\n                    <svg width=\"17\" height=\"15\" viewbox=\"0 0 17 15\" fill=\"none\" xmlns=\"http:\/\/www.w3.org\/2000\/svg\">\n<path d=\"M1 6.5C0.447715 6.5 0 6.94772 0 7.5C0 8.05228 0.447715 8.5 1 8.5V6.5ZM16.7071 8.20711C17.0976 7.81658 17.0976 7.18342 16.7071 6.79289L10.3431 0.428932C9.95262 0.0384078 9.31946 0.0384078 8.92893 0.428932C8.53841 0.819457 8.53841 1.45262 8.92893 1.84315L14.5858 7.5L8.92893 13.1569C8.53841 13.5474 8.53841 14.1805 8.92893 14.5711C9.31946 14.9616 9.95262 14.9616 10.3431 14.5711L16.7071 8.20711ZM1 7.5V8.5H8.5V7.5V6.5H1V7.5ZM8.5 7.5V8.5H16V7.5V6.5H8.5V7.5Z\" fill=\"white\"><\/path>\n<\/svg>\n\n                <\/i>\n            <\/div>\n            <\/div>\n<\/a>\n\n                <\/div>\n                            <div class=\"swiper-slide\">\n                    <a class=\"related-slider-card  trk-cta-img\" href=\"https:\/\/theplayoffs.news\/fr\/actualite-nfl\/new-york-jets-projection-cotes-2026\/\" title=\"New York Jets 2026: Calendrier, cotes, draft et pr&eacute;dictions\" data-cta-trk='{\"ctaType\":\"Image\",\"ctaSubType\":\"main\"}'>\n    <div class=\"related-slider-card__image\">\n        <img loading=\"lazy\" decoding=\"async\" width=\"600\" height=\"400\" src=\"https:\/\/theplayoffs.news\/fr\/wp-content\/uploads\/2026\/02\/USATSI_27864144-600x400.jpg\" class=\"attachment-medium size-medium wp-post-image\" alt=\"New York Jets\" srcset=\"https:\/\/theplayoffs.news\/fr\/wp-content\/uploads\/2026\/02\/USATSI_27864144-600x400.jpg 600w, https:\/\/theplayoffs.news\/fr\/wp-content\/uploads\/2026\/02\/USATSI_27864144-1200x800.jpg 1200w, https:\/\/theplayoffs.news\/fr\/wp-content\/uploads\/2026\/02\/USATSI_27864144-768x512.jpg 768w, https:\/\/theplayoffs.news\/fr\/wp-content\/uploads\/2026\/02\/USATSI_27864144-1536x1024.jpg 1536w, https:\/\/theplayoffs.news\/fr\/wp-content\/uploads\/2026\/02\/USATSI_27864144-1320x880.jpg 1320w, https:\/\/theplayoffs.news\/fr\/wp-content\/uploads\/2026\/02\/USATSI_27864144.jpg 1920w\" sizes=\"auto, (max-width: 600px) 100vw, 600px\">\n                            <\/div>\n    <div class=\"related-slider-card__content\">\n        <div class=\"related-slider-card__content__tags\">\n                            <div class=\"related-slider-card__content__tags__category\">\n                    Actualit&eacute; NFL\n                <\/div>\n                        <div class=\"related-slider-card__content__tags__date\" data-dynamic-date=\"2026-02-24T14:39:24+01:00\">\n                24 f&eacute;vrier 2026\n            <\/div>\n        <\/div>\n        <div class=\"related-slider-card__content__title\">\n            New York Jets 2026: Calendrier, cotes, draft et pr&eacute;dictions\n        <\/div>\n                    <div class=\"related-slider-card__content__read-more\">\n                Voir plus\n                <i>\n                    <svg width=\"17\" height=\"15\" viewbox=\"0 0 17 15\" fill=\"none\" xmlns=\"http:\/\/www.w3.org\/2000\/svg\">\n<path d=\"M1 6.5C0.447715 6.5 0 6.94772 0 7.5C0 8.05228 0.447715 8.5 1 8.5V6.5ZM16.7071 8.20711C17.0976 7.81658 17.0976 7.18342 16.7071 6.79289L10.3431 0.428932C9.95262 0.0384078 9.31946 0.0384078 8.92893 0.428932C8.53841 0.819457 8.53841 1.45262 8.92893 1.84315L14.5858 7.5L8.92893 13.1569C8.53841 13.5474 8.53841 14.1805 8.92893 14.5711C9.31946 14.9616 9.95262 14.9616 10.3431 14.5711L16.7071 8.20711ZM1 7.5V8.5H8.5V7.5V6.5H1V7.5ZM8.5 7.5V8.5H16V7.5V6.5H8.5V7.5Z\" fill=\"white\"><\/path>\n<\/svg>\n\n                <\/i>\n            <\/div>\n            <\/div>\n<\/a>\n\n                <\/div>\n                            <div class=\"swiper-slide\">\n                    <a class=\"related-slider-card  trk-cta-img\" href=\"https:\/\/theplayoffs.news\/fr\/actualite-nfl\/las-vegas-raiders-cotes-predictions-calendrier-2026\/\" title=\"Las Vegas Raiders 2026: Calendrier, cotes, draft et pr&eacute;diction\" data-cta-trk='{\"ctaType\":\"Image\",\"ctaSubType\":\"main\"}'>\n    <div class=\"related-slider-card__image\">\n        <img loading=\"lazy\" decoding=\"async\" width=\"600\" height=\"408\" src=\"https:\/\/theplayoffs.news\/fr\/wp-content\/uploads\/2026\/02\/USATSI_26937930-600x408.jpg\" class=\"attachment-medium size-medium wp-post-image\" alt=\"Las Vegas Raiders\" srcset=\"https:\/\/theplayoffs.news\/fr\/wp-content\/uploads\/2026\/02\/USATSI_26937930-600x408.jpg 600w, https:\/\/theplayoffs.news\/fr\/wp-content\/uploads\/2026\/02\/USATSI_26937930-1200x817.jpg 1200w, https:\/\/theplayoffs.news\/fr\/wp-content\/uploads\/2026\/02\/USATSI_26937930-768x523.jpg 768w, https:\/\/theplayoffs.news\/fr\/wp-content\/uploads\/2026\/02\/USATSI_26937930-1536x1046.jpg 1536w, https:\/\/theplayoffs.news\/fr\/wp-content\/uploads\/2026\/02\/USATSI_26937930-1320x899.jpg 1320w, https:\/\/theplayoffs.news\/fr\/wp-content\/uploads\/2026\/02\/USATSI_26937930.jpg 1920w\" sizes=\"auto, (max-width: 600px) 100vw, 600px\">\n                            <\/div>\n    <div class=\"related-slider-card__content\">\n        <div class=\"related-slider-card__content__tags\">\n                            <div class=\"related-slider-card__content__tags__category\">\n                    Actualit&eacute; NFL\n                <\/div>\n                        <div class=\"related-slider-card__content__tags__date\" data-dynamic-date=\"2026-02-24T10:09:27+01:00\">\n                24 f&eacute;vrier 2026\n            <\/div>\n        <\/div>\n        <div class=\"related-slider-card__content__title\">\n            Las Vegas Raiders 2026: Calendrier, cotes, draft et pr&eacute;diction\n        <\/div>\n                    <div class=\"related-slider-card__content__read-more\">\n                Voir plus\n                <i>\n                    <svg width=\"17\" height=\"15\" viewbox=\"0 0 17 15\" fill=\"none\" xmlns=\"http:\/\/www.w3.org\/2000\/svg\">\n<path d=\"M1 6.5C0.447715 6.5 0 6.94772 0 7.5C0 8.05228 0.447715 8.5 1 8.5V6.5ZM16.7071 8.20711C17.0976 7.81658 17.0976 7.18342 16.7071 6.79289L10.3431 0.428932C9.95262 0.0384078 9.31946 0.0384078 8.92893 0.428932C8.53841 0.819457 8.53841 1.45262 8.92893 1.84315L14.5858 7.5L8.92893 13.1569C8.53841 13.5474 8.53841 14.1805 8.92893 14.5711C9.31946 14.9616 9.95262 14.9616 10.3431 14.5711L16.7071 8.20711ZM1 7.5V8.5H8.5V7.5V6.5H1V7.5ZM8.5 7.5V8.5H16V7.5V6.5H8.5V7.5Z\" fill=\"white\"><\/path>\n<\/svg>\n\n                <\/i>\n            <\/div>\n            <\/div>\n<\/a>\n\n                <\/div>\n                            <div class=\"swiper-slide\">\n                    <a class=\"related-slider-card  trk-cta-img\" href=\"https:\/\/theplayoffs.news\/fr\/actualite-nfl\/derek-carr-retour-nfl-2026-cotes\/\" title=\"Derek Carr: un retour sur les terrains en 2026?\" data-cta-trk='{\"ctaType\":\"Image\",\"ctaSubType\":\"main\"}'>\n    <div class=\"related-slider-card__image\">\n        <img loading=\"lazy\" decoding=\"async\" width=\"600\" height=\"400\" src=\"https:\/\/theplayoffs.news\/fr\/wp-content\/uploads\/2026\/02\/USATSI_24946629-600x400.jpg\" class=\"attachment-medium size-medium wp-post-image\" alt=\"Derek Carr\" srcset=\"https:\/\/theplayoffs.news\/fr\/wp-content\/uploads\/2026\/02\/USATSI_24946629-600x400.jpg 600w, https:\/\/theplayoffs.news\/fr\/wp-content\/uploads\/2026\/02\/USATSI_24946629-1200x800.jpg 1200w, https:\/\/theplayoffs.news\/fr\/wp-content\/uploads\/2026\/02\/USATSI_24946629-768x512.jpg 768w, https:\/\/theplayoffs.news\/fr\/wp-content\/uploads\/2026\/02\/USATSI_24946629-1536x1024.jpg 1536w, https:\/\/theplayoffs.news\/fr\/wp-content\/uploads\/2026\/02\/USATSI_24946629-1320x880.jpg 1320w, https:\/\/theplayoffs.news\/fr\/wp-content\/uploads\/2026\/02\/USATSI_24946629.jpg 1920w\" sizes=\"auto, (max-width: 600px) 100vw, 600px\">\n                            <\/div>\n    <div class=\"related-slider-card__content\">\n        <div class=\"related-slider-card__content__tags\">\n                            <div class=\"related-slider-card__content__tags__category\">\n                    Actualit&eacute; NFL\n                <\/div>\n                        <div class=\"related-slider-card__content__tags__date\" data-dynamic-date=\"2026-02-23T14:15:45+01:00\">\n                23 f&eacute;vrier 2026\n            <\/div>\n        <\/div>\n        <div class=\"related-slider-card__content__title\">\n            Derek Carr: un retour sur les terrains en 2026?\n        <\/div>\n                    <div class=\"related-slider-card__content__read-more\">\n                Voir plus\n                <i>\n                    <svg width=\"17\" height=\"15\" viewbox=\"0 0 17 15\" fill=\"none\" xmlns=\"http:\/\/www.w3.org\/2000\/svg\">\n<path d=\"M1 6.5C0.447715 6.5 0 6.94772 0 7.5C0 8.05228 0.447715 8.5 1 8.5V6.5ZM16.7071 8.20711C17.0976 7.81658 17.0976 7.18342 16.7071 6.79289L10.3431 0.428932C9.95262 0.0384078 9.31946 0.0384078 8.92893 0.428932C8.53841 0.819457 8.53841 1.45262 8.92893 1.84315L14.5858 7.5L8.92893 13.1569C8.53841 13.5474 8.53841 14.1805 8.92893 14.5711C9.31946 14.9616 9.95262 14.9616 10.3431 14.5711L16.7071 8.20711ZM1 7.5V8.5H8.5V7.5V6.5H1V7.5ZM8.5 7.5V8.5H16V7.5V6.5H8.5V7.5Z\" fill=\"white\"><\/path>\n<\/svg>\n\n                <\/i>\n            <\/div>\n            <\/div>\n<\/a>\n\n                <\/div>\n                    <\/div>\n    <\/div>\n<\/div><h3 class=\"wp-block-heading\">Cam Ward, nouvel espoir de la franchise&nbsp;&nbsp;<\/h3><p>Face &agrave; ces r&eacute;sultats d&eacute;cevants, les Titans ont d&eacute;cid&eacute; de miser sur un nouveau quarterback. Cam Ward, consid&eacute;r&eacute; comme le meilleur prospect &agrave; ce poste lors de la Draft 2025, arrive fort de sa derni&egrave;re saison universitaire &agrave; Miami, o&ugrave; ce dernier a cumul&eacute; 4 313 yards, 39 touchdowns, et seulement 7 interceptions, pour un bilan de 10 victoires et 3 d&eacute;faites.&nbsp;&nbsp;<\/p><p>&Agrave; 23 ans, le rookie est d&eacute;sormais le grand espoir de l&rsquo;avenir des Titans. Son premier d&eacute;fi en NFL aura lieu lors de la semaine 1 de la saison 2025, face aux Denver Broncos, le 7 septembre prochain.<\/p><p>Cr&eacute;dit photo : Andrew Nelles \/ The Tennessean \/ USA TODAY NETWORK via Imagn Images<\/p>\n","protected":false},"excerpt":{"rendered":"","protected":false},"author":180309799,"featured_media":1492973,"comment_status":"closed","ping_status":"closed","sticky":false,"template":"","format":"standard","meta":{"inline_featured_image":false,"kia_subtitle":"","_mux_skip_reasons":[],"proofreadBy":0,"footnotes":""},"categories":[118,8410,40,8408],"tags":[8076,79,2605,5851],"sport":[2785],"saison":[7475],"class_list":["post-1492971","post","type-post","status-publish","format-standard","has-post-thumbnail","hentry","category-actualite-nfl","category-football-americain","category-nfl","category-sports","tag-cam-ward","tag-nfl","tag-tennesse-titans","tag-will-levis","sport-nfl","saison-7475"],"acf":[],"yoast_head":"<!-- This site is optimized with the Yoast SEO plugin v24.2 - https:\/\/yoast.com\/wordpress\/plugins\/seo\/ -->\n<title>Will Levis : &laquo; N&rsquo;importe qui dans ma situation dirait que &ccedil;a craint &raquo;<\/title>\n<meta name=\"description\" content=\"Will Levis devrait &ecirc;tre sur le banc cette saison. Ce dernier n&rsquo;a pas cach&eacute; sa d&eacute;ception quant &agrave; sa perte de statut.\" \/>\n<meta name=\"robots\" content=\"index, follow, max-snippet:-1, max-image-preview:large, max-video-preview:-1\" \/>\n<link rel=\"canonical\" href=\"https:\/\/theplayoffs.news\/fr\/actualite-nfl\/will-levis-nimporte-qui-ayant-ete-dans-ma-situation-dirait-que-ca-craint\/\" \/>\n<meta property=\"og:locale\" content=\"fr_FR\" \/>\n<meta property=\"og:type\" content=\"article\" \/>\n<meta property=\"og:title\" content=\"Will Levis : &laquo; N&rsquo;importe qui dans ma situation dirait que &ccedil;a craint &raquo;\" \/>\n<meta property=\"og:description\" content=\"Will Levis devrait &ecirc;tre sur le banc cette saison. Ce dernier n&rsquo;a pas cach&eacute; sa d&eacute;ception quant &agrave; sa perte de statut.\" \/>\n<meta property=\"og:url\" content=\"https:\/\/theplayoffs.news\/fr\/actualite-nfl\/will-levis-nimporte-qui-ayant-ete-dans-ma-situation-dirait-que-ca-craint\/\" \/>\n<meta property=\"og:site_name\" content=\"The Playoffs FR\" \/>\n<meta property=\"article:publisher\" content=\"https:\/\/www.facebook.com\/TheFreeAgentFR\/\" \/>\n<meta property=\"article:modified_time\" content=\"2025-05-30T14:36:41+02:00\" \/>\n<meta property=\"og:image\" content=\"https:\/\/theplayoffs.news\/fr\/wp-content\/uploads\/2025\/05\/USATSI_25127557.jpg\" \/>\n\t<meta property=\"og:image:width\" content=\"1920\" \/>\n\t<meta property=\"og:image:height\" content=\"1280\" \/>\n\t<meta property=\"og:image:type\" content=\"image\/jpeg\" \/>\n<meta name=\"author\" content=\"La r\u00e9daction\" \/>\n<meta name=\"twitter:card\" content=\"summary_large_image\" \/>\n<meta name=\"twitter:creator\" content=\"@TheFreeAgentFR\" \/>\n<meta name=\"twitter:site\" content=\"@TheFreeAgentFR\" \/>\n<meta name=\"twitter:label1\" content=\"\u00c9crit par\" \/>\n\t<meta name=\"twitter:data1\" content=\"La r\u00e9daction\" \/>\n\t<meta name=\"twitter:label2\" content=\"Dur\u00e9e de lecture estim\u00e9e\" \/>\n\t<meta name=\"twitter:data2\" content=\"3 minutes\" \/>\n<script type=\"application\/ld+json\" class=\"yoast-schema-graph\">{\"@context\":\"https:\/\/schema.org\",\"@graph\":[{\"@type\":\"WebPage\",\"@id\":\"https:\/\/theplayoffs.news\/fr\/actualite-nfl\/will-levis-nimporte-qui-ayant-ete-dans-ma-situation-dirait-que-ca-craint\/\",\"url\":\"https:\/\/theplayoffs.news\/fr\/actualite-nfl\/will-levis-nimporte-qui-ayant-ete-dans-ma-situation-dirait-que-ca-craint\/\",\"name\":\"Will Levis : \u00ab N\u2019importe qui dans ma situation dirait que \u00e7a craint \u00bb\",\"isPartOf\":{\"@id\":\"https:\/\/theplayoffs.news\/fr\/#website\"},\"primaryImageOfPage\":{\"@id\":\"https:\/\/theplayoffs.news\/fr\/actualite-nfl\/will-levis-nimporte-qui-ayant-ete-dans-ma-situation-dirait-que-ca-craint\/#primaryimage\"},\"image\":{\"@id\":\"https:\/\/theplayoffs.news\/fr\/actualite-nfl\/will-levis-nimporte-qui-ayant-ete-dans-ma-situation-dirait-que-ca-craint\/#primaryimage\"},\"thumbnailUrl\":\"https:\/\/theplayoffs.news\/fr\/wp-content\/uploads\/2025\/05\/USATSI_25127557.jpg\",\"datePublished\":\"2025-05-30T12:33:45+00:00\",\"dateModified\":\"2025-05-30T12:36:41+00:00\",\"author\":{\"@id\":\"https:\/\/theplayoffs.news\/fr\/#\/schema\/person\/bb40426f4e478f9bd8cdbfeb4f2f9784\"},\"description\":\"Will Levis devrait \u00eatre sur le banc cette saison. Ce dernier n\u2019a pas cach\u00e9 sa d\u00e9ception quant \u00e0 sa perte de statut.\",\"breadcrumb\":{\"@id\":\"https:\/\/theplayoffs.news\/fr\/actualite-nfl\/will-levis-nimporte-qui-ayant-ete-dans-ma-situation-dirait-que-ca-craint\/#breadcrumb\"},\"inLanguage\":\"fr-FR\",\"potentialAction\":[{\"@type\":\"ReadAction\",\"target\":[\"https:\/\/theplayoffs.news\/fr\/actualite-nfl\/will-levis-nimporte-qui-ayant-ete-dans-ma-situation-dirait-que-ca-craint\/\"]}]},{\"@type\":\"ImageObject\",\"inLanguage\":\"fr-FR\",\"@id\":\"https:\/\/theplayoffs.news\/fr\/actualite-nfl\/will-levis-nimporte-qui-ayant-ete-dans-ma-situation-dirait-que-ca-craint\/#primaryimage\",\"url\":\"https:\/\/theplayoffs.news\/fr\/wp-content\/uploads\/2025\/05\/USATSI_25127557.jpg\",\"contentUrl\":\"https:\/\/theplayoffs.news\/fr\/wp-content\/uploads\/2025\/05\/USATSI_25127557.jpg\",\"width\":1920,\"height\":1280,\"caption\":\"Tennessee Titans quarterback Will Levis gives an interview as the team cleans out their locker room at Ascension Saint Thomas Sports Park in Nashville, Tenn., Monday, Jan. 6, 2025.\"},{\"@type\":\"BreadcrumbList\",\"@id\":\"https:\/\/theplayoffs.news\/fr\/actualite-nfl\/will-levis-nimporte-qui-ayant-ete-dans-ma-situation-dirait-que-ca-craint\/#breadcrumb\",\"itemListElement\":[{\"@type\":\"ListItem\",\"position\":1,\"name\":\"Accueil\",\"item\":\"https:\/\/theplayoffs.news\/fr\/\"},{\"@type\":\"ListItem\",\"position\":2,\"name\":\"Will Levis : \u00ab N\u2019importe qui ayant \u00e9t\u00e9 dans ma situation dirait que \u00e7a craint \u00bb\"}]},{\"@type\":\"WebSite\",\"@id\":\"https:\/\/theplayoffs.news\/fr\/#website\",\"url\":\"https:\/\/theplayoffs.news\/fr\/\",\"name\":\"The Playoffs FR\",\"description\":\"NBA-NFL-NHL-MLB\",\"potentialAction\":[{\"@type\":\"SearchAction\",\"target\":{\"@type\":\"EntryPoint\",\"urlTemplate\":\"https:\/\/theplayoffs.news\/fr\/?s={search_term_string}\"},\"query-input\":{\"@type\":\"PropertyValueSpecification\",\"valueRequired\":true,\"valueName\":\"search_term_string\"}}],\"inLanguage\":\"fr-FR\"},{\"@type\":\"Person\",\"@id\":\"https:\/\/theplayoffs.news\/fr\/#\/schema\/person\/bb40426f4e478f9bd8cdbfeb4f2f9784\",\"name\":\"La r\u00e9daction\",\"image\":{\"@type\":\"ImageObject\",\"inLanguage\":\"fr-FR\",\"@id\":\"https:\/\/theplayoffs.news\/fr\/#\/schema\/person\/image\/\",\"url\":\"https:\/\/secure.gravatar.com\/avatar\/7e69b41460ab2c17d61c8c364b6a0ee006f957a70191383ef42be1f4733d6515?s=96&d=mm&r=g\",\"contentUrl\":\"https:\/\/secure.gravatar.com\/avatar\/7e69b41460ab2c17d61c8c364b6a0ee006f957a70191383ef42be1f4733d6515?s=96&d=mm&r=g\",\"caption\":\"La r\u00e9daction\"},\"description\":\"On dit qu\\\\'il faut un village pour s\\\\'occuper d\\\\'un enfant. Et bien c\\\\'est exactement ce dont il s\\\\'agit ici pour The Playoffs. La r\u00e9daction, ce sont vos r\u00e9dacteurs pr\u00e9f\u00e9r\u00e9s qui collaborent sur ces articles que vous lisez au quotidien.\u00a0\",\"url\":\"https:\/\/theplayoffs.news\/fr\/author\/freeagentfr\/\"}]}<\/script>\n<!-- \/ Yoast SEO plugin. -->","yoast_head_json":{"title":"Will Levis : &laquo; N&rsquo;importe qui dans ma situation dirait que &ccedil;a craint &raquo;","description":"Will Levis devrait &ecirc;tre sur le banc cette saison. Ce dernier n&rsquo;a pas cach&eacute; sa d&eacute;ception quant &agrave; sa perte de statut.","robots":{"index":"index","follow":"follow","max-snippet":"max-snippet:-1","max-image-preview":"max-image-preview:large","max-video-preview":"max-video-preview:-1"},"canonical":"https:\/\/theplayoffs.news\/fr\/actualite-nfl\/will-levis-nimporte-qui-ayant-ete-dans-ma-situation-dirait-que-ca-craint\/","og_locale":"fr_FR","og_type":"article","og_title":"Will Levis : &laquo; N&rsquo;importe qui dans ma situation dirait que &ccedil;a craint &raquo;","og_description":"Will Levis devrait &ecirc;tre sur le banc cette saison. Ce dernier n&rsquo;a pas cach&eacute; sa d&eacute;ception quant &agrave; sa perte de statut.","og_url":"https:\/\/theplayoffs.news\/fr\/actualite-nfl\/will-levis-nimporte-qui-ayant-ete-dans-ma-situation-dirait-que-ca-craint\/","og_site_name":"The Playoffs FR","article_publisher":"https:\/\/www.facebook.com\/TheFreeAgentFR\/","article_modified_time":"2025-05-30T12:36:41+00:00","og_image":[{"width":1920,"height":1280,"url":"https:\/\/theplayoffs.news\/fr\/wp-content\/uploads\/2025\/05\/USATSI_25127557.jpg","type":"image\/jpeg"}],"author":"La r\u00e9daction","twitter_card":"summary_large_image","twitter_creator":"@TheFreeAgentFR","twitter_site":"@TheFreeAgentFR","twitter_misc":{"\u00c9crit par":"La r\u00e9daction","Dur\u00e9e de lecture estim\u00e9e":"3 minutes"},"schema":{"@context":"https:\/\/schema.org","@graph":[{"@type":"WebPage","@id":"https:\/\/theplayoffs.news\/fr\/actualite-nfl\/will-levis-nimporte-qui-ayant-ete-dans-ma-situation-dirait-que-ca-craint\/","url":"https:\/\/theplayoffs.news\/fr\/actualite-nfl\/will-levis-nimporte-qui-ayant-ete-dans-ma-situation-dirait-que-ca-craint\/","name":"Will Levis : \u00ab N\u2019importe qui dans ma situation dirait que \u00e7a craint \u00bb","isPartOf":{"@id":"https:\/\/theplayoffs.news\/fr\/#website"},"primaryImageOfPage":{"@id":"https:\/\/theplayoffs.news\/fr\/actualite-nfl\/will-levis-nimporte-qui-ayant-ete-dans-ma-situation-dirait-que-ca-craint\/#primaryimage"},"image":{"@id":"https:\/\/theplayoffs.news\/fr\/actualite-nfl\/will-levis-nimporte-qui-ayant-ete-dans-ma-situation-dirait-que-ca-craint\/#primaryimage"},"thumbnailUrl":"https:\/\/theplayoffs.news\/fr\/wp-content\/uploads\/2025\/05\/USATSI_25127557.jpg","datePublished":"2025-05-30T12:33:45+00:00","dateModified":"2025-05-30T12:36:41+00:00","author":{"@id":"https:\/\/theplayoffs.news\/fr\/#\/schema\/person\/bb40426f4e478f9bd8cdbfeb4f2f9784"},"description":"Will Levis devrait \u00eatre sur le banc cette saison. Ce dernier n\u2019a pas cach\u00e9 sa d\u00e9ception quant \u00e0 sa perte de statut.","breadcrumb":{"@id":"https:\/\/theplayoffs.news\/fr\/actualite-nfl\/will-levis-nimporte-qui-ayant-ete-dans-ma-situation-dirait-que-ca-craint\/#breadcrumb"},"inLanguage":"fr-FR","potentialAction":[{"@type":"ReadAction","target":["https:\/\/theplayoffs.news\/fr\/actualite-nfl\/will-levis-nimporte-qui-ayant-ete-dans-ma-situation-dirait-que-ca-craint\/"]}]},{"@type":"ImageObject","inLanguage":"fr-FR","@id":"https:\/\/theplayoffs.news\/fr\/actualite-nfl\/will-levis-nimporte-qui-ayant-ete-dans-ma-situation-dirait-que-ca-craint\/#primaryimage","url":"https:\/\/theplayoffs.news\/fr\/wp-content\/uploads\/2025\/05\/USATSI_25127557.jpg","contentUrl":"https:\/\/theplayoffs.news\/fr\/wp-content\/uploads\/2025\/05\/USATSI_25127557.jpg","width":1920,"height":1280,"caption":"Tennessee Titans quarterback Will Levis gives an interview as the team cleans out their locker room at Ascension Saint Thomas Sports Park in Nashville, Tenn., Monday, Jan. 6, 2025."},{"@type":"BreadcrumbList","@id":"https:\/\/theplayoffs.news\/fr\/actualite-nfl\/will-levis-nimporte-qui-ayant-ete-dans-ma-situation-dirait-que-ca-craint\/#breadcrumb","itemListElement":[{"@type":"ListItem","position":1,"name":"Accueil","item":"https:\/\/theplayoffs.news\/fr\/"},{"@type":"ListItem","position":2,"name":"Will Levis : \u00ab N\u2019importe qui ayant \u00e9t\u00e9 dans ma situation dirait que \u00e7a craint \u00bb"}]},{"@type":"WebSite","@id":"https:\/\/theplayoffs.news\/fr\/#website","url":"https:\/\/theplayoffs.news\/fr\/","name":"The Playoffs FR","description":"NBA-NFL-NHL-MLB","potentialAction":[{"@type":"SearchAction","target":{"@type":"EntryPoint","urlTemplate":"https:\/\/theplayoffs.news\/fr\/?s={search_term_string}"},"query-input":{"@type":"PropertyValueSpecification","valueRequired":true,"valueName":"search_term_string"}}],"inLanguage":"fr-FR"},{"@type":"Person","@id":"https:\/\/theplayoffs.news\/fr\/#\/schema\/person\/bb40426f4e478f9bd8cdbfeb4f2f9784","name":"La r\u00e9daction","image":{"@type":"ImageObject","inLanguage":"fr-FR","@id":"https:\/\/theplayoffs.news\/fr\/#\/schema\/person\/image\/","url":"https:\/\/secure.gravatar.com\/avatar\/7e69b41460ab2c17d61c8c364b6a0ee006f957a70191383ef42be1f4733d6515?s=96&d=mm&r=g","contentUrl":"https:\/\/secure.gravatar.com\/avatar\/7e69b41460ab2c17d61c8c364b6a0ee006f957a70191383ef42be1f4733d6515?s=96&d=mm&r=g","caption":"La r\u00e9daction"},"description":"On dit qu\\'il faut un village pour s\\'occuper d\\'un enfant. Et bien c\\'est exactement ce dont il s\\'agit ici pour The Playoffs. La r\u00e9daction, ce sont vos r\u00e9dacteurs pr\u00e9f\u00e9r\u00e9s qui collaborent sur ces articles que vous lisez au quotidien.\u00a0","url":"https:\/\/theplayoffs.news\/fr\/author\/freeagentfr\/"}]}},"_links":{"self":[{"href":"https:\/\/theplayoffs.news\/fr\/wp-json\/wp\/v2\/posts\/1492971","targetHints":{"allow":["GET"]}}],"collection":[{"href":"https:\/\/theplayoffs.news\/fr\/wp-json\/wp\/v2\/posts"}],"about":[{"href":"https:\/\/theplayoffs.news\/fr\/wp-json\/wp\/v2\/types\/post"}],"author":[{"embeddable":true,"href":"https:\/\/theplayoffs.news\/fr\/wp-json\/wp\/v2\/users\/180309799"}],"replies":[{"embeddable":true,"href":"https:\/\/theplayoffs.news\/fr\/wp-json\/wp\/v2\/comments?post=1492971"}],"version-history":[{"count":1,"href":"https:\/\/theplayoffs.news\/fr\/wp-json\/wp\/v2\/posts\/1492971\/revisions"}],"predecessor-version":[{"id":1492974,"href":"https:\/\/theplayoffs.news\/fr\/wp-json\/wp\/v2\/posts\/1492971\/revisions\/1492974"}],"wp:featuredmedia":[{"embeddable":true,"href":"https:\/\/theplayoffs.news\/fr\/wp-json\/wp\/v2\/media\/1492973"}],"wp:attachment":[{"href":"https:\/\/theplayoffs.news\/fr\/wp-json\/wp\/v2\/media?parent=1492971"}],"wp:term":[{"taxonomy":"category","embeddable":true,"href":"https:\/\/theplayoffs.news\/fr\/wp-json\/wp\/v2\/categories?post=1492971"},{"taxonomy":"post_tag","embeddable":true,"href":"https:\/\/theplayoffs.news\/fr\/wp-json\/wp\/v2\/tags?post=1492971"},{"taxonomy":"sport","embeddable":true,"href":"https:\/\/theplayoffs.news\/fr\/wp-json\/wp\/v2\/sport?post=1492971"},{"taxonomy":"saison","embeddable":true,"href":"https:\/\/theplayoffs.news\/fr\/wp-json\/wp\/v2\/saison?post=1492971"}],"curies":[{"name":"wp","href":"https:\/\/api.w.org\/{rel}","templated":true}]}}