{"id":1492920,"date":"2025-05-30T06:40:00","date_gmt":"2025-05-30T04:40:00","guid":{"rendered":"https:\/\/theplayoffs.news\/fr\/uncategorized\/\/"},"modified":"2025-05-30T06:40:14","modified_gmt":"2025-05-30T04:40:14","slug":"podcast-nba-ete-2025-la-plus-folle-des-intersaisons","status":"publish","type":"post","link":"https:\/\/theplayoffs.news\/fr\/actualite-nba\/podcast-nba-ete-2025-la-plus-folle-des-intersaisons\/","title":{"rendered":"Podcast NBA &#8211; Ete 2025: la plus folle des intersaisons?"},"content":{"rendered":"<p>Dans ce nouvel &eacute;pisode du podcast And One, le podcast d&eacute;di&eacute; &agrave; l&rsquo;actualit&eacute; de la NBA, notre &eacute;quipe de sp&eacute;cialiste a d&eacute;cid&eacute; de voir plus loin que la fin de cette saison 2025 qui approche &agrave; grand pas.<\/p><p>Nos intervenants vont donc se projeter dans l&rsquo;intersaison qui s&rsquo;annonce comme l&rsquo;une des plus folles de tous les temps. De Boston &agrave; San Antonio en passant par Milwaukee et Los Angeles, que pouvons nous attendre de ces prochains mois?<\/p><p>D&eacute;but de r&eacute;ponse dans ce podcast<\/p><iframe name=\"Ausha Podcast Player\" frameborder=\"0\" loading=\"lazy\" id=\"ausha-f0dr\" height=\"220\" style=\"border: none; width:100%; height:220px\" src=\"https:\/\/player.ausha.co\/?showId=bWKXAUmVYRJn&amp;color=%23751CBF&amp;podcastId=Bn9XZSD1zGAM&amp;v=3&amp;playerId=ausha-f0dr\"><\/iframe><script src=\"https:\/\/player.ausha.co\/ausha-player.js\"><\/script><h3 class=\"wp-block-heading\"><strong>O&ugrave; &eacute;couter le podcast NBA de&nbsp;<a href=\"https:\/\/theplayoffs.news\/fr\/category\/nba\/\" class=\"trk-cta-link\" data-cta-trk='{\"ctaType\":\"Link\",\"ctaSubType\":\"main\"}'>TPO<\/a>&nbsp;?&nbsp;<\/strong><\/h3><ul class=\"wp-block-list\">\n<li><a href=\"https:\/\/open.spotify.com\/show\/12rbf0HOG3Kxc4QjnDeBpc\" target=\"_blank\" rel=\"noreferrer noopener\" class=\"trk-cta-link\" data-cta-trk='{\"ctaType\":\"Link\",\"ctaSubType\":\"main\"}'>Spotify<\/a><\/li>\n\n\n\n<li><a href=\"https:\/\/podcasts.apple.com\/us\/podcast\/stepback-le-podcast-nba-de-the-free-agent\/id1627529982\" target=\"_blank\" rel=\"noreferrer noopener\" class=\"trk-cta-link\" data-cta-trk='{\"ctaType\":\"Link\",\"ctaSubType\":\"main\"}'>Apple<\/a><\/li>\n\n\n\n<li><a href=\"https:\/\/www.youtube.com\/playlist?list=PLnM0nGdBYylir7lq4XZKfWTRyQGFF54Kh\" target=\"_blank\" rel=\"noreferrer noopener\" class=\"trk-cta-link\" data-cta-trk='{\"ctaType\":\"Link\",\"ctaSubType\":\"main\"}'>Youtube<\/a><\/li>\n\n\n\n<li><a href=\"https:\/\/www.deezer.com\/show\/3767197\" target=\"_blank\" rel=\"noreferrer noopener\" class=\"trk-cta-link\" data-cta-trk='{\"ctaType\":\"Link\",\"ctaSubType\":\"main\"}'>Deezer<\/a><\/li>\n\n\n\n<li><a href=\"https:\/\/podcasts.google.com\/feed\/aHR0cHM6Ly9mZWVkLmF1c2hhLmNvL2JXS1hBVW1WWVJKbg?sa=X&amp;ved=0CAMQ4aUDahcKEwiYnc26pef4AhUAAAAAHQAAAAAQNQ\" target=\"_blank\" rel=\"noreferrer noopener\" class=\"trk-cta-link\" data-cta-trk='{\"ctaType\":\"Link\",\"ctaSubType\":\"main\"}'>Google<\/a><\/li>\n\n\n\n<li><a href=\"https:\/\/music.amazon.com\/podcasts\/f5019385-00b6-4393-b3bb-46eb5e9b1904\" target=\"_blank\" rel=\"noreferrer noopener\" class=\"trk-cta-link\" data-cta-trk='{\"ctaType\":\"Link\",\"ctaSubType\":\"main\"}'>Amazon<\/a><\/li>\n\n\n\n<li><a href=\"https:\/\/podcastaddict.com\/podcast\/3985747\" target=\"_blank\" rel=\"noreferrer noopener\" class=\"trk-cta-link\" data-cta-trk='{\"ctaType\":\"Link\",\"ctaSubType\":\"main\"}'>Podcast Addict<\/a><\/li>\n<\/ul>\n","protected":false},"excerpt":{"rendered":"<p>NBA &#8211; Nouvel \u00e9pisode de votre podcast And One qui \u00e9voque l&rsquo;intersaison \u00e0 venir<\/p>\n","protected":false},"author":180310258,"featured_media":339351,"comment_status":"closed","ping_status":"closed","sticky":false,"template":"","format":"standard","meta":{"inline_featured_image":false,"kia_subtitle":"NBA - Nouvel \u00e9pisode de votre podcast And One qui \u00e9voque l'intersaison \u00e0 venir","_mux_skip_reasons":[],"proofreadBy":0,"footnotes":""},"categories":[110,8414,10,8408],"tags":[4504],"sport":[2783],"saison":[7475],"class_list":["post-1492920","post","type-post","status-publish","format-standard","has-post-thumbnail","hentry","category-actualite-nba","category-basketball-sports","category-nba","category-sports","tag-podcast-nba","sport-nba","saison-7475"],"acf":[],"yoast_head":"<!-- This site is optimized with the Yoast SEO plugin v24.2 - https:\/\/yoast.com\/wordpress\/plugins\/seo\/ -->\n<title>Podcast NBA - Ete 2025: la plus folle des intersaisons? - The Playoffs FR<\/title>\n<meta name=\"robots\" content=\"index, follow, max-snippet:-1, max-image-preview:large, max-video-preview:-1\" \/>\n<link rel=\"canonical\" href=\"https:\/\/theplayoffs.news\/fr\/actualite-nba\/podcast-nba-ete-2025-la-plus-folle-des-intersaisons\/\" \/>\n<meta property=\"og:locale\" content=\"fr_FR\" \/>\n<meta property=\"og:type\" content=\"article\" \/>\n<meta property=\"og:title\" content=\"Podcast NBA - Ete 2025: la plus folle des intersaisons? - The Playoffs FR\" \/>\n<meta property=\"og:description\" content=\"NBA - Nouvel &eacute;pisode de votre podcast And One qui &eacute;voque l&#039;intersaison &agrave; venir\" \/>\n<meta property=\"og:url\" content=\"https:\/\/theplayoffs.news\/fr\/actualite-nba\/podcast-nba-ete-2025-la-plus-folle-des-intersaisons\/\" \/>\n<meta property=\"og:site_name\" content=\"The Playoffs FR\" \/>\n<meta property=\"article:publisher\" content=\"https:\/\/www.facebook.com\/TheFreeAgentFR\/\" \/>\n<meta property=\"article:modified_time\" content=\"2025-05-30T06:40:14+02:00\" \/>\n<meta property=\"og:image\" content=\"https:\/\/theplayoffs.news\/fr\/wp-content\/uploads\/2022\/05\/PODCAST-2.png\" \/>\n\t<meta property=\"og:image:width\" content=\"1080\" \/>\n\t<meta property=\"og:image:height\" content=\"1080\" \/>\n\t<meta property=\"og:image:type\" content=\"image\/png\" \/>\n<meta name=\"author\" content=\"Raphael Pascal\" \/>\n<meta name=\"twitter:card\" content=\"summary_large_image\" \/>\n<meta name=\"twitter:creator\" content=\"@raph_psc\" \/>\n<meta name=\"twitter:site\" content=\"@TheFreeAgentFR\" \/>\n<meta name=\"twitter:label1\" content=\"\u00c9crit par\" \/>\n\t<meta name=\"twitter:data1\" content=\"Raphael Pascal\" \/>\n\t<meta name=\"twitter:label2\" content=\"Dur\u00e9e de lecture estim\u00e9e\" \/>\n\t<meta name=\"twitter:data2\" content=\"1 minute\" \/>\n<script type=\"application\/ld+json\" class=\"yoast-schema-graph\">{\"@context\":\"https:\/\/schema.org\",\"@graph\":[{\"@type\":\"WebPage\",\"@id\":\"https:\/\/theplayoffs.news\/fr\/actualite-nba\/podcast-nba-ete-2025-la-plus-folle-des-intersaisons\/\",\"url\":\"https:\/\/theplayoffs.news\/fr\/actualite-nba\/podcast-nba-ete-2025-la-plus-folle-des-intersaisons\/\",\"name\":\"Podcast NBA - Ete 2025: la plus folle des intersaisons? - The Playoffs FR\",\"isPartOf\":{\"@id\":\"https:\/\/theplayoffs.news\/fr\/#website\"},\"primaryImageOfPage\":{\"@id\":\"https:\/\/theplayoffs.news\/fr\/actualite-nba\/podcast-nba-ete-2025-la-plus-folle-des-intersaisons\/#primaryimage\"},\"image\":{\"@id\":\"https:\/\/theplayoffs.news\/fr\/actualite-nba\/podcast-nba-ete-2025-la-plus-folle-des-intersaisons\/#primaryimage\"},\"thumbnailUrl\":\"https:\/\/theplayoffs.news\/fr\/wp-content\/uploads\/2022\/05\/PODCAST-2.png\",\"datePublished\":\"2025-05-30T04:40:00+00:00\",\"dateModified\":\"2025-05-30T04:40:14+00:00\",\"author\":{\"@id\":\"https:\/\/theplayoffs.news\/fr\/#\/schema\/person\/485c897926bddfb30c4c48ac6ef84900\"},\"breadcrumb\":{\"@id\":\"https:\/\/theplayoffs.news\/fr\/actualite-nba\/podcast-nba-ete-2025-la-plus-folle-des-intersaisons\/#breadcrumb\"},\"inLanguage\":\"fr-FR\",\"potentialAction\":[{\"@type\":\"ReadAction\",\"target\":[\"https:\/\/theplayoffs.news\/fr\/actualite-nba\/podcast-nba-ete-2025-la-plus-folle-des-intersaisons\/\"]}]},{\"@type\":\"ImageObject\",\"inLanguage\":\"fr-FR\",\"@id\":\"https:\/\/theplayoffs.news\/fr\/actualite-nba\/podcast-nba-ete-2025-la-plus-folle-des-intersaisons\/#primaryimage\",\"url\":\"https:\/\/theplayoffs.news\/fr\/wp-content\/uploads\/2022\/05\/PODCAST-2.png\",\"contentUrl\":\"https:\/\/theplayoffs.news\/fr\/wp-content\/uploads\/2022\/05\/PODCAST-2.png\",\"width\":1080,\"height\":1080,\"caption\":\"podcast NBA\"},{\"@type\":\"BreadcrumbList\",\"@id\":\"https:\/\/theplayoffs.news\/fr\/actualite-nba\/podcast-nba-ete-2025-la-plus-folle-des-intersaisons\/#breadcrumb\",\"itemListElement\":[{\"@type\":\"ListItem\",\"position\":1,\"name\":\"Accueil\",\"item\":\"https:\/\/theplayoffs.news\/fr\/\"},{\"@type\":\"ListItem\",\"position\":2,\"name\":\"Podcast NBA &#8211; Ete 2025: la plus folle des intersaisons?\"}]},{\"@type\":\"WebSite\",\"@id\":\"https:\/\/theplayoffs.news\/fr\/#website\",\"url\":\"https:\/\/theplayoffs.news\/fr\/\",\"name\":\"The Playoffs FR\",\"description\":\"NBA-NFL-NHL-MLB\",\"potentialAction\":[{\"@type\":\"SearchAction\",\"target\":{\"@type\":\"EntryPoint\",\"urlTemplate\":\"https:\/\/theplayoffs.news\/fr\/?s={search_term_string}\"},\"query-input\":{\"@type\":\"PropertyValueSpecification\",\"valueRequired\":true,\"valueName\":\"search_term_string\"}}],\"inLanguage\":\"fr-FR\"},{\"@type\":\"Person\",\"@id\":\"https:\/\/theplayoffs.news\/fr\/#\/schema\/person\/485c897926bddfb30c4c48ac6ef84900\",\"name\":\"Raphael Pascal\",\"image\":{\"@type\":\"ImageObject\",\"inLanguage\":\"fr-FR\",\"@id\":\"https:\/\/theplayoffs.news\/fr\/#\/schema\/person\/image\/\",\"url\":\"https:\/\/secure.gravatar.com\/avatar\/121ff11187bbf8567a6a8b88a345550217899606196c19205b2337f770b1af55?s=96&d=mm&r=g\",\"contentUrl\":\"https:\/\/secure.gravatar.com\/avatar\/121ff11187bbf8567a6a8b88a345550217899606196c19205b2337f770b1af55?s=96&d=mm&r=g\",\"caption\":\"Raphael Pascal\"},\"description\":\"Podcasteur, commentateur et r\u00e9dacteur NBA et NFL. Depuis toujours fan de sport, j\\\\'ai d\u00e9couvert la NBA et la NFL a 18 ans et \u00e7a a \u00e9t\u00e9 un coup de c\u0153ur. Les Bucks et les Spurs m\\\\'ont fait d\u00e9couvrir la NBA et m\\\\'ont donn\u00e9 cet amour pour ce sport. Et pour la NFL, c\\\\'est le Superbowl perdu par les Chiefs face \u00e0 Tempa Bay qui m\\\\'a fait d\u00e9couvrir ce sport. Depuis, je suis fan de KC. Ce que j\\\\'aime le plus c\\\\'est les \u00e9missions \/ podcadts, car c\\\\'est un moment convivial o\u00f9 l\\\\'on peut donner des informations, mais cela permet aussi de pouvoir \u00e9changer et d\u00e9battre et c\\\\'est toujours passionnant. Rejoignez nous les jeudis \u00e0 19h chaque semaine pour une \u00e9mission NBA en direct sur Twitch, on sera ravi de pouvoir partager ces moments avec vous, et pouvoir r\u00e9pondre \u00e0 vos questions.\",\"sameAs\":[\"https:\/\/www.instagram.com\/raph_psc\/\",\"https:\/\/x.com\/raph_psc\"],\"url\":\"https:\/\/theplayoffs.news\/fr\/author\/rpascal-newsgmail-com\/\"}]}<\/script>\n<!-- \/ Yoast SEO plugin. -->","yoast_head_json":{"title":"Podcast NBA - Ete 2025: la plus folle des intersaisons? - The Playoffs FR","robots":{"index":"index","follow":"follow","max-snippet":"max-snippet:-1","max-image-preview":"max-image-preview:large","max-video-preview":"max-video-preview:-1"},"canonical":"https:\/\/theplayoffs.news\/fr\/actualite-nba\/podcast-nba-ete-2025-la-plus-folle-des-intersaisons\/","og_locale":"fr_FR","og_type":"article","og_title":"Podcast NBA - Ete 2025: la plus folle des intersaisons? - The Playoffs FR","og_description":"NBA - Nouvel &eacute;pisode de votre podcast And One qui &eacute;voque l&#039;intersaison &agrave; venir","og_url":"https:\/\/theplayoffs.news\/fr\/actualite-nba\/podcast-nba-ete-2025-la-plus-folle-des-intersaisons\/","og_site_name":"The Playoffs FR","article_publisher":"https:\/\/www.facebook.com\/TheFreeAgentFR\/","article_modified_time":"2025-05-30T04:40:14+00:00","og_image":[{"width":1080,"height":1080,"url":"https:\/\/theplayoffs.news\/fr\/wp-content\/uploads\/2022\/05\/PODCAST-2.png","type":"image\/png"}],"author":"Raphael Pascal","twitter_card":"summary_large_image","twitter_creator":"@raph_psc","twitter_site":"@TheFreeAgentFR","twitter_misc":{"\u00c9crit par":"Raphael Pascal","Dur\u00e9e de lecture estim\u00e9e":"1 minute"},"schema":{"@context":"https:\/\/schema.org","@graph":[{"@type":"WebPage","@id":"https:\/\/theplayoffs.news\/fr\/actualite-nba\/podcast-nba-ete-2025-la-plus-folle-des-intersaisons\/","url":"https:\/\/theplayoffs.news\/fr\/actualite-nba\/podcast-nba-ete-2025-la-plus-folle-des-intersaisons\/","name":"Podcast NBA - Ete 2025: la plus folle des intersaisons? - The Playoffs FR","isPartOf":{"@id":"https:\/\/theplayoffs.news\/fr\/#website"},"primaryImageOfPage":{"@id":"https:\/\/theplayoffs.news\/fr\/actualite-nba\/podcast-nba-ete-2025-la-plus-folle-des-intersaisons\/#primaryimage"},"image":{"@id":"https:\/\/theplayoffs.news\/fr\/actualite-nba\/podcast-nba-ete-2025-la-plus-folle-des-intersaisons\/#primaryimage"},"thumbnailUrl":"https:\/\/theplayoffs.news\/fr\/wp-content\/uploads\/2022\/05\/PODCAST-2.png","datePublished":"2025-05-30T04:40:00+00:00","dateModified":"2025-05-30T04:40:14+00:00","author":{"@id":"https:\/\/theplayoffs.news\/fr\/#\/schema\/person\/485c897926bddfb30c4c48ac6ef84900"},"breadcrumb":{"@id":"https:\/\/theplayoffs.news\/fr\/actualite-nba\/podcast-nba-ete-2025-la-plus-folle-des-intersaisons\/#breadcrumb"},"inLanguage":"fr-FR","potentialAction":[{"@type":"ReadAction","target":["https:\/\/theplayoffs.news\/fr\/actualite-nba\/podcast-nba-ete-2025-la-plus-folle-des-intersaisons\/"]}]},{"@type":"ImageObject","inLanguage":"fr-FR","@id":"https:\/\/theplayoffs.news\/fr\/actualite-nba\/podcast-nba-ete-2025-la-plus-folle-des-intersaisons\/#primaryimage","url":"https:\/\/theplayoffs.news\/fr\/wp-content\/uploads\/2022\/05\/PODCAST-2.png","contentUrl":"https:\/\/theplayoffs.news\/fr\/wp-content\/uploads\/2022\/05\/PODCAST-2.png","width":1080,"height":1080,"caption":"podcast NBA"},{"@type":"BreadcrumbList","@id":"https:\/\/theplayoffs.news\/fr\/actualite-nba\/podcast-nba-ete-2025-la-plus-folle-des-intersaisons\/#breadcrumb","itemListElement":[{"@type":"ListItem","position":1,"name":"Accueil","item":"https:\/\/theplayoffs.news\/fr\/"},{"@type":"ListItem","position":2,"name":"Podcast NBA &#8211; Ete 2025: la plus folle des intersaisons?"}]},{"@type":"WebSite","@id":"https:\/\/theplayoffs.news\/fr\/#website","url":"https:\/\/theplayoffs.news\/fr\/","name":"The Playoffs FR","description":"NBA-NFL-NHL-MLB","potentialAction":[{"@type":"SearchAction","target":{"@type":"EntryPoint","urlTemplate":"https:\/\/theplayoffs.news\/fr\/?s={search_term_string}"},"query-input":{"@type":"PropertyValueSpecification","valueRequired":true,"valueName":"search_term_string"}}],"inLanguage":"fr-FR"},{"@type":"Person","@id":"https:\/\/theplayoffs.news\/fr\/#\/schema\/person\/485c897926bddfb30c4c48ac6ef84900","name":"Raphael Pascal","image":{"@type":"ImageObject","inLanguage":"fr-FR","@id":"https:\/\/theplayoffs.news\/fr\/#\/schema\/person\/image\/","url":"https:\/\/secure.gravatar.com\/avatar\/121ff11187bbf8567a6a8b88a345550217899606196c19205b2337f770b1af55?s=96&d=mm&r=g","contentUrl":"https:\/\/secure.gravatar.com\/avatar\/121ff11187bbf8567a6a8b88a345550217899606196c19205b2337f770b1af55?s=96&d=mm&r=g","caption":"Raphael Pascal"},"description":"Podcasteur, commentateur et r\u00e9dacteur NBA et NFL. Depuis toujours fan de sport, j\\'ai d\u00e9couvert la NBA et la NFL a 18 ans et \u00e7a a \u00e9t\u00e9 un coup de c\u0153ur. Les Bucks et les Spurs m\\'ont fait d\u00e9couvrir la NBA et m\\'ont donn\u00e9 cet amour pour ce sport. Et pour la NFL, c\\'est le Superbowl perdu par les Chiefs face \u00e0 Tempa Bay qui m\\'a fait d\u00e9couvrir ce sport. Depuis, je suis fan de KC. Ce que j\\'aime le plus c\\'est les \u00e9missions \/ podcadts, car c\\'est un moment convivial o\u00f9 l\\'on peut donner des informations, mais cela permet aussi de pouvoir \u00e9changer et d\u00e9battre et c\\'est toujours passionnant. Rejoignez nous les jeudis \u00e0 19h chaque semaine pour une \u00e9mission NBA en direct sur Twitch, on sera ravi de pouvoir partager ces moments avec vous, et pouvoir r\u00e9pondre \u00e0 vos questions.","sameAs":["https:\/\/www.instagram.com\/raph_psc\/","https:\/\/x.com\/raph_psc"],"url":"https:\/\/theplayoffs.news\/fr\/author\/rpascal-newsgmail-com\/"}]}},"_links":{"self":[{"href":"https:\/\/theplayoffs.news\/fr\/wp-json\/wp\/v2\/posts\/1492920","targetHints":{"allow":["GET"]}}],"collection":[{"href":"https:\/\/theplayoffs.news\/fr\/wp-json\/wp\/v2\/posts"}],"about":[{"href":"https:\/\/theplayoffs.news\/fr\/wp-json\/wp\/v2\/types\/post"}],"author":[{"embeddable":true,"href":"https:\/\/theplayoffs.news\/fr\/wp-json\/wp\/v2\/users\/180310258"}],"replies":[{"embeddable":true,"href":"https:\/\/theplayoffs.news\/fr\/wp-json\/wp\/v2\/comments?post=1492920"}],"version-history":[{"count":1,"href":"https:\/\/theplayoffs.news\/fr\/wp-json\/wp\/v2\/posts\/1492920\/revisions"}],"predecessor-version":[{"id":1492921,"href":"https:\/\/theplayoffs.news\/fr\/wp-json\/wp\/v2\/posts\/1492920\/revisions\/1492921"}],"wp:featuredmedia":[{"embeddable":true,"href":"https:\/\/theplayoffs.news\/fr\/wp-json\/wp\/v2\/media\/339351"}],"wp:attachment":[{"href":"https:\/\/theplayoffs.news\/fr\/wp-json\/wp\/v2\/media?parent=1492920"}],"wp:term":[{"taxonomy":"category","embeddable":true,"href":"https:\/\/theplayoffs.news\/fr\/wp-json\/wp\/v2\/categories?post=1492920"},{"taxonomy":"post_tag","embeddable":true,"href":"https:\/\/theplayoffs.news\/fr\/wp-json\/wp\/v2\/tags?post=1492920"},{"taxonomy":"sport","embeddable":true,"href":"https:\/\/theplayoffs.news\/fr\/wp-json\/wp\/v2\/sport?post=1492920"},{"taxonomy":"saison","embeddable":true,"href":"https:\/\/theplayoffs.news\/fr\/wp-json\/wp\/v2\/saison?post=1492920"}],"curies":[{"name":"wp","href":"https:\/\/api.w.org\/{rel}","templated":true}]}}