{"id":1492831,"date":"2025-05-28T10:18:48","date_gmt":"2025-05-28T08:18:48","guid":{"rendered":"https:\/\/theplayoffs.news\/fr\/uncategorized\/\/"},"modified":"2025-05-28T10:18:53","modified_gmt":"2025-05-28T08:18:53","slug":"programme-du-jour-a-roland-garros-2025-les-matchs-a-ne-pas-manquer-28-05-2025","status":"publish","type":"post","link":"https:\/\/theplayoffs.news\/fr\/tennis\/programme-du-jour-a-roland-garros-2025-les-matchs-a-ne-pas-manquer-28-05-2025\/","title":{"rendered":"Programme du jour \u00e0 Roland-Garros 2025 \u2013 Les matchs \u00e0 ne pas manquer (28\/05\/2025)"},"content":{"rendered":"<p>Le jour 4 de Roland-Garros 2025 marque le d&eacute;but du deuxi&egrave;me tour, tous les matchs du premier tour s&rsquo;&eacute;tant achev&eacute;s la veille. La principale surprise du jour 3 fut l&rsquo;&eacute;limination de la t&ecirc;te de s&eacute;rie n&deg;11, Daniil Medvedev, battu en cinq sets par Cameron Norrie.<\/p><p>Les t&ecirc;tes de s&eacute;rie Jannik Sinner, Alexander Zverev, Jack Draper et le triple champion Novak Djokovic se sont tous qualifi&eacute;s sans encombre pour le deuxi&egrave;me tour. Du c&ocirc;t&eacute; f&eacute;minin, Coco Gauff, Jessica Pegula et Mirra Andreeva ont &eacute;galement connu une journ&eacute;e tranquille.<\/p><p>Pour ce jour 4 &agrave; Paris, les champions en titre Carlos Alcaraz et Iga Swiatek seront &agrave; l&rsquo;affiche, aux c&ocirc;t&eacute;s d&rsquo;autres t&ecirc;tes d&rsquo;affiche comme Aryna Sabalenka, Jasmine Paolini et Casper Ruud, dans ce qui promet d&rsquo;&ecirc;tre une nouvelle journ&eacute;e palpitante dans la capitale fran&ccedil;aise.<\/p><h2 class=\"wp-block-heading\"><strong>Programme du court Philippe-Chatrier &ndash; Jour 4<\/strong><\/h2><p>La journ&eacute;e d&eacute;butera sur le court Philippe-Chatrier avec Jasmine Paolini (t&ecirc;te de s&eacute;rie n&deg;4) face &agrave; Ajla Tomljanovic. Ensuite, les deux champions en titre entreront en sc&egrave;ne : Alcaraz affrontera Fabian Marozsan, puis Swiatek croisera le fer avec Emma Raducanu. Tous ces matchs auront lieu lors de la session de jour.<\/p><p>La session de nuit sera cl&ocirc;tur&eacute;e par Holger Rune (t&ecirc;te de s&eacute;rie n&deg;10), oppos&eacute; &agrave; Emilio Nava.<\/p><figure class=\"wp-block-table\"><table class=\"has-fixed-layout\"><thead><tr><th class=\"has-text-align-center\" data-align=\"center\"><strong>Affiche<\/strong><\/th><th class=\"has-text-align-center\" data-align=\"center\"><strong>Heure locale<\/strong><\/th><\/tr><\/thead><tbody><tr><td class=\"has-text-align-center\" data-align=\"center\">Jasmine Paolini (4) vs. Ajla Tomljanovic<\/td><td class=\"has-text-align-center\" data-align=\"center\">12h00<\/td><\/tr><tr><td class=\"has-text-align-center\" data-align=\"center\">Carlos Alcaraz (2) vs. Fabian Marozsan<\/td><td class=\"has-text-align-center\" data-align=\"center\">13h10<\/td><\/tr><tr><td class=\"has-text-align-center\" data-align=\"center\">Emma Raducanu vs. Iga Swiatek (5)<\/td><td class=\"has-text-align-center\" data-align=\"center\">14h50<\/td><\/tr><tr><td class=\"has-text-align-center\" data-align=\"center\">Holger Rune (10) vs. Emilio Nava<\/td><td class=\"has-text-align-center\" data-align=\"center\">20h15<\/td><\/tr><\/tbody><\/table><\/figure><h2 class=\"wp-block-heading\"><strong>Programme du court Suzanne-Lenglen &ndash; Jour 4<\/strong><\/h2><p>Le court Suzanne-Lenglen verra s&rsquo;ouvrir la journ&eacute;e avec Qinwen Zheng (n&deg;8) contre Emiliana Arango, suivie de Casper Ruud (n&deg;7) face &agrave; Nuno Borges.<\/p><p>Le Fran&ccedil;ais Giovanni Mpetshi Perricard affrontera ensuite Damir Dzumhur, avant qu&rsquo;Aryna Sabalenka (n&deg;1) ne conclue la journ&eacute;e contre Jil Teichmann. Tous ces matchs sont programm&eacute;s en session de jour.<\/p><figure class=\"wp-block-table\"><table class=\"has-fixed-layout\"><thead><tr><th class=\"has-text-align-center\" data-align=\"center\"><strong>Affiche<\/strong><\/th><th class=\"has-text-align-center\" data-align=\"center\"><strong>Heure locale<\/strong><\/th><\/tr><\/thead><tbody><tr><td class=\"has-text-align-center\" data-align=\"center\">Qinwen Zheng (8) vs. Emiliana Arango<\/td><td class=\"has-text-align-center\" data-align=\"center\">11h00<\/td><\/tr><tr><td class=\"has-text-align-center\" data-align=\"center\">Casper Ruud (7) vs. Nuno Borges<\/td><td class=\"has-text-align-center\" data-align=\"center\">12h10<\/td><\/tr><tr><td class=\"has-text-align-center\" data-align=\"center\">Giovanni Mpetshi Perricard (31) vs. Damir Dzumhur<\/td><td class=\"has-text-align-center\" data-align=\"center\">13h50<\/td><\/tr><tr><td class=\"has-text-align-center\" data-align=\"center\">Aryna Sabalenka (1) vs. Jil Teichmann<\/td><td class=\"has-text-align-center\" data-align=\"center\">15h30<\/td><\/tr><\/tbody><\/table><\/figure><h2 class=\"wp-block-heading\"><strong>Programme du court Simonne-Mathieu &ndash; Jour 4<\/strong><\/h2><p>La journ&eacute;e commencera avec Lorenzo Musetti face &agrave; Daniel Elahi Galan. Suivra ensuite Elina Svitolina contre Anna Bondar.<\/p><p>Le Grec Stefanos Tsitsipas d&eacute;fiera Matteo Gigante dans le troisi&egrave;me match, puis Elena Rybakina terminera la journ&eacute;e face &agrave; Iva Jovic. Tous les matchs se joueront en session de jour.<\/p><figure class=\"wp-block-table\"><table class=\"has-fixed-layout\"><thead><tr><th class=\"has-text-align-center\" data-align=\"center\"><strong>Affiche<\/strong><\/th><th class=\"has-text-align-center\" data-align=\"center\"><strong>Heure locale<\/strong><\/th><\/tr><\/thead><tbody><tr><td class=\"has-text-align-center\" data-align=\"center\">Lorenzo Musetti (8) vs. Daniel Elahi Galan<\/td><td class=\"has-text-align-center\" data-align=\"center\">11h00<\/td><\/tr><tr><td class=\"has-text-align-center\" data-align=\"center\">Elina Svitolina (13) vs. Anna Bondar<\/td><td class=\"has-text-align-center\" data-align=\"center\">12h40<\/td><\/tr><tr><td class=\"has-text-align-center\" data-align=\"center\">Stefanos Tsitsipas (20) vs. Matteo Gigante<\/td><td class=\"has-text-align-center\" data-align=\"center\">13h50<\/td><\/tr><tr><td class=\"has-text-align-center\" data-align=\"center\">Elena Rybakina (13) vs. Iva Jovic<\/td><td class=\"has-text-align-center\" data-align=\"center\">15h30<\/td><\/tr><\/tbody><\/table><\/figure><p>Credit Photo: Susan Mullane-Imagn Images<\/p><p><\/p>\n","protected":false},"excerpt":{"rendered":"<p>Les champions en titre Alcaraz et Swiatek entrent en lice en ce jour 4<\/p>\n","protected":false},"author":13,"featured_media":1492834,"comment_status":"closed","ping_status":"closed","sticky":false,"template":"","format":"standard","meta":{"inline_featured_image":false,"kia_subtitle":"Les champions en titre Alcaraz et Swiatek entrent en lice en ce jour 4","_mux_skip_reasons":[],"proofreadBy":0,"footnotes":""},"categories":[8408,8479],"tags":[8527],"sport":[],"saison":[],"class_list":["post-1492831","post","type-post","status-publish","format-standard","has-post-thumbnail","hentry","category-sports","category-tennis","tag-roland-garros-2025-2"],"acf":[],"yoast_head":"<!-- This site is optimized with the Yoast SEO plugin v24.2 - https:\/\/yoast.com\/wordpress\/plugins\/seo\/ -->\n<title>Programme du jour &agrave; Roland-Garros 2025 &ndash; Les matchs &agrave; ne pas manquer (28\/05\/2025) - The Playoffs FR<\/title>\n<meta name=\"robots\" content=\"index, follow, max-snippet:-1, max-image-preview:large, max-video-preview:-1\" \/>\n<link rel=\"canonical\" href=\"https:\/\/theplayoffs.news\/fr\/tennis\/programme-du-jour-a-roland-garros-2025-les-matchs-a-ne-pas-manquer-28-05-2025\/\" \/>\n<meta property=\"og:locale\" content=\"fr_FR\" \/>\n<meta property=\"og:type\" content=\"article\" \/>\n<meta property=\"og:title\" content=\"Programme du jour &agrave; Roland-Garros 2025 &ndash; Les matchs &agrave; ne pas manquer (28\/05\/2025) - The Playoffs FR\" \/>\n<meta property=\"og:description\" content=\"Les champions en titre Alcaraz et Swiatek entrent en lice en ce jour 4\" \/>\n<meta property=\"og:url\" content=\"https:\/\/theplayoffs.news\/fr\/tennis\/programme-du-jour-a-roland-garros-2025-les-matchs-a-ne-pas-manquer-28-05-2025\/\" \/>\n<meta property=\"og:site_name\" content=\"The Playoffs FR\" \/>\n<meta property=\"article:publisher\" content=\"https:\/\/www.facebook.com\/TheFreeAgentFR\/\" \/>\n<meta property=\"article:modified_time\" content=\"2025-05-28T10:18:53+02:00\" \/>\n<meta property=\"og:image\" content=\"https:\/\/theplayoffs.news\/fr\/wp-content\/uploads\/2025\/05\/USATSI_26289423.jpg\" \/>\n\t<meta property=\"og:image:width\" content=\"1920\" \/>\n\t<meta property=\"og:image:height\" content=\"1280\" \/>\n\t<meta property=\"og:image:type\" content=\"image\/jpeg\" \/>\n<meta name=\"author\" content=\"Charles Taudin\" \/>\n<meta name=\"twitter:card\" content=\"summary_large_image\" \/>\n<meta name=\"twitter:creator\" content=\"@TheFreeAgentFR\" \/>\n<meta name=\"twitter:site\" content=\"@TheFreeAgentFR\" \/>\n<meta name=\"twitter:label1\" content=\"\u00c9crit par\" \/>\n\t<meta name=\"twitter:data1\" content=\"Charles Taudin\" \/>\n\t<meta name=\"twitter:label2\" content=\"Dur\u00e9e de lecture estim\u00e9e\" \/>\n\t<meta name=\"twitter:data2\" content=\"3 minutes\" \/>\n<script type=\"application\/ld+json\" class=\"yoast-schema-graph\">{\"@context\":\"https:\/\/schema.org\",\"@graph\":[{\"@type\":\"WebPage\",\"@id\":\"https:\/\/theplayoffs.news\/fr\/tennis\/programme-du-jour-a-roland-garros-2025-les-matchs-a-ne-pas-manquer-28-05-2025\/\",\"url\":\"https:\/\/theplayoffs.news\/fr\/tennis\/programme-du-jour-a-roland-garros-2025-les-matchs-a-ne-pas-manquer-28-05-2025\/\",\"name\":\"Programme du jour \u00e0 Roland-Garros 2025 \u2013 Les matchs \u00e0 ne pas manquer (28\/05\/2025) - The Playoffs FR\",\"isPartOf\":{\"@id\":\"https:\/\/theplayoffs.news\/fr\/#website\"},\"primaryImageOfPage\":{\"@id\":\"https:\/\/theplayoffs.news\/fr\/tennis\/programme-du-jour-a-roland-garros-2025-les-matchs-a-ne-pas-manquer-28-05-2025\/#primaryimage\"},\"image\":{\"@id\":\"https:\/\/theplayoffs.news\/fr\/tennis\/programme-du-jour-a-roland-garros-2025-les-matchs-a-ne-pas-manquer-28-05-2025\/#primaryimage\"},\"thumbnailUrl\":\"https:\/\/theplayoffs.news\/fr\/wp-content\/uploads\/2025\/05\/USATSI_26289423.jpg\",\"datePublished\":\"2025-05-28T08:18:48+00:00\",\"dateModified\":\"2025-05-28T08:18:53+00:00\",\"author\":{\"@id\":\"https:\/\/theplayoffs.news\/fr\/#\/schema\/person\/eee5b69ad5d3c51cabe881c839dbe133\"},\"breadcrumb\":{\"@id\":\"https:\/\/theplayoffs.news\/fr\/tennis\/programme-du-jour-a-roland-garros-2025-les-matchs-a-ne-pas-manquer-28-05-2025\/#breadcrumb\"},\"inLanguage\":\"fr-FR\",\"potentialAction\":[{\"@type\":\"ReadAction\",\"target\":[\"https:\/\/theplayoffs.news\/fr\/tennis\/programme-du-jour-a-roland-garros-2025-les-matchs-a-ne-pas-manquer-28-05-2025\/\"]}]},{\"@type\":\"ImageObject\",\"inLanguage\":\"fr-FR\",\"@id\":\"https:\/\/theplayoffs.news\/fr\/tennis\/programme-du-jour-a-roland-garros-2025-les-matchs-a-ne-pas-manquer-28-05-2025\/#primaryimage\",\"url\":\"https:\/\/theplayoffs.news\/fr\/wp-content\/uploads\/2025\/05\/USATSI_26289423.jpg\",\"contentUrl\":\"https:\/\/theplayoffs.news\/fr\/wp-content\/uploads\/2025\/05\/USATSI_26289423.jpg\",\"width\":1920,\"height\":1280,\"caption\":\"May 26, 2025; Paris, FR; Carlos Alcaraz of Spain reacts to a point during his match against Giulio Zeppieri of Italy on day two at Roland Garros Stadium. Mandatory Credit: Susan Mullane-Imagn Images\"},{\"@type\":\"BreadcrumbList\",\"@id\":\"https:\/\/theplayoffs.news\/fr\/tennis\/programme-du-jour-a-roland-garros-2025-les-matchs-a-ne-pas-manquer-28-05-2025\/#breadcrumb\",\"itemListElement\":[{\"@type\":\"ListItem\",\"position\":1,\"name\":\"Accueil\",\"item\":\"https:\/\/theplayoffs.news\/fr\/\"},{\"@type\":\"ListItem\",\"position\":2,\"name\":\"Programme du jour \u00e0 Roland-Garros 2025 \u2013 Les matchs \u00e0 ne pas manquer (28\/05\/2025)\"}]},{\"@type\":\"WebSite\",\"@id\":\"https:\/\/theplayoffs.news\/fr\/#website\",\"url\":\"https:\/\/theplayoffs.news\/fr\/\",\"name\":\"The Playoffs FR\",\"description\":\"NBA-NFL-NHL-MLB\",\"potentialAction\":[{\"@type\":\"SearchAction\",\"target\":{\"@type\":\"EntryPoint\",\"urlTemplate\":\"https:\/\/theplayoffs.news\/fr\/?s={search_term_string}\"},\"query-input\":{\"@type\":\"PropertyValueSpecification\",\"valueRequired\":true,\"valueName\":\"search_term_string\"}}],\"inLanguage\":\"fr-FR\"},{\"@type\":\"Person\",\"@id\":\"https:\/\/theplayoffs.news\/fr\/#\/schema\/person\/eee5b69ad5d3c51cabe881c839dbe133\",\"name\":\"Charles Taudin\",\"image\":{\"@type\":\"ImageObject\",\"inLanguage\":\"fr-FR\",\"@id\":\"https:\/\/theplayoffs.news\/fr\/#\/schema\/person\/image\/\",\"url\":\"https:\/\/secure.gravatar.com\/avatar\/59a1e772205ce9fd255edfcafc93013736822e20261f294c5753b20c41ede9f2?s=96&d=mm&r=g\",\"contentUrl\":\"https:\/\/secure.gravatar.com\/avatar\/59a1e772205ce9fd255edfcafc93013736822e20261f294c5753b20c41ede9f2?s=96&d=mm&r=g\",\"caption\":\"Charles Taudin\"},\"description\":\"R\u00e9dacteur en chef global de The Playoffs, j\u2019ai cr\u00e9\u00e9 The Free Agent, devenu The Playoffs FR, en 2020 durant la pand\u00e9mie. Amoureux depuis des ann\u00e9es des 4 sports majeurs am\u00e9ricains, j\u2019organise maintenant la strat\u00e9gie \u00e9ditoriale et les r\u00e9seaux sociaux de l\u2019ensemble des versions de The Playoffs. Il m\u2019arrive encore d\u2019\u00e9crire sur certains sports que j\u2019affectionne particuli\u00e8rement comme la NFL ou la MLB. Si vous devez retenir qu\u2019une chose : Eli Manning est le vrai GOAT pour avoir battu deux fois Tom Brady.\",\"sameAs\":[\"https:\/\/www.instagram.com\/ctaudin_\/\"],\"url\":\"https:\/\/theplayoffs.news\/fr\/author\/charles-taudin\/\"}]}<\/script>\n<!-- \/ Yoast SEO plugin. -->","yoast_head_json":{"title":"Programme du jour &agrave; Roland-Garros 2025 &ndash; Les matchs &agrave; ne pas manquer (28\/05\/2025) - The Playoffs FR","robots":{"index":"index","follow":"follow","max-snippet":"max-snippet:-1","max-image-preview":"max-image-preview:large","max-video-preview":"max-video-preview:-1"},"canonical":"https:\/\/theplayoffs.news\/fr\/tennis\/programme-du-jour-a-roland-garros-2025-les-matchs-a-ne-pas-manquer-28-05-2025\/","og_locale":"fr_FR","og_type":"article","og_title":"Programme du jour &agrave; Roland-Garros 2025 &ndash; Les matchs &agrave; ne pas manquer (28\/05\/2025) - The Playoffs FR","og_description":"Les champions en titre Alcaraz et Swiatek entrent en lice en ce jour 4","og_url":"https:\/\/theplayoffs.news\/fr\/tennis\/programme-du-jour-a-roland-garros-2025-les-matchs-a-ne-pas-manquer-28-05-2025\/","og_site_name":"The Playoffs FR","article_publisher":"https:\/\/www.facebook.com\/TheFreeAgentFR\/","article_modified_time":"2025-05-28T08:18:53+00:00","og_image":[{"width":1920,"height":1280,"url":"https:\/\/theplayoffs.news\/fr\/wp-content\/uploads\/2025\/05\/USATSI_26289423.jpg","type":"image\/jpeg"}],"author":"Charles Taudin","twitter_card":"summary_large_image","twitter_creator":"@TheFreeAgentFR","twitter_site":"@TheFreeAgentFR","twitter_misc":{"\u00c9crit par":"Charles Taudin","Dur\u00e9e de lecture estim\u00e9e":"3 minutes"},"schema":{"@context":"https:\/\/schema.org","@graph":[{"@type":"WebPage","@id":"https:\/\/theplayoffs.news\/fr\/tennis\/programme-du-jour-a-roland-garros-2025-les-matchs-a-ne-pas-manquer-28-05-2025\/","url":"https:\/\/theplayoffs.news\/fr\/tennis\/programme-du-jour-a-roland-garros-2025-les-matchs-a-ne-pas-manquer-28-05-2025\/","name":"Programme du jour \u00e0 Roland-Garros 2025 \u2013 Les matchs \u00e0 ne pas manquer (28\/05\/2025) - The Playoffs FR","isPartOf":{"@id":"https:\/\/theplayoffs.news\/fr\/#website"},"primaryImageOfPage":{"@id":"https:\/\/theplayoffs.news\/fr\/tennis\/programme-du-jour-a-roland-garros-2025-les-matchs-a-ne-pas-manquer-28-05-2025\/#primaryimage"},"image":{"@id":"https:\/\/theplayoffs.news\/fr\/tennis\/programme-du-jour-a-roland-garros-2025-les-matchs-a-ne-pas-manquer-28-05-2025\/#primaryimage"},"thumbnailUrl":"https:\/\/theplayoffs.news\/fr\/wp-content\/uploads\/2025\/05\/USATSI_26289423.jpg","datePublished":"2025-05-28T08:18:48+00:00","dateModified":"2025-05-28T08:18:53+00:00","author":{"@id":"https:\/\/theplayoffs.news\/fr\/#\/schema\/person\/eee5b69ad5d3c51cabe881c839dbe133"},"breadcrumb":{"@id":"https:\/\/theplayoffs.news\/fr\/tennis\/programme-du-jour-a-roland-garros-2025-les-matchs-a-ne-pas-manquer-28-05-2025\/#breadcrumb"},"inLanguage":"fr-FR","potentialAction":[{"@type":"ReadAction","target":["https:\/\/theplayoffs.news\/fr\/tennis\/programme-du-jour-a-roland-garros-2025-les-matchs-a-ne-pas-manquer-28-05-2025\/"]}]},{"@type":"ImageObject","inLanguage":"fr-FR","@id":"https:\/\/theplayoffs.news\/fr\/tennis\/programme-du-jour-a-roland-garros-2025-les-matchs-a-ne-pas-manquer-28-05-2025\/#primaryimage","url":"https:\/\/theplayoffs.news\/fr\/wp-content\/uploads\/2025\/05\/USATSI_26289423.jpg","contentUrl":"https:\/\/theplayoffs.news\/fr\/wp-content\/uploads\/2025\/05\/USATSI_26289423.jpg","width":1920,"height":1280,"caption":"May 26, 2025; Paris, FR; Carlos Alcaraz of Spain reacts to a point during his match against Giulio Zeppieri of Italy on day two at Roland Garros Stadium. Mandatory Credit: Susan Mullane-Imagn Images"},{"@type":"BreadcrumbList","@id":"https:\/\/theplayoffs.news\/fr\/tennis\/programme-du-jour-a-roland-garros-2025-les-matchs-a-ne-pas-manquer-28-05-2025\/#breadcrumb","itemListElement":[{"@type":"ListItem","position":1,"name":"Accueil","item":"https:\/\/theplayoffs.news\/fr\/"},{"@type":"ListItem","position":2,"name":"Programme du jour \u00e0 Roland-Garros 2025 \u2013 Les matchs \u00e0 ne pas manquer (28\/05\/2025)"}]},{"@type":"WebSite","@id":"https:\/\/theplayoffs.news\/fr\/#website","url":"https:\/\/theplayoffs.news\/fr\/","name":"The Playoffs FR","description":"NBA-NFL-NHL-MLB","potentialAction":[{"@type":"SearchAction","target":{"@type":"EntryPoint","urlTemplate":"https:\/\/theplayoffs.news\/fr\/?s={search_term_string}"},"query-input":{"@type":"PropertyValueSpecification","valueRequired":true,"valueName":"search_term_string"}}],"inLanguage":"fr-FR"},{"@type":"Person","@id":"https:\/\/theplayoffs.news\/fr\/#\/schema\/person\/eee5b69ad5d3c51cabe881c839dbe133","name":"Charles Taudin","image":{"@type":"ImageObject","inLanguage":"fr-FR","@id":"https:\/\/theplayoffs.news\/fr\/#\/schema\/person\/image\/","url":"https:\/\/secure.gravatar.com\/avatar\/59a1e772205ce9fd255edfcafc93013736822e20261f294c5753b20c41ede9f2?s=96&d=mm&r=g","contentUrl":"https:\/\/secure.gravatar.com\/avatar\/59a1e772205ce9fd255edfcafc93013736822e20261f294c5753b20c41ede9f2?s=96&d=mm&r=g","caption":"Charles Taudin"},"description":"R\u00e9dacteur en chef global de The Playoffs, j\u2019ai cr\u00e9\u00e9 The Free Agent, devenu The Playoffs FR, en 2020 durant la pand\u00e9mie. Amoureux depuis des ann\u00e9es des 4 sports majeurs am\u00e9ricains, j\u2019organise maintenant la strat\u00e9gie \u00e9ditoriale et les r\u00e9seaux sociaux de l\u2019ensemble des versions de The Playoffs. Il m\u2019arrive encore d\u2019\u00e9crire sur certains sports que j\u2019affectionne particuli\u00e8rement comme la NFL ou la MLB. Si vous devez retenir qu\u2019une chose : Eli Manning est le vrai GOAT pour avoir battu deux fois Tom Brady.","sameAs":["https:\/\/www.instagram.com\/ctaudin_\/"],"url":"https:\/\/theplayoffs.news\/fr\/author\/charles-taudin\/"}]}},"_links":{"self":[{"href":"https:\/\/theplayoffs.news\/fr\/wp-json\/wp\/v2\/posts\/1492831","targetHints":{"allow":["GET"]}}],"collection":[{"href":"https:\/\/theplayoffs.news\/fr\/wp-json\/wp\/v2\/posts"}],"about":[{"href":"https:\/\/theplayoffs.news\/fr\/wp-json\/wp\/v2\/types\/post"}],"author":[{"embeddable":true,"href":"https:\/\/theplayoffs.news\/fr\/wp-json\/wp\/v2\/users\/13"}],"replies":[{"embeddable":true,"href":"https:\/\/theplayoffs.news\/fr\/wp-json\/wp\/v2\/comments?post=1492831"}],"version-history":[{"count":1,"href":"https:\/\/theplayoffs.news\/fr\/wp-json\/wp\/v2\/posts\/1492831\/revisions"}],"predecessor-version":[{"id":1492835,"href":"https:\/\/theplayoffs.news\/fr\/wp-json\/wp\/v2\/posts\/1492831\/revisions\/1492835"}],"wp:featuredmedia":[{"embeddable":true,"href":"https:\/\/theplayoffs.news\/fr\/wp-json\/wp\/v2\/media\/1492834"}],"wp:attachment":[{"href":"https:\/\/theplayoffs.news\/fr\/wp-json\/wp\/v2\/media?parent=1492831"}],"wp:term":[{"taxonomy":"category","embeddable":true,"href":"https:\/\/theplayoffs.news\/fr\/wp-json\/wp\/v2\/categories?post=1492831"},{"taxonomy":"post_tag","embeddable":true,"href":"https:\/\/theplayoffs.news\/fr\/wp-json\/wp\/v2\/tags?post=1492831"},{"taxonomy":"sport","embeddable":true,"href":"https:\/\/theplayoffs.news\/fr\/wp-json\/wp\/v2\/sport?post=1492831"},{"taxonomy":"saison","embeddable":true,"href":"https:\/\/theplayoffs.news\/fr\/wp-json\/wp\/v2\/saison?post=1492831"}],"curies":[{"name":"wp","href":"https:\/\/api.w.org\/{rel}","templated":true}]}}