{"id":1492742,"date":"2025-05-27T11:05:59","date_gmt":"2025-05-27T09:05:59","guid":{"rendered":"https:\/\/theplayoffs.news\/fr\/uncategorized\/\/"},"modified":"2025-05-27T11:06:06","modified_gmt":"2025-05-27T09:06:06","slug":"malgre-sa-prestation-lors-du-match-4-anthony-edwards-estime-avoir-fait-les-bons-choix-toute-la-soiree","status":"publish","type":"post","link":"https:\/\/theplayoffs.news\/fr\/actualite-nba\/malgre-sa-prestation-lors-du-match-4-anthony-edwards-estime-avoir-fait-les-bons-choix-toute-la-soiree\/","title":{"rendered":"Malgr\u00e9 sa prestation lors du match 4, Anthony Edwards estime avoir \u00ab fait les bons choix toute la soir\u00e9e \u00bb"},"content":{"rendered":"<p>Pour la premi&egrave;re fois dans ces playoffs 2025, les Wolves sont en difficult&eacute;. La franchise est m&ecirc;me dans une tr&egrave;s mauvaise posture, puisqu&rsquo;elle est men&eacute;e 3-1 dans sa s&eacute;rie face au Thunder, et se retrouve donc &agrave; une d&eacute;faite de l&rsquo;&eacute;limination. Le cas &eacute;ch&eacute;ant, Minnesota s&rsquo;arr&ecirc;terait au m&ecirc;me stade que la saison pass&eacute;e, et sur le m&ecirc;me score (4-1 face aux Mavs en 2024). La mauvaise passe que traverse la franchise de Minneapolis pourrait s&rsquo;expliquer par la baisse de r&eacute;gime d&rsquo;Anthony Edwards, particuli&egrave;rement visible lors du match 4.&nbsp;<\/p><h2 class=\"wp-block-heading\">Une prestation d&eacute;cevante qui ne perturbe pas Edwards&nbsp;<\/h2><p>Dos au mur et sur la sellette, les Wolves d&rsquo;Anthony Edwards n&rsquo;ont d&eacute;sormais plus le droit &agrave; l&rsquo;erreur. La nuit derni&egrave;re, dans un match crucial &agrave; domicile qui aurait pu leur permettre de recoller au score, les Timberwolves se sont inclin&eacute;s (126-128). Les loups n&rsquo;ont jamais r&eacute;ussi &agrave; combler l&rsquo;&eacute;cart apr&egrave;s avoir encaiss&eacute; un 37-30 dans le premier quart-temps. Leader de l&rsquo;&eacute;quipe, Anthony Edwards semble avoir marqu&eacute; le pas, m&ecirc;me s&rsquo;il pr&eacute;f&egrave;re attribuer cela &agrave; la qualit&eacute; du plan de jeu adverse.&nbsp;<\/p><blockquote class=\"wp-block-quote is-layout-flow wp-block-quote-is-layout-flow\">\n<p>&laquo; Je ne vois pas &ccedil;a comme si j&rsquo;avais gal&eacute;r&eacute;, ou [Julius Randle] avait gal&eacute;r&eacute; &raquo;, a d&eacute;clar&eacute; Edwards.&nbsp;Ils avaient juste un bon plan de jeu, nous for&ccedil;ant &agrave; l&acirc;cher la balle. Surtout pour moi, mec. Ils &eacute;taient tr&egrave;s pr&eacute;sents dans les intervalles, j&rsquo;ai fait les bons choix toute la soir&eacute;e. &raquo;&nbsp;<\/p>\n<\/blockquote><p>&laquo;&nbsp;Ant Man&nbsp;&raquo; a termin&eacute; avec 16 points, son deuxi&egrave;me plus faible total de la post-saison, et n&rsquo;a tent&eacute; que 13 tirs (5 r&eacute;ussis, dont 1 sur 7 &agrave; trois points), &eacute;galant ainsi son plus bas total de tentatives en playoffs. Mais ce dernier n&rsquo;y voit aucun signe de faiblesse.&nbsp;<\/p><blockquote class=\"wp-block-quote is-layout-flow wp-block-quote-is-layout-flow\">\n<p>&laquo; Je ne consid&egrave;re pas avoir eu des difficult&eacute;s &raquo;, a-t-il insist&eacute;.&nbsp;Je n&rsquo;ai pas eu assez de tirs pour dire que j&rsquo;ai gal&eacute;r&eacute;. C&rsquo;est peut-&ecirc;tre votre point de vue, mais moi, je n&rsquo;ai pas gal&eacute;r&eacute;. J&rsquo;ai juste fait les bons choix. &raquo;&nbsp;<\/p>\n<\/blockquote><p>Apr&egrave;s deux matchs &agrave; plus de 30 points, Edwards a cette fois &eacute;t&eacute; bien contenu, notamment en premi&egrave;re mi-temps, o&ugrave; il n&rsquo;a inscrit que 4 points (1 sur 2 au tir).&nbsp;Alors qu&rsquo;il tentait en moyenne 22,4 tirs par match au premier tour et 19,8 au second, il n&rsquo;en a tent&eacute; que 17,3 de moyenne face &agrave; OKC jusqu&rsquo;&agrave; pr&eacute;sent, selon <a href=\"https:\/\/www.espn.com\/nba\/story\/_\/id\/45339319\/thunder-contain-timberwolves-anthony-edwards-julius-randle-game-4\" target=\"_blank\" rel=\"noreferrer noopener\" class=\"trk-cta-link\" data-cta-trk='{\"ctaType\":\"Link\",\"ctaSubType\":\"main\"}'>ESPN<\/a>.&nbsp;Serein et confiant, la star de 23 ans estime avoir fait les bons choix dans le jeu.&nbsp;<\/p><blockquote class=\"wp-block-quote is-layout-flow wp-block-quote-is-layout-flow\">\n<p>&laquo; C&rsquo;est s&ucirc;r que j&rsquo;ai envie de marquer, de mettre le ballon dans le cercle &raquo;, a-t-il confi&eacute;. Mais tu ne veux pas prendre de mauvais tirs et casser le rythme de l&rsquo;&eacute;quipe. Donc j&rsquo;ai juste jou&eacute; de la bonne mani&egrave;re. &raquo;&nbsp;<\/p>\n<\/blockquote><h3 class=\"wp-block-heading\">Une deuxi&egrave;me mi-temps encourageante&nbsp;<\/h3><p>De son c&ocirc;t&eacute;, l&rsquo;entra&icirc;neur des Wolves, Chris Finch, pr&eacute;f&egrave;re retenir les points positifs et a not&eacute; une am&eacute;lioration d&rsquo;Edwards en seconde p&eacute;riode.&nbsp;<\/p><blockquote class=\"wp-block-quote is-layout-flow wp-block-quote-is-layout-flow\">\n<p>&laquo; Je trouve qu&rsquo;il a &eacute;t&eacute; plus agressif en deuxi&egrave;me mi-temps, a-t-il d&eacute;clar&eacute;. Il a attaqu&eacute; le cercle. On l&rsquo;a un peu plus fait jouer sans ballon. Quand il est all&eacute; dans la peinture, il a su trouver ses co&eacute;quipiers et faire les bons choix. En premi&egrave;re mi-temps, il est rest&eacute; un peu trop passif. Il fallait qu&rsquo;il soit plus en avance pour qu&rsquo;on puisse mieux &eacute;tirer le jeu et poser des &eacute;crans pour lui. Mais la deuxi&egrave;me mi-temps a &eacute;t&eacute; bien meilleure. &raquo;&nbsp;<\/p>\n<\/blockquote><p>De son c&ocirc;t&eacute;, Julius Randle, autre figure importante de l&rsquo;&eacute;quipe, n&rsquo;a gu&egrave;re fait mieux avec seulement 5 points (1 sur 7 au tir), son plus faible total en carri&egrave;re en playoffs.&nbsp;Randle et Edwards ont &eacute;galement commis cinq pertes de balle chacun, dans un match o&ugrave; Minnesota a perdu 23 ballons au total.&nbsp;<br>L&rsquo;ancien joueur des Knicks a fait preuve de lucidit&eacute; apr&egrave;s la rencontre :&nbsp;<\/p><blockquote class=\"wp-block-quote is-layout-flow wp-block-quote-is-layout-flow\">\n<p>&laquo; J&rsquo;ai pass&eacute; trop de temps &agrave; regarder, a-t-il reconnu. Je dois trouver un moyen de m&rsquo;impliquer davantage dans le jeu. Je crois que je n&rsquo;ai pas pris mon premier tir de la deuxi&egrave;me mi-temps avant qu&rsquo;il ne reste 20 secondes dans le troisi&egrave;me quart-temps. Il faut que je trouve un moyen d&rsquo;&ecirc;tre plus agressif, au lieu de rester debout &agrave; regarder ou juste essayer de prendre des rebonds offensifs. &raquo;&nbsp;<\/p>\n<\/blockquote><div class=\"related-slider related-slider--loading\">\n    <div class=\"related-slider__header\">\n        <div class=\"related-slider__header__title\">Lire aussi :<\/div>\n        <div class=\"related-slider__header__buttons\">\n            <div class=\"swiper-button-prev\"><\/div>\n            <div class=\"swiper-button-next\"><\/div>\n        <\/div>\n    <\/div>\n    <div class=\"swiper-container\">\n        <div class=\"swiper-wrapper\">\n                            <div class=\"swiper-slide\">\n                    <a class=\"related-slider-card  trk-cta-img\" href=\"https:\/\/theplayoffs.news\/fr\/actualite-nba\/resultats-nba-18-12-les-mavs-douchent-les-pistons-maxime-raynaud-superstar\/\" title=\"R&eacute;sultats NBA (18\/12): les Mavs douchent les Pistons, Maxime Raynaud superstar !\" data-cta-trk='{\"ctaType\":\"Image\",\"ctaSubType\":\"main\"}'>\n    <div class=\"related-slider-card__image\">\n        <img loading=\"lazy\" decoding=\"async\" width=\"600\" height=\"400\" src=\"https:\/\/theplayoffs.news\/fr\/wp-content\/uploads\/2025\/12\/USATSI_27848729_168402440_lowres-600x400.jpg\" class=\"attachment-medium size-medium wp-post-image\" alt=\"NBA Cooper Flagg Nikola Jokic Maxime Raynaud Cade Cunningham\" srcset=\"https:\/\/theplayoffs.news\/fr\/wp-content\/uploads\/2025\/12\/USATSI_27848729_168402440_lowres-600x400.jpg 600w, https:\/\/theplayoffs.news\/fr\/wp-content\/uploads\/2025\/12\/USATSI_27848729_168402440_lowres-1200x800.jpg 1200w, https:\/\/theplayoffs.news\/fr\/wp-content\/uploads\/2025\/12\/USATSI_27848729_168402440_lowres-768x512.jpg 768w, https:\/\/theplayoffs.news\/fr\/wp-content\/uploads\/2025\/12\/USATSI_27848729_168402440_lowres-1536x1024.jpg 1536w, https:\/\/theplayoffs.news\/fr\/wp-content\/uploads\/2025\/12\/USATSI_27848729_168402440_lowres-1320x880.jpg 1320w, https:\/\/theplayoffs.news\/fr\/wp-content\/uploads\/2025\/12\/USATSI_27848729_168402440_lowres.jpg 1920w\" sizes=\"auto, (max-width: 600px) 100vw, 600px\">\n                            <\/div>\n    <div class=\"related-slider-card__content\">\n        <div class=\"related-slider-card__content__tags\">\n                            <div class=\"related-slider-card__content__tags__category\">\n                    Actualit&eacute; NBA\n                <\/div>\n                        <div class=\"related-slider-card__content__tags__date\" data-dynamic-date=\"2025-12-19T09:45:57+01:00\">\n                19 d&eacute;cembre 2025\n            <\/div>\n        <\/div>\n        <div class=\"related-slider-card__content__title\">\n            R&eacute;sultats NBA (18\/12): les Mavs douchent les Pistons, Maxime Raynaud superstar !\n        <\/div>\n                    <div class=\"related-slider-card__content__read-more\">\n                Voir plus\n                <i>\n                    <svg width=\"17\" height=\"15\" viewbox=\"0 0 17 15\" fill=\"none\" xmlns=\"http:\/\/www.w3.org\/2000\/svg\">\n<path d=\"M1 6.5C0.447715 6.5 0 6.94772 0 7.5C0 8.05228 0.447715 8.5 1 8.5V6.5ZM16.7071 8.20711C17.0976 7.81658 17.0976 7.18342 16.7071 6.79289L10.3431 0.428932C9.95262 0.0384078 9.31946 0.0384078 8.92893 0.428932C8.53841 0.819457 8.53841 1.45262 8.92893 1.84315L14.5858 7.5L8.92893 13.1569C8.53841 13.5474 8.53841 14.1805 8.92893 14.5711C9.31946 14.9616 9.95262 14.9616 10.3431 14.5711L16.7071 8.20711ZM1 7.5V8.5H8.5V7.5V6.5H1V7.5ZM8.5 7.5V8.5H16V7.5V6.5H8.5V7.5Z\" fill=\"white\"><\/path>\n<\/svg>\n\n                <\/i>\n            <\/div>\n            <\/div>\n<\/a>\n\n                <\/div>\n                            <div class=\"swiper-slide\">\n                    <a class=\"related-slider-card  trk-cta-img\" href=\"https:\/\/theplayoffs.news\/fr\/actualite-nba\/resultats-nba-17-12-chicago-enfonce-les-cavs-memphis-en-patron-dans-le-minnesota\/\" title=\"R&eacute;sultats NBA (17\/12): Chicago enfonce les Cavs, Memphis en patron dans le Minnesota !\" data-cta-trk='{\"ctaType\":\"Image\",\"ctaSubType\":\"main\"}'>\n    <div class=\"related-slider-card__image\">\n        <img loading=\"lazy\" decoding=\"async\" width=\"600\" height=\"400\" src=\"https:\/\/theplayoffs.news\/fr\/wp-content\/uploads\/2025\/12\/USATSI_27840419_168402440_lowres-600x400.jpg\" class=\"attachment-medium size-medium wp-post-image\" alt=\"NBA Minnesota Timberwolves Ja Morant Anthony Edwards Rudy Gobert Julius Randle Josh Giddey\" srcset=\"https:\/\/theplayoffs.news\/fr\/wp-content\/uploads\/2025\/12\/USATSI_27840419_168402440_lowres-600x400.jpg 600w, https:\/\/theplayoffs.news\/fr\/wp-content\/uploads\/2025\/12\/USATSI_27840419_168402440_lowres-1200x799.jpg 1200w, https:\/\/theplayoffs.news\/fr\/wp-content\/uploads\/2025\/12\/USATSI_27840419_168402440_lowres-768x512.jpg 768w, https:\/\/theplayoffs.news\/fr\/wp-content\/uploads\/2025\/12\/USATSI_27840419_168402440_lowres-1536x1023.jpg 1536w, https:\/\/theplayoffs.news\/fr\/wp-content\/uploads\/2025\/12\/USATSI_27840419_168402440_lowres-1320x879.jpg 1320w, https:\/\/theplayoffs.news\/fr\/wp-content\/uploads\/2025\/12\/USATSI_27840419_168402440_lowres.jpg 1920w\" sizes=\"auto, (max-width: 600px) 100vw, 600px\">\n                            <\/div>\n    <div class=\"related-slider-card__content\">\n        <div class=\"related-slider-card__content__tags\">\n                            <div class=\"related-slider-card__content__tags__category\">\n                    Actualit&eacute; NBA\n                <\/div>\n                        <div class=\"related-slider-card__content__tags__date\" data-dynamic-date=\"2025-12-18T14:27:38+01:00\">\n                18 d&eacute;cembre 2025\n            <\/div>\n        <\/div>\n        <div class=\"related-slider-card__content__title\">\n            R&eacute;sultats NBA (17\/12): Chicago enfonce les Cavs, Memphis en patron dans le Minnesota !\n        <\/div>\n                    <div class=\"related-slider-card__content__read-more\">\n                Voir plus\n                <i>\n                    <svg width=\"17\" height=\"15\" viewbox=\"0 0 17 15\" fill=\"none\" xmlns=\"http:\/\/www.w3.org\/2000\/svg\">\n<path d=\"M1 6.5C0.447715 6.5 0 6.94772 0 7.5C0 8.05228 0.447715 8.5 1 8.5V6.5ZM16.7071 8.20711C17.0976 7.81658 17.0976 7.18342 16.7071 6.79289L10.3431 0.428932C9.95262 0.0384078 9.31946 0.0384078 8.92893 0.428932C8.53841 0.819457 8.53841 1.45262 8.92893 1.84315L14.5858 7.5L8.92893 13.1569C8.53841 13.5474 8.53841 14.1805 8.92893 14.5711C9.31946 14.9616 9.95262 14.9616 10.3431 14.5711L16.7071 8.20711ZM1 7.5V8.5H8.5V7.5V6.5H1V7.5ZM8.5 7.5V8.5H16V7.5V6.5H8.5V7.5Z\" fill=\"white\"><\/path>\n<\/svg>\n\n                <\/i>\n            <\/div>\n            <\/div>\n<\/a>\n\n                <\/div>\n                            <div class=\"swiper-slide\">\n                    <a class=\"related-slider-card  trk-cta-img\" href=\"https:\/\/theplayoffs.news\/fr\/actualite-nba\/resultats-nba-cup-16-12-jalen-brunson-mvp-les-knicks-soffrent-un-premier-trophee-depuis-1973\/\" title=\"R&eacute;sultats NBA Cup (16\/12): Jalen Brunson MVP, les Knicks s&rsquo;offrent un premier troph&eacute;e depuis 1973 !\" data-cta-trk='{\"ctaType\":\"Image\",\"ctaSubType\":\"main\"}'>\n    <div class=\"related-slider-card__image\">\n        <img loading=\"lazy\" decoding=\"async\" width=\"600\" height=\"450\" src=\"https:\/\/theplayoffs.news\/fr\/wp-content\/uploads\/2025\/12\/USATSI_27835319_168402440_lowres-600x450.jpg\" class=\"attachment-medium size-medium wp-post-image\" alt=\"Jalen Brunson Victor Wembanyama Knicks Spurs NBA Cup\" srcset=\"https:\/\/theplayoffs.news\/fr\/wp-content\/uploads\/2025\/12\/USATSI_27835319_168402440_lowres-600x450.jpg 600w, https:\/\/theplayoffs.news\/fr\/wp-content\/uploads\/2025\/12\/USATSI_27835319_168402440_lowres-1200x900.jpg 1200w, https:\/\/theplayoffs.news\/fr\/wp-content\/uploads\/2025\/12\/USATSI_27835319_168402440_lowres-768x576.jpg 768w, https:\/\/theplayoffs.news\/fr\/wp-content\/uploads\/2025\/12\/USATSI_27835319_168402440_lowres-1536x1152.jpg 1536w, https:\/\/theplayoffs.news\/fr\/wp-content\/uploads\/2025\/12\/USATSI_27835319_168402440_lowres-1320x990.jpg 1320w, https:\/\/theplayoffs.news\/fr\/wp-content\/uploads\/2025\/12\/USATSI_27835319_168402440_lowres.jpg 1920w\" sizes=\"auto, (max-width: 600px) 100vw, 600px\">\n                            <\/div>\n    <div class=\"related-slider-card__content\">\n        <div class=\"related-slider-card__content__tags\">\n                            <div class=\"related-slider-card__content__tags__category\">\n                    Actualit&eacute; NBA\n                <\/div>\n                        <div class=\"related-slider-card__content__tags__date\" data-dynamic-date=\"2025-12-17T09:44:05+01:00\">\n                17 d&eacute;cembre 2025\n            <\/div>\n        <\/div>\n        <div class=\"related-slider-card__content__title\">\n            R&eacute;sultats NBA Cup (16\/12): Jalen Brunson MVP, les Knicks s&rsquo;offrent un premier troph&eacute;e depuis 1973 !\n        <\/div>\n                    <div class=\"related-slider-card__content__read-more\">\n                Voir plus\n                <i>\n                    <svg width=\"17\" height=\"15\" viewbox=\"0 0 17 15\" fill=\"none\" xmlns=\"http:\/\/www.w3.org\/2000\/svg\">\n<path d=\"M1 6.5C0.447715 6.5 0 6.94772 0 7.5C0 8.05228 0.447715 8.5 1 8.5V6.5ZM16.7071 8.20711C17.0976 7.81658 17.0976 7.18342 16.7071 6.79289L10.3431 0.428932C9.95262 0.0384078 9.31946 0.0384078 8.92893 0.428932C8.53841 0.819457 8.53841 1.45262 8.92893 1.84315L14.5858 7.5L8.92893 13.1569C8.53841 13.5474 8.53841 14.1805 8.92893 14.5711C9.31946 14.9616 9.95262 14.9616 10.3431 14.5711L16.7071 8.20711ZM1 7.5V8.5H8.5V7.5V6.5H1V7.5ZM8.5 7.5V8.5H16V7.5V6.5H8.5V7.5Z\" fill=\"white\"><\/path>\n<\/svg>\n\n                <\/i>\n            <\/div>\n            <\/div>\n<\/a>\n\n                <\/div>\n                            <div class=\"swiper-slide\">\n                    <a class=\"related-slider-card  trk-cta-img\" href=\"https:\/\/theplayoffs.news\/fr\/actualite-nba\/pour-deaaron-fox-lherbe-est-plus-verte-a-san-antonio\/\" title=\"Pour De&rsquo;Aaron Fox, &laquo;&nbsp;l&rsquo;herbe est plus verte&nbsp;&raquo; &agrave; San Antonio\" data-cta-trk='{\"ctaType\":\"Image\",\"ctaSubType\":\"main\"}'>\n    <div class=\"related-slider-card__image\">\n        <img loading=\"lazy\" decoding=\"async\" width=\"600\" height=\"400\" src=\"https:\/\/theplayoffs.news\/fr\/wp-content\/uploads\/2025\/12\/USATSI_27813133_168402440_lowres-600x400.jpg\" class=\"attachment-medium size-medium wp-post-image\" alt=\"NBA De'Aaron Fox Victor Wembanyama Spurs Knicks\" srcset=\"https:\/\/theplayoffs.news\/fr\/wp-content\/uploads\/2025\/12\/USATSI_27813133_168402440_lowres-600x400.jpg 600w, https:\/\/theplayoffs.news\/fr\/wp-content\/uploads\/2025\/12\/USATSI_27813133_168402440_lowres-1200x800.jpg 1200w, https:\/\/theplayoffs.news\/fr\/wp-content\/uploads\/2025\/12\/USATSI_27813133_168402440_lowres-768x512.jpg 768w, https:\/\/theplayoffs.news\/fr\/wp-content\/uploads\/2025\/12\/USATSI_27813133_168402440_lowres-1536x1024.jpg 1536w, https:\/\/theplayoffs.news\/fr\/wp-content\/uploads\/2025\/12\/USATSI_27813133_168402440_lowres-1320x880.jpg 1320w, https:\/\/theplayoffs.news\/fr\/wp-content\/uploads\/2025\/12\/USATSI_27813133_168402440_lowres.jpg 1920w\" sizes=\"auto, (max-width: 600px) 100vw, 600px\">\n                            <\/div>\n    <div class=\"related-slider-card__content\">\n        <div class=\"related-slider-card__content__tags\">\n                            <div class=\"related-slider-card__content__tags__category\">\n                    Actualit&eacute; NBA\n                <\/div>\n                        <div class=\"related-slider-card__content__tags__date\" data-dynamic-date=\"2025-12-16T12:47:20+01:00\">\n                16 d&eacute;cembre 2025\n            <\/div>\n        <\/div>\n        <div class=\"related-slider-card__content__title\">\n            Pour De&rsquo;Aaron Fox, &laquo;&nbsp;l&rsquo;herbe est plus verte&nbsp;&raquo; &agrave; San Antonio\n        <\/div>\n                    <div class=\"related-slider-card__content__read-more\">\n                Voir plus\n                <i>\n                    <svg width=\"17\" height=\"15\" viewbox=\"0 0 17 15\" fill=\"none\" xmlns=\"http:\/\/www.w3.org\/2000\/svg\">\n<path d=\"M1 6.5C0.447715 6.5 0 6.94772 0 7.5C0 8.05228 0.447715 8.5 1 8.5V6.5ZM16.7071 8.20711C17.0976 7.81658 17.0976 7.18342 16.7071 6.79289L10.3431 0.428932C9.95262 0.0384078 9.31946 0.0384078 8.92893 0.428932C8.53841 0.819457 8.53841 1.45262 8.92893 1.84315L14.5858 7.5L8.92893 13.1569C8.53841 13.5474 8.53841 14.1805 8.92893 14.5711C9.31946 14.9616 9.95262 14.9616 10.3431 14.5711L16.7071 8.20711ZM1 7.5V8.5H8.5V7.5V6.5H1V7.5ZM8.5 7.5V8.5H16V7.5V6.5H8.5V7.5Z\" fill=\"white\"><\/path>\n<\/svg>\n\n                <\/i>\n            <\/div>\n            <\/div>\n<\/a>\n\n                <\/div>\n                    <\/div>\n    <\/div>\n<\/div><p>Pour esp&eacute;rer prolonger sa saison, Minnesota devra imp&eacute;rativement retrouver un Anthony Edwards au sommet de sa forme.&nbsp;Interrog&eacute; sur une &eacute;ventuelle &laquo; pression &raquo; &agrave; devoir scorer davantage dans cette situation, l&rsquo;arri&egrave;re a ni&eacute; toute tension :&nbsp;<\/p><blockquote class=\"wp-block-quote is-layout-flow wp-block-quote-is-layout-flow\">\n<p>&laquo; Non, je ne me mets aucune pression, a-t-il affirm&eacute;. Je veux juste gagner. La seule pression que je me mets, c&rsquo;est de tout faire pour gagner. &raquo;&nbsp;<\/p>\n<\/blockquote><p>Men&eacute;s 3-1 dans la s&eacute;rie, les Wolves n&rsquo;ont d&eacute;sormais plus le choix : ils doivent imp&eacute;rativement s&rsquo;imposer lors du match 5, mercredi, au Paycom Center.&nbsp;<br>Un match &agrave; suivre d&egrave;s 2h30 (heure fran&ccedil;aise) sur les antennes de beIN Sports.<\/p><p>Cr&eacute;dit photo : Jesse Johnson-Imagn Images<\/p>\n","protected":false},"excerpt":{"rendered":"","protected":false},"author":180310250,"featured_media":1492744,"comment_status":"closed","ping_status":"closed","sticky":false,"template":"","format":"standard","meta":{"inline_featured_image":false,"kia_subtitle":"","_mux_skip_reasons":[],"proofreadBy":0,"footnotes":""},"categories":[110,8414,10,8408],"tags":[925,856,23,648],"sport":[2783],"saison":[7475],"class_list":["post-1492742","post","type-post","status-publish","format-standard","has-post-thumbnail","hentry","category-actualite-nba","category-basketball-sports","category-nba","category-sports","tag-anthony-edwards","tag-minnesota-timberwolves","tag-nba-tag","tag-oklahoma-city-thunder","sport-nba","saison-7475"],"acf":[],"yoast_head":"<!-- This site is optimized with the Yoast SEO plugin v24.2 - https:\/\/yoast.com\/wordpress\/plugins\/seo\/ -->\n<title>Anthony Edwards estime avoir &laquo; fait les bons choix toute la soir&eacute;e &raquo;<\/title>\n<meta name=\"description\" content=\"D&eacute;cevant lors du match 4 face au Thunder, Anthony Edwards n&#039;estime pas avoir livr&eacute; une mauvaise prestation et reste confiant.\" \/>\n<meta name=\"robots\" content=\"index, follow, max-snippet:-1, max-image-preview:large, max-video-preview:-1\" \/>\n<link rel=\"canonical\" href=\"https:\/\/theplayoffs.news\/fr\/actualite-nba\/malgre-sa-prestation-lors-du-match-4-anthony-edwards-estime-avoir-fait-les-bons-choix-toute-la-soiree\/\" \/>\n<meta property=\"og:locale\" content=\"fr_FR\" \/>\n<meta property=\"og:type\" content=\"article\" \/>\n<meta property=\"og:title\" content=\"Anthony Edwards estime avoir &laquo; fait les bons choix toute la soir&eacute;e &raquo;\" \/>\n<meta property=\"og:description\" content=\"D&eacute;cevant lors du match 4 face au Thunder, Anthony Edwards n&#039;estime pas avoir livr&eacute; une mauvaise prestation et reste confiant.\" \/>\n<meta property=\"og:url\" content=\"https:\/\/theplayoffs.news\/fr\/actualite-nba\/malgre-sa-prestation-lors-du-match-4-anthony-edwards-estime-avoir-fait-les-bons-choix-toute-la-soiree\/\" \/>\n<meta property=\"og:site_name\" content=\"The Playoffs FR\" \/>\n<meta property=\"article:publisher\" content=\"https:\/\/www.facebook.com\/TheFreeAgentFR\/\" \/>\n<meta property=\"article:modified_time\" content=\"2025-05-27T11:06:06+02:00\" \/>\n<meta property=\"og:image\" content=\"https:\/\/theplayoffs.news\/fr\/wp-content\/uploads\/2025\/05\/USATSI_26293848.jpg\" \/>\n\t<meta property=\"og:image:width\" content=\"1920\" \/>\n\t<meta property=\"og:image:height\" content=\"1280\" \/>\n\t<meta property=\"og:image:type\" content=\"image\/jpeg\" \/>\n<meta name=\"author\" content=\"Jean Fabre-Jevanoff\" \/>\n<meta name=\"twitter:card\" content=\"summary_large_image\" \/>\n<meta name=\"twitter:creator\" content=\"@the_jfj_42\" \/>\n<meta name=\"twitter:site\" content=\"@TheFreeAgentFR\" \/>\n<meta name=\"twitter:label1\" content=\"\u00c9crit par\" \/>\n\t<meta name=\"twitter:data1\" content=\"Jean Fabre-Jevanoff\" \/>\n\t<meta name=\"twitter:label2\" content=\"Dur\u00e9e de lecture estim\u00e9e\" \/>\n\t<meta name=\"twitter:data2\" content=\"3 minutes\" \/>\n<script type=\"application\/ld+json\" class=\"yoast-schema-graph\">{\"@context\":\"https:\/\/schema.org\",\"@graph\":[{\"@type\":\"WebPage\",\"@id\":\"https:\/\/theplayoffs.news\/fr\/actualite-nba\/malgre-sa-prestation-lors-du-match-4-anthony-edwards-estime-avoir-fait-les-bons-choix-toute-la-soiree\/\",\"url\":\"https:\/\/theplayoffs.news\/fr\/actualite-nba\/malgre-sa-prestation-lors-du-match-4-anthony-edwards-estime-avoir-fait-les-bons-choix-toute-la-soiree\/\",\"name\":\"Anthony Edwards estime avoir \u00ab fait les bons choix toute la soir\u00e9e \u00bb\",\"isPartOf\":{\"@id\":\"https:\/\/theplayoffs.news\/fr\/#website\"},\"primaryImageOfPage\":{\"@id\":\"https:\/\/theplayoffs.news\/fr\/actualite-nba\/malgre-sa-prestation-lors-du-match-4-anthony-edwards-estime-avoir-fait-les-bons-choix-toute-la-soiree\/#primaryimage\"},\"image\":{\"@id\":\"https:\/\/theplayoffs.news\/fr\/actualite-nba\/malgre-sa-prestation-lors-du-match-4-anthony-edwards-estime-avoir-fait-les-bons-choix-toute-la-soiree\/#primaryimage\"},\"thumbnailUrl\":\"https:\/\/theplayoffs.news\/fr\/wp-content\/uploads\/2025\/05\/USATSI_26293848.jpg\",\"datePublished\":\"2025-05-27T09:05:59+00:00\",\"dateModified\":\"2025-05-27T09:06:06+00:00\",\"author\":{\"@id\":\"https:\/\/theplayoffs.news\/fr\/#\/schema\/person\/1ea25b88e79fe4fabd657430b0013d3d\"},\"description\":\"D\u00e9cevant lors du match 4 face au Thunder, Anthony Edwards n\\\\'estime pas avoir livr\u00e9 une mauvaise prestation et reste confiant.\",\"breadcrumb\":{\"@id\":\"https:\/\/theplayoffs.news\/fr\/actualite-nba\/malgre-sa-prestation-lors-du-match-4-anthony-edwards-estime-avoir-fait-les-bons-choix-toute-la-soiree\/#breadcrumb\"},\"inLanguage\":\"fr-FR\",\"potentialAction\":[{\"@type\":\"ReadAction\",\"target\":[\"https:\/\/theplayoffs.news\/fr\/actualite-nba\/malgre-sa-prestation-lors-du-match-4-anthony-edwards-estime-avoir-fait-les-bons-choix-toute-la-soiree\/\"]}]},{\"@type\":\"ImageObject\",\"inLanguage\":\"fr-FR\",\"@id\":\"https:\/\/theplayoffs.news\/fr\/actualite-nba\/malgre-sa-prestation-lors-du-match-4-anthony-edwards-estime-avoir-fait-les-bons-choix-toute-la-soiree\/#primaryimage\",\"url\":\"https:\/\/theplayoffs.news\/fr\/wp-content\/uploads\/2025\/05\/USATSI_26293848.jpg\",\"contentUrl\":\"https:\/\/theplayoffs.news\/fr\/wp-content\/uploads\/2025\/05\/USATSI_26293848.jpg\",\"width\":1920,\"height\":1280,\"caption\":\"May 26, 2025; Minneapolis, Minnesota, USA;Minnesota Timberwolves guard Anthony Edwards (5) reacts against the Oklahoma City Thunder in the first half during game four of the western conference finals for the 2025 NBA Playoffs at Target Center. Mandatory Credit: Jesse Johnson-Imagn Images\"},{\"@type\":\"BreadcrumbList\",\"@id\":\"https:\/\/theplayoffs.news\/fr\/actualite-nba\/malgre-sa-prestation-lors-du-match-4-anthony-edwards-estime-avoir-fait-les-bons-choix-toute-la-soiree\/#breadcrumb\",\"itemListElement\":[{\"@type\":\"ListItem\",\"position\":1,\"name\":\"Accueil\",\"item\":\"https:\/\/theplayoffs.news\/fr\/\"},{\"@type\":\"ListItem\",\"position\":2,\"name\":\"Malgr\u00e9 sa prestation lors du match 4, Anthony Edwards estime avoir \u00ab fait les bons choix toute la soir\u00e9e \u00bb\"}]},{\"@type\":\"WebSite\",\"@id\":\"https:\/\/theplayoffs.news\/fr\/#website\",\"url\":\"https:\/\/theplayoffs.news\/fr\/\",\"name\":\"The Playoffs FR\",\"description\":\"NBA-NFL-NHL-MLB\",\"potentialAction\":[{\"@type\":\"SearchAction\",\"target\":{\"@type\":\"EntryPoint\",\"urlTemplate\":\"https:\/\/theplayoffs.news\/fr\/?s={search_term_string}\"},\"query-input\":{\"@type\":\"PropertyValueSpecification\",\"valueRequired\":true,\"valueName\":\"search_term_string\"}}],\"inLanguage\":\"fr-FR\"},{\"@type\":\"Person\",\"@id\":\"https:\/\/theplayoffs.news\/fr\/#\/schema\/person\/1ea25b88e79fe4fabd657430b0013d3d\",\"name\":\"Jean Fabre-Jevanoff\",\"image\":{\"@type\":\"ImageObject\",\"inLanguage\":\"fr-FR\",\"@id\":\"https:\/\/theplayoffs.news\/fr\/#\/schema\/person\/image\/\",\"url\":\"https:\/\/secure.gravatar.com\/avatar\/18b28dab1159eebc6a17b9787eb8cbbe3242c3d0e8b53b89332f6dc1133aa361?s=96&d=mm&r=g\",\"contentUrl\":\"https:\/\/secure.gravatar.com\/avatar\/18b28dab1159eebc6a17b9787eb8cbbe3242c3d0e8b53b89332f6dc1133aa361?s=96&d=mm&r=g\",\"caption\":\"Jean Fabre-Jevanoff\"},\"description\":\"Journaliste polyvalent sur le football am\u00e9ricain, j\u2019\u00e9cris aussi des articles sur le basket. Commentateur sur Twitch et sur YouTube. Pass\u00e9 par Eurosport notamment. Un mix d\u2019Eminem et de OBJ, fan inconditionnel de Patrick Mahomes et Lebron James\",\"sameAs\":[\"https:\/\/www.instagram.com\/_juaniitooo_\",\"https:\/\/www.linkedin.com\/in\/jean-fabre-jevanoff-84bb9b1a9\/\",\"https:\/\/x.com\/the_jfj_42\"],\"url\":\"https:\/\/theplayoffs.news\/fr\/author\/jeanfj42gmail-com\/\"}]}<\/script>\n<!-- \/ Yoast SEO plugin. -->","yoast_head_json":{"title":"Anthony Edwards estime avoir &laquo; fait les bons choix toute la soir&eacute;e &raquo;","description":"D&eacute;cevant lors du match 4 face au Thunder, Anthony Edwards n&#039;estime pas avoir livr&eacute; une mauvaise prestation et reste confiant.","robots":{"index":"index","follow":"follow","max-snippet":"max-snippet:-1","max-image-preview":"max-image-preview:large","max-video-preview":"max-video-preview:-1"},"canonical":"https:\/\/theplayoffs.news\/fr\/actualite-nba\/malgre-sa-prestation-lors-du-match-4-anthony-edwards-estime-avoir-fait-les-bons-choix-toute-la-soiree\/","og_locale":"fr_FR","og_type":"article","og_title":"Anthony Edwards estime avoir &laquo; fait les bons choix toute la soir&eacute;e &raquo;","og_description":"D&eacute;cevant lors du match 4 face au Thunder, Anthony Edwards n&#039;estime pas avoir livr&eacute; une mauvaise prestation et reste confiant.","og_url":"https:\/\/theplayoffs.news\/fr\/actualite-nba\/malgre-sa-prestation-lors-du-match-4-anthony-edwards-estime-avoir-fait-les-bons-choix-toute-la-soiree\/","og_site_name":"The Playoffs FR","article_publisher":"https:\/\/www.facebook.com\/TheFreeAgentFR\/","article_modified_time":"2025-05-27T09:06:06+00:00","og_image":[{"width":1920,"height":1280,"url":"https:\/\/theplayoffs.news\/fr\/wp-content\/uploads\/2025\/05\/USATSI_26293848.jpg","type":"image\/jpeg"}],"author":"Jean Fabre-Jevanoff","twitter_card":"summary_large_image","twitter_creator":"@the_jfj_42","twitter_site":"@TheFreeAgentFR","twitter_misc":{"\u00c9crit par":"Jean Fabre-Jevanoff","Dur\u00e9e de lecture estim\u00e9e":"3 minutes"},"schema":{"@context":"https:\/\/schema.org","@graph":[{"@type":"WebPage","@id":"https:\/\/theplayoffs.news\/fr\/actualite-nba\/malgre-sa-prestation-lors-du-match-4-anthony-edwards-estime-avoir-fait-les-bons-choix-toute-la-soiree\/","url":"https:\/\/theplayoffs.news\/fr\/actualite-nba\/malgre-sa-prestation-lors-du-match-4-anthony-edwards-estime-avoir-fait-les-bons-choix-toute-la-soiree\/","name":"Anthony Edwards estime avoir \u00ab fait les bons choix toute la soir\u00e9e \u00bb","isPartOf":{"@id":"https:\/\/theplayoffs.news\/fr\/#website"},"primaryImageOfPage":{"@id":"https:\/\/theplayoffs.news\/fr\/actualite-nba\/malgre-sa-prestation-lors-du-match-4-anthony-edwards-estime-avoir-fait-les-bons-choix-toute-la-soiree\/#primaryimage"},"image":{"@id":"https:\/\/theplayoffs.news\/fr\/actualite-nba\/malgre-sa-prestation-lors-du-match-4-anthony-edwards-estime-avoir-fait-les-bons-choix-toute-la-soiree\/#primaryimage"},"thumbnailUrl":"https:\/\/theplayoffs.news\/fr\/wp-content\/uploads\/2025\/05\/USATSI_26293848.jpg","datePublished":"2025-05-27T09:05:59+00:00","dateModified":"2025-05-27T09:06:06+00:00","author":{"@id":"https:\/\/theplayoffs.news\/fr\/#\/schema\/person\/1ea25b88e79fe4fabd657430b0013d3d"},"description":"D\u00e9cevant lors du match 4 face au Thunder, Anthony Edwards n\\'estime pas avoir livr\u00e9 une mauvaise prestation et reste confiant.","breadcrumb":{"@id":"https:\/\/theplayoffs.news\/fr\/actualite-nba\/malgre-sa-prestation-lors-du-match-4-anthony-edwards-estime-avoir-fait-les-bons-choix-toute-la-soiree\/#breadcrumb"},"inLanguage":"fr-FR","potentialAction":[{"@type":"ReadAction","target":["https:\/\/theplayoffs.news\/fr\/actualite-nba\/malgre-sa-prestation-lors-du-match-4-anthony-edwards-estime-avoir-fait-les-bons-choix-toute-la-soiree\/"]}]},{"@type":"ImageObject","inLanguage":"fr-FR","@id":"https:\/\/theplayoffs.news\/fr\/actualite-nba\/malgre-sa-prestation-lors-du-match-4-anthony-edwards-estime-avoir-fait-les-bons-choix-toute-la-soiree\/#primaryimage","url":"https:\/\/theplayoffs.news\/fr\/wp-content\/uploads\/2025\/05\/USATSI_26293848.jpg","contentUrl":"https:\/\/theplayoffs.news\/fr\/wp-content\/uploads\/2025\/05\/USATSI_26293848.jpg","width":1920,"height":1280,"caption":"May 26, 2025; Minneapolis, Minnesota, USA;Minnesota Timberwolves guard Anthony Edwards (5) reacts against the Oklahoma City Thunder in the first half during game four of the western conference finals for the 2025 NBA Playoffs at Target Center. Mandatory Credit: Jesse Johnson-Imagn Images"},{"@type":"BreadcrumbList","@id":"https:\/\/theplayoffs.news\/fr\/actualite-nba\/malgre-sa-prestation-lors-du-match-4-anthony-edwards-estime-avoir-fait-les-bons-choix-toute-la-soiree\/#breadcrumb","itemListElement":[{"@type":"ListItem","position":1,"name":"Accueil","item":"https:\/\/theplayoffs.news\/fr\/"},{"@type":"ListItem","position":2,"name":"Malgr\u00e9 sa prestation lors du match 4, Anthony Edwards estime avoir \u00ab fait les bons choix toute la soir\u00e9e \u00bb"}]},{"@type":"WebSite","@id":"https:\/\/theplayoffs.news\/fr\/#website","url":"https:\/\/theplayoffs.news\/fr\/","name":"The Playoffs FR","description":"NBA-NFL-NHL-MLB","potentialAction":[{"@type":"SearchAction","target":{"@type":"EntryPoint","urlTemplate":"https:\/\/theplayoffs.news\/fr\/?s={search_term_string}"},"query-input":{"@type":"PropertyValueSpecification","valueRequired":true,"valueName":"search_term_string"}}],"inLanguage":"fr-FR"},{"@type":"Person","@id":"https:\/\/theplayoffs.news\/fr\/#\/schema\/person\/1ea25b88e79fe4fabd657430b0013d3d","name":"Jean Fabre-Jevanoff","image":{"@type":"ImageObject","inLanguage":"fr-FR","@id":"https:\/\/theplayoffs.news\/fr\/#\/schema\/person\/image\/","url":"https:\/\/secure.gravatar.com\/avatar\/18b28dab1159eebc6a17b9787eb8cbbe3242c3d0e8b53b89332f6dc1133aa361?s=96&d=mm&r=g","contentUrl":"https:\/\/secure.gravatar.com\/avatar\/18b28dab1159eebc6a17b9787eb8cbbe3242c3d0e8b53b89332f6dc1133aa361?s=96&d=mm&r=g","caption":"Jean Fabre-Jevanoff"},"description":"Journaliste polyvalent sur le football am\u00e9ricain, j\u2019\u00e9cris aussi des articles sur le basket. Commentateur sur Twitch et sur YouTube. Pass\u00e9 par Eurosport notamment. Un mix d\u2019Eminem et de OBJ, fan inconditionnel de Patrick Mahomes et Lebron James","sameAs":["https:\/\/www.instagram.com\/_juaniitooo_","https:\/\/www.linkedin.com\/in\/jean-fabre-jevanoff-84bb9b1a9\/","https:\/\/x.com\/the_jfj_42"],"url":"https:\/\/theplayoffs.news\/fr\/author\/jeanfj42gmail-com\/"}]}},"_links":{"self":[{"href":"https:\/\/theplayoffs.news\/fr\/wp-json\/wp\/v2\/posts\/1492742","targetHints":{"allow":["GET"]}}],"collection":[{"href":"https:\/\/theplayoffs.news\/fr\/wp-json\/wp\/v2\/posts"}],"about":[{"href":"https:\/\/theplayoffs.news\/fr\/wp-json\/wp\/v2\/types\/post"}],"author":[{"embeddable":true,"href":"https:\/\/theplayoffs.news\/fr\/wp-json\/wp\/v2\/users\/180310250"}],"replies":[{"embeddable":true,"href":"https:\/\/theplayoffs.news\/fr\/wp-json\/wp\/v2\/comments?post=1492742"}],"version-history":[{"count":1,"href":"https:\/\/theplayoffs.news\/fr\/wp-json\/wp\/v2\/posts\/1492742\/revisions"}],"predecessor-version":[{"id":1492745,"href":"https:\/\/theplayoffs.news\/fr\/wp-json\/wp\/v2\/posts\/1492742\/revisions\/1492745"}],"wp:featuredmedia":[{"embeddable":true,"href":"https:\/\/theplayoffs.news\/fr\/wp-json\/wp\/v2\/media\/1492744"}],"wp:attachment":[{"href":"https:\/\/theplayoffs.news\/fr\/wp-json\/wp\/v2\/media?parent=1492742"}],"wp:term":[{"taxonomy":"category","embeddable":true,"href":"https:\/\/theplayoffs.news\/fr\/wp-json\/wp\/v2\/categories?post=1492742"},{"taxonomy":"post_tag","embeddable":true,"href":"https:\/\/theplayoffs.news\/fr\/wp-json\/wp\/v2\/tags?post=1492742"},{"taxonomy":"sport","embeddable":true,"href":"https:\/\/theplayoffs.news\/fr\/wp-json\/wp\/v2\/sport?post=1492742"},{"taxonomy":"saison","embeddable":true,"href":"https:\/\/theplayoffs.news\/fr\/wp-json\/wp\/v2\/saison?post=1492742"}],"curies":[{"name":"wp","href":"https:\/\/api.w.org\/{rel}","templated":true}]}}