{"id":1492709,"date":"2025-05-27T09:28:54","date_gmt":"2025-05-27T07:28:54","guid":{"rendered":"https:\/\/theplayoffs.news\/fr\/uncategorized\/\/"},"modified":"2025-05-27T11:36:02","modified_gmt":"2025-05-27T09:36:02","slug":"hall-of-fame-carmelo-anthony-reve-de-voir-michael-jordan-allen-iverson-et-dwyane-wade-a-ses-cotes","status":"publish","type":"post","link":"https:\/\/theplayoffs.news\/fr\/actualite-nba\/hall-of-fame-carmelo-anthony-reve-de-voir-michael-jordan-allen-iverson-et-dwyane-wade-a-ses-cotes\/","title":{"rendered":"Hall of Fame : Carmelo Anthony r\u00eave de voir Michael Jordan, Allen Iverson et Dwyane Wade \u00e0 ses c\u00f4t\u00e9s"},"content":{"rendered":"<p>Membre de la promotion 2025, Carmelo Anthony sera intronis&eacute; au Hall of Fame cette ann&eacute;e. Joueur embl&eacute;matique des ann&eacute;es 2000 et 2010, pass&eacute; notamment par les Nuggets et les Knicks avant de d&eacute;cliner puis de quitter la ligue en 2022, Melo a inspir&eacute; des millions de basketteurs &agrave; travers le monde. <\/p><p>Alors qu&rsquo;il s&rsquo;appr&ecirc;te &agrave; int&eacute;grer le panth&eacute;on des plus grandes gloires de la balle orange, le 3&egrave;me choix de la Draft 2003 souhaite &agrave; son tour voir ses mod&egrave;les l&rsquo;accompagner le jour J pour c&eacute;l&eacute;brer son intronisation. Des mentors pour le moins prestigieux puisque le natif de Brooklyn r&ecirc;ve en effet de se rendre &agrave; <strong>Mohegan Sun<\/strong> (Connecticut) aux c&ocirc;t&eacute;s de Michael Jordan, Allen Iverson et Dwyane Wade. Une information r&eacute;v&eacute;l&eacute;e lundi par Carmelo Anthony lui-m&ecirc;me dans l&rsquo;&eacute;mission Podcast P de Paul George.<\/p><blockquote class=\"wp-block-quote is-layout-flow wp-block-quote-is-layout-flow\">\n<p>J&rsquo;ai &eacute;t&eacute; inspir&eacute; par Michael Jordan. Et pas que du point de vue du basket. Il n&rsquo;&eacute;tait pas mon joueur pr&eacute;f&eacute;r&eacute;, mais il m&rsquo;a &eacute;norm&eacute;ment inspir&eacute;. Il a vu en moi un Hall of Famer lorsque j&rsquo;&eacute;tais encore ado. C&rsquo;est dingue. Il me le faut avec moi !<\/p>\n<\/blockquote><figure class=\"wp-block-embed is-type-video is-provider-youtube wp-block-embed-youtube wp-embed-aspect-16-9 wp-has-aspect-ratio\"><div class=\"wp-block-embed__wrapper\">\n<iframe loading=\"lazy\" title=\"Paul George and Carmelo Anthony on Cooper Flagg vs. Ace Bailey, Recovering from Tough Seasons &amp; More\" width=\"500\" height=\"281\" src=\"https:\/\/www.youtube.com\/embed\/d04V6i82024?feature=oembed&amp;enablejsapi=1&amp;origin=https:\/\/theplayoffs.news\" frameborder=\"0\" allow=\"accelerometer; autoplay; clipboard-write; encrypted-media; gyroscope; picture-in-picture; web-share\" referrerpolicy=\"strict-origin-when-cross-origin\" allowfullscreen><\/iframe>\n<\/div><\/figure><p>Avant de poursuivre, citant cette fois une autre l&eacute;gende <a href=\"https:\/\/theplayoffs.news\/fr\/category\/sports\/basketball-sports\/nba\/\" target=\"_blank\" rel=\"noreferrer noopener\" class=\"trk-cta-link\" data-cta-trk='{\"ctaType\":\"Link\",\"ctaSubType\":\"main\"}'>NBA<\/a> et ancien co&eacute;quipier sous le maillot de Denver.<\/p><blockquote class=\"wp-block-quote is-layout-flow wp-block-quote-is-layout-flow\">\n<p>Allen Iverson a eu un impact sur l&rsquo;ensemble de ma carri&egrave;re. On connait l&rsquo;influence qu&rsquo;il a eu sur nous tous.<\/p>\n<\/blockquote><p>Carmelo Anthony terminait en nommant son camarade de promo 2003 et son fr&egrave;re d&rsquo;arme sous le maillot de Team USA, Dwyane Wade.<\/p><blockquote class=\"wp-block-quote is-layout-flow wp-block-quote-is-layout-flow\">\n<p>Mon fr&egrave;re D-Wade, qui a d&eacute;j&agrave; &eacute;t&eacute; intronis&eacute;. Il doit aussi &ecirc;tre &agrave; mes c&ocirc;t&eacute;s.<\/p>\n<\/blockquote><p><strong>Lire aussi :<\/strong><\/p><p><a href=\"https:\/\/theplayoffs.news\/fr\/actualite-nba\/chet-holmgren-lautre-star-du-minnesota\/\" class=\"trk-cta-link\" data-cta-trk='{\"ctaType\":\"Link\",\"ctaSubType\":\"main\"}'>Chet Holmgren, l&rsquo;autre star du Minnesota &ndash; The Playoffs<\/a><\/p><p><a href=\"https:\/\/theplayoffs.news\/fr\/actualite-nba\/le-thunder-bat-les-wolves-avec-95-points-de-son-big-3-et-mene-3-1-dans-la-serie\/\" class=\"trk-cta-link\" data-cta-trk='{\"ctaType\":\"Link\",\"ctaSubType\":\"main\"}'>Le Thunder bat les Wolves avec 95 points de son &ldquo;Big 3&rdquo; et m&egrave;ne 3-1 dans la s&eacute;rie &ndash; The Playoffs<\/a><\/p><p>Conscient que ses trois idoles n&rsquo;acc&egrave;deraient pas forc&eacute;ment son invitation, le meilleur marqueur NBA 2013 concluait ainsi.<\/p><blockquote class=\"wp-block-quote is-layout-flow wp-block-quote-is-layout-flow\">\n<p>J&rsquo;esp&egrave;re qu&rsquo;ils accepteront. En tout cas je vais essayer de les r&eacute;unir tous les trois. C&rsquo;est une opportunit&eacute; unique. Ma vie a &eacute;t&eacute; influenc&eacute;e par plus d&rsquo;une personne, donc il me les faut tous.<\/p>\n<\/blockquote><p>Alors que l&rsquo;intronisation de la promotion 2025 devrait se tenir d&eacute;but septembre, il reste 3 mois &agrave; <a href=\"https:\/\/www.basketball-reference.com\/players\/a\/anthoca01.html\" target=\"_blank\" rel=\"noreferrer noopener\" class=\"trk-cta-link\" data-cta-trk='{\"ctaType\":\"Link\",\"ctaSubType\":\"main\"}'>Carmelo Anthony<\/a> pour convaincre le trio de superstars.<\/p><p>Credit : &copy; Wendell Cruz-Imagn Images<\/p>\n","protected":false},"excerpt":{"rendered":"","protected":false},"author":180310263,"featured_media":1492712,"comment_status":"closed","ping_status":"closed","sticky":false,"template":"","format":"standard","meta":{"inline_featured_image":false,"kia_subtitle":"","_mux_skip_reasons":[],"proofreadBy":0,"footnotes":""},"categories":[110],"tags":[2595,749,6081,886,23],"sport":[2783],"saison":[],"class_list":["post-1492709","post","type-post","status-publish","format-standard","has-post-thumbnail","hentry","category-actualite-nba","tag-allen-iverson","tag-carmelo-anthony","tag-dwyane-wade","tag-michael-jordan","tag-nba-tag","sport-nba"],"acf":[],"yoast_head":"<!-- This site is optimized with the Yoast SEO plugin v24.2 - https:\/\/yoast.com\/wordpress\/plugins\/seo\/ -->\n<title>Carmelo Anthony r&ecirc;ve d&#039;une intronisation au Hall of Fame en grandes pompes<\/title>\n<meta name=\"description\" content=\"A 2 mois de son intronisation au Hall Of Fame, Carmelo Anthony a r&eacute;v&eacute;l&eacute; lundi la prestigieuse liste d&#039;invit&eacute;s qu&#039;il souhaite voir &agrave; ses c&ocirc;t&eacute;s\" \/>\n<meta name=\"robots\" content=\"index, follow, max-snippet:-1, max-image-preview:large, max-video-preview:-1\" \/>\n<link rel=\"canonical\" href=\"https:\/\/theplayoffs.news\/fr\/actualite-nba\/hall-of-fame-carmelo-anthony-reve-de-voir-michael-jordan-allen-iverson-et-dwyane-wade-a-ses-cotes\/\" \/>\n<meta property=\"og:locale\" content=\"fr_FR\" \/>\n<meta property=\"og:type\" content=\"article\" \/>\n<meta property=\"og:title\" content=\"Carmelo Anthony r&ecirc;ve d&#039;une intronisation au Hall of Fame en grandes pompes\" \/>\n<meta property=\"og:description\" content=\"A 2 mois de son intronisation au Hall Of Fame, Carmelo Anthony a r&eacute;v&eacute;l&eacute; lundi la prestigieuse liste d&#039;invit&eacute;s qu&#039;il souhaite voir &agrave; ses c&ocirc;t&eacute;s\" \/>\n<meta property=\"og:url\" content=\"https:\/\/theplayoffs.news\/fr\/actualite-nba\/hall-of-fame-carmelo-anthony-reve-de-voir-michael-jordan-allen-iverson-et-dwyane-wade-a-ses-cotes\/\" \/>\n<meta property=\"og:site_name\" content=\"The Playoffs FR\" \/>\n<meta property=\"article:publisher\" content=\"https:\/\/www.facebook.com\/TheFreeAgentFR\/\" \/>\n<meta property=\"article:modified_time\" content=\"2025-05-27T11:36:02+02:00\" \/>\n<meta property=\"og:image\" content=\"https:\/\/theplayoffs.news\/fr\/wp-content\/uploads\/2025\/05\/USATSI_12511730_168402440_lowres.jpg\" \/>\n\t<meta property=\"og:image:width\" content=\"1920\" \/>\n\t<meta property=\"og:image:height\" content=\"1371\" \/>\n\t<meta property=\"og:image:type\" content=\"image\/jpeg\" \/>\n<meta name=\"author\" content=\"Maxime Bodilis\" \/>\n<meta name=\"twitter:card\" content=\"summary_large_image\" \/>\n<meta name=\"twitter:creator\" content=\"@TheFreeAgentFR\" \/>\n<meta name=\"twitter:site\" content=\"@TheFreeAgentFR\" \/>\n<meta name=\"twitter:label1\" content=\"\u00c9crit par\" \/>\n\t<meta name=\"twitter:data1\" content=\"Maxime Bodilis\" \/>\n\t<meta name=\"twitter:label2\" content=\"Dur\u00e9e de lecture estim\u00e9e\" \/>\n\t<meta name=\"twitter:data2\" content=\"2 minutes\" \/>\n<script type=\"application\/ld+json\" class=\"yoast-schema-graph\">{\"@context\":\"https:\/\/schema.org\",\"@graph\":[{\"@type\":\"WebPage\",\"@id\":\"https:\/\/theplayoffs.news\/fr\/actualite-nba\/hall-of-fame-carmelo-anthony-reve-de-voir-michael-jordan-allen-iverson-et-dwyane-wade-a-ses-cotes\/\",\"url\":\"https:\/\/theplayoffs.news\/fr\/actualite-nba\/hall-of-fame-carmelo-anthony-reve-de-voir-michael-jordan-allen-iverson-et-dwyane-wade-a-ses-cotes\/\",\"name\":\"Carmelo Anthony r\u00eave d\\\\'une intronisation au Hall of Fame en grandes pompes\",\"isPartOf\":{\"@id\":\"https:\/\/theplayoffs.news\/fr\/#website\"},\"primaryImageOfPage\":{\"@id\":\"https:\/\/theplayoffs.news\/fr\/actualite-nba\/hall-of-fame-carmelo-anthony-reve-de-voir-michael-jordan-allen-iverson-et-dwyane-wade-a-ses-cotes\/#primaryimage\"},\"image\":{\"@id\":\"https:\/\/theplayoffs.news\/fr\/actualite-nba\/hall-of-fame-carmelo-anthony-reve-de-voir-michael-jordan-allen-iverson-et-dwyane-wade-a-ses-cotes\/#primaryimage\"},\"thumbnailUrl\":\"https:\/\/theplayoffs.news\/fr\/wp-content\/uploads\/2025\/05\/USATSI_12511730_168402440_lowres.jpg\",\"datePublished\":\"2025-05-27T07:28:54+00:00\",\"dateModified\":\"2025-05-27T09:36:02+00:00\",\"author\":{\"@id\":\"https:\/\/theplayoffs.news\/fr\/#\/schema\/person\/d871768c70a3f830131ee72b74bbd11d\"},\"description\":\"A 2 mois de son intronisation au Hall Of Fame, Carmelo Anthony a r\u00e9v\u00e9l\u00e9 lundi la prestigieuse liste d\\\\'invit\u00e9s qu\\\\'il souhaite voir \u00e0 ses c\u00f4t\u00e9s\",\"breadcrumb\":{\"@id\":\"https:\/\/theplayoffs.news\/fr\/actualite-nba\/hall-of-fame-carmelo-anthony-reve-de-voir-michael-jordan-allen-iverson-et-dwyane-wade-a-ses-cotes\/#breadcrumb\"},\"inLanguage\":\"fr-FR\",\"potentialAction\":[{\"@type\":\"ReadAction\",\"target\":[\"https:\/\/theplayoffs.news\/fr\/actualite-nba\/hall-of-fame-carmelo-anthony-reve-de-voir-michael-jordan-allen-iverson-et-dwyane-wade-a-ses-cotes\/\"]}]},{\"@type\":\"ImageObject\",\"inLanguage\":\"fr-FR\",\"@id\":\"https:\/\/theplayoffs.news\/fr\/actualite-nba\/hall-of-fame-carmelo-anthony-reve-de-voir-michael-jordan-allen-iverson-et-dwyane-wade-a-ses-cotes\/#primaryimage\",\"url\":\"https:\/\/theplayoffs.news\/fr\/wp-content\/uploads\/2025\/05\/USATSI_12511730_168402440_lowres.jpg\",\"contentUrl\":\"https:\/\/theplayoffs.news\/fr\/wp-content\/uploads\/2025\/05\/USATSI_12511730_168402440_lowres.jpg\",\"width\":1920,\"height\":1371,\"caption\":\"Carmelo Anthony NBA\"},{\"@type\":\"BreadcrumbList\",\"@id\":\"https:\/\/theplayoffs.news\/fr\/actualite-nba\/hall-of-fame-carmelo-anthony-reve-de-voir-michael-jordan-allen-iverson-et-dwyane-wade-a-ses-cotes\/#breadcrumb\",\"itemListElement\":[{\"@type\":\"ListItem\",\"position\":1,\"name\":\"Accueil\",\"item\":\"https:\/\/theplayoffs.news\/fr\/\"},{\"@type\":\"ListItem\",\"position\":2,\"name\":\"Hall of Fame : Carmelo Anthony r\u00eave de voir Michael Jordan, Allen Iverson et Dwyane Wade \u00e0 ses c\u00f4t\u00e9s\"}]},{\"@type\":\"WebSite\",\"@id\":\"https:\/\/theplayoffs.news\/fr\/#website\",\"url\":\"https:\/\/theplayoffs.news\/fr\/\",\"name\":\"The Playoffs FR\",\"description\":\"NBA-NFL-NHL-MLB\",\"potentialAction\":[{\"@type\":\"SearchAction\",\"target\":{\"@type\":\"EntryPoint\",\"urlTemplate\":\"https:\/\/theplayoffs.news\/fr\/?s={search_term_string}\"},\"query-input\":{\"@type\":\"PropertyValueSpecification\",\"valueRequired\":true,\"valueName\":\"search_term_string\"}}],\"inLanguage\":\"fr-FR\"},{\"@type\":\"Person\",\"@id\":\"https:\/\/theplayoffs.news\/fr\/#\/schema\/person\/d871768c70a3f830131ee72b74bbd11d\",\"name\":\"Maxime Bodilis\",\"image\":{\"@type\":\"ImageObject\",\"inLanguage\":\"fr-FR\",\"@id\":\"https:\/\/theplayoffs.news\/fr\/#\/schema\/person\/image\/\",\"url\":\"https:\/\/secure.gravatar.com\/avatar\/5e151acde6515a05571e0035bf803336362ba4f5e565dba89323f14d014ea180?s=96&d=mm&r=g\",\"contentUrl\":\"https:\/\/secure.gravatar.com\/avatar\/5e151acde6515a05571e0035bf803336362ba4f5e565dba89323f14d014ea180?s=96&d=mm&r=g\",\"caption\":\"Maxime Bodilis\"},\"description\":\"R\u00e9dac\\\\' Chef \u00ab Basket \u00bb charg\u00e9 de la qualit\u00e9 des contenus et du respect de notre ligne \u00e9ditoriale. Ancien joueur de la SIG Strasbourg reconverti dans le journalisme. Pass\u00e9 par les centres de formation BeBasket, Reverse et Skweek avant de rejoindre The Playoffs. Biberonn\u00e9 aux dunks de Shawn Kemp et aux duels Pau-Limoges. Fan inconditionnel de Damian Lillard et Laurent Sciarra. Les highlights de Wemby illuminent mes journ\u00e9es. Et le shoot de Diamantidis continue de hanter mes nuits.\",\"sameAs\":[\"https:\/\/www.linkedin.com\/in\/maxime-bodilis-766a04153\/\"],\"url\":\"https:\/\/theplayoffs.news\/fr\/author\/maximebodilis\/\"}]}<\/script>\n<!-- \/ Yoast SEO plugin. -->","yoast_head_json":{"title":"Carmelo Anthony r&ecirc;ve d&#039;une intronisation au Hall of Fame en grandes pompes","description":"A 2 mois de son intronisation au Hall Of Fame, Carmelo Anthony a r&eacute;v&eacute;l&eacute; lundi la prestigieuse liste d&#039;invit&eacute;s qu&#039;il souhaite voir &agrave; ses c&ocirc;t&eacute;s","robots":{"index":"index","follow":"follow","max-snippet":"max-snippet:-1","max-image-preview":"max-image-preview:large","max-video-preview":"max-video-preview:-1"},"canonical":"https:\/\/theplayoffs.news\/fr\/actualite-nba\/hall-of-fame-carmelo-anthony-reve-de-voir-michael-jordan-allen-iverson-et-dwyane-wade-a-ses-cotes\/","og_locale":"fr_FR","og_type":"article","og_title":"Carmelo Anthony r&ecirc;ve d&#039;une intronisation au Hall of Fame en grandes pompes","og_description":"A 2 mois de son intronisation au Hall Of Fame, Carmelo Anthony a r&eacute;v&eacute;l&eacute; lundi la prestigieuse liste d&#039;invit&eacute;s qu&#039;il souhaite voir &agrave; ses c&ocirc;t&eacute;s","og_url":"https:\/\/theplayoffs.news\/fr\/actualite-nba\/hall-of-fame-carmelo-anthony-reve-de-voir-michael-jordan-allen-iverson-et-dwyane-wade-a-ses-cotes\/","og_site_name":"The Playoffs FR","article_publisher":"https:\/\/www.facebook.com\/TheFreeAgentFR\/","article_modified_time":"2025-05-27T09:36:02+00:00","og_image":[{"width":1920,"height":1371,"url":"https:\/\/theplayoffs.news\/fr\/wp-content\/uploads\/2025\/05\/USATSI_12511730_168402440_lowres.jpg","type":"image\/jpeg"}],"author":"Maxime Bodilis","twitter_card":"summary_large_image","twitter_creator":"@TheFreeAgentFR","twitter_site":"@TheFreeAgentFR","twitter_misc":{"\u00c9crit par":"Maxime Bodilis","Dur\u00e9e de lecture estim\u00e9e":"2 minutes"},"schema":{"@context":"https:\/\/schema.org","@graph":[{"@type":"WebPage","@id":"https:\/\/theplayoffs.news\/fr\/actualite-nba\/hall-of-fame-carmelo-anthony-reve-de-voir-michael-jordan-allen-iverson-et-dwyane-wade-a-ses-cotes\/","url":"https:\/\/theplayoffs.news\/fr\/actualite-nba\/hall-of-fame-carmelo-anthony-reve-de-voir-michael-jordan-allen-iverson-et-dwyane-wade-a-ses-cotes\/","name":"Carmelo Anthony r\u00eave d\\'une intronisation au Hall of Fame en grandes pompes","isPartOf":{"@id":"https:\/\/theplayoffs.news\/fr\/#website"},"primaryImageOfPage":{"@id":"https:\/\/theplayoffs.news\/fr\/actualite-nba\/hall-of-fame-carmelo-anthony-reve-de-voir-michael-jordan-allen-iverson-et-dwyane-wade-a-ses-cotes\/#primaryimage"},"image":{"@id":"https:\/\/theplayoffs.news\/fr\/actualite-nba\/hall-of-fame-carmelo-anthony-reve-de-voir-michael-jordan-allen-iverson-et-dwyane-wade-a-ses-cotes\/#primaryimage"},"thumbnailUrl":"https:\/\/theplayoffs.news\/fr\/wp-content\/uploads\/2025\/05\/USATSI_12511730_168402440_lowres.jpg","datePublished":"2025-05-27T07:28:54+00:00","dateModified":"2025-05-27T09:36:02+00:00","author":{"@id":"https:\/\/theplayoffs.news\/fr\/#\/schema\/person\/d871768c70a3f830131ee72b74bbd11d"},"description":"A 2 mois de son intronisation au Hall Of Fame, Carmelo Anthony a r\u00e9v\u00e9l\u00e9 lundi la prestigieuse liste d\\'invit\u00e9s qu\\'il souhaite voir \u00e0 ses c\u00f4t\u00e9s","breadcrumb":{"@id":"https:\/\/theplayoffs.news\/fr\/actualite-nba\/hall-of-fame-carmelo-anthony-reve-de-voir-michael-jordan-allen-iverson-et-dwyane-wade-a-ses-cotes\/#breadcrumb"},"inLanguage":"fr-FR","potentialAction":[{"@type":"ReadAction","target":["https:\/\/theplayoffs.news\/fr\/actualite-nba\/hall-of-fame-carmelo-anthony-reve-de-voir-michael-jordan-allen-iverson-et-dwyane-wade-a-ses-cotes\/"]}]},{"@type":"ImageObject","inLanguage":"fr-FR","@id":"https:\/\/theplayoffs.news\/fr\/actualite-nba\/hall-of-fame-carmelo-anthony-reve-de-voir-michael-jordan-allen-iverson-et-dwyane-wade-a-ses-cotes\/#primaryimage","url":"https:\/\/theplayoffs.news\/fr\/wp-content\/uploads\/2025\/05\/USATSI_12511730_168402440_lowres.jpg","contentUrl":"https:\/\/theplayoffs.news\/fr\/wp-content\/uploads\/2025\/05\/USATSI_12511730_168402440_lowres.jpg","width":1920,"height":1371,"caption":"Carmelo Anthony NBA"},{"@type":"BreadcrumbList","@id":"https:\/\/theplayoffs.news\/fr\/actualite-nba\/hall-of-fame-carmelo-anthony-reve-de-voir-michael-jordan-allen-iverson-et-dwyane-wade-a-ses-cotes\/#breadcrumb","itemListElement":[{"@type":"ListItem","position":1,"name":"Accueil","item":"https:\/\/theplayoffs.news\/fr\/"},{"@type":"ListItem","position":2,"name":"Hall of Fame : Carmelo Anthony r\u00eave de voir Michael Jordan, Allen Iverson et Dwyane Wade \u00e0 ses c\u00f4t\u00e9s"}]},{"@type":"WebSite","@id":"https:\/\/theplayoffs.news\/fr\/#website","url":"https:\/\/theplayoffs.news\/fr\/","name":"The Playoffs FR","description":"NBA-NFL-NHL-MLB","potentialAction":[{"@type":"SearchAction","target":{"@type":"EntryPoint","urlTemplate":"https:\/\/theplayoffs.news\/fr\/?s={search_term_string}"},"query-input":{"@type":"PropertyValueSpecification","valueRequired":true,"valueName":"search_term_string"}}],"inLanguage":"fr-FR"},{"@type":"Person","@id":"https:\/\/theplayoffs.news\/fr\/#\/schema\/person\/d871768c70a3f830131ee72b74bbd11d","name":"Maxime Bodilis","image":{"@type":"ImageObject","inLanguage":"fr-FR","@id":"https:\/\/theplayoffs.news\/fr\/#\/schema\/person\/image\/","url":"https:\/\/secure.gravatar.com\/avatar\/5e151acde6515a05571e0035bf803336362ba4f5e565dba89323f14d014ea180?s=96&d=mm&r=g","contentUrl":"https:\/\/secure.gravatar.com\/avatar\/5e151acde6515a05571e0035bf803336362ba4f5e565dba89323f14d014ea180?s=96&d=mm&r=g","caption":"Maxime Bodilis"},"description":"R\u00e9dac\\' Chef \u00ab Basket \u00bb charg\u00e9 de la qualit\u00e9 des contenus et du respect de notre ligne \u00e9ditoriale. Ancien joueur de la SIG Strasbourg reconverti dans le journalisme. Pass\u00e9 par les centres de formation BeBasket, Reverse et Skweek avant de rejoindre The Playoffs. Biberonn\u00e9 aux dunks de Shawn Kemp et aux duels Pau-Limoges. Fan inconditionnel de Damian Lillard et Laurent Sciarra. Les highlights de Wemby illuminent mes journ\u00e9es. Et le shoot de Diamantidis continue de hanter mes nuits.","sameAs":["https:\/\/www.linkedin.com\/in\/maxime-bodilis-766a04153\/"],"url":"https:\/\/theplayoffs.news\/fr\/author\/maximebodilis\/"}]}},"_links":{"self":[{"href":"https:\/\/theplayoffs.news\/fr\/wp-json\/wp\/v2\/posts\/1492709","targetHints":{"allow":["GET"]}}],"collection":[{"href":"https:\/\/theplayoffs.news\/fr\/wp-json\/wp\/v2\/posts"}],"about":[{"href":"https:\/\/theplayoffs.news\/fr\/wp-json\/wp\/v2\/types\/post"}],"author":[{"embeddable":true,"href":"https:\/\/theplayoffs.news\/fr\/wp-json\/wp\/v2\/users\/180310263"}],"replies":[{"embeddable":true,"href":"https:\/\/theplayoffs.news\/fr\/wp-json\/wp\/v2\/comments?post=1492709"}],"version-history":[{"count":2,"href":"https:\/\/theplayoffs.news\/fr\/wp-json\/wp\/v2\/posts\/1492709\/revisions"}],"predecessor-version":[{"id":1492750,"href":"https:\/\/theplayoffs.news\/fr\/wp-json\/wp\/v2\/posts\/1492709\/revisions\/1492750"}],"wp:featuredmedia":[{"embeddable":true,"href":"https:\/\/theplayoffs.news\/fr\/wp-json\/wp\/v2\/media\/1492712"}],"wp:attachment":[{"href":"https:\/\/theplayoffs.news\/fr\/wp-json\/wp\/v2\/media?parent=1492709"}],"wp:term":[{"taxonomy":"category","embeddable":true,"href":"https:\/\/theplayoffs.news\/fr\/wp-json\/wp\/v2\/categories?post=1492709"},{"taxonomy":"post_tag","embeddable":true,"href":"https:\/\/theplayoffs.news\/fr\/wp-json\/wp\/v2\/tags?post=1492709"},{"taxonomy":"sport","embeddable":true,"href":"https:\/\/theplayoffs.news\/fr\/wp-json\/wp\/v2\/sport?post=1492709"},{"taxonomy":"saison","embeddable":true,"href":"https:\/\/theplayoffs.news\/fr\/wp-json\/wp\/v2\/saison?post=1492709"}],"curies":[{"name":"wp","href":"https:\/\/api.w.org\/{rel}","templated":true}]}}