{"id":1492657,"date":"2025-05-26T18:29:50","date_gmt":"2025-05-26T16:29:50","guid":{"rendered":"https:\/\/theplayoffs.news\/fr\/uncategorized\/\/"},"modified":"2025-05-26T18:33:55","modified_gmt":"2025-05-26T16:33:55","slug":"deaaron-fox-espere-rester-aux-cotes-de-victor-wembanyama","status":"publish","type":"post","link":"https:\/\/theplayoffs.news\/fr\/actualite-nba\/deaaron-fox-espere-rester-aux-cotes-de-victor-wembanyama\/","title":{"rendered":"De&rsquo;Aaron Fox esp\u00e8re rester aux c\u00f4t\u00e9s de Victor Wembanyama"},"content":{"rendered":"<p>Arriv&eacute; d&eacute;but 2025 chez les Spurs, De&rsquo;Aaron Fox voit son contrat arriver &agrave; terme cet &eacute;t&eacute;. L&rsquo;ancien joueur des Kings semble avoir une id&eacute;e en t&ecirc;te : poursuivre son aventure &agrave; San Antonio pour &eacute;voluer aux c&ocirc;t&eacute;s de Victor Wembanyama, au sein d&rsquo;un effectif prometteur.&nbsp;<\/p><h2 class=\"wp-block-heading\">Fox veut prolonger&nbsp;<\/h2><p>&Agrave; 27 ans, Fox fait figure de v&eacute;t&eacute;ran parmi les Spurs. Sa carri&egrave;re &agrave; San Antonio ne compte que 17 matchs pour le moment. G&ecirc;n&eacute; par une blessure au petit doigt contract&eacute;e en pr&eacute;saison, il a &eacute;t&eacute; op&eacute;r&eacute; &agrave; la mi-mars, peu apr&egrave;s l&rsquo;arr&ecirc;t de Victor Wembanyama pour la saison.&nbsp;<\/p><p>Il a donc choisi de se faire op&eacute;rer sans attendre la fin de la saison, une d&eacute;cision qui devrait permettre aux m&eacute;decins de lui donner le feu vert pour rejouer &agrave; peu pr&egrave;s en m&ecirc;me temps que Wembanyama, afin de bien pr&eacute;parer la saison suivante.<\/p><blockquote class=\"wp-block-quote is-layout-flow wp-block-quote-is-layout-flow\">\n<p>&laquo; Avec ce groupe, nous pouvons aborder l&rsquo;intersaison sur une note positive et savoir que nous avons des bases sur lesquelles construire &raquo;, a d&eacute;clar&eacute; Fox en <a href=\"https:\/\/x.com\/HectorLedesmaTV\/status\/1911516520523485242\" target=\"_blank\" rel=\"noreferrer noopener\" class=\"trk-cta-link\" data-cta-trk='{\"ctaType\":\"Link\",\"ctaSubType\":\"main\"}'>conf&eacute;rence de presse<\/a>. &laquo; Nous voulons nous retrouver autant que possible et commencer &agrave; travailler ensemble. &Eacute;videmment, nous voulons que tout le monde soit en pleine forme. &raquo;&nbsp;<\/p>\n<\/blockquote><p>Une saison 2025-2026 que le meneur attend avec impatience.&nbsp;<\/p><h3 class=\"wp-block-heading\">Un noyau dur, moteur de r&eacute;ussite&nbsp;<\/h3><p>Fox a insist&eacute; sur l&rsquo;importance de pouvoir compter sur un effectif au complet. Le noyau dur des Spurs semble se composer du polyvalent Jeremy Sochan, qui a manqu&eacute; tout le mois d&rsquo;avril. Mais aussi de Devin Vassell, troisi&egrave;me meilleur marqueur de l&rsquo;&eacute;quipe absent lors de la derni&egrave;re semaine de comp&eacute;tition, ainsi que du Rookie de l&rsquo;ann&eacute;e Stephon Castle puis de Keldon Johnson, choix de premier tour en 2019. &Agrave; ce groupe s&rsquo;ajoutent bien s&ucirc;r Fox et Wembanyama.&nbsp;<\/p><blockquote class=\"wp-block-quote is-layout-flow wp-block-quote-is-layout-flow\">\n<p>&laquo; Je suis vraiment excit&eacute;. Comme je l&rsquo;ai dit, je tiens absolument &agrave; ce que tout le monde soit en bonne sant&eacute; et &agrave; ce que le noyau soit soud&eacute; &raquo;, a ajout&eacute; Fox. &laquo; Ces gars sont jeunes, mais j&rsquo;ai l&rsquo;impression et l&rsquo;organisation aussi qu&rsquo;ils sont pr&ecirc;ts &agrave; gagner. Si on peut faire durer cette p&eacute;riode le plus longtemps possible, c&rsquo;est l&rsquo;objectif. &raquo;&nbsp;<\/p>\n\n\n\n<ul class=\"wp-block-list\">\n<li><strong>Lire aussi :<\/strong><\/li>\n<\/ul>\n\n\n\n<p><a href=\"https:\/\/theplayoffs.news\/fr\/actualite-nba\/preview-thunder-wolves-un-game-4-pour-faire-basculer-la-serie\/\" target=\"_blank\" rel=\"noreferrer noopener\" class=\"trk-cta-link\" data-cta-trk='{\"ctaType\":\"Link\",\"ctaSubType\":\"main\"}'>Preview Thunder &ndash; Wolves : un Game 4 pour faire basculer la s&eacute;rie !<\/a><\/p>\n\n\n\n<p><a href=\"https:\/\/theplayoffs.news\/fr\/actualite-nba\/chet-holmgren-lautre-star-du-minnesota\/\" target=\"_blank\" rel=\"noreferrer noopener\" class=\"trk-cta-link\" data-cta-trk='{\"ctaType\":\"Link\",\"ctaSubType\":\"main\"}'>Chet Holmgren, l&rsquo;autre star du Minnesota<\/a><\/p>\n<\/blockquote><p>&Agrave; l&rsquo;image des Rockets cette saison, les Spurs pourraient bien &ecirc;tre la r&eacute;v&eacute;lation de la prochaine. Jeune et talentueuse, voil&agrave; l&rsquo;&eacute;quipe dans laquelle De&rsquo;Aaron Fox esp&egrave;re s&rsquo;inscrire sur la dur&eacute;e. Lui qui n&rsquo;a particip&eacute; qu&rsquo;une seule fois aux playoffs, en 2023 face aux Warriors (&eacute;limination au premier tour, 4-3), ambitionne d&eacute;sormais d&rsquo;aller plus loin. Esp&eacute;rons que les Spurs puissent &eacute;viter les blessures l&rsquo;an prochain pour montrer leur vrai visage, en saison r&eacute;guli&egrave;re comme en playoffs.&nbsp;<\/p><p>Cr&eacute;dit photo : Reggie Hildred-Imagn Images<\/p>\n","protected":false},"excerpt":{"rendered":"","protected":false},"author":180310250,"featured_media":1492660,"comment_status":"closed","ping_status":"closed","sticky":false,"template":"","format":"standard","meta":{"inline_featured_image":false,"kia_subtitle":"","_mux_skip_reasons":[],"proofreadBy":0,"footnotes":""},"categories":[110,8414,10,8408],"tags":[1930,131,1194],"sport":[2783],"saison":[7884],"class_list":["post-1492657","post","type-post","status-publish","format-standard","has-post-thumbnail","hentry","category-actualite-nba","category-basketball-sports","category-nba","category-sports","tag-deaaron-fox","tag-san-antonio-spurs","tag-victor-wembanyama","sport-nba","saison-7884"],"acf":[],"yoast_head":"<!-- This site is optimized with the Yoast SEO plugin v24.2 - https:\/\/yoast.com\/wordpress\/plugins\/seo\/ -->\n<title>De&#039;Aaron Fox esp&egrave;re rester aux c&ocirc;t&eacute;s de Victor Wembanyama - The Playoffs FR<\/title>\n<meta name=\"description\" content=\"De&#039;Aaron Fox voit son contrat arriver &agrave; terme cet &eacute;t&eacute;. L&rsquo;ex des Kings veut continuer sa carri&egrave;re &agrave; San Antonio avec Victor Wembanyama.\" \/>\n<meta name=\"robots\" content=\"index, follow, max-snippet:-1, max-image-preview:large, max-video-preview:-1\" \/>\n<link rel=\"canonical\" href=\"https:\/\/theplayoffs.news\/fr\/actualite-nba\/deaaron-fox-espere-rester-aux-cotes-de-victor-wembanyama\/\" \/>\n<meta property=\"og:locale\" content=\"fr_FR\" \/>\n<meta property=\"og:type\" content=\"article\" \/>\n<meta property=\"og:title\" content=\"De&#039;Aaron Fox esp&egrave;re rester aux c&ocirc;t&eacute;s de Victor Wembanyama - The Playoffs FR\" \/>\n<meta property=\"og:description\" content=\"De&#039;Aaron Fox voit son contrat arriver &agrave; terme cet &eacute;t&eacute;. L&rsquo;ex des Kings veut continuer sa carri&egrave;re &agrave; San Antonio avec Victor Wembanyama.\" \/>\n<meta property=\"og:url\" content=\"https:\/\/theplayoffs.news\/fr\/actualite-nba\/deaaron-fox-espere-rester-aux-cotes-de-victor-wembanyama\/\" \/>\n<meta property=\"og:site_name\" content=\"The Playoffs FR\" \/>\n<meta property=\"article:publisher\" content=\"https:\/\/www.facebook.com\/TheFreeAgentFR\/\" \/>\n<meta property=\"article:modified_time\" content=\"2025-05-26T18:33:55+02:00\" \/>\n<meta property=\"og:image\" content=\"https:\/\/theplayoffs.news\/fr\/wp-content\/uploads\/2025\/05\/USATSI_25384698.jpg\" \/>\n\t<meta property=\"og:image:width\" content=\"1920\" \/>\n\t<meta property=\"og:image:height\" content=\"1280\" \/>\n\t<meta property=\"og:image:type\" content=\"image\/jpeg\" \/>\n<meta name=\"author\" content=\"Jean Fabre-Jevanoff\" \/>\n<meta name=\"twitter:card\" content=\"summary_large_image\" \/>\n<meta name=\"twitter:creator\" content=\"@the_jfj_42\" \/>\n<meta name=\"twitter:site\" content=\"@TheFreeAgentFR\" \/>\n<meta name=\"twitter:label1\" content=\"\u00c9crit par\" \/>\n\t<meta name=\"twitter:data1\" content=\"Jean Fabre-Jevanoff\" \/>\n\t<meta name=\"twitter:label2\" content=\"Dur\u00e9e de lecture estim\u00e9e\" \/>\n\t<meta name=\"twitter:data2\" content=\"2 minutes\" \/>\n<script type=\"application\/ld+json\" class=\"yoast-schema-graph\">{\"@context\":\"https:\/\/schema.org\",\"@graph\":[{\"@type\":\"WebPage\",\"@id\":\"https:\/\/theplayoffs.news\/fr\/actualite-nba\/deaaron-fox-espere-rester-aux-cotes-de-victor-wembanyama\/\",\"url\":\"https:\/\/theplayoffs.news\/fr\/actualite-nba\/deaaron-fox-espere-rester-aux-cotes-de-victor-wembanyama\/\",\"name\":\"De\\\\'Aaron Fox esp\u00e8re rester aux c\u00f4t\u00e9s de Victor Wembanyama - The Playoffs FR\",\"isPartOf\":{\"@id\":\"https:\/\/theplayoffs.news\/fr\/#website\"},\"primaryImageOfPage\":{\"@id\":\"https:\/\/theplayoffs.news\/fr\/actualite-nba\/deaaron-fox-espere-rester-aux-cotes-de-victor-wembanyama\/#primaryimage\"},\"image\":{\"@id\":\"https:\/\/theplayoffs.news\/fr\/actualite-nba\/deaaron-fox-espere-rester-aux-cotes-de-victor-wembanyama\/#primaryimage\"},\"thumbnailUrl\":\"https:\/\/theplayoffs.news\/fr\/wp-content\/uploads\/2025\/05\/USATSI_25384698.jpg\",\"datePublished\":\"2025-05-26T16:29:50+00:00\",\"dateModified\":\"2025-05-26T16:33:55+00:00\",\"author\":{\"@id\":\"https:\/\/theplayoffs.news\/fr\/#\/schema\/person\/1ea25b88e79fe4fabd657430b0013d3d\"},\"description\":\"De\\\\'Aaron Fox voit son contrat arriver \u00e0 terme cet \u00e9t\u00e9. L\u2019ex des Kings veut continuer sa carri\u00e8re \u00e0 San Antonio avec Victor Wembanyama.\",\"breadcrumb\":{\"@id\":\"https:\/\/theplayoffs.news\/fr\/actualite-nba\/deaaron-fox-espere-rester-aux-cotes-de-victor-wembanyama\/#breadcrumb\"},\"inLanguage\":\"fr-FR\",\"potentialAction\":[{\"@type\":\"ReadAction\",\"target\":[\"https:\/\/theplayoffs.news\/fr\/actualite-nba\/deaaron-fox-espere-rester-aux-cotes-de-victor-wembanyama\/\"]}]},{\"@type\":\"ImageObject\",\"inLanguage\":\"fr-FR\",\"@id\":\"https:\/\/theplayoffs.news\/fr\/actualite-nba\/deaaron-fox-espere-rester-aux-cotes-de-victor-wembanyama\/#primaryimage\",\"url\":\"https:\/\/theplayoffs.news\/fr\/wp-content\/uploads\/2025\/05\/USATSI_25384698.jpg\",\"contentUrl\":\"https:\/\/theplayoffs.news\/fr\/wp-content\/uploads\/2025\/05\/USATSI_25384698.jpg\",\"width\":1920,\"height\":1280,\"caption\":\"Feb 10, 2025; Washington, District of Columbia, USA; San Antonio Spurs center Victor Wembanyama (1) and guard De\\\\'Aaron Fox (4) react during the second quarter against the Washington Wizards at Capital One Arena. Mandatory Credit: Reggie Hildred-Imagn Images\"},{\"@type\":\"BreadcrumbList\",\"@id\":\"https:\/\/theplayoffs.news\/fr\/actualite-nba\/deaaron-fox-espere-rester-aux-cotes-de-victor-wembanyama\/#breadcrumb\",\"itemListElement\":[{\"@type\":\"ListItem\",\"position\":1,\"name\":\"Accueil\",\"item\":\"https:\/\/theplayoffs.news\/fr\/\"},{\"@type\":\"ListItem\",\"position\":2,\"name\":\"De&rsquo;Aaron Fox esp\u00e8re rester aux c\u00f4t\u00e9s de Victor Wembanyama\"}]},{\"@type\":\"WebSite\",\"@id\":\"https:\/\/theplayoffs.news\/fr\/#website\",\"url\":\"https:\/\/theplayoffs.news\/fr\/\",\"name\":\"The Playoffs FR\",\"description\":\"NBA-NFL-NHL-MLB\",\"potentialAction\":[{\"@type\":\"SearchAction\",\"target\":{\"@type\":\"EntryPoint\",\"urlTemplate\":\"https:\/\/theplayoffs.news\/fr\/?s={search_term_string}\"},\"query-input\":{\"@type\":\"PropertyValueSpecification\",\"valueRequired\":true,\"valueName\":\"search_term_string\"}}],\"inLanguage\":\"fr-FR\"},{\"@type\":\"Person\",\"@id\":\"https:\/\/theplayoffs.news\/fr\/#\/schema\/person\/1ea25b88e79fe4fabd657430b0013d3d\",\"name\":\"Jean Fabre-Jevanoff\",\"image\":{\"@type\":\"ImageObject\",\"inLanguage\":\"fr-FR\",\"@id\":\"https:\/\/theplayoffs.news\/fr\/#\/schema\/person\/image\/\",\"url\":\"https:\/\/secure.gravatar.com\/avatar\/18b28dab1159eebc6a17b9787eb8cbbe3242c3d0e8b53b89332f6dc1133aa361?s=96&d=mm&r=g\",\"contentUrl\":\"https:\/\/secure.gravatar.com\/avatar\/18b28dab1159eebc6a17b9787eb8cbbe3242c3d0e8b53b89332f6dc1133aa361?s=96&d=mm&r=g\",\"caption\":\"Jean Fabre-Jevanoff\"},\"description\":\"Journaliste polyvalent sur le football am\u00e9ricain, j\u2019\u00e9cris aussi des articles sur le basket. Commentateur sur Twitch et sur YouTube. Pass\u00e9 par Eurosport notamment. Un mix d\u2019Eminem et de OBJ, fan inconditionnel de Patrick Mahomes et Lebron James\",\"sameAs\":[\"https:\/\/www.instagram.com\/_juaniitooo_\",\"https:\/\/www.linkedin.com\/in\/jean-fabre-jevanoff-84bb9b1a9\/\",\"https:\/\/x.com\/the_jfj_42\"],\"url\":\"https:\/\/theplayoffs.news\/fr\/author\/jeanfj42gmail-com\/\"}]}<\/script>\n<!-- \/ Yoast SEO plugin. -->","yoast_head_json":{"title":"De&#039;Aaron Fox esp&egrave;re rester aux c&ocirc;t&eacute;s de Victor Wembanyama - The Playoffs FR","description":"De&#039;Aaron Fox voit son contrat arriver &agrave; terme cet &eacute;t&eacute;. L&rsquo;ex des Kings veut continuer sa carri&egrave;re &agrave; San Antonio avec Victor Wembanyama.","robots":{"index":"index","follow":"follow","max-snippet":"max-snippet:-1","max-image-preview":"max-image-preview:large","max-video-preview":"max-video-preview:-1"},"canonical":"https:\/\/theplayoffs.news\/fr\/actualite-nba\/deaaron-fox-espere-rester-aux-cotes-de-victor-wembanyama\/","og_locale":"fr_FR","og_type":"article","og_title":"De&#039;Aaron Fox esp&egrave;re rester aux c&ocirc;t&eacute;s de Victor Wembanyama - The Playoffs FR","og_description":"De&#039;Aaron Fox voit son contrat arriver &agrave; terme cet &eacute;t&eacute;. L&rsquo;ex des Kings veut continuer sa carri&egrave;re &agrave; San Antonio avec Victor Wembanyama.","og_url":"https:\/\/theplayoffs.news\/fr\/actualite-nba\/deaaron-fox-espere-rester-aux-cotes-de-victor-wembanyama\/","og_site_name":"The Playoffs FR","article_publisher":"https:\/\/www.facebook.com\/TheFreeAgentFR\/","article_modified_time":"2025-05-26T16:33:55+00:00","og_image":[{"width":1920,"height":1280,"url":"https:\/\/theplayoffs.news\/fr\/wp-content\/uploads\/2025\/05\/USATSI_25384698.jpg","type":"image\/jpeg"}],"author":"Jean Fabre-Jevanoff","twitter_card":"summary_large_image","twitter_creator":"@the_jfj_42","twitter_site":"@TheFreeAgentFR","twitter_misc":{"\u00c9crit par":"Jean Fabre-Jevanoff","Dur\u00e9e de lecture estim\u00e9e":"2 minutes"},"schema":{"@context":"https:\/\/schema.org","@graph":[{"@type":"WebPage","@id":"https:\/\/theplayoffs.news\/fr\/actualite-nba\/deaaron-fox-espere-rester-aux-cotes-de-victor-wembanyama\/","url":"https:\/\/theplayoffs.news\/fr\/actualite-nba\/deaaron-fox-espere-rester-aux-cotes-de-victor-wembanyama\/","name":"De\\'Aaron Fox esp\u00e8re rester aux c\u00f4t\u00e9s de Victor Wembanyama - The Playoffs FR","isPartOf":{"@id":"https:\/\/theplayoffs.news\/fr\/#website"},"primaryImageOfPage":{"@id":"https:\/\/theplayoffs.news\/fr\/actualite-nba\/deaaron-fox-espere-rester-aux-cotes-de-victor-wembanyama\/#primaryimage"},"image":{"@id":"https:\/\/theplayoffs.news\/fr\/actualite-nba\/deaaron-fox-espere-rester-aux-cotes-de-victor-wembanyama\/#primaryimage"},"thumbnailUrl":"https:\/\/theplayoffs.news\/fr\/wp-content\/uploads\/2025\/05\/USATSI_25384698.jpg","datePublished":"2025-05-26T16:29:50+00:00","dateModified":"2025-05-26T16:33:55+00:00","author":{"@id":"https:\/\/theplayoffs.news\/fr\/#\/schema\/person\/1ea25b88e79fe4fabd657430b0013d3d"},"description":"De\\'Aaron Fox voit son contrat arriver \u00e0 terme cet \u00e9t\u00e9. L\u2019ex des Kings veut continuer sa carri\u00e8re \u00e0 San Antonio avec Victor Wembanyama.","breadcrumb":{"@id":"https:\/\/theplayoffs.news\/fr\/actualite-nba\/deaaron-fox-espere-rester-aux-cotes-de-victor-wembanyama\/#breadcrumb"},"inLanguage":"fr-FR","potentialAction":[{"@type":"ReadAction","target":["https:\/\/theplayoffs.news\/fr\/actualite-nba\/deaaron-fox-espere-rester-aux-cotes-de-victor-wembanyama\/"]}]},{"@type":"ImageObject","inLanguage":"fr-FR","@id":"https:\/\/theplayoffs.news\/fr\/actualite-nba\/deaaron-fox-espere-rester-aux-cotes-de-victor-wembanyama\/#primaryimage","url":"https:\/\/theplayoffs.news\/fr\/wp-content\/uploads\/2025\/05\/USATSI_25384698.jpg","contentUrl":"https:\/\/theplayoffs.news\/fr\/wp-content\/uploads\/2025\/05\/USATSI_25384698.jpg","width":1920,"height":1280,"caption":"Feb 10, 2025; Washington, District of Columbia, USA; San Antonio Spurs center Victor Wembanyama (1) and guard De\\'Aaron Fox (4) react during the second quarter against the Washington Wizards at Capital One Arena. Mandatory Credit: Reggie Hildred-Imagn Images"},{"@type":"BreadcrumbList","@id":"https:\/\/theplayoffs.news\/fr\/actualite-nba\/deaaron-fox-espere-rester-aux-cotes-de-victor-wembanyama\/#breadcrumb","itemListElement":[{"@type":"ListItem","position":1,"name":"Accueil","item":"https:\/\/theplayoffs.news\/fr\/"},{"@type":"ListItem","position":2,"name":"De&rsquo;Aaron Fox esp\u00e8re rester aux c\u00f4t\u00e9s de Victor Wembanyama"}]},{"@type":"WebSite","@id":"https:\/\/theplayoffs.news\/fr\/#website","url":"https:\/\/theplayoffs.news\/fr\/","name":"The Playoffs FR","description":"NBA-NFL-NHL-MLB","potentialAction":[{"@type":"SearchAction","target":{"@type":"EntryPoint","urlTemplate":"https:\/\/theplayoffs.news\/fr\/?s={search_term_string}"},"query-input":{"@type":"PropertyValueSpecification","valueRequired":true,"valueName":"search_term_string"}}],"inLanguage":"fr-FR"},{"@type":"Person","@id":"https:\/\/theplayoffs.news\/fr\/#\/schema\/person\/1ea25b88e79fe4fabd657430b0013d3d","name":"Jean Fabre-Jevanoff","image":{"@type":"ImageObject","inLanguage":"fr-FR","@id":"https:\/\/theplayoffs.news\/fr\/#\/schema\/person\/image\/","url":"https:\/\/secure.gravatar.com\/avatar\/18b28dab1159eebc6a17b9787eb8cbbe3242c3d0e8b53b89332f6dc1133aa361?s=96&d=mm&r=g","contentUrl":"https:\/\/secure.gravatar.com\/avatar\/18b28dab1159eebc6a17b9787eb8cbbe3242c3d0e8b53b89332f6dc1133aa361?s=96&d=mm&r=g","caption":"Jean Fabre-Jevanoff"},"description":"Journaliste polyvalent sur le football am\u00e9ricain, j\u2019\u00e9cris aussi des articles sur le basket. Commentateur sur Twitch et sur YouTube. Pass\u00e9 par Eurosport notamment. Un mix d\u2019Eminem et de OBJ, fan inconditionnel de Patrick Mahomes et Lebron James","sameAs":["https:\/\/www.instagram.com\/_juaniitooo_","https:\/\/www.linkedin.com\/in\/jean-fabre-jevanoff-84bb9b1a9\/","https:\/\/x.com\/the_jfj_42"],"url":"https:\/\/theplayoffs.news\/fr\/author\/jeanfj42gmail-com\/"}]}},"_links":{"self":[{"href":"https:\/\/theplayoffs.news\/fr\/wp-json\/wp\/v2\/posts\/1492657","targetHints":{"allow":["GET"]}}],"collection":[{"href":"https:\/\/theplayoffs.news\/fr\/wp-json\/wp\/v2\/posts"}],"about":[{"href":"https:\/\/theplayoffs.news\/fr\/wp-json\/wp\/v2\/types\/post"}],"author":[{"embeddable":true,"href":"https:\/\/theplayoffs.news\/fr\/wp-json\/wp\/v2\/users\/180310250"}],"replies":[{"embeddable":true,"href":"https:\/\/theplayoffs.news\/fr\/wp-json\/wp\/v2\/comments?post=1492657"}],"version-history":[{"count":2,"href":"https:\/\/theplayoffs.news\/fr\/wp-json\/wp\/v2\/posts\/1492657\/revisions"}],"predecessor-version":[{"id":1492662,"href":"https:\/\/theplayoffs.news\/fr\/wp-json\/wp\/v2\/posts\/1492657\/revisions\/1492662"}],"wp:featuredmedia":[{"embeddable":true,"href":"https:\/\/theplayoffs.news\/fr\/wp-json\/wp\/v2\/media\/1492660"}],"wp:attachment":[{"href":"https:\/\/theplayoffs.news\/fr\/wp-json\/wp\/v2\/media?parent=1492657"}],"wp:term":[{"taxonomy":"category","embeddable":true,"href":"https:\/\/theplayoffs.news\/fr\/wp-json\/wp\/v2\/categories?post=1492657"},{"taxonomy":"post_tag","embeddable":true,"href":"https:\/\/theplayoffs.news\/fr\/wp-json\/wp\/v2\/tags?post=1492657"},{"taxonomy":"sport","embeddable":true,"href":"https:\/\/theplayoffs.news\/fr\/wp-json\/wp\/v2\/sport?post=1492657"},{"taxonomy":"saison","embeddable":true,"href":"https:\/\/theplayoffs.news\/fr\/wp-json\/wp\/v2\/saison?post=1492657"}],"curies":[{"name":"wp","href":"https:\/\/api.w.org\/{rel}","templated":true}]}}