{"id":1492470,"date":"2025-05-23T11:37:12","date_gmt":"2025-05-23T09:37:12","guid":{"rendered":"https:\/\/theplayoffs.news\/fr\/uncategorized\/\/"},"modified":"2025-05-23T11:37:19","modified_gmt":"2025-05-23T09:37:19","slug":"les-nuggets-confortent-david-adelman-en-tant-quentraineur-principal","status":"publish","type":"post","link":"https:\/\/theplayoffs.news\/fr\/actualite-nba\/les-nuggets-confortent-david-adelman-en-tant-quentraineur-principal\/","title":{"rendered":"Les Nuggets confortent David Adelman en tant qu&rsquo;entra\u00eeneur principal"},"content":{"rendered":"<p>Malgr&eacute; l&rsquo;&eacute;limination de Denver au 2e tour des playoffs face &agrave; Oklahoma City, une bonne nouvelle vient redonner le sourire &agrave; David Adelman. Celui qui occupait jusqu&rsquo;&agrave; pr&eacute;sent le poste d&rsquo;entra&icirc;neur int&eacute;rimaire des Nuggets vient d&rsquo;&ecirc;tre confirm&eacute; dans ses fonctions par le patron de la franchise.<\/p><h2 class=\"wp-block-heading\">L&rsquo;humain, priorit&eacute; &agrave; Denver<\/h2><p>Josh Kroenke, pr&eacute;sident et propri&eacute;taire des Nuggets, a officiellement nomm&eacute; David Adelman entra&icirc;neur principal ce jeudi. Le technicien de 44 ans a &eacute;t&eacute; r&eacute;compens&eacute; pour sa capacit&eacute; &agrave; redresser une &eacute;quipe d&eacute;sorganis&eacute;e et d&eacute;stabilis&eacute;e par le d&eacute;part de Michael Malone, survenu &agrave; quelques jours des playoffs apr&egrave;s dix ann&eacute;es &agrave; la t&ecirc;te de l&rsquo;&eacute;quipe. En un temps record, Adelman a men&eacute; Denver jusqu&rsquo;&agrave; un match 7 contre Oklahoma City, t&ecirc;te de s&eacute;rie num&eacute;ro un, en demi-finale de conf&eacute;rence.<\/p><p>Un choix de continuit&eacute;, motiv&eacute; par la relation forte qu&rsquo;il entretient avec ses joueurs.<\/p><blockquote class=\"wp-block-quote is-layout-flow wp-block-quote-is-layout-flow\">\n<p>&laquo; Une des raisons du changement, c&rsquo;&eacute;tait aussi de donner une chance &agrave; David &raquo;, a expliqu&eacute; Kroenke. &laquo; Il conna&icirc;t les habitudes des joueurs, mais surtout, il les conna&icirc;t en tant qu&rsquo;humains. Il sait ce qui les motive. J&rsquo;&eacute;tais au d&eacute;part ouvert &agrave; l&rsquo;id&eacute;e d&rsquo;un coach venu de l&rsquo;ext&eacute;rieur, mais j&rsquo;ai vu l&rsquo;importance des liens humains d&eacute;j&agrave; en place. Cela compte &eacute;norm&eacute;ment pour obtenir le meilleur de ce groupe &raquo;, a-t-il d&eacute;clar&eacute; &agrave; <a href=\"https:\/\/www.espn.com\/nba\/story\/_\/id\/45272261\/sources-nuggets-make-david-adelman-new-head-coach\" target=\"_blank\" rel=\"noreferrer noopener\" class=\"trk-cta-link\" data-cta-trk='{\"ctaType\":\"Link\",\"ctaSubType\":\"main\"}'>ESPN<\/a>.<\/p>\n<\/blockquote><p>Sous la houlette d&rsquo;Adelman, Denver a obtenu trois victoires cruciales en fin de saison pour &eacute;viter le play-in, puis a &eacute;limin&eacute; les Clippers en sept matchs, avant de pousser le Thunder dans ses retranchements, sans toutefois &eacute;viter l&rsquo;&eacute;limination.<\/p><p>M&ecirc;me s&rsquo;il n&rsquo;a pas eu le temps d&rsquo;imposer sa propre philosophie ou de modifier en profondeur les rotations, le pr&eacute;sident des Nuggets a salu&eacute; l&rsquo;&eacute;tat d&rsquo;esprit et la dynamique insuffl&eacute;e par Adelman. Ancien assistant principal de Michael Malone durant huit saisons, Adelman &eacute;tait d&eacute;j&agrave; consid&eacute;r&eacute; comme un futur entra&icirc;neur en chef dans la ligue.<\/p><ul class=\"wp-block-list\">\n<li><strong>Lire aussi :<\/strong><\/li>\n<\/ul><p><a href=\"https:\/\/theplayoffs.news\/fr\/actualite-nba\/demarcus-cousins-juge-steve-kerr-incapable-de-developper-les-jeunes\/\" target=\"_blank\" rel=\"noreferrer noopener\" class=\"trk-cta-link\" data-cta-trk='{\"ctaType\":\"Link\",\"ctaSubType\":\"main\"}'>Demarcus Cousins juge Steve Kerr incapable de &laquo;&nbsp;d&eacute;velopper les jeunes&nbsp;&raquo;<\/a><\/p><p><a href=\"https:\/\/theplayoffs.news\/fr\/actualite-nba\/mike-malone-shai-gilgeous-alexander-profite-dun-arbitrage-favorable\/\" target=\"_blank\" rel=\"noreferrer noopener\" class=\"trk-cta-link\" data-cta-trk='{\"ctaType\":\"Link\",\"ctaSubType\":\"main\"}'>Mike Malone : &lsquo;Shai Gilgeous-Alexander profite d&rsquo;un arbitrage favorable&rsquo;<\/a><\/p><p>Outre les performances de son nouveau coach, Kroenke a tenu &agrave; saluer l&rsquo;attitude de ses joueurs.<\/p><blockquote class=\"wp-block-quote is-layout-flow wp-block-quote-is-layout-flow\">\n<p>&laquo; Je suis fier de la mani&egrave;re dont le groupe s&rsquo;est soud&eacute; dans des circonstances difficiles. Je pense m&ecirc;me que nous avons tir&eacute; un peu plus de cette saison que ce que l&rsquo;on pouvait esp&eacute;rer il y a six semaines. &raquo;<\/p>\n<\/blockquote><p>Bien que Kroenke n&rsquo;ait pas encore d&eacute;sign&eacute; de nouveau General Manager, il a souhait&eacute; officialiser le poste d&rsquo;Adelman rapidement pour mieux pr&eacute;parer la suite. Une suite qui d&eacute;butera par des choix d&eacute;cisifs cet &eacute;t&eacute;, entre arriv&eacute;es et d&eacute;parts, pour renforcer l&rsquo;effectif.<\/p><p>Cr&eacute;dit photo : Alonzo Adams-Imagn Images<\/p>\n","protected":false},"excerpt":{"rendered":"","protected":false},"author":180310250,"featured_media":1492476,"comment_status":"closed","ping_status":"closed","sticky":false,"template":"","format":"standard","meta":{"inline_featured_image":false,"kia_subtitle":"","_mux_skip_reasons":[],"proofreadBy":0,"footnotes":""},"categories":[110,10,8408],"tags":[8365,620,23],"sport":[2783],"saison":[7475],"class_list":["post-1492470","post","type-post","status-publish","format-standard","has-post-thumbnail","hentry","category-actualite-nba","category-nba","category-sports","tag-david-adelman","tag-denver-nuggets","tag-nba-tag","sport-nba","saison-7475"],"acf":[],"yoast_head":"<!-- This site is optimized with the Yoast SEO plugin v24.2 - https:\/\/yoast.com\/wordpress\/plugins\/seo\/ -->\n<title>Les Nuggets confortent David Adelman en tant que coach principal<\/title>\n<meta name=\"description\" content=\"Apr&egrave;s ses bonnes prestations en playoffs, David Adelman va rester l&#039;entraineur principal des Nuggets, notamment gr&acirc;ce &agrave; son humanit&eacute;.\" \/>\n<meta name=\"robots\" content=\"index, follow, max-snippet:-1, max-image-preview:large, max-video-preview:-1\" \/>\n<link rel=\"canonical\" href=\"https:\/\/theplayoffs.news\/fr\/actualite-nba\/les-nuggets-confortent-david-adelman-en-tant-quentraineur-principal\/\" \/>\n<meta property=\"og:locale\" content=\"fr_FR\" \/>\n<meta property=\"og:type\" content=\"article\" \/>\n<meta property=\"og:title\" content=\"Les Nuggets confortent David Adelman en tant que coach principal\" \/>\n<meta property=\"og:description\" content=\"Apr&egrave;s ses bonnes prestations en playoffs, David Adelman va rester l&#039;entraineur principal des Nuggets, notamment gr&acirc;ce &agrave; son humanit&eacute;.\" \/>\n<meta property=\"og:url\" content=\"https:\/\/theplayoffs.news\/fr\/actualite-nba\/les-nuggets-confortent-david-adelman-en-tant-quentraineur-principal\/\" \/>\n<meta property=\"og:site_name\" content=\"The Playoffs FR\" \/>\n<meta property=\"article:publisher\" content=\"https:\/\/www.facebook.com\/TheFreeAgentFR\/\" \/>\n<meta property=\"article:modified_time\" content=\"2025-05-23T11:37:19+02:00\" \/>\n<meta property=\"og:image\" content=\"https:\/\/theplayoffs.news\/fr\/wp-content\/uploads\/2025\/05\/USATSI_26115324.jpg\" \/>\n\t<meta property=\"og:image:width\" content=\"1920\" \/>\n\t<meta property=\"og:image:height\" content=\"1280\" \/>\n\t<meta property=\"og:image:type\" content=\"image\/jpeg\" \/>\n<meta name=\"author\" content=\"Jean Fabre-Jevanoff\" \/>\n<meta name=\"twitter:card\" content=\"summary_large_image\" \/>\n<meta name=\"twitter:creator\" content=\"@the_jfj_42\" \/>\n<meta name=\"twitter:site\" content=\"@TheFreeAgentFR\" \/>\n<meta name=\"twitter:label1\" content=\"\u00c9crit par\" \/>\n\t<meta name=\"twitter:data1\" content=\"Jean Fabre-Jevanoff\" \/>\n\t<meta name=\"twitter:label2\" content=\"Dur\u00e9e de lecture estim\u00e9e\" \/>\n\t<meta name=\"twitter:data2\" content=\"2 minutes\" \/>\n<script type=\"application\/ld+json\" class=\"yoast-schema-graph\">{\"@context\":\"https:\/\/schema.org\",\"@graph\":[{\"@type\":\"WebPage\",\"@id\":\"https:\/\/theplayoffs.news\/fr\/actualite-nba\/les-nuggets-confortent-david-adelman-en-tant-quentraineur-principal\/\",\"url\":\"https:\/\/theplayoffs.news\/fr\/actualite-nba\/les-nuggets-confortent-david-adelman-en-tant-quentraineur-principal\/\",\"name\":\"Les Nuggets confortent David Adelman en tant que coach principal\",\"isPartOf\":{\"@id\":\"https:\/\/theplayoffs.news\/fr\/#website\"},\"primaryImageOfPage\":{\"@id\":\"https:\/\/theplayoffs.news\/fr\/actualite-nba\/les-nuggets-confortent-david-adelman-en-tant-quentraineur-principal\/#primaryimage\"},\"image\":{\"@id\":\"https:\/\/theplayoffs.news\/fr\/actualite-nba\/les-nuggets-confortent-david-adelman-en-tant-quentraineur-principal\/#primaryimage\"},\"thumbnailUrl\":\"https:\/\/theplayoffs.news\/fr\/wp-content\/uploads\/2025\/05\/USATSI_26115324.jpg\",\"datePublished\":\"2025-05-23T09:37:12+00:00\",\"dateModified\":\"2025-05-23T09:37:19+00:00\",\"author\":{\"@id\":\"https:\/\/theplayoffs.news\/fr\/#\/schema\/person\/1ea25b88e79fe4fabd657430b0013d3d\"},\"description\":\"Apr\u00e8s ses bonnes prestations en playoffs, David Adelman va rester l\\\\'entraineur principal des Nuggets, notamment gr\u00e2ce \u00e0 son humanit\u00e9.\",\"breadcrumb\":{\"@id\":\"https:\/\/theplayoffs.news\/fr\/actualite-nba\/les-nuggets-confortent-david-adelman-en-tant-quentraineur-principal\/#breadcrumb\"},\"inLanguage\":\"fr-FR\",\"potentialAction\":[{\"@type\":\"ReadAction\",\"target\":[\"https:\/\/theplayoffs.news\/fr\/actualite-nba\/les-nuggets-confortent-david-adelman-en-tant-quentraineur-principal\/\"]}]},{\"@type\":\"ImageObject\",\"inLanguage\":\"fr-FR\",\"@id\":\"https:\/\/theplayoffs.news\/fr\/actualite-nba\/les-nuggets-confortent-david-adelman-en-tant-quentraineur-principal\/#primaryimage\",\"url\":\"https:\/\/theplayoffs.news\/fr\/wp-content\/uploads\/2025\/05\/USATSI_26115324.jpg\",\"contentUrl\":\"https:\/\/theplayoffs.news\/fr\/wp-content\/uploads\/2025\/05\/USATSI_26115324.jpg\",\"width\":1920,\"height\":1280,\"caption\":\"May 5, 2025; Oklahoma City, Oklahoma, USA; Denver Nuggets head coach David Adelman watches his team play against the Denver Nuggets during the second half during game one of the second round for the 2025 NBA Playoffs at Paycom Center. Mandatory Credit: Alonzo Adams-Imagn Images\"},{\"@type\":\"BreadcrumbList\",\"@id\":\"https:\/\/theplayoffs.news\/fr\/actualite-nba\/les-nuggets-confortent-david-adelman-en-tant-quentraineur-principal\/#breadcrumb\",\"itemListElement\":[{\"@type\":\"ListItem\",\"position\":1,\"name\":\"Accueil\",\"item\":\"https:\/\/theplayoffs.news\/fr\/\"},{\"@type\":\"ListItem\",\"position\":2,\"name\":\"Les Nuggets confortent David Adelman en tant qu&rsquo;entra\u00eeneur principal\"}]},{\"@type\":\"WebSite\",\"@id\":\"https:\/\/theplayoffs.news\/fr\/#website\",\"url\":\"https:\/\/theplayoffs.news\/fr\/\",\"name\":\"The Playoffs FR\",\"description\":\"NBA-NFL-NHL-MLB\",\"potentialAction\":[{\"@type\":\"SearchAction\",\"target\":{\"@type\":\"EntryPoint\",\"urlTemplate\":\"https:\/\/theplayoffs.news\/fr\/?s={search_term_string}\"},\"query-input\":{\"@type\":\"PropertyValueSpecification\",\"valueRequired\":true,\"valueName\":\"search_term_string\"}}],\"inLanguage\":\"fr-FR\"},{\"@type\":\"Person\",\"@id\":\"https:\/\/theplayoffs.news\/fr\/#\/schema\/person\/1ea25b88e79fe4fabd657430b0013d3d\",\"name\":\"Jean Fabre-Jevanoff\",\"image\":{\"@type\":\"ImageObject\",\"inLanguage\":\"fr-FR\",\"@id\":\"https:\/\/theplayoffs.news\/fr\/#\/schema\/person\/image\/\",\"url\":\"https:\/\/secure.gravatar.com\/avatar\/18b28dab1159eebc6a17b9787eb8cbbe3242c3d0e8b53b89332f6dc1133aa361?s=96&d=mm&r=g\",\"contentUrl\":\"https:\/\/secure.gravatar.com\/avatar\/18b28dab1159eebc6a17b9787eb8cbbe3242c3d0e8b53b89332f6dc1133aa361?s=96&d=mm&r=g\",\"caption\":\"Jean Fabre-Jevanoff\"},\"description\":\"Journaliste polyvalent sur le football am\u00e9ricain, j\u2019\u00e9cris aussi des articles sur le basket. Commentateur sur Twitch et sur YouTube. Pass\u00e9 par Eurosport notamment. Un mix d\u2019Eminem et de OBJ, fan inconditionnel de Patrick Mahomes et Lebron James\",\"sameAs\":[\"https:\/\/www.instagram.com\/_juaniitooo_\",\"https:\/\/www.linkedin.com\/in\/jean-fabre-jevanoff-84bb9b1a9\/\",\"https:\/\/x.com\/the_jfj_42\"],\"url\":\"https:\/\/theplayoffs.news\/fr\/author\/jeanfj42gmail-com\/\"}]}<\/script>\n<!-- \/ Yoast SEO plugin. -->","yoast_head_json":{"title":"Les Nuggets confortent David Adelman en tant que coach principal","description":"Apr&egrave;s ses bonnes prestations en playoffs, David Adelman va rester l&#039;entraineur principal des Nuggets, notamment gr&acirc;ce &agrave; son humanit&eacute;.","robots":{"index":"index","follow":"follow","max-snippet":"max-snippet:-1","max-image-preview":"max-image-preview:large","max-video-preview":"max-video-preview:-1"},"canonical":"https:\/\/theplayoffs.news\/fr\/actualite-nba\/les-nuggets-confortent-david-adelman-en-tant-quentraineur-principal\/","og_locale":"fr_FR","og_type":"article","og_title":"Les Nuggets confortent David Adelman en tant que coach principal","og_description":"Apr&egrave;s ses bonnes prestations en playoffs, David Adelman va rester l&#039;entraineur principal des Nuggets, notamment gr&acirc;ce &agrave; son humanit&eacute;.","og_url":"https:\/\/theplayoffs.news\/fr\/actualite-nba\/les-nuggets-confortent-david-adelman-en-tant-quentraineur-principal\/","og_site_name":"The Playoffs FR","article_publisher":"https:\/\/www.facebook.com\/TheFreeAgentFR\/","article_modified_time":"2025-05-23T09:37:19+00:00","og_image":[{"width":1920,"height":1280,"url":"https:\/\/theplayoffs.news\/fr\/wp-content\/uploads\/2025\/05\/USATSI_26115324.jpg","type":"image\/jpeg"}],"author":"Jean Fabre-Jevanoff","twitter_card":"summary_large_image","twitter_creator":"@the_jfj_42","twitter_site":"@TheFreeAgentFR","twitter_misc":{"\u00c9crit par":"Jean Fabre-Jevanoff","Dur\u00e9e de lecture estim\u00e9e":"2 minutes"},"schema":{"@context":"https:\/\/schema.org","@graph":[{"@type":"WebPage","@id":"https:\/\/theplayoffs.news\/fr\/actualite-nba\/les-nuggets-confortent-david-adelman-en-tant-quentraineur-principal\/","url":"https:\/\/theplayoffs.news\/fr\/actualite-nba\/les-nuggets-confortent-david-adelman-en-tant-quentraineur-principal\/","name":"Les Nuggets confortent David Adelman en tant que coach principal","isPartOf":{"@id":"https:\/\/theplayoffs.news\/fr\/#website"},"primaryImageOfPage":{"@id":"https:\/\/theplayoffs.news\/fr\/actualite-nba\/les-nuggets-confortent-david-adelman-en-tant-quentraineur-principal\/#primaryimage"},"image":{"@id":"https:\/\/theplayoffs.news\/fr\/actualite-nba\/les-nuggets-confortent-david-adelman-en-tant-quentraineur-principal\/#primaryimage"},"thumbnailUrl":"https:\/\/theplayoffs.news\/fr\/wp-content\/uploads\/2025\/05\/USATSI_26115324.jpg","datePublished":"2025-05-23T09:37:12+00:00","dateModified":"2025-05-23T09:37:19+00:00","author":{"@id":"https:\/\/theplayoffs.news\/fr\/#\/schema\/person\/1ea25b88e79fe4fabd657430b0013d3d"},"description":"Apr\u00e8s ses bonnes prestations en playoffs, David Adelman va rester l\\'entraineur principal des Nuggets, notamment gr\u00e2ce \u00e0 son humanit\u00e9.","breadcrumb":{"@id":"https:\/\/theplayoffs.news\/fr\/actualite-nba\/les-nuggets-confortent-david-adelman-en-tant-quentraineur-principal\/#breadcrumb"},"inLanguage":"fr-FR","potentialAction":[{"@type":"ReadAction","target":["https:\/\/theplayoffs.news\/fr\/actualite-nba\/les-nuggets-confortent-david-adelman-en-tant-quentraineur-principal\/"]}]},{"@type":"ImageObject","inLanguage":"fr-FR","@id":"https:\/\/theplayoffs.news\/fr\/actualite-nba\/les-nuggets-confortent-david-adelman-en-tant-quentraineur-principal\/#primaryimage","url":"https:\/\/theplayoffs.news\/fr\/wp-content\/uploads\/2025\/05\/USATSI_26115324.jpg","contentUrl":"https:\/\/theplayoffs.news\/fr\/wp-content\/uploads\/2025\/05\/USATSI_26115324.jpg","width":1920,"height":1280,"caption":"May 5, 2025; Oklahoma City, Oklahoma, USA; Denver Nuggets head coach David Adelman watches his team play against the Denver Nuggets during the second half during game one of the second round for the 2025 NBA Playoffs at Paycom Center. Mandatory Credit: Alonzo Adams-Imagn Images"},{"@type":"BreadcrumbList","@id":"https:\/\/theplayoffs.news\/fr\/actualite-nba\/les-nuggets-confortent-david-adelman-en-tant-quentraineur-principal\/#breadcrumb","itemListElement":[{"@type":"ListItem","position":1,"name":"Accueil","item":"https:\/\/theplayoffs.news\/fr\/"},{"@type":"ListItem","position":2,"name":"Les Nuggets confortent David Adelman en tant qu&rsquo;entra\u00eeneur principal"}]},{"@type":"WebSite","@id":"https:\/\/theplayoffs.news\/fr\/#website","url":"https:\/\/theplayoffs.news\/fr\/","name":"The Playoffs FR","description":"NBA-NFL-NHL-MLB","potentialAction":[{"@type":"SearchAction","target":{"@type":"EntryPoint","urlTemplate":"https:\/\/theplayoffs.news\/fr\/?s={search_term_string}"},"query-input":{"@type":"PropertyValueSpecification","valueRequired":true,"valueName":"search_term_string"}}],"inLanguage":"fr-FR"},{"@type":"Person","@id":"https:\/\/theplayoffs.news\/fr\/#\/schema\/person\/1ea25b88e79fe4fabd657430b0013d3d","name":"Jean Fabre-Jevanoff","image":{"@type":"ImageObject","inLanguage":"fr-FR","@id":"https:\/\/theplayoffs.news\/fr\/#\/schema\/person\/image\/","url":"https:\/\/secure.gravatar.com\/avatar\/18b28dab1159eebc6a17b9787eb8cbbe3242c3d0e8b53b89332f6dc1133aa361?s=96&d=mm&r=g","contentUrl":"https:\/\/secure.gravatar.com\/avatar\/18b28dab1159eebc6a17b9787eb8cbbe3242c3d0e8b53b89332f6dc1133aa361?s=96&d=mm&r=g","caption":"Jean Fabre-Jevanoff"},"description":"Journaliste polyvalent sur le football am\u00e9ricain, j\u2019\u00e9cris aussi des articles sur le basket. Commentateur sur Twitch et sur YouTube. Pass\u00e9 par Eurosport notamment. Un mix d\u2019Eminem et de OBJ, fan inconditionnel de Patrick Mahomes et Lebron James","sameAs":["https:\/\/www.instagram.com\/_juaniitooo_","https:\/\/www.linkedin.com\/in\/jean-fabre-jevanoff-84bb9b1a9\/","https:\/\/x.com\/the_jfj_42"],"url":"https:\/\/theplayoffs.news\/fr\/author\/jeanfj42gmail-com\/"}]}},"_links":{"self":[{"href":"https:\/\/theplayoffs.news\/fr\/wp-json\/wp\/v2\/posts\/1492470","targetHints":{"allow":["GET"]}}],"collection":[{"href":"https:\/\/theplayoffs.news\/fr\/wp-json\/wp\/v2\/posts"}],"about":[{"href":"https:\/\/theplayoffs.news\/fr\/wp-json\/wp\/v2\/types\/post"}],"author":[{"embeddable":true,"href":"https:\/\/theplayoffs.news\/fr\/wp-json\/wp\/v2\/users\/180310250"}],"replies":[{"embeddable":true,"href":"https:\/\/theplayoffs.news\/fr\/wp-json\/wp\/v2\/comments?post=1492470"}],"version-history":[{"count":1,"href":"https:\/\/theplayoffs.news\/fr\/wp-json\/wp\/v2\/posts\/1492470\/revisions"}],"predecessor-version":[{"id":1492477,"href":"https:\/\/theplayoffs.news\/fr\/wp-json\/wp\/v2\/posts\/1492470\/revisions\/1492477"}],"wp:featuredmedia":[{"embeddable":true,"href":"https:\/\/theplayoffs.news\/fr\/wp-json\/wp\/v2\/media\/1492476"}],"wp:attachment":[{"href":"https:\/\/theplayoffs.news\/fr\/wp-json\/wp\/v2\/media?parent=1492470"}],"wp:term":[{"taxonomy":"category","embeddable":true,"href":"https:\/\/theplayoffs.news\/fr\/wp-json\/wp\/v2\/categories?post=1492470"},{"taxonomy":"post_tag","embeddable":true,"href":"https:\/\/theplayoffs.news\/fr\/wp-json\/wp\/v2\/tags?post=1492470"},{"taxonomy":"sport","embeddable":true,"href":"https:\/\/theplayoffs.news\/fr\/wp-json\/wp\/v2\/sport?post=1492470"},{"taxonomy":"saison","embeddable":true,"href":"https:\/\/theplayoffs.news\/fr\/wp-json\/wp\/v2\/saison?post=1492470"}],"curies":[{"name":"wp","href":"https:\/\/api.w.org\/{rel}","templated":true}]}}