{"id":1492461,"date":"2025-05-23T10:43:02","date_gmt":"2025-05-23T08:43:02","guid":{"rendered":"https:\/\/theplayoffs.news\/fr\/uncategorized\/\/"},"modified":"2025-05-23T10:43:08","modified_gmt":"2025-05-23T08:43:08","slug":"caroline-garcia-annonce-sa-retraite-du-tennis-professionnel","status":"publish","type":"post","link":"https:\/\/theplayoffs.news\/fr\/tennis\/caroline-garcia-annonce-sa-retraite-du-tennis-professionnel\/","title":{"rendered":"Caroline Garcia annonce sa retraite du tennis professionnel"},"content":{"rendered":"<p>Caroline Garcia a annonc&eacute; sa retraite du tennis professionnel, et Roland-Garros 2025 sera sa derni&egrave;re comp&eacute;tition. &Agrave; 31 ans, elle a publi&eacute; un message &eacute;mouvant sur les r&eacute;seaux sociaux, dans lequel elle fait ses adieux &agrave; son sport de c&oelig;ur.<\/p><p>Ancienne championne des WTA Finals et ex-num&eacute;ro 4 mondiale, Garcia a atteint les demi-finales de l&rsquo;US Open en 2022. La Fran&ccedil;aise a aussi remport&eacute; le double &agrave; Roland-Garros en 2016 et 2022. Ces deux derni&egrave;res ann&eacute;es et demie ont &eacute;t&eacute; marqu&eacute;es par des difficult&eacute;s, ce qui l&rsquo;a conduite &agrave; mettre un terme &agrave; sa carri&egrave;re.<\/p><p><strong>&Agrave; lire aussi : <a href=\"https:\/\/theplayoffs.news\/fr\/prono-tennis\/pronostics-tennis-novak-djokovic-cameron-norrie-atp-geneve-2025\/\" class=\"trk-cta-link\" data-cta-trk='{\"ctaType\":\"Link\",\"ctaSubType\":\"main\"}'>Djokovic vs Norrie &ndash; face &agrave; face, pronostic et cotes pour la demi-finale de l&rsquo;ATP Gen&egrave;ve 2025<\/a><\/strong><\/p><h2 class=\"wp-block-heading\"><strong>Caroline Garcia disputera son dernier Grand Chelem &agrave; Roland-Garros<\/strong><\/h2><p>&laquo; Mon corps et mon esprit en ont besoin &raquo;, a d&eacute;clar&eacute; Caroline Garcia dans un post &eacute;mouvant sur les r&eacute;seaux sociaux. Elle y a adress&eacute; une lettre &agrave; son sport favori, retra&ccedil;ant en mots ses 15 ann&eacute;es de carri&egrave;re.<\/p><blockquote class=\"wp-block-quote is-layout-flow wp-block-quote-is-layout-flow\">\n<p>&laquo; Apr&egrave;s 15 ann&eacute;es au plus haut niveau, et plus de 25 ans &agrave; investir presque chaque seconde de ma vie dans ce sport, je me sens pr&ecirc;te &agrave; ouvrir un nouveau chapitre [&hellip;] Mais ce n&rsquo;est pas encore termin&eacute; &ndash; pas tout de suite, a &eacute;crit Caroline Garcia. Il me reste encore quelques tournois. Le premier, c&rsquo;est &agrave; la maison, &agrave; Roland-Garros. Ma 14e participation cons&eacute;cutive. Et ma derni&egrave;re. Alors &agrave; toute ma famille du tennis pr&eacute;sente sur place, retrouvons-nous une derni&egrave;re fois, pour r&ecirc;ver et nous battre ensemble. &raquo;<\/p>\n<\/blockquote><figure class=\"wp-block-embed is-type-rich is-provider-twitter wp-block-embed-twitter\"><div class=\"wp-block-embed__wrapper\">\n<blockquote class=\"twitter-tweet\" data-width=\"500\" data-dnt=\"true\"><p lang=\"en\" dir=\"ltr\">Dear tennis,<br><br>It&rsquo;s time to say goodbye.<br>After 15 years competing at the highest level, and more than 25 years putting pretty much every second of my life into it, I feel ready to start a new chapter.<br><br>My tennis journey hasn&rsquo;t always been easy. Since my early days, tennis has been&hellip; <a href=\"https:\/\/t.co\/6OLuSU4Se3\" class=\"trk-cta-link\" data-cta-trk='{\"ctaType\":\"Link\",\"ctaSubType\":\"main\"}'>pic.twitter.com\/6OLuSU4Se3<\/a><\/p>&mdash; Caroline Garcia (@CaroGarcia) <a href=\"https:\/\/twitter.com\/CaroGarcia\/status\/1925790263944917312?ref_src=twsrc%5Etfw\" class=\"trk-cta-link\" data-cta-trk='{\"ctaType\":\"Link\",\"ctaSubType\":\"main\"}'>May 23, 2025<\/a><\/blockquote><script async src=\"https:\/\/platform.twitter.com\/widgets.js\" charset=\"utf-8\"><\/script>\n<\/div><\/figure><p>La Fran&ccedil;aise participe &agrave; Roland-Garros depuis 2011. Ce sera sa 14e apparition dans le plus grand tournoi sur terre battue du monde. Garcia a commenc&eacute; sa carri&egrave;re &agrave; 17 ans, en tant que joueuse invit&eacute;e. Elle avait &eacute;t&eacute; remarqu&eacute;e par Maria Sharapova, alors num&eacute;ro 1 mondiale. &laquo; Il y avait beaucoup de pression qui est arriv&eacute;e soudainement, alors que je n&rsquo;&eacute;tais qu&rsquo;une toute jeune joueuse &raquo;, a-t-elle d&eacute;clar&eacute; apr&egrave;s avoir affront&eacute; la jeune Caroline Garcia.<\/p><p>Garcia a remport&eacute; Roland-Garros pour la premi&egrave;re fois en 2016, en double avec Kristina Mladenovic. Cette m&ecirc;me ann&eacute;e, elle a atteint les quarts de finale en simple, son meilleur r&eacute;sultat &agrave; Paris. Elle a ensuite atteint les huiti&egrave;mes de finale en 2018 et 2020. En 2022, six ans apr&egrave;s son premier sacre, elle remporte &agrave; nouveau le double avec Mladenovic, battant les t&ecirc;tes de s&eacute;rie n&deg;2 Coco Gauff et Jessica Pegula. Sa seule victoire aux WTA Finals est survenue &agrave; Fort Worth, cette m&ecirc;me ann&eacute;e.<\/p><p>Caroline Garcia entamera sa campagne &agrave; Roland-Garros 2025 dimanche contre Bernarda Pera. En cas de victoire, elle affrontera Donna Vekic ou Anna Blinkova. &Agrave; noter que Richard Gasquet prendra &eacute;galement sa retraite apr&egrave;s ce tournoi. Le v&eacute;t&eacute;ran fran&ccedil;ais avait fait ses d&eacute;buts &agrave; Roland-Garros en 2002, &agrave; seulement 15 ans.<\/p><p><\/p><p><em>Credit Photo: Jonathan Hui-Imagn Images<\/em><\/p>\n","protected":false},"excerpt":{"rendered":"","protected":false},"author":180309799,"featured_media":1492463,"comment_status":"closed","ping_status":"closed","sticky":false,"template":"","format":"standard","meta":{"inline_featured_image":false,"kia_subtitle":"","_mux_skip_reasons":[],"proofreadBy":0,"footnotes":""},"categories":[8408,8479],"tags":[8512],"sport":[],"saison":[],"class_list":["post-1492461","post","type-post","status-publish","format-standard","has-post-thumbnail","hentry","category-sports","category-tennis","tag-caroline-garcia"],"acf":[],"yoast_head":"<!-- This site is optimized with the Yoast SEO plugin v24.2 - https:\/\/yoast.com\/wordpress\/plugins\/seo\/ -->\n<title>Caroline Garcia annonce sa retraite du tennis professionnel - The Playoffs FR<\/title>\n<meta name=\"robots\" content=\"index, follow, max-snippet:-1, max-image-preview:large, max-video-preview:-1\" \/>\n<link rel=\"canonical\" href=\"https:\/\/theplayoffs.news\/fr\/tennis\/caroline-garcia-annonce-sa-retraite-du-tennis-professionnel\/\" \/>\n<meta property=\"og:locale\" content=\"fr_FR\" \/>\n<meta property=\"og:type\" content=\"article\" \/>\n<meta property=\"og:title\" content=\"Caroline Garcia annonce sa retraite du tennis professionnel - The Playoffs FR\" \/>\n<meta property=\"og:url\" content=\"https:\/\/theplayoffs.news\/fr\/tennis\/caroline-garcia-annonce-sa-retraite-du-tennis-professionnel\/\" \/>\n<meta property=\"og:site_name\" content=\"The Playoffs FR\" \/>\n<meta property=\"article:publisher\" content=\"https:\/\/www.facebook.com\/TheFreeAgentFR\/\" \/>\n<meta property=\"article:modified_time\" content=\"2025-05-23T10:43:08+02:00\" \/>\n<meta property=\"og:image\" content=\"https:\/\/theplayoffs.news\/fr\/wp-content\/uploads\/2025\/05\/USATSI_25608737.jpg\" \/>\n\t<meta property=\"og:image:width\" content=\"1920\" \/>\n\t<meta property=\"og:image:height\" content=\"1280\" \/>\n\t<meta property=\"og:image:type\" content=\"image\/jpeg\" \/>\n<meta name=\"author\" content=\"La r\u00e9daction\" \/>\n<meta name=\"twitter:card\" content=\"summary_large_image\" \/>\n<meta name=\"twitter:creator\" content=\"@TheFreeAgentFR\" \/>\n<meta name=\"twitter:site\" content=\"@TheFreeAgentFR\" \/>\n<meta name=\"twitter:label1\" content=\"\u00c9crit par\" \/>\n\t<meta name=\"twitter:data1\" content=\"La r\u00e9daction\" \/>\n\t<meta name=\"twitter:label2\" content=\"Dur\u00e9e de lecture estim\u00e9e\" \/>\n\t<meta name=\"twitter:data2\" content=\"3 minutes\" \/>\n<script type=\"application\/ld+json\" class=\"yoast-schema-graph\">{\"@context\":\"https:\/\/schema.org\",\"@graph\":[{\"@type\":\"WebPage\",\"@id\":\"https:\/\/theplayoffs.news\/fr\/tennis\/caroline-garcia-annonce-sa-retraite-du-tennis-professionnel\/\",\"url\":\"https:\/\/theplayoffs.news\/fr\/tennis\/caroline-garcia-annonce-sa-retraite-du-tennis-professionnel\/\",\"name\":\"Caroline Garcia annonce sa retraite du tennis professionnel - The Playoffs FR\",\"isPartOf\":{\"@id\":\"https:\/\/theplayoffs.news\/fr\/#website\"},\"primaryImageOfPage\":{\"@id\":\"https:\/\/theplayoffs.news\/fr\/tennis\/caroline-garcia-annonce-sa-retraite-du-tennis-professionnel\/#primaryimage\"},\"image\":{\"@id\":\"https:\/\/theplayoffs.news\/fr\/tennis\/caroline-garcia-annonce-sa-retraite-du-tennis-professionnel\/#primaryimage\"},\"thumbnailUrl\":\"https:\/\/theplayoffs.news\/fr\/wp-content\/uploads\/2025\/05\/USATSI_25608737.jpg\",\"datePublished\":\"2025-05-23T08:43:02+00:00\",\"dateModified\":\"2025-05-23T08:43:08+00:00\",\"author\":{\"@id\":\"https:\/\/theplayoffs.news\/fr\/#\/schema\/person\/bb40426f4e478f9bd8cdbfeb4f2f9784\"},\"breadcrumb\":{\"@id\":\"https:\/\/theplayoffs.news\/fr\/tennis\/caroline-garcia-annonce-sa-retraite-du-tennis-professionnel\/#breadcrumb\"},\"inLanguage\":\"fr-FR\",\"potentialAction\":[{\"@type\":\"ReadAction\",\"target\":[\"https:\/\/theplayoffs.news\/fr\/tennis\/caroline-garcia-annonce-sa-retraite-du-tennis-professionnel\/\"]}]},{\"@type\":\"ImageObject\",\"inLanguage\":\"fr-FR\",\"@id\":\"https:\/\/theplayoffs.news\/fr\/tennis\/caroline-garcia-annonce-sa-retraite-du-tennis-professionnel\/#primaryimage\",\"url\":\"https:\/\/theplayoffs.news\/fr\/wp-content\/uploads\/2025\/05\/USATSI_25608737.jpg\",\"contentUrl\":\"https:\/\/theplayoffs.news\/fr\/wp-content\/uploads\/2025\/05\/USATSI_25608737.jpg\",\"width\":1920,\"height\":1280,\"caption\":\"Mar 7, 2025; Indian Wells, CA, USA; Caroline Garcia (FRA) hits a ball against Iga Swiatek (POL) at Indian Well Tennis Garden. Mandatory Credit: Jonathan Hui-Imagn Images\"},{\"@type\":\"BreadcrumbList\",\"@id\":\"https:\/\/theplayoffs.news\/fr\/tennis\/caroline-garcia-annonce-sa-retraite-du-tennis-professionnel\/#breadcrumb\",\"itemListElement\":[{\"@type\":\"ListItem\",\"position\":1,\"name\":\"Accueil\",\"item\":\"https:\/\/theplayoffs.news\/fr\/\"},{\"@type\":\"ListItem\",\"position\":2,\"name\":\"Caroline Garcia annonce sa retraite du tennis professionnel\"}]},{\"@type\":\"WebSite\",\"@id\":\"https:\/\/theplayoffs.news\/fr\/#website\",\"url\":\"https:\/\/theplayoffs.news\/fr\/\",\"name\":\"The Playoffs FR\",\"description\":\"NBA-NFL-NHL-MLB\",\"potentialAction\":[{\"@type\":\"SearchAction\",\"target\":{\"@type\":\"EntryPoint\",\"urlTemplate\":\"https:\/\/theplayoffs.news\/fr\/?s={search_term_string}\"},\"query-input\":{\"@type\":\"PropertyValueSpecification\",\"valueRequired\":true,\"valueName\":\"search_term_string\"}}],\"inLanguage\":\"fr-FR\"},{\"@type\":\"Person\",\"@id\":\"https:\/\/theplayoffs.news\/fr\/#\/schema\/person\/bb40426f4e478f9bd8cdbfeb4f2f9784\",\"name\":\"La r\u00e9daction\",\"image\":{\"@type\":\"ImageObject\",\"inLanguage\":\"fr-FR\",\"@id\":\"https:\/\/theplayoffs.news\/fr\/#\/schema\/person\/image\/\",\"url\":\"https:\/\/secure.gravatar.com\/avatar\/7e69b41460ab2c17d61c8c364b6a0ee006f957a70191383ef42be1f4733d6515?s=96&d=mm&r=g\",\"contentUrl\":\"https:\/\/secure.gravatar.com\/avatar\/7e69b41460ab2c17d61c8c364b6a0ee006f957a70191383ef42be1f4733d6515?s=96&d=mm&r=g\",\"caption\":\"La r\u00e9daction\"},\"description\":\"On dit qu\\\\'il faut un village pour s\\\\'occuper d\\\\'un enfant. Et bien c\\\\'est exactement ce dont il s\\\\'agit ici pour The Playoffs. La r\u00e9daction, ce sont vos r\u00e9dacteurs pr\u00e9f\u00e9r\u00e9s qui collaborent sur ces articles que vous lisez au quotidien.\u00a0\",\"url\":\"https:\/\/theplayoffs.news\/fr\/author\/freeagentfr\/\"}]}<\/script>\n<!-- \/ Yoast SEO plugin. -->","yoast_head_json":{"title":"Caroline Garcia annonce sa retraite du tennis professionnel - The Playoffs FR","robots":{"index":"index","follow":"follow","max-snippet":"max-snippet:-1","max-image-preview":"max-image-preview:large","max-video-preview":"max-video-preview:-1"},"canonical":"https:\/\/theplayoffs.news\/fr\/tennis\/caroline-garcia-annonce-sa-retraite-du-tennis-professionnel\/","og_locale":"fr_FR","og_type":"article","og_title":"Caroline Garcia annonce sa retraite du tennis professionnel - The Playoffs FR","og_url":"https:\/\/theplayoffs.news\/fr\/tennis\/caroline-garcia-annonce-sa-retraite-du-tennis-professionnel\/","og_site_name":"The Playoffs FR","article_publisher":"https:\/\/www.facebook.com\/TheFreeAgentFR\/","article_modified_time":"2025-05-23T08:43:08+00:00","og_image":[{"width":1920,"height":1280,"url":"https:\/\/theplayoffs.news\/fr\/wp-content\/uploads\/2025\/05\/USATSI_25608737.jpg","type":"image\/jpeg"}],"author":"La r\u00e9daction","twitter_card":"summary_large_image","twitter_creator":"@TheFreeAgentFR","twitter_site":"@TheFreeAgentFR","twitter_misc":{"\u00c9crit par":"La r\u00e9daction","Dur\u00e9e de lecture estim\u00e9e":"3 minutes"},"schema":{"@context":"https:\/\/schema.org","@graph":[{"@type":"WebPage","@id":"https:\/\/theplayoffs.news\/fr\/tennis\/caroline-garcia-annonce-sa-retraite-du-tennis-professionnel\/","url":"https:\/\/theplayoffs.news\/fr\/tennis\/caroline-garcia-annonce-sa-retraite-du-tennis-professionnel\/","name":"Caroline Garcia annonce sa retraite du tennis professionnel - The Playoffs FR","isPartOf":{"@id":"https:\/\/theplayoffs.news\/fr\/#website"},"primaryImageOfPage":{"@id":"https:\/\/theplayoffs.news\/fr\/tennis\/caroline-garcia-annonce-sa-retraite-du-tennis-professionnel\/#primaryimage"},"image":{"@id":"https:\/\/theplayoffs.news\/fr\/tennis\/caroline-garcia-annonce-sa-retraite-du-tennis-professionnel\/#primaryimage"},"thumbnailUrl":"https:\/\/theplayoffs.news\/fr\/wp-content\/uploads\/2025\/05\/USATSI_25608737.jpg","datePublished":"2025-05-23T08:43:02+00:00","dateModified":"2025-05-23T08:43:08+00:00","author":{"@id":"https:\/\/theplayoffs.news\/fr\/#\/schema\/person\/bb40426f4e478f9bd8cdbfeb4f2f9784"},"breadcrumb":{"@id":"https:\/\/theplayoffs.news\/fr\/tennis\/caroline-garcia-annonce-sa-retraite-du-tennis-professionnel\/#breadcrumb"},"inLanguage":"fr-FR","potentialAction":[{"@type":"ReadAction","target":["https:\/\/theplayoffs.news\/fr\/tennis\/caroline-garcia-annonce-sa-retraite-du-tennis-professionnel\/"]}]},{"@type":"ImageObject","inLanguage":"fr-FR","@id":"https:\/\/theplayoffs.news\/fr\/tennis\/caroline-garcia-annonce-sa-retraite-du-tennis-professionnel\/#primaryimage","url":"https:\/\/theplayoffs.news\/fr\/wp-content\/uploads\/2025\/05\/USATSI_25608737.jpg","contentUrl":"https:\/\/theplayoffs.news\/fr\/wp-content\/uploads\/2025\/05\/USATSI_25608737.jpg","width":1920,"height":1280,"caption":"Mar 7, 2025; Indian Wells, CA, USA; Caroline Garcia (FRA) hits a ball against Iga Swiatek (POL) at Indian Well Tennis Garden. Mandatory Credit: Jonathan Hui-Imagn Images"},{"@type":"BreadcrumbList","@id":"https:\/\/theplayoffs.news\/fr\/tennis\/caroline-garcia-annonce-sa-retraite-du-tennis-professionnel\/#breadcrumb","itemListElement":[{"@type":"ListItem","position":1,"name":"Accueil","item":"https:\/\/theplayoffs.news\/fr\/"},{"@type":"ListItem","position":2,"name":"Caroline Garcia annonce sa retraite du tennis professionnel"}]},{"@type":"WebSite","@id":"https:\/\/theplayoffs.news\/fr\/#website","url":"https:\/\/theplayoffs.news\/fr\/","name":"The Playoffs FR","description":"NBA-NFL-NHL-MLB","potentialAction":[{"@type":"SearchAction","target":{"@type":"EntryPoint","urlTemplate":"https:\/\/theplayoffs.news\/fr\/?s={search_term_string}"},"query-input":{"@type":"PropertyValueSpecification","valueRequired":true,"valueName":"search_term_string"}}],"inLanguage":"fr-FR"},{"@type":"Person","@id":"https:\/\/theplayoffs.news\/fr\/#\/schema\/person\/bb40426f4e478f9bd8cdbfeb4f2f9784","name":"La r\u00e9daction","image":{"@type":"ImageObject","inLanguage":"fr-FR","@id":"https:\/\/theplayoffs.news\/fr\/#\/schema\/person\/image\/","url":"https:\/\/secure.gravatar.com\/avatar\/7e69b41460ab2c17d61c8c364b6a0ee006f957a70191383ef42be1f4733d6515?s=96&d=mm&r=g","contentUrl":"https:\/\/secure.gravatar.com\/avatar\/7e69b41460ab2c17d61c8c364b6a0ee006f957a70191383ef42be1f4733d6515?s=96&d=mm&r=g","caption":"La r\u00e9daction"},"description":"On dit qu\\'il faut un village pour s\\'occuper d\\'un enfant. Et bien c\\'est exactement ce dont il s\\'agit ici pour The Playoffs. La r\u00e9daction, ce sont vos r\u00e9dacteurs pr\u00e9f\u00e9r\u00e9s qui collaborent sur ces articles que vous lisez au quotidien.\u00a0","url":"https:\/\/theplayoffs.news\/fr\/author\/freeagentfr\/"}]}},"_links":{"self":[{"href":"https:\/\/theplayoffs.news\/fr\/wp-json\/wp\/v2\/posts\/1492461","targetHints":{"allow":["GET"]}}],"collection":[{"href":"https:\/\/theplayoffs.news\/fr\/wp-json\/wp\/v2\/posts"}],"about":[{"href":"https:\/\/theplayoffs.news\/fr\/wp-json\/wp\/v2\/types\/post"}],"author":[{"embeddable":true,"href":"https:\/\/theplayoffs.news\/fr\/wp-json\/wp\/v2\/users\/180309799"}],"replies":[{"embeddable":true,"href":"https:\/\/theplayoffs.news\/fr\/wp-json\/wp\/v2\/comments?post=1492461"}],"version-history":[{"count":1,"href":"https:\/\/theplayoffs.news\/fr\/wp-json\/wp\/v2\/posts\/1492461\/revisions"}],"predecessor-version":[{"id":1492465,"href":"https:\/\/theplayoffs.news\/fr\/wp-json\/wp\/v2\/posts\/1492461\/revisions\/1492465"}],"wp:featuredmedia":[{"embeddable":true,"href":"https:\/\/theplayoffs.news\/fr\/wp-json\/wp\/v2\/media\/1492463"}],"wp:attachment":[{"href":"https:\/\/theplayoffs.news\/fr\/wp-json\/wp\/v2\/media?parent=1492461"}],"wp:term":[{"taxonomy":"category","embeddable":true,"href":"https:\/\/theplayoffs.news\/fr\/wp-json\/wp\/v2\/categories?post=1492461"},{"taxonomy":"post_tag","embeddable":true,"href":"https:\/\/theplayoffs.news\/fr\/wp-json\/wp\/v2\/tags?post=1492461"},{"taxonomy":"sport","embeddable":true,"href":"https:\/\/theplayoffs.news\/fr\/wp-json\/wp\/v2\/sport?post=1492461"},{"taxonomy":"saison","embeddable":true,"href":"https:\/\/theplayoffs.news\/fr\/wp-json\/wp\/v2\/saison?post=1492461"}],"curies":[{"name":"wp","href":"https:\/\/api.w.org\/{rel}","templated":true}]}}