{"id":1492449,"date":"2025-05-23T10:49:32","date_gmt":"2025-05-23T08:49:32","guid":{"rendered":"https:\/\/theplayoffs.news\/fr\/uncategorized\/\/"},"modified":"2025-05-23T10:49:37","modified_gmt":"2025-05-23T08:49:37","slug":"demarcus-cousins-juge-steve-kerr-incapable-de-developper-les-jeunes","status":"publish","type":"post","link":"https:\/\/theplayoffs.news\/fr\/actualite-nba\/demarcus-cousins-juge-steve-kerr-incapable-de-developper-les-jeunes\/","title":{"rendered":"Demarcus Cousins juge Steve Kerr incapable de \u00ab\u00a0d\u00e9velopper les jeunes\u00a0\u00bb"},"content":{"rendered":"<p>Retrait&eacute; des parquets <a href=\"https:\/\/theplayoffs.news\/fr\/category\/sports\/basketball-sports\/nba\/\" target=\"_blank\" rel=\"noreferrer noopener\" class=\"trk-cta-link\" data-cta-trk='{\"ctaType\":\"Link\",\"ctaSubType\":\"main\"}'>NBA<\/a> depuis pr&egrave;s de 3 ans, <strong>Demarcus Cousins<\/strong> a domin&eacute; la ligue des ann&eacute;es durant avant de voir sa carri&egrave;re an&eacute;antie par les blessures. Quadruple All-Star sous les couleurs de Sacramento puis New Orleans, pass&eacute; par 7 franchises diff&eacute;rentes, le natif de l&rsquo;Alabama a notamment jou&eacute; sous les ordres de <strong>Steve Kerr<\/strong> &agrave; Golden State en 2018-2019.<\/p><p>L&rsquo;occasion notamment pour <strong>Demarcus Cousins<\/strong> d&rsquo;observer de pr&egrave;s le travail r&eacute;alis&eacute; par l&rsquo;entra&icirc;neur de Team USA aupr&egrave;s des jeunes talents. Invit&eacute; de l&rsquo;&eacute;mission Run it Back mercredi, Boogie s&rsquo;est exprim&eacute; sur le sujet, n&rsquo;h&eacute;sitant pas &agrave; donner un avis tr&egrave;s tranch&eacute; sur les comp&eacute;tences de Steve Kerr dans le domaine.<\/p><p>Il ne sait pas y faire avec les jeunes. Il ne les d&eacute;veloppe pas. Le seul avec qui &ccedil;a a march&eacute;, c&rsquo;est Jordan Poole. Et ils s&rsquo;en sont s&eacute;par&eacute;s. Je crois vraiment qu&rsquo;il n&rsquo;a pas cette comp&eacute;tence. <\/p><figure class=\"wp-block-embed is-type-rich is-provider-twitter wp-block-embed-twitter\"><div class=\"wp-block-embed__wrapper\">\n<blockquote class=\"twitter-tweet\" data-width=\"500\" data-dnt=\"true\"><p lang=\"en\" dir=\"ltr\">&ldquo;Steve Kerr ruined that relationship with the DNP&rsquo;s&hellip;he just doesn&rsquo;t handle young talent well, he doesn&rsquo;t develop.&rdquo;<a href=\"https:\/\/twitter.com\/boogiecousins?ref_src=twsrc%5Etfw\" class=\"trk-cta-link\" data-cta-trk='{\"ctaType\":\"Link\",\"ctaSubType\":\"main\"}'>@boogiecousins<\/a> says Jonathan Kuminga will probably be on the move this offseason because Steve Kerr doesn&rsquo;t develop young talent, outside of Jordan Poole!<br><br>Do you&hellip; <a href=\"https:\/\/t.co\/95ojJJORuf\" class=\"trk-cta-link\" data-cta-trk='{\"ctaType\":\"Link\",\"ctaSubType\":\"main\"}'>pic.twitter.com\/95ojJJORuf<\/a><\/p>&mdash; Run It Back (@RunItBackFDTV) <a href=\"https:\/\/twitter.com\/RunItBackFDTV\/status\/1925679087487430979?ref_src=twsrc%5Etfw\" class=\"trk-cta-link\" data-cta-trk='{\"ctaType\":\"Link\",\"ctaSubType\":\"main\"}'>May 22, 2025<\/a><\/blockquote><script async src=\"https:\/\/platform.twitter.com\/widgets.js\" charset=\"utf-8\"><\/script>\n<\/div><\/figure><p>Poursuivant l&rsquo;analyse, <a href=\"https:\/\/www.basketball-reference.com\/players\/c\/couside01.html\" target=\"_blank\" rel=\"noreferrer noopener\" class=\"trk-cta-link\" data-cta-trk='{\"ctaType\":\"Link\",\"ctaSubType\":\"main\"}'>Demarcus Cousins<\/a> ne pouvait s&rsquo;emp&ecirc;cher d&rsquo;&eacute;voquer le cas &eacute;pineux de Jonathan Kuminga, pass&eacute; par tous les &eacute;tats cette saison, entre titularisations et exclusions du groupe selon les humeurs de son entra&icirc;neur.<\/p><p>Ils ont perdu Jonathan Kuminga. Je crois que Steve Kerr a d&eacute;truit leur relation cette ann&eacute;e en le scotchant si souvent eu banc. Et je pense que Kuminga va partir.<\/p><p>Difficile de donner tort &agrave; Demarcus Cousins sur cette sortie sans concession. Aux commandes des Warriors depuis 2014, <strong>Steve Kerr<\/strong> n&rsquo;a pas eu &agrave; d&eacute;velopper son big 3 Stephen Curry &ndash; <strong>Klay Thompson<\/strong> &ndash; Draymond Green, arriv&eacute; dans la ligue quelques ann&eacute;es plus t&ocirc;t. Pour autant le constat n&rsquo;est peut &ecirc;tre pas aussi rude qu&rsquo;il n&rsquo;y para&icirc;t.<\/p><figure class=\"wp-block-embed is-type-rich is-provider-twitter wp-block-embed-twitter\"><div class=\"wp-block-embed__wrapper\">\n<blockquote class=\"twitter-tweet\" data-width=\"500\" data-dnt=\"true\"><p lang=\"en\" dir=\"ltr\">Steve Kerr says Jonathan Kuminga is not the type of player he would play heavy minutes at the moment if he wants to win games<br><br>&ldquo;It&rsquo;s a tricky one because Jonathan obviously is gifted and wants to play a bigger role and wants to play more. And for me, I&rsquo;ve been asked to win. And&hellip; <a href=\"https:\/\/t.co\/SDTF0TZwlv\" class=\"trk-cta-link\" data-cta-trk='{\"ctaType\":\"Link\",\"ctaSubType\":\"main\"}'>pic.twitter.com\/SDTF0TZwlv<\/a><\/p>&mdash; NBACentral (@TheDunkCentral) <a href=\"https:\/\/twitter.com\/TheDunkCentral\/status\/1925587889557057709?ref_src=twsrc%5Etfw\" class=\"trk-cta-link\" data-cta-trk='{\"ctaType\":\"Link\",\"ctaSubType\":\"main\"}'>May 22, 2025<\/a><\/blockquote><script async src=\"https:\/\/platform.twitter.com\/widgets.js\" charset=\"utf-8\"><\/script>\n<\/div><\/figure><p><strong>Lire aussi :<\/strong><\/p><p><a href=\"https:\/\/theplayoffs.news\/fr\/actualite-nba\/anthony-edwards-detrone-kevin-garnett-et-sempare-dun-nouveau-record-de-franchise-a-minnesota\/\" class=\"trk-cta-link\" data-cta-trk='{\"ctaType\":\"Link\",\"ctaSubType\":\"main\"}'>Anthony Edwards d&eacute;tr&ocirc;ne Kevin Garnett et s&rsquo;empare d&rsquo;un record !<\/a><\/p><p><a href=\"https:\/\/theplayoffs.news\/fr\/actualite-nba\/shai-gilgeous-alexander-rejoint-kevin-durant\/\" class=\"trk-cta-link\" data-cta-trk='{\"ctaType\":\"Link\",\"ctaSubType\":\"main\"}'>Shai Gilgeous-Alexander rejoint Kevin Durant !<\/a><\/p><p>Si Kerr semble &agrave; court d&rsquo;id&eacute;es concernant Moses Moody, tr&egrave;s peu utilis&eacute; sur la derni&egrave;re campagne de Playoffs, et <strong>Jonathan Kuminga<\/strong>, laiss&eacute; sur le banc la moiti&eacute; de la postseason en d&eacute;pit d&rsquo;une nouvelle saison solide, l&rsquo;ancien Bull de Chicago a fait du bon boulot avec <strong>Brandin Podziemski<\/strong>. Au point d&rsquo;en faire un cadre de l&rsquo;&eacute;quipe cette saison et l&rsquo;un de ses fers de lance en Playoffs (titulaire sur 11 des 12 matchs disput&eacute;s). La preuve d&rsquo;une &eacute;volution chez Steve Kerr ?<\/p><p>Credit : &copy; Kyle Terada-Imagn Images<\/p>\n","protected":false},"excerpt":{"rendered":"","protected":false},"author":180310263,"featured_media":1492462,"comment_status":"closed","ping_status":"closed","sticky":false,"template":"","format":"standard","meta":{"inline_featured_image":false,"kia_subtitle":"","_mux_skip_reasons":[],"proofreadBy":0,"footnotes":""},"categories":[110],"tags":[6989,2058,2492,3519,2490,23,1098],"sport":[2783],"saison":[],"class_list":["post-1492449","post","type-post","status-publish","format-standard","has-post-thumbnail","hentry","category-actualite-nba","tag-brandin-podziemski","tag-demarcus-cousins","tag-jonathan-kuminga","tag-jordan-poole","tag-moses-moody","tag-nba-tag","tag-steve-kerr","sport-nba"],"acf":[],"yoast_head":"<!-- This site is optimized with the Yoast SEO plugin v24.2 - https:\/\/yoast.com\/wordpress\/plugins\/seo\/ -->\n<title>Demarcus Cousins: &quot;Steve Kerr est incapable de d&eacute;velopper les jeunes&quot;<\/title>\n<meta name=\"description\" content=\"Ancienne star NBA pass&eacute;e notamment par les Warriors, Demarcus Cousins doute du savoir-faire de Steve Kerr avec les jeunes.\" \/>\n<meta name=\"robots\" content=\"index, follow, max-snippet:-1, max-image-preview:large, max-video-preview:-1\" \/>\n<link rel=\"canonical\" href=\"https:\/\/theplayoffs.news\/fr\/actualite-nba\/demarcus-cousins-juge-steve-kerr-incapable-de-developper-les-jeunes\/\" \/>\n<meta property=\"og:locale\" content=\"fr_FR\" \/>\n<meta property=\"og:type\" content=\"article\" \/>\n<meta property=\"og:title\" content=\"Demarcus Cousins: &quot;Steve Kerr est incapable de d&eacute;velopper les jeunes&quot;\" \/>\n<meta property=\"og:description\" content=\"Ancienne star NBA pass&eacute;e notamment par les Warriors, Demarcus Cousins doute du savoir-faire de Steve Kerr avec les jeunes.\" \/>\n<meta property=\"og:url\" content=\"https:\/\/theplayoffs.news\/fr\/actualite-nba\/demarcus-cousins-juge-steve-kerr-incapable-de-developper-les-jeunes\/\" \/>\n<meta property=\"og:site_name\" content=\"The Playoffs FR\" \/>\n<meta property=\"article:publisher\" content=\"https:\/\/www.facebook.com\/TheFreeAgentFR\/\" \/>\n<meta property=\"article:modified_time\" content=\"2025-05-23T10:49:37+02:00\" \/>\n<meta property=\"og:image\" content=\"https:\/\/theplayoffs.news\/fr\/wp-content\/uploads\/2025\/05\/USATSI_12873758_168402440_lowres.jpg\" \/>\n\t<meta property=\"og:image:width\" content=\"1920\" \/>\n\t<meta property=\"og:image:height\" content=\"1335\" \/>\n\t<meta property=\"og:image:type\" content=\"image\/jpeg\" \/>\n<meta name=\"author\" content=\"Maxime Bodilis\" \/>\n<meta name=\"twitter:card\" content=\"summary_large_image\" \/>\n<meta name=\"twitter:creator\" content=\"@TheFreeAgentFR\" \/>\n<meta name=\"twitter:site\" content=\"@TheFreeAgentFR\" \/>\n<meta name=\"twitter:label1\" content=\"\u00c9crit par\" \/>\n\t<meta name=\"twitter:data1\" content=\"Maxime Bodilis\" \/>\n\t<meta name=\"twitter:label2\" content=\"Dur\u00e9e de lecture estim\u00e9e\" \/>\n\t<meta name=\"twitter:data2\" content=\"3 minutes\" \/>\n<script type=\"application\/ld+json\" class=\"yoast-schema-graph\">{\"@context\":\"https:\/\/schema.org\",\"@graph\":[{\"@type\":\"WebPage\",\"@id\":\"https:\/\/theplayoffs.news\/fr\/actualite-nba\/demarcus-cousins-juge-steve-kerr-incapable-de-developper-les-jeunes\/\",\"url\":\"https:\/\/theplayoffs.news\/fr\/actualite-nba\/demarcus-cousins-juge-steve-kerr-incapable-de-developper-les-jeunes\/\",\"name\":\"Demarcus Cousins: \\\\\\\"Steve Kerr est incapable de d\u00e9velopper les jeunes\\\\\\\"\",\"isPartOf\":{\"@id\":\"https:\/\/theplayoffs.news\/fr\/#website\"},\"primaryImageOfPage\":{\"@id\":\"https:\/\/theplayoffs.news\/fr\/actualite-nba\/demarcus-cousins-juge-steve-kerr-incapable-de-developper-les-jeunes\/#primaryimage\"},\"image\":{\"@id\":\"https:\/\/theplayoffs.news\/fr\/actualite-nba\/demarcus-cousins-juge-steve-kerr-incapable-de-developper-les-jeunes\/#primaryimage\"},\"thumbnailUrl\":\"https:\/\/theplayoffs.news\/fr\/wp-content\/uploads\/2025\/05\/USATSI_12873758_168402440_lowres.jpg\",\"datePublished\":\"2025-05-23T08:49:32+00:00\",\"dateModified\":\"2025-05-23T08:49:37+00:00\",\"author\":{\"@id\":\"https:\/\/theplayoffs.news\/fr\/#\/schema\/person\/d871768c70a3f830131ee72b74bbd11d\"},\"description\":\"Ancienne star NBA pass\u00e9e notamment par les Warriors, Demarcus Cousins doute du savoir-faire de Steve Kerr avec les jeunes.\",\"breadcrumb\":{\"@id\":\"https:\/\/theplayoffs.news\/fr\/actualite-nba\/demarcus-cousins-juge-steve-kerr-incapable-de-developper-les-jeunes\/#breadcrumb\"},\"inLanguage\":\"fr-FR\",\"potentialAction\":[{\"@type\":\"ReadAction\",\"target\":[\"https:\/\/theplayoffs.news\/fr\/actualite-nba\/demarcus-cousins-juge-steve-kerr-incapable-de-developper-les-jeunes\/\"]}]},{\"@type\":\"ImageObject\",\"inLanguage\":\"fr-FR\",\"@id\":\"https:\/\/theplayoffs.news\/fr\/actualite-nba\/demarcus-cousins-juge-steve-kerr-incapable-de-developper-les-jeunes\/#primaryimage\",\"url\":\"https:\/\/theplayoffs.news\/fr\/wp-content\/uploads\/2025\/05\/USATSI_12873758_168402440_lowres.jpg\",\"contentUrl\":\"https:\/\/theplayoffs.news\/fr\/wp-content\/uploads\/2025\/05\/USATSI_12873758_168402440_lowres.jpg\",\"width\":1920,\"height\":1335,\"caption\":\"Steve Kerr NBA\"},{\"@type\":\"BreadcrumbList\",\"@id\":\"https:\/\/theplayoffs.news\/fr\/actualite-nba\/demarcus-cousins-juge-steve-kerr-incapable-de-developper-les-jeunes\/#breadcrumb\",\"itemListElement\":[{\"@type\":\"ListItem\",\"position\":1,\"name\":\"Accueil\",\"item\":\"https:\/\/theplayoffs.news\/fr\/\"},{\"@type\":\"ListItem\",\"position\":2,\"name\":\"Demarcus Cousins juge Steve Kerr incapable de \u00ab\u00a0d\u00e9velopper les jeunes\u00a0\u00bb\"}]},{\"@type\":\"WebSite\",\"@id\":\"https:\/\/theplayoffs.news\/fr\/#website\",\"url\":\"https:\/\/theplayoffs.news\/fr\/\",\"name\":\"The Playoffs FR\",\"description\":\"NBA-NFL-NHL-MLB\",\"potentialAction\":[{\"@type\":\"SearchAction\",\"target\":{\"@type\":\"EntryPoint\",\"urlTemplate\":\"https:\/\/theplayoffs.news\/fr\/?s={search_term_string}\"},\"query-input\":{\"@type\":\"PropertyValueSpecification\",\"valueRequired\":true,\"valueName\":\"search_term_string\"}}],\"inLanguage\":\"fr-FR\"},{\"@type\":\"Person\",\"@id\":\"https:\/\/theplayoffs.news\/fr\/#\/schema\/person\/d871768c70a3f830131ee72b74bbd11d\",\"name\":\"Maxime Bodilis\",\"image\":{\"@type\":\"ImageObject\",\"inLanguage\":\"fr-FR\",\"@id\":\"https:\/\/theplayoffs.news\/fr\/#\/schema\/person\/image\/\",\"url\":\"https:\/\/secure.gravatar.com\/avatar\/5e151acde6515a05571e0035bf803336362ba4f5e565dba89323f14d014ea180?s=96&d=mm&r=g\",\"contentUrl\":\"https:\/\/secure.gravatar.com\/avatar\/5e151acde6515a05571e0035bf803336362ba4f5e565dba89323f14d014ea180?s=96&d=mm&r=g\",\"caption\":\"Maxime Bodilis\"},\"description\":\"R\u00e9dac\\\\' Chef \u00ab Basket \u00bb charg\u00e9 de la qualit\u00e9 des contenus et du respect de notre ligne \u00e9ditoriale. Ancien joueur de la SIG Strasbourg reconverti dans le journalisme. Pass\u00e9 par les centres de formation BeBasket, Reverse et Skweek avant de rejoindre The Playoffs. Biberonn\u00e9 aux dunks de Shawn Kemp et aux duels Pau-Limoges. Fan inconditionnel de Damian Lillard et Laurent Sciarra. Les highlights de Wemby illuminent mes journ\u00e9es. Et le shoot de Diamantidis continue de hanter mes nuits.\",\"sameAs\":[\"https:\/\/www.linkedin.com\/in\/maxime-bodilis-766a04153\/\"],\"url\":\"https:\/\/theplayoffs.news\/fr\/author\/maximebodilis\/\"}]}<\/script>\n<!-- \/ Yoast SEO plugin. -->","yoast_head_json":{"title":"Demarcus Cousins: &quot;Steve Kerr est incapable de d&eacute;velopper les jeunes&quot;","description":"Ancienne star NBA pass&eacute;e notamment par les Warriors, Demarcus Cousins doute du savoir-faire de Steve Kerr avec les jeunes.","robots":{"index":"index","follow":"follow","max-snippet":"max-snippet:-1","max-image-preview":"max-image-preview:large","max-video-preview":"max-video-preview:-1"},"canonical":"https:\/\/theplayoffs.news\/fr\/actualite-nba\/demarcus-cousins-juge-steve-kerr-incapable-de-developper-les-jeunes\/","og_locale":"fr_FR","og_type":"article","og_title":"Demarcus Cousins: &quot;Steve Kerr est incapable de d&eacute;velopper les jeunes&quot;","og_description":"Ancienne star NBA pass&eacute;e notamment par les Warriors, Demarcus Cousins doute du savoir-faire de Steve Kerr avec les jeunes.","og_url":"https:\/\/theplayoffs.news\/fr\/actualite-nba\/demarcus-cousins-juge-steve-kerr-incapable-de-developper-les-jeunes\/","og_site_name":"The Playoffs FR","article_publisher":"https:\/\/www.facebook.com\/TheFreeAgentFR\/","article_modified_time":"2025-05-23T08:49:37+00:00","og_image":[{"width":1920,"height":1335,"url":"https:\/\/theplayoffs.news\/fr\/wp-content\/uploads\/2025\/05\/USATSI_12873758_168402440_lowres.jpg","type":"image\/jpeg"}],"author":"Maxime Bodilis","twitter_card":"summary_large_image","twitter_creator":"@TheFreeAgentFR","twitter_site":"@TheFreeAgentFR","twitter_misc":{"\u00c9crit par":"Maxime Bodilis","Dur\u00e9e de lecture estim\u00e9e":"3 minutes"},"schema":{"@context":"https:\/\/schema.org","@graph":[{"@type":"WebPage","@id":"https:\/\/theplayoffs.news\/fr\/actualite-nba\/demarcus-cousins-juge-steve-kerr-incapable-de-developper-les-jeunes\/","url":"https:\/\/theplayoffs.news\/fr\/actualite-nba\/demarcus-cousins-juge-steve-kerr-incapable-de-developper-les-jeunes\/","name":"Demarcus Cousins: \\\"Steve Kerr est incapable de d\u00e9velopper les jeunes\\\"","isPartOf":{"@id":"https:\/\/theplayoffs.news\/fr\/#website"},"primaryImageOfPage":{"@id":"https:\/\/theplayoffs.news\/fr\/actualite-nba\/demarcus-cousins-juge-steve-kerr-incapable-de-developper-les-jeunes\/#primaryimage"},"image":{"@id":"https:\/\/theplayoffs.news\/fr\/actualite-nba\/demarcus-cousins-juge-steve-kerr-incapable-de-developper-les-jeunes\/#primaryimage"},"thumbnailUrl":"https:\/\/theplayoffs.news\/fr\/wp-content\/uploads\/2025\/05\/USATSI_12873758_168402440_lowres.jpg","datePublished":"2025-05-23T08:49:32+00:00","dateModified":"2025-05-23T08:49:37+00:00","author":{"@id":"https:\/\/theplayoffs.news\/fr\/#\/schema\/person\/d871768c70a3f830131ee72b74bbd11d"},"description":"Ancienne star NBA pass\u00e9e notamment par les Warriors, Demarcus Cousins doute du savoir-faire de Steve Kerr avec les jeunes.","breadcrumb":{"@id":"https:\/\/theplayoffs.news\/fr\/actualite-nba\/demarcus-cousins-juge-steve-kerr-incapable-de-developper-les-jeunes\/#breadcrumb"},"inLanguage":"fr-FR","potentialAction":[{"@type":"ReadAction","target":["https:\/\/theplayoffs.news\/fr\/actualite-nba\/demarcus-cousins-juge-steve-kerr-incapable-de-developper-les-jeunes\/"]}]},{"@type":"ImageObject","inLanguage":"fr-FR","@id":"https:\/\/theplayoffs.news\/fr\/actualite-nba\/demarcus-cousins-juge-steve-kerr-incapable-de-developper-les-jeunes\/#primaryimage","url":"https:\/\/theplayoffs.news\/fr\/wp-content\/uploads\/2025\/05\/USATSI_12873758_168402440_lowres.jpg","contentUrl":"https:\/\/theplayoffs.news\/fr\/wp-content\/uploads\/2025\/05\/USATSI_12873758_168402440_lowres.jpg","width":1920,"height":1335,"caption":"Steve Kerr NBA"},{"@type":"BreadcrumbList","@id":"https:\/\/theplayoffs.news\/fr\/actualite-nba\/demarcus-cousins-juge-steve-kerr-incapable-de-developper-les-jeunes\/#breadcrumb","itemListElement":[{"@type":"ListItem","position":1,"name":"Accueil","item":"https:\/\/theplayoffs.news\/fr\/"},{"@type":"ListItem","position":2,"name":"Demarcus Cousins juge Steve Kerr incapable de \u00ab\u00a0d\u00e9velopper les jeunes\u00a0\u00bb"}]},{"@type":"WebSite","@id":"https:\/\/theplayoffs.news\/fr\/#website","url":"https:\/\/theplayoffs.news\/fr\/","name":"The Playoffs FR","description":"NBA-NFL-NHL-MLB","potentialAction":[{"@type":"SearchAction","target":{"@type":"EntryPoint","urlTemplate":"https:\/\/theplayoffs.news\/fr\/?s={search_term_string}"},"query-input":{"@type":"PropertyValueSpecification","valueRequired":true,"valueName":"search_term_string"}}],"inLanguage":"fr-FR"},{"@type":"Person","@id":"https:\/\/theplayoffs.news\/fr\/#\/schema\/person\/d871768c70a3f830131ee72b74bbd11d","name":"Maxime Bodilis","image":{"@type":"ImageObject","inLanguage":"fr-FR","@id":"https:\/\/theplayoffs.news\/fr\/#\/schema\/person\/image\/","url":"https:\/\/secure.gravatar.com\/avatar\/5e151acde6515a05571e0035bf803336362ba4f5e565dba89323f14d014ea180?s=96&d=mm&r=g","contentUrl":"https:\/\/secure.gravatar.com\/avatar\/5e151acde6515a05571e0035bf803336362ba4f5e565dba89323f14d014ea180?s=96&d=mm&r=g","caption":"Maxime Bodilis"},"description":"R\u00e9dac\\' Chef \u00ab Basket \u00bb charg\u00e9 de la qualit\u00e9 des contenus et du respect de notre ligne \u00e9ditoriale. Ancien joueur de la SIG Strasbourg reconverti dans le journalisme. Pass\u00e9 par les centres de formation BeBasket, Reverse et Skweek avant de rejoindre The Playoffs. Biberonn\u00e9 aux dunks de Shawn Kemp et aux duels Pau-Limoges. Fan inconditionnel de Damian Lillard et Laurent Sciarra. Les highlights de Wemby illuminent mes journ\u00e9es. Et le shoot de Diamantidis continue de hanter mes nuits.","sameAs":["https:\/\/www.linkedin.com\/in\/maxime-bodilis-766a04153\/"],"url":"https:\/\/theplayoffs.news\/fr\/author\/maximebodilis\/"}]}},"_links":{"self":[{"href":"https:\/\/theplayoffs.news\/fr\/wp-json\/wp\/v2\/posts\/1492449","targetHints":{"allow":["GET"]}}],"collection":[{"href":"https:\/\/theplayoffs.news\/fr\/wp-json\/wp\/v2\/posts"}],"about":[{"href":"https:\/\/theplayoffs.news\/fr\/wp-json\/wp\/v2\/types\/post"}],"author":[{"embeddable":true,"href":"https:\/\/theplayoffs.news\/fr\/wp-json\/wp\/v2\/users\/180310263"}],"replies":[{"embeddable":true,"href":"https:\/\/theplayoffs.news\/fr\/wp-json\/wp\/v2\/comments?post=1492449"}],"version-history":[{"count":1,"href":"https:\/\/theplayoffs.news\/fr\/wp-json\/wp\/v2\/posts\/1492449\/revisions"}],"predecessor-version":[{"id":1492467,"href":"https:\/\/theplayoffs.news\/fr\/wp-json\/wp\/v2\/posts\/1492449\/revisions\/1492467"}],"wp:featuredmedia":[{"embeddable":true,"href":"https:\/\/theplayoffs.news\/fr\/wp-json\/wp\/v2\/media\/1492462"}],"wp:attachment":[{"href":"https:\/\/theplayoffs.news\/fr\/wp-json\/wp\/v2\/media?parent=1492449"}],"wp:term":[{"taxonomy":"category","embeddable":true,"href":"https:\/\/theplayoffs.news\/fr\/wp-json\/wp\/v2\/categories?post=1492449"},{"taxonomy":"post_tag","embeddable":true,"href":"https:\/\/theplayoffs.news\/fr\/wp-json\/wp\/v2\/tags?post=1492449"},{"taxonomy":"sport","embeddable":true,"href":"https:\/\/theplayoffs.news\/fr\/wp-json\/wp\/v2\/sport?post=1492449"},{"taxonomy":"saison","embeddable":true,"href":"https:\/\/theplayoffs.news\/fr\/wp-json\/wp\/v2\/saison?post=1492449"}],"curies":[{"name":"wp","href":"https:\/\/api.w.org\/{rel}","templated":true}]}}