{"id":1492325,"date":"2025-05-22T15:33:51","date_gmt":"2025-05-22T13:33:51","guid":{"rendered":"https:\/\/theplayoffs.news\/fr\/uncategorized\/\/"},"modified":"2025-05-22T15:33:57","modified_gmt":"2025-05-22T13:33:57","slug":"brook-lopez-dans-le-viseur-des-lakers-pour-lintersaison","status":"publish","type":"post","link":"https:\/\/theplayoffs.news\/fr\/actualite-nba\/brook-lopez-dans-le-viseur-des-lakers-pour-lintersaison\/","title":{"rendered":"Brook Lopez dans le viseur des Lakers pour l\u2019intersaison"},"content":{"rendered":"<p>Alors que les playoffs battent encore leur plein, les premi&egrave;res rumeurs li&eacute;es &agrave; la free agency commencent d&eacute;j&agrave; &agrave; alimenter les discussions. D&rsquo;apr&egrave;s les informations de <strong>Gery Woelfel<\/strong>, les <strong>Los Angeles Lakers <\/strong>envisageraient de recruter <strong>Brook Lopez<\/strong>. Le v&eacute;t&eacute;ran de 37 ans, pass&eacute; par la franchise californienne lors de la saison 2017-2018, vient de terminer sa septi&egrave;me saison cons&eacute;cutive sous le maillot des <strong>Milwaukee Bucks.<\/strong> L&rsquo;information a &eacute;t&eacute; relay&eacute;e ce mercredi 21 mai.<\/p><p><strong>Un dirigeant NBA<\/strong>, interrog&eacute; par le m&ecirc;me journaliste, a affirm&eacute; que <em>&laquo; beaucoup d&rsquo;&eacute;quipes vont se positionner sur Lopez &raquo;<\/em>, avant de l&acirc;cher, de mani&egrave;re sarcastique : <em>&laquo; Les Lakers lui ont d&eacute;j&agrave; parl&eacute;. &raquo;<\/em> Cette d&eacute;claration laisse entrevoir un vif int&eacute;r&ecirc;t autour du <strong>pivot<\/strong>, d&eacute;sormais agent libre non restreint. Capable de s&rsquo;engager librement avec la franchise de son choix, <strong>Lopez<\/strong> figurerait &eacute;galement sur les tablettes des <strong>Golden State Warriors<\/strong>.<\/p><blockquote class=\"twitter-tweet\"><p lang=\"en\" dir=\"ltr\">An NBA executive expects Brook Lopez to receive a lot of interest on the free-agent market this summer<br><br>&ldquo;There&rsquo;ll be plenty of interest in him. I&rsquo;m sure the Lakers have already talked to him.&rdquo;<br><br>(Via <a href=\"https:\/\/twitter.com\/GeryWoelfel?ref_src=twsrc%5Etfw\" class=\"trk-cta-link\" data-cta-trk='{\"ctaType\":\"Link\",\"ctaSubType\":\"main\"}'>@GeryWoelfel<\/a> ) <a href=\"https:\/\/t.co\/9V7GISOuP4\" class=\"trk-cta-link\" data-cta-trk='{\"ctaType\":\"Link\",\"ctaSubType\":\"main\"}'>pic.twitter.com\/9V7GISOuP4<\/a><\/p>&mdash; NBACentral (@TheDunkCentral) <a href=\"https:\/\/twitter.com\/TheDunkCentral\/status\/1925240719356145812?ref_src=twsrc%5Etfw\" class=\"trk-cta-link\" data-cta-trk='{\"ctaType\":\"Link\",\"ctaSubType\":\"main\"}'>May 21, 2025<\/a><\/blockquote><script async src=\"https:\/\/platform.twitter.com\/widgets.js\" charset=\"utf-8\"><\/script><p>Lors de l&rsquo;exercice 2024-2025, l&rsquo;ancien <strong>All-Star <\/strong>a compil&eacute; 13 points, 5 rebonds et 1,9 contre de moyenne par match en un peu plus de 31 minutes par rencontre. Il s&rsquo;agit l&agrave; de sa meilleure moyenne de temps de jeu depuis la saison<strong> 2015-2016<\/strong>. Appr&eacute;ci&eacute; pour sa capacit&eacute; &agrave; &eacute;carter le jeu et sa pr&eacute;sence d&eacute;fensive dans la raquette, le pivot a livr&eacute; des performances comparables, voire l&eacute;g&egrave;rement sup&eacute;rieures, &agrave; celles enregistr&eacute;es lors de son passage &agrave; <strong>Los Angeles<\/strong> (13 points, 4 rebonds, 1,3 contre de moyenne&nbsp; par match en 2017-2018).<\/p><p><strong>Champion NBA<\/strong> avec les <strong>Bucks<\/strong> en 2021, <strong>Lopez <\/strong>a conserv&eacute; depuis un r&ocirc;le central dans l&rsquo;organisation d&eacute;fensive de la<strong> franchise du Wisconsin<\/strong>.<\/p><p><strong>Lire aussi :&nbsp;<\/strong><\/p><p><a href=\"https:\/\/theplayoffs.news\/fr\/actualite-nba\/heros-des-pacers-au-garden-aaron-nesmith-navait-pas-conscience-de-ses-exploits\/\" class=\"trk-cta-link\" data-cta-trk='{\"ctaType\":\"Link\",\"ctaSubType\":\"main\"}'>Aaron Nesmith &laquo;&nbsp;n&rsquo;avait pas conscience&nbsp;&raquo; de ses exploits lors du Game 1<\/a><\/p><p><a href=\"https:\/\/theplayoffs.news\/fr\/actualite-nba\/podcast-nba-un-passage-de-temoin-entre-generation\/\" class=\"trk-cta-link\" data-cta-trk='{\"ctaType\":\"Link\",\"ctaSubType\":\"main\"}'>Podcast NBA &ndash; Un passage de t&eacute;moin entre g&eacute;n&eacute;ration ? &ndash; The Playoffs<\/a><\/p><h3 class=\"wp-block-heading\"><strong>Un profil atypique pour la raquette des Lakers<\/strong><\/h3><p>L&rsquo;&eacute;limination au premier tour face aux<strong> Minnesota Timberwolves<\/strong> (1-4) a mis en lumi&egrave;re un manque criant dans la raquette californienne. La n&eacute;cessit&eacute; d&rsquo;un pivot titulaire s&rsquo;impose d&eacute;sormais dans les priorit&eacute;s de l&rsquo;intersaison. Jusqu&rsquo;&agrave; pr&eacute;sent, <strong>Luka Doncic<\/strong> a souvent &eacute;volu&eacute; aux c&ocirc;t&eacute;s d&rsquo;int&eacute;rieurs athl&eacute;tiques, capables de plonger fort vers le cercle apr&egrave;s &eacute;cran.<strong> Brook Lopez<\/strong> propose un tout autre registre, davantage tourn&eacute; vers le spacing offensif et la dissuasion d&eacute;fensive. Une combinaison qui pourrait lib&eacute;rer des espaces pour attaquer le panier, autant pour <strong>Doncic que pour LeBron James<\/strong>.<\/p><p>Le coup d&rsquo;envoi officiel de la free agency<strong> NBA 2025 <\/strong>est pr&eacute;vu pour le 30 juin.<\/p><p><strong>Cr&eacute;dit photo :&nbsp;<\/strong>Kyle Ross-Imagn Images<\/p>\n","protected":false},"excerpt":{"rendered":"","protected":false},"author":180309799,"featured_media":1492326,"comment_status":"closed","ping_status":"closed","sticky":false,"template":"","format":"standard","meta":{"inline_featured_image":false,"kia_subtitle":"","_mux_skip_reasons":[],"proofreadBy":0,"footnotes":""},"categories":[110,8414,10,8408],"tags":[2670,116,117,545,23],"sport":[2783],"saison":[],"class_list":["post-1492325","post","type-post","status-publish","format-standard","has-post-thumbnail","hentry","category-actualite-nba","category-basketball-sports","category-nba","category-sports","tag-brook-lopez","tag-lebron-james","tag-los-angeles-lakers","tag-luka-doncic","tag-nba-tag","sport-nba"],"acf":[],"yoast_head":"<!-- This site is optimized with the Yoast SEO plugin v24.2 - https:\/\/yoast.com\/wordpress\/plugins\/seo\/ -->\n<title>Brook Lopez dans le viseur des Lakers pour l&rsquo;intersaison<\/title>\n<meta name=\"description\" content=\"Brook Lopez figurerait parmi les cibles des Lakers cet &eacute;t&eacute;, dans l&rsquo;optique de renforcer le secteur int&eacute;rieur avant la prochaine saison.\" \/>\n<meta name=\"robots\" content=\"index, follow, max-snippet:-1, max-image-preview:large, max-video-preview:-1\" \/>\n<link rel=\"canonical\" href=\"https:\/\/theplayoffs.news\/fr\/actualite-nba\/brook-lopez-dans-le-viseur-des-lakers-pour-lintersaison\/\" \/>\n<meta property=\"og:locale\" content=\"fr_FR\" \/>\n<meta property=\"og:type\" content=\"article\" \/>\n<meta property=\"og:title\" content=\"Brook Lopez dans le viseur des Lakers pour l&rsquo;intersaison\" \/>\n<meta property=\"og:description\" content=\"Brook Lopez figurerait parmi les cibles des Lakers cet &eacute;t&eacute;, dans l&rsquo;optique de renforcer le secteur int&eacute;rieur avant la prochaine saison.\" \/>\n<meta property=\"og:url\" content=\"https:\/\/theplayoffs.news\/fr\/actualite-nba\/brook-lopez-dans-le-viseur-des-lakers-pour-lintersaison\/\" \/>\n<meta property=\"og:site_name\" content=\"The Playoffs FR\" \/>\n<meta property=\"article:publisher\" content=\"https:\/\/www.facebook.com\/TheFreeAgentFR\/\" \/>\n<meta property=\"article:modified_time\" content=\"2025-05-22T15:33:57+02:00\" \/>\n<meta property=\"og:image\" content=\"https:\/\/theplayoffs.news\/fr\/wp-content\/uploads\/2025\/05\/USATSI_25883179.jpg\" \/>\n\t<meta property=\"og:image:width\" content=\"1920\" \/>\n\t<meta property=\"og:image:height\" content=\"1280\" \/>\n\t<meta property=\"og:image:type\" content=\"image\/jpeg\" \/>\n<meta name=\"author\" content=\"La r\u00e9daction\" \/>\n<meta name=\"twitter:card\" content=\"summary_large_image\" \/>\n<meta name=\"twitter:creator\" content=\"@TheFreeAgentFR\" \/>\n<meta name=\"twitter:site\" content=\"@TheFreeAgentFR\" \/>\n<meta name=\"twitter:label1\" content=\"\u00c9crit par\" \/>\n\t<meta name=\"twitter:data1\" content=\"La r\u00e9daction\" \/>\n\t<meta name=\"twitter:label2\" content=\"Dur\u00e9e de lecture estim\u00e9e\" \/>\n\t<meta name=\"twitter:data2\" content=\"3 minutes\" \/>\n<script type=\"application\/ld+json\" class=\"yoast-schema-graph\">{\"@context\":\"https:\/\/schema.org\",\"@graph\":[{\"@type\":\"WebPage\",\"@id\":\"https:\/\/theplayoffs.news\/fr\/actualite-nba\/brook-lopez-dans-le-viseur-des-lakers-pour-lintersaison\/\",\"url\":\"https:\/\/theplayoffs.news\/fr\/actualite-nba\/brook-lopez-dans-le-viseur-des-lakers-pour-lintersaison\/\",\"name\":\"Brook Lopez dans le viseur des Lakers pour l\u2019intersaison\",\"isPartOf\":{\"@id\":\"https:\/\/theplayoffs.news\/fr\/#website\"},\"primaryImageOfPage\":{\"@id\":\"https:\/\/theplayoffs.news\/fr\/actualite-nba\/brook-lopez-dans-le-viseur-des-lakers-pour-lintersaison\/#primaryimage\"},\"image\":{\"@id\":\"https:\/\/theplayoffs.news\/fr\/actualite-nba\/brook-lopez-dans-le-viseur-des-lakers-pour-lintersaison\/#primaryimage\"},\"thumbnailUrl\":\"https:\/\/theplayoffs.news\/fr\/wp-content\/uploads\/2025\/05\/USATSI_25883179.jpg\",\"datePublished\":\"2025-05-22T13:33:51+00:00\",\"dateModified\":\"2025-05-22T13:33:57+00:00\",\"author\":{\"@id\":\"https:\/\/theplayoffs.news\/fr\/#\/schema\/person\/bb40426f4e478f9bd8cdbfeb4f2f9784\"},\"description\":\"Brook Lopez figurerait parmi les cibles des Lakers cet \u00e9t\u00e9, dans l\u2019optique de renforcer le secteur int\u00e9rieur avant la prochaine saison.\",\"breadcrumb\":{\"@id\":\"https:\/\/theplayoffs.news\/fr\/actualite-nba\/brook-lopez-dans-le-viseur-des-lakers-pour-lintersaison\/#breadcrumb\"},\"inLanguage\":\"fr-FR\",\"potentialAction\":[{\"@type\":\"ReadAction\",\"target\":[\"https:\/\/theplayoffs.news\/fr\/actualite-nba\/brook-lopez-dans-le-viseur-des-lakers-pour-lintersaison\/\"]}]},{\"@type\":\"ImageObject\",\"inLanguage\":\"fr-FR\",\"@id\":\"https:\/\/theplayoffs.news\/fr\/actualite-nba\/brook-lopez-dans-le-viseur-des-lakers-pour-lintersaison\/#primaryimage\",\"url\":\"https:\/\/theplayoffs.news\/fr\/wp-content\/uploads\/2025\/05\/USATSI_25883179.jpg\",\"contentUrl\":\"https:\/\/theplayoffs.news\/fr\/wp-content\/uploads\/2025\/05\/USATSI_25883179.jpg\",\"width\":1920,\"height\":1280,\"caption\":\"Apr 3, 2025; Philadelphia, Pennsylvania, USA; Milwaukee Bucks center Brook Lopez (11) warms up before the game against the Philadelphia 76ers at Wells Fargo Center. Mandatory Credit: Kyle Ross-Imagn Images\"},{\"@type\":\"BreadcrumbList\",\"@id\":\"https:\/\/theplayoffs.news\/fr\/actualite-nba\/brook-lopez-dans-le-viseur-des-lakers-pour-lintersaison\/#breadcrumb\",\"itemListElement\":[{\"@type\":\"ListItem\",\"position\":1,\"name\":\"Accueil\",\"item\":\"https:\/\/theplayoffs.news\/fr\/\"},{\"@type\":\"ListItem\",\"position\":2,\"name\":\"Brook Lopez dans le viseur des Lakers pour l\u2019intersaison\"}]},{\"@type\":\"WebSite\",\"@id\":\"https:\/\/theplayoffs.news\/fr\/#website\",\"url\":\"https:\/\/theplayoffs.news\/fr\/\",\"name\":\"The Playoffs FR\",\"description\":\"NBA-NFL-NHL-MLB\",\"potentialAction\":[{\"@type\":\"SearchAction\",\"target\":{\"@type\":\"EntryPoint\",\"urlTemplate\":\"https:\/\/theplayoffs.news\/fr\/?s={search_term_string}\"},\"query-input\":{\"@type\":\"PropertyValueSpecification\",\"valueRequired\":true,\"valueName\":\"search_term_string\"}}],\"inLanguage\":\"fr-FR\"},{\"@type\":\"Person\",\"@id\":\"https:\/\/theplayoffs.news\/fr\/#\/schema\/person\/bb40426f4e478f9bd8cdbfeb4f2f9784\",\"name\":\"La r\u00e9daction\",\"image\":{\"@type\":\"ImageObject\",\"inLanguage\":\"fr-FR\",\"@id\":\"https:\/\/theplayoffs.news\/fr\/#\/schema\/person\/image\/\",\"url\":\"https:\/\/secure.gravatar.com\/avatar\/7e69b41460ab2c17d61c8c364b6a0ee006f957a70191383ef42be1f4733d6515?s=96&d=mm&r=g\",\"contentUrl\":\"https:\/\/secure.gravatar.com\/avatar\/7e69b41460ab2c17d61c8c364b6a0ee006f957a70191383ef42be1f4733d6515?s=96&d=mm&r=g\",\"caption\":\"La r\u00e9daction\"},\"description\":\"On dit qu\\\\'il faut un village pour s\\\\'occuper d\\\\'un enfant. Et bien c\\\\'est exactement ce dont il s\\\\'agit ici pour The Playoffs. La r\u00e9daction, ce sont vos r\u00e9dacteurs pr\u00e9f\u00e9r\u00e9s qui collaborent sur ces articles que vous lisez au quotidien.\u00a0\",\"url\":\"https:\/\/theplayoffs.news\/fr\/author\/freeagentfr\/\"}]}<\/script>\n<!-- \/ Yoast SEO plugin. -->","yoast_head_json":{"title":"Brook Lopez dans le viseur des Lakers pour l&rsquo;intersaison","description":"Brook Lopez figurerait parmi les cibles des Lakers cet &eacute;t&eacute;, dans l&rsquo;optique de renforcer le secteur int&eacute;rieur avant la prochaine saison.","robots":{"index":"index","follow":"follow","max-snippet":"max-snippet:-1","max-image-preview":"max-image-preview:large","max-video-preview":"max-video-preview:-1"},"canonical":"https:\/\/theplayoffs.news\/fr\/actualite-nba\/brook-lopez-dans-le-viseur-des-lakers-pour-lintersaison\/","og_locale":"fr_FR","og_type":"article","og_title":"Brook Lopez dans le viseur des Lakers pour l&rsquo;intersaison","og_description":"Brook Lopez figurerait parmi les cibles des Lakers cet &eacute;t&eacute;, dans l&rsquo;optique de renforcer le secteur int&eacute;rieur avant la prochaine saison.","og_url":"https:\/\/theplayoffs.news\/fr\/actualite-nba\/brook-lopez-dans-le-viseur-des-lakers-pour-lintersaison\/","og_site_name":"The Playoffs FR","article_publisher":"https:\/\/www.facebook.com\/TheFreeAgentFR\/","article_modified_time":"2025-05-22T13:33:57+00:00","og_image":[{"width":1920,"height":1280,"url":"https:\/\/theplayoffs.news\/fr\/wp-content\/uploads\/2025\/05\/USATSI_25883179.jpg","type":"image\/jpeg"}],"author":"La r\u00e9daction","twitter_card":"summary_large_image","twitter_creator":"@TheFreeAgentFR","twitter_site":"@TheFreeAgentFR","twitter_misc":{"\u00c9crit par":"La r\u00e9daction","Dur\u00e9e de lecture estim\u00e9e":"3 minutes"},"schema":{"@context":"https:\/\/schema.org","@graph":[{"@type":"WebPage","@id":"https:\/\/theplayoffs.news\/fr\/actualite-nba\/brook-lopez-dans-le-viseur-des-lakers-pour-lintersaison\/","url":"https:\/\/theplayoffs.news\/fr\/actualite-nba\/brook-lopez-dans-le-viseur-des-lakers-pour-lintersaison\/","name":"Brook Lopez dans le viseur des Lakers pour l\u2019intersaison","isPartOf":{"@id":"https:\/\/theplayoffs.news\/fr\/#website"},"primaryImageOfPage":{"@id":"https:\/\/theplayoffs.news\/fr\/actualite-nba\/brook-lopez-dans-le-viseur-des-lakers-pour-lintersaison\/#primaryimage"},"image":{"@id":"https:\/\/theplayoffs.news\/fr\/actualite-nba\/brook-lopez-dans-le-viseur-des-lakers-pour-lintersaison\/#primaryimage"},"thumbnailUrl":"https:\/\/theplayoffs.news\/fr\/wp-content\/uploads\/2025\/05\/USATSI_25883179.jpg","datePublished":"2025-05-22T13:33:51+00:00","dateModified":"2025-05-22T13:33:57+00:00","author":{"@id":"https:\/\/theplayoffs.news\/fr\/#\/schema\/person\/bb40426f4e478f9bd8cdbfeb4f2f9784"},"description":"Brook Lopez figurerait parmi les cibles des Lakers cet \u00e9t\u00e9, dans l\u2019optique de renforcer le secteur int\u00e9rieur avant la prochaine saison.","breadcrumb":{"@id":"https:\/\/theplayoffs.news\/fr\/actualite-nba\/brook-lopez-dans-le-viseur-des-lakers-pour-lintersaison\/#breadcrumb"},"inLanguage":"fr-FR","potentialAction":[{"@type":"ReadAction","target":["https:\/\/theplayoffs.news\/fr\/actualite-nba\/brook-lopez-dans-le-viseur-des-lakers-pour-lintersaison\/"]}]},{"@type":"ImageObject","inLanguage":"fr-FR","@id":"https:\/\/theplayoffs.news\/fr\/actualite-nba\/brook-lopez-dans-le-viseur-des-lakers-pour-lintersaison\/#primaryimage","url":"https:\/\/theplayoffs.news\/fr\/wp-content\/uploads\/2025\/05\/USATSI_25883179.jpg","contentUrl":"https:\/\/theplayoffs.news\/fr\/wp-content\/uploads\/2025\/05\/USATSI_25883179.jpg","width":1920,"height":1280,"caption":"Apr 3, 2025; Philadelphia, Pennsylvania, USA; Milwaukee Bucks center Brook Lopez (11) warms up before the game against the Philadelphia 76ers at Wells Fargo Center. Mandatory Credit: Kyle Ross-Imagn Images"},{"@type":"BreadcrumbList","@id":"https:\/\/theplayoffs.news\/fr\/actualite-nba\/brook-lopez-dans-le-viseur-des-lakers-pour-lintersaison\/#breadcrumb","itemListElement":[{"@type":"ListItem","position":1,"name":"Accueil","item":"https:\/\/theplayoffs.news\/fr\/"},{"@type":"ListItem","position":2,"name":"Brook Lopez dans le viseur des Lakers pour l\u2019intersaison"}]},{"@type":"WebSite","@id":"https:\/\/theplayoffs.news\/fr\/#website","url":"https:\/\/theplayoffs.news\/fr\/","name":"The Playoffs FR","description":"NBA-NFL-NHL-MLB","potentialAction":[{"@type":"SearchAction","target":{"@type":"EntryPoint","urlTemplate":"https:\/\/theplayoffs.news\/fr\/?s={search_term_string}"},"query-input":{"@type":"PropertyValueSpecification","valueRequired":true,"valueName":"search_term_string"}}],"inLanguage":"fr-FR"},{"@type":"Person","@id":"https:\/\/theplayoffs.news\/fr\/#\/schema\/person\/bb40426f4e478f9bd8cdbfeb4f2f9784","name":"La r\u00e9daction","image":{"@type":"ImageObject","inLanguage":"fr-FR","@id":"https:\/\/theplayoffs.news\/fr\/#\/schema\/person\/image\/","url":"https:\/\/secure.gravatar.com\/avatar\/7e69b41460ab2c17d61c8c364b6a0ee006f957a70191383ef42be1f4733d6515?s=96&d=mm&r=g","contentUrl":"https:\/\/secure.gravatar.com\/avatar\/7e69b41460ab2c17d61c8c364b6a0ee006f957a70191383ef42be1f4733d6515?s=96&d=mm&r=g","caption":"La r\u00e9daction"},"description":"On dit qu\\'il faut un village pour s\\'occuper d\\'un enfant. Et bien c\\'est exactement ce dont il s\\'agit ici pour The Playoffs. La r\u00e9daction, ce sont vos r\u00e9dacteurs pr\u00e9f\u00e9r\u00e9s qui collaborent sur ces articles que vous lisez au quotidien.\u00a0","url":"https:\/\/theplayoffs.news\/fr\/author\/freeagentfr\/"}]}},"_links":{"self":[{"href":"https:\/\/theplayoffs.news\/fr\/wp-json\/wp\/v2\/posts\/1492325","targetHints":{"allow":["GET"]}}],"collection":[{"href":"https:\/\/theplayoffs.news\/fr\/wp-json\/wp\/v2\/posts"}],"about":[{"href":"https:\/\/theplayoffs.news\/fr\/wp-json\/wp\/v2\/types\/post"}],"author":[{"embeddable":true,"href":"https:\/\/theplayoffs.news\/fr\/wp-json\/wp\/v2\/users\/180309799"}],"replies":[{"embeddable":true,"href":"https:\/\/theplayoffs.news\/fr\/wp-json\/wp\/v2\/comments?post=1492325"}],"version-history":[{"count":1,"href":"https:\/\/theplayoffs.news\/fr\/wp-json\/wp\/v2\/posts\/1492325\/revisions"}],"predecessor-version":[{"id":1492327,"href":"https:\/\/theplayoffs.news\/fr\/wp-json\/wp\/v2\/posts\/1492325\/revisions\/1492327"}],"wp:featuredmedia":[{"embeddable":true,"href":"https:\/\/theplayoffs.news\/fr\/wp-json\/wp\/v2\/media\/1492326"}],"wp:attachment":[{"href":"https:\/\/theplayoffs.news\/fr\/wp-json\/wp\/v2\/media?parent=1492325"}],"wp:term":[{"taxonomy":"category","embeddable":true,"href":"https:\/\/theplayoffs.news\/fr\/wp-json\/wp\/v2\/categories?post=1492325"},{"taxonomy":"post_tag","embeddable":true,"href":"https:\/\/theplayoffs.news\/fr\/wp-json\/wp\/v2\/tags?post=1492325"},{"taxonomy":"sport","embeddable":true,"href":"https:\/\/theplayoffs.news\/fr\/wp-json\/wp\/v2\/sport?post=1492325"},{"taxonomy":"saison","embeddable":true,"href":"https:\/\/theplayoffs.news\/fr\/wp-json\/wp\/v2\/saison?post=1492325"}],"curies":[{"name":"wp","href":"https:\/\/api.w.org\/{rel}","templated":true}]}}