{"id":1492177,"date":"2025-05-21T17:40:11","date_gmt":"2025-05-21T15:40:11","guid":{"rendered":"https:\/\/theplayoffs.news\/fr\/uncategorized\/\/"},"modified":"2025-05-21T17:40:17","modified_gmt":"2025-05-21T15:40:17","slug":"karl-anthony-towns-admiratif-jalen-brunson-nest-pas-le-clutch-player-of-the-year-pour-rien","status":"publish","type":"post","link":"https:\/\/theplayoffs.news\/fr\/actualite-nba\/karl-anthony-towns-admiratif-jalen-brunson-nest-pas-le-clutch-player-of-the-year-pour-rien\/","title":{"rendered":"Karl-Anthony Towns admiratif : \u00ab\u00a0Jalen Brunson n&rsquo;est pas le Clutch Player of the Year pour rien\u00a0\u00bb"},"content":{"rendered":"<p>Elev&eacute; dans le New Jersey, <strong>Karl-Anthony Towns<\/strong> s&rsquo;appr&ecirc;te &agrave; vivre une finale de conf&eacute;rence intense d&rsquo;un point de vue personnel face aux Pacers. Interrog&eacute; lors d&rsquo;un point presse organis&eacute; par la franchise de Big Apple mardi, l&rsquo;ancien Wolf du Minnesota s&rsquo;est livr&eacute; sur l&rsquo;importance de l&rsquo;&eacute;v&egrave;nement et sur son extr&ecirc;me motivation au moment d&rsquo;affronter Indiana dans un remake de la demi-finale de conf&eacute;rence de l&rsquo;an dernier.<\/p><blockquote class=\"wp-block-quote is-layout-flow wp-block-quote-is-layout-flow\">\n<p>Etre respect&eacute; par les fans <strong>New-Yorkais<\/strong>, &ccedil;a n&rsquo;a pas de prix. Le respect est essentiel pour moi. Ca me donne envie de me d&eacute;passer et de travailler encore plus dur.<\/p>\n<\/blockquote><p>Rappelant son parcours (transf&eacute;r&eacute; de Minnesota &agrave; NY l&rsquo;&eacute;t&eacute; dernier), le quintuple All-Star poursuivait ainsi sur son leitmotiv personnel.<\/p><blockquote class=\"wp-block-quote is-layout-flow wp-block-quote-is-layout-flow\">\n<p>J&rsquo;ai jou&eacute; les finales de conf&eacute;rence l&rsquo;ann&eacute;e derni&egrave;re (avec les Wolves) et on a perdu. J&rsquo;ai donc envie de passer &agrave; l&rsquo;&eacute;tape suivante cette saison, et d&rsquo;acc&eacute;der &agrave; la finale <a href=\"https:\/\/theplayoffs.news\/fr\/category\/sports\/basketball-sports\/nba\/\" target=\"_blank\" rel=\"noreferrer noopener\" class=\"trk-cta-link\" data-cta-trk='{\"ctaType\":\"Link\",\"ctaSubType\":\"main\"}'>NBA<\/a>. De faire mieux qu&rsquo;en 2024. C&rsquo;est le but, progresser d&rsquo;ann&eacute;e en ann&eacute;e.<\/p>\n<\/blockquote><figure class=\"wp-block-embed is-type-video is-provider-youtube wp-block-embed-youtube wp-embed-aspect-16-9 wp-has-aspect-ratio\"><div class=\"wp-block-embed__wrapper\">\n<iframe loading=\"lazy\" title=\"Karl-Anthony Towns says this is the time for the Knicks to 'be at our best'\" width=\"500\" height=\"281\" src=\"https:\/\/www.youtube.com\/embed\/xL64gpy6plA?feature=oembed\" frameborder=\"0\" allow=\"accelerometer; autoplay; clipboard-write; encrypted-media; gyroscope; picture-in-picture; web-share\" referrerpolicy=\"strict-origin-when-cross-origin\" allowfullscreen><\/iframe>\n<\/div><\/figure><p>Revenant &agrave; des consid&eacute;rations plus collectives, <strong>KAT<\/strong> prenait ensuite le temps de lister les &eacute;l&eacute;ments qui pourraient permettre aux Knicks de rejoindre la finale NBA pour la premi&egrave;re fois depuis 1999.<\/p><blockquote class=\"wp-block-quote is-layout-flow wp-block-quote-is-layout-flow\">\n<p>Nous devrons &ecirc;tre meilleurs dans l&rsquo;ex&eacute;cution offensive et &ecirc;tre plus r&eacute;guliers. Mais nous avons de l&rsquo;exp&eacute;rience dans cette &eacute;quipe. <strong>OG Anunoby<\/strong> a gagn&eacute; le titre, <strong>PJ Tucker<\/strong> aussi, donc on comprend l&rsquo;opportunit&eacute; qui nous est donn&eacute;e et l&rsquo;importance de nous mettre dans les meilleurs dispositions &agrave; chaque match.<\/p>\n<\/blockquote><p>Avant de l&acirc;cher, conscient de la force de frappe des <strong>Pacers<\/strong> (7 joueurs &agrave; plus de 10 points de moyenne sur cette post season) et du rythme infernal impos&eacute; par les hommes de <strong>Rick Carlisle<\/strong> sur ces Playoffs 2025 (3&egrave;me &eacute;quipe au Pace derri&egrave;re Memphis et OKC).<\/p><blockquote class=\"wp-block-quote is-layout-flow wp-block-quote-is-layout-flow\">\n<p>On devra d&eacute;fendre dur sur la transition, car ils (les Pacers) vont jouer vite. Il nous faudra aussi &ecirc;tre intelligents pour les emp&ecirc;cher de prendre de la vitesse.<\/p>\n<\/blockquote><p><strong>Lire aussi :<\/strong><\/p><p><a href=\"https:\/\/theplayoffs.news\/fr\/actualite-nba\/dwyane-wade-decu-par-jimmy-butler-si-batman-est-out-tu-dois-montrer-que-tu-es-robin\/\" class=\"trk-cta-link\" data-cta-trk='{\"ctaType\":\"Link\",\"ctaSubType\":\"main\"}'>Dwyane Wade &laquo;&nbsp;n&rsquo;a pas aim&eacute; l&rsquo;approche&nbsp;&raquo; de Jimmy Butler<\/a><\/p><p><a href=\"https:\/\/theplayoffs.news\/fr\/actualite-nba\/la-nba-seduit-a-nouveau-les-audiences-explosent\/\" class=\"trk-cta-link\" data-cta-trk='{\"ctaType\":\"Link\",\"ctaSubType\":\"main\"}'>La NBA s&eacute;duit &agrave; nouveau, les audiences explosent !<\/a><\/p><p>Et si l&rsquo;efficacit&eacute; du plan d&eacute;fensif new-yorkais sera d&eacute;terminante pour esp&eacute;rer renverser Indiana sur cette s&eacute;rie, <strong><a href=\"https:\/\/www.basketball-reference.com\/players\/t\/townska01.html\" target=\"_blank\" rel=\"noreferrer noopener\" class=\"trk-cta-link\" data-cta-trk='{\"ctaType\":\"Link\",\"ctaSubType\":\"main\"}'>Karl-Anthony Towns<\/a><\/strong> n&rsquo;en oublie pas pour autant l&rsquo;importance de <strong>Jalen Brunson<\/strong> &agrave; ses c&ocirc;t&eacute;s. Le Dominicain se r&eacute;jouissait ainsi, non sans une pointe d&rsquo;admiration.<\/p><blockquote class=\"wp-block-quote is-layout-flow wp-block-quote-is-layout-flow\">\n<p>C&rsquo;est g&eacute;nial d&rsquo;avoir un joueur capable de se transcender dans les derniers instants d&rsquo;une rencontre. <strong>Jalen Brunson<\/strong> n&rsquo;est pas Clutch Player of the Year pour rien. Il fait toujours en sorte d&rsquo;&ecirc;tre pr&ecirc;t lorsqu&rsquo;on a le plus besoin de lui. <\/p>\n<\/blockquote><p>Une sorte d&rsquo;assurance tous risques pour KAT et <strong>Gotham City<\/strong>, qui tenteront de ravir le Game 1 de la s&eacute;rie d&egrave;s ce mercredi soir au Madison Square Garden. Une rencontre &agrave; suivre en direct sur beIN SPORTS d&egrave;s 2h00 du matin.<\/p><p>Credit : &copy; Petre Thomas-Imagn Images<\/p>\n","protected":false},"excerpt":{"rendered":"","protected":false},"author":180310263,"featured_media":1492190,"comment_status":"closed","ping_status":"closed","sticky":false,"template":"","format":"standard","meta":{"inline_featured_image":false,"kia_subtitle":"","_mux_skip_reasons":[],"proofreadBy":0,"footnotes":""},"categories":[110],"tags":[3977,2344,23,8012],"sport":[2783],"saison":[],"class_list":["post-1492177","post","type-post","status-publish","format-standard","has-post-thumbnail","hentry","category-actualite-nba","tag-jalen-brunson","tag-karl-anthony-towns","tag-nba-tag","tag-new-york-knicks-2","sport-nba"],"acf":[],"yoast_head":"<!-- This site is optimized with the Yoast SEO plugin v24.2 - https:\/\/yoast.com\/wordpress\/plugins\/seo\/ -->\n<title>Karl-Anthony Towns encense Jalen brunson<\/title>\n<meta name=\"description\" content=\"A quelques heures du d&eacute;but de la finale de de conf&#039; entre les Knicks et les Pacers, Karl-Anthony Towns a dit le bien qu&#039;il pensait de son meneur All-Star.\" \/>\n<meta name=\"robots\" content=\"index, follow, max-snippet:-1, max-image-preview:large, max-video-preview:-1\" \/>\n<link rel=\"canonical\" href=\"https:\/\/theplayoffs.news\/fr\/actualite-nba\/karl-anthony-towns-admiratif-jalen-brunson-nest-pas-le-clutch-player-of-the-year-pour-rien\/\" \/>\n<meta property=\"og:locale\" content=\"fr_FR\" \/>\n<meta property=\"og:type\" content=\"article\" \/>\n<meta property=\"og:title\" content=\"Karl-Anthony Towns encense Jalen brunson\" \/>\n<meta property=\"og:description\" content=\"A quelques heures du d&eacute;but de la finale de de conf&#039; entre les Knicks et les Pacers, Karl-Anthony Towns a dit le bien qu&#039;il pensait de son meneur All-Star.\" \/>\n<meta property=\"og:url\" content=\"https:\/\/theplayoffs.news\/fr\/actualite-nba\/karl-anthony-towns-admiratif-jalen-brunson-nest-pas-le-clutch-player-of-the-year-pour-rien\/\" \/>\n<meta property=\"og:site_name\" content=\"The Playoffs FR\" \/>\n<meta property=\"article:publisher\" content=\"https:\/\/www.facebook.com\/TheFreeAgentFR\/\" \/>\n<meta property=\"article:modified_time\" content=\"2025-05-21T17:40:17+02:00\" \/>\n<meta property=\"og:image\" content=\"https:\/\/theplayoffs.news\/fr\/wp-content\/uploads\/2025\/05\/USATSI_25545035_168402440_lowres.jpg\" \/>\n\t<meta property=\"og:image:width\" content=\"1920\" \/>\n\t<meta property=\"og:image:height\" content=\"1280\" \/>\n\t<meta property=\"og:image:type\" content=\"image\/jpeg\" \/>\n<meta name=\"author\" content=\"Maxime Bodilis\" \/>\n<meta name=\"twitter:card\" content=\"summary_large_image\" \/>\n<meta name=\"twitter:creator\" content=\"@TheFreeAgentFR\" \/>\n<meta name=\"twitter:site\" content=\"@TheFreeAgentFR\" \/>\n<meta name=\"twitter:label1\" content=\"\u00c9crit par\" \/>\n\t<meta name=\"twitter:data1\" content=\"Maxime Bodilis\" \/>\n\t<meta name=\"twitter:label2\" content=\"Dur\u00e9e de lecture estim\u00e9e\" \/>\n\t<meta name=\"twitter:data2\" content=\"2 minutes\" \/>\n<script type=\"application\/ld+json\" class=\"yoast-schema-graph\">{\"@context\":\"https:\/\/schema.org\",\"@graph\":[{\"@type\":\"WebPage\",\"@id\":\"https:\/\/theplayoffs.news\/fr\/actualite-nba\/karl-anthony-towns-admiratif-jalen-brunson-nest-pas-le-clutch-player-of-the-year-pour-rien\/\",\"url\":\"https:\/\/theplayoffs.news\/fr\/actualite-nba\/karl-anthony-towns-admiratif-jalen-brunson-nest-pas-le-clutch-player-of-the-year-pour-rien\/\",\"name\":\"Karl-Anthony Towns encense Jalen brunson\",\"isPartOf\":{\"@id\":\"https:\/\/theplayoffs.news\/fr\/#website\"},\"primaryImageOfPage\":{\"@id\":\"https:\/\/theplayoffs.news\/fr\/actualite-nba\/karl-anthony-towns-admiratif-jalen-brunson-nest-pas-le-clutch-player-of-the-year-pour-rien\/#primaryimage\"},\"image\":{\"@id\":\"https:\/\/theplayoffs.news\/fr\/actualite-nba\/karl-anthony-towns-admiratif-jalen-brunson-nest-pas-le-clutch-player-of-the-year-pour-rien\/#primaryimage\"},\"thumbnailUrl\":\"https:\/\/theplayoffs.news\/fr\/wp-content\/uploads\/2025\/05\/USATSI_25545035_168402440_lowres.jpg\",\"datePublished\":\"2025-05-21T15:40:11+00:00\",\"dateModified\":\"2025-05-21T15:40:17+00:00\",\"author\":{\"@id\":\"https:\/\/theplayoffs.news\/fr\/#\/schema\/person\/d871768c70a3f830131ee72b74bbd11d\"},\"description\":\"A quelques heures du d\u00e9but de la finale de de conf\\\\' entre les Knicks et les Pacers, Karl-Anthony Towns a dit le bien qu\\\\'il pensait de son meneur All-Star.\",\"breadcrumb\":{\"@id\":\"https:\/\/theplayoffs.news\/fr\/actualite-nba\/karl-anthony-towns-admiratif-jalen-brunson-nest-pas-le-clutch-player-of-the-year-pour-rien\/#breadcrumb\"},\"inLanguage\":\"fr-FR\",\"potentialAction\":[{\"@type\":\"ReadAction\",\"target\":[\"https:\/\/theplayoffs.news\/fr\/actualite-nba\/karl-anthony-towns-admiratif-jalen-brunson-nest-pas-le-clutch-player-of-the-year-pour-rien\/\"]}]},{\"@type\":\"ImageObject\",\"inLanguage\":\"fr-FR\",\"@id\":\"https:\/\/theplayoffs.news\/fr\/actualite-nba\/karl-anthony-towns-admiratif-jalen-brunson-nest-pas-le-clutch-player-of-the-year-pour-rien\/#primaryimage\",\"url\":\"https:\/\/theplayoffs.news\/fr\/wp-content\/uploads\/2025\/05\/USATSI_25545035_168402440_lowres.jpg\",\"contentUrl\":\"https:\/\/theplayoffs.news\/fr\/wp-content\/uploads\/2025\/05\/USATSI_25545035_168402440_lowres.jpg\",\"width\":1920,\"height\":1280,\"caption\":\"Karl-Anthony Towns Jalen Brunson\"},{\"@type\":\"BreadcrumbList\",\"@id\":\"https:\/\/theplayoffs.news\/fr\/actualite-nba\/karl-anthony-towns-admiratif-jalen-brunson-nest-pas-le-clutch-player-of-the-year-pour-rien\/#breadcrumb\",\"itemListElement\":[{\"@type\":\"ListItem\",\"position\":1,\"name\":\"Accueil\",\"item\":\"https:\/\/theplayoffs.news\/fr\/\"},{\"@type\":\"ListItem\",\"position\":2,\"name\":\"Karl-Anthony Towns admiratif : \u00ab\u00a0Jalen Brunson n&rsquo;est pas le Clutch Player of the Year pour rien\u00a0\u00bb\"}]},{\"@type\":\"WebSite\",\"@id\":\"https:\/\/theplayoffs.news\/fr\/#website\",\"url\":\"https:\/\/theplayoffs.news\/fr\/\",\"name\":\"The Playoffs FR\",\"description\":\"NBA-NFL-NHL-MLB\",\"potentialAction\":[{\"@type\":\"SearchAction\",\"target\":{\"@type\":\"EntryPoint\",\"urlTemplate\":\"https:\/\/theplayoffs.news\/fr\/?s={search_term_string}\"},\"query-input\":{\"@type\":\"PropertyValueSpecification\",\"valueRequired\":true,\"valueName\":\"search_term_string\"}}],\"inLanguage\":\"fr-FR\"},{\"@type\":\"Person\",\"@id\":\"https:\/\/theplayoffs.news\/fr\/#\/schema\/person\/d871768c70a3f830131ee72b74bbd11d\",\"name\":\"Maxime Bodilis\",\"image\":{\"@type\":\"ImageObject\",\"inLanguage\":\"fr-FR\",\"@id\":\"https:\/\/theplayoffs.news\/fr\/#\/schema\/person\/image\/\",\"url\":\"https:\/\/secure.gravatar.com\/avatar\/5e151acde6515a05571e0035bf803336362ba4f5e565dba89323f14d014ea180?s=96&d=mm&r=g\",\"contentUrl\":\"https:\/\/secure.gravatar.com\/avatar\/5e151acde6515a05571e0035bf803336362ba4f5e565dba89323f14d014ea180?s=96&d=mm&r=g\",\"caption\":\"Maxime Bodilis\"},\"description\":\"R\u00e9dac\\\\' Chef \u00ab Basket \u00bb charg\u00e9 de la qualit\u00e9 des contenus et du respect de notre ligne \u00e9ditoriale. Ancien joueur de la SIG Strasbourg reconverti dans le journalisme. Pass\u00e9 par les centres de formation BeBasket, Reverse et Skweek avant de rejoindre The Playoffs. Biberonn\u00e9 aux dunks de Shawn Kemp et aux duels Pau-Limoges. Fan inconditionnel de Damian Lillard et Laurent Sciarra. Les highlights de Wemby illuminent mes journ\u00e9es. Et le shoot de Diamantidis continue de hanter mes nuits.\",\"sameAs\":[\"https:\/\/www.linkedin.com\/in\/maxime-bodilis-766a04153\/\"],\"url\":\"https:\/\/theplayoffs.news\/fr\/author\/maximebodilis\/\"}]}<\/script>\n<!-- \/ Yoast SEO plugin. -->","yoast_head_json":{"title":"Karl-Anthony Towns encense Jalen brunson","description":"A quelques heures du d&eacute;but de la finale de de conf&#039; entre les Knicks et les Pacers, Karl-Anthony Towns a dit le bien qu&#039;il pensait de son meneur All-Star.","robots":{"index":"index","follow":"follow","max-snippet":"max-snippet:-1","max-image-preview":"max-image-preview:large","max-video-preview":"max-video-preview:-1"},"canonical":"https:\/\/theplayoffs.news\/fr\/actualite-nba\/karl-anthony-towns-admiratif-jalen-brunson-nest-pas-le-clutch-player-of-the-year-pour-rien\/","og_locale":"fr_FR","og_type":"article","og_title":"Karl-Anthony Towns encense Jalen brunson","og_description":"A quelques heures du d&eacute;but de la finale de de conf&#039; entre les Knicks et les Pacers, Karl-Anthony Towns a dit le bien qu&#039;il pensait de son meneur All-Star.","og_url":"https:\/\/theplayoffs.news\/fr\/actualite-nba\/karl-anthony-towns-admiratif-jalen-brunson-nest-pas-le-clutch-player-of-the-year-pour-rien\/","og_site_name":"The Playoffs FR","article_publisher":"https:\/\/www.facebook.com\/TheFreeAgentFR\/","article_modified_time":"2025-05-21T15:40:17+00:00","og_image":[{"width":1920,"height":1280,"url":"https:\/\/theplayoffs.news\/fr\/wp-content\/uploads\/2025\/05\/USATSI_25545035_168402440_lowres.jpg","type":"image\/jpeg"}],"author":"Maxime Bodilis","twitter_card":"summary_large_image","twitter_creator":"@TheFreeAgentFR","twitter_site":"@TheFreeAgentFR","twitter_misc":{"\u00c9crit par":"Maxime Bodilis","Dur\u00e9e de lecture estim\u00e9e":"2 minutes"},"schema":{"@context":"https:\/\/schema.org","@graph":[{"@type":"WebPage","@id":"https:\/\/theplayoffs.news\/fr\/actualite-nba\/karl-anthony-towns-admiratif-jalen-brunson-nest-pas-le-clutch-player-of-the-year-pour-rien\/","url":"https:\/\/theplayoffs.news\/fr\/actualite-nba\/karl-anthony-towns-admiratif-jalen-brunson-nest-pas-le-clutch-player-of-the-year-pour-rien\/","name":"Karl-Anthony Towns encense Jalen brunson","isPartOf":{"@id":"https:\/\/theplayoffs.news\/fr\/#website"},"primaryImageOfPage":{"@id":"https:\/\/theplayoffs.news\/fr\/actualite-nba\/karl-anthony-towns-admiratif-jalen-brunson-nest-pas-le-clutch-player-of-the-year-pour-rien\/#primaryimage"},"image":{"@id":"https:\/\/theplayoffs.news\/fr\/actualite-nba\/karl-anthony-towns-admiratif-jalen-brunson-nest-pas-le-clutch-player-of-the-year-pour-rien\/#primaryimage"},"thumbnailUrl":"https:\/\/theplayoffs.news\/fr\/wp-content\/uploads\/2025\/05\/USATSI_25545035_168402440_lowres.jpg","datePublished":"2025-05-21T15:40:11+00:00","dateModified":"2025-05-21T15:40:17+00:00","author":{"@id":"https:\/\/theplayoffs.news\/fr\/#\/schema\/person\/d871768c70a3f830131ee72b74bbd11d"},"description":"A quelques heures du d\u00e9but de la finale de de conf\\' entre les Knicks et les Pacers, Karl-Anthony Towns a dit le bien qu\\'il pensait de son meneur All-Star.","breadcrumb":{"@id":"https:\/\/theplayoffs.news\/fr\/actualite-nba\/karl-anthony-towns-admiratif-jalen-brunson-nest-pas-le-clutch-player-of-the-year-pour-rien\/#breadcrumb"},"inLanguage":"fr-FR","potentialAction":[{"@type":"ReadAction","target":["https:\/\/theplayoffs.news\/fr\/actualite-nba\/karl-anthony-towns-admiratif-jalen-brunson-nest-pas-le-clutch-player-of-the-year-pour-rien\/"]}]},{"@type":"ImageObject","inLanguage":"fr-FR","@id":"https:\/\/theplayoffs.news\/fr\/actualite-nba\/karl-anthony-towns-admiratif-jalen-brunson-nest-pas-le-clutch-player-of-the-year-pour-rien\/#primaryimage","url":"https:\/\/theplayoffs.news\/fr\/wp-content\/uploads\/2025\/05\/USATSI_25545035_168402440_lowres.jpg","contentUrl":"https:\/\/theplayoffs.news\/fr\/wp-content\/uploads\/2025\/05\/USATSI_25545035_168402440_lowres.jpg","width":1920,"height":1280,"caption":"Karl-Anthony Towns Jalen Brunson"},{"@type":"BreadcrumbList","@id":"https:\/\/theplayoffs.news\/fr\/actualite-nba\/karl-anthony-towns-admiratif-jalen-brunson-nest-pas-le-clutch-player-of-the-year-pour-rien\/#breadcrumb","itemListElement":[{"@type":"ListItem","position":1,"name":"Accueil","item":"https:\/\/theplayoffs.news\/fr\/"},{"@type":"ListItem","position":2,"name":"Karl-Anthony Towns admiratif : \u00ab\u00a0Jalen Brunson n&rsquo;est pas le Clutch Player of the Year pour rien\u00a0\u00bb"}]},{"@type":"WebSite","@id":"https:\/\/theplayoffs.news\/fr\/#website","url":"https:\/\/theplayoffs.news\/fr\/","name":"The Playoffs FR","description":"NBA-NFL-NHL-MLB","potentialAction":[{"@type":"SearchAction","target":{"@type":"EntryPoint","urlTemplate":"https:\/\/theplayoffs.news\/fr\/?s={search_term_string}"},"query-input":{"@type":"PropertyValueSpecification","valueRequired":true,"valueName":"search_term_string"}}],"inLanguage":"fr-FR"},{"@type":"Person","@id":"https:\/\/theplayoffs.news\/fr\/#\/schema\/person\/d871768c70a3f830131ee72b74bbd11d","name":"Maxime Bodilis","image":{"@type":"ImageObject","inLanguage":"fr-FR","@id":"https:\/\/theplayoffs.news\/fr\/#\/schema\/person\/image\/","url":"https:\/\/secure.gravatar.com\/avatar\/5e151acde6515a05571e0035bf803336362ba4f5e565dba89323f14d014ea180?s=96&d=mm&r=g","contentUrl":"https:\/\/secure.gravatar.com\/avatar\/5e151acde6515a05571e0035bf803336362ba4f5e565dba89323f14d014ea180?s=96&d=mm&r=g","caption":"Maxime Bodilis"},"description":"R\u00e9dac\\' Chef \u00ab Basket \u00bb charg\u00e9 de la qualit\u00e9 des contenus et du respect de notre ligne \u00e9ditoriale. Ancien joueur de la SIG Strasbourg reconverti dans le journalisme. Pass\u00e9 par les centres de formation BeBasket, Reverse et Skweek avant de rejoindre The Playoffs. Biberonn\u00e9 aux dunks de Shawn Kemp et aux duels Pau-Limoges. Fan inconditionnel de Damian Lillard et Laurent Sciarra. Les highlights de Wemby illuminent mes journ\u00e9es. Et le shoot de Diamantidis continue de hanter mes nuits.","sameAs":["https:\/\/www.linkedin.com\/in\/maxime-bodilis-766a04153\/"],"url":"https:\/\/theplayoffs.news\/fr\/author\/maximebodilis\/"}]}},"_links":{"self":[{"href":"https:\/\/theplayoffs.news\/fr\/wp-json\/wp\/v2\/posts\/1492177","targetHints":{"allow":["GET"]}}],"collection":[{"href":"https:\/\/theplayoffs.news\/fr\/wp-json\/wp\/v2\/posts"}],"about":[{"href":"https:\/\/theplayoffs.news\/fr\/wp-json\/wp\/v2\/types\/post"}],"author":[{"embeddable":true,"href":"https:\/\/theplayoffs.news\/fr\/wp-json\/wp\/v2\/users\/180310263"}],"replies":[{"embeddable":true,"href":"https:\/\/theplayoffs.news\/fr\/wp-json\/wp\/v2\/comments?post=1492177"}],"version-history":[{"count":2,"href":"https:\/\/theplayoffs.news\/fr\/wp-json\/wp\/v2\/posts\/1492177\/revisions"}],"predecessor-version":[{"id":1492194,"href":"https:\/\/theplayoffs.news\/fr\/wp-json\/wp\/v2\/posts\/1492177\/revisions\/1492194"}],"wp:featuredmedia":[{"embeddable":true,"href":"https:\/\/theplayoffs.news\/fr\/wp-json\/wp\/v2\/media\/1492190"}],"wp:attachment":[{"href":"https:\/\/theplayoffs.news\/fr\/wp-json\/wp\/v2\/media?parent=1492177"}],"wp:term":[{"taxonomy":"category","embeddable":true,"href":"https:\/\/theplayoffs.news\/fr\/wp-json\/wp\/v2\/categories?post=1492177"},{"taxonomy":"post_tag","embeddable":true,"href":"https:\/\/theplayoffs.news\/fr\/wp-json\/wp\/v2\/tags?post=1492177"},{"taxonomy":"sport","embeddable":true,"href":"https:\/\/theplayoffs.news\/fr\/wp-json\/wp\/v2\/sport?post=1492177"},{"taxonomy":"saison","embeddable":true,"href":"https:\/\/theplayoffs.news\/fr\/wp-json\/wp\/v2\/saison?post=1492177"}],"curies":[{"name":"wp","href":"https:\/\/api.w.org\/{rel}","templated":true}]}}