{"id":1492113,"date":"2025-05-21T10:12:29","date_gmt":"2025-05-21T08:12:29","guid":{"rendered":"https:\/\/theplayoffs.news\/fr\/uncategorized\/\/"},"modified":"2025-05-21T10:13:42","modified_gmt":"2025-05-21T08:13:42","slug":"luka-doncic-pret-pour-une-saison-xxl-aux-lakers","status":"publish","type":"post","link":"https:\/\/theplayoffs.news\/fr\/actualite-nba\/luka-doncic-pret-pour-une-saison-xxl-aux-lakers\/","title":{"rendered":"Luka Doncic pr\u00eat pour une saison XXL aux Lakers ?"},"content":{"rendered":"<p><strong>Apr&egrave;s son transfert aux Lakers cette saison, Luka Doncic a essuy&eacute; de nombreuses critiques concernant sa condition physique, notamment durant la s&eacute;rie de playoffs face aux Timberwolves, o&ugrave; le Slov&egrave;ne s&rsquo;est souvent retrouv&eacute; cibl&eacute; en d&eacute;fense.<\/strong><\/p><p>Cependant, selon <strong>Jason Gallaghe<\/strong>r de <em>The Dumb Zone<\/em>, plusieurs sources de confiance auraient assur&eacute; que <strong>Doncic<\/strong> aborde cet &eacute;t&eacute; avec une toute nouvelle mentalit&eacute;, aussi bien sur le plan physique qu&rsquo;au niveau du leadership, dans l&rsquo;objectif d&rsquo;&ecirc;tre pr&ecirc;t d&egrave;s la reprise.<\/p><blockquote class=\"wp-block-quote is-layout-flow wp-block-quote-is-layout-flow\">\n<p>&laquo; J&rsquo;ai entendu de personnes assez fiables que Luka avait d&eacute;j&agrave; commenc&eacute; &agrave; repartir de z&eacute;ro, avec un nouvel &eacute;tat d&rsquo;esprit, dans l&rsquo;optique de changer beaucoup de choses en lui. &raquo;<\/p>\n<\/blockquote><blockquote class=\"twitter-tweet\"><p lang=\"en\" dir=\"ltr\">Luka Doncic has been looking to improve his conditioning early into the offseason per <a href=\"https:\/\/twitter.com\/jga41agher?ref_src=twsrc%5Etfw\" class=\"trk-cta-link\" data-cta-trk='{\"ctaType\":\"Link\",\"ctaSubType\":\"main\"}'>@jga41agher<\/a> <br><br>&ldquo;I&rsquo;ve heard from folks thats are pretty honest&hellip; that Luka has already begun a clean slate, starting anew, in this mindset of changing a lot about himself.&rdquo; <a href=\"https:\/\/t.co\/FqK4D3g7H0\" class=\"trk-cta-link\" data-cta-trk='{\"ctaType\":\"Link\",\"ctaSubType\":\"main\"}'>pic.twitter.com\/FqK4D3g7H0<\/a><\/p>&mdash; LakersMuse (@LALMuse) <a href=\"https:\/\/twitter.com\/LALMuse\/status\/1924967390887956580?ref_src=twsrc%5Etfw\" class=\"trk-cta-link\" data-cta-trk='{\"ctaType\":\"Link\",\"ctaSubType\":\"main\"}'>May 20, 2025<\/a><\/blockquote><script async src=\"https:\/\/platform.twitter.com\/widgets.js\" charset=\"utf-8\"><\/script><p>Les d&eacute;clarations du <strong>GM des Mavericks, Nico Harrison<\/strong>, avaient d&rsquo;ailleurs secou&eacute; la plan&egrave;te basket en critiquant publiquement le manque d&rsquo;hygi&egrave;ne sportive de son ancien franchise player. Malgr&eacute; une blessure persistante,<strong> Doncic<\/strong> est parvenu &agrave; maintenir un rendement offensif &eacute;lite cette saison, avec des moyennes de 28,1 points, 8,2 rebonds et 7,7 passes d&eacute;cisives par rencontre.<\/p><p><strong>Lire aussi :&nbsp;<\/strong><\/p><p><a href=\"https:\/\/theplayoffs.news\/fr\/actualite-nba\/la-nba-devoile-la-all-rookie-team-2024-25-avec-alex-sarr-et-zaccharie-risacher-a-lhonneur\/\" class=\"trk-cta-link\" data-cta-trk='{\"ctaType\":\"Link\",\"ctaSubType\":\"main\"}'>La NBA d&eacute;voile la All-Rookie Team 2024-25 avec Alex Sarr et Zaccharie Risacher &agrave; l&rsquo;honneur &ndash; The Playoffs<\/a><\/p><p><a href=\"https:\/\/theplayoffs.news\/fr\/actualite-nba\/lebron-james-se-montre-optimiste-quant-a-sa-recuperation-apres-une-blessure-au-genou\/\" class=\"trk-cta-link\" data-cta-trk='{\"ctaType\":\"Link\",\"ctaSubType\":\"main\"}'>LeBron James se montre optimiste quant &agrave; sa r&eacute;cup&eacute;ration apr&egrave;s une blessure au genou &ndash; The Playoffs<\/a><\/p><p>Si les informations rapport&eacute;es par <strong>Gallagher<\/strong> se confirment, la nouvelle pourrait repr&eacute;senter un vrai tournant pour les <strong>Lakers<\/strong>. <strong>Rob Pelinka<\/strong> s&rsquo;active actuellement pour b&acirc;tir un effectif en ad&eacute;quation avec les qualit&eacute;s de l&rsquo;ancien joueur des Mavericks, tandis que <strong>J.J. Redick <\/strong>&eacute;labore un syst&egrave;me de jeu pens&eacute; pour maximiser l&rsquo;impact du <strong>meneur slov&egrave;ne<\/strong>.<\/p><p>Apr&egrave;s l&rsquo;&eacute;chec dans le dossier <strong>Mark Williams<\/strong>, la franchise angelino cherche activement un pivot capable de compl&eacute;ter id&eacute;alement le roster et ainsi ouvrir une v&eacute;ritable fen&ecirc;tre pour le titre d&egrave;s la saison prochaine.<\/p><p><strong>Cr&eacute;dit photo :&nbsp;<\/strong>Jonathan Hui-Imagn Images<\/p>\n","protected":false},"excerpt":{"rendered":"","protected":false},"author":180310268,"featured_media":1492116,"comment_status":"closed","ping_status":"closed","sticky":false,"template":"","format":"standard","meta":{"inline_featured_image":false,"kia_subtitle":"","_mux_skip_reasons":[],"proofreadBy":0,"footnotes":""},"categories":[110,8414,10,8408],"tags":[595,8127,116,117,545,23,8044,5258],"sport":[2783],"saison":[],"class_list":["post-1492113","post","type-post","status-publish","format-standard","has-post-thumbnail","hentry","category-actualite-nba","category-basketball-sports","category-nba","category-sports","tag-dallas-mavericks","tag-j-j-redick-2","tag-lebron-james","tag-los-angeles-lakers","tag-luka-doncic","tag-nba-tag","tag-nico-harrison","tag-rob-pelinka","sport-nba"],"acf":[],"yoast_head":"<!-- This site is optimized with the Yoast SEO plugin v24.2 - https:\/\/yoast.com\/wordpress\/plugins\/seo\/ -->\n<title>Luka Doncic pr&ecirc;t pour une saison XXL aux Lakers ?<\/title>\n<meta name=\"description\" content=\"Selon certaines sources, Luka Doncic pourrait revenir plus en forme que jamais avec les Lakers la saison prochaine.\" \/>\n<meta name=\"robots\" content=\"index, follow, max-snippet:-1, max-image-preview:large, max-video-preview:-1\" \/>\n<link rel=\"canonical\" href=\"https:\/\/theplayoffs.news\/fr\/actualite-nba\/luka-doncic-pret-pour-une-saison-xxl-aux-lakers\/\" \/>\n<meta property=\"og:locale\" content=\"fr_FR\" \/>\n<meta property=\"og:type\" content=\"article\" \/>\n<meta property=\"og:title\" content=\"Luka Doncic pr&ecirc;t pour une saison XXL aux Lakers ?\" \/>\n<meta property=\"og:description\" content=\"Selon certaines sources, Luka Doncic pourrait revenir plus en forme que jamais avec les Lakers la saison prochaine.\" \/>\n<meta property=\"og:url\" content=\"https:\/\/theplayoffs.news\/fr\/actualite-nba\/luka-doncic-pret-pour-une-saison-xxl-aux-lakers\/\" \/>\n<meta property=\"og:site_name\" content=\"The Playoffs FR\" \/>\n<meta property=\"article:publisher\" content=\"https:\/\/www.facebook.com\/TheFreeAgentFR\/\" \/>\n<meta property=\"article:modified_time\" content=\"2025-05-21T10:13:42+02:00\" \/>\n<meta property=\"og:image\" content=\"https:\/\/theplayoffs.news\/fr\/wp-content\/uploads\/2025\/05\/USATSI_25907631.jpg\" \/>\n\t<meta property=\"og:image:width\" content=\"1920\" \/>\n\t<meta property=\"og:image:height\" content=\"1280\" \/>\n\t<meta property=\"og:image:type\" content=\"image\/jpeg\" \/>\n<meta name=\"author\" content=\"Elian Goethals\" \/>\n<meta name=\"twitter:card\" content=\"summary_large_image\" \/>\n<meta name=\"twitter:creator\" content=\"@x.com\/elidwight\" \/>\n<meta name=\"twitter:site\" content=\"@TheFreeAgentFR\" \/>\n<meta name=\"twitter:label1\" content=\"\u00c9crit par\" \/>\n\t<meta name=\"twitter:data1\" content=\"Elian Goethals\" \/>\n\t<meta name=\"twitter:label2\" content=\"Dur\u00e9e de lecture estim\u00e9e\" \/>\n\t<meta name=\"twitter:data2\" content=\"2 minutes\" \/>\n<script type=\"application\/ld+json\" class=\"yoast-schema-graph\">{\"@context\":\"https:\/\/schema.org\",\"@graph\":[{\"@type\":\"WebPage\",\"@id\":\"https:\/\/theplayoffs.news\/fr\/actualite-nba\/luka-doncic-pret-pour-une-saison-xxl-aux-lakers\/\",\"url\":\"https:\/\/theplayoffs.news\/fr\/actualite-nba\/luka-doncic-pret-pour-une-saison-xxl-aux-lakers\/\",\"name\":\"Luka Doncic pr\u00eat pour une saison XXL aux Lakers ?\",\"isPartOf\":{\"@id\":\"https:\/\/theplayoffs.news\/fr\/#website\"},\"primaryImageOfPage\":{\"@id\":\"https:\/\/theplayoffs.news\/fr\/actualite-nba\/luka-doncic-pret-pour-une-saison-xxl-aux-lakers\/#primaryimage\"},\"image\":{\"@id\":\"https:\/\/theplayoffs.news\/fr\/actualite-nba\/luka-doncic-pret-pour-une-saison-xxl-aux-lakers\/#primaryimage\"},\"thumbnailUrl\":\"https:\/\/theplayoffs.news\/fr\/wp-content\/uploads\/2025\/05\/USATSI_25907631.jpg\",\"datePublished\":\"2025-05-21T08:12:29+00:00\",\"dateModified\":\"2025-05-21T08:13:42+00:00\",\"author\":{\"@id\":\"https:\/\/theplayoffs.news\/fr\/#\/schema\/person\/2bc470c6a49f4f6229a67af19c87a732\"},\"description\":\"Selon certaines sources, Luka Doncic pourrait revenir plus en forme que jamais avec les Lakers la saison prochaine.\",\"breadcrumb\":{\"@id\":\"https:\/\/theplayoffs.news\/fr\/actualite-nba\/luka-doncic-pret-pour-une-saison-xxl-aux-lakers\/#breadcrumb\"},\"inLanguage\":\"fr-FR\",\"potentialAction\":[{\"@type\":\"ReadAction\",\"target\":[\"https:\/\/theplayoffs.news\/fr\/actualite-nba\/luka-doncic-pret-pour-une-saison-xxl-aux-lakers\/\"]}]},{\"@type\":\"ImageObject\",\"inLanguage\":\"fr-FR\",\"@id\":\"https:\/\/theplayoffs.news\/fr\/actualite-nba\/luka-doncic-pret-pour-une-saison-xxl-aux-lakers\/#primaryimage\",\"url\":\"https:\/\/theplayoffs.news\/fr\/wp-content\/uploads\/2025\/05\/USATSI_25907631.jpg\",\"contentUrl\":\"https:\/\/theplayoffs.news\/fr\/wp-content\/uploads\/2025\/05\/USATSI_25907631.jpg\",\"width\":1920,\"height\":1280,\"caption\":\"Apr 11, 2025; Los Angeles, California, USA; Los Angeles Lakers guard Luka Doncic (77) reacts before the game against the Houston Rockets at Crypto.com Arena. Mandatory Credit: Jonathan Hui-Imagn Images\"},{\"@type\":\"BreadcrumbList\",\"@id\":\"https:\/\/theplayoffs.news\/fr\/actualite-nba\/luka-doncic-pret-pour-une-saison-xxl-aux-lakers\/#breadcrumb\",\"itemListElement\":[{\"@type\":\"ListItem\",\"position\":1,\"name\":\"Accueil\",\"item\":\"https:\/\/theplayoffs.news\/fr\/\"},{\"@type\":\"ListItem\",\"position\":2,\"name\":\"Luka Doncic pr\u00eat pour une saison XXL aux Lakers ?\"}]},{\"@type\":\"WebSite\",\"@id\":\"https:\/\/theplayoffs.news\/fr\/#website\",\"url\":\"https:\/\/theplayoffs.news\/fr\/\",\"name\":\"The Playoffs FR\",\"description\":\"NBA-NFL-NHL-MLB\",\"potentialAction\":[{\"@type\":\"SearchAction\",\"target\":{\"@type\":\"EntryPoint\",\"urlTemplate\":\"https:\/\/theplayoffs.news\/fr\/?s={search_term_string}\"},\"query-input\":{\"@type\":\"PropertyValueSpecification\",\"valueRequired\":true,\"valueName\":\"search_term_string\"}}],\"inLanguage\":\"fr-FR\"},{\"@type\":\"Person\",\"@id\":\"https:\/\/theplayoffs.news\/fr\/#\/schema\/person\/2bc470c6a49f4f6229a67af19c87a732\",\"name\":\"Elian Goethals\",\"image\":{\"@type\":\"ImageObject\",\"inLanguage\":\"fr-FR\",\"@id\":\"https:\/\/theplayoffs.news\/fr\/#\/schema\/person\/image\/\",\"url\":\"https:\/\/secure.gravatar.com\/avatar\/293e2e649a094756005b611f6122ac1a95e95d453dbfe74b9d434b39855927f6?s=96&d=mm&r=g\",\"contentUrl\":\"https:\/\/secure.gravatar.com\/avatar\/293e2e649a094756005b611f6122ac1a95e95d453dbfe74b9d434b39855927f6?s=96&d=mm&r=g\",\"caption\":\"Elian Goethals\"},\"description\":\"Je suis sp\u00e9cialis\u00e9 dans la r\u00e9daction d\\\\'articles NBA et je suis un grand fan de basket am\u00e9ricain depuis toujours. Cela fait 20 ans que je joue au basket, et mon exp\u00e9rience sur les terrains me permet d\\\\'avoir une analyse approfondie des matchs. J\u2019ai d\u2019abord fait partie d\u2019autres m\u00e9dias sportifs en tant que b\u00e9n\u00e9vole avant de rejoindre ThePlayoffs en janvier. Je termine \u00e9galement un master en \u00e9tudes internationales. Ce que je pr\u00e9f\u00e8re dans mon travail, c\u2019est de transformer ma passion en m\u00e9tier et de partager avec vous l\u2019information NBA. J\u2019essaie de produire un contenu de qualit\u00e9 en esp\u00e9rant qu\u2019il vous plaise !\",\"sameAs\":[\"https:\/\/www.linkedin.com\/in\/elian-goethals-729b71200\/\",\"https:\/\/x.com\/x.com\/elidwight\"],\"url\":\"https:\/\/theplayoffs.news\/fr\/author\/elian\/\"}]}<\/script>\n<!-- \/ Yoast SEO plugin. -->","yoast_head_json":{"title":"Luka Doncic pr&ecirc;t pour une saison XXL aux Lakers ?","description":"Selon certaines sources, Luka Doncic pourrait revenir plus en forme que jamais avec les Lakers la saison prochaine.","robots":{"index":"index","follow":"follow","max-snippet":"max-snippet:-1","max-image-preview":"max-image-preview:large","max-video-preview":"max-video-preview:-1"},"canonical":"https:\/\/theplayoffs.news\/fr\/actualite-nba\/luka-doncic-pret-pour-une-saison-xxl-aux-lakers\/","og_locale":"fr_FR","og_type":"article","og_title":"Luka Doncic pr&ecirc;t pour une saison XXL aux Lakers ?","og_description":"Selon certaines sources, Luka Doncic pourrait revenir plus en forme que jamais avec les Lakers la saison prochaine.","og_url":"https:\/\/theplayoffs.news\/fr\/actualite-nba\/luka-doncic-pret-pour-une-saison-xxl-aux-lakers\/","og_site_name":"The Playoffs FR","article_publisher":"https:\/\/www.facebook.com\/TheFreeAgentFR\/","article_modified_time":"2025-05-21T08:13:42+00:00","og_image":[{"width":1920,"height":1280,"url":"https:\/\/theplayoffs.news\/fr\/wp-content\/uploads\/2025\/05\/USATSI_25907631.jpg","type":"image\/jpeg"}],"author":"Elian Goethals","twitter_card":"summary_large_image","twitter_creator":"@x.com\/elidwight","twitter_site":"@TheFreeAgentFR","twitter_misc":{"\u00c9crit par":"Elian Goethals","Dur\u00e9e de lecture estim\u00e9e":"2 minutes"},"schema":{"@context":"https:\/\/schema.org","@graph":[{"@type":"WebPage","@id":"https:\/\/theplayoffs.news\/fr\/actualite-nba\/luka-doncic-pret-pour-une-saison-xxl-aux-lakers\/","url":"https:\/\/theplayoffs.news\/fr\/actualite-nba\/luka-doncic-pret-pour-une-saison-xxl-aux-lakers\/","name":"Luka Doncic pr\u00eat pour une saison XXL aux Lakers ?","isPartOf":{"@id":"https:\/\/theplayoffs.news\/fr\/#website"},"primaryImageOfPage":{"@id":"https:\/\/theplayoffs.news\/fr\/actualite-nba\/luka-doncic-pret-pour-une-saison-xxl-aux-lakers\/#primaryimage"},"image":{"@id":"https:\/\/theplayoffs.news\/fr\/actualite-nba\/luka-doncic-pret-pour-une-saison-xxl-aux-lakers\/#primaryimage"},"thumbnailUrl":"https:\/\/theplayoffs.news\/fr\/wp-content\/uploads\/2025\/05\/USATSI_25907631.jpg","datePublished":"2025-05-21T08:12:29+00:00","dateModified":"2025-05-21T08:13:42+00:00","author":{"@id":"https:\/\/theplayoffs.news\/fr\/#\/schema\/person\/2bc470c6a49f4f6229a67af19c87a732"},"description":"Selon certaines sources, Luka Doncic pourrait revenir plus en forme que jamais avec les Lakers la saison prochaine.","breadcrumb":{"@id":"https:\/\/theplayoffs.news\/fr\/actualite-nba\/luka-doncic-pret-pour-une-saison-xxl-aux-lakers\/#breadcrumb"},"inLanguage":"fr-FR","potentialAction":[{"@type":"ReadAction","target":["https:\/\/theplayoffs.news\/fr\/actualite-nba\/luka-doncic-pret-pour-une-saison-xxl-aux-lakers\/"]}]},{"@type":"ImageObject","inLanguage":"fr-FR","@id":"https:\/\/theplayoffs.news\/fr\/actualite-nba\/luka-doncic-pret-pour-une-saison-xxl-aux-lakers\/#primaryimage","url":"https:\/\/theplayoffs.news\/fr\/wp-content\/uploads\/2025\/05\/USATSI_25907631.jpg","contentUrl":"https:\/\/theplayoffs.news\/fr\/wp-content\/uploads\/2025\/05\/USATSI_25907631.jpg","width":1920,"height":1280,"caption":"Apr 11, 2025; Los Angeles, California, USA; Los Angeles Lakers guard Luka Doncic (77) reacts before the game against the Houston Rockets at Crypto.com Arena. Mandatory Credit: Jonathan Hui-Imagn Images"},{"@type":"BreadcrumbList","@id":"https:\/\/theplayoffs.news\/fr\/actualite-nba\/luka-doncic-pret-pour-une-saison-xxl-aux-lakers\/#breadcrumb","itemListElement":[{"@type":"ListItem","position":1,"name":"Accueil","item":"https:\/\/theplayoffs.news\/fr\/"},{"@type":"ListItem","position":2,"name":"Luka Doncic pr\u00eat pour une saison XXL aux Lakers ?"}]},{"@type":"WebSite","@id":"https:\/\/theplayoffs.news\/fr\/#website","url":"https:\/\/theplayoffs.news\/fr\/","name":"The Playoffs FR","description":"NBA-NFL-NHL-MLB","potentialAction":[{"@type":"SearchAction","target":{"@type":"EntryPoint","urlTemplate":"https:\/\/theplayoffs.news\/fr\/?s={search_term_string}"},"query-input":{"@type":"PropertyValueSpecification","valueRequired":true,"valueName":"search_term_string"}}],"inLanguage":"fr-FR"},{"@type":"Person","@id":"https:\/\/theplayoffs.news\/fr\/#\/schema\/person\/2bc470c6a49f4f6229a67af19c87a732","name":"Elian Goethals","image":{"@type":"ImageObject","inLanguage":"fr-FR","@id":"https:\/\/theplayoffs.news\/fr\/#\/schema\/person\/image\/","url":"https:\/\/secure.gravatar.com\/avatar\/293e2e649a094756005b611f6122ac1a95e95d453dbfe74b9d434b39855927f6?s=96&d=mm&r=g","contentUrl":"https:\/\/secure.gravatar.com\/avatar\/293e2e649a094756005b611f6122ac1a95e95d453dbfe74b9d434b39855927f6?s=96&d=mm&r=g","caption":"Elian Goethals"},"description":"Je suis sp\u00e9cialis\u00e9 dans la r\u00e9daction d\\'articles NBA et je suis un grand fan de basket am\u00e9ricain depuis toujours. Cela fait 20 ans que je joue au basket, et mon exp\u00e9rience sur les terrains me permet d\\'avoir une analyse approfondie des matchs. J\u2019ai d\u2019abord fait partie d\u2019autres m\u00e9dias sportifs en tant que b\u00e9n\u00e9vole avant de rejoindre ThePlayoffs en janvier. Je termine \u00e9galement un master en \u00e9tudes internationales. Ce que je pr\u00e9f\u00e8re dans mon travail, c\u2019est de transformer ma passion en m\u00e9tier et de partager avec vous l\u2019information NBA. J\u2019essaie de produire un contenu de qualit\u00e9 en esp\u00e9rant qu\u2019il vous plaise !","sameAs":["https:\/\/www.linkedin.com\/in\/elian-goethals-729b71200\/","https:\/\/x.com\/x.com\/elidwight"],"url":"https:\/\/theplayoffs.news\/fr\/author\/elian\/"}]}},"_links":{"self":[{"href":"https:\/\/theplayoffs.news\/fr\/wp-json\/wp\/v2\/posts\/1492113","targetHints":{"allow":["GET"]}}],"collection":[{"href":"https:\/\/theplayoffs.news\/fr\/wp-json\/wp\/v2\/posts"}],"about":[{"href":"https:\/\/theplayoffs.news\/fr\/wp-json\/wp\/v2\/types\/post"}],"author":[{"embeddable":true,"href":"https:\/\/theplayoffs.news\/fr\/wp-json\/wp\/v2\/users\/180310268"}],"replies":[{"embeddable":true,"href":"https:\/\/theplayoffs.news\/fr\/wp-json\/wp\/v2\/comments?post=1492113"}],"version-history":[{"count":1,"href":"https:\/\/theplayoffs.news\/fr\/wp-json\/wp\/v2\/posts\/1492113\/revisions"}],"predecessor-version":[{"id":1492115,"href":"https:\/\/theplayoffs.news\/fr\/wp-json\/wp\/v2\/posts\/1492113\/revisions\/1492115"}],"wp:featuredmedia":[{"embeddable":true,"href":"https:\/\/theplayoffs.news\/fr\/wp-json\/wp\/v2\/media\/1492116"}],"wp:attachment":[{"href":"https:\/\/theplayoffs.news\/fr\/wp-json\/wp\/v2\/media?parent=1492113"}],"wp:term":[{"taxonomy":"category","embeddable":true,"href":"https:\/\/theplayoffs.news\/fr\/wp-json\/wp\/v2\/categories?post=1492113"},{"taxonomy":"post_tag","embeddable":true,"href":"https:\/\/theplayoffs.news\/fr\/wp-json\/wp\/v2\/tags?post=1492113"},{"taxonomy":"sport","embeddable":true,"href":"https:\/\/theplayoffs.news\/fr\/wp-json\/wp\/v2\/sport?post=1492113"},{"taxonomy":"saison","embeddable":true,"href":"https:\/\/theplayoffs.news\/fr\/wp-json\/wp\/v2\/saison?post=1492113"}],"curies":[{"name":"wp","href":"https:\/\/api.w.org\/{rel}","templated":true}]}}