{"id":1491770,"date":"2025-05-17T14:50:26","date_gmt":"2025-05-17T12:50:26","guid":{"rendered":"https:\/\/theplayoffs.news\/fr\/uncategorized\/\/"},"modified":"2025-05-17T14:50:31","modified_gmt":"2025-05-17T12:50:31","slug":"minnesota-un-public-sous-estime","status":"publish","type":"post","link":"https:\/\/theplayoffs.news\/fr\/actualite-nba\/minnesota-un-public-sous-estime\/","title":{"rendered":"Minnesota, un public sous-estim\u00e9 ?"},"content":{"rendered":"<p>Pour la deuxi&egrave;me ann&eacute;e cons&eacute;cutive, Minnesota disputera les finales de conf&eacute;rence. Apr&egrave;s avoir &eacute;limin&eacute; les Lakers puis les Warriors, les Wolves affronteront soit les Nuggets, soit le Thunder, selon le r&eacute;sultat du match 7 de dimanche soir. Peu importe leur adversaire, l&rsquo;&eacute;quipe de Chris Finch n&rsquo;aura pas l&rsquo;avantage du terrain. <\/p><p>Le public du Minnesota a &eacute;t&eacute; pr&eacute;cieux depuis le d&eacute;but des playoffs, et l&rsquo;ambiance qui y r&egrave;gne serait m&ecirc;me sous-cot&eacute;e.&nbsp;<\/p><h2 class=\"wp-block-heading\">&laquo; Leurs fans sont absolument d&eacute;cha&icirc;n&eacute;s &raquo;&nbsp;<\/h2><p>Avec deux finales de conf&eacute;rence en deux saisons, il fait bon vivre du c&ocirc;t&eacute; du Target Center, la salle des Wolves. Malgr&eacute; une 6e place &agrave; l&rsquo;issue de la saison r&eacute;guli&egrave;re, Minnesota est de nouveau en finale de conf&eacute;rence, comme l&rsquo;an pass&eacute;. La franchise ne compte qu&rsquo;une seule d&eacute;faite &agrave; domicile depuis le d&eacute;but de la campagne de playoffs : c&rsquo;&eacute;tait lors du match 1 contre les Warriors, alors que Stephen Curry &eacute;tait encore sur le parquet en d&eacute;but de rencontre.&nbsp;<\/p><p>Lorsqu&rsquo;on parle de publics &laquo; chauds &raquo; en NBA, on &eacute;voque souvent les fans des Knicks ou des Pistons, mais on parle rarement de celui des Timberwolves.&nbsp;<\/p><blockquote class=\"wp-block-quote is-layout-flow wp-block-quote-is-layout-flow\">\n<p>&laquo; Le Target Center est devenu compl&egrave;tement fou, vraiment fou, et c&rsquo;est l&rsquo;une des ambiances les plus bruyantes&hellip; Je dirais que le Minnesota ne re&ccedil;oit pas autant d&rsquo;attention qu&rsquo;il le m&eacute;rite, mais leurs fans sont absolument d&eacute;cha&icirc;n&eacute;s &raquo;, a d&eacute;clar&eacute; Mike Breen dans le podcast de <a href=\"https:\/\/www.youtube.com\/watch?v=dOezo9ZVJvU\" target=\"_blank\" rel=\"noreferrer noopener\" class=\"trk-cta-link\" data-cta-trk='{\"ctaType\":\"Link\",\"ctaSubType\":\"main\"}'>Ryen Russillo<\/a>.&nbsp;<\/p>\n<\/blockquote><figure class=\"wp-block-embed is-type-rich is-provider-twitter wp-block-embed-twitter\"><div class=\"wp-block-embed__wrapper\">\n<blockquote class=\"twitter-tweet\" data-width=\"500\" data-dnt=\"true\"><p lang=\"en\" dir=\"ltr\">&ldquo;Target Center has become just crazy, absolutely crazy, and that&rsquo;s up there with one of the loudest &hellip; I would say Minnesota is one that doesn&rsquo;t get as much attention, that their fans are absolutely crazy.&rdquo; <a href=\"https:\/\/t.co\/ooEOwa4iuZ\" class=\"trk-cta-link\" data-cta-trk='{\"ctaType\":\"Link\",\"ctaSubType\":\"main\"}'>pic.twitter.com\/ooEOwa4iuZ<\/a><\/p>&mdash; Grant (@GrantMN3) <a href=\"https:\/\/twitter.com\/GrantMN3\/status\/1923405887806341262?ref_src=twsrc%5Etfw\" class=\"trk-cta-link\" data-cta-trk='{\"ctaType\":\"Link\",\"ctaSubType\":\"main\"}'>May 16, 2025<\/a><\/blockquote><script async src=\"https:\/\/platform.twitter.com\/widgets.js\" charset=\"utf-8\"><\/script>\n<\/div><\/figure><p>Minnesota ne fait &eacute;videmment pas partie des plus gros march&eacute;s NBA. N&eacute;anmoins, la franchise avait d&eacute;j&agrave; connu des moments de gloire &agrave; l&rsquo;&eacute;poque o&ugrave; Kevin Garnett portait encore ses couleurs, notamment lors de la saison 2003-2004. Aujourd&rsquo;hui, avec Anthony Edwards en tant que superstar, Minnesota semble de nouveau entrer dans une p&eacute;riode faste.<\/p><ul class=\"wp-block-list\">\n<li><strong>Lire aussi :<\/strong><\/li>\n<\/ul><p><a href=\"https:\/\/theplayoffs.news\/fr\/actualite-nba\/les-pacers-vont-vous-demolir-paul-pierce-previent-les-knicks\/\" target=\"_blank\" rel=\"noreferrer noopener\" class=\"trk-cta-link\" data-cta-trk='{\"ctaType\":\"Link\",\"ctaSubType\":\"main\"}'>&laquo; Les Pacers vont vous d&eacute;molir &raquo; : Paul Pierce pr&eacute;vient les Knicks<\/a><\/p><p><a href=\"https:\/\/theplayoffs.news\/fr\/actualite-nba\/jaylen-brown-perdre-contre-les-knicks-cest-la-mort\/\" target=\"_blank\" rel=\"noreferrer noopener\" class=\"trk-cta-link\" data-cta-trk='{\"ctaType\":\"Link\",\"ctaSubType\":\"main\"}'>Jaylen Brown : &ldquo;Perdre contre les Knicks, c&rsquo;est la mort&rdquo;<\/a><\/p><p>En 2024, leur parcours s&rsquo;&eacute;tait arr&ecirc;t&eacute; en finale de conf&eacute;rence face aux Dallas Mavericks sur le score de 4-1. Pour rappel, les Timberwolves n&rsquo;ont encore jamais atteint les Finales NBA et pourraient donc vivre un parcours historique cette saison.&nbsp;<\/p><p>Cr&eacute;dit photo : Jesse Johnson-Imagn Images<\/p><p><\/p>\n","protected":false},"excerpt":{"rendered":"","protected":false},"author":180310250,"featured_media":1491771,"comment_status":"closed","ping_status":"closed","sticky":false,"template":"","format":"standard","meta":{"inline_featured_image":false,"kia_subtitle":"","_mux_skip_reasons":[],"proofreadBy":0,"footnotes":""},"categories":[110,10,8408],"tags":[856,23,8302,8005],"sport":[2783],"saison":[7475],"class_list":["post-1491770","post","type-post","status-publish","format-standard","has-post-thumbnail","hentry","category-actualite-nba","category-nba","category-sports","tag-minnesota-timberwolves","tag-nba-tag","tag-nba-playoffs-2025","tag-target-center","sport-nba","saison-7475"],"acf":[],"yoast_head":"<!-- This site is optimized with the Yoast SEO plugin v24.2 - https:\/\/yoast.com\/wordpress\/plugins\/seo\/ -->\n<title>Minnesota, un public sous-estim&eacute; ? - The Playoffs FR<\/title>\n<meta name=\"description\" content=\"Il fait bon vivre du c&ocirc;t&eacute; du Target Center, la salle des Minnesota Timberwolves o&ugrave; l&#039;ambiance du public ne serait pas assez &eacute;voqu&eacute;e.\" \/>\n<meta name=\"robots\" content=\"index, follow, max-snippet:-1, max-image-preview:large, max-video-preview:-1\" \/>\n<link rel=\"canonical\" href=\"https:\/\/theplayoffs.news\/fr\/actualite-nba\/minnesota-un-public-sous-estime\/\" \/>\n<meta property=\"og:locale\" content=\"fr_FR\" \/>\n<meta property=\"og:type\" content=\"article\" \/>\n<meta property=\"og:title\" content=\"Minnesota, un public sous-estim&eacute; ? - The Playoffs FR\" \/>\n<meta property=\"og:description\" content=\"Il fait bon vivre du c&ocirc;t&eacute; du Target Center, la salle des Minnesota Timberwolves o&ugrave; l&#039;ambiance du public ne serait pas assez &eacute;voqu&eacute;e.\" \/>\n<meta property=\"og:url\" content=\"https:\/\/theplayoffs.news\/fr\/actualite-nba\/minnesota-un-public-sous-estime\/\" \/>\n<meta property=\"og:site_name\" content=\"The Playoffs FR\" \/>\n<meta property=\"article:publisher\" content=\"https:\/\/www.facebook.com\/TheFreeAgentFR\/\" \/>\n<meta property=\"article:modified_time\" content=\"2025-05-17T14:50:31+02:00\" \/>\n<meta property=\"og:image\" content=\"https:\/\/theplayoffs.news\/fr\/wp-content\/uploads\/2025\/05\/USATSI_26180184-1.jpg\" \/>\n\t<meta property=\"og:image:width\" content=\"1920\" \/>\n\t<meta property=\"og:image:height\" content=\"1280\" \/>\n\t<meta property=\"og:image:type\" content=\"image\/jpeg\" \/>\n<meta name=\"author\" content=\"Jean Fabre-Jevanoff\" \/>\n<meta name=\"twitter:card\" content=\"summary_large_image\" \/>\n<meta name=\"twitter:creator\" content=\"@the_jfj_42\" \/>\n<meta name=\"twitter:site\" content=\"@TheFreeAgentFR\" \/>\n<meta name=\"twitter:label1\" content=\"\u00c9crit par\" \/>\n\t<meta name=\"twitter:data1\" content=\"Jean Fabre-Jevanoff\" \/>\n\t<meta name=\"twitter:label2\" content=\"Dur\u00e9e de lecture estim\u00e9e\" \/>\n\t<meta name=\"twitter:data2\" content=\"2 minutes\" \/>\n<script type=\"application\/ld+json\" class=\"yoast-schema-graph\">{\"@context\":\"https:\/\/schema.org\",\"@graph\":[{\"@type\":\"WebPage\",\"@id\":\"https:\/\/theplayoffs.news\/fr\/actualite-nba\/minnesota-un-public-sous-estime\/\",\"url\":\"https:\/\/theplayoffs.news\/fr\/actualite-nba\/minnesota-un-public-sous-estime\/\",\"name\":\"Minnesota, un public sous-estim\u00e9 ? - The Playoffs FR\",\"isPartOf\":{\"@id\":\"https:\/\/theplayoffs.news\/fr\/#website\"},\"primaryImageOfPage\":{\"@id\":\"https:\/\/theplayoffs.news\/fr\/actualite-nba\/minnesota-un-public-sous-estime\/#primaryimage\"},\"image\":{\"@id\":\"https:\/\/theplayoffs.news\/fr\/actualite-nba\/minnesota-un-public-sous-estime\/#primaryimage\"},\"thumbnailUrl\":\"https:\/\/theplayoffs.news\/fr\/wp-content\/uploads\/2025\/05\/USATSI_26180184-1.jpg\",\"datePublished\":\"2025-05-17T12:50:26+00:00\",\"dateModified\":\"2025-05-17T12:50:31+00:00\",\"author\":{\"@id\":\"https:\/\/theplayoffs.news\/fr\/#\/schema\/person\/1ea25b88e79fe4fabd657430b0013d3d\"},\"description\":\"Il fait bon vivre du c\u00f4t\u00e9 du Target Center, la salle des Minnesota Timberwolves o\u00f9 l\\\\'ambiance du public ne serait pas assez \u00e9voqu\u00e9e.\",\"breadcrumb\":{\"@id\":\"https:\/\/theplayoffs.news\/fr\/actualite-nba\/minnesota-un-public-sous-estime\/#breadcrumb\"},\"inLanguage\":\"fr-FR\",\"potentialAction\":[{\"@type\":\"ReadAction\",\"target\":[\"https:\/\/theplayoffs.news\/fr\/actualite-nba\/minnesota-un-public-sous-estime\/\"]}]},{\"@type\":\"ImageObject\",\"inLanguage\":\"fr-FR\",\"@id\":\"https:\/\/theplayoffs.news\/fr\/actualite-nba\/minnesota-un-public-sous-estime\/#primaryimage\",\"url\":\"https:\/\/theplayoffs.news\/fr\/wp-content\/uploads\/2025\/05\/USATSI_26180184-1.jpg\",\"contentUrl\":\"https:\/\/theplayoffs.news\/fr\/wp-content\/uploads\/2025\/05\/USATSI_26180184-1.jpg\",\"width\":1920,\"height\":1280,\"caption\":\"May 14, 2025; Minneapolis, Minnesota, USA; Minnesota Timberwolves guard Anthony Edwards (5) reacts after making a shot against the Golden State Warriors in the first half during game five of the second round for the 2025 NBA Playoffs at Target Center. Mandatory Credit: Jesse Johnson-Imagn Images\"},{\"@type\":\"BreadcrumbList\",\"@id\":\"https:\/\/theplayoffs.news\/fr\/actualite-nba\/minnesota-un-public-sous-estime\/#breadcrumb\",\"itemListElement\":[{\"@type\":\"ListItem\",\"position\":1,\"name\":\"Accueil\",\"item\":\"https:\/\/theplayoffs.news\/fr\/\"},{\"@type\":\"ListItem\",\"position\":2,\"name\":\"Minnesota, un public sous-estim\u00e9 ?\"}]},{\"@type\":\"WebSite\",\"@id\":\"https:\/\/theplayoffs.news\/fr\/#website\",\"url\":\"https:\/\/theplayoffs.news\/fr\/\",\"name\":\"The Playoffs FR\",\"description\":\"NBA-NFL-NHL-MLB\",\"potentialAction\":[{\"@type\":\"SearchAction\",\"target\":{\"@type\":\"EntryPoint\",\"urlTemplate\":\"https:\/\/theplayoffs.news\/fr\/?s={search_term_string}\"},\"query-input\":{\"@type\":\"PropertyValueSpecification\",\"valueRequired\":true,\"valueName\":\"search_term_string\"}}],\"inLanguage\":\"fr-FR\"},{\"@type\":\"Person\",\"@id\":\"https:\/\/theplayoffs.news\/fr\/#\/schema\/person\/1ea25b88e79fe4fabd657430b0013d3d\",\"name\":\"Jean Fabre-Jevanoff\",\"image\":{\"@type\":\"ImageObject\",\"inLanguage\":\"fr-FR\",\"@id\":\"https:\/\/theplayoffs.news\/fr\/#\/schema\/person\/image\/\",\"url\":\"https:\/\/secure.gravatar.com\/avatar\/18b28dab1159eebc6a17b9787eb8cbbe3242c3d0e8b53b89332f6dc1133aa361?s=96&d=mm&r=g\",\"contentUrl\":\"https:\/\/secure.gravatar.com\/avatar\/18b28dab1159eebc6a17b9787eb8cbbe3242c3d0e8b53b89332f6dc1133aa361?s=96&d=mm&r=g\",\"caption\":\"Jean Fabre-Jevanoff\"},\"description\":\"Journaliste polyvalent sur le football am\u00e9ricain, j\u2019\u00e9cris aussi des articles sur le basket. Commentateur sur Twitch et sur YouTube. Pass\u00e9 par Eurosport notamment. Un mix d\u2019Eminem et de OBJ, fan inconditionnel de Patrick Mahomes et Lebron James\",\"sameAs\":[\"https:\/\/www.instagram.com\/_juaniitooo_\",\"https:\/\/www.linkedin.com\/in\/jean-fabre-jevanoff-84bb9b1a9\/\",\"https:\/\/x.com\/the_jfj_42\"],\"url\":\"https:\/\/theplayoffs.news\/fr\/author\/jeanfj42gmail-com\/\"}]}<\/script>\n<!-- \/ Yoast SEO plugin. -->","yoast_head_json":{"title":"Minnesota, un public sous-estim&eacute; ? - The Playoffs FR","description":"Il fait bon vivre du c&ocirc;t&eacute; du Target Center, la salle des Minnesota Timberwolves o&ugrave; l&#039;ambiance du public ne serait pas assez &eacute;voqu&eacute;e.","robots":{"index":"index","follow":"follow","max-snippet":"max-snippet:-1","max-image-preview":"max-image-preview:large","max-video-preview":"max-video-preview:-1"},"canonical":"https:\/\/theplayoffs.news\/fr\/actualite-nba\/minnesota-un-public-sous-estime\/","og_locale":"fr_FR","og_type":"article","og_title":"Minnesota, un public sous-estim&eacute; ? - The Playoffs FR","og_description":"Il fait bon vivre du c&ocirc;t&eacute; du Target Center, la salle des Minnesota Timberwolves o&ugrave; l&#039;ambiance du public ne serait pas assez &eacute;voqu&eacute;e.","og_url":"https:\/\/theplayoffs.news\/fr\/actualite-nba\/minnesota-un-public-sous-estime\/","og_site_name":"The Playoffs FR","article_publisher":"https:\/\/www.facebook.com\/TheFreeAgentFR\/","article_modified_time":"2025-05-17T12:50:31+00:00","og_image":[{"width":1920,"height":1280,"url":"https:\/\/theplayoffs.news\/fr\/wp-content\/uploads\/2025\/05\/USATSI_26180184-1.jpg","type":"image\/jpeg"}],"author":"Jean Fabre-Jevanoff","twitter_card":"summary_large_image","twitter_creator":"@the_jfj_42","twitter_site":"@TheFreeAgentFR","twitter_misc":{"\u00c9crit par":"Jean Fabre-Jevanoff","Dur\u00e9e de lecture estim\u00e9e":"2 minutes"},"schema":{"@context":"https:\/\/schema.org","@graph":[{"@type":"WebPage","@id":"https:\/\/theplayoffs.news\/fr\/actualite-nba\/minnesota-un-public-sous-estime\/","url":"https:\/\/theplayoffs.news\/fr\/actualite-nba\/minnesota-un-public-sous-estime\/","name":"Minnesota, un public sous-estim\u00e9 ? - The Playoffs FR","isPartOf":{"@id":"https:\/\/theplayoffs.news\/fr\/#website"},"primaryImageOfPage":{"@id":"https:\/\/theplayoffs.news\/fr\/actualite-nba\/minnesota-un-public-sous-estime\/#primaryimage"},"image":{"@id":"https:\/\/theplayoffs.news\/fr\/actualite-nba\/minnesota-un-public-sous-estime\/#primaryimage"},"thumbnailUrl":"https:\/\/theplayoffs.news\/fr\/wp-content\/uploads\/2025\/05\/USATSI_26180184-1.jpg","datePublished":"2025-05-17T12:50:26+00:00","dateModified":"2025-05-17T12:50:31+00:00","author":{"@id":"https:\/\/theplayoffs.news\/fr\/#\/schema\/person\/1ea25b88e79fe4fabd657430b0013d3d"},"description":"Il fait bon vivre du c\u00f4t\u00e9 du Target Center, la salle des Minnesota Timberwolves o\u00f9 l\\'ambiance du public ne serait pas assez \u00e9voqu\u00e9e.","breadcrumb":{"@id":"https:\/\/theplayoffs.news\/fr\/actualite-nba\/minnesota-un-public-sous-estime\/#breadcrumb"},"inLanguage":"fr-FR","potentialAction":[{"@type":"ReadAction","target":["https:\/\/theplayoffs.news\/fr\/actualite-nba\/minnesota-un-public-sous-estime\/"]}]},{"@type":"ImageObject","inLanguage":"fr-FR","@id":"https:\/\/theplayoffs.news\/fr\/actualite-nba\/minnesota-un-public-sous-estime\/#primaryimage","url":"https:\/\/theplayoffs.news\/fr\/wp-content\/uploads\/2025\/05\/USATSI_26180184-1.jpg","contentUrl":"https:\/\/theplayoffs.news\/fr\/wp-content\/uploads\/2025\/05\/USATSI_26180184-1.jpg","width":1920,"height":1280,"caption":"May 14, 2025; Minneapolis, Minnesota, USA; Minnesota Timberwolves guard Anthony Edwards (5) reacts after making a shot against the Golden State Warriors in the first half during game five of the second round for the 2025 NBA Playoffs at Target Center. Mandatory Credit: Jesse Johnson-Imagn Images"},{"@type":"BreadcrumbList","@id":"https:\/\/theplayoffs.news\/fr\/actualite-nba\/minnesota-un-public-sous-estime\/#breadcrumb","itemListElement":[{"@type":"ListItem","position":1,"name":"Accueil","item":"https:\/\/theplayoffs.news\/fr\/"},{"@type":"ListItem","position":2,"name":"Minnesota, un public sous-estim\u00e9 ?"}]},{"@type":"WebSite","@id":"https:\/\/theplayoffs.news\/fr\/#website","url":"https:\/\/theplayoffs.news\/fr\/","name":"The Playoffs FR","description":"NBA-NFL-NHL-MLB","potentialAction":[{"@type":"SearchAction","target":{"@type":"EntryPoint","urlTemplate":"https:\/\/theplayoffs.news\/fr\/?s={search_term_string}"},"query-input":{"@type":"PropertyValueSpecification","valueRequired":true,"valueName":"search_term_string"}}],"inLanguage":"fr-FR"},{"@type":"Person","@id":"https:\/\/theplayoffs.news\/fr\/#\/schema\/person\/1ea25b88e79fe4fabd657430b0013d3d","name":"Jean Fabre-Jevanoff","image":{"@type":"ImageObject","inLanguage":"fr-FR","@id":"https:\/\/theplayoffs.news\/fr\/#\/schema\/person\/image\/","url":"https:\/\/secure.gravatar.com\/avatar\/18b28dab1159eebc6a17b9787eb8cbbe3242c3d0e8b53b89332f6dc1133aa361?s=96&d=mm&r=g","contentUrl":"https:\/\/secure.gravatar.com\/avatar\/18b28dab1159eebc6a17b9787eb8cbbe3242c3d0e8b53b89332f6dc1133aa361?s=96&d=mm&r=g","caption":"Jean Fabre-Jevanoff"},"description":"Journaliste polyvalent sur le football am\u00e9ricain, j\u2019\u00e9cris aussi des articles sur le basket. Commentateur sur Twitch et sur YouTube. Pass\u00e9 par Eurosport notamment. Un mix d\u2019Eminem et de OBJ, fan inconditionnel de Patrick Mahomes et Lebron James","sameAs":["https:\/\/www.instagram.com\/_juaniitooo_","https:\/\/www.linkedin.com\/in\/jean-fabre-jevanoff-84bb9b1a9\/","https:\/\/x.com\/the_jfj_42"],"url":"https:\/\/theplayoffs.news\/fr\/author\/jeanfj42gmail-com\/"}]}},"_links":{"self":[{"href":"https:\/\/theplayoffs.news\/fr\/wp-json\/wp\/v2\/posts\/1491770","targetHints":{"allow":["GET"]}}],"collection":[{"href":"https:\/\/theplayoffs.news\/fr\/wp-json\/wp\/v2\/posts"}],"about":[{"href":"https:\/\/theplayoffs.news\/fr\/wp-json\/wp\/v2\/types\/post"}],"author":[{"embeddable":true,"href":"https:\/\/theplayoffs.news\/fr\/wp-json\/wp\/v2\/users\/180310250"}],"replies":[{"embeddable":true,"href":"https:\/\/theplayoffs.news\/fr\/wp-json\/wp\/v2\/comments?post=1491770"}],"version-history":[{"count":1,"href":"https:\/\/theplayoffs.news\/fr\/wp-json\/wp\/v2\/posts\/1491770\/revisions"}],"predecessor-version":[{"id":1491772,"href":"https:\/\/theplayoffs.news\/fr\/wp-json\/wp\/v2\/posts\/1491770\/revisions\/1491772"}],"wp:featuredmedia":[{"embeddable":true,"href":"https:\/\/theplayoffs.news\/fr\/wp-json\/wp\/v2\/media\/1491771"}],"wp:attachment":[{"href":"https:\/\/theplayoffs.news\/fr\/wp-json\/wp\/v2\/media?parent=1491770"}],"wp:term":[{"taxonomy":"category","embeddable":true,"href":"https:\/\/theplayoffs.news\/fr\/wp-json\/wp\/v2\/categories?post=1491770"},{"taxonomy":"post_tag","embeddable":true,"href":"https:\/\/theplayoffs.news\/fr\/wp-json\/wp\/v2\/tags?post=1491770"},{"taxonomy":"sport","embeddable":true,"href":"https:\/\/theplayoffs.news\/fr\/wp-json\/wp\/v2\/sport?post=1491770"},{"taxonomy":"saison","embeddable":true,"href":"https:\/\/theplayoffs.news\/fr\/wp-json\/wp\/v2\/saison?post=1491770"}],"curies":[{"name":"wp","href":"https:\/\/api.w.org\/{rel}","templated":true}]}}