{"id":1491764,"date":"2025-05-17T11:59:13","date_gmt":"2025-05-17T09:59:13","guid":{"rendered":"https:\/\/theplayoffs.news\/fr\/uncategorized\/\/"},"modified":"2025-05-17T11:59:19","modified_gmt":"2025-05-17T09:59:19","slug":"jaylen-brown-perdre-contre-les-knicks-cest-la-mort","status":"publish","type":"post","link":"https:\/\/theplayoffs.news\/fr\/actualite-nba\/jaylen-brown-perdre-contre-les-knicks-cest-la-mort\/","title":{"rendered":"Jaylen Brown : \u201cPerdre contre les Knicks, c\u2019est la mort\u201d"},"content":{"rendered":"<p>Les Celtics, champions en titre, sont d&eacute;sormais en vacances apr&egrave;s leur lourde d&eacute;faite la nuit derni&egrave;re face aux Knicks (119-81). Boston a perdu la s&eacute;rie 4-2 et s&rsquo;arr&ecirc;te donc en demi-finales de la conf&eacute;rence Est. Une &eacute;limination difficile &agrave; encaisser, d&rsquo;autant plus quand on conna&icirc;t la rivalit&eacute; historique entre Boston et New York.<\/p><h2 class=\"wp-block-heading\">Le pire sc&eacute;nario possible ?<\/h2><p>En tant que tenants du titre, se faire &eacute;liminer la saison suivante sans m&ecirc;me atteindre les Finales NBA est d&eacute;j&agrave; une immense frustration, d&rsquo;autant plus quand on a &eacute;t&eacute; priv&eacute; de l&rsquo;un de ses meilleurs joueurs, Jayson Tatum. Les Celtics visaient un nouveau sacre, un objectif rendu impossible par cette &eacute;limination pr&eacute;matur&eacute;e. Apr&egrave;s la rencontre, Jaylen Brown s&rsquo;est pr&eacute;sent&eacute; en conf&eacute;rence de presse et a compar&eacute; cette d&eacute;faite &agrave;&hellip; la mort.<\/p><blockquote class=\"wp-block-quote is-layout-flow wp-block-quote-is-layout-flow\">\n<p>&ldquo;Les choses ne se sont pas pass&eacute;es comme pr&eacute;vu pour nous cette ann&eacute;e, c&rsquo;est malheureux. On va garder la t&ecirc;te haute quoi qu&rsquo;il arrive. Perdre face aux Knicks, c&rsquo;est la mort, mais on m&rsquo;a toujours dit qu&rsquo;il y a de la vie apr&egrave;s la mort, donc on va se pr&eacute;parer pour la suite.&rdquo;<\/p>\n\n\n\n<figure class=\"wp-block-embed is-type-rich is-provider-twitter wp-block-embed-twitter\"><div class=\"wp-block-embed__wrapper\">\n<blockquote class=\"twitter-tweet\" data-width=\"500\" data-dnt=\"true\"><p lang=\"en\" dir=\"ltr\">\"Losing to the Knicks, you know, feels like death.\"<br><br>Jaylen Brown after being eliminated from playoffs <a href=\"https:\/\/t.co\/ikD6mLRGmj\" class=\"trk-cta-link\" data-cta-trk='{\"ctaType\":\"Link\",\"ctaSubType\":\"main\"}'>pic.twitter.com\/ikD6mLRGmj<\/a><\/p>&mdash; Bleacher Report (@BleacherReport) <a href=\"https:\/\/twitter.com\/BleacherReport\/status\/1923587021391413628?ref_src=twsrc%5Etfw\" class=\"trk-cta-link\" data-cta-trk='{\"ctaType\":\"Link\",\"ctaSubType\":\"main\"}'>May 17, 2025<\/a><\/blockquote><script async src=\"https:\/\/platform.twitter.com\/widgets.js\" charset=\"utf-8\"><\/script>\n<\/div><\/figure>\n<\/blockquote><p>Une d&eacute;claration qui peut surprendre, mais qui prend tout son sens quand on conna&icirc;t l&rsquo;histoire entre ces deux villes.<\/p><h3 class=\"wp-block-heading\">Boston &ndash; New York, une rivalit&eacute; de longue date<\/h3><p>Au-del&agrave; de leur statut de franchises historiques de la NBA, les Knicks et les Celtics repr&eacute;sentent deux villes en opposition depuis des si&egrave;cles. Boston et New York entretiennent une rivalit&eacute; qui remonte &agrave; bien avant la R&eacute;volution am&eacute;ricaine. Pendant plus d&rsquo;un si&egrave;cle apr&egrave;s sa fondation, Boston dominait sans conteste le paysage &eacute;ducatif, culturel, artistique et &eacute;conomique des &Eacute;tats-Unis. Son statut de port majeur, proche de l&rsquo;Europe, ainsi que la pr&eacute;sence d&rsquo;institutions d&rsquo;&eacute;lite et de centres industriels puissants ont consolid&eacute; cette supr&eacute;matie pendant longtemps. &Agrave; cette &eacute;poque, New York &eacute;tait souvent per&ccedil;ue comme la parvenue de la famille : une ville bruyante, surpeupl&eacute;e et insalubre, face &agrave; une Boston aristocratique, raffin&eacute;e et bien ordonn&eacute;e.<\/p><p>Cette rivalit&eacute; s&rsquo;est aussi exprim&eacute;e dans le sport, notamment au baseball, avec deux franchises de MLB : les New York Yankees et les Boston Red Sox. En 1919, le propri&eacute;taire des Red Sox, Harry Frazee, c&eacute;da la vedette Babe Ruth aux Yankees. Cette d&eacute;cision marqua le d&eacute;but d&rsquo;une disette de 86 ans sans le moindre titre en S&eacute;rie mondiale pour Boston. De cette longue travers&eacute;e du d&eacute;sert naquit une superstition devenue l&eacute;gendaire : la &laquo; Mal&eacute;diction du Bambino &raquo;, l&rsquo;un des aspects les plus embl&eacute;matiques de la rivalit&eacute; entre les deux franchises.<\/p><ul class=\"wp-block-list\">\n<li><strong>Lire aussi :<\/strong><\/li>\n<\/ul><p><a href=\"https:\/\/theplayoffs.news\/fr\/actualite-nba\/a-quoi-ressemble-le-bilan-des-knicks-dans-lhistoire-des-playoffs\/\" target=\"_blank\" rel=\"noreferrer noopener\" class=\"trk-cta-link\" data-cta-trk='{\"ctaType\":\"Link\",\"ctaSubType\":\"main\"}'>&Agrave; quoi ressemble le bilan des Knicks dans l&rsquo;histoire des Playoffs ?<\/a><\/p><p><a href=\"https:\/\/theplayoffs.news\/fr\/actualite-nba\/aaron-gordon-sera-t-il-de-retour-pour-le-match-7-contre-le-thunder\/\" target=\"_blank\" rel=\"noreferrer noopener\" class=\"trk-cta-link\" data-cta-trk='{\"ctaType\":\"Link\",\"ctaSubType\":\"main\"}'>Aaron Gordon sera-t-il de retour pour le match 7 contre le Thunder ?<\/a><\/p><h3 class=\"wp-block-heading\">Des fans des Knicks euphoriques&hellip; et chambreurs<\/h3><p>Apr&egrave;s cette qualification pour les finales de conf&eacute;rence Est aux d&eacute;pens de Boston, les fans des Knicks se sont montr&eacute;s particuli&egrave;rement chambreurs lorsqu&rsquo;ils ont crois&eacute; le bus des Celtics.<\/p><p>Les supporters new-yorkais ont &eacute;galement multipli&eacute; les provocations verbales tout au long de la s&eacute;rie, ne se privant pas d&rsquo;adresser quelques <a href=\"https:\/\/x.com\/MrBuckBuckNBA\/status\/1923582485444583786\" target=\"_blank\" rel=\"noreferrer noopener\" class=\"trk-cta-link\" data-cta-trk='{\"ctaType\":\"Link\",\"ctaSubType\":\"main\"}'>&laquo;&nbsp;mots doux&nbsp;&raquo;<\/a> &agrave; leurs rivaux.<\/p><p>Apr&egrave;s plusieurs d&eacute;cennies, New York retrouve ce stade avanc&eacute; des playoffs. Symbole de cette renaissance : l&rsquo;&eacute;change gagnant entre Julius Randle et Karl-Anthony Towns. De leur c&ocirc;t&eacute;, les Celtics devraient conna&icirc;tre des changements dans leur effectif cet &eacute;t&eacute;, comme cela &eacute;tait pressenti en cas d&rsquo;&eacute;chec.<\/p><p>Cr&eacute;dit photo : Brad Penner-Imagn Images<\/p>\n","protected":false},"excerpt":{"rendered":"","protected":false},"author":180310250,"featured_media":1491765,"comment_status":"closed","ping_status":"closed","sticky":false,"template":"","format":"standard","meta":{"inline_featured_image":false,"kia_subtitle":"","_mux_skip_reasons":[],"proofreadBy":0,"footnotes":""},"categories":[110,8414,10,8408],"tags":[603,548,23,8302,586],"sport":[2783],"saison":[7475],"class_list":["post-1491764","post","type-post","status-publish","format-standard","has-post-thumbnail","hentry","category-actualite-nba","category-basketball-sports","category-nba","category-sports","tag-boston-celtics","tag-jaylen-brown","tag-nba-tag","tag-nba-playoffs-2025","tag-new-york-knicks","sport-nba","saison-7475"],"acf":[],"yoast_head":"<!-- This site is optimized with the Yoast SEO plugin v24.2 - https:\/\/yoast.com\/wordpress\/plugins\/seo\/ -->\n<title>Jaylen Brown : &ldquo;Perdre contre les Knicks, c&rsquo;est la mort&rdquo; - The Playoffs FR<\/title>\n<meta name=\"description\" content=\"Apr&egrave;s l&#039;&eacute;limination des Celtics par les Knicks, Jaylen Brown s&#039;est pr&eacute;sent&eacute; d&eacute;vast&eacute; en conf&eacute;rence de presse avec une comparaison claire.\" \/>\n<meta name=\"robots\" content=\"index, follow, max-snippet:-1, max-image-preview:large, max-video-preview:-1\" \/>\n<link rel=\"canonical\" href=\"https:\/\/theplayoffs.news\/fr\/actualite-nba\/jaylen-brown-perdre-contre-les-knicks-cest-la-mort\/\" \/>\n<meta property=\"og:locale\" content=\"fr_FR\" \/>\n<meta property=\"og:type\" content=\"article\" \/>\n<meta property=\"og:title\" content=\"Jaylen Brown : &ldquo;Perdre contre les Knicks, c&rsquo;est la mort&rdquo; - The Playoffs FR\" \/>\n<meta property=\"og:description\" content=\"Apr&egrave;s l&#039;&eacute;limination des Celtics par les Knicks, Jaylen Brown s&#039;est pr&eacute;sent&eacute; d&eacute;vast&eacute; en conf&eacute;rence de presse avec une comparaison claire.\" \/>\n<meta property=\"og:url\" content=\"https:\/\/theplayoffs.news\/fr\/actualite-nba\/jaylen-brown-perdre-contre-les-knicks-cest-la-mort\/\" \/>\n<meta property=\"og:site_name\" content=\"The Playoffs FR\" \/>\n<meta property=\"article:publisher\" content=\"https:\/\/www.facebook.com\/TheFreeAgentFR\/\" \/>\n<meta property=\"article:modified_time\" content=\"2025-05-17T11:59:19+02:00\" \/>\n<meta property=\"og:image\" content=\"https:\/\/theplayoffs.news\/fr\/wp-content\/uploads\/2025\/05\/USATSI_26200674.jpg\" \/>\n\t<meta property=\"og:image:width\" content=\"1920\" \/>\n\t<meta property=\"og:image:height\" content=\"1280\" \/>\n\t<meta property=\"og:image:type\" content=\"image\/jpeg\" \/>\n<meta name=\"author\" content=\"Jean Fabre-Jevanoff\" \/>\n<meta name=\"twitter:card\" content=\"summary_large_image\" \/>\n<meta name=\"twitter:creator\" content=\"@the_jfj_42\" \/>\n<meta name=\"twitter:site\" content=\"@TheFreeAgentFR\" \/>\n<meta name=\"twitter:label1\" content=\"\u00c9crit par\" \/>\n\t<meta name=\"twitter:data1\" content=\"Jean Fabre-Jevanoff\" \/>\n\t<meta name=\"twitter:label2\" content=\"Dur\u00e9e de lecture estim\u00e9e\" \/>\n\t<meta name=\"twitter:data2\" content=\"3 minutes\" \/>\n<script type=\"application\/ld+json\" class=\"yoast-schema-graph\">{\"@context\":\"https:\/\/schema.org\",\"@graph\":[{\"@type\":\"WebPage\",\"@id\":\"https:\/\/theplayoffs.news\/fr\/actualite-nba\/jaylen-brown-perdre-contre-les-knicks-cest-la-mort\/\",\"url\":\"https:\/\/theplayoffs.news\/fr\/actualite-nba\/jaylen-brown-perdre-contre-les-knicks-cest-la-mort\/\",\"name\":\"Jaylen Brown : \u201cPerdre contre les Knicks, c\u2019est la mort\u201d - The Playoffs FR\",\"isPartOf\":{\"@id\":\"https:\/\/theplayoffs.news\/fr\/#website\"},\"primaryImageOfPage\":{\"@id\":\"https:\/\/theplayoffs.news\/fr\/actualite-nba\/jaylen-brown-perdre-contre-les-knicks-cest-la-mort\/#primaryimage\"},\"image\":{\"@id\":\"https:\/\/theplayoffs.news\/fr\/actualite-nba\/jaylen-brown-perdre-contre-les-knicks-cest-la-mort\/#primaryimage\"},\"thumbnailUrl\":\"https:\/\/theplayoffs.news\/fr\/wp-content\/uploads\/2025\/05\/USATSI_26200674.jpg\",\"datePublished\":\"2025-05-17T09:59:13+00:00\",\"dateModified\":\"2025-05-17T09:59:19+00:00\",\"author\":{\"@id\":\"https:\/\/theplayoffs.news\/fr\/#\/schema\/person\/1ea25b88e79fe4fabd657430b0013d3d\"},\"description\":\"Apr\u00e8s l\\\\'\u00e9limination des Celtics par les Knicks, Jaylen Brown s\\\\'est pr\u00e9sent\u00e9 d\u00e9vast\u00e9 en conf\u00e9rence de presse avec une comparaison claire.\",\"breadcrumb\":{\"@id\":\"https:\/\/theplayoffs.news\/fr\/actualite-nba\/jaylen-brown-perdre-contre-les-knicks-cest-la-mort\/#breadcrumb\"},\"inLanguage\":\"fr-FR\",\"potentialAction\":[{\"@type\":\"ReadAction\",\"target\":[\"https:\/\/theplayoffs.news\/fr\/actualite-nba\/jaylen-brown-perdre-contre-les-knicks-cest-la-mort\/\"]}]},{\"@type\":\"ImageObject\",\"inLanguage\":\"fr-FR\",\"@id\":\"https:\/\/theplayoffs.news\/fr\/actualite-nba\/jaylen-brown-perdre-contre-les-knicks-cest-la-mort\/#primaryimage\",\"url\":\"https:\/\/theplayoffs.news\/fr\/wp-content\/uploads\/2025\/05\/USATSI_26200674.jpg\",\"contentUrl\":\"https:\/\/theplayoffs.news\/fr\/wp-content\/uploads\/2025\/05\/USATSI_26200674.jpg\",\"width\":1920,\"height\":1280,\"caption\":\"May 16, 2025; New York, New York, USA; Boston Celtics guard Jaylen Brown (7) walks off the court after losing to the New York Knicks in game six in the second round of the 2025 NBA Playoffs at Madison Square Garden. Mandatory Credit: Brad Penner-Imagn Images\"},{\"@type\":\"BreadcrumbList\",\"@id\":\"https:\/\/theplayoffs.news\/fr\/actualite-nba\/jaylen-brown-perdre-contre-les-knicks-cest-la-mort\/#breadcrumb\",\"itemListElement\":[{\"@type\":\"ListItem\",\"position\":1,\"name\":\"Accueil\",\"item\":\"https:\/\/theplayoffs.news\/fr\/\"},{\"@type\":\"ListItem\",\"position\":2,\"name\":\"Jaylen Brown : \u201cPerdre contre les Knicks, c\u2019est la mort\u201d\"}]},{\"@type\":\"WebSite\",\"@id\":\"https:\/\/theplayoffs.news\/fr\/#website\",\"url\":\"https:\/\/theplayoffs.news\/fr\/\",\"name\":\"The Playoffs FR\",\"description\":\"NBA-NFL-NHL-MLB\",\"potentialAction\":[{\"@type\":\"SearchAction\",\"target\":{\"@type\":\"EntryPoint\",\"urlTemplate\":\"https:\/\/theplayoffs.news\/fr\/?s={search_term_string}\"},\"query-input\":{\"@type\":\"PropertyValueSpecification\",\"valueRequired\":true,\"valueName\":\"search_term_string\"}}],\"inLanguage\":\"fr-FR\"},{\"@type\":\"Person\",\"@id\":\"https:\/\/theplayoffs.news\/fr\/#\/schema\/person\/1ea25b88e79fe4fabd657430b0013d3d\",\"name\":\"Jean Fabre-Jevanoff\",\"image\":{\"@type\":\"ImageObject\",\"inLanguage\":\"fr-FR\",\"@id\":\"https:\/\/theplayoffs.news\/fr\/#\/schema\/person\/image\/\",\"url\":\"https:\/\/secure.gravatar.com\/avatar\/18b28dab1159eebc6a17b9787eb8cbbe3242c3d0e8b53b89332f6dc1133aa361?s=96&d=mm&r=g\",\"contentUrl\":\"https:\/\/secure.gravatar.com\/avatar\/18b28dab1159eebc6a17b9787eb8cbbe3242c3d0e8b53b89332f6dc1133aa361?s=96&d=mm&r=g\",\"caption\":\"Jean Fabre-Jevanoff\"},\"description\":\"Journaliste polyvalent sur le football am\u00e9ricain, j\u2019\u00e9cris aussi des articles sur le basket. Commentateur sur Twitch et sur YouTube. Pass\u00e9 par Eurosport notamment. Un mix d\u2019Eminem et de OBJ, fan inconditionnel de Patrick Mahomes et Lebron James\",\"sameAs\":[\"https:\/\/www.instagram.com\/_juaniitooo_\",\"https:\/\/www.linkedin.com\/in\/jean-fabre-jevanoff-84bb9b1a9\/\",\"https:\/\/x.com\/the_jfj_42\"],\"url\":\"https:\/\/theplayoffs.news\/fr\/author\/jeanfj42gmail-com\/\"}]}<\/script>\n<!-- \/ Yoast SEO plugin. -->","yoast_head_json":{"title":"Jaylen Brown : &ldquo;Perdre contre les Knicks, c&rsquo;est la mort&rdquo; - The Playoffs FR","description":"Apr&egrave;s l&#039;&eacute;limination des Celtics par les Knicks, Jaylen Brown s&#039;est pr&eacute;sent&eacute; d&eacute;vast&eacute; en conf&eacute;rence de presse avec une comparaison claire.","robots":{"index":"index","follow":"follow","max-snippet":"max-snippet:-1","max-image-preview":"max-image-preview:large","max-video-preview":"max-video-preview:-1"},"canonical":"https:\/\/theplayoffs.news\/fr\/actualite-nba\/jaylen-brown-perdre-contre-les-knicks-cest-la-mort\/","og_locale":"fr_FR","og_type":"article","og_title":"Jaylen Brown : &ldquo;Perdre contre les Knicks, c&rsquo;est la mort&rdquo; - The Playoffs FR","og_description":"Apr&egrave;s l&#039;&eacute;limination des Celtics par les Knicks, Jaylen Brown s&#039;est pr&eacute;sent&eacute; d&eacute;vast&eacute; en conf&eacute;rence de presse avec une comparaison claire.","og_url":"https:\/\/theplayoffs.news\/fr\/actualite-nba\/jaylen-brown-perdre-contre-les-knicks-cest-la-mort\/","og_site_name":"The Playoffs FR","article_publisher":"https:\/\/www.facebook.com\/TheFreeAgentFR\/","article_modified_time":"2025-05-17T09:59:19+00:00","og_image":[{"width":1920,"height":1280,"url":"https:\/\/theplayoffs.news\/fr\/wp-content\/uploads\/2025\/05\/USATSI_26200674.jpg","type":"image\/jpeg"}],"author":"Jean Fabre-Jevanoff","twitter_card":"summary_large_image","twitter_creator":"@the_jfj_42","twitter_site":"@TheFreeAgentFR","twitter_misc":{"\u00c9crit par":"Jean Fabre-Jevanoff","Dur\u00e9e de lecture estim\u00e9e":"3 minutes"},"schema":{"@context":"https:\/\/schema.org","@graph":[{"@type":"WebPage","@id":"https:\/\/theplayoffs.news\/fr\/actualite-nba\/jaylen-brown-perdre-contre-les-knicks-cest-la-mort\/","url":"https:\/\/theplayoffs.news\/fr\/actualite-nba\/jaylen-brown-perdre-contre-les-knicks-cest-la-mort\/","name":"Jaylen Brown : \u201cPerdre contre les Knicks, c\u2019est la mort\u201d - The Playoffs FR","isPartOf":{"@id":"https:\/\/theplayoffs.news\/fr\/#website"},"primaryImageOfPage":{"@id":"https:\/\/theplayoffs.news\/fr\/actualite-nba\/jaylen-brown-perdre-contre-les-knicks-cest-la-mort\/#primaryimage"},"image":{"@id":"https:\/\/theplayoffs.news\/fr\/actualite-nba\/jaylen-brown-perdre-contre-les-knicks-cest-la-mort\/#primaryimage"},"thumbnailUrl":"https:\/\/theplayoffs.news\/fr\/wp-content\/uploads\/2025\/05\/USATSI_26200674.jpg","datePublished":"2025-05-17T09:59:13+00:00","dateModified":"2025-05-17T09:59:19+00:00","author":{"@id":"https:\/\/theplayoffs.news\/fr\/#\/schema\/person\/1ea25b88e79fe4fabd657430b0013d3d"},"description":"Apr\u00e8s l\\'\u00e9limination des Celtics par les Knicks, Jaylen Brown s\\'est pr\u00e9sent\u00e9 d\u00e9vast\u00e9 en conf\u00e9rence de presse avec une comparaison claire.","breadcrumb":{"@id":"https:\/\/theplayoffs.news\/fr\/actualite-nba\/jaylen-brown-perdre-contre-les-knicks-cest-la-mort\/#breadcrumb"},"inLanguage":"fr-FR","potentialAction":[{"@type":"ReadAction","target":["https:\/\/theplayoffs.news\/fr\/actualite-nba\/jaylen-brown-perdre-contre-les-knicks-cest-la-mort\/"]}]},{"@type":"ImageObject","inLanguage":"fr-FR","@id":"https:\/\/theplayoffs.news\/fr\/actualite-nba\/jaylen-brown-perdre-contre-les-knicks-cest-la-mort\/#primaryimage","url":"https:\/\/theplayoffs.news\/fr\/wp-content\/uploads\/2025\/05\/USATSI_26200674.jpg","contentUrl":"https:\/\/theplayoffs.news\/fr\/wp-content\/uploads\/2025\/05\/USATSI_26200674.jpg","width":1920,"height":1280,"caption":"May 16, 2025; New York, New York, USA; Boston Celtics guard Jaylen Brown (7) walks off the court after losing to the New York Knicks in game six in the second round of the 2025 NBA Playoffs at Madison Square Garden. Mandatory Credit: Brad Penner-Imagn Images"},{"@type":"BreadcrumbList","@id":"https:\/\/theplayoffs.news\/fr\/actualite-nba\/jaylen-brown-perdre-contre-les-knicks-cest-la-mort\/#breadcrumb","itemListElement":[{"@type":"ListItem","position":1,"name":"Accueil","item":"https:\/\/theplayoffs.news\/fr\/"},{"@type":"ListItem","position":2,"name":"Jaylen Brown : \u201cPerdre contre les Knicks, c\u2019est la mort\u201d"}]},{"@type":"WebSite","@id":"https:\/\/theplayoffs.news\/fr\/#website","url":"https:\/\/theplayoffs.news\/fr\/","name":"The Playoffs FR","description":"NBA-NFL-NHL-MLB","potentialAction":[{"@type":"SearchAction","target":{"@type":"EntryPoint","urlTemplate":"https:\/\/theplayoffs.news\/fr\/?s={search_term_string}"},"query-input":{"@type":"PropertyValueSpecification","valueRequired":true,"valueName":"search_term_string"}}],"inLanguage":"fr-FR"},{"@type":"Person","@id":"https:\/\/theplayoffs.news\/fr\/#\/schema\/person\/1ea25b88e79fe4fabd657430b0013d3d","name":"Jean Fabre-Jevanoff","image":{"@type":"ImageObject","inLanguage":"fr-FR","@id":"https:\/\/theplayoffs.news\/fr\/#\/schema\/person\/image\/","url":"https:\/\/secure.gravatar.com\/avatar\/18b28dab1159eebc6a17b9787eb8cbbe3242c3d0e8b53b89332f6dc1133aa361?s=96&d=mm&r=g","contentUrl":"https:\/\/secure.gravatar.com\/avatar\/18b28dab1159eebc6a17b9787eb8cbbe3242c3d0e8b53b89332f6dc1133aa361?s=96&d=mm&r=g","caption":"Jean Fabre-Jevanoff"},"description":"Journaliste polyvalent sur le football am\u00e9ricain, j\u2019\u00e9cris aussi des articles sur le basket. Commentateur sur Twitch et sur YouTube. Pass\u00e9 par Eurosport notamment. Un mix d\u2019Eminem et de OBJ, fan inconditionnel de Patrick Mahomes et Lebron James","sameAs":["https:\/\/www.instagram.com\/_juaniitooo_","https:\/\/www.linkedin.com\/in\/jean-fabre-jevanoff-84bb9b1a9\/","https:\/\/x.com\/the_jfj_42"],"url":"https:\/\/theplayoffs.news\/fr\/author\/jeanfj42gmail-com\/"}]}},"_links":{"self":[{"href":"https:\/\/theplayoffs.news\/fr\/wp-json\/wp\/v2\/posts\/1491764","targetHints":{"allow":["GET"]}}],"collection":[{"href":"https:\/\/theplayoffs.news\/fr\/wp-json\/wp\/v2\/posts"}],"about":[{"href":"https:\/\/theplayoffs.news\/fr\/wp-json\/wp\/v2\/types\/post"}],"author":[{"embeddable":true,"href":"https:\/\/theplayoffs.news\/fr\/wp-json\/wp\/v2\/users\/180310250"}],"replies":[{"embeddable":true,"href":"https:\/\/theplayoffs.news\/fr\/wp-json\/wp\/v2\/comments?post=1491764"}],"version-history":[{"count":1,"href":"https:\/\/theplayoffs.news\/fr\/wp-json\/wp\/v2\/posts\/1491764\/revisions"}],"predecessor-version":[{"id":1491766,"href":"https:\/\/theplayoffs.news\/fr\/wp-json\/wp\/v2\/posts\/1491764\/revisions\/1491766"}],"wp:featuredmedia":[{"embeddable":true,"href":"https:\/\/theplayoffs.news\/fr\/wp-json\/wp\/v2\/media\/1491765"}],"wp:attachment":[{"href":"https:\/\/theplayoffs.news\/fr\/wp-json\/wp\/v2\/media?parent=1491764"}],"wp:term":[{"taxonomy":"category","embeddable":true,"href":"https:\/\/theplayoffs.news\/fr\/wp-json\/wp\/v2\/categories?post=1491764"},{"taxonomy":"post_tag","embeddable":true,"href":"https:\/\/theplayoffs.news\/fr\/wp-json\/wp\/v2\/tags?post=1491764"},{"taxonomy":"sport","embeddable":true,"href":"https:\/\/theplayoffs.news\/fr\/wp-json\/wp\/v2\/sport?post=1491764"},{"taxonomy":"saison","embeddable":true,"href":"https:\/\/theplayoffs.news\/fr\/wp-json\/wp\/v2\/saison?post=1491764"}],"curies":[{"name":"wp","href":"https:\/\/api.w.org\/{rel}","templated":true}]}}