{"id":1491687,"date":"2025-05-16T12:41:36","date_gmt":"2025-05-16T10:41:36","guid":{"rendered":"https:\/\/theplayoffs.news\/fr\/uncategorized\/\/"},"modified":"2025-05-16T12:41:42","modified_gmt":"2025-05-16T10:41:42","slug":"jonathan-kuminga-evoque-sa-relation-avec-steve-kerr-et-le-credite-pour-son-evolution-en-nba","status":"publish","type":"post","link":"https:\/\/theplayoffs.news\/fr\/actualite-nba\/jonathan-kuminga-evoque-sa-relation-avec-steve-kerr-et-le-credite-pour-son-evolution-en-nba\/","title":{"rendered":"Jonathan Kuminga \u00e9voque sa relation avec Steve Kerr et le cr\u00e9dite pour son \u00e9volution en NBA"},"content":{"rendered":"<p>L&rsquo;ailier des Golden State Warriors, Jonathan Kuminga, a partag&eacute; quelques r&eacute;flexions sur sa relation avec l&rsquo;entra&icirc;neur Steve Kerr. Ce dernier a expliqu&eacute; que, bien qu&rsquo;il y ait eu des hauts et des bas entre eux, Kerr a jou&eacute; un r&ocirc;le essentiel dans sa progression en tant que joueur. Pour rappel, les Warriors ont &eacute;t&eacute; &eacute;limin&eacute;s de la course au titre NBA 2025 apr&egrave;s une d&eacute;faite 4-1 en demi-finales de conf&eacute;rence face aux Minnesota Timberwolves.&nbsp;Conscient de la chance que ce dernier a d&rsquo;avoir une relation privil&eacute;gi&eacute;e avec son coach, Kuminga a parl&eacute; du passif entre les deux hommes devant la presse.<\/p><h2 class=\"wp-block-heading\">Des tensions, mais aussi des opportunit&eacute;s&nbsp;<\/h2><p>Le joueur de 22 ans, qui deviendra agent libre restreint cet &eacute;t&eacute;, s&rsquo;est montr&eacute; reconnaissant envers son coach en <a href=\"https:\/\/x.com\/anthonyVslater\/status\/1923132453373239326?ref_src=twsrc%5Etfw%7Ctwcamp%5Etweetembed%7Ctwterm%5E1923132453373239326%7Ctwgr%5E91e3a84488d07431e42e1a3528d98b42de81ad3b%7Ctwcon%5Es1_&amp;ref_url=https%3A%2F%2Ftheplayoffs.news%2Fen%2Fjonathan-kuminga-shares-insights-on-his-relationship-with-steve-kerr-credits-him-for-his-growth-in-career%2F\" target=\"_blank\" rel=\"noreferrer noopener\" class=\"trk-cta-link\" data-cta-trk='{\"ctaType\":\"Link\",\"ctaSubType\":\"main\"}'>conf&eacute;rence de presse<\/a> :&nbsp;<\/p><blockquote class=\"wp-block-quote is-layout-flow wp-block-quote-is-layout-flow\">\n<p>&laquo; Depuis que je suis ici, il y a eu des hauts et des bas, mais il m&rsquo;a aid&eacute; &agrave; en arriver l&agrave;. On a partag&eacute; beaucoup de bons moments. Donc, je pense que notre relation a &eacute;t&eacute; tr&egrave;s bonne. &raquo;&nbsp;<\/p>\n<\/blockquote><p>Rappelons que Steve Kerr avait plac&eacute; Jonathan Kuminga sur le banc vers la fin de la saison r&eacute;guli&egrave;re ainsi qu&rsquo;au d&eacute;but des playoffs. Toutefois, le jeune joueur a retrouv&eacute; du temps de jeu apr&egrave;s les blessures de Stephen Curry et Jimmy Butler. Kuminga a &eacute;galement manqu&eacute; une partie de la saison en raison d&rsquo;une blessure &agrave; la cheville, et son r&ocirc;le a &eacute;t&eacute; r&eacute;duit apr&egrave;s l&rsquo;arriv&eacute;e de Butler en provenance du Miami Heat.&nbsp;<\/p><p>Lors de la saison r&eacute;guli&egrave;re 2024-2025, Kuminga a disput&eacute; 47 matchs, avec des moyennes de 15,3 points, 4,6 rebonds et 2,2 passes. Il affichait 45,4 % de r&eacute;ussite aux tirs, 66,8 % aux lancers francs et 30,5 % &agrave; trois points.<\/p><ul class=\"wp-block-list\">\n<li><strong>Lire aussi :<\/strong><\/li>\n<\/ul><p><a href=\"https:\/\/theplayoffs.news\/fr\/actualite-nba\/je-les-choisirais-plutot-que-les-knicks-et-les-pacers-stephen-a-smith-designe-les-timberwolves-comme-favoris-pour-le-titre\/\" target=\"_blank\" rel=\"noreferrer noopener\" class=\"trk-cta-link\" data-cta-trk='{\"ctaType\":\"Link\",\"ctaSubType\":\"main\"}'>&laquo; Je les choisirais plut&ocirc;t que les Knicks et les Pacers &raquo; : Stephen A. Smith d&eacute;signe les Timberwolves comme favoris pour le titre<\/a><\/p><p><a href=\"https:\/\/theplayoffs.news\/fr\/actualite-nba\/big3-lance-stephenson-selectionne-en-n1-cap-sur-miami\/\" target=\"_blank\" rel=\"noreferrer noopener\" class=\"trk-cta-link\" data-cta-trk='{\"ctaType\":\"Link\",\"ctaSubType\":\"main\"}'>BIG3 : Lance Stephenson s&eacute;lectionn&eacute; en n&deg;1, cap sur Miami !<\/a><\/p><h3 class=\"wp-block-heading\">Jonathan Kuminga reste flou sur son avenir avec les Warriors&nbsp;<\/h3><p>Alors que le natif de Goma (RDC) s&rsquo;appr&ecirc;te &agrave; devenir agent libre restreint, Kuminga pourrait prolonger avec les Warriors, mais aussi signer une offre d&rsquo;une autre franchise. Dans ce cas l&agrave;, Golden State disposera de deux jours pour &eacute;galer l&rsquo;offre ou le laisser partir.&nbsp;<\/p><p>Concernant son avenir, le joueur Congolais est rest&eacute; tr&egrave;s &eacute;vasif :&nbsp;<\/p><blockquote class=\"wp-block-quote is-layout-flow wp-block-quote-is-layout-flow\">\n<p>&laquo; Je ne sais pas. Je ne sais pas quoi vous dire. Je me dis que&hellip; je ne sais pas, vous voyez, je ne sais pas. Je dois encore y r&eacute;fl&eacute;chir. On a fini de jouer il y a un jour, donc&hellip; je n&rsquo;ai pas encore pens&eacute; &agrave; quoi que ce soit. &raquo;&nbsp;<\/p>\n<\/blockquote><p>Apr&egrave;s son retour de blessure, Kuminga a &eacute;t&eacute; utilis&eacute; avec parcimonie, mais Kerr lui a accord&eacute; davantage de minutes &agrave; partir de la blessure de Curry (ischio-jambiers) lors du deuxi&egrave;me tour des playoffs. Sur les quatre derniers matchs, il tournait &agrave; 23,4 points de moyenne, avec 55,4 % de r&eacute;ussite au tir et 38,9 % &agrave; trois points.&nbsp;<\/p><p>Cr&eacute;dit photo : Jesse Johnson-Imagn Images<\/p>\n","protected":false},"excerpt":{"rendered":"","protected":false},"author":180309799,"featured_media":1491688,"comment_status":"closed","ping_status":"closed","sticky":false,"template":"","format":"standard","meta":{"inline_featured_image":false,"kia_subtitle":"","_mux_skip_reasons":[],"proofreadBy":0,"footnotes":""},"categories":[110,8414,10,8408],"tags":[1097,2492,23,1098],"sport":[2783],"saison":[7475],"class_list":["post-1491687","post","type-post","status-publish","format-standard","has-post-thumbnail","hentry","category-actualite-nba","category-basketball-sports","category-nba","category-sports","tag-golden-state-warriors","tag-jonathan-kuminga","tag-nba-tag","tag-steve-kerr","sport-nba","saison-7475"],"acf":[],"yoast_head":"<!-- This site is optimized with the Yoast SEO plugin v24.2 - https:\/\/yoast.com\/wordpress\/plugins\/seo\/ -->\n<title>Jonathan Kuminga remercie Steve Kerr<\/title>\n<meta name=\"description\" content=\"Alors que son avenir reste flou, Jonathan Kuminga &eacute;voque sa relation avec Steve Kerr et le cr&eacute;dite pour son &eacute;volution en NBA.\" \/>\n<meta name=\"robots\" content=\"index, follow, max-snippet:-1, max-image-preview:large, max-video-preview:-1\" \/>\n<link rel=\"canonical\" href=\"https:\/\/theplayoffs.news\/fr\/actualite-nba\/jonathan-kuminga-evoque-sa-relation-avec-steve-kerr-et-le-credite-pour-son-evolution-en-nba\/\" \/>\n<meta property=\"og:locale\" content=\"fr_FR\" \/>\n<meta property=\"og:type\" content=\"article\" \/>\n<meta property=\"og:title\" content=\"Jonathan Kuminga remercie Steve Kerr\" \/>\n<meta property=\"og:description\" content=\"Alors que son avenir reste flou, Jonathan Kuminga &eacute;voque sa relation avec Steve Kerr et le cr&eacute;dite pour son &eacute;volution en NBA.\" \/>\n<meta property=\"og:url\" content=\"https:\/\/theplayoffs.news\/fr\/actualite-nba\/jonathan-kuminga-evoque-sa-relation-avec-steve-kerr-et-le-credite-pour-son-evolution-en-nba\/\" \/>\n<meta property=\"og:site_name\" content=\"The Playoffs FR\" \/>\n<meta property=\"article:publisher\" content=\"https:\/\/www.facebook.com\/TheFreeAgentFR\/\" \/>\n<meta property=\"article:modified_time\" content=\"2025-05-16T12:41:42+02:00\" \/>\n<meta property=\"og:image\" content=\"https:\/\/theplayoffs.news\/fr\/wp-content\/uploads\/2025\/05\/USATSI_26179944.jpg\" \/>\n\t<meta property=\"og:image:width\" content=\"1920\" \/>\n\t<meta property=\"og:image:height\" content=\"1280\" \/>\n\t<meta property=\"og:image:type\" content=\"image\/jpeg\" \/>\n<meta name=\"author\" content=\"La r\u00e9daction\" \/>\n<meta name=\"twitter:card\" content=\"summary_large_image\" \/>\n<meta name=\"twitter:creator\" content=\"@TheFreeAgentFR\" \/>\n<meta name=\"twitter:site\" content=\"@TheFreeAgentFR\" \/>\n<meta name=\"twitter:label1\" content=\"\u00c9crit par\" \/>\n\t<meta name=\"twitter:data1\" content=\"La r\u00e9daction\" \/>\n\t<meta name=\"twitter:label2\" content=\"Dur\u00e9e de lecture estim\u00e9e\" \/>\n\t<meta name=\"twitter:data2\" content=\"3 minutes\" \/>\n<script type=\"application\/ld+json\" class=\"yoast-schema-graph\">{\"@context\":\"https:\/\/schema.org\",\"@graph\":[{\"@type\":\"WebPage\",\"@id\":\"https:\/\/theplayoffs.news\/fr\/actualite-nba\/jonathan-kuminga-evoque-sa-relation-avec-steve-kerr-et-le-credite-pour-son-evolution-en-nba\/\",\"url\":\"https:\/\/theplayoffs.news\/fr\/actualite-nba\/jonathan-kuminga-evoque-sa-relation-avec-steve-kerr-et-le-credite-pour-son-evolution-en-nba\/\",\"name\":\"Jonathan Kuminga remercie Steve Kerr\",\"isPartOf\":{\"@id\":\"https:\/\/theplayoffs.news\/fr\/#website\"},\"primaryImageOfPage\":{\"@id\":\"https:\/\/theplayoffs.news\/fr\/actualite-nba\/jonathan-kuminga-evoque-sa-relation-avec-steve-kerr-et-le-credite-pour-son-evolution-en-nba\/#primaryimage\"},\"image\":{\"@id\":\"https:\/\/theplayoffs.news\/fr\/actualite-nba\/jonathan-kuminga-evoque-sa-relation-avec-steve-kerr-et-le-credite-pour-son-evolution-en-nba\/#primaryimage\"},\"thumbnailUrl\":\"https:\/\/theplayoffs.news\/fr\/wp-content\/uploads\/2025\/05\/USATSI_26179944.jpg\",\"datePublished\":\"2025-05-16T10:41:36+00:00\",\"dateModified\":\"2025-05-16T10:41:42+00:00\",\"author\":{\"@id\":\"https:\/\/theplayoffs.news\/fr\/#\/schema\/person\/bb40426f4e478f9bd8cdbfeb4f2f9784\"},\"description\":\"Alors que son avenir reste flou, Jonathan Kuminga \u00e9voque sa relation avec Steve Kerr et le cr\u00e9dite pour son \u00e9volution en NBA.\",\"breadcrumb\":{\"@id\":\"https:\/\/theplayoffs.news\/fr\/actualite-nba\/jonathan-kuminga-evoque-sa-relation-avec-steve-kerr-et-le-credite-pour-son-evolution-en-nba\/#breadcrumb\"},\"inLanguage\":\"fr-FR\",\"potentialAction\":[{\"@type\":\"ReadAction\",\"target\":[\"https:\/\/theplayoffs.news\/fr\/actualite-nba\/jonathan-kuminga-evoque-sa-relation-avec-steve-kerr-et-le-credite-pour-son-evolution-en-nba\/\"]}]},{\"@type\":\"ImageObject\",\"inLanguage\":\"fr-FR\",\"@id\":\"https:\/\/theplayoffs.news\/fr\/actualite-nba\/jonathan-kuminga-evoque-sa-relation-avec-steve-kerr-et-le-credite-pour-son-evolution-en-nba\/#primaryimage\",\"url\":\"https:\/\/theplayoffs.news\/fr\/wp-content\/uploads\/2025\/05\/USATSI_26179944.jpg\",\"contentUrl\":\"https:\/\/theplayoffs.news\/fr\/wp-content\/uploads\/2025\/05\/USATSI_26179944.jpg\",\"width\":1920,\"height\":1280,\"caption\":\"May 14, 2025; Minneapolis, Minnesota, USA; Golden State Warriors forward Jonathan Kuminga (00) looks to pass the ball as Minnesota Timberwolves forward Jaden McDaniels (3) plays defense in the first half during game five of the second round for the 2025 NBA Playoffs at Target Center. Mandatory Credit: Jesse Johnson-Imagn Images\"},{\"@type\":\"BreadcrumbList\",\"@id\":\"https:\/\/theplayoffs.news\/fr\/actualite-nba\/jonathan-kuminga-evoque-sa-relation-avec-steve-kerr-et-le-credite-pour-son-evolution-en-nba\/#breadcrumb\",\"itemListElement\":[{\"@type\":\"ListItem\",\"position\":1,\"name\":\"Accueil\",\"item\":\"https:\/\/theplayoffs.news\/fr\/\"},{\"@type\":\"ListItem\",\"position\":2,\"name\":\"Jonathan Kuminga \u00e9voque sa relation avec Steve Kerr et le cr\u00e9dite pour son \u00e9volution en NBA\"}]},{\"@type\":\"WebSite\",\"@id\":\"https:\/\/theplayoffs.news\/fr\/#website\",\"url\":\"https:\/\/theplayoffs.news\/fr\/\",\"name\":\"The Playoffs FR\",\"description\":\"NBA-NFL-NHL-MLB\",\"potentialAction\":[{\"@type\":\"SearchAction\",\"target\":{\"@type\":\"EntryPoint\",\"urlTemplate\":\"https:\/\/theplayoffs.news\/fr\/?s={search_term_string}\"},\"query-input\":{\"@type\":\"PropertyValueSpecification\",\"valueRequired\":true,\"valueName\":\"search_term_string\"}}],\"inLanguage\":\"fr-FR\"},{\"@type\":\"Person\",\"@id\":\"https:\/\/theplayoffs.news\/fr\/#\/schema\/person\/bb40426f4e478f9bd8cdbfeb4f2f9784\",\"name\":\"La r\u00e9daction\",\"image\":{\"@type\":\"ImageObject\",\"inLanguage\":\"fr-FR\",\"@id\":\"https:\/\/theplayoffs.news\/fr\/#\/schema\/person\/image\/\",\"url\":\"https:\/\/secure.gravatar.com\/avatar\/7e69b41460ab2c17d61c8c364b6a0ee006f957a70191383ef42be1f4733d6515?s=96&d=mm&r=g\",\"contentUrl\":\"https:\/\/secure.gravatar.com\/avatar\/7e69b41460ab2c17d61c8c364b6a0ee006f957a70191383ef42be1f4733d6515?s=96&d=mm&r=g\",\"caption\":\"La r\u00e9daction\"},\"description\":\"On dit qu\\\\'il faut un village pour s\\\\'occuper d\\\\'un enfant. Et bien c\\\\'est exactement ce dont il s\\\\'agit ici pour The Playoffs. La r\u00e9daction, ce sont vos r\u00e9dacteurs pr\u00e9f\u00e9r\u00e9s qui collaborent sur ces articles que vous lisez au quotidien.\u00a0\",\"url\":\"https:\/\/theplayoffs.news\/fr\/author\/freeagentfr\/\"}]}<\/script>\n<!-- \/ Yoast SEO plugin. -->","yoast_head_json":{"title":"Jonathan Kuminga remercie Steve Kerr","description":"Alors que son avenir reste flou, Jonathan Kuminga &eacute;voque sa relation avec Steve Kerr et le cr&eacute;dite pour son &eacute;volution en NBA.","robots":{"index":"index","follow":"follow","max-snippet":"max-snippet:-1","max-image-preview":"max-image-preview:large","max-video-preview":"max-video-preview:-1"},"canonical":"https:\/\/theplayoffs.news\/fr\/actualite-nba\/jonathan-kuminga-evoque-sa-relation-avec-steve-kerr-et-le-credite-pour-son-evolution-en-nba\/","og_locale":"fr_FR","og_type":"article","og_title":"Jonathan Kuminga remercie Steve Kerr","og_description":"Alors que son avenir reste flou, Jonathan Kuminga &eacute;voque sa relation avec Steve Kerr et le cr&eacute;dite pour son &eacute;volution en NBA.","og_url":"https:\/\/theplayoffs.news\/fr\/actualite-nba\/jonathan-kuminga-evoque-sa-relation-avec-steve-kerr-et-le-credite-pour-son-evolution-en-nba\/","og_site_name":"The Playoffs FR","article_publisher":"https:\/\/www.facebook.com\/TheFreeAgentFR\/","article_modified_time":"2025-05-16T10:41:42+00:00","og_image":[{"width":1920,"height":1280,"url":"https:\/\/theplayoffs.news\/fr\/wp-content\/uploads\/2025\/05\/USATSI_26179944.jpg","type":"image\/jpeg"}],"author":"La r\u00e9daction","twitter_card":"summary_large_image","twitter_creator":"@TheFreeAgentFR","twitter_site":"@TheFreeAgentFR","twitter_misc":{"\u00c9crit par":"La r\u00e9daction","Dur\u00e9e de lecture estim\u00e9e":"3 minutes"},"schema":{"@context":"https:\/\/schema.org","@graph":[{"@type":"WebPage","@id":"https:\/\/theplayoffs.news\/fr\/actualite-nba\/jonathan-kuminga-evoque-sa-relation-avec-steve-kerr-et-le-credite-pour-son-evolution-en-nba\/","url":"https:\/\/theplayoffs.news\/fr\/actualite-nba\/jonathan-kuminga-evoque-sa-relation-avec-steve-kerr-et-le-credite-pour-son-evolution-en-nba\/","name":"Jonathan Kuminga remercie Steve Kerr","isPartOf":{"@id":"https:\/\/theplayoffs.news\/fr\/#website"},"primaryImageOfPage":{"@id":"https:\/\/theplayoffs.news\/fr\/actualite-nba\/jonathan-kuminga-evoque-sa-relation-avec-steve-kerr-et-le-credite-pour-son-evolution-en-nba\/#primaryimage"},"image":{"@id":"https:\/\/theplayoffs.news\/fr\/actualite-nba\/jonathan-kuminga-evoque-sa-relation-avec-steve-kerr-et-le-credite-pour-son-evolution-en-nba\/#primaryimage"},"thumbnailUrl":"https:\/\/theplayoffs.news\/fr\/wp-content\/uploads\/2025\/05\/USATSI_26179944.jpg","datePublished":"2025-05-16T10:41:36+00:00","dateModified":"2025-05-16T10:41:42+00:00","author":{"@id":"https:\/\/theplayoffs.news\/fr\/#\/schema\/person\/bb40426f4e478f9bd8cdbfeb4f2f9784"},"description":"Alors que son avenir reste flou, Jonathan Kuminga \u00e9voque sa relation avec Steve Kerr et le cr\u00e9dite pour son \u00e9volution en NBA.","breadcrumb":{"@id":"https:\/\/theplayoffs.news\/fr\/actualite-nba\/jonathan-kuminga-evoque-sa-relation-avec-steve-kerr-et-le-credite-pour-son-evolution-en-nba\/#breadcrumb"},"inLanguage":"fr-FR","potentialAction":[{"@type":"ReadAction","target":["https:\/\/theplayoffs.news\/fr\/actualite-nba\/jonathan-kuminga-evoque-sa-relation-avec-steve-kerr-et-le-credite-pour-son-evolution-en-nba\/"]}]},{"@type":"ImageObject","inLanguage":"fr-FR","@id":"https:\/\/theplayoffs.news\/fr\/actualite-nba\/jonathan-kuminga-evoque-sa-relation-avec-steve-kerr-et-le-credite-pour-son-evolution-en-nba\/#primaryimage","url":"https:\/\/theplayoffs.news\/fr\/wp-content\/uploads\/2025\/05\/USATSI_26179944.jpg","contentUrl":"https:\/\/theplayoffs.news\/fr\/wp-content\/uploads\/2025\/05\/USATSI_26179944.jpg","width":1920,"height":1280,"caption":"May 14, 2025; Minneapolis, Minnesota, USA; Golden State Warriors forward Jonathan Kuminga (00) looks to pass the ball as Minnesota Timberwolves forward Jaden McDaniels (3) plays defense in the first half during game five of the second round for the 2025 NBA Playoffs at Target Center. Mandatory Credit: Jesse Johnson-Imagn Images"},{"@type":"BreadcrumbList","@id":"https:\/\/theplayoffs.news\/fr\/actualite-nba\/jonathan-kuminga-evoque-sa-relation-avec-steve-kerr-et-le-credite-pour-son-evolution-en-nba\/#breadcrumb","itemListElement":[{"@type":"ListItem","position":1,"name":"Accueil","item":"https:\/\/theplayoffs.news\/fr\/"},{"@type":"ListItem","position":2,"name":"Jonathan Kuminga \u00e9voque sa relation avec Steve Kerr et le cr\u00e9dite pour son \u00e9volution en NBA"}]},{"@type":"WebSite","@id":"https:\/\/theplayoffs.news\/fr\/#website","url":"https:\/\/theplayoffs.news\/fr\/","name":"The Playoffs FR","description":"NBA-NFL-NHL-MLB","potentialAction":[{"@type":"SearchAction","target":{"@type":"EntryPoint","urlTemplate":"https:\/\/theplayoffs.news\/fr\/?s={search_term_string}"},"query-input":{"@type":"PropertyValueSpecification","valueRequired":true,"valueName":"search_term_string"}}],"inLanguage":"fr-FR"},{"@type":"Person","@id":"https:\/\/theplayoffs.news\/fr\/#\/schema\/person\/bb40426f4e478f9bd8cdbfeb4f2f9784","name":"La r\u00e9daction","image":{"@type":"ImageObject","inLanguage":"fr-FR","@id":"https:\/\/theplayoffs.news\/fr\/#\/schema\/person\/image\/","url":"https:\/\/secure.gravatar.com\/avatar\/7e69b41460ab2c17d61c8c364b6a0ee006f957a70191383ef42be1f4733d6515?s=96&d=mm&r=g","contentUrl":"https:\/\/secure.gravatar.com\/avatar\/7e69b41460ab2c17d61c8c364b6a0ee006f957a70191383ef42be1f4733d6515?s=96&d=mm&r=g","caption":"La r\u00e9daction"},"description":"On dit qu\\'il faut un village pour s\\'occuper d\\'un enfant. Et bien c\\'est exactement ce dont il s\\'agit ici pour The Playoffs. La r\u00e9daction, ce sont vos r\u00e9dacteurs pr\u00e9f\u00e9r\u00e9s qui collaborent sur ces articles que vous lisez au quotidien.\u00a0","url":"https:\/\/theplayoffs.news\/fr\/author\/freeagentfr\/"}]}},"_links":{"self":[{"href":"https:\/\/theplayoffs.news\/fr\/wp-json\/wp\/v2\/posts\/1491687","targetHints":{"allow":["GET"]}}],"collection":[{"href":"https:\/\/theplayoffs.news\/fr\/wp-json\/wp\/v2\/posts"}],"about":[{"href":"https:\/\/theplayoffs.news\/fr\/wp-json\/wp\/v2\/types\/post"}],"author":[{"embeddable":true,"href":"https:\/\/theplayoffs.news\/fr\/wp-json\/wp\/v2\/users\/180309799"}],"replies":[{"embeddable":true,"href":"https:\/\/theplayoffs.news\/fr\/wp-json\/wp\/v2\/comments?post=1491687"}],"version-history":[{"count":2,"href":"https:\/\/theplayoffs.news\/fr\/wp-json\/wp\/v2\/posts\/1491687\/revisions"}],"predecessor-version":[{"id":1491690,"href":"https:\/\/theplayoffs.news\/fr\/wp-json\/wp\/v2\/posts\/1491687\/revisions\/1491690"}],"wp:featuredmedia":[{"embeddable":true,"href":"https:\/\/theplayoffs.news\/fr\/wp-json\/wp\/v2\/media\/1491688"}],"wp:attachment":[{"href":"https:\/\/theplayoffs.news\/fr\/wp-json\/wp\/v2\/media?parent=1491687"}],"wp:term":[{"taxonomy":"category","embeddable":true,"href":"https:\/\/theplayoffs.news\/fr\/wp-json\/wp\/v2\/categories?post=1491687"},{"taxonomy":"post_tag","embeddable":true,"href":"https:\/\/theplayoffs.news\/fr\/wp-json\/wp\/v2\/tags?post=1491687"},{"taxonomy":"sport","embeddable":true,"href":"https:\/\/theplayoffs.news\/fr\/wp-json\/wp\/v2\/sport?post=1491687"},{"taxonomy":"saison","embeddable":true,"href":"https:\/\/theplayoffs.news\/fr\/wp-json\/wp\/v2\/saison?post=1491687"}],"curies":[{"name":"wp","href":"https:\/\/api.w.org\/{rel}","templated":true}]}}